{"id":193492,"date":"2025-07-28T16:34:50","date_gmt":"2025-07-28T19:34:50","guid":{"rendered":"https:\/\/radioinfinitagoya.com.ar\/v1\/?p=193492"},"modified":"2025-07-28T16:34:50","modified_gmt":"2025-07-28T19:34:50","slug":"vacaciones-de-invierno-exitosas","status":"publish","type":"post","link":"https:\/\/radioinfinitagoya.com.ar\/v1\/2025\/07\/28\/vacaciones-de-invierno-exitosas\/","title":{"rendered":"Vacaciones de invierno exitosas"},"content":{"rendered":"<p>Corrientes con 75% de ocupaci\u00f3n y fuerte flujo tur\u00edstico<\/p>\n<p>La segunda semana del receso invernal dej\u00f3 cifras muy positivas para el turismo correntino. Cu\u00e1les fueron los destinos clave.<\/p>\n<p>La provincia de Corrientes experiment\u00f3 una destacada segunda semana de vacaciones de invierno, con un significativo movimiento tur\u00edstico que se reflej\u00f3 en los altos niveles de ocupaci\u00f3n registrados en diversos destinos. El promedio provincial de ocupaci\u00f3n alcanz\u00f3 un notable 75%.<\/p>\n<p>Entre el lunes 21 y el domingo 27 de julio, varias localidades superaron el 80% de ocupaci\u00f3n, especialmente durante los d\u00edas de semana. Se destacan Colonia Carlos Pellegrini (96%), Concepci\u00f3n del Yaguaret\u00e9 Cor\u00e1 (84%), San Miguel (83%) y Gobernador Virasoro (75%).<\/p>\n<p>El fin de semana del 25 al 27 de julio mantuvo la tendencia positiva, con altos porcentajes en Bella Vista (95%), San Miguel (85%) y Concepci\u00f3n (83%).<\/p>\n<p>El corredor tur\u00edstico \u201cGran Corrientes\u201d \u2013que abarca la Capital y localidades cercanas como Paso de la Patria, Itat\u00ed y Empedrado\u2013 tambi\u00e9n mostr\u00f3 un movimiento considerable, alcanzando hasta el 48% de ocupaci\u00f3n en la ciudad de Corrientes durante el fin de semana.<\/p>\n<p>Turismo diversificado y visitantes de todo el mundo<br \/>\nLos principales motivos de viaje identificados fueron el turismo vacacional, pero tambi\u00e9n se destacaron el ecoturismo, el turismo hist\u00f3rico-cultural, la pesca deportiva y la participaci\u00f3n en eventos particulares y sociales. La estad\u00eda promedio de los turistas fue de 3 a 4 noches, lo que consolida la tendencia a la pernoctaci\u00f3n extendida en la provincia.<\/p>\n<p>En cuanto a la procedencia de los visitantes, la mayor\u00eda lleg\u00f3 desde las provincias de Buenos Aires, Chaco, Santa Fe, C\u00f3rdoba y Entre R\u00edos. Adem\u00e1s, se registr\u00f3 la llegada de turistas internacionales provenientes de Paraguay, Brasil, Italia y Espa\u00f1a, lo que evidencia el creciente posicionamiento de Corrientes como un destino de inter\u00e9s tanto a nivel nacional como global.<\/p>\n<p>Los corredores tur\u00edsticos con mejor desempe\u00f1o fueron la regi\u00f3n Esteros del Iber\u00e1, con un promedio de ocupaci\u00f3n del 82%; la regi\u00f3n Solar de las Huellas (78%); el corredor Jesu\u00edtico Guaran\u00ed (61%) y el corredor Paran\u00e1 Sur (57%). Estas cifras reflejan el impacto positivo de las estrategias de promoci\u00f3n tur\u00edstica y la valorizaci\u00f3n de los atractivos naturales, culturales y gastron\u00f3micos de Corrientes.<\/p>\n<p>Balance &#8220;altamente positivo&#8221; para el sector<\/p>\n<p>Al respecto, la ministra de Turismo Alejandra Eliciri manifest\u00f3: &#8220;El balance es altamente positivo. Estos datos del Observatorio Tur\u00edstico no solo confirman el inter\u00e9s que despierta Corrientes como destino de invierno, sino tambi\u00e9n la consolidaci\u00f3n de circuitos emergentes y la diversificaci\u00f3n de la oferta tur\u00edstica en todo el territorio provincial&#8221;.<\/p>\n<p>El movimiento tur\u00edstico sostenido durante estas vacaciones de invierno fortalece la econom\u00eda local, dinamiza los servicios tur\u00edsticos y renueva el compromiso del sector p\u00fablico y privado por seguir posicionando a Corrientes como un destino de excelencia durante todo el a\u00f1o.<\/p>\n","protected":false},"excerpt":{"rendered":"<p>Corrientes con 75% de ocupaci\u00f3n y fuerte flujo tur\u00edstico La segunda semana del receso invernal dej\u00f3 cifras muy positivas para el turismo correntino. Cu\u00e1les fueron los destinos clave. La provincia de Corrientes experiment\u00f3 una destacada segunda semana de vacaciones de invierno, con un significativo movimiento tur\u00edstico que se reflej\u00f3 en los altos niveles de ocupaci\u00f3n [&hellip;]<\/p>\n","protected":false},"author":4,"featured_media":193493,"comment_status":"closed","ping_status":"closed","sticky":false,"template":"","format":"standard","meta":{"_joinchat":[],"footnotes":""},"categories":[26],"tags":[],"class_list":{"0":"post-193492","1":"post","2":"type-post","3":"status-publish","4":"format-standard","5":"has-post-thumbnail","7":"category-provinciales"},"yoast_head":"<!-- This site is optimized with the Yoast SEO plugin v27.2 - https:\/\/yoast.com\/product\/yoast-seo-wordpress\/ -->\n<title>Vacaciones de invierno exitosas - Radio Infinita Goya<\/title>\n<meta name=\"description\" content=\"Corrientes con 75% de ocupaci\u00f3n y fuerte flujo tur\u00edstico La segunda semana del receso invernal dej\u00f3 cifras muy positivas para el turismo correntino.\" \/>\n<meta name=\"robots\" content=\"index, follow, max-snippet:-1, max-image-preview:large, max-video-preview:-1\" \/>\n<link rel=\"canonical\" href=\"https:\/\/radioinfinitagoya.com.ar\/v1\/2025\/07\/28\/vacaciones-de-invierno-exitosas\/\" \/>\n<meta property=\"og:locale\" content=\"es_ES\" \/>\n<meta property=\"og:type\" content=\"article\" \/>\n<meta property=\"og:title\" content=\"Vacaciones de invierno exitosas - Radio Infinita Goya\" \/>\n<meta property=\"og:description\" content=\"Corrientes con 75% de ocupaci\u00f3n y fuerte flujo tur\u00edstico La segunda semana del receso invernal dej\u00f3 cifras muy positivas para el turismo correntino.\" \/>\n<meta property=\"og:url\" content=\"https:\/\/radioinfinitagoya.com.ar\/v1\/2025\/07\/28\/vacaciones-de-invierno-exitosas\/\" \/>\n<meta property=\"og:site_name\" content=\"Radio Infinita Goya\" \/>\n<meta property=\"article:publisher\" content=\"https:\/\/www.facebook.com\/p\/Infinita-Goya-100063870918311\/\" \/>\n<meta property=\"article:published_time\" content=\"2025-07-28T19:34:50+00:00\" \/>\n<meta property=\"og:image\" content=\"https:\/\/radioinfinitagoya.com.ar\/v1\/wp-content\/uploads\/2025\/07\/N6jNmWhk.jpg\" \/>\n\t<meta property=\"og:image:width\" content=\"600\" \/>\n\t<meta property=\"og:image:height\" content=\"450\" \/>\n\t<meta property=\"og:image:type\" content=\"image\/jpeg\" \/>\n<meta name=\"author\" content=\"Jorge Mi\u00f1o\" \/>\n<meta name=\"twitter:card\" content=\"summary_large_image\" \/>\n<meta name=\"twitter:label1\" content=\"Escrito por\" \/>\n\t<meta name=\"twitter:data1\" content=\"Jorge Mi\u00f1o\" \/>\n\t<meta name=\"twitter:label2\" content=\"Tiempo de lectura\" \/>\n\t<meta name=\"twitter:data2\" content=\"3 minutos\" \/>\n<script type=\"application\/ld+json\" class=\"yoast-schema-graph\">{\"@context\":\"https:\/\/schema.org\",\"@graph\":[{\"@type\":\"Article\",\"@id\":\"https:\/\/radioinfinitagoya.com.ar\/v1\/2025\/07\/28\/vacaciones-de-invierno-exitosas\/#article\",\"isPartOf\":{\"@id\":\"https:\/\/radioinfinitagoya.com.ar\/v1\/2025\/07\/28\/vacaciones-de-invierno-exitosas\/\"},\"author\":{\"name\":\"Jorge Mi\u00f1o\",\"@id\":\"https:\/\/radioinfinitagoya.com.ar\/v1\/#\/schema\/person\/d4cf9c413d4f6edb24aabdccab49ca4a\"},\"headline\":\"Vacaciones de invierno exitosas\",\"datePublished\":\"2025-07-28T19:34:50+00:00\",\"mainEntityOfPage\":{\"@id\":\"https:\/\/radioinfinitagoya.com.ar\/v1\/2025\/07\/28\/vacaciones-de-invierno-exitosas\/\"},\"wordCount\":482,\"publisher\":{\"@id\":\"https:\/\/radioinfinitagoya.com.ar\/v1\/#organization\"},\"image\":{\"@id\":\"https:\/\/radioinfinitagoya.com.ar\/v1\/2025\/07\/28\/vacaciones-de-invierno-exitosas\/#primaryimage\"},\"thumbnailUrl\":\"https:\/\/radioinfinitagoya.com.ar\/v1\/wp-content\/uploads\/2025\/07\/N6jNmWhk.jpg\",\"articleSection\":[\"PROVINCIALES\"],\"inLanguage\":\"es-AR\"},{\"@type\":\"WebPage\",\"@id\":\"https:\/\/radioinfinitagoya.com.ar\/v1\/2025\/07\/28\/vacaciones-de-invierno-exitosas\/\",\"url\":\"https:\/\/radioinfinitagoya.com.ar\/v1\/2025\/07\/28\/vacaciones-de-invierno-exitosas\/\",\"name\":\"Vacaciones de invierno exitosas - Radio Infinita Goya\",\"isPartOf\":{\"@id\":\"https:\/\/radioinfinitagoya.com.ar\/v1\/#website\"},\"primaryImageOfPage\":{\"@id\":\"https:\/\/radioinfinitagoya.com.ar\/v1\/2025\/07\/28\/vacaciones-de-invierno-exitosas\/#primaryimage\"},\"image\":{\"@id\":\"https:\/\/radioinfinitagoya.com.ar\/v1\/2025\/07\/28\/vacaciones-de-invierno-exitosas\/#primaryimage\"},\"thumbnailUrl\":\"https:\/\/radioinfinitagoya.com.ar\/v1\/wp-content\/uploads\/2025\/07\/N6jNmWhk.jpg\",\"datePublished\":\"2025-07-28T19:34:50+00:00\",\"description\":\"Corrientes con 75% de ocupaci\u00f3n y fuerte flujo tur\u00edstico La segunda semana del receso invernal dej\u00f3 cifras muy positivas para el turismo correntino.\",\"breadcrumb\":{\"@id\":\"https:\/\/radioinfinitagoya.com.ar\/v1\/2025\/07\/28\/vacaciones-de-invierno-exitosas\/#breadcrumb\"},\"inLanguage\":\"es-AR\",\"potentialAction\":[{\"@type\":\"ReadAction\",\"target\":[\"https:\/\/radioinfinitagoya.com.ar\/v1\/2025\/07\/28\/vacaciones-de-invierno-exitosas\/\"]}]},{\"@type\":\"ImageObject\",\"inLanguage\":\"es-AR\",\"@id\":\"https:\/\/radioinfinitagoya.com.ar\/v1\/2025\/07\/28\/vacaciones-de-invierno-exitosas\/#primaryimage\",\"url\":\"https:\/\/radioinfinitagoya.com.ar\/v1\/wp-content\/uploads\/2025\/07\/N6jNmWhk.jpg\",\"contentUrl\":\"https:\/\/radioinfinitagoya.com.ar\/v1\/wp-content\/uploads\/2025\/07\/N6jNmWhk.jpg\",\"width\":600,\"height\":450},{\"@type\":\"BreadcrumbList\",\"@id\":\"https:\/\/radioinfinitagoya.com.ar\/v1\/2025\/07\/28\/vacaciones-de-invierno-exitosas\/#breadcrumb\",\"itemListElement\":[{\"@type\":\"ListItem\",\"position\":1,\"name\":\"Inicio\",\"item\":\"https:\/\/radioinfinitagoya.com.ar\/v1\/\"},{\"@type\":\"ListItem\",\"position\":2,\"name\":\"Vacaciones de invierno exitosas\"}]},{\"@type\":\"WebSite\",\"@id\":\"https:\/\/radioinfinitagoya.com.ar\/v1\/#website\",\"url\":\"https:\/\/radioinfinitagoya.com.ar\/v1\/\",\"name\":\"radioinfinitagoya.com.ar\",\"description\":\"Radio de noticias\",\"publisher\":{\"@id\":\"https:\/\/radioinfinitagoya.com.ar\/v1\/#organization\"},\"potentialAction\":[{\"@type\":\"SearchAction\",\"target\":{\"@type\":\"EntryPoint\",\"urlTemplate\":\"https:\/\/radioinfinitagoya.com.ar\/v1\/?s={search_term_string}\"},\"query-input\":{\"@type\":\"PropertyValueSpecification\",\"valueRequired\":true,\"valueName\":\"search_term_string\"}}],\"inLanguage\":\"es-AR\"},{\"@type\":\"Organization\",\"@id\":\"https:\/\/radioinfinitagoya.com.ar\/v1\/#organization\",\"name\":\"Radio Infinita Goya\",\"url\":\"https:\/\/radioinfinitagoya.com.ar\/v1\/\",\"logo\":{\"@type\":\"ImageObject\",\"inLanguage\":\"es-AR\",\"@id\":\"https:\/\/radioinfinitagoya.com.ar\/v1\/#\/schema\/logo\/image\/\",\"url\":\"https:\/\/radioinfinitagoya.com.ar\/v1\/wp-content\/uploads\/2019\/11\/logo-pie-web.png\",\"contentUrl\":\"https:\/\/radioinfinitagoya.com.ar\/v1\/wp-content\/uploads\/2019\/11\/logo-pie-web.png\",\"width\":635,\"height\":326,\"caption\":\"Radio Infinita Goya\"},\"image\":{\"@id\":\"https:\/\/radioinfinitagoya.com.ar\/v1\/#\/schema\/logo\/image\/\"},\"sameAs\":[\"https:\/\/www.facebook.com\/p\/Infinita-Goya-100063870918311\/\"]},{\"@type\":\"Person\",\"@id\":\"https:\/\/radioinfinitagoya.com.ar\/v1\/#\/schema\/person\/d4cf9c413d4f6edb24aabdccab49ca4a\",\"name\":\"Jorge Mi\u00f1o\",\"image\":{\"@type\":\"ImageObject\",\"inLanguage\":\"es-AR\",\"@id\":\"https:\/\/secure.gravatar.com\/avatar\/910fcf6728fe95320e07a6643c1581fec1c7fc4bf8ae12e3d8f0d0373dc844be?s=96&d=mm&r=g\",\"url\":\"https:\/\/secure.gravatar.com\/avatar\/910fcf6728fe95320e07a6643c1581fec1c7fc4bf8ae12e3d8f0d0373dc844be?s=96&d=mm&r=g\",\"contentUrl\":\"https:\/\/secure.gravatar.com\/avatar\/910fcf6728fe95320e07a6643c1581fec1c7fc4bf8ae12e3d8f0d0373dc844be?s=96&d=mm&r=g\",\"caption\":\"Jorge Mi\u00f1o\"},\"sameAs\":[\"http:\/\/radioinfinitagoya.com.ar\"]}]}<\/script>\n<!-- \/ Yoast SEO plugin. -->","yoast_head_json":{"title":"Vacaciones de invierno exitosas - Radio Infinita Goya","description":"Corrientes con 75% de ocupaci\u00f3n y fuerte flujo tur\u00edstico La segunda semana del receso invernal dej\u00f3 cifras muy positivas para el turismo correntino.","robots":{"index":"index","follow":"follow","max-snippet":"max-snippet:-1","max-image-preview":"max-image-preview:large","max-video-preview":"max-video-preview:-1"},"canonical":"https:\/\/radioinfinitagoya.com.ar\/v1\/2025\/07\/28\/vacaciones-de-invierno-exitosas\/","og_locale":"es_ES","og_type":"article","og_title":"Vacaciones de invierno exitosas - Radio Infinita Goya","og_description":"Corrientes con 75% de ocupaci\u00f3n y fuerte flujo tur\u00edstico La segunda semana del receso invernal dej\u00f3 cifras muy positivas para el turismo correntino.","og_url":"https:\/\/radioinfinitagoya.com.ar\/v1\/2025\/07\/28\/vacaciones-de-invierno-exitosas\/","og_site_name":"Radio Infinita Goya","article_publisher":"https:\/\/www.facebook.com\/p\/Infinita-Goya-100063870918311\/","article_published_time":"2025-07-28T19:34:50+00:00","og_image":[{"width":600,"height":450,"url":"https:\/\/radioinfinitagoya.com.ar\/v1\/wp-content\/uploads\/2025\/07\/N6jNmWhk.jpg","type":"image\/jpeg"}],"author":"Jorge Mi\u00f1o","twitter_card":"summary_large_image","twitter_misc":{"Escrito por":"Jorge Mi\u00f1o","Tiempo de lectura":"3 minutos"},"schema":{"@context":"https:\/\/schema.org","@graph":[{"@type":"Article","@id":"https:\/\/radioinfinitagoya.com.ar\/v1\/2025\/07\/28\/vacaciones-de-invierno-exitosas\/#article","isPartOf":{"@id":"https:\/\/radioinfinitagoya.com.ar\/v1\/2025\/07\/28\/vacaciones-de-invierno-exitosas\/"},"author":{"name":"Jorge Mi\u00f1o","@id":"https:\/\/radioinfinitagoya.com.ar\/v1\/#\/schema\/person\/d4cf9c413d4f6edb24aabdccab49ca4a"},"headline":"Vacaciones de invierno exitosas","datePublished":"2025-07-28T19:34:50+00:00","mainEntityOfPage":{"@id":"https:\/\/radioinfinitagoya.com.ar\/v1\/2025\/07\/28\/vacaciones-de-invierno-exitosas\/"},"wordCount":482,"publisher":{"@id":"https:\/\/radioinfinitagoya.com.ar\/v1\/#organization"},"image":{"@id":"https:\/\/radioinfinitagoya.com.ar\/v1\/2025\/07\/28\/vacaciones-de-invierno-exitosas\/#primaryimage"},"thumbnailUrl":"https:\/\/radioinfinitagoya.com.ar\/v1\/wp-content\/uploads\/2025\/07\/N6jNmWhk.jpg","articleSection":["PROVINCIALES"],"inLanguage":"es-AR"},{"@type":"WebPage","@id":"https:\/\/radioinfinitagoya.com.ar\/v1\/2025\/07\/28\/vacaciones-de-invierno-exitosas\/","url":"https:\/\/radioinfinitagoya.com.ar\/v1\/2025\/07\/28\/vacaciones-de-invierno-exitosas\/","name":"Vacaciones de invierno exitosas - Radio Infinita Goya","isPartOf":{"@id":"https:\/\/radioinfinitagoya.com.ar\/v1\/#website"},"primaryImageOfPage":{"@id":"https:\/\/radioinfinitagoya.com.ar\/v1\/2025\/07\/28\/vacaciones-de-invierno-exitosas\/#primaryimage"},"image":{"@id":"https:\/\/radioinfinitagoya.com.ar\/v1\/2025\/07\/28\/vacaciones-de-invierno-exitosas\/#primaryimage"},"thumbnailUrl":"https:\/\/radioinfinitagoya.com.ar\/v1\/wp-content\/uploads\/2025\/07\/N6jNmWhk.jpg","datePublished":"2025-07-28T19:34:50+00:00","description":"Corrientes con 75% de ocupaci\u00f3n y fuerte flujo tur\u00edstico La segunda semana del receso invernal dej\u00f3 cifras muy positivas para el turismo correntino.","breadcrumb":{"@id":"https:\/\/radioinfinitagoya.com.ar\/v1\/2025\/07\/28\/vacaciones-de-invierno-exitosas\/#breadcrumb"},"inLanguage":"es-AR","potentialAction":[{"@type":"ReadAction","target":["https:\/\/radioinfinitagoya.com.ar\/v1\/2025\/07\/28\/vacaciones-de-invierno-exitosas\/"]}]},{"@type":"ImageObject","inLanguage":"es-AR","@id":"https:\/\/radioinfinitagoya.com.ar\/v1\/2025\/07\/28\/vacaciones-de-invierno-exitosas\/#primaryimage","url":"https:\/\/radioinfinitagoya.com.ar\/v1\/wp-content\/uploads\/2025\/07\/N6jNmWhk.jpg","contentUrl":"https:\/\/radioinfinitagoya.com.ar\/v1\/wp-content\/uploads\/2025\/07\/N6jNmWhk.jpg","width":600,"height":450},{"@type":"BreadcrumbList","@id":"https:\/\/radioinfinitagoya.com.ar\/v1\/2025\/07\/28\/vacaciones-de-invierno-exitosas\/#breadcrumb","itemListElement":[{"@type":"ListItem","position":1,"name":"Inicio","item":"https:\/\/radioinfinitagoya.com.ar\/v1\/"},{"@type":"ListItem","position":2,"name":"Vacaciones de invierno exitosas"}]},{"@type":"WebSite","@id":"https:\/\/radioinfinitagoya.com.ar\/v1\/#website","url":"https:\/\/radioinfinitagoya.com.ar\/v1\/","name":"radioinfinitagoya.com.ar","description":"Radio de noticias","publisher":{"@id":"https:\/\/radioinfinitagoya.com.ar\/v1\/#organization"},"potentialAction":[{"@type":"SearchAction","target":{"@type":"EntryPoint","urlTemplate":"https:\/\/radioinfinitagoya.com.ar\/v1\/?s={search_term_string}"},"query-input":{"@type":"PropertyValueSpecification","valueRequired":true,"valueName":"search_term_string"}}],"inLanguage":"es-AR"},{"@type":"Organization","@id":"https:\/\/radioinfinitagoya.com.ar\/v1\/#organization","name":"Radio Infinita Goya","url":"https:\/\/radioinfinitagoya.com.ar\/v1\/","logo":{"@type":"ImageObject","inLanguage":"es-AR","@id":"https:\/\/radioinfinitagoya.com.ar\/v1\/#\/schema\/logo\/image\/","url":"https:\/\/radioinfinitagoya.com.ar\/v1\/wp-content\/uploads\/2019\/11\/logo-pie-web.png","contentUrl":"https:\/\/radioinfinitagoya.com.ar\/v1\/wp-content\/uploads\/2019\/11\/logo-pie-web.png","width":635,"height":326,"caption":"Radio Infinita Goya"},"image":{"@id":"https:\/\/radioinfinitagoya.com.ar\/v1\/#\/schema\/logo\/image\/"},"sameAs":["https:\/\/www.facebook.com\/p\/Infinita-Goya-100063870918311\/"]},{"@type":"Person","@id":"https:\/\/radioinfinitagoya.com.ar\/v1\/#\/schema\/person\/d4cf9c413d4f6edb24aabdccab49ca4a","name":"Jorge Mi\u00f1o","image":{"@type":"ImageObject","inLanguage":"es-AR","@id":"https:\/\/secure.gravatar.com\/avatar\/910fcf6728fe95320e07a6643c1581fec1c7fc4bf8ae12e3d8f0d0373dc844be?s=96&d=mm&r=g","url":"https:\/\/secure.gravatar.com\/avatar\/910fcf6728fe95320e07a6643c1581fec1c7fc4bf8ae12e3d8f0d0373dc844be?s=96&d=mm&r=g","contentUrl":"https:\/\/secure.gravatar.com\/avatar\/910fcf6728fe95320e07a6643c1581fec1c7fc4bf8ae12e3d8f0d0373dc844be?s=96&d=mm&r=g","caption":"Jorge Mi\u00f1o"},"sameAs":["http:\/\/radioinfinitagoya.com.ar"]}]}},"_links":{"self":[{"href":"https:\/\/radioinfinitagoya.com.ar\/v1\/wp-json\/wp\/v2\/posts\/193492","targetHints":{"allow":["GET"]}}],"collection":[{"href":"https:\/\/radioinfinitagoya.com.ar\/v1\/wp-json\/wp\/v2\/posts"}],"about":[{"href":"https:\/\/radioinfinitagoya.com.ar\/v1\/wp-json\/wp\/v2\/types\/post"}],"author":[{"embeddable":true,"href":"https:\/\/radioinfinitagoya.com.ar\/v1\/wp-json\/wp\/v2\/users\/4"}],"replies":[{"embeddable":true,"href":"https:\/\/radioinfinitagoya.com.ar\/v1\/wp-json\/wp\/v2\/comments?post=193492"}],"version-history":[{"count":0,"href":"https:\/\/radioinfinitagoya.com.ar\/v1\/wp-json\/wp\/v2\/posts\/193492\/revisions"}],"wp:featuredmedia":[{"embeddable":true,"href":"https:\/\/radioinfinitagoya.com.ar\/v1\/wp-json\/wp\/v2\/media\/193493"}],"wp:attachment":[{"href":"https:\/\/radioinfinitagoya.com.ar\/v1\/wp-json\/wp\/v2\/media?parent=193492"}],"wp:term":[{"taxonomy":"category","embeddable":true,"href":"https:\/\/radioinfinitagoya.com.ar\/v1\/wp-json\/wp\/v2\/categories?post=193492"},{"taxonomy":"post_tag","embeddable":true,"href":"https:\/\/radioinfinitagoya.com.ar\/v1\/wp-json\/wp\/v2\/tags?post=193492"}],"curies":[{"name":"wp","href":"https:\/\/api.w.org\/{rel}","templated":true}]}}