{"id":193495,"date":"2025-07-28T16:39:43","date_gmt":"2025-07-28T19:39:43","guid":{"rendered":"https:\/\/radioinfinitagoya.com.ar\/v1\/?p=193495"},"modified":"2025-07-28T16:39:43","modified_gmt":"2025-07-28T19:39:43","slug":"corrientes-lanzo-su-primer-lote-de-aceites-medicinales-a-base-de-cannabis","status":"publish","type":"post","link":"https:\/\/radioinfinitagoya.com.ar\/v1\/2025\/07\/28\/corrientes-lanzo-su-primer-lote-de-aceites-medicinales-a-base-de-cannabis\/","title":{"rendered":"Corrientes lanz\u00f3 su primer lote de aceites medicinales a base de cannabis"},"content":{"rendered":"<p>Gustavo Vald\u00e9s encabez\u00f3 el lanzamiento y destac\u00f3 que: &#8220;Estamos dando el primer paso de una industria que busca garantizar un producto seguro para todos los correntinos\u201d.<\/p>\n<p>El gobernador Gustavo Vald\u00e9s encabez\u00f3 este lunes por la ma\u00f1ana el lanzamiento del primer lote de aceites medicinales a base de cannabis producidos \u00edntegramente en la provincia de Corrientes.<\/p>\n<p>El acto se realiz\u00f3 en el Sal\u00f3n Amarillo de Casa de Gobierno y marc\u00f3 un hito en materia de salud p\u00fablica, desarrollo cient\u00edfico y producci\u00f3n biotecnol\u00f3gica local.<\/p>\n<p>La presentaci\u00f3n oficial representa un avance trascendental en la estrategia provincial que articula salud, ciencia, tecnolog\u00eda y producci\u00f3n sustentable. \u201cLa mayor\u00eda de los diputados en el Congreso decidimos abordar la problem\u00e1tica del cannabis medicinal como una cuesti\u00f3n de salud p\u00fablica. En ese momento no hab\u00eda suficiente investigaci\u00f3n, pero se avanz\u00f3, y hoy tenemos evidencia de que puede ser una soluci\u00f3n real para muchas afecciones\u201d, destac\u00f3 el mandatario.<\/p>\n<p>Durante su discurso, Vald\u00e9s subray\u00f3 la importancia de contar con un producto medicinal controlado y seguro. \u201cNo es f\u00e1cil desarrollar un producto medicinal. Lo que estamos haciendo es erradicar el cultivo domiciliario, que muchas veces genera confusi\u00f3n y favorece el consumo recreativo, algo que no es lo que persigue la ley ni lo que promueve el Estado. Nosotros buscamos garantizar un producto seguro, estable, y con un proceso industrial que permita llevarlo a los hospitales\u201d, explic\u00f3.<\/p>\n<p>El gobernador detall\u00f3 que el aceite de cannabis fue desarrollado con recursos, tecnolog\u00eda y trabajo de correntinos, y que ya cuenta con autorizaci\u00f3n para ser distribuido en la provincia de Corrientes.<\/p>\n<p>&#8220;Ahora vamos a completar todos los tr\u00e1mites necesarios para habilitarlo a nivel nacional y poder comercializarlo. Este es solo el primer paso hacia una industria del cannabis medicinal que promete generar empleo, conocimiento y, sobre todo, salud\u201d, afirm\u00f3.<\/p>\n<p>Adem\u00e1s, Vald\u00e9s asegur\u00f3 que el Estado provincial garantizar\u00e1 el acceso al producto. &#8220;A ning\u00fan correntino le va a faltar un producto seguro para tratarse de las afecciones que lo requieran\u201d, concluy\u00f3.<\/p>\n<p>Un producto, para diversas patolog\u00edas<\/p>\n<p>Tras destacar la importancia de este producto para la medicina de Corrientes, el ministro de Salud P\u00fablica, Ricardo Cardozo, mencion\u00f3 que el mismo fue posible gracias a trabajo articulado con distintas facultades de la Universidad Nacional del Nordeste y otras entidades.<\/p>\n<p>Asimismo, puso de relieve que el aceite medicinal a base de cannabis, otorga la respuesta terap\u00e9utica para hacer frente a diversas patolog\u00edas, entre ellas la epilepsia refractaria, y se\u00f1al\u00f3 que otorga a los profesionales una \u201cnueva herramienta cuando los medicamentos tradicionales son efectivos\u201d.<\/p>\n<p>Seguidamente, Cardozo valor\u00f3 la decisi\u00f3n del gobernador Gustavo Vald\u00e9s de realizar \u201cuna fuerte inversi\u00f3n con recursos propios\u201d para la construcci\u00f3n de un laboratorio especializado en este tema, adem\u00e1s de todo lo relacionado al cultivo, la producci\u00f3n y a la cadena de distribuci\u00f3n.<\/p>\n<p>Culminando, Cardozo asegur\u00f3 que la fiscalizaci\u00f3n sanitaria del ministerio a su cargo va a garantizar la presencia de los productos medicinales en todos los hospitales de la provincia.<\/p>\n<p>El f\u00e1rmaco en el vadem\u00e9cum provincial<\/p>\n<p>A la hora de detallar la implementaci\u00f3n del nuevo f\u00e1rmaco, Mario Rodr\u00edguez, a cargo de la direcci\u00f3n general de Gesti\u00f3n Hospitalaria, explic\u00f3 que la dispensa de este producto \u201cse va a realizar bajo receta m\u00e9dica simple, para todas las personas que tengan cobertura de salud p\u00fablica exclusiva. Se va a distribuir a trav\u00e9s de la droguer\u00eda central del ministerio de Salud P\u00fablica y va a estar disponible en todos los hospitales de la provincia\u201d, anunci\u00f3.<\/p>\n<p>A la vez, destac\u00f3 que se sumar\u00e1 \u201cal vadem\u00e9cum terap\u00e9utico provincial, como pol\u00edtica de medicamentos de este gobierno. Esto nos da a la poblaci\u00f3n tres cosas: accesibilidad, disponibilidad de los medicamentos y nos garantiza una equidad en la salud de calidad\u201d, destac\u00f3 el referente.<\/p>\n<p>Por otra parte, Rodr\u00edguez record\u00f3 que, a trav\u00e9s de diferentes procedimientos, se obtienen dos productos cannabinoides, con diferentes acciones farmacol\u00f3gicas. \u201cEl CBD y el THC, que tiene un mayor componente psicoactivo\u201d, apunt\u00f3.<\/p>\n<p>En ese sentido, detall\u00f3 que \u201cCa\u00e1 Cannabis es un aceite que se encuentra dentro de la categor\u00eda de producto vegetal, a base de planta de cannabis, y sus derivados para su utilizaci\u00f3n en la medicina humana. Tiene una concentraci\u00f3n de CBD del 2,5%, por eso se llama de espectro completo. Es decir que mantiene toda la gama de principios activos de la planta. Y es importante resaltar eso, porque da la potencia al aceite medicinal\u201d, sostuvo.<\/p>\n<p>As\u00ed mismo, indic\u00f3 que \u201cexiste evidencia cient\u00edfica robusta a nivel mundial sobre la aplicaci\u00f3n terap\u00e9utica que dan favorable a la patolog\u00eda epilepsia refractaria. A nivel mundial es una patolog\u00eda neurol\u00f3gica con una alta prevalencia, casi al 1% de la poblaci\u00f3n mundial, y el 30% de estos pacientes generan una refracteriedad al tratamiento o resistencia a f\u00e1rmacos\u201d, describi\u00f3.<\/p>\n<p>Al final, tambi\u00e9n destac\u00f3 que las indicaciones \u201cestar\u00e1n dadas espec\u00edficamente bajo la responsabilidad del m\u00e9dico tratante, y la responsabilidad del control cl\u00ednico y de su seguimiento\u201d.<\/p>\n<p>Un producto de primera calidad<\/p>\n<p>\u201cDetr\u00e1s de este producto que se presenta hay m\u00e1s de tres a\u00f1os de trabajo con un proyecto que fue aprobado por el ministerio de Salud de la Naci\u00f3n\u201d, expres\u00f3 como introducci\u00f3n el ministro de Producci\u00f3n, Claudio Anselmo.<\/p>\n<p>En ese rumbo coment\u00f3 que \u201carrancamos de cero, encontrando las semillas, los materiales locales para hacer el desarrollo y la selecci\u00f3n de las variedades aptas, ya que la planta de cannabis tiene muchos cambios de acuerdo a las condiciones ambientales y sus componentes\u201d.<\/p>\n<p>Y continu\u00f3 relatando: \u201cAs\u00ed trajimos las primeras plantas a las instalaciones del Centro Tecnol\u00f3gico de Producci\u00f3n que fueron adecuadas para construir los invernaderos, con una importante inversi\u00f3n para desarrollar el cultivo\u201d.<\/p>\n<p>Al proseguir con sus palabras, el funcionario provincial inform\u00f3 que \u201choy tenemos probados tres modelos de producci\u00f3n, que van desde los realizado a campo con suplementaci\u00f3n lum\u00ednica y riego, e invernaderos convencionales y de alta tecnolog\u00eda para controlar todas las variables que afectan al desarrollo del cultivo\u201d, todo ello, acot\u00f3, permite \u201cdesarrollar buenas pr\u00e1cticas agr\u00edcolas y disponer de un producto de primera calidad\u201d.<\/p>\n<p>Al referirse a la capacidad productiva, Anselmo precis\u00f3 que la misma es actualmente de 2.500 plantas, con una cosecha que se puede desplegar pr\u00e1cticamente todos los meses del a\u00f1o, asegurando el abastecimiento de flores de primera calidad, con gen\u00e9tica controlada.<\/p>\n<p>Anselmo resalt\u00f3 adem\u00e1s la construcci\u00f3n de un laboratorio moderno con todo el equipamiento necesario para obtener un producto de \u201cexcelente calidad, con trazabilidad y seguridad para la utilizaci\u00f3n de los pacientes\u201d.<\/p>\n<p>A la hora de los agradecimientos, Anselmo mencion\u00f3 a organismos como el INTA con qui\u00e9n se suscribi\u00f3 el convenio original de desarrollo del cultivo y cuyo apoyo es clave para poder contar en breve con un manual de cultivo del cannabis en Corrientes, tambi\u00e9n el INTI y a la Universidad Nacional del Nordeste a trav\u00e9s de las facultades de Ciencias Agrarias, Ciencias Exactas, Medicina y Veterinaria.<\/p>\n<p>Para culminar, Anselmo agradeci\u00f3 de manera especial la confianza que el gobernador Gustavo Vald\u00e9s deposit\u00f3 en la cartera a su cargo para llevar adelante este importante proyecto que es realidad.<\/p>\n<p>Marco Regulatorio<\/p>\n<p>La Ley N\u00b0 27.350 establece un marco regulatorio para la investigaci\u00f3n m\u00e9dica y cient\u00edfica del uso medicinal de la planta de aceite de cannabis y sus derivados. La provincia de Corrientes se ha adherido a dicha normativa mediante la Ley N\u00b0 6.457, que permite la incorporaci\u00f3n de derivados de cannabis con fines medicinales y\/o terap\u00e9uticos al Sistema de Salud P\u00fablica.<\/p>\n<p>La Sociedad del Estado para la Producci\u00f3n, Fomento e Investigaci\u00f3n de cannabis medicinal (SEPROF) ha obtenido la habilitaci\u00f3n provincial para operar su laboratorio de &#8220;Caa Cannabis&#8221; y ha sido autorizada para la investigaci\u00f3n y producci\u00f3n de cannabis con fines medicinales.<\/p>\n<p>La Resoluci\u00f3n 781\/2022 del Ministerio de Salud de la Naci\u00f3n regula los &#8220;productos vegetales a base de Cannabis y sus derivados&#8221;, definiendo los requisitos y condiciones de fabricaci\u00f3n y expendio de estos productos.<\/p>\n<p>&nbsp;<\/p>\n","protected":false},"excerpt":{"rendered":"<p>Gustavo Vald\u00e9s encabez\u00f3 el lanzamiento y destac\u00f3 que: &#8220;Estamos dando el primer paso de una industria que busca garantizar un producto seguro para todos los correntinos\u201d. El gobernador Gustavo Vald\u00e9s encabez\u00f3 este lunes por la ma\u00f1ana el lanzamiento del primer lote de aceites medicinales a base de cannabis producidos \u00edntegramente en la provincia de Corrientes. [&hellip;]<\/p>\n","protected":false},"author":4,"featured_media":193496,"comment_status":"closed","ping_status":"closed","sticky":false,"template":"","format":"standard","meta":{"_joinchat":[],"footnotes":""},"categories":[26],"tags":[],"class_list":{"0":"post-193495","1":"post","2":"type-post","3":"status-publish","4":"format-standard","5":"has-post-thumbnail","7":"category-provinciales"},"yoast_head":"<!-- This site is optimized with the Yoast SEO plugin v27.2 - https:\/\/yoast.com\/product\/yoast-seo-wordpress\/ -->\n<title>Corrientes lanz\u00f3 su primer lote de aceites medicinales a base de cannabis - Radio Infinita Goya<\/title>\n<meta name=\"description\" content=\"Gustavo Vald\u00e9s encabez\u00f3 el lanzamiento y destac\u00f3 que: &quot;Estamos dando el primer paso de una industria que busca garantizar un producto seguro para todos\" \/>\n<meta name=\"robots\" content=\"index, follow, max-snippet:-1, max-image-preview:large, max-video-preview:-1\" \/>\n<link rel=\"canonical\" href=\"https:\/\/radioinfinitagoya.com.ar\/v1\/2025\/07\/28\/corrientes-lanzo-su-primer-lote-de-aceites-medicinales-a-base-de-cannabis\/\" \/>\n<meta property=\"og:locale\" content=\"es_ES\" \/>\n<meta property=\"og:type\" content=\"article\" \/>\n<meta property=\"og:title\" content=\"Corrientes lanz\u00f3 su primer lote de aceites medicinales a base de cannabis - Radio Infinita Goya\" \/>\n<meta property=\"og:description\" content=\"Gustavo Vald\u00e9s encabez\u00f3 el lanzamiento y destac\u00f3 que: &quot;Estamos dando el primer paso de una industria que busca garantizar un producto seguro para todos\" \/>\n<meta property=\"og:url\" content=\"https:\/\/radioinfinitagoya.com.ar\/v1\/2025\/07\/28\/corrientes-lanzo-su-primer-lote-de-aceites-medicinales-a-base-de-cannabis\/\" \/>\n<meta property=\"og:site_name\" content=\"Radio Infinita Goya\" \/>\n<meta property=\"article:publisher\" content=\"https:\/\/www.facebook.com\/p\/Infinita-Goya-100063870918311\/\" \/>\n<meta property=\"article:published_time\" content=\"2025-07-28T19:39:43+00:00\" \/>\n<meta property=\"og:image\" content=\"https:\/\/radioinfinitagoya.com.ar\/v1\/wp-content\/uploads\/2025\/07\/1753715546515.webp\" \/>\n\t<meta property=\"og:image:width\" content=\"1200\" \/>\n\t<meta property=\"og:image:height\" content=\"675\" \/>\n\t<meta property=\"og:image:type\" content=\"image\/webp\" \/>\n<meta name=\"author\" content=\"Jorge Mi\u00f1o\" \/>\n<meta name=\"twitter:card\" content=\"summary_large_image\" \/>\n<meta name=\"twitter:label1\" content=\"Escrito por\" \/>\n\t<meta name=\"twitter:data1\" content=\"Jorge Mi\u00f1o\" \/>\n\t<meta name=\"twitter:label2\" content=\"Tiempo de lectura\" \/>\n\t<meta name=\"twitter:data2\" content=\"7 minutos\" \/>\n<script type=\"application\/ld+json\" class=\"yoast-schema-graph\">{\"@context\":\"https:\/\/schema.org\",\"@graph\":[{\"@type\":\"Article\",\"@id\":\"https:\/\/radioinfinitagoya.com.ar\/v1\/2025\/07\/28\/corrientes-lanzo-su-primer-lote-de-aceites-medicinales-a-base-de-cannabis\/#article\",\"isPartOf\":{\"@id\":\"https:\/\/radioinfinitagoya.com.ar\/v1\/2025\/07\/28\/corrientes-lanzo-su-primer-lote-de-aceites-medicinales-a-base-de-cannabis\/\"},\"author\":{\"name\":\"Jorge Mi\u00f1o\",\"@id\":\"https:\/\/radioinfinitagoya.com.ar\/v1\/#\/schema\/person\/d4cf9c413d4f6edb24aabdccab49ca4a\"},\"headline\":\"Corrientes lanz\u00f3 su primer lote de aceites medicinales a base de cannabis\",\"datePublished\":\"2025-07-28T19:39:43+00:00\",\"mainEntityOfPage\":{\"@id\":\"https:\/\/radioinfinitagoya.com.ar\/v1\/2025\/07\/28\/corrientes-lanzo-su-primer-lote-de-aceites-medicinales-a-base-de-cannabis\/\"},\"wordCount\":1403,\"publisher\":{\"@id\":\"https:\/\/radioinfinitagoya.com.ar\/v1\/#organization\"},\"image\":{\"@id\":\"https:\/\/radioinfinitagoya.com.ar\/v1\/2025\/07\/28\/corrientes-lanzo-su-primer-lote-de-aceites-medicinales-a-base-de-cannabis\/#primaryimage\"},\"thumbnailUrl\":\"https:\/\/radioinfinitagoya.com.ar\/v1\/wp-content\/uploads\/2025\/07\/1753715546515.webp\",\"articleSection\":[\"PROVINCIALES\"],\"inLanguage\":\"es-AR\"},{\"@type\":\"WebPage\",\"@id\":\"https:\/\/radioinfinitagoya.com.ar\/v1\/2025\/07\/28\/corrientes-lanzo-su-primer-lote-de-aceites-medicinales-a-base-de-cannabis\/\",\"url\":\"https:\/\/radioinfinitagoya.com.ar\/v1\/2025\/07\/28\/corrientes-lanzo-su-primer-lote-de-aceites-medicinales-a-base-de-cannabis\/\",\"name\":\"Corrientes lanz\u00f3 su primer lote de aceites medicinales a base de cannabis - Radio Infinita Goya\",\"isPartOf\":{\"@id\":\"https:\/\/radioinfinitagoya.com.ar\/v1\/#website\"},\"primaryImageOfPage\":{\"@id\":\"https:\/\/radioinfinitagoya.com.ar\/v1\/2025\/07\/28\/corrientes-lanzo-su-primer-lote-de-aceites-medicinales-a-base-de-cannabis\/#primaryimage\"},\"image\":{\"@id\":\"https:\/\/radioinfinitagoya.com.ar\/v1\/2025\/07\/28\/corrientes-lanzo-su-primer-lote-de-aceites-medicinales-a-base-de-cannabis\/#primaryimage\"},\"thumbnailUrl\":\"https:\/\/radioinfinitagoya.com.ar\/v1\/wp-content\/uploads\/2025\/07\/1753715546515.webp\",\"datePublished\":\"2025-07-28T19:39:43+00:00\",\"description\":\"Gustavo Vald\u00e9s encabez\u00f3 el lanzamiento y destac\u00f3 que: \\\"Estamos dando el primer paso de una industria que busca garantizar un producto seguro para todos\",\"breadcrumb\":{\"@id\":\"https:\/\/radioinfinitagoya.com.ar\/v1\/2025\/07\/28\/corrientes-lanzo-su-primer-lote-de-aceites-medicinales-a-base-de-cannabis\/#breadcrumb\"},\"inLanguage\":\"es-AR\",\"potentialAction\":[{\"@type\":\"ReadAction\",\"target\":[\"https:\/\/radioinfinitagoya.com.ar\/v1\/2025\/07\/28\/corrientes-lanzo-su-primer-lote-de-aceites-medicinales-a-base-de-cannabis\/\"]}]},{\"@type\":\"ImageObject\",\"inLanguage\":\"es-AR\",\"@id\":\"https:\/\/radioinfinitagoya.com.ar\/v1\/2025\/07\/28\/corrientes-lanzo-su-primer-lote-de-aceites-medicinales-a-base-de-cannabis\/#primaryimage\",\"url\":\"https:\/\/radioinfinitagoya.com.ar\/v1\/wp-content\/uploads\/2025\/07\/1753715546515.webp\",\"contentUrl\":\"https:\/\/radioinfinitagoya.com.ar\/v1\/wp-content\/uploads\/2025\/07\/1753715546515.webp\",\"width\":1200,\"height\":675},{\"@type\":\"BreadcrumbList\",\"@id\":\"https:\/\/radioinfinitagoya.com.ar\/v1\/2025\/07\/28\/corrientes-lanzo-su-primer-lote-de-aceites-medicinales-a-base-de-cannabis\/#breadcrumb\",\"itemListElement\":[{\"@type\":\"ListItem\",\"position\":1,\"name\":\"Inicio\",\"item\":\"https:\/\/radioinfinitagoya.com.ar\/v1\/\"},{\"@type\":\"ListItem\",\"position\":2,\"name\":\"Corrientes lanz\u00f3 su primer lote de aceites medicinales a base de cannabis\"}]},{\"@type\":\"WebSite\",\"@id\":\"https:\/\/radioinfinitagoya.com.ar\/v1\/#website\",\"url\":\"https:\/\/radioinfinitagoya.com.ar\/v1\/\",\"name\":\"radioinfinitagoya.com.ar\",\"description\":\"Radio de noticias\",\"publisher\":{\"@id\":\"https:\/\/radioinfinitagoya.com.ar\/v1\/#organization\"},\"potentialAction\":[{\"@type\":\"SearchAction\",\"target\":{\"@type\":\"EntryPoint\",\"urlTemplate\":\"https:\/\/radioinfinitagoya.com.ar\/v1\/?s={search_term_string}\"},\"query-input\":{\"@type\":\"PropertyValueSpecification\",\"valueRequired\":true,\"valueName\":\"search_term_string\"}}],\"inLanguage\":\"es-AR\"},{\"@type\":\"Organization\",\"@id\":\"https:\/\/radioinfinitagoya.com.ar\/v1\/#organization\",\"name\":\"Radio Infinita Goya\",\"url\":\"https:\/\/radioinfinitagoya.com.ar\/v1\/\",\"logo\":{\"@type\":\"ImageObject\",\"inLanguage\":\"es-AR\",\"@id\":\"https:\/\/radioinfinitagoya.com.ar\/v1\/#\/schema\/logo\/image\/\",\"url\":\"https:\/\/radioinfinitagoya.com.ar\/v1\/wp-content\/uploads\/2019\/11\/logo-pie-web.png\",\"contentUrl\":\"https:\/\/radioinfinitagoya.com.ar\/v1\/wp-content\/uploads\/2019\/11\/logo-pie-web.png\",\"width\":635,\"height\":326,\"caption\":\"Radio Infinita Goya\"},\"image\":{\"@id\":\"https:\/\/radioinfinitagoya.com.ar\/v1\/#\/schema\/logo\/image\/\"},\"sameAs\":[\"https:\/\/www.facebook.com\/p\/Infinita-Goya-100063870918311\/\"]},{\"@type\":\"Person\",\"@id\":\"https:\/\/radioinfinitagoya.com.ar\/v1\/#\/schema\/person\/d4cf9c413d4f6edb24aabdccab49ca4a\",\"name\":\"Jorge Mi\u00f1o\",\"image\":{\"@type\":\"ImageObject\",\"inLanguage\":\"es-AR\",\"@id\":\"https:\/\/secure.gravatar.com\/avatar\/910fcf6728fe95320e07a6643c1581fec1c7fc4bf8ae12e3d8f0d0373dc844be?s=96&d=mm&r=g\",\"url\":\"https:\/\/secure.gravatar.com\/avatar\/910fcf6728fe95320e07a6643c1581fec1c7fc4bf8ae12e3d8f0d0373dc844be?s=96&d=mm&r=g\",\"contentUrl\":\"https:\/\/secure.gravatar.com\/avatar\/910fcf6728fe95320e07a6643c1581fec1c7fc4bf8ae12e3d8f0d0373dc844be?s=96&d=mm&r=g\",\"caption\":\"Jorge Mi\u00f1o\"},\"sameAs\":[\"http:\/\/radioinfinitagoya.com.ar\"]}]}<\/script>\n<!-- \/ Yoast SEO plugin. -->","yoast_head_json":{"title":"Corrientes lanz\u00f3 su primer lote de aceites medicinales a base de cannabis - Radio Infinita Goya","description":"Gustavo Vald\u00e9s encabez\u00f3 el lanzamiento y destac\u00f3 que: \"Estamos dando el primer paso de una industria que busca garantizar un producto seguro para todos","robots":{"index":"index","follow":"follow","max-snippet":"max-snippet:-1","max-image-preview":"max-image-preview:large","max-video-preview":"max-video-preview:-1"},"canonical":"https:\/\/radioinfinitagoya.com.ar\/v1\/2025\/07\/28\/corrientes-lanzo-su-primer-lote-de-aceites-medicinales-a-base-de-cannabis\/","og_locale":"es_ES","og_type":"article","og_title":"Corrientes lanz\u00f3 su primer lote de aceites medicinales a base de cannabis - Radio Infinita Goya","og_description":"Gustavo Vald\u00e9s encabez\u00f3 el lanzamiento y destac\u00f3 que: \"Estamos dando el primer paso de una industria que busca garantizar un producto seguro para todos","og_url":"https:\/\/radioinfinitagoya.com.ar\/v1\/2025\/07\/28\/corrientes-lanzo-su-primer-lote-de-aceites-medicinales-a-base-de-cannabis\/","og_site_name":"Radio Infinita Goya","article_publisher":"https:\/\/www.facebook.com\/p\/Infinita-Goya-100063870918311\/","article_published_time":"2025-07-28T19:39:43+00:00","og_image":[{"width":1200,"height":675,"url":"https:\/\/radioinfinitagoya.com.ar\/v1\/wp-content\/uploads\/2025\/07\/1753715546515.webp","type":"image\/webp"}],"author":"Jorge Mi\u00f1o","twitter_card":"summary_large_image","twitter_misc":{"Escrito por":"Jorge Mi\u00f1o","Tiempo de lectura":"7 minutos"},"schema":{"@context":"https:\/\/schema.org","@graph":[{"@type":"Article","@id":"https:\/\/radioinfinitagoya.com.ar\/v1\/2025\/07\/28\/corrientes-lanzo-su-primer-lote-de-aceites-medicinales-a-base-de-cannabis\/#article","isPartOf":{"@id":"https:\/\/radioinfinitagoya.com.ar\/v1\/2025\/07\/28\/corrientes-lanzo-su-primer-lote-de-aceites-medicinales-a-base-de-cannabis\/"},"author":{"name":"Jorge Mi\u00f1o","@id":"https:\/\/radioinfinitagoya.com.ar\/v1\/#\/schema\/person\/d4cf9c413d4f6edb24aabdccab49ca4a"},"headline":"Corrientes lanz\u00f3 su primer lote de aceites medicinales a base de cannabis","datePublished":"2025-07-28T19:39:43+00:00","mainEntityOfPage":{"@id":"https:\/\/radioinfinitagoya.com.ar\/v1\/2025\/07\/28\/corrientes-lanzo-su-primer-lote-de-aceites-medicinales-a-base-de-cannabis\/"},"wordCount":1403,"publisher":{"@id":"https:\/\/radioinfinitagoya.com.ar\/v1\/#organization"},"image":{"@id":"https:\/\/radioinfinitagoya.com.ar\/v1\/2025\/07\/28\/corrientes-lanzo-su-primer-lote-de-aceites-medicinales-a-base-de-cannabis\/#primaryimage"},"thumbnailUrl":"https:\/\/radioinfinitagoya.com.ar\/v1\/wp-content\/uploads\/2025\/07\/1753715546515.webp","articleSection":["PROVINCIALES"],"inLanguage":"es-AR"},{"@type":"WebPage","@id":"https:\/\/radioinfinitagoya.com.ar\/v1\/2025\/07\/28\/corrientes-lanzo-su-primer-lote-de-aceites-medicinales-a-base-de-cannabis\/","url":"https:\/\/radioinfinitagoya.com.ar\/v1\/2025\/07\/28\/corrientes-lanzo-su-primer-lote-de-aceites-medicinales-a-base-de-cannabis\/","name":"Corrientes lanz\u00f3 su primer lote de aceites medicinales a base de cannabis - Radio Infinita Goya","isPartOf":{"@id":"https:\/\/radioinfinitagoya.com.ar\/v1\/#website"},"primaryImageOfPage":{"@id":"https:\/\/radioinfinitagoya.com.ar\/v1\/2025\/07\/28\/corrientes-lanzo-su-primer-lote-de-aceites-medicinales-a-base-de-cannabis\/#primaryimage"},"image":{"@id":"https:\/\/radioinfinitagoya.com.ar\/v1\/2025\/07\/28\/corrientes-lanzo-su-primer-lote-de-aceites-medicinales-a-base-de-cannabis\/#primaryimage"},"thumbnailUrl":"https:\/\/radioinfinitagoya.com.ar\/v1\/wp-content\/uploads\/2025\/07\/1753715546515.webp","datePublished":"2025-07-28T19:39:43+00:00","description":"Gustavo Vald\u00e9s encabez\u00f3 el lanzamiento y destac\u00f3 que: \"Estamos dando el primer paso de una industria que busca garantizar un producto seguro para todos","breadcrumb":{"@id":"https:\/\/radioinfinitagoya.com.ar\/v1\/2025\/07\/28\/corrientes-lanzo-su-primer-lote-de-aceites-medicinales-a-base-de-cannabis\/#breadcrumb"},"inLanguage":"es-AR","potentialAction":[{"@type":"ReadAction","target":["https:\/\/radioinfinitagoya.com.ar\/v1\/2025\/07\/28\/corrientes-lanzo-su-primer-lote-de-aceites-medicinales-a-base-de-cannabis\/"]}]},{"@type":"ImageObject","inLanguage":"es-AR","@id":"https:\/\/radioinfinitagoya.com.ar\/v1\/2025\/07\/28\/corrientes-lanzo-su-primer-lote-de-aceites-medicinales-a-base-de-cannabis\/#primaryimage","url":"https:\/\/radioinfinitagoya.com.ar\/v1\/wp-content\/uploads\/2025\/07\/1753715546515.webp","contentUrl":"https:\/\/radioinfinitagoya.com.ar\/v1\/wp-content\/uploads\/2025\/07\/1753715546515.webp","width":1200,"height":675},{"@type":"BreadcrumbList","@id":"https:\/\/radioinfinitagoya.com.ar\/v1\/2025\/07\/28\/corrientes-lanzo-su-primer-lote-de-aceites-medicinales-a-base-de-cannabis\/#breadcrumb","itemListElement":[{"@type":"ListItem","position":1,"name":"Inicio","item":"https:\/\/radioinfinitagoya.com.ar\/v1\/"},{"@type":"ListItem","position":2,"name":"Corrientes lanz\u00f3 su primer lote de aceites medicinales a base de cannabis"}]},{"@type":"WebSite","@id":"https:\/\/radioinfinitagoya.com.ar\/v1\/#website","url":"https:\/\/radioinfinitagoya.com.ar\/v1\/","name":"radioinfinitagoya.com.ar","description":"Radio de noticias","publisher":{"@id":"https:\/\/radioinfinitagoya.com.ar\/v1\/#organization"},"potentialAction":[{"@type":"SearchAction","target":{"@type":"EntryPoint","urlTemplate":"https:\/\/radioinfinitagoya.com.ar\/v1\/?s={search_term_string}"},"query-input":{"@type":"PropertyValueSpecification","valueRequired":true,"valueName":"search_term_string"}}],"inLanguage":"es-AR"},{"@type":"Organization","@id":"https:\/\/radioinfinitagoya.com.ar\/v1\/#organization","name":"Radio Infinita Goya","url":"https:\/\/radioinfinitagoya.com.ar\/v1\/","logo":{"@type":"ImageObject","inLanguage":"es-AR","@id":"https:\/\/radioinfinitagoya.com.ar\/v1\/#\/schema\/logo\/image\/","url":"https:\/\/radioinfinitagoya.com.ar\/v1\/wp-content\/uploads\/2019\/11\/logo-pie-web.png","contentUrl":"https:\/\/radioinfinitagoya.com.ar\/v1\/wp-content\/uploads\/2019\/11\/logo-pie-web.png","width":635,"height":326,"caption":"Radio Infinita Goya"},"image":{"@id":"https:\/\/radioinfinitagoya.com.ar\/v1\/#\/schema\/logo\/image\/"},"sameAs":["https:\/\/www.facebook.com\/p\/Infinita-Goya-100063870918311\/"]},{"@type":"Person","@id":"https:\/\/radioinfinitagoya.com.ar\/v1\/#\/schema\/person\/d4cf9c413d4f6edb24aabdccab49ca4a","name":"Jorge Mi\u00f1o","image":{"@type":"ImageObject","inLanguage":"es-AR","@id":"https:\/\/secure.gravatar.com\/avatar\/910fcf6728fe95320e07a6643c1581fec1c7fc4bf8ae12e3d8f0d0373dc844be?s=96&d=mm&r=g","url":"https:\/\/secure.gravatar.com\/avatar\/910fcf6728fe95320e07a6643c1581fec1c7fc4bf8ae12e3d8f0d0373dc844be?s=96&d=mm&r=g","contentUrl":"https:\/\/secure.gravatar.com\/avatar\/910fcf6728fe95320e07a6643c1581fec1c7fc4bf8ae12e3d8f0d0373dc844be?s=96&d=mm&r=g","caption":"Jorge Mi\u00f1o"},"sameAs":["http:\/\/radioinfinitagoya.com.ar"]}]}},"_links":{"self":[{"href":"https:\/\/radioinfinitagoya.com.ar\/v1\/wp-json\/wp\/v2\/posts\/193495","targetHints":{"allow":["GET"]}}],"collection":[{"href":"https:\/\/radioinfinitagoya.com.ar\/v1\/wp-json\/wp\/v2\/posts"}],"about":[{"href":"https:\/\/radioinfinitagoya.com.ar\/v1\/wp-json\/wp\/v2\/types\/post"}],"author":[{"embeddable":true,"href":"https:\/\/radioinfinitagoya.com.ar\/v1\/wp-json\/wp\/v2\/users\/4"}],"replies":[{"embeddable":true,"href":"https:\/\/radioinfinitagoya.com.ar\/v1\/wp-json\/wp\/v2\/comments?post=193495"}],"version-history":[{"count":0,"href":"https:\/\/radioinfinitagoya.com.ar\/v1\/wp-json\/wp\/v2\/posts\/193495\/revisions"}],"wp:featuredmedia":[{"embeddable":true,"href":"https:\/\/radioinfinitagoya.com.ar\/v1\/wp-json\/wp\/v2\/media\/193496"}],"wp:attachment":[{"href":"https:\/\/radioinfinitagoya.com.ar\/v1\/wp-json\/wp\/v2\/media?parent=193495"}],"wp:term":[{"taxonomy":"category","embeddable":true,"href":"https:\/\/radioinfinitagoya.com.ar\/v1\/wp-json\/wp\/v2\/categories?post=193495"},{"taxonomy":"post_tag","embeddable":true,"href":"https:\/\/radioinfinitagoya.com.ar\/v1\/wp-json\/wp\/v2\/tags?post=193495"}],"curies":[{"name":"wp","href":"https:\/\/api.w.org\/{rel}","templated":true}]}}