{"id":193519,"date":"2025-07-29T16:33:49","date_gmt":"2025-07-29T19:33:49","guid":{"rendered":"https:\/\/radioinfinitagoya.com.ar\/v1\/?p=193519"},"modified":"2025-07-29T16:33:49","modified_gmt":"2025-07-29T19:33:49","slug":"puente-chaco-corrientes-habra-interrupciones-en-el-transito-por-mantenimiento","status":"publish","type":"post","link":"https:\/\/radioinfinitagoya.com.ar\/v1\/2025\/07\/29\/puente-chaco-corrientes-habra-interrupciones-en-el-transito-por-mantenimiento\/","title":{"rendered":"Puente Chaco-Corrientes: habr\u00e1 interrupciones en el tr\u00e1nsito por mantenimiento"},"content":{"rendered":"<p>Se trata del reemplazo de tres juntas estructurales que tienen m\u00e1s de 50 a\u00f1os de antig\u00fcedad. Desde cu\u00e1ndo regir\u00e1.<\/p>\n<p>El tr\u00e1nsito en el puente General Belgrano ser\u00e1 interrumpido en horarios nocturnos por tareas de mantenimiento ejecutadas por Vialidad Nacional. La intervenci\u00f3n contempla el reemplazo de juntas originales instaladas hace m\u00e1s de 50 a\u00f1os.<\/p>\n<p>El jefe del Distrito Corrientes de Vialidad Nacional, David Moulin, detall\u00f3 que la obra incluir\u00e1 el recambio de tres de las seis juntas Transflex, piezas claves para absorber los movimientos del viaducto: \u201cLo que vamos a realizar es el cambio de seis juntas Transflex que tiene el puente General Belgrano. Son juntas originarias del puente, es decir, que tienen 52 a\u00f1os\u201d.<\/p>\n<p>Las tareas estar\u00e1n a cargo de la firma Gear Logistic, que ya import\u00f3 las piezas desde China. Se prev\u00e9 que los trabajos se realicen entre el 10 y el 14 de agosto, entre las 23:00 y las 6:00, sin corte total de tr\u00e1nsito pero con circulaci\u00f3n reducida a media calzada.<\/p>\n<p>Moulin explic\u00f3 en declaraciones a Radio Libertad que \u201chace muchos a\u00f1os que se vienen realizando parches moment\u00e1neos, que l\u00f3gicamente no cumplen la funci\u00f3n que deben cumplir\u201d, y aclar\u00f3 que las juntas \u201cno son colgantes, como suele creerse, sino que unen dos partes del puente, permitiendo la dilataci\u00f3n\u201d.<\/p>\n<p>&nbsp;<\/p>\n","protected":false},"excerpt":{"rendered":"<p>Se trata del reemplazo de tres juntas estructurales que tienen m\u00e1s de 50 a\u00f1os de antig\u00fcedad. Desde cu\u00e1ndo regir\u00e1. El tr\u00e1nsito en el puente General Belgrano ser\u00e1 interrumpido en horarios nocturnos por tareas de mantenimiento ejecutadas por Vialidad Nacional. La intervenci\u00f3n contempla el reemplazo de juntas originales instaladas hace m\u00e1s de 50 a\u00f1os. El jefe [&hellip;]<\/p>\n","protected":false},"author":4,"featured_media":193520,"comment_status":"closed","ping_status":"closed","sticky":false,"template":"","format":"standard","meta":{"_joinchat":[],"footnotes":""},"categories":[26],"tags":[],"class_list":{"0":"post-193519","1":"post","2":"type-post","3":"status-publish","4":"format-standard","5":"has-post-thumbnail","7":"category-provinciales"},"yoast_head":"<!-- This site is optimized with the Yoast SEO plugin v27.2 - https:\/\/yoast.com\/product\/yoast-seo-wordpress\/ -->\n<title>Puente Chaco-Corrientes: habr\u00e1 interrupciones en el tr\u00e1nsito por mantenimiento - Radio Infinita Goya<\/title>\n<meta name=\"description\" content=\"Se trata del reemplazo de tres juntas estructurales que tienen m\u00e1s de 50 a\u00f1os de antig\u00fcedad. Desde cu\u00e1ndo regir\u00e1. El tr\u00e1nsito en el puente General\" \/>\n<meta name=\"robots\" content=\"index, follow, max-snippet:-1, max-image-preview:large, max-video-preview:-1\" \/>\n<link rel=\"canonical\" href=\"https:\/\/radioinfinitagoya.com.ar\/v1\/2025\/07\/29\/puente-chaco-corrientes-habra-interrupciones-en-el-transito-por-mantenimiento\/\" \/>\n<meta property=\"og:locale\" content=\"es_ES\" \/>\n<meta property=\"og:type\" content=\"article\" \/>\n<meta property=\"og:title\" content=\"Puente Chaco-Corrientes: habr\u00e1 interrupciones en el tr\u00e1nsito por mantenimiento - Radio Infinita Goya\" \/>\n<meta property=\"og:description\" content=\"Se trata del reemplazo de tres juntas estructurales que tienen m\u00e1s de 50 a\u00f1os de antig\u00fcedad. Desde cu\u00e1ndo regir\u00e1. El tr\u00e1nsito en el puente General\" \/>\n<meta property=\"og:url\" content=\"https:\/\/radioinfinitagoya.com.ar\/v1\/2025\/07\/29\/puente-chaco-corrientes-habra-interrupciones-en-el-transito-por-mantenimiento\/\" \/>\n<meta property=\"og:site_name\" content=\"Radio Infinita Goya\" \/>\n<meta property=\"article:publisher\" content=\"https:\/\/www.facebook.com\/p\/Infinita-Goya-100063870918311\/\" \/>\n<meta property=\"article:published_time\" content=\"2025-07-29T19:33:49+00:00\" \/>\n<meta property=\"og:image\" content=\"https:\/\/radioinfinitagoya.com.ar\/v1\/wp-content\/uploads\/2025\/07\/Fl8Y7LzXEAAF9yI.jpg\" \/>\n\t<meta property=\"og:image:width\" content=\"680\" \/>\n\t<meta property=\"og:image:height\" content=\"455\" \/>\n\t<meta property=\"og:image:type\" content=\"image\/jpeg\" \/>\n<meta name=\"author\" content=\"Jorge Mi\u00f1o\" \/>\n<meta name=\"twitter:card\" content=\"summary_large_image\" \/>\n<meta name=\"twitter:label1\" content=\"Escrito por\" \/>\n\t<meta name=\"twitter:data1\" content=\"Jorge Mi\u00f1o\" \/>\n\t<meta name=\"twitter:label2\" content=\"Tiempo de lectura\" \/>\n\t<meta name=\"twitter:data2\" content=\"2 minutos\" \/>\n<script type=\"application\/ld+json\" class=\"yoast-schema-graph\">{\"@context\":\"https:\/\/schema.org\",\"@graph\":[{\"@type\":\"Article\",\"@id\":\"https:\/\/radioinfinitagoya.com.ar\/v1\/2025\/07\/29\/puente-chaco-corrientes-habra-interrupciones-en-el-transito-por-mantenimiento\/#article\",\"isPartOf\":{\"@id\":\"https:\/\/radioinfinitagoya.com.ar\/v1\/2025\/07\/29\/puente-chaco-corrientes-habra-interrupciones-en-el-transito-por-mantenimiento\/\"},\"author\":{\"name\":\"Jorge Mi\u00f1o\",\"@id\":\"https:\/\/radioinfinitagoya.com.ar\/v1\/#\/schema\/person\/d4cf9c413d4f6edb24aabdccab49ca4a\"},\"headline\":\"Puente Chaco-Corrientes: habr\u00e1 interrupciones en el tr\u00e1nsito por mantenimiento\",\"datePublished\":\"2025-07-29T19:33:49+00:00\",\"mainEntityOfPage\":{\"@id\":\"https:\/\/radioinfinitagoya.com.ar\/v1\/2025\/07\/29\/puente-chaco-corrientes-habra-interrupciones-en-el-transito-por-mantenimiento\/\"},\"wordCount\":232,\"publisher\":{\"@id\":\"https:\/\/radioinfinitagoya.com.ar\/v1\/#organization\"},\"image\":{\"@id\":\"https:\/\/radioinfinitagoya.com.ar\/v1\/2025\/07\/29\/puente-chaco-corrientes-habra-interrupciones-en-el-transito-por-mantenimiento\/#primaryimage\"},\"thumbnailUrl\":\"https:\/\/radioinfinitagoya.com.ar\/v1\/wp-content\/uploads\/2025\/07\/Fl8Y7LzXEAAF9yI.jpg\",\"articleSection\":[\"PROVINCIALES\"],\"inLanguage\":\"es-AR\"},{\"@type\":\"WebPage\",\"@id\":\"https:\/\/radioinfinitagoya.com.ar\/v1\/2025\/07\/29\/puente-chaco-corrientes-habra-interrupciones-en-el-transito-por-mantenimiento\/\",\"url\":\"https:\/\/radioinfinitagoya.com.ar\/v1\/2025\/07\/29\/puente-chaco-corrientes-habra-interrupciones-en-el-transito-por-mantenimiento\/\",\"name\":\"Puente Chaco-Corrientes: habr\u00e1 interrupciones en el tr\u00e1nsito por mantenimiento - Radio Infinita Goya\",\"isPartOf\":{\"@id\":\"https:\/\/radioinfinitagoya.com.ar\/v1\/#website\"},\"primaryImageOfPage\":{\"@id\":\"https:\/\/radioinfinitagoya.com.ar\/v1\/2025\/07\/29\/puente-chaco-corrientes-habra-interrupciones-en-el-transito-por-mantenimiento\/#primaryimage\"},\"image\":{\"@id\":\"https:\/\/radioinfinitagoya.com.ar\/v1\/2025\/07\/29\/puente-chaco-corrientes-habra-interrupciones-en-el-transito-por-mantenimiento\/#primaryimage\"},\"thumbnailUrl\":\"https:\/\/radioinfinitagoya.com.ar\/v1\/wp-content\/uploads\/2025\/07\/Fl8Y7LzXEAAF9yI.jpg\",\"datePublished\":\"2025-07-29T19:33:49+00:00\",\"description\":\"Se trata del reemplazo de tres juntas estructurales que tienen m\u00e1s de 50 a\u00f1os de antig\u00fcedad. Desde cu\u00e1ndo regir\u00e1. El tr\u00e1nsito en el puente General\",\"breadcrumb\":{\"@id\":\"https:\/\/radioinfinitagoya.com.ar\/v1\/2025\/07\/29\/puente-chaco-corrientes-habra-interrupciones-en-el-transito-por-mantenimiento\/#breadcrumb\"},\"inLanguage\":\"es-AR\",\"potentialAction\":[{\"@type\":\"ReadAction\",\"target\":[\"https:\/\/radioinfinitagoya.com.ar\/v1\/2025\/07\/29\/puente-chaco-corrientes-habra-interrupciones-en-el-transito-por-mantenimiento\/\"]}]},{\"@type\":\"ImageObject\",\"inLanguage\":\"es-AR\",\"@id\":\"https:\/\/radioinfinitagoya.com.ar\/v1\/2025\/07\/29\/puente-chaco-corrientes-habra-interrupciones-en-el-transito-por-mantenimiento\/#primaryimage\",\"url\":\"https:\/\/radioinfinitagoya.com.ar\/v1\/wp-content\/uploads\/2025\/07\/Fl8Y7LzXEAAF9yI.jpg\",\"contentUrl\":\"https:\/\/radioinfinitagoya.com.ar\/v1\/wp-content\/uploads\/2025\/07\/Fl8Y7LzXEAAF9yI.jpg\",\"width\":680,\"height\":455},{\"@type\":\"BreadcrumbList\",\"@id\":\"https:\/\/radioinfinitagoya.com.ar\/v1\/2025\/07\/29\/puente-chaco-corrientes-habra-interrupciones-en-el-transito-por-mantenimiento\/#breadcrumb\",\"itemListElement\":[{\"@type\":\"ListItem\",\"position\":1,\"name\":\"Inicio\",\"item\":\"https:\/\/radioinfinitagoya.com.ar\/v1\/\"},{\"@type\":\"ListItem\",\"position\":2,\"name\":\"Puente Chaco-Corrientes: habr\u00e1 interrupciones en el tr\u00e1nsito por mantenimiento\"}]},{\"@type\":\"WebSite\",\"@id\":\"https:\/\/radioinfinitagoya.com.ar\/v1\/#website\",\"url\":\"https:\/\/radioinfinitagoya.com.ar\/v1\/\",\"name\":\"radioinfinitagoya.com.ar\",\"description\":\"Radio de noticias\",\"publisher\":{\"@id\":\"https:\/\/radioinfinitagoya.com.ar\/v1\/#organization\"},\"potentialAction\":[{\"@type\":\"SearchAction\",\"target\":{\"@type\":\"EntryPoint\",\"urlTemplate\":\"https:\/\/radioinfinitagoya.com.ar\/v1\/?s={search_term_string}\"},\"query-input\":{\"@type\":\"PropertyValueSpecification\",\"valueRequired\":true,\"valueName\":\"search_term_string\"}}],\"inLanguage\":\"es-AR\"},{\"@type\":\"Organization\",\"@id\":\"https:\/\/radioinfinitagoya.com.ar\/v1\/#organization\",\"name\":\"Radio Infinita Goya\",\"url\":\"https:\/\/radioinfinitagoya.com.ar\/v1\/\",\"logo\":{\"@type\":\"ImageObject\",\"inLanguage\":\"es-AR\",\"@id\":\"https:\/\/radioinfinitagoya.com.ar\/v1\/#\/schema\/logo\/image\/\",\"url\":\"https:\/\/radioinfinitagoya.com.ar\/v1\/wp-content\/uploads\/2019\/11\/logo-pie-web.png\",\"contentUrl\":\"https:\/\/radioinfinitagoya.com.ar\/v1\/wp-content\/uploads\/2019\/11\/logo-pie-web.png\",\"width\":635,\"height\":326,\"caption\":\"Radio Infinita Goya\"},\"image\":{\"@id\":\"https:\/\/radioinfinitagoya.com.ar\/v1\/#\/schema\/logo\/image\/\"},\"sameAs\":[\"https:\/\/www.facebook.com\/p\/Infinita-Goya-100063870918311\/\"]},{\"@type\":\"Person\",\"@id\":\"https:\/\/radioinfinitagoya.com.ar\/v1\/#\/schema\/person\/d4cf9c413d4f6edb24aabdccab49ca4a\",\"name\":\"Jorge Mi\u00f1o\",\"image\":{\"@type\":\"ImageObject\",\"inLanguage\":\"es-AR\",\"@id\":\"https:\/\/secure.gravatar.com\/avatar\/910fcf6728fe95320e07a6643c1581fec1c7fc4bf8ae12e3d8f0d0373dc844be?s=96&d=mm&r=g\",\"url\":\"https:\/\/secure.gravatar.com\/avatar\/910fcf6728fe95320e07a6643c1581fec1c7fc4bf8ae12e3d8f0d0373dc844be?s=96&d=mm&r=g\",\"contentUrl\":\"https:\/\/secure.gravatar.com\/avatar\/910fcf6728fe95320e07a6643c1581fec1c7fc4bf8ae12e3d8f0d0373dc844be?s=96&d=mm&r=g\",\"caption\":\"Jorge Mi\u00f1o\"},\"sameAs\":[\"http:\/\/radioinfinitagoya.com.ar\"]}]}<\/script>\n<!-- \/ Yoast SEO plugin. -->","yoast_head_json":{"title":"Puente Chaco-Corrientes: habr\u00e1 interrupciones en el tr\u00e1nsito por mantenimiento - Radio Infinita Goya","description":"Se trata del reemplazo de tres juntas estructurales que tienen m\u00e1s de 50 a\u00f1os de antig\u00fcedad. Desde cu\u00e1ndo regir\u00e1. El tr\u00e1nsito en el puente General","robots":{"index":"index","follow":"follow","max-snippet":"max-snippet:-1","max-image-preview":"max-image-preview:large","max-video-preview":"max-video-preview:-1"},"canonical":"https:\/\/radioinfinitagoya.com.ar\/v1\/2025\/07\/29\/puente-chaco-corrientes-habra-interrupciones-en-el-transito-por-mantenimiento\/","og_locale":"es_ES","og_type":"article","og_title":"Puente Chaco-Corrientes: habr\u00e1 interrupciones en el tr\u00e1nsito por mantenimiento - Radio Infinita Goya","og_description":"Se trata del reemplazo de tres juntas estructurales que tienen m\u00e1s de 50 a\u00f1os de antig\u00fcedad. Desde cu\u00e1ndo regir\u00e1. El tr\u00e1nsito en el puente General","og_url":"https:\/\/radioinfinitagoya.com.ar\/v1\/2025\/07\/29\/puente-chaco-corrientes-habra-interrupciones-en-el-transito-por-mantenimiento\/","og_site_name":"Radio Infinita Goya","article_publisher":"https:\/\/www.facebook.com\/p\/Infinita-Goya-100063870918311\/","article_published_time":"2025-07-29T19:33:49+00:00","og_image":[{"width":680,"height":455,"url":"https:\/\/radioinfinitagoya.com.ar\/v1\/wp-content\/uploads\/2025\/07\/Fl8Y7LzXEAAF9yI.jpg","type":"image\/jpeg"}],"author":"Jorge Mi\u00f1o","twitter_card":"summary_large_image","twitter_misc":{"Escrito por":"Jorge Mi\u00f1o","Tiempo de lectura":"2 minutos"},"schema":{"@context":"https:\/\/schema.org","@graph":[{"@type":"Article","@id":"https:\/\/radioinfinitagoya.com.ar\/v1\/2025\/07\/29\/puente-chaco-corrientes-habra-interrupciones-en-el-transito-por-mantenimiento\/#article","isPartOf":{"@id":"https:\/\/radioinfinitagoya.com.ar\/v1\/2025\/07\/29\/puente-chaco-corrientes-habra-interrupciones-en-el-transito-por-mantenimiento\/"},"author":{"name":"Jorge Mi\u00f1o","@id":"https:\/\/radioinfinitagoya.com.ar\/v1\/#\/schema\/person\/d4cf9c413d4f6edb24aabdccab49ca4a"},"headline":"Puente Chaco-Corrientes: habr\u00e1 interrupciones en el tr\u00e1nsito por mantenimiento","datePublished":"2025-07-29T19:33:49+00:00","mainEntityOfPage":{"@id":"https:\/\/radioinfinitagoya.com.ar\/v1\/2025\/07\/29\/puente-chaco-corrientes-habra-interrupciones-en-el-transito-por-mantenimiento\/"},"wordCount":232,"publisher":{"@id":"https:\/\/radioinfinitagoya.com.ar\/v1\/#organization"},"image":{"@id":"https:\/\/radioinfinitagoya.com.ar\/v1\/2025\/07\/29\/puente-chaco-corrientes-habra-interrupciones-en-el-transito-por-mantenimiento\/#primaryimage"},"thumbnailUrl":"https:\/\/radioinfinitagoya.com.ar\/v1\/wp-content\/uploads\/2025\/07\/Fl8Y7LzXEAAF9yI.jpg","articleSection":["PROVINCIALES"],"inLanguage":"es-AR"},{"@type":"WebPage","@id":"https:\/\/radioinfinitagoya.com.ar\/v1\/2025\/07\/29\/puente-chaco-corrientes-habra-interrupciones-en-el-transito-por-mantenimiento\/","url":"https:\/\/radioinfinitagoya.com.ar\/v1\/2025\/07\/29\/puente-chaco-corrientes-habra-interrupciones-en-el-transito-por-mantenimiento\/","name":"Puente Chaco-Corrientes: habr\u00e1 interrupciones en el tr\u00e1nsito por mantenimiento - Radio Infinita Goya","isPartOf":{"@id":"https:\/\/radioinfinitagoya.com.ar\/v1\/#website"},"primaryImageOfPage":{"@id":"https:\/\/radioinfinitagoya.com.ar\/v1\/2025\/07\/29\/puente-chaco-corrientes-habra-interrupciones-en-el-transito-por-mantenimiento\/#primaryimage"},"image":{"@id":"https:\/\/radioinfinitagoya.com.ar\/v1\/2025\/07\/29\/puente-chaco-corrientes-habra-interrupciones-en-el-transito-por-mantenimiento\/#primaryimage"},"thumbnailUrl":"https:\/\/radioinfinitagoya.com.ar\/v1\/wp-content\/uploads\/2025\/07\/Fl8Y7LzXEAAF9yI.jpg","datePublished":"2025-07-29T19:33:49+00:00","description":"Se trata del reemplazo de tres juntas estructurales que tienen m\u00e1s de 50 a\u00f1os de antig\u00fcedad. Desde cu\u00e1ndo regir\u00e1. El tr\u00e1nsito en el puente General","breadcrumb":{"@id":"https:\/\/radioinfinitagoya.com.ar\/v1\/2025\/07\/29\/puente-chaco-corrientes-habra-interrupciones-en-el-transito-por-mantenimiento\/#breadcrumb"},"inLanguage":"es-AR","potentialAction":[{"@type":"ReadAction","target":["https:\/\/radioinfinitagoya.com.ar\/v1\/2025\/07\/29\/puente-chaco-corrientes-habra-interrupciones-en-el-transito-por-mantenimiento\/"]}]},{"@type":"ImageObject","inLanguage":"es-AR","@id":"https:\/\/radioinfinitagoya.com.ar\/v1\/2025\/07\/29\/puente-chaco-corrientes-habra-interrupciones-en-el-transito-por-mantenimiento\/#primaryimage","url":"https:\/\/radioinfinitagoya.com.ar\/v1\/wp-content\/uploads\/2025\/07\/Fl8Y7LzXEAAF9yI.jpg","contentUrl":"https:\/\/radioinfinitagoya.com.ar\/v1\/wp-content\/uploads\/2025\/07\/Fl8Y7LzXEAAF9yI.jpg","width":680,"height":455},{"@type":"BreadcrumbList","@id":"https:\/\/radioinfinitagoya.com.ar\/v1\/2025\/07\/29\/puente-chaco-corrientes-habra-interrupciones-en-el-transito-por-mantenimiento\/#breadcrumb","itemListElement":[{"@type":"ListItem","position":1,"name":"Inicio","item":"https:\/\/radioinfinitagoya.com.ar\/v1\/"},{"@type":"ListItem","position":2,"name":"Puente Chaco-Corrientes: habr\u00e1 interrupciones en el tr\u00e1nsito por mantenimiento"}]},{"@type":"WebSite","@id":"https:\/\/radioinfinitagoya.com.ar\/v1\/#website","url":"https:\/\/radioinfinitagoya.com.ar\/v1\/","name":"radioinfinitagoya.com.ar","description":"Radio de noticias","publisher":{"@id":"https:\/\/radioinfinitagoya.com.ar\/v1\/#organization"},"potentialAction":[{"@type":"SearchAction","target":{"@type":"EntryPoint","urlTemplate":"https:\/\/radioinfinitagoya.com.ar\/v1\/?s={search_term_string}"},"query-input":{"@type":"PropertyValueSpecification","valueRequired":true,"valueName":"search_term_string"}}],"inLanguage":"es-AR"},{"@type":"Organization","@id":"https:\/\/radioinfinitagoya.com.ar\/v1\/#organization","name":"Radio Infinita Goya","url":"https:\/\/radioinfinitagoya.com.ar\/v1\/","logo":{"@type":"ImageObject","inLanguage":"es-AR","@id":"https:\/\/radioinfinitagoya.com.ar\/v1\/#\/schema\/logo\/image\/","url":"https:\/\/radioinfinitagoya.com.ar\/v1\/wp-content\/uploads\/2019\/11\/logo-pie-web.png","contentUrl":"https:\/\/radioinfinitagoya.com.ar\/v1\/wp-content\/uploads\/2019\/11\/logo-pie-web.png","width":635,"height":326,"caption":"Radio Infinita Goya"},"image":{"@id":"https:\/\/radioinfinitagoya.com.ar\/v1\/#\/schema\/logo\/image\/"},"sameAs":["https:\/\/www.facebook.com\/p\/Infinita-Goya-100063870918311\/"]},{"@type":"Person","@id":"https:\/\/radioinfinitagoya.com.ar\/v1\/#\/schema\/person\/d4cf9c413d4f6edb24aabdccab49ca4a","name":"Jorge Mi\u00f1o","image":{"@type":"ImageObject","inLanguage":"es-AR","@id":"https:\/\/secure.gravatar.com\/avatar\/910fcf6728fe95320e07a6643c1581fec1c7fc4bf8ae12e3d8f0d0373dc844be?s=96&d=mm&r=g","url":"https:\/\/secure.gravatar.com\/avatar\/910fcf6728fe95320e07a6643c1581fec1c7fc4bf8ae12e3d8f0d0373dc844be?s=96&d=mm&r=g","contentUrl":"https:\/\/secure.gravatar.com\/avatar\/910fcf6728fe95320e07a6643c1581fec1c7fc4bf8ae12e3d8f0d0373dc844be?s=96&d=mm&r=g","caption":"Jorge Mi\u00f1o"},"sameAs":["http:\/\/radioinfinitagoya.com.ar"]}]}},"_links":{"self":[{"href":"https:\/\/radioinfinitagoya.com.ar\/v1\/wp-json\/wp\/v2\/posts\/193519","targetHints":{"allow":["GET"]}}],"collection":[{"href":"https:\/\/radioinfinitagoya.com.ar\/v1\/wp-json\/wp\/v2\/posts"}],"about":[{"href":"https:\/\/radioinfinitagoya.com.ar\/v1\/wp-json\/wp\/v2\/types\/post"}],"author":[{"embeddable":true,"href":"https:\/\/radioinfinitagoya.com.ar\/v1\/wp-json\/wp\/v2\/users\/4"}],"replies":[{"embeddable":true,"href":"https:\/\/radioinfinitagoya.com.ar\/v1\/wp-json\/wp\/v2\/comments?post=193519"}],"version-history":[{"count":0,"href":"https:\/\/radioinfinitagoya.com.ar\/v1\/wp-json\/wp\/v2\/posts\/193519\/revisions"}],"wp:featuredmedia":[{"embeddable":true,"href":"https:\/\/radioinfinitagoya.com.ar\/v1\/wp-json\/wp\/v2\/media\/193520"}],"wp:attachment":[{"href":"https:\/\/radioinfinitagoya.com.ar\/v1\/wp-json\/wp\/v2\/media?parent=193519"}],"wp:term":[{"taxonomy":"category","embeddable":true,"href":"https:\/\/radioinfinitagoya.com.ar\/v1\/wp-json\/wp\/v2\/categories?post=193519"},{"taxonomy":"post_tag","embeddable":true,"href":"https:\/\/radioinfinitagoya.com.ar\/v1\/wp-json\/wp\/v2\/tags?post=193519"}],"curies":[{"name":"wp","href":"https:\/\/api.w.org\/{rel}","templated":true}]}}