{"id":193525,"date":"2025-07-29T16:39:59","date_gmt":"2025-07-29T19:39:59","guid":{"rendered":"https:\/\/radioinfinitagoya.com.ar\/v1\/?p=193525"},"modified":"2025-07-29T16:39:59","modified_gmt":"2025-07-29T19:39:59","slug":"victoria-caballero-convocada-para-los-panamericanos-junior","status":"publish","type":"post","link":"https:\/\/radioinfinitagoya.com.ar\/v1\/2025\/07\/29\/victoria-caballero-convocada-para-los-panamericanos-junior\/","title":{"rendered":"Victoria Caballero convocada para los Panamericanos Junior"},"content":{"rendered":"<p>La correntina Victoria Caballero ser\u00e1 parte de la selecci\u00f3n femenina de voleibol de Argentina en los Juegos Panamericanos Junior 2025 y de esta forma ser\u00e1n cuatro los deportistas que la provincia tendr\u00e1 en Asunci\u00f3n, Paraguay.<br \/>\nCaballero (21 a\u00f1os) se desempa\u00f1a como l\u00edbero y actualmente forma parte del plantel de Ferro Carriel Oeste que est\u00e1 disputando la Copa Alcides M\u00e1rquez en la Divisi\u00f3n de Honor de la Federaci\u00f3n Metropolitana de Voleibol.<\/p>\n<p>La l\u00edbero ya represent\u00f3 al pa\u00eds en varias competencias internacionales, incluso fue parte del equipo albiceleste que disput\u00f3 los mundiales U21, U19 y U18. Tambi\u00e9n jug\u00f3 varios sudamericanos y panamericanos con diferentes seleccionados de divisiones juveniles y menores. En el 2024 fue campeona de la Liga Argentina junto al CEF N\u00ba 5 de La Rioja. Tiene varios pasos por River Plate y ahora milita en Ferro de la Ciudad Aut\u00f3noma de Buenos Aires.<\/p>\n<p>En Asunci\u00f3n, Argentina se presentar\u00e1 con un equipo U23 baj\u00f3 la conducci\u00f3n t\u00e9cnica de Eduardo Allona y Victoria Caballero integra la lista que la componen 12 jugadoras. En la capital paraguaya tambi\u00e9n competir\u00e1n los correntinos Sof\u00eda Meabe (tenis), Ignacio Esp\u00ednola Serial (taekwondo) y Domingo Meza (pesas).<\/p>\n<p>La segunda edici\u00f3n de los Juegos Panamericanos Junior reunir\u00e1n en Asunci\u00f3n a 3500 atletas de todo el continente, de entre los 17 y 23 a\u00f1os, en 28 deportes, del 9 al 23 de agosto. Argentina tiene 342 atletas clasificados (174 hombres y 168 mujeres) y tendr\u00e1 representaci\u00f3n en todos las disciplinas de este evento multideportivo.<\/p>\n","protected":false},"excerpt":{"rendered":"<p>La correntina Victoria Caballero ser\u00e1 parte de la selecci\u00f3n femenina de voleibol de Argentina en los Juegos Panamericanos Junior 2025 y de esta forma ser\u00e1n cuatro los deportistas que la provincia tendr\u00e1 en Asunci\u00f3n, Paraguay. Caballero (21 a\u00f1os) se desempa\u00f1a como l\u00edbero y actualmente forma parte del plantel de Ferro Carriel Oeste que est\u00e1 disputando [&hellip;]<\/p>\n","protected":false},"author":4,"featured_media":193526,"comment_status":"closed","ping_status":"closed","sticky":false,"template":"","format":"standard","meta":{"_joinchat":[],"footnotes":""},"categories":[28],"tags":[],"class_list":{"0":"post-193525","1":"post","2":"type-post","3":"status-publish","4":"format-standard","5":"has-post-thumbnail","7":"category-deportes"},"yoast_head":"<!-- This site is optimized with the Yoast SEO plugin v27.2 - https:\/\/yoast.com\/product\/yoast-seo-wordpress\/ -->\n<title>Victoria Caballero convocada para los Panamericanos Junior - Radio Infinita Goya<\/title>\n<meta name=\"description\" content=\"La correntina Victoria Caballero ser\u00e1 parte de la selecci\u00f3n femenina de voleibol de Argentina en los Juegos Panamericanos Junior 2025 y de esta forma\" \/>\n<meta name=\"robots\" content=\"index, follow, max-snippet:-1, max-image-preview:large, max-video-preview:-1\" \/>\n<link rel=\"canonical\" href=\"https:\/\/radioinfinitagoya.com.ar\/v1\/2025\/07\/29\/victoria-caballero-convocada-para-los-panamericanos-junior\/\" \/>\n<meta property=\"og:locale\" content=\"es_ES\" \/>\n<meta property=\"og:type\" content=\"article\" \/>\n<meta property=\"og:title\" content=\"Victoria Caballero convocada para los Panamericanos Junior - Radio Infinita Goya\" \/>\n<meta property=\"og:description\" content=\"La correntina Victoria Caballero ser\u00e1 parte de la selecci\u00f3n femenina de voleibol de Argentina en los Juegos Panamericanos Junior 2025 y de esta forma\" \/>\n<meta property=\"og:url\" content=\"https:\/\/radioinfinitagoya.com.ar\/v1\/2025\/07\/29\/victoria-caballero-convocada-para-los-panamericanos-junior\/\" \/>\n<meta property=\"og:site_name\" content=\"Radio Infinita Goya\" \/>\n<meta property=\"article:publisher\" content=\"https:\/\/www.facebook.com\/p\/Infinita-Goya-100063870918311\/\" \/>\n<meta property=\"article:published_time\" content=\"2025-07-29T19:39:59+00:00\" \/>\n<meta property=\"og:image\" content=\"https:\/\/radioinfinitagoya.com.ar\/v1\/wp-content\/uploads\/2025\/07\/CABALLEROSELECCION.jpg\" \/>\n\t<meta property=\"og:image:width\" content=\"800\" \/>\n\t<meta property=\"og:image:height\" content=\"516\" \/>\n\t<meta property=\"og:image:type\" content=\"image\/jpeg\" \/>\n<meta name=\"author\" content=\"Jorge Mi\u00f1o\" \/>\n<meta name=\"twitter:card\" content=\"summary_large_image\" \/>\n<meta name=\"twitter:label1\" content=\"Escrito por\" \/>\n\t<meta name=\"twitter:data1\" content=\"Jorge Mi\u00f1o\" \/>\n\t<meta name=\"twitter:label2\" content=\"Tiempo de lectura\" \/>\n\t<meta name=\"twitter:data2\" content=\"2 minutos\" \/>\n<script type=\"application\/ld+json\" class=\"yoast-schema-graph\">{\"@context\":\"https:\/\/schema.org\",\"@graph\":[{\"@type\":\"Article\",\"@id\":\"https:\/\/radioinfinitagoya.com.ar\/v1\/2025\/07\/29\/victoria-caballero-convocada-para-los-panamericanos-junior\/#article\",\"isPartOf\":{\"@id\":\"https:\/\/radioinfinitagoya.com.ar\/v1\/2025\/07\/29\/victoria-caballero-convocada-para-los-panamericanos-junior\/\"},\"author\":{\"name\":\"Jorge Mi\u00f1o\",\"@id\":\"https:\/\/radioinfinitagoya.com.ar\/v1\/#\/schema\/person\/d4cf9c413d4f6edb24aabdccab49ca4a\"},\"headline\":\"Victoria Caballero convocada para los Panamericanos Junior\",\"datePublished\":\"2025-07-29T19:39:59+00:00\",\"mainEntityOfPage\":{\"@id\":\"https:\/\/radioinfinitagoya.com.ar\/v1\/2025\/07\/29\/victoria-caballero-convocada-para-los-panamericanos-junior\/\"},\"wordCount\":262,\"publisher\":{\"@id\":\"https:\/\/radioinfinitagoya.com.ar\/v1\/#organization\"},\"image\":{\"@id\":\"https:\/\/radioinfinitagoya.com.ar\/v1\/2025\/07\/29\/victoria-caballero-convocada-para-los-panamericanos-junior\/#primaryimage\"},\"thumbnailUrl\":\"https:\/\/radioinfinitagoya.com.ar\/v1\/wp-content\/uploads\/2025\/07\/CABALLEROSELECCION.jpg\",\"articleSection\":[\"DEPORTES\"],\"inLanguage\":\"es-AR\"},{\"@type\":\"WebPage\",\"@id\":\"https:\/\/radioinfinitagoya.com.ar\/v1\/2025\/07\/29\/victoria-caballero-convocada-para-los-panamericanos-junior\/\",\"url\":\"https:\/\/radioinfinitagoya.com.ar\/v1\/2025\/07\/29\/victoria-caballero-convocada-para-los-panamericanos-junior\/\",\"name\":\"Victoria Caballero convocada para los Panamericanos Junior - Radio Infinita Goya\",\"isPartOf\":{\"@id\":\"https:\/\/radioinfinitagoya.com.ar\/v1\/#website\"},\"primaryImageOfPage\":{\"@id\":\"https:\/\/radioinfinitagoya.com.ar\/v1\/2025\/07\/29\/victoria-caballero-convocada-para-los-panamericanos-junior\/#primaryimage\"},\"image\":{\"@id\":\"https:\/\/radioinfinitagoya.com.ar\/v1\/2025\/07\/29\/victoria-caballero-convocada-para-los-panamericanos-junior\/#primaryimage\"},\"thumbnailUrl\":\"https:\/\/radioinfinitagoya.com.ar\/v1\/wp-content\/uploads\/2025\/07\/CABALLEROSELECCION.jpg\",\"datePublished\":\"2025-07-29T19:39:59+00:00\",\"description\":\"La correntina Victoria Caballero ser\u00e1 parte de la selecci\u00f3n femenina de voleibol de Argentina en los Juegos Panamericanos Junior 2025 y de esta forma\",\"breadcrumb\":{\"@id\":\"https:\/\/radioinfinitagoya.com.ar\/v1\/2025\/07\/29\/victoria-caballero-convocada-para-los-panamericanos-junior\/#breadcrumb\"},\"inLanguage\":\"es-AR\",\"potentialAction\":[{\"@type\":\"ReadAction\",\"target\":[\"https:\/\/radioinfinitagoya.com.ar\/v1\/2025\/07\/29\/victoria-caballero-convocada-para-los-panamericanos-junior\/\"]}]},{\"@type\":\"ImageObject\",\"inLanguage\":\"es-AR\",\"@id\":\"https:\/\/radioinfinitagoya.com.ar\/v1\/2025\/07\/29\/victoria-caballero-convocada-para-los-panamericanos-junior\/#primaryimage\",\"url\":\"https:\/\/radioinfinitagoya.com.ar\/v1\/wp-content\/uploads\/2025\/07\/CABALLEROSELECCION.jpg\",\"contentUrl\":\"https:\/\/radioinfinitagoya.com.ar\/v1\/wp-content\/uploads\/2025\/07\/CABALLEROSELECCION.jpg\",\"width\":800,\"height\":516},{\"@type\":\"BreadcrumbList\",\"@id\":\"https:\/\/radioinfinitagoya.com.ar\/v1\/2025\/07\/29\/victoria-caballero-convocada-para-los-panamericanos-junior\/#breadcrumb\",\"itemListElement\":[{\"@type\":\"ListItem\",\"position\":1,\"name\":\"Inicio\",\"item\":\"https:\/\/radioinfinitagoya.com.ar\/v1\/\"},{\"@type\":\"ListItem\",\"position\":2,\"name\":\"Victoria Caballero convocada para los Panamericanos Junior\"}]},{\"@type\":\"WebSite\",\"@id\":\"https:\/\/radioinfinitagoya.com.ar\/v1\/#website\",\"url\":\"https:\/\/radioinfinitagoya.com.ar\/v1\/\",\"name\":\"radioinfinitagoya.com.ar\",\"description\":\"Radio de noticias\",\"publisher\":{\"@id\":\"https:\/\/radioinfinitagoya.com.ar\/v1\/#organization\"},\"potentialAction\":[{\"@type\":\"SearchAction\",\"target\":{\"@type\":\"EntryPoint\",\"urlTemplate\":\"https:\/\/radioinfinitagoya.com.ar\/v1\/?s={search_term_string}\"},\"query-input\":{\"@type\":\"PropertyValueSpecification\",\"valueRequired\":true,\"valueName\":\"search_term_string\"}}],\"inLanguage\":\"es-AR\"},{\"@type\":\"Organization\",\"@id\":\"https:\/\/radioinfinitagoya.com.ar\/v1\/#organization\",\"name\":\"Radio Infinita Goya\",\"url\":\"https:\/\/radioinfinitagoya.com.ar\/v1\/\",\"logo\":{\"@type\":\"ImageObject\",\"inLanguage\":\"es-AR\",\"@id\":\"https:\/\/radioinfinitagoya.com.ar\/v1\/#\/schema\/logo\/image\/\",\"url\":\"https:\/\/radioinfinitagoya.com.ar\/v1\/wp-content\/uploads\/2019\/11\/logo-pie-web.png\",\"contentUrl\":\"https:\/\/radioinfinitagoya.com.ar\/v1\/wp-content\/uploads\/2019\/11\/logo-pie-web.png\",\"width\":635,\"height\":326,\"caption\":\"Radio Infinita Goya\"},\"image\":{\"@id\":\"https:\/\/radioinfinitagoya.com.ar\/v1\/#\/schema\/logo\/image\/\"},\"sameAs\":[\"https:\/\/www.facebook.com\/p\/Infinita-Goya-100063870918311\/\"]},{\"@type\":\"Person\",\"@id\":\"https:\/\/radioinfinitagoya.com.ar\/v1\/#\/schema\/person\/d4cf9c413d4f6edb24aabdccab49ca4a\",\"name\":\"Jorge Mi\u00f1o\",\"image\":{\"@type\":\"ImageObject\",\"inLanguage\":\"es-AR\",\"@id\":\"https:\/\/secure.gravatar.com\/avatar\/910fcf6728fe95320e07a6643c1581fec1c7fc4bf8ae12e3d8f0d0373dc844be?s=96&d=mm&r=g\",\"url\":\"https:\/\/secure.gravatar.com\/avatar\/910fcf6728fe95320e07a6643c1581fec1c7fc4bf8ae12e3d8f0d0373dc844be?s=96&d=mm&r=g\",\"contentUrl\":\"https:\/\/secure.gravatar.com\/avatar\/910fcf6728fe95320e07a6643c1581fec1c7fc4bf8ae12e3d8f0d0373dc844be?s=96&d=mm&r=g\",\"caption\":\"Jorge Mi\u00f1o\"},\"sameAs\":[\"http:\/\/radioinfinitagoya.com.ar\"]}]}<\/script>\n<!-- \/ Yoast SEO plugin. -->","yoast_head_json":{"title":"Victoria Caballero convocada para los Panamericanos Junior - Radio Infinita Goya","description":"La correntina Victoria Caballero ser\u00e1 parte de la selecci\u00f3n femenina de voleibol de Argentina en los Juegos Panamericanos Junior 2025 y de esta forma","robots":{"index":"index","follow":"follow","max-snippet":"max-snippet:-1","max-image-preview":"max-image-preview:large","max-video-preview":"max-video-preview:-1"},"canonical":"https:\/\/radioinfinitagoya.com.ar\/v1\/2025\/07\/29\/victoria-caballero-convocada-para-los-panamericanos-junior\/","og_locale":"es_ES","og_type":"article","og_title":"Victoria Caballero convocada para los Panamericanos Junior - Radio Infinita Goya","og_description":"La correntina Victoria Caballero ser\u00e1 parte de la selecci\u00f3n femenina de voleibol de Argentina en los Juegos Panamericanos Junior 2025 y de esta forma","og_url":"https:\/\/radioinfinitagoya.com.ar\/v1\/2025\/07\/29\/victoria-caballero-convocada-para-los-panamericanos-junior\/","og_site_name":"Radio Infinita Goya","article_publisher":"https:\/\/www.facebook.com\/p\/Infinita-Goya-100063870918311\/","article_published_time":"2025-07-29T19:39:59+00:00","og_image":[{"width":800,"height":516,"url":"https:\/\/radioinfinitagoya.com.ar\/v1\/wp-content\/uploads\/2025\/07\/CABALLEROSELECCION.jpg","type":"image\/jpeg"}],"author":"Jorge Mi\u00f1o","twitter_card":"summary_large_image","twitter_misc":{"Escrito por":"Jorge Mi\u00f1o","Tiempo de lectura":"2 minutos"},"schema":{"@context":"https:\/\/schema.org","@graph":[{"@type":"Article","@id":"https:\/\/radioinfinitagoya.com.ar\/v1\/2025\/07\/29\/victoria-caballero-convocada-para-los-panamericanos-junior\/#article","isPartOf":{"@id":"https:\/\/radioinfinitagoya.com.ar\/v1\/2025\/07\/29\/victoria-caballero-convocada-para-los-panamericanos-junior\/"},"author":{"name":"Jorge Mi\u00f1o","@id":"https:\/\/radioinfinitagoya.com.ar\/v1\/#\/schema\/person\/d4cf9c413d4f6edb24aabdccab49ca4a"},"headline":"Victoria Caballero convocada para los Panamericanos Junior","datePublished":"2025-07-29T19:39:59+00:00","mainEntityOfPage":{"@id":"https:\/\/radioinfinitagoya.com.ar\/v1\/2025\/07\/29\/victoria-caballero-convocada-para-los-panamericanos-junior\/"},"wordCount":262,"publisher":{"@id":"https:\/\/radioinfinitagoya.com.ar\/v1\/#organization"},"image":{"@id":"https:\/\/radioinfinitagoya.com.ar\/v1\/2025\/07\/29\/victoria-caballero-convocada-para-los-panamericanos-junior\/#primaryimage"},"thumbnailUrl":"https:\/\/radioinfinitagoya.com.ar\/v1\/wp-content\/uploads\/2025\/07\/CABALLEROSELECCION.jpg","articleSection":["DEPORTES"],"inLanguage":"es-AR"},{"@type":"WebPage","@id":"https:\/\/radioinfinitagoya.com.ar\/v1\/2025\/07\/29\/victoria-caballero-convocada-para-los-panamericanos-junior\/","url":"https:\/\/radioinfinitagoya.com.ar\/v1\/2025\/07\/29\/victoria-caballero-convocada-para-los-panamericanos-junior\/","name":"Victoria Caballero convocada para los Panamericanos Junior - Radio Infinita Goya","isPartOf":{"@id":"https:\/\/radioinfinitagoya.com.ar\/v1\/#website"},"primaryImageOfPage":{"@id":"https:\/\/radioinfinitagoya.com.ar\/v1\/2025\/07\/29\/victoria-caballero-convocada-para-los-panamericanos-junior\/#primaryimage"},"image":{"@id":"https:\/\/radioinfinitagoya.com.ar\/v1\/2025\/07\/29\/victoria-caballero-convocada-para-los-panamericanos-junior\/#primaryimage"},"thumbnailUrl":"https:\/\/radioinfinitagoya.com.ar\/v1\/wp-content\/uploads\/2025\/07\/CABALLEROSELECCION.jpg","datePublished":"2025-07-29T19:39:59+00:00","description":"La correntina Victoria Caballero ser\u00e1 parte de la selecci\u00f3n femenina de voleibol de Argentina en los Juegos Panamericanos Junior 2025 y de esta forma","breadcrumb":{"@id":"https:\/\/radioinfinitagoya.com.ar\/v1\/2025\/07\/29\/victoria-caballero-convocada-para-los-panamericanos-junior\/#breadcrumb"},"inLanguage":"es-AR","potentialAction":[{"@type":"ReadAction","target":["https:\/\/radioinfinitagoya.com.ar\/v1\/2025\/07\/29\/victoria-caballero-convocada-para-los-panamericanos-junior\/"]}]},{"@type":"ImageObject","inLanguage":"es-AR","@id":"https:\/\/radioinfinitagoya.com.ar\/v1\/2025\/07\/29\/victoria-caballero-convocada-para-los-panamericanos-junior\/#primaryimage","url":"https:\/\/radioinfinitagoya.com.ar\/v1\/wp-content\/uploads\/2025\/07\/CABALLEROSELECCION.jpg","contentUrl":"https:\/\/radioinfinitagoya.com.ar\/v1\/wp-content\/uploads\/2025\/07\/CABALLEROSELECCION.jpg","width":800,"height":516},{"@type":"BreadcrumbList","@id":"https:\/\/radioinfinitagoya.com.ar\/v1\/2025\/07\/29\/victoria-caballero-convocada-para-los-panamericanos-junior\/#breadcrumb","itemListElement":[{"@type":"ListItem","position":1,"name":"Inicio","item":"https:\/\/radioinfinitagoya.com.ar\/v1\/"},{"@type":"ListItem","position":2,"name":"Victoria Caballero convocada para los Panamericanos Junior"}]},{"@type":"WebSite","@id":"https:\/\/radioinfinitagoya.com.ar\/v1\/#website","url":"https:\/\/radioinfinitagoya.com.ar\/v1\/","name":"radioinfinitagoya.com.ar","description":"Radio de noticias","publisher":{"@id":"https:\/\/radioinfinitagoya.com.ar\/v1\/#organization"},"potentialAction":[{"@type":"SearchAction","target":{"@type":"EntryPoint","urlTemplate":"https:\/\/radioinfinitagoya.com.ar\/v1\/?s={search_term_string}"},"query-input":{"@type":"PropertyValueSpecification","valueRequired":true,"valueName":"search_term_string"}}],"inLanguage":"es-AR"},{"@type":"Organization","@id":"https:\/\/radioinfinitagoya.com.ar\/v1\/#organization","name":"Radio Infinita Goya","url":"https:\/\/radioinfinitagoya.com.ar\/v1\/","logo":{"@type":"ImageObject","inLanguage":"es-AR","@id":"https:\/\/radioinfinitagoya.com.ar\/v1\/#\/schema\/logo\/image\/","url":"https:\/\/radioinfinitagoya.com.ar\/v1\/wp-content\/uploads\/2019\/11\/logo-pie-web.png","contentUrl":"https:\/\/radioinfinitagoya.com.ar\/v1\/wp-content\/uploads\/2019\/11\/logo-pie-web.png","width":635,"height":326,"caption":"Radio Infinita Goya"},"image":{"@id":"https:\/\/radioinfinitagoya.com.ar\/v1\/#\/schema\/logo\/image\/"},"sameAs":["https:\/\/www.facebook.com\/p\/Infinita-Goya-100063870918311\/"]},{"@type":"Person","@id":"https:\/\/radioinfinitagoya.com.ar\/v1\/#\/schema\/person\/d4cf9c413d4f6edb24aabdccab49ca4a","name":"Jorge Mi\u00f1o","image":{"@type":"ImageObject","inLanguage":"es-AR","@id":"https:\/\/secure.gravatar.com\/avatar\/910fcf6728fe95320e07a6643c1581fec1c7fc4bf8ae12e3d8f0d0373dc844be?s=96&d=mm&r=g","url":"https:\/\/secure.gravatar.com\/avatar\/910fcf6728fe95320e07a6643c1581fec1c7fc4bf8ae12e3d8f0d0373dc844be?s=96&d=mm&r=g","contentUrl":"https:\/\/secure.gravatar.com\/avatar\/910fcf6728fe95320e07a6643c1581fec1c7fc4bf8ae12e3d8f0d0373dc844be?s=96&d=mm&r=g","caption":"Jorge Mi\u00f1o"},"sameAs":["http:\/\/radioinfinitagoya.com.ar"]}]}},"_links":{"self":[{"href":"https:\/\/radioinfinitagoya.com.ar\/v1\/wp-json\/wp\/v2\/posts\/193525","targetHints":{"allow":["GET"]}}],"collection":[{"href":"https:\/\/radioinfinitagoya.com.ar\/v1\/wp-json\/wp\/v2\/posts"}],"about":[{"href":"https:\/\/radioinfinitagoya.com.ar\/v1\/wp-json\/wp\/v2\/types\/post"}],"author":[{"embeddable":true,"href":"https:\/\/radioinfinitagoya.com.ar\/v1\/wp-json\/wp\/v2\/users\/4"}],"replies":[{"embeddable":true,"href":"https:\/\/radioinfinitagoya.com.ar\/v1\/wp-json\/wp\/v2\/comments?post=193525"}],"version-history":[{"count":0,"href":"https:\/\/radioinfinitagoya.com.ar\/v1\/wp-json\/wp\/v2\/posts\/193525\/revisions"}],"wp:featuredmedia":[{"embeddable":true,"href":"https:\/\/radioinfinitagoya.com.ar\/v1\/wp-json\/wp\/v2\/media\/193526"}],"wp:attachment":[{"href":"https:\/\/radioinfinitagoya.com.ar\/v1\/wp-json\/wp\/v2\/media?parent=193525"}],"wp:term":[{"taxonomy":"category","embeddable":true,"href":"https:\/\/radioinfinitagoya.com.ar\/v1\/wp-json\/wp\/v2\/categories?post=193525"},{"taxonomy":"post_tag","embeddable":true,"href":"https:\/\/radioinfinitagoya.com.ar\/v1\/wp-json\/wp\/v2\/tags?post=193525"}],"curies":[{"name":"wp","href":"https:\/\/api.w.org\/{rel}","templated":true}]}}