{"id":193528,"date":"2025-07-29T16:41:38","date_gmt":"2025-07-29T19:41:38","guid":{"rendered":"https:\/\/radioinfinitagoya.com.ar\/v1\/?p=193528"},"modified":"2025-07-29T16:41:38","modified_gmt":"2025-07-29T19:41:38","slug":"exitoso-campus-de-walter-herrmann-en-el-tala","status":"publish","type":"post","link":"https:\/\/radioinfinitagoya.com.ar\/v1\/2025\/07\/29\/exitoso-campus-de-walter-herrmann-en-el-tala\/","title":{"rendered":"Exitoso campus de Walter Herrmann en El Tala"},"content":{"rendered":"<p>Durante tres jornadas, el Club Atl\u00e9tico El Tala fue escenario del Campus de Tecnificaci\u00f3n y Perfeccionamiento, para jugadores desde los 8 a\u00f1os en adelante en ambas ramas, que cont\u00f3 con la presencia y participaci\u00f3n del ex basquetbolista &#8220;Generaci\u00f3n Dorada&#8221;, ex NBA y Euro Liga, adem\u00e1s de tener una extensa y exitosa performance en la Liga Nacional de B\u00e1squet (LNB) Walter Herrmann.<\/p>\n<p>&#8220;Quiero agradecer el apoyo de toda mi familia, de los profes y de la dirigencia del club El Tala por confiar en nosotros, donde se despert\u00f3 nuevamente en muchos padres y abuelos que vieron jugar a la Generaci\u00f3n Dorada, las ganas de que sus hijos y nietos jueguen al b\u00e1squet&#8221;, destac\u00f3 el organizador y director de Igualdar Campus, Juan Bobadilla.<\/p>\n<p>Para esta movida deportiva, participaron jugadores desde los 8 a\u00f1os en adelante, en ambas ramas. Adem\u00e1s de Walter Herrmann, estuvieron en este Campus el entrenador de Independiente de Santiago del Estero durante la \u00faltima temporada, Juli\u00e1n Pagura, y un amplio staff de entrenadores de la zona. Hubo una importante cantidad de premios indumentaria deportiva, pelotas de b\u00e1squet y diplomas, con una gran organizaci\u00f3n del evento, con hidrataci\u00f3n y asistencia de frutas durante los tres d\u00edas.<\/p>\n<p>El Campus cont\u00f3 con todas las comodidades, combinando calidad deportiva y de infraestructura. &#8220;Tenerlo a Herrmann en el El Tala nos llena de orgullo como amantes del b\u00e1squet; me sent\u00ed muy orgulloso de tenerlo en las instalaciones de nuestro club. Fue un jugador de la NBA y lo tuvimos entre nosotros d\u00e1ndonos un poco de sus conocimientos y dej\u00e1ndonos en claro que todos podemos cumplir los objetivos que nos propongamos&#8221;, expres\u00f3 Bobadilla. &#8220;Seguiremos organizando m\u00e1s Campus de este nivel y mostrar a los ni\u00f1os y adolescentes un camino dentro del b\u00e1squet y una formaci\u00f3n dentro de la<br \/>\nvida&#8221;, finaliz\u00f3 Bobadilla.<\/p>\n","protected":false},"excerpt":{"rendered":"<p>Durante tres jornadas, el Club Atl\u00e9tico El Tala fue escenario del Campus de Tecnificaci\u00f3n y Perfeccionamiento, para jugadores desde los 8 a\u00f1os en adelante en ambas ramas, que cont\u00f3 con la presencia y participaci\u00f3n del ex basquetbolista &#8220;Generaci\u00f3n Dorada&#8221;, ex NBA y Euro Liga, adem\u00e1s de tener una extensa y exitosa performance en la Liga [&hellip;]<\/p>\n","protected":false},"author":4,"featured_media":193529,"comment_status":"closed","ping_status":"closed","sticky":false,"template":"","format":"standard","meta":{"_joinchat":[],"footnotes":""},"categories":[28],"tags":[],"class_list":{"0":"post-193528","1":"post","2":"type-post","3":"status-publish","4":"format-standard","5":"has-post-thumbnail","7":"category-deportes"},"yoast_head":"<!-- This site is optimized with the Yoast SEO plugin v27.2 - https:\/\/yoast.com\/product\/yoast-seo-wordpress\/ -->\n<title>Exitoso campus de Walter Herrmann en El Tala - Radio Infinita Goya<\/title>\n<meta name=\"description\" content=\"Durante tres jornadas, el Club Atl\u00e9tico El Tala fue escenario del Campus de Tecnificaci\u00f3n y Perfeccionamiento, para jugadores desde los 8 a\u00f1os en adelante\" \/>\n<meta name=\"robots\" content=\"index, follow, max-snippet:-1, max-image-preview:large, max-video-preview:-1\" \/>\n<link rel=\"canonical\" href=\"https:\/\/radioinfinitagoya.com.ar\/v1\/2025\/07\/29\/exitoso-campus-de-walter-herrmann-en-el-tala\/\" \/>\n<meta property=\"og:locale\" content=\"es_ES\" \/>\n<meta property=\"og:type\" content=\"article\" \/>\n<meta property=\"og:title\" content=\"Exitoso campus de Walter Herrmann en El Tala - Radio Infinita Goya\" \/>\n<meta property=\"og:description\" content=\"Durante tres jornadas, el Club Atl\u00e9tico El Tala fue escenario del Campus de Tecnificaci\u00f3n y Perfeccionamiento, para jugadores desde los 8 a\u00f1os en adelante\" \/>\n<meta property=\"og:url\" content=\"https:\/\/radioinfinitagoya.com.ar\/v1\/2025\/07\/29\/exitoso-campus-de-walter-herrmann-en-el-tala\/\" \/>\n<meta property=\"og:site_name\" content=\"Radio Infinita Goya\" \/>\n<meta property=\"article:publisher\" content=\"https:\/\/www.facebook.com\/p\/Infinita-Goya-100063870918311\/\" \/>\n<meta property=\"article:published_time\" content=\"2025-07-29T19:41:38+00:00\" \/>\n<meta property=\"og:image\" content=\"https:\/\/radioinfinitagoya.com.ar\/v1\/wp-content\/uploads\/2025\/07\/CAMPUSELTALA1.jpg\" \/>\n\t<meta property=\"og:image:width\" content=\"1000\" \/>\n\t<meta property=\"og:image:height\" content=\"600\" \/>\n\t<meta property=\"og:image:type\" content=\"image\/jpeg\" \/>\n<meta name=\"author\" content=\"Jorge Mi\u00f1o\" \/>\n<meta name=\"twitter:card\" content=\"summary_large_image\" \/>\n<meta name=\"twitter:label1\" content=\"Escrito por\" \/>\n\t<meta name=\"twitter:data1\" content=\"Jorge Mi\u00f1o\" \/>\n\t<meta name=\"twitter:label2\" content=\"Tiempo de lectura\" \/>\n\t<meta name=\"twitter:data2\" content=\"2 minutos\" \/>\n<script type=\"application\/ld+json\" class=\"yoast-schema-graph\">{\"@context\":\"https:\/\/schema.org\",\"@graph\":[{\"@type\":\"Article\",\"@id\":\"https:\/\/radioinfinitagoya.com.ar\/v1\/2025\/07\/29\/exitoso-campus-de-walter-herrmann-en-el-tala\/#article\",\"isPartOf\":{\"@id\":\"https:\/\/radioinfinitagoya.com.ar\/v1\/2025\/07\/29\/exitoso-campus-de-walter-herrmann-en-el-tala\/\"},\"author\":{\"name\":\"Jorge Mi\u00f1o\",\"@id\":\"https:\/\/radioinfinitagoya.com.ar\/v1\/#\/schema\/person\/d4cf9c413d4f6edb24aabdccab49ca4a\"},\"headline\":\"Exitoso campus de Walter Herrmann en El Tala\",\"datePublished\":\"2025-07-29T19:41:38+00:00\",\"mainEntityOfPage\":{\"@id\":\"https:\/\/radioinfinitagoya.com.ar\/v1\/2025\/07\/29\/exitoso-campus-de-walter-herrmann-en-el-tala\/\"},\"wordCount\":325,\"publisher\":{\"@id\":\"https:\/\/radioinfinitagoya.com.ar\/v1\/#organization\"},\"image\":{\"@id\":\"https:\/\/radioinfinitagoya.com.ar\/v1\/2025\/07\/29\/exitoso-campus-de-walter-herrmann-en-el-tala\/#primaryimage\"},\"thumbnailUrl\":\"https:\/\/radioinfinitagoya.com.ar\/v1\/wp-content\/uploads\/2025\/07\/CAMPUSELTALA1.jpg\",\"articleSection\":[\"DEPORTES\"],\"inLanguage\":\"es-AR\"},{\"@type\":\"WebPage\",\"@id\":\"https:\/\/radioinfinitagoya.com.ar\/v1\/2025\/07\/29\/exitoso-campus-de-walter-herrmann-en-el-tala\/\",\"url\":\"https:\/\/radioinfinitagoya.com.ar\/v1\/2025\/07\/29\/exitoso-campus-de-walter-herrmann-en-el-tala\/\",\"name\":\"Exitoso campus de Walter Herrmann en El Tala - Radio Infinita Goya\",\"isPartOf\":{\"@id\":\"https:\/\/radioinfinitagoya.com.ar\/v1\/#website\"},\"primaryImageOfPage\":{\"@id\":\"https:\/\/radioinfinitagoya.com.ar\/v1\/2025\/07\/29\/exitoso-campus-de-walter-herrmann-en-el-tala\/#primaryimage\"},\"image\":{\"@id\":\"https:\/\/radioinfinitagoya.com.ar\/v1\/2025\/07\/29\/exitoso-campus-de-walter-herrmann-en-el-tala\/#primaryimage\"},\"thumbnailUrl\":\"https:\/\/radioinfinitagoya.com.ar\/v1\/wp-content\/uploads\/2025\/07\/CAMPUSELTALA1.jpg\",\"datePublished\":\"2025-07-29T19:41:38+00:00\",\"description\":\"Durante tres jornadas, el Club Atl\u00e9tico El Tala fue escenario del Campus de Tecnificaci\u00f3n y Perfeccionamiento, para jugadores desde los 8 a\u00f1os en adelante\",\"breadcrumb\":{\"@id\":\"https:\/\/radioinfinitagoya.com.ar\/v1\/2025\/07\/29\/exitoso-campus-de-walter-herrmann-en-el-tala\/#breadcrumb\"},\"inLanguage\":\"es-AR\",\"potentialAction\":[{\"@type\":\"ReadAction\",\"target\":[\"https:\/\/radioinfinitagoya.com.ar\/v1\/2025\/07\/29\/exitoso-campus-de-walter-herrmann-en-el-tala\/\"]}]},{\"@type\":\"ImageObject\",\"inLanguage\":\"es-AR\",\"@id\":\"https:\/\/radioinfinitagoya.com.ar\/v1\/2025\/07\/29\/exitoso-campus-de-walter-herrmann-en-el-tala\/#primaryimage\",\"url\":\"https:\/\/radioinfinitagoya.com.ar\/v1\/wp-content\/uploads\/2025\/07\/CAMPUSELTALA1.jpg\",\"contentUrl\":\"https:\/\/radioinfinitagoya.com.ar\/v1\/wp-content\/uploads\/2025\/07\/CAMPUSELTALA1.jpg\",\"width\":1000,\"height\":600},{\"@type\":\"BreadcrumbList\",\"@id\":\"https:\/\/radioinfinitagoya.com.ar\/v1\/2025\/07\/29\/exitoso-campus-de-walter-herrmann-en-el-tala\/#breadcrumb\",\"itemListElement\":[{\"@type\":\"ListItem\",\"position\":1,\"name\":\"Inicio\",\"item\":\"https:\/\/radioinfinitagoya.com.ar\/v1\/\"},{\"@type\":\"ListItem\",\"position\":2,\"name\":\"Exitoso campus de Walter Herrmann en El Tala\"}]},{\"@type\":\"WebSite\",\"@id\":\"https:\/\/radioinfinitagoya.com.ar\/v1\/#website\",\"url\":\"https:\/\/radioinfinitagoya.com.ar\/v1\/\",\"name\":\"radioinfinitagoya.com.ar\",\"description\":\"Radio de noticias\",\"publisher\":{\"@id\":\"https:\/\/radioinfinitagoya.com.ar\/v1\/#organization\"},\"potentialAction\":[{\"@type\":\"SearchAction\",\"target\":{\"@type\":\"EntryPoint\",\"urlTemplate\":\"https:\/\/radioinfinitagoya.com.ar\/v1\/?s={search_term_string}\"},\"query-input\":{\"@type\":\"PropertyValueSpecification\",\"valueRequired\":true,\"valueName\":\"search_term_string\"}}],\"inLanguage\":\"es-AR\"},{\"@type\":\"Organization\",\"@id\":\"https:\/\/radioinfinitagoya.com.ar\/v1\/#organization\",\"name\":\"Radio Infinita Goya\",\"url\":\"https:\/\/radioinfinitagoya.com.ar\/v1\/\",\"logo\":{\"@type\":\"ImageObject\",\"inLanguage\":\"es-AR\",\"@id\":\"https:\/\/radioinfinitagoya.com.ar\/v1\/#\/schema\/logo\/image\/\",\"url\":\"https:\/\/radioinfinitagoya.com.ar\/v1\/wp-content\/uploads\/2019\/11\/logo-pie-web.png\",\"contentUrl\":\"https:\/\/radioinfinitagoya.com.ar\/v1\/wp-content\/uploads\/2019\/11\/logo-pie-web.png\",\"width\":635,\"height\":326,\"caption\":\"Radio Infinita Goya\"},\"image\":{\"@id\":\"https:\/\/radioinfinitagoya.com.ar\/v1\/#\/schema\/logo\/image\/\"},\"sameAs\":[\"https:\/\/www.facebook.com\/p\/Infinita-Goya-100063870918311\/\"]},{\"@type\":\"Person\",\"@id\":\"https:\/\/radioinfinitagoya.com.ar\/v1\/#\/schema\/person\/d4cf9c413d4f6edb24aabdccab49ca4a\",\"name\":\"Jorge Mi\u00f1o\",\"image\":{\"@type\":\"ImageObject\",\"inLanguage\":\"es-AR\",\"@id\":\"https:\/\/secure.gravatar.com\/avatar\/910fcf6728fe95320e07a6643c1581fec1c7fc4bf8ae12e3d8f0d0373dc844be?s=96&d=mm&r=g\",\"url\":\"https:\/\/secure.gravatar.com\/avatar\/910fcf6728fe95320e07a6643c1581fec1c7fc4bf8ae12e3d8f0d0373dc844be?s=96&d=mm&r=g\",\"contentUrl\":\"https:\/\/secure.gravatar.com\/avatar\/910fcf6728fe95320e07a6643c1581fec1c7fc4bf8ae12e3d8f0d0373dc844be?s=96&d=mm&r=g\",\"caption\":\"Jorge Mi\u00f1o\"},\"sameAs\":[\"http:\/\/radioinfinitagoya.com.ar\"]}]}<\/script>\n<!-- \/ Yoast SEO plugin. -->","yoast_head_json":{"title":"Exitoso campus de Walter Herrmann en El Tala - Radio Infinita Goya","description":"Durante tres jornadas, el Club Atl\u00e9tico El Tala fue escenario del Campus de Tecnificaci\u00f3n y Perfeccionamiento, para jugadores desde los 8 a\u00f1os en adelante","robots":{"index":"index","follow":"follow","max-snippet":"max-snippet:-1","max-image-preview":"max-image-preview:large","max-video-preview":"max-video-preview:-1"},"canonical":"https:\/\/radioinfinitagoya.com.ar\/v1\/2025\/07\/29\/exitoso-campus-de-walter-herrmann-en-el-tala\/","og_locale":"es_ES","og_type":"article","og_title":"Exitoso campus de Walter Herrmann en El Tala - Radio Infinita Goya","og_description":"Durante tres jornadas, el Club Atl\u00e9tico El Tala fue escenario del Campus de Tecnificaci\u00f3n y Perfeccionamiento, para jugadores desde los 8 a\u00f1os en adelante","og_url":"https:\/\/radioinfinitagoya.com.ar\/v1\/2025\/07\/29\/exitoso-campus-de-walter-herrmann-en-el-tala\/","og_site_name":"Radio Infinita Goya","article_publisher":"https:\/\/www.facebook.com\/p\/Infinita-Goya-100063870918311\/","article_published_time":"2025-07-29T19:41:38+00:00","og_image":[{"width":1000,"height":600,"url":"https:\/\/radioinfinitagoya.com.ar\/v1\/wp-content\/uploads\/2025\/07\/CAMPUSELTALA1.jpg","type":"image\/jpeg"}],"author":"Jorge Mi\u00f1o","twitter_card":"summary_large_image","twitter_misc":{"Escrito por":"Jorge Mi\u00f1o","Tiempo de lectura":"2 minutos"},"schema":{"@context":"https:\/\/schema.org","@graph":[{"@type":"Article","@id":"https:\/\/radioinfinitagoya.com.ar\/v1\/2025\/07\/29\/exitoso-campus-de-walter-herrmann-en-el-tala\/#article","isPartOf":{"@id":"https:\/\/radioinfinitagoya.com.ar\/v1\/2025\/07\/29\/exitoso-campus-de-walter-herrmann-en-el-tala\/"},"author":{"name":"Jorge Mi\u00f1o","@id":"https:\/\/radioinfinitagoya.com.ar\/v1\/#\/schema\/person\/d4cf9c413d4f6edb24aabdccab49ca4a"},"headline":"Exitoso campus de Walter Herrmann en El Tala","datePublished":"2025-07-29T19:41:38+00:00","mainEntityOfPage":{"@id":"https:\/\/radioinfinitagoya.com.ar\/v1\/2025\/07\/29\/exitoso-campus-de-walter-herrmann-en-el-tala\/"},"wordCount":325,"publisher":{"@id":"https:\/\/radioinfinitagoya.com.ar\/v1\/#organization"},"image":{"@id":"https:\/\/radioinfinitagoya.com.ar\/v1\/2025\/07\/29\/exitoso-campus-de-walter-herrmann-en-el-tala\/#primaryimage"},"thumbnailUrl":"https:\/\/radioinfinitagoya.com.ar\/v1\/wp-content\/uploads\/2025\/07\/CAMPUSELTALA1.jpg","articleSection":["DEPORTES"],"inLanguage":"es-AR"},{"@type":"WebPage","@id":"https:\/\/radioinfinitagoya.com.ar\/v1\/2025\/07\/29\/exitoso-campus-de-walter-herrmann-en-el-tala\/","url":"https:\/\/radioinfinitagoya.com.ar\/v1\/2025\/07\/29\/exitoso-campus-de-walter-herrmann-en-el-tala\/","name":"Exitoso campus de Walter Herrmann en El Tala - Radio Infinita Goya","isPartOf":{"@id":"https:\/\/radioinfinitagoya.com.ar\/v1\/#website"},"primaryImageOfPage":{"@id":"https:\/\/radioinfinitagoya.com.ar\/v1\/2025\/07\/29\/exitoso-campus-de-walter-herrmann-en-el-tala\/#primaryimage"},"image":{"@id":"https:\/\/radioinfinitagoya.com.ar\/v1\/2025\/07\/29\/exitoso-campus-de-walter-herrmann-en-el-tala\/#primaryimage"},"thumbnailUrl":"https:\/\/radioinfinitagoya.com.ar\/v1\/wp-content\/uploads\/2025\/07\/CAMPUSELTALA1.jpg","datePublished":"2025-07-29T19:41:38+00:00","description":"Durante tres jornadas, el Club Atl\u00e9tico El Tala fue escenario del Campus de Tecnificaci\u00f3n y Perfeccionamiento, para jugadores desde los 8 a\u00f1os en adelante","breadcrumb":{"@id":"https:\/\/radioinfinitagoya.com.ar\/v1\/2025\/07\/29\/exitoso-campus-de-walter-herrmann-en-el-tala\/#breadcrumb"},"inLanguage":"es-AR","potentialAction":[{"@type":"ReadAction","target":["https:\/\/radioinfinitagoya.com.ar\/v1\/2025\/07\/29\/exitoso-campus-de-walter-herrmann-en-el-tala\/"]}]},{"@type":"ImageObject","inLanguage":"es-AR","@id":"https:\/\/radioinfinitagoya.com.ar\/v1\/2025\/07\/29\/exitoso-campus-de-walter-herrmann-en-el-tala\/#primaryimage","url":"https:\/\/radioinfinitagoya.com.ar\/v1\/wp-content\/uploads\/2025\/07\/CAMPUSELTALA1.jpg","contentUrl":"https:\/\/radioinfinitagoya.com.ar\/v1\/wp-content\/uploads\/2025\/07\/CAMPUSELTALA1.jpg","width":1000,"height":600},{"@type":"BreadcrumbList","@id":"https:\/\/radioinfinitagoya.com.ar\/v1\/2025\/07\/29\/exitoso-campus-de-walter-herrmann-en-el-tala\/#breadcrumb","itemListElement":[{"@type":"ListItem","position":1,"name":"Inicio","item":"https:\/\/radioinfinitagoya.com.ar\/v1\/"},{"@type":"ListItem","position":2,"name":"Exitoso campus de Walter Herrmann en El Tala"}]},{"@type":"WebSite","@id":"https:\/\/radioinfinitagoya.com.ar\/v1\/#website","url":"https:\/\/radioinfinitagoya.com.ar\/v1\/","name":"radioinfinitagoya.com.ar","description":"Radio de noticias","publisher":{"@id":"https:\/\/radioinfinitagoya.com.ar\/v1\/#organization"},"potentialAction":[{"@type":"SearchAction","target":{"@type":"EntryPoint","urlTemplate":"https:\/\/radioinfinitagoya.com.ar\/v1\/?s={search_term_string}"},"query-input":{"@type":"PropertyValueSpecification","valueRequired":true,"valueName":"search_term_string"}}],"inLanguage":"es-AR"},{"@type":"Organization","@id":"https:\/\/radioinfinitagoya.com.ar\/v1\/#organization","name":"Radio Infinita Goya","url":"https:\/\/radioinfinitagoya.com.ar\/v1\/","logo":{"@type":"ImageObject","inLanguage":"es-AR","@id":"https:\/\/radioinfinitagoya.com.ar\/v1\/#\/schema\/logo\/image\/","url":"https:\/\/radioinfinitagoya.com.ar\/v1\/wp-content\/uploads\/2019\/11\/logo-pie-web.png","contentUrl":"https:\/\/radioinfinitagoya.com.ar\/v1\/wp-content\/uploads\/2019\/11\/logo-pie-web.png","width":635,"height":326,"caption":"Radio Infinita Goya"},"image":{"@id":"https:\/\/radioinfinitagoya.com.ar\/v1\/#\/schema\/logo\/image\/"},"sameAs":["https:\/\/www.facebook.com\/p\/Infinita-Goya-100063870918311\/"]},{"@type":"Person","@id":"https:\/\/radioinfinitagoya.com.ar\/v1\/#\/schema\/person\/d4cf9c413d4f6edb24aabdccab49ca4a","name":"Jorge Mi\u00f1o","image":{"@type":"ImageObject","inLanguage":"es-AR","@id":"https:\/\/secure.gravatar.com\/avatar\/910fcf6728fe95320e07a6643c1581fec1c7fc4bf8ae12e3d8f0d0373dc844be?s=96&d=mm&r=g","url":"https:\/\/secure.gravatar.com\/avatar\/910fcf6728fe95320e07a6643c1581fec1c7fc4bf8ae12e3d8f0d0373dc844be?s=96&d=mm&r=g","contentUrl":"https:\/\/secure.gravatar.com\/avatar\/910fcf6728fe95320e07a6643c1581fec1c7fc4bf8ae12e3d8f0d0373dc844be?s=96&d=mm&r=g","caption":"Jorge Mi\u00f1o"},"sameAs":["http:\/\/radioinfinitagoya.com.ar"]}]}},"_links":{"self":[{"href":"https:\/\/radioinfinitagoya.com.ar\/v1\/wp-json\/wp\/v2\/posts\/193528","targetHints":{"allow":["GET"]}}],"collection":[{"href":"https:\/\/radioinfinitagoya.com.ar\/v1\/wp-json\/wp\/v2\/posts"}],"about":[{"href":"https:\/\/radioinfinitagoya.com.ar\/v1\/wp-json\/wp\/v2\/types\/post"}],"author":[{"embeddable":true,"href":"https:\/\/radioinfinitagoya.com.ar\/v1\/wp-json\/wp\/v2\/users\/4"}],"replies":[{"embeddable":true,"href":"https:\/\/radioinfinitagoya.com.ar\/v1\/wp-json\/wp\/v2\/comments?post=193528"}],"version-history":[{"count":0,"href":"https:\/\/radioinfinitagoya.com.ar\/v1\/wp-json\/wp\/v2\/posts\/193528\/revisions"}],"wp:featuredmedia":[{"embeddable":true,"href":"https:\/\/radioinfinitagoya.com.ar\/v1\/wp-json\/wp\/v2\/media\/193529"}],"wp:attachment":[{"href":"https:\/\/radioinfinitagoya.com.ar\/v1\/wp-json\/wp\/v2\/media?parent=193528"}],"wp:term":[{"taxonomy":"category","embeddable":true,"href":"https:\/\/radioinfinitagoya.com.ar\/v1\/wp-json\/wp\/v2\/categories?post=193528"},{"taxonomy":"post_tag","embeddable":true,"href":"https:\/\/radioinfinitagoya.com.ar\/v1\/wp-json\/wp\/v2\/tags?post=193528"}],"curies":[{"name":"wp","href":"https:\/\/api.w.org\/{rel}","templated":true}]}}