{"id":193539,"date":"2025-07-29T16:59:13","date_gmt":"2025-07-29T19:59:13","guid":{"rendered":"https:\/\/radioinfinitagoya.com.ar\/v1\/?p=193539"},"modified":"2025-07-29T16:59:13","modified_gmt":"2025-07-29T19:59:13","slug":"el-gobierno-entra-en-zona-de-definiciones-electorales-alianzas-y-danza-de-nombres","status":"publish","type":"post","link":"https:\/\/radioinfinitagoya.com.ar\/v1\/2025\/07\/29\/el-gobierno-entra-en-zona-de-definiciones-electorales-alianzas-y-danza-de-nombres\/","title":{"rendered":"El Gobierno entra en zona de definiciones electorales: alianzas y danza de nombres"},"content":{"rendered":"<p>La Casa Rosada confirmar\u00e1 en las pr\u00f3ximas semanas su pol\u00edtica electoral, los candidatos y, en paralelo, las posibles primeras se\u00f1ales del segundo tramo del mandato. Frentes provinciales a punto de cerrarse<\/p>\n<p>En zona de definiciones electorales, el Gobierno empezar\u00e1 a dilucidar en las pr\u00f3ximas semanas el futuro del gabinete, la pol\u00edtica de alianzas con sus aliados y los primeros esbozos del segundo tramo de la gesti\u00f3n cuando inscriba, primero el 7 y despu\u00e9s del 17 de agosto, el frente y los candidatos con los que Javier Milei buscar\u00e1 plebiscitar su administraci\u00f3n en las elecciones de octubre.<\/p>\n<p>En los \u00faltimos d\u00edas, despu\u00e9s del traum\u00e1tico cierre de listas bonaerense que dej\u00f3 un tendal de heridos y consolid\u00f3 el poder\u00edo de Karina Milei, la danza de nombres se traslad\u00f3 a la presentaci\u00f3n de candidatos nacionales que tendr\u00e1 lugar dentro de tres semanas, y que empezar\u00eda a definir hasta qu\u00e9 punto el presidente est\u00e1 decidido a refrescar el Gabinete para la pr\u00f3xima etapa de su administraci\u00f3n, que en un buen n\u00famero de despachos oficiales coinciden en que deber\u00eda entrar a boxes por el desgaste de este a\u00f1o y medio de gesti\u00f3n que, en algunas \u00e1reas, requieren de un service casi obligatorio.<\/p>\n<p>En estos meses, al tablero del sistema de toma de decisiones implementado por Milei se le prendieron algunas luces de alerta que se cristalizaron con la reciente derrota en el Senado y la exhibici\u00f3n a cielo abierto de la disputa interna entre los sectores que responden a la hermana presidencial y al consultor Santiago Caputo, y que la Casa Rosada busc\u00f3 enfriar en estos d\u00edas con un supuesto replanteo en el equilibrio de fuerzas que ahora qued\u00f3 en estado de pendiente.<\/p>\n<p>La derrota en el Senado, que la Casa Rosada deber\u00e1 contrarrestar en medio de la campa\u00f1a con la defensa del veto al paquete previsional que Milei prev\u00e9 firmar en los pr\u00f3ximos d\u00edas, agudiz\u00f3 la grieta interna por la estrategia de negociaci\u00f3n del Ejecutivo con los aliados que se mezcl\u00f3 con la pol\u00edtica de alianzas provinciales que la semana entrante terminar\u00e1 por cristalizarse cuando se inscriban los frentes electorales para la elecci\u00f3n de medio t\u00e9rmino.<\/p>\n<p>Caputo y \u201cEl Jefe\u201d, en particular en la puja con los Menem, Mart\u00edn y \u201cLule\u201d, entraron en conflicto con el cierre provincial de Santa Fe, hicieron una tregua con la elecci\u00f3n local de la Ciudad de Buenos Aires y volvieron a confrontar con la estrategia que la secretaria General y sus principales colaboradores adoptaron en Corrientes, cuando, tras una serie de pedidos que no fueron correspondidos por Gustavo Vald\u00e9s -se plante\u00f3 hasta la posibilidad de compartir la f\u00f3rmula encabezada ahora por el hermano del gobernador-, LLA defini\u00f3 jugar de manera unilateral con el diputado Lisandro Almir\u00f3n.<\/p>\n<p>El cierre de la provincia de Buenos Aires termin\u00f3 por zanjar la discusi\u00f3n: la estrategia electoral y el armado de listas corre por cuenta exclusiva de Karina Milei.<\/p>\n<p>En ese contexto, el Gobierno definir\u00e1 la pr\u00f3xima semana en qu\u00e9 provincias sellar\u00e1 un frente electoral con los gobernadores aliados que esperan no solo por esa decisi\u00f3n, si no por una oferta formal a los reclamos presupuestarios que dieron curso a la presentaci\u00f3n a la presentaci\u00f3n de los dos proyectos consensuados en el CFI, el de distribuci\u00f3n de ATN y del impuesto a los combustibles l\u00edquidos, con media sanci\u00f3n en la C\u00e1mara alta, y en el traspi\u00e9 a trav\u00e9s de la aprobaci\u00f3n del paquete previsional que espera por el inminente veto presidencial.<\/p>\n<p>Seg\u00fan trascendi\u00f3, la Casa Rosada avanza en una alianza casi segura con el gobernador Alfredo Cornejo, en Mendoza. Tambi\u00e9n con Leandro Zdero, de Chaco, una r\u00e9plica del acuerdo provincial de principios de a\u00f1o. El mismo escenario se deber\u00eda terminar de cerrar en Entre R\u00edos, con Rogelio Frigerio. \u201cTodo tranquilo, todo okey\u201d, se limitaron a responder fuentes cercanas al entrerriano aunque la \u00faltima reuni\u00f3n de semanas atr\u00e1s del ex ministro del Interior con Eduardo \u201cLule\u201d Menem confirm\u00f3 que la unidad navega por aguas tranquilas.<\/p>\n<p>En el caso de Tucum\u00e1n, la situaci\u00f3n es un tanto m\u00e1s ca\u00f3tica por la multiplicidad de actores en danza. En C\u00f3rdoba pasa algo parecido: incluso hay quienes advierten con la posibilidad de premiar a Rodrigo de Loredo, un aliado fundamental en Diputados, una carta con la que se especula en torno a la relaci\u00f3n zigzagueante con Mart\u00edn Llaryora. No es el deseo de Gabriel Bornoroni, el jefe de bloque en la C\u00e1mara baja, que posiciona a su socio provincia, Gonzalo Roca. En R\u00edo Negro, que renueva senadores, la familia Menem auspicia al diputado An\u00edbal Tortoriello, del PRO. Se resiste su colega Lorena Villaverde, que quiere encabezar la boleta. En alg\u00fan momento hasta se lleg\u00f3 a barajar el nombre de Segundo Cernadas, postulante macrista en su momento en Tigre, en el Gran Buenos Aires, con arraigo rionegrino y el madrinazgo de la ministra Patricia Bullrich.<\/p>\n<p>En el seno del Gobierno resaltaron que, m\u00e1s all\u00e1 de los diferentes casos, la estrategia est\u00e1 atravesada por una \u00fanico vector nacional, y orientada al objetivo de menguar lo m\u00e1ximo posible la performance del kirchnerismo.<\/p>\n<p>El nombre de la ministra es, en principio, el \u00fanico n\u00famero puesto de un gabinete que se encamina a una revisi\u00f3n: en tren de especulaciones internas, Bullrich podr\u00eda no ser la \u00fanica funcionaria de relieve en ser inscripta como candidata y dejar al equipo de colaboradores del presidente en las puertas de una renovaci\u00f3n.<\/p>\n<p>\u00bfQu\u00e9 futuro le espera, por ejemplo, a Federico Sturzenegger, cuya gesti\u00f3n desregulatoria, muy celebrada por Milei, cumpli\u00f3 su etapa con el vencimiento de la delegaci\u00f3n de facultades con las que fue dotado con la sanci\u00f3n de la Ley Bases? \u00bfEs posible que Sandra Pettovello sea candidata? Hasta ahora, ni la ministra ni nadie lo desliz\u00f3. La jefa de Capital Humano volvi\u00f3 a levantar el perfil en los \u00faltimos d\u00edas y esa decisi\u00f3n gener\u00f3 sospechas, aunque en la Casa Rosada aseguran que se resolvi\u00f3 de esa manera para suavizar la imagen de un presidente que est\u00e1 pr\u00f3ximo a vetar los proyectos previsionales y de discapacidad.<\/p>\n<p>Los Milei guardan cualquier tipo de definici\u00f3n bajo siete llaves. Incluso parecieron sepultar en las \u00faltimas semanas las versiones que lo daban a Guillermo Francos con un pie afuera, y que desde el propio Gobierno echaron a correr con la supuesta promesa a Manuel Adorni, al que, en teor\u00eda, le habr\u00edan reservado un destino m\u00e1s glamoroso que la Legislatura porte\u00f1a. \u00bfEs cierto que tambi\u00e9n hubo conversaciones avanzadas para incorporar antes de fin de a\u00f1o al intendente Diego Valenzuela, cabeza de lista de LLA en la primera secci\u00f3n electoral? \u00bfTiene reservado un lugar Diego Santilli, que construy\u00f3 un v\u00ednculo interesante con Karina Milei?<\/p>\n<p>En la Ciudad de Buenos Aires, la secretaria General de la Presidencia ya habr\u00eda bajado el martillo en contra de cualquier tipo de alianza con los Macri, en especial con el jefe de Gobierno, con el que la conducci\u00f3n libertaria no quiere ning\u00fan tipo de negociaci\u00f3n a pesar de las se\u00f1ales que el propio Jorge Macri intent\u00f3 enviar hace algunas semanas. De esa decisi\u00f3n depender\u00e1 no solo la postulaci\u00f3n de Bullrich, \u2014que en su entorno aseguran que querr\u00eda, adem\u00e1s, delegar la sucesi\u00f3n de Seguridad a un funcionario o funcionaria de su ri\u00f1\u00f3n\u2014, sino el resto de la boleta y la estrategia a adoptar por parte del PRO. El ex presidente Mauricio Macri tambi\u00e9n mand\u00f3 emisarios que plantearon que corresponder\u00eda alcanzar en la capital un frente similar al que se arrib\u00f3 en territorio bonaerense.<\/p>\n<p>Debajo de todas esas definiciones, que empezar\u00e1n a esclarecerse en las pr\u00f3ximas semanas, subyace el dilema que Milei deber\u00e1 resolver hacia fin de a\u00f1o: la reconfiguraci\u00f3n, o no, de un sistema de toma de decisiones hacia un esquema de mayor apertura y la relaci\u00f3n con los aliados, y la necesidad de comenzar a exhibir, en base a las nuevas demandas sociales, una gesti\u00f3n mucho m\u00e1s efectiva que, hasta ahora, estuvo bien anclada en la estabilizaci\u00f3n de la macroeconom\u00eda. Con resultados, para el gobierno, evidentemente satisfactorios.<\/p>\n","protected":false},"excerpt":{"rendered":"<p>La Casa Rosada confirmar\u00e1 en las pr\u00f3ximas semanas su pol\u00edtica electoral, los candidatos y, en paralelo, las posibles primeras se\u00f1ales del segundo tramo del mandato. Frentes provinciales a punto de cerrarse En zona de definiciones electorales, el Gobierno empezar\u00e1 a dilucidar en las pr\u00f3ximas semanas el futuro del gabinete, la pol\u00edtica de alianzas con sus [&hellip;]<\/p>\n","protected":false},"author":4,"featured_media":193540,"comment_status":"closed","ping_status":"closed","sticky":false,"template":"","format":"standard","meta":{"_joinchat":[],"footnotes":""},"categories":[29],"tags":[],"class_list":{"0":"post-193539","1":"post","2":"type-post","3":"status-publish","4":"format-standard","5":"has-post-thumbnail","7":"category-nacionales"},"yoast_head":"<!-- This site is optimized with the Yoast SEO plugin v27.2 - https:\/\/yoast.com\/product\/yoast-seo-wordpress\/ -->\n<title>El Gobierno entra en zona de definiciones electorales: alianzas y danza de nombres - Radio Infinita Goya<\/title>\n<meta name=\"description\" content=\"La Casa Rosada confirmar\u00e1 en las pr\u00f3ximas semanas su pol\u00edtica electoral, los candidatos y, en paralelo, las posibles primeras se\u00f1ales del segundo tramo\" \/>\n<meta name=\"robots\" content=\"index, follow, max-snippet:-1, max-image-preview:large, max-video-preview:-1\" \/>\n<link rel=\"canonical\" href=\"https:\/\/radioinfinitagoya.com.ar\/v1\/2025\/07\/29\/el-gobierno-entra-en-zona-de-definiciones-electorales-alianzas-y-danza-de-nombres\/\" \/>\n<meta property=\"og:locale\" content=\"es_ES\" \/>\n<meta property=\"og:type\" content=\"article\" \/>\n<meta property=\"og:title\" content=\"El Gobierno entra en zona de definiciones electorales: alianzas y danza de nombres - Radio Infinita Goya\" \/>\n<meta property=\"og:description\" content=\"La Casa Rosada confirmar\u00e1 en las pr\u00f3ximas semanas su pol\u00edtica electoral, los candidatos y, en paralelo, las posibles primeras se\u00f1ales del segundo tramo\" \/>\n<meta property=\"og:url\" content=\"https:\/\/radioinfinitagoya.com.ar\/v1\/2025\/07\/29\/el-gobierno-entra-en-zona-de-definiciones-electorales-alianzas-y-danza-de-nombres\/\" \/>\n<meta property=\"og:site_name\" content=\"Radio Infinita Goya\" \/>\n<meta property=\"article:publisher\" content=\"https:\/\/www.facebook.com\/p\/Infinita-Goya-100063870918311\/\" \/>\n<meta property=\"article:published_time\" content=\"2025-07-29T19:59:13+00:00\" \/>\n<meta property=\"og:image\" content=\"https:\/\/radioinfinitagoya.com.ar\/v1\/wp-content\/uploads\/2025\/07\/1753788011816.webp\" \/>\n\t<meta property=\"og:image:width\" content=\"1200\" \/>\n\t<meta property=\"og:image:height\" content=\"675\" \/>\n\t<meta property=\"og:image:type\" content=\"image\/webp\" \/>\n<meta name=\"author\" content=\"Jorge Mi\u00f1o\" \/>\n<meta name=\"twitter:card\" content=\"summary_large_image\" \/>\n<meta name=\"twitter:label1\" content=\"Escrito por\" \/>\n\t<meta name=\"twitter:data1\" content=\"Jorge Mi\u00f1o\" \/>\n\t<meta name=\"twitter:label2\" content=\"Tiempo de lectura\" \/>\n\t<meta name=\"twitter:data2\" content=\"7 minutos\" \/>\n<script type=\"application\/ld+json\" class=\"yoast-schema-graph\">{\"@context\":\"https:\/\/schema.org\",\"@graph\":[{\"@type\":\"Article\",\"@id\":\"https:\/\/radioinfinitagoya.com.ar\/v1\/2025\/07\/29\/el-gobierno-entra-en-zona-de-definiciones-electorales-alianzas-y-danza-de-nombres\/#article\",\"isPartOf\":{\"@id\":\"https:\/\/radioinfinitagoya.com.ar\/v1\/2025\/07\/29\/el-gobierno-entra-en-zona-de-definiciones-electorales-alianzas-y-danza-de-nombres\/\"},\"author\":{\"name\":\"Jorge Mi\u00f1o\",\"@id\":\"https:\/\/radioinfinitagoya.com.ar\/v1\/#\/schema\/person\/d4cf9c413d4f6edb24aabdccab49ca4a\"},\"headline\":\"El Gobierno entra en zona de definiciones electorales: alianzas y danza de nombres\",\"datePublished\":\"2025-07-29T19:59:13+00:00\",\"mainEntityOfPage\":{\"@id\":\"https:\/\/radioinfinitagoya.com.ar\/v1\/2025\/07\/29\/el-gobierno-entra-en-zona-de-definiciones-electorales-alianzas-y-danza-de-nombres\/\"},\"wordCount\":1426,\"publisher\":{\"@id\":\"https:\/\/radioinfinitagoya.com.ar\/v1\/#organization\"},\"image\":{\"@id\":\"https:\/\/radioinfinitagoya.com.ar\/v1\/2025\/07\/29\/el-gobierno-entra-en-zona-de-definiciones-electorales-alianzas-y-danza-de-nombres\/#primaryimage\"},\"thumbnailUrl\":\"https:\/\/radioinfinitagoya.com.ar\/v1\/wp-content\/uploads\/2025\/07\/1753788011816.webp\",\"articleSection\":[\"NACIONALES\"],\"inLanguage\":\"es-AR\"},{\"@type\":\"WebPage\",\"@id\":\"https:\/\/radioinfinitagoya.com.ar\/v1\/2025\/07\/29\/el-gobierno-entra-en-zona-de-definiciones-electorales-alianzas-y-danza-de-nombres\/\",\"url\":\"https:\/\/radioinfinitagoya.com.ar\/v1\/2025\/07\/29\/el-gobierno-entra-en-zona-de-definiciones-electorales-alianzas-y-danza-de-nombres\/\",\"name\":\"El Gobierno entra en zona de definiciones electorales: alianzas y danza de nombres - Radio Infinita Goya\",\"isPartOf\":{\"@id\":\"https:\/\/radioinfinitagoya.com.ar\/v1\/#website\"},\"primaryImageOfPage\":{\"@id\":\"https:\/\/radioinfinitagoya.com.ar\/v1\/2025\/07\/29\/el-gobierno-entra-en-zona-de-definiciones-electorales-alianzas-y-danza-de-nombres\/#primaryimage\"},\"image\":{\"@id\":\"https:\/\/radioinfinitagoya.com.ar\/v1\/2025\/07\/29\/el-gobierno-entra-en-zona-de-definiciones-electorales-alianzas-y-danza-de-nombres\/#primaryimage\"},\"thumbnailUrl\":\"https:\/\/radioinfinitagoya.com.ar\/v1\/wp-content\/uploads\/2025\/07\/1753788011816.webp\",\"datePublished\":\"2025-07-29T19:59:13+00:00\",\"description\":\"La Casa Rosada confirmar\u00e1 en las pr\u00f3ximas semanas su pol\u00edtica electoral, los candidatos y, en paralelo, las posibles primeras se\u00f1ales del segundo tramo\",\"breadcrumb\":{\"@id\":\"https:\/\/radioinfinitagoya.com.ar\/v1\/2025\/07\/29\/el-gobierno-entra-en-zona-de-definiciones-electorales-alianzas-y-danza-de-nombres\/#breadcrumb\"},\"inLanguage\":\"es-AR\",\"potentialAction\":[{\"@type\":\"ReadAction\",\"target\":[\"https:\/\/radioinfinitagoya.com.ar\/v1\/2025\/07\/29\/el-gobierno-entra-en-zona-de-definiciones-electorales-alianzas-y-danza-de-nombres\/\"]}]},{\"@type\":\"ImageObject\",\"inLanguage\":\"es-AR\",\"@id\":\"https:\/\/radioinfinitagoya.com.ar\/v1\/2025\/07\/29\/el-gobierno-entra-en-zona-de-definiciones-electorales-alianzas-y-danza-de-nombres\/#primaryimage\",\"url\":\"https:\/\/radioinfinitagoya.com.ar\/v1\/wp-content\/uploads\/2025\/07\/1753788011816.webp\",\"contentUrl\":\"https:\/\/radioinfinitagoya.com.ar\/v1\/wp-content\/uploads\/2025\/07\/1753788011816.webp\",\"width\":1200,\"height\":675},{\"@type\":\"BreadcrumbList\",\"@id\":\"https:\/\/radioinfinitagoya.com.ar\/v1\/2025\/07\/29\/el-gobierno-entra-en-zona-de-definiciones-electorales-alianzas-y-danza-de-nombres\/#breadcrumb\",\"itemListElement\":[{\"@type\":\"ListItem\",\"position\":1,\"name\":\"Inicio\",\"item\":\"https:\/\/radioinfinitagoya.com.ar\/v1\/\"},{\"@type\":\"ListItem\",\"position\":2,\"name\":\"El Gobierno entra en zona de definiciones electorales: alianzas y danza de nombres\"}]},{\"@type\":\"WebSite\",\"@id\":\"https:\/\/radioinfinitagoya.com.ar\/v1\/#website\",\"url\":\"https:\/\/radioinfinitagoya.com.ar\/v1\/\",\"name\":\"radioinfinitagoya.com.ar\",\"description\":\"Radio de noticias\",\"publisher\":{\"@id\":\"https:\/\/radioinfinitagoya.com.ar\/v1\/#organization\"},\"potentialAction\":[{\"@type\":\"SearchAction\",\"target\":{\"@type\":\"EntryPoint\",\"urlTemplate\":\"https:\/\/radioinfinitagoya.com.ar\/v1\/?s={search_term_string}\"},\"query-input\":{\"@type\":\"PropertyValueSpecification\",\"valueRequired\":true,\"valueName\":\"search_term_string\"}}],\"inLanguage\":\"es-AR\"},{\"@type\":\"Organization\",\"@id\":\"https:\/\/radioinfinitagoya.com.ar\/v1\/#organization\",\"name\":\"Radio Infinita Goya\",\"url\":\"https:\/\/radioinfinitagoya.com.ar\/v1\/\",\"logo\":{\"@type\":\"ImageObject\",\"inLanguage\":\"es-AR\",\"@id\":\"https:\/\/radioinfinitagoya.com.ar\/v1\/#\/schema\/logo\/image\/\",\"url\":\"https:\/\/radioinfinitagoya.com.ar\/v1\/wp-content\/uploads\/2019\/11\/logo-pie-web.png\",\"contentUrl\":\"https:\/\/radioinfinitagoya.com.ar\/v1\/wp-content\/uploads\/2019\/11\/logo-pie-web.png\",\"width\":635,\"height\":326,\"caption\":\"Radio Infinita Goya\"},\"image\":{\"@id\":\"https:\/\/radioinfinitagoya.com.ar\/v1\/#\/schema\/logo\/image\/\"},\"sameAs\":[\"https:\/\/www.facebook.com\/p\/Infinita-Goya-100063870918311\/\"]},{\"@type\":\"Person\",\"@id\":\"https:\/\/radioinfinitagoya.com.ar\/v1\/#\/schema\/person\/d4cf9c413d4f6edb24aabdccab49ca4a\",\"name\":\"Jorge Mi\u00f1o\",\"image\":{\"@type\":\"ImageObject\",\"inLanguage\":\"es-AR\",\"@id\":\"https:\/\/secure.gravatar.com\/avatar\/910fcf6728fe95320e07a6643c1581fec1c7fc4bf8ae12e3d8f0d0373dc844be?s=96&d=mm&r=g\",\"url\":\"https:\/\/secure.gravatar.com\/avatar\/910fcf6728fe95320e07a6643c1581fec1c7fc4bf8ae12e3d8f0d0373dc844be?s=96&d=mm&r=g\",\"contentUrl\":\"https:\/\/secure.gravatar.com\/avatar\/910fcf6728fe95320e07a6643c1581fec1c7fc4bf8ae12e3d8f0d0373dc844be?s=96&d=mm&r=g\",\"caption\":\"Jorge Mi\u00f1o\"},\"sameAs\":[\"http:\/\/radioinfinitagoya.com.ar\"]}]}<\/script>\n<!-- \/ Yoast SEO plugin. -->","yoast_head_json":{"title":"El Gobierno entra en zona de definiciones electorales: alianzas y danza de nombres - Radio Infinita Goya","description":"La Casa Rosada confirmar\u00e1 en las pr\u00f3ximas semanas su pol\u00edtica electoral, los candidatos y, en paralelo, las posibles primeras se\u00f1ales del segundo tramo","robots":{"index":"index","follow":"follow","max-snippet":"max-snippet:-1","max-image-preview":"max-image-preview:large","max-video-preview":"max-video-preview:-1"},"canonical":"https:\/\/radioinfinitagoya.com.ar\/v1\/2025\/07\/29\/el-gobierno-entra-en-zona-de-definiciones-electorales-alianzas-y-danza-de-nombres\/","og_locale":"es_ES","og_type":"article","og_title":"El Gobierno entra en zona de definiciones electorales: alianzas y danza de nombres - Radio Infinita Goya","og_description":"La Casa Rosada confirmar\u00e1 en las pr\u00f3ximas semanas su pol\u00edtica electoral, los candidatos y, en paralelo, las posibles primeras se\u00f1ales del segundo tramo","og_url":"https:\/\/radioinfinitagoya.com.ar\/v1\/2025\/07\/29\/el-gobierno-entra-en-zona-de-definiciones-electorales-alianzas-y-danza-de-nombres\/","og_site_name":"Radio Infinita Goya","article_publisher":"https:\/\/www.facebook.com\/p\/Infinita-Goya-100063870918311\/","article_published_time":"2025-07-29T19:59:13+00:00","og_image":[{"width":1200,"height":675,"url":"https:\/\/radioinfinitagoya.com.ar\/v1\/wp-content\/uploads\/2025\/07\/1753788011816.webp","type":"image\/webp"}],"author":"Jorge Mi\u00f1o","twitter_card":"summary_large_image","twitter_misc":{"Escrito por":"Jorge Mi\u00f1o","Tiempo de lectura":"7 minutos"},"schema":{"@context":"https:\/\/schema.org","@graph":[{"@type":"Article","@id":"https:\/\/radioinfinitagoya.com.ar\/v1\/2025\/07\/29\/el-gobierno-entra-en-zona-de-definiciones-electorales-alianzas-y-danza-de-nombres\/#article","isPartOf":{"@id":"https:\/\/radioinfinitagoya.com.ar\/v1\/2025\/07\/29\/el-gobierno-entra-en-zona-de-definiciones-electorales-alianzas-y-danza-de-nombres\/"},"author":{"name":"Jorge Mi\u00f1o","@id":"https:\/\/radioinfinitagoya.com.ar\/v1\/#\/schema\/person\/d4cf9c413d4f6edb24aabdccab49ca4a"},"headline":"El Gobierno entra en zona de definiciones electorales: alianzas y danza de nombres","datePublished":"2025-07-29T19:59:13+00:00","mainEntityOfPage":{"@id":"https:\/\/radioinfinitagoya.com.ar\/v1\/2025\/07\/29\/el-gobierno-entra-en-zona-de-definiciones-electorales-alianzas-y-danza-de-nombres\/"},"wordCount":1426,"publisher":{"@id":"https:\/\/radioinfinitagoya.com.ar\/v1\/#organization"},"image":{"@id":"https:\/\/radioinfinitagoya.com.ar\/v1\/2025\/07\/29\/el-gobierno-entra-en-zona-de-definiciones-electorales-alianzas-y-danza-de-nombres\/#primaryimage"},"thumbnailUrl":"https:\/\/radioinfinitagoya.com.ar\/v1\/wp-content\/uploads\/2025\/07\/1753788011816.webp","articleSection":["NACIONALES"],"inLanguage":"es-AR"},{"@type":"WebPage","@id":"https:\/\/radioinfinitagoya.com.ar\/v1\/2025\/07\/29\/el-gobierno-entra-en-zona-de-definiciones-electorales-alianzas-y-danza-de-nombres\/","url":"https:\/\/radioinfinitagoya.com.ar\/v1\/2025\/07\/29\/el-gobierno-entra-en-zona-de-definiciones-electorales-alianzas-y-danza-de-nombres\/","name":"El Gobierno entra en zona de definiciones electorales: alianzas y danza de nombres - Radio Infinita Goya","isPartOf":{"@id":"https:\/\/radioinfinitagoya.com.ar\/v1\/#website"},"primaryImageOfPage":{"@id":"https:\/\/radioinfinitagoya.com.ar\/v1\/2025\/07\/29\/el-gobierno-entra-en-zona-de-definiciones-electorales-alianzas-y-danza-de-nombres\/#primaryimage"},"image":{"@id":"https:\/\/radioinfinitagoya.com.ar\/v1\/2025\/07\/29\/el-gobierno-entra-en-zona-de-definiciones-electorales-alianzas-y-danza-de-nombres\/#primaryimage"},"thumbnailUrl":"https:\/\/radioinfinitagoya.com.ar\/v1\/wp-content\/uploads\/2025\/07\/1753788011816.webp","datePublished":"2025-07-29T19:59:13+00:00","description":"La Casa Rosada confirmar\u00e1 en las pr\u00f3ximas semanas su pol\u00edtica electoral, los candidatos y, en paralelo, las posibles primeras se\u00f1ales del segundo tramo","breadcrumb":{"@id":"https:\/\/radioinfinitagoya.com.ar\/v1\/2025\/07\/29\/el-gobierno-entra-en-zona-de-definiciones-electorales-alianzas-y-danza-de-nombres\/#breadcrumb"},"inLanguage":"es-AR","potentialAction":[{"@type":"ReadAction","target":["https:\/\/radioinfinitagoya.com.ar\/v1\/2025\/07\/29\/el-gobierno-entra-en-zona-de-definiciones-electorales-alianzas-y-danza-de-nombres\/"]}]},{"@type":"ImageObject","inLanguage":"es-AR","@id":"https:\/\/radioinfinitagoya.com.ar\/v1\/2025\/07\/29\/el-gobierno-entra-en-zona-de-definiciones-electorales-alianzas-y-danza-de-nombres\/#primaryimage","url":"https:\/\/radioinfinitagoya.com.ar\/v1\/wp-content\/uploads\/2025\/07\/1753788011816.webp","contentUrl":"https:\/\/radioinfinitagoya.com.ar\/v1\/wp-content\/uploads\/2025\/07\/1753788011816.webp","width":1200,"height":675},{"@type":"BreadcrumbList","@id":"https:\/\/radioinfinitagoya.com.ar\/v1\/2025\/07\/29\/el-gobierno-entra-en-zona-de-definiciones-electorales-alianzas-y-danza-de-nombres\/#breadcrumb","itemListElement":[{"@type":"ListItem","position":1,"name":"Inicio","item":"https:\/\/radioinfinitagoya.com.ar\/v1\/"},{"@type":"ListItem","position":2,"name":"El Gobierno entra en zona de definiciones electorales: alianzas y danza de nombres"}]},{"@type":"WebSite","@id":"https:\/\/radioinfinitagoya.com.ar\/v1\/#website","url":"https:\/\/radioinfinitagoya.com.ar\/v1\/","name":"radioinfinitagoya.com.ar","description":"Radio de noticias","publisher":{"@id":"https:\/\/radioinfinitagoya.com.ar\/v1\/#organization"},"potentialAction":[{"@type":"SearchAction","target":{"@type":"EntryPoint","urlTemplate":"https:\/\/radioinfinitagoya.com.ar\/v1\/?s={search_term_string}"},"query-input":{"@type":"PropertyValueSpecification","valueRequired":true,"valueName":"search_term_string"}}],"inLanguage":"es-AR"},{"@type":"Organization","@id":"https:\/\/radioinfinitagoya.com.ar\/v1\/#organization","name":"Radio Infinita Goya","url":"https:\/\/radioinfinitagoya.com.ar\/v1\/","logo":{"@type":"ImageObject","inLanguage":"es-AR","@id":"https:\/\/radioinfinitagoya.com.ar\/v1\/#\/schema\/logo\/image\/","url":"https:\/\/radioinfinitagoya.com.ar\/v1\/wp-content\/uploads\/2019\/11\/logo-pie-web.png","contentUrl":"https:\/\/radioinfinitagoya.com.ar\/v1\/wp-content\/uploads\/2019\/11\/logo-pie-web.png","width":635,"height":326,"caption":"Radio Infinita Goya"},"image":{"@id":"https:\/\/radioinfinitagoya.com.ar\/v1\/#\/schema\/logo\/image\/"},"sameAs":["https:\/\/www.facebook.com\/p\/Infinita-Goya-100063870918311\/"]},{"@type":"Person","@id":"https:\/\/radioinfinitagoya.com.ar\/v1\/#\/schema\/person\/d4cf9c413d4f6edb24aabdccab49ca4a","name":"Jorge Mi\u00f1o","image":{"@type":"ImageObject","inLanguage":"es-AR","@id":"https:\/\/secure.gravatar.com\/avatar\/910fcf6728fe95320e07a6643c1581fec1c7fc4bf8ae12e3d8f0d0373dc844be?s=96&d=mm&r=g","url":"https:\/\/secure.gravatar.com\/avatar\/910fcf6728fe95320e07a6643c1581fec1c7fc4bf8ae12e3d8f0d0373dc844be?s=96&d=mm&r=g","contentUrl":"https:\/\/secure.gravatar.com\/avatar\/910fcf6728fe95320e07a6643c1581fec1c7fc4bf8ae12e3d8f0d0373dc844be?s=96&d=mm&r=g","caption":"Jorge Mi\u00f1o"},"sameAs":["http:\/\/radioinfinitagoya.com.ar"]}]}},"_links":{"self":[{"href":"https:\/\/radioinfinitagoya.com.ar\/v1\/wp-json\/wp\/v2\/posts\/193539","targetHints":{"allow":["GET"]}}],"collection":[{"href":"https:\/\/radioinfinitagoya.com.ar\/v1\/wp-json\/wp\/v2\/posts"}],"about":[{"href":"https:\/\/radioinfinitagoya.com.ar\/v1\/wp-json\/wp\/v2\/types\/post"}],"author":[{"embeddable":true,"href":"https:\/\/radioinfinitagoya.com.ar\/v1\/wp-json\/wp\/v2\/users\/4"}],"replies":[{"embeddable":true,"href":"https:\/\/radioinfinitagoya.com.ar\/v1\/wp-json\/wp\/v2\/comments?post=193539"}],"version-history":[{"count":0,"href":"https:\/\/radioinfinitagoya.com.ar\/v1\/wp-json\/wp\/v2\/posts\/193539\/revisions"}],"wp:featuredmedia":[{"embeddable":true,"href":"https:\/\/radioinfinitagoya.com.ar\/v1\/wp-json\/wp\/v2\/media\/193540"}],"wp:attachment":[{"href":"https:\/\/radioinfinitagoya.com.ar\/v1\/wp-json\/wp\/v2\/media?parent=193539"}],"wp:term":[{"taxonomy":"category","embeddable":true,"href":"https:\/\/radioinfinitagoya.com.ar\/v1\/wp-json\/wp\/v2\/categories?post=193539"},{"taxonomy":"post_tag","embeddable":true,"href":"https:\/\/radioinfinitagoya.com.ar\/v1\/wp-json\/wp\/v2\/tags?post=193539"}],"curies":[{"name":"wp","href":"https:\/\/api.w.org\/{rel}","templated":true}]}}