{"id":193548,"date":"2025-07-29T17:13:11","date_gmt":"2025-07-29T20:13:11","guid":{"rendered":"https:\/\/radioinfinitagoya.com.ar\/v1\/?p=193548"},"modified":"2025-07-29T17:13:11","modified_gmt":"2025-07-29T20:13:11","slug":"mariano-hormaechea-acompano-el-inicio-de-reasfaltado-de-calle-jose-e-gomez","status":"publish","type":"post","link":"https:\/\/radioinfinitagoya.com.ar\/v1\/2025\/07\/29\/mariano-hormaechea-acompano-el-inicio-de-reasfaltado-de-calle-jose-e-gomez\/","title":{"rendered":"Mariano Hormaechea acompa\u00f1o el inicio de reasfaltado de calle Jos\u00e9 E. Gomez"},"content":{"rendered":"<p>Como estaba programado este martes, dieron inicio las obras de repavimentaci\u00f3n de calle Jos\u00e9 Eusebio G\u00f3mez, los trabajos en esta primera etapa alcanza en el tramo comprendido entre avenida Sarmiento y calle Baibiene. Esta obra permite mejorar las condiciones de transitabilidad otorgando mayor seguridad vial.<\/p>\n<p>Mariano Hormaechea acompa\u00f1\u00f3 el inicio de esta importante intervenci\u00f3n que se realiza en forma conjunta entre la gesti\u00f3n municipal y el gobierno provincial. Las mejoras de infraestructura de esta v\u00eda es un compromiso para dar respuesta con el objetivo de mejorar las condiciones viales de esta importante calle de la ciudad, que en el sector del centro, es una arteria comercial importante de la ciudad.<\/p>\n<p>Las obras se realizan en el reasfaltado de calle Jos\u00e9 G\u00f3mez, se concertar\u00e1n en toda la extensi\u00f3n desde Sarmiento a Madariaga. Estos trabajos se realizan con la producci\u00f3n de asfalto en la Planta Asf\u00e1ltica recientemente instalada y presentada por el Gobernador Gustavo Vald\u00e9s, ubicada en Vialidad Provincial.<\/p>\n<p>La operatividad de la mencionada planta proveer\u00e1 de material a la ciudad de Goya, Municipios de la regi\u00f3n y posibilitar\u00e1 intervenir en reparaciones de rutas de este sector de la provincia.<\/p>\n<p>Es oportuno destacar que los trabajos previos de bacheo, reparaci\u00f3n de losas de hormig\u00f3n armado en la mencionada calle, se realizan desde la Secretar\u00eda de Obras y Servicios P\u00fablicos de la Municipalidad de Goya, permitiendo otorgar condiciones en la base de la calle y lograr el reasfaltado.<\/p>\n<p>Adem\u00e1s la Municipalidad interviene a trav\u00e9s del PRODEGO en la cuadra que comprende Entre R\u00edos y Agust\u00edn P. Justo. En este sector se rectifican y reparan pluviales primarios.<\/p>\n<p>La Secretar\u00eda de obras y servicios p\u00fablicos prosigue con el bacheo y reparaci\u00f3n de losas en otros sectores de esta calle, para dejar en condiciones para el posterior reasfaltado.<\/p>\n<p>Mariano dialog\u00f3 con vecinos y comerciantes del lugar a quienes explic\u00f3 la metodolog\u00eda de trabajo y lo significativo de esta obra con las mejoras que se lograran beneficio de los goyanos.<\/p>\n<p>Acompa\u00f1aron al intendente los concejales Sebastian Mazzaro; Gabriela Refojos; M\u00f3nica Cortinovis; Jorge Zorzoli. Adem\u00e1s de las vicepresidente 2\u00b0 del HCD Viv\u00edan Merlo.<\/p>\n","protected":false},"excerpt":{"rendered":"<p>Como estaba programado este martes, dieron inicio las obras de repavimentaci\u00f3n de calle Jos\u00e9 Eusebio G\u00f3mez, los trabajos en esta primera etapa alcanza en el tramo comprendido entre avenida Sarmiento y calle Baibiene. Esta obra permite mejorar las condiciones de transitabilidad otorgando mayor seguridad vial. Mariano Hormaechea acompa\u00f1\u00f3 el inicio de esta importante intervenci\u00f3n que [&hellip;]<\/p>\n","protected":false},"author":4,"featured_media":193549,"comment_status":"closed","ping_status":"closed","sticky":false,"template":"","format":"standard","meta":{"_joinchat":[],"footnotes":""},"categories":[27],"tags":[],"class_list":{"0":"post-193548","1":"post","2":"type-post","3":"status-publish","4":"format-standard","5":"has-post-thumbnail","7":"category-locales"},"yoast_head":"<!-- This site is optimized with the Yoast SEO plugin v27.2 - https:\/\/yoast.com\/product\/yoast-seo-wordpress\/ -->\n<title>Mariano Hormaechea acompa\u00f1o el inicio de reasfaltado de calle Jos\u00e9 E. Gomez - Radio Infinita Goya<\/title>\n<meta name=\"description\" content=\"Como estaba programado este martes, dieron inicio las obras de repavimentaci\u00f3n de calle Jos\u00e9 Eusebio G\u00f3mez, los trabajos en esta primera etapa alcanza en\" \/>\n<meta name=\"robots\" content=\"index, follow, max-snippet:-1, max-image-preview:large, max-video-preview:-1\" \/>\n<link rel=\"canonical\" href=\"https:\/\/radioinfinitagoya.com.ar\/v1\/2025\/07\/29\/mariano-hormaechea-acompano-el-inicio-de-reasfaltado-de-calle-jose-e-gomez\/\" \/>\n<meta property=\"og:locale\" content=\"es_ES\" \/>\n<meta property=\"og:type\" content=\"article\" \/>\n<meta property=\"og:title\" content=\"Mariano Hormaechea acompa\u00f1o el inicio de reasfaltado de calle Jos\u00e9 E. Gomez - Radio Infinita Goya\" \/>\n<meta property=\"og:description\" content=\"Como estaba programado este martes, dieron inicio las obras de repavimentaci\u00f3n de calle Jos\u00e9 Eusebio G\u00f3mez, los trabajos en esta primera etapa alcanza en\" \/>\n<meta property=\"og:url\" content=\"https:\/\/radioinfinitagoya.com.ar\/v1\/2025\/07\/29\/mariano-hormaechea-acompano-el-inicio-de-reasfaltado-de-calle-jose-e-gomez\/\" \/>\n<meta property=\"og:site_name\" content=\"Radio Infinita Goya\" \/>\n<meta property=\"article:publisher\" content=\"https:\/\/www.facebook.com\/p\/Infinita-Goya-100063870918311\/\" \/>\n<meta property=\"article:published_time\" content=\"2025-07-29T20:13:11+00:00\" \/>\n<meta property=\"og:image\" content=\"https:\/\/radioinfinitagoya.com.ar\/v1\/wp-content\/uploads\/2025\/07\/reasfaltado_jose_gomez.jpg\" \/>\n\t<meta property=\"og:image:width\" content=\"848\" \/>\n\t<meta property=\"og:image:height\" content=\"477\" \/>\n\t<meta property=\"og:image:type\" content=\"image\/jpeg\" \/>\n<meta name=\"author\" content=\"Jorge Mi\u00f1o\" \/>\n<meta name=\"twitter:card\" content=\"summary_large_image\" \/>\n<meta name=\"twitter:label1\" content=\"Escrito por\" \/>\n\t<meta name=\"twitter:data1\" content=\"Jorge Mi\u00f1o\" \/>\n\t<meta name=\"twitter:label2\" content=\"Tiempo de lectura\" \/>\n\t<meta name=\"twitter:data2\" content=\"2 minutos\" \/>\n<script type=\"application\/ld+json\" class=\"yoast-schema-graph\">{\"@context\":\"https:\/\/schema.org\",\"@graph\":[{\"@type\":\"Article\",\"@id\":\"https:\/\/radioinfinitagoya.com.ar\/v1\/2025\/07\/29\/mariano-hormaechea-acompano-el-inicio-de-reasfaltado-de-calle-jose-e-gomez\/#article\",\"isPartOf\":{\"@id\":\"https:\/\/radioinfinitagoya.com.ar\/v1\/2025\/07\/29\/mariano-hormaechea-acompano-el-inicio-de-reasfaltado-de-calle-jose-e-gomez\/\"},\"author\":{\"name\":\"Jorge Mi\u00f1o\",\"@id\":\"https:\/\/radioinfinitagoya.com.ar\/v1\/#\/schema\/person\/d4cf9c413d4f6edb24aabdccab49ca4a\"},\"headline\":\"Mariano Hormaechea acompa\u00f1o el inicio de reasfaltado de calle Jos\u00e9 E. Gomez\",\"datePublished\":\"2025-07-29T20:13:11+00:00\",\"mainEntityOfPage\":{\"@id\":\"https:\/\/radioinfinitagoya.com.ar\/v1\/2025\/07\/29\/mariano-hormaechea-acompano-el-inicio-de-reasfaltado-de-calle-jose-e-gomez\/\"},\"wordCount\":385,\"publisher\":{\"@id\":\"https:\/\/radioinfinitagoya.com.ar\/v1\/#organization\"},\"image\":{\"@id\":\"https:\/\/radioinfinitagoya.com.ar\/v1\/2025\/07\/29\/mariano-hormaechea-acompano-el-inicio-de-reasfaltado-de-calle-jose-e-gomez\/#primaryimage\"},\"thumbnailUrl\":\"https:\/\/radioinfinitagoya.com.ar\/v1\/wp-content\/uploads\/2025\/07\/reasfaltado_jose_gomez.jpg\",\"articleSection\":[\"LOCALES\"],\"inLanguage\":\"es-AR\"},{\"@type\":\"WebPage\",\"@id\":\"https:\/\/radioinfinitagoya.com.ar\/v1\/2025\/07\/29\/mariano-hormaechea-acompano-el-inicio-de-reasfaltado-de-calle-jose-e-gomez\/\",\"url\":\"https:\/\/radioinfinitagoya.com.ar\/v1\/2025\/07\/29\/mariano-hormaechea-acompano-el-inicio-de-reasfaltado-de-calle-jose-e-gomez\/\",\"name\":\"Mariano Hormaechea acompa\u00f1o el inicio de reasfaltado de calle Jos\u00e9 E. Gomez - Radio Infinita Goya\",\"isPartOf\":{\"@id\":\"https:\/\/radioinfinitagoya.com.ar\/v1\/#website\"},\"primaryImageOfPage\":{\"@id\":\"https:\/\/radioinfinitagoya.com.ar\/v1\/2025\/07\/29\/mariano-hormaechea-acompano-el-inicio-de-reasfaltado-de-calle-jose-e-gomez\/#primaryimage\"},\"image\":{\"@id\":\"https:\/\/radioinfinitagoya.com.ar\/v1\/2025\/07\/29\/mariano-hormaechea-acompano-el-inicio-de-reasfaltado-de-calle-jose-e-gomez\/#primaryimage\"},\"thumbnailUrl\":\"https:\/\/radioinfinitagoya.com.ar\/v1\/wp-content\/uploads\/2025\/07\/reasfaltado_jose_gomez.jpg\",\"datePublished\":\"2025-07-29T20:13:11+00:00\",\"description\":\"Como estaba programado este martes, dieron inicio las obras de repavimentaci\u00f3n de calle Jos\u00e9 Eusebio G\u00f3mez, los trabajos en esta primera etapa alcanza en\",\"breadcrumb\":{\"@id\":\"https:\/\/radioinfinitagoya.com.ar\/v1\/2025\/07\/29\/mariano-hormaechea-acompano-el-inicio-de-reasfaltado-de-calle-jose-e-gomez\/#breadcrumb\"},\"inLanguage\":\"es-AR\",\"potentialAction\":[{\"@type\":\"ReadAction\",\"target\":[\"https:\/\/radioinfinitagoya.com.ar\/v1\/2025\/07\/29\/mariano-hormaechea-acompano-el-inicio-de-reasfaltado-de-calle-jose-e-gomez\/\"]}]},{\"@type\":\"ImageObject\",\"inLanguage\":\"es-AR\",\"@id\":\"https:\/\/radioinfinitagoya.com.ar\/v1\/2025\/07\/29\/mariano-hormaechea-acompano-el-inicio-de-reasfaltado-de-calle-jose-e-gomez\/#primaryimage\",\"url\":\"https:\/\/radioinfinitagoya.com.ar\/v1\/wp-content\/uploads\/2025\/07\/reasfaltado_jose_gomez.jpg\",\"contentUrl\":\"https:\/\/radioinfinitagoya.com.ar\/v1\/wp-content\/uploads\/2025\/07\/reasfaltado_jose_gomez.jpg\",\"width\":848,\"height\":477},{\"@type\":\"BreadcrumbList\",\"@id\":\"https:\/\/radioinfinitagoya.com.ar\/v1\/2025\/07\/29\/mariano-hormaechea-acompano-el-inicio-de-reasfaltado-de-calle-jose-e-gomez\/#breadcrumb\",\"itemListElement\":[{\"@type\":\"ListItem\",\"position\":1,\"name\":\"Inicio\",\"item\":\"https:\/\/radioinfinitagoya.com.ar\/v1\/\"},{\"@type\":\"ListItem\",\"position\":2,\"name\":\"Mariano Hormaechea acompa\u00f1o el inicio de reasfaltado de calle Jos\u00e9 E. Gomez\"}]},{\"@type\":\"WebSite\",\"@id\":\"https:\/\/radioinfinitagoya.com.ar\/v1\/#website\",\"url\":\"https:\/\/radioinfinitagoya.com.ar\/v1\/\",\"name\":\"radioinfinitagoya.com.ar\",\"description\":\"Radio de noticias\",\"publisher\":{\"@id\":\"https:\/\/radioinfinitagoya.com.ar\/v1\/#organization\"},\"potentialAction\":[{\"@type\":\"SearchAction\",\"target\":{\"@type\":\"EntryPoint\",\"urlTemplate\":\"https:\/\/radioinfinitagoya.com.ar\/v1\/?s={search_term_string}\"},\"query-input\":{\"@type\":\"PropertyValueSpecification\",\"valueRequired\":true,\"valueName\":\"search_term_string\"}}],\"inLanguage\":\"es-AR\"},{\"@type\":\"Organization\",\"@id\":\"https:\/\/radioinfinitagoya.com.ar\/v1\/#organization\",\"name\":\"Radio Infinita Goya\",\"url\":\"https:\/\/radioinfinitagoya.com.ar\/v1\/\",\"logo\":{\"@type\":\"ImageObject\",\"inLanguage\":\"es-AR\",\"@id\":\"https:\/\/radioinfinitagoya.com.ar\/v1\/#\/schema\/logo\/image\/\",\"url\":\"https:\/\/radioinfinitagoya.com.ar\/v1\/wp-content\/uploads\/2019\/11\/logo-pie-web.png\",\"contentUrl\":\"https:\/\/radioinfinitagoya.com.ar\/v1\/wp-content\/uploads\/2019\/11\/logo-pie-web.png\",\"width\":635,\"height\":326,\"caption\":\"Radio Infinita Goya\"},\"image\":{\"@id\":\"https:\/\/radioinfinitagoya.com.ar\/v1\/#\/schema\/logo\/image\/\"},\"sameAs\":[\"https:\/\/www.facebook.com\/p\/Infinita-Goya-100063870918311\/\"]},{\"@type\":\"Person\",\"@id\":\"https:\/\/radioinfinitagoya.com.ar\/v1\/#\/schema\/person\/d4cf9c413d4f6edb24aabdccab49ca4a\",\"name\":\"Jorge Mi\u00f1o\",\"image\":{\"@type\":\"ImageObject\",\"inLanguage\":\"es-AR\",\"@id\":\"https:\/\/secure.gravatar.com\/avatar\/910fcf6728fe95320e07a6643c1581fec1c7fc4bf8ae12e3d8f0d0373dc844be?s=96&d=mm&r=g\",\"url\":\"https:\/\/secure.gravatar.com\/avatar\/910fcf6728fe95320e07a6643c1581fec1c7fc4bf8ae12e3d8f0d0373dc844be?s=96&d=mm&r=g\",\"contentUrl\":\"https:\/\/secure.gravatar.com\/avatar\/910fcf6728fe95320e07a6643c1581fec1c7fc4bf8ae12e3d8f0d0373dc844be?s=96&d=mm&r=g\",\"caption\":\"Jorge Mi\u00f1o\"},\"sameAs\":[\"http:\/\/radioinfinitagoya.com.ar\"]}]}<\/script>\n<!-- \/ Yoast SEO plugin. -->","yoast_head_json":{"title":"Mariano Hormaechea acompa\u00f1o el inicio de reasfaltado de calle Jos\u00e9 E. Gomez - Radio Infinita Goya","description":"Como estaba programado este martes, dieron inicio las obras de repavimentaci\u00f3n de calle Jos\u00e9 Eusebio G\u00f3mez, los trabajos en esta primera etapa alcanza en","robots":{"index":"index","follow":"follow","max-snippet":"max-snippet:-1","max-image-preview":"max-image-preview:large","max-video-preview":"max-video-preview:-1"},"canonical":"https:\/\/radioinfinitagoya.com.ar\/v1\/2025\/07\/29\/mariano-hormaechea-acompano-el-inicio-de-reasfaltado-de-calle-jose-e-gomez\/","og_locale":"es_ES","og_type":"article","og_title":"Mariano Hormaechea acompa\u00f1o el inicio de reasfaltado de calle Jos\u00e9 E. Gomez - Radio Infinita Goya","og_description":"Como estaba programado este martes, dieron inicio las obras de repavimentaci\u00f3n de calle Jos\u00e9 Eusebio G\u00f3mez, los trabajos en esta primera etapa alcanza en","og_url":"https:\/\/radioinfinitagoya.com.ar\/v1\/2025\/07\/29\/mariano-hormaechea-acompano-el-inicio-de-reasfaltado-de-calle-jose-e-gomez\/","og_site_name":"Radio Infinita Goya","article_publisher":"https:\/\/www.facebook.com\/p\/Infinita-Goya-100063870918311\/","article_published_time":"2025-07-29T20:13:11+00:00","og_image":[{"width":848,"height":477,"url":"https:\/\/radioinfinitagoya.com.ar\/v1\/wp-content\/uploads\/2025\/07\/reasfaltado_jose_gomez.jpg","type":"image\/jpeg"}],"author":"Jorge Mi\u00f1o","twitter_card":"summary_large_image","twitter_misc":{"Escrito por":"Jorge Mi\u00f1o","Tiempo de lectura":"2 minutos"},"schema":{"@context":"https:\/\/schema.org","@graph":[{"@type":"Article","@id":"https:\/\/radioinfinitagoya.com.ar\/v1\/2025\/07\/29\/mariano-hormaechea-acompano-el-inicio-de-reasfaltado-de-calle-jose-e-gomez\/#article","isPartOf":{"@id":"https:\/\/radioinfinitagoya.com.ar\/v1\/2025\/07\/29\/mariano-hormaechea-acompano-el-inicio-de-reasfaltado-de-calle-jose-e-gomez\/"},"author":{"name":"Jorge Mi\u00f1o","@id":"https:\/\/radioinfinitagoya.com.ar\/v1\/#\/schema\/person\/d4cf9c413d4f6edb24aabdccab49ca4a"},"headline":"Mariano Hormaechea acompa\u00f1o el inicio de reasfaltado de calle Jos\u00e9 E. Gomez","datePublished":"2025-07-29T20:13:11+00:00","mainEntityOfPage":{"@id":"https:\/\/radioinfinitagoya.com.ar\/v1\/2025\/07\/29\/mariano-hormaechea-acompano-el-inicio-de-reasfaltado-de-calle-jose-e-gomez\/"},"wordCount":385,"publisher":{"@id":"https:\/\/radioinfinitagoya.com.ar\/v1\/#organization"},"image":{"@id":"https:\/\/radioinfinitagoya.com.ar\/v1\/2025\/07\/29\/mariano-hormaechea-acompano-el-inicio-de-reasfaltado-de-calle-jose-e-gomez\/#primaryimage"},"thumbnailUrl":"https:\/\/radioinfinitagoya.com.ar\/v1\/wp-content\/uploads\/2025\/07\/reasfaltado_jose_gomez.jpg","articleSection":["LOCALES"],"inLanguage":"es-AR"},{"@type":"WebPage","@id":"https:\/\/radioinfinitagoya.com.ar\/v1\/2025\/07\/29\/mariano-hormaechea-acompano-el-inicio-de-reasfaltado-de-calle-jose-e-gomez\/","url":"https:\/\/radioinfinitagoya.com.ar\/v1\/2025\/07\/29\/mariano-hormaechea-acompano-el-inicio-de-reasfaltado-de-calle-jose-e-gomez\/","name":"Mariano Hormaechea acompa\u00f1o el inicio de reasfaltado de calle Jos\u00e9 E. Gomez - Radio Infinita Goya","isPartOf":{"@id":"https:\/\/radioinfinitagoya.com.ar\/v1\/#website"},"primaryImageOfPage":{"@id":"https:\/\/radioinfinitagoya.com.ar\/v1\/2025\/07\/29\/mariano-hormaechea-acompano-el-inicio-de-reasfaltado-de-calle-jose-e-gomez\/#primaryimage"},"image":{"@id":"https:\/\/radioinfinitagoya.com.ar\/v1\/2025\/07\/29\/mariano-hormaechea-acompano-el-inicio-de-reasfaltado-de-calle-jose-e-gomez\/#primaryimage"},"thumbnailUrl":"https:\/\/radioinfinitagoya.com.ar\/v1\/wp-content\/uploads\/2025\/07\/reasfaltado_jose_gomez.jpg","datePublished":"2025-07-29T20:13:11+00:00","description":"Como estaba programado este martes, dieron inicio las obras de repavimentaci\u00f3n de calle Jos\u00e9 Eusebio G\u00f3mez, los trabajos en esta primera etapa alcanza en","breadcrumb":{"@id":"https:\/\/radioinfinitagoya.com.ar\/v1\/2025\/07\/29\/mariano-hormaechea-acompano-el-inicio-de-reasfaltado-de-calle-jose-e-gomez\/#breadcrumb"},"inLanguage":"es-AR","potentialAction":[{"@type":"ReadAction","target":["https:\/\/radioinfinitagoya.com.ar\/v1\/2025\/07\/29\/mariano-hormaechea-acompano-el-inicio-de-reasfaltado-de-calle-jose-e-gomez\/"]}]},{"@type":"ImageObject","inLanguage":"es-AR","@id":"https:\/\/radioinfinitagoya.com.ar\/v1\/2025\/07\/29\/mariano-hormaechea-acompano-el-inicio-de-reasfaltado-de-calle-jose-e-gomez\/#primaryimage","url":"https:\/\/radioinfinitagoya.com.ar\/v1\/wp-content\/uploads\/2025\/07\/reasfaltado_jose_gomez.jpg","contentUrl":"https:\/\/radioinfinitagoya.com.ar\/v1\/wp-content\/uploads\/2025\/07\/reasfaltado_jose_gomez.jpg","width":848,"height":477},{"@type":"BreadcrumbList","@id":"https:\/\/radioinfinitagoya.com.ar\/v1\/2025\/07\/29\/mariano-hormaechea-acompano-el-inicio-de-reasfaltado-de-calle-jose-e-gomez\/#breadcrumb","itemListElement":[{"@type":"ListItem","position":1,"name":"Inicio","item":"https:\/\/radioinfinitagoya.com.ar\/v1\/"},{"@type":"ListItem","position":2,"name":"Mariano Hormaechea acompa\u00f1o el inicio de reasfaltado de calle Jos\u00e9 E. Gomez"}]},{"@type":"WebSite","@id":"https:\/\/radioinfinitagoya.com.ar\/v1\/#website","url":"https:\/\/radioinfinitagoya.com.ar\/v1\/","name":"radioinfinitagoya.com.ar","description":"Radio de noticias","publisher":{"@id":"https:\/\/radioinfinitagoya.com.ar\/v1\/#organization"},"potentialAction":[{"@type":"SearchAction","target":{"@type":"EntryPoint","urlTemplate":"https:\/\/radioinfinitagoya.com.ar\/v1\/?s={search_term_string}"},"query-input":{"@type":"PropertyValueSpecification","valueRequired":true,"valueName":"search_term_string"}}],"inLanguage":"es-AR"},{"@type":"Organization","@id":"https:\/\/radioinfinitagoya.com.ar\/v1\/#organization","name":"Radio Infinita Goya","url":"https:\/\/radioinfinitagoya.com.ar\/v1\/","logo":{"@type":"ImageObject","inLanguage":"es-AR","@id":"https:\/\/radioinfinitagoya.com.ar\/v1\/#\/schema\/logo\/image\/","url":"https:\/\/radioinfinitagoya.com.ar\/v1\/wp-content\/uploads\/2019\/11\/logo-pie-web.png","contentUrl":"https:\/\/radioinfinitagoya.com.ar\/v1\/wp-content\/uploads\/2019\/11\/logo-pie-web.png","width":635,"height":326,"caption":"Radio Infinita Goya"},"image":{"@id":"https:\/\/radioinfinitagoya.com.ar\/v1\/#\/schema\/logo\/image\/"},"sameAs":["https:\/\/www.facebook.com\/p\/Infinita-Goya-100063870918311\/"]},{"@type":"Person","@id":"https:\/\/radioinfinitagoya.com.ar\/v1\/#\/schema\/person\/d4cf9c413d4f6edb24aabdccab49ca4a","name":"Jorge Mi\u00f1o","image":{"@type":"ImageObject","inLanguage":"es-AR","@id":"https:\/\/secure.gravatar.com\/avatar\/910fcf6728fe95320e07a6643c1581fec1c7fc4bf8ae12e3d8f0d0373dc844be?s=96&d=mm&r=g","url":"https:\/\/secure.gravatar.com\/avatar\/910fcf6728fe95320e07a6643c1581fec1c7fc4bf8ae12e3d8f0d0373dc844be?s=96&d=mm&r=g","contentUrl":"https:\/\/secure.gravatar.com\/avatar\/910fcf6728fe95320e07a6643c1581fec1c7fc4bf8ae12e3d8f0d0373dc844be?s=96&d=mm&r=g","caption":"Jorge Mi\u00f1o"},"sameAs":["http:\/\/radioinfinitagoya.com.ar"]}]}},"_links":{"self":[{"href":"https:\/\/radioinfinitagoya.com.ar\/v1\/wp-json\/wp\/v2\/posts\/193548","targetHints":{"allow":["GET"]}}],"collection":[{"href":"https:\/\/radioinfinitagoya.com.ar\/v1\/wp-json\/wp\/v2\/posts"}],"about":[{"href":"https:\/\/radioinfinitagoya.com.ar\/v1\/wp-json\/wp\/v2\/types\/post"}],"author":[{"embeddable":true,"href":"https:\/\/radioinfinitagoya.com.ar\/v1\/wp-json\/wp\/v2\/users\/4"}],"replies":[{"embeddable":true,"href":"https:\/\/radioinfinitagoya.com.ar\/v1\/wp-json\/wp\/v2\/comments?post=193548"}],"version-history":[{"count":0,"href":"https:\/\/radioinfinitagoya.com.ar\/v1\/wp-json\/wp\/v2\/posts\/193548\/revisions"}],"wp:featuredmedia":[{"embeddable":true,"href":"https:\/\/radioinfinitagoya.com.ar\/v1\/wp-json\/wp\/v2\/media\/193549"}],"wp:attachment":[{"href":"https:\/\/radioinfinitagoya.com.ar\/v1\/wp-json\/wp\/v2\/media?parent=193548"}],"wp:term":[{"taxonomy":"category","embeddable":true,"href":"https:\/\/radioinfinitagoya.com.ar\/v1\/wp-json\/wp\/v2\/categories?post=193548"},{"taxonomy":"post_tag","embeddable":true,"href":"https:\/\/radioinfinitagoya.com.ar\/v1\/wp-json\/wp\/v2\/tags?post=193548"}],"curies":[{"name":"wp","href":"https:\/\/api.w.org\/{rel}","templated":true}]}}