{"id":193551,"date":"2025-07-29T17:14:40","date_gmt":"2025-07-29T20:14:40","guid":{"rendered":"https:\/\/radioinfinitagoya.com.ar\/v1\/?p=193551"},"modified":"2025-07-29T17:14:40","modified_gmt":"2025-07-29T20:14:40","slug":"cria-1ra-goya-policia-recupero-bicicleta-de-alta-gama","status":"publish","type":"post","link":"https:\/\/radioinfinitagoya.com.ar\/v1\/2025\/07\/29\/cria-1ra-goya-policia-recupero-bicicleta-de-alta-gama\/","title":{"rendered":"Cria 1ra Goya: Polic\u00eda recuper\u00f3 bicicleta de alta gama"},"content":{"rendered":"<p>Efectivos policiales de la Comisar\u00eda 1ra de Goya, recuperaron en la ma\u00f1ana de hoy una bicicleta que fue sustra\u00edda en la v\u00edspera de la esquina de Juan E Mart\u00ednez y Jos\u00e9 G\u00f3mez, en el centro de Goya.<\/p>\n<p>La bicicleta, se trata de una SLP, rodado 26, de color roja con negro y hab\u00eda sido dejada estacionada por el hijo de la denunciante, mientras estaba en una consulta odontol\u00f3gica y al salir se dio cuenta que se la hab\u00edan sustra\u00eddo.<\/p>\n<p>Con la denuncia, de manera inmediata, se realizaron an\u00e1lisis de c\u00e1maras tanto del SIS 911 c\u00f3mo de c\u00e1maras privadas, pudiendo identificar a un sospechoso de haber sustra\u00eddo el rodado.<\/p>\n<p>Con esta informaci\u00f3n y bajo las formalidades legales, en la ma\u00f1ana de hoy se recuper\u00f3 la bicicleta y se procedi\u00f3 a la aprehensi\u00f3n del sospechoso, quien es de apellido OBREG\u00d3N (a) OREJA, con domicilio en zona sur de la ciudad.<\/p>\n<p>Mientras que el rodado ya fue devuelto a su propietaria, el aprehendido qued\u00f3 alojado en la Comisar\u00eda de menci\u00f3n.<\/p>\n","protected":false},"excerpt":{"rendered":"<p>Efectivos policiales de la Comisar\u00eda 1ra de Goya, recuperaron en la ma\u00f1ana de hoy una bicicleta que fue sustra\u00edda en la v\u00edspera de la esquina de Juan E Mart\u00ednez y Jos\u00e9 G\u00f3mez, en el centro de Goya. La bicicleta, se trata de una SLP, rodado 26, de color roja con negro y hab\u00eda sido dejada [&hellip;]<\/p>\n","protected":false},"author":4,"featured_media":193552,"comment_status":"closed","ping_status":"closed","sticky":false,"template":"","format":"standard","meta":{"_joinchat":[],"footnotes":""},"categories":[27],"tags":[],"class_list":{"0":"post-193551","1":"post","2":"type-post","3":"status-publish","4":"format-standard","5":"has-post-thumbnail","7":"category-locales"},"yoast_head":"<!-- This site is optimized with the Yoast SEO plugin v27.2 - https:\/\/yoast.com\/product\/yoast-seo-wordpress\/ -->\n<title>Cria 1ra Goya: Polic\u00eda recuper\u00f3 bicicleta de alta gama - Radio Infinita Goya<\/title>\n<meta name=\"description\" content=\"Efectivos policiales de la Comisar\u00eda 1ra de Goya, recuperaron en la ma\u00f1ana de hoy una bicicleta que fue sustra\u00edda en la v\u00edspera de la esquina de Juan E\" \/>\n<meta name=\"robots\" content=\"index, follow, max-snippet:-1, max-image-preview:large, max-video-preview:-1\" \/>\n<link rel=\"canonical\" href=\"https:\/\/radioinfinitagoya.com.ar\/v1\/2025\/07\/29\/cria-1ra-goya-policia-recupero-bicicleta-de-alta-gama\/\" \/>\n<meta property=\"og:locale\" content=\"es_ES\" \/>\n<meta property=\"og:type\" content=\"article\" \/>\n<meta property=\"og:title\" content=\"Cria 1ra Goya: Polic\u00eda recuper\u00f3 bicicleta de alta gama - Radio Infinita Goya\" \/>\n<meta property=\"og:description\" content=\"Efectivos policiales de la Comisar\u00eda 1ra de Goya, recuperaron en la ma\u00f1ana de hoy una bicicleta que fue sustra\u00edda en la v\u00edspera de la esquina de Juan E\" \/>\n<meta property=\"og:url\" content=\"https:\/\/radioinfinitagoya.com.ar\/v1\/2025\/07\/29\/cria-1ra-goya-policia-recupero-bicicleta-de-alta-gama\/\" \/>\n<meta property=\"og:site_name\" content=\"Radio Infinita Goya\" \/>\n<meta property=\"article:publisher\" content=\"https:\/\/www.facebook.com\/p\/Infinita-Goya-100063870918311\/\" \/>\n<meta property=\"article:published_time\" content=\"2025-07-29T20:14:40+00:00\" \/>\n<meta property=\"og:image\" content=\"https:\/\/radioinfinitagoya.com.ar\/v1\/wp-content\/uploads\/2025\/07\/comisariaa.jpg\" \/>\n\t<meta property=\"og:image:width\" content=\"848\" \/>\n\t<meta property=\"og:image:height\" content=\"477\" \/>\n\t<meta property=\"og:image:type\" content=\"image\/jpeg\" \/>\n<meta name=\"author\" content=\"Jorge Mi\u00f1o\" \/>\n<meta name=\"twitter:card\" content=\"summary_large_image\" \/>\n<meta name=\"twitter:label1\" content=\"Escrito por\" \/>\n\t<meta name=\"twitter:data1\" content=\"Jorge Mi\u00f1o\" \/>\n\t<meta name=\"twitter:label2\" content=\"Tiempo de lectura\" \/>\n\t<meta name=\"twitter:data2\" content=\"1 minuto\" \/>\n<script type=\"application\/ld+json\" class=\"yoast-schema-graph\">{\"@context\":\"https:\/\/schema.org\",\"@graph\":[{\"@type\":\"Article\",\"@id\":\"https:\/\/radioinfinitagoya.com.ar\/v1\/2025\/07\/29\/cria-1ra-goya-policia-recupero-bicicleta-de-alta-gama\/#article\",\"isPartOf\":{\"@id\":\"https:\/\/radioinfinitagoya.com.ar\/v1\/2025\/07\/29\/cria-1ra-goya-policia-recupero-bicicleta-de-alta-gama\/\"},\"author\":{\"name\":\"Jorge Mi\u00f1o\",\"@id\":\"https:\/\/radioinfinitagoya.com.ar\/v1\/#\/schema\/person\/d4cf9c413d4f6edb24aabdccab49ca4a\"},\"headline\":\"Cria 1ra Goya: Polic\u00eda recuper\u00f3 bicicleta de alta gama\",\"datePublished\":\"2025-07-29T20:14:40+00:00\",\"mainEntityOfPage\":{\"@id\":\"https:\/\/radioinfinitagoya.com.ar\/v1\/2025\/07\/29\/cria-1ra-goya-policia-recupero-bicicleta-de-alta-gama\/\"},\"wordCount\":196,\"publisher\":{\"@id\":\"https:\/\/radioinfinitagoya.com.ar\/v1\/#organization\"},\"image\":{\"@id\":\"https:\/\/radioinfinitagoya.com.ar\/v1\/2025\/07\/29\/cria-1ra-goya-policia-recupero-bicicleta-de-alta-gama\/#primaryimage\"},\"thumbnailUrl\":\"https:\/\/radioinfinitagoya.com.ar\/v1\/wp-content\/uploads\/2025\/07\/comisariaa.jpg\",\"articleSection\":[\"LOCALES\"],\"inLanguage\":\"es-AR\"},{\"@type\":\"WebPage\",\"@id\":\"https:\/\/radioinfinitagoya.com.ar\/v1\/2025\/07\/29\/cria-1ra-goya-policia-recupero-bicicleta-de-alta-gama\/\",\"url\":\"https:\/\/radioinfinitagoya.com.ar\/v1\/2025\/07\/29\/cria-1ra-goya-policia-recupero-bicicleta-de-alta-gama\/\",\"name\":\"Cria 1ra Goya: Polic\u00eda recuper\u00f3 bicicleta de alta gama - Radio Infinita Goya\",\"isPartOf\":{\"@id\":\"https:\/\/radioinfinitagoya.com.ar\/v1\/#website\"},\"primaryImageOfPage\":{\"@id\":\"https:\/\/radioinfinitagoya.com.ar\/v1\/2025\/07\/29\/cria-1ra-goya-policia-recupero-bicicleta-de-alta-gama\/#primaryimage\"},\"image\":{\"@id\":\"https:\/\/radioinfinitagoya.com.ar\/v1\/2025\/07\/29\/cria-1ra-goya-policia-recupero-bicicleta-de-alta-gama\/#primaryimage\"},\"thumbnailUrl\":\"https:\/\/radioinfinitagoya.com.ar\/v1\/wp-content\/uploads\/2025\/07\/comisariaa.jpg\",\"datePublished\":\"2025-07-29T20:14:40+00:00\",\"description\":\"Efectivos policiales de la Comisar\u00eda 1ra de Goya, recuperaron en la ma\u00f1ana de hoy una bicicleta que fue sustra\u00edda en la v\u00edspera de la esquina de Juan E\",\"breadcrumb\":{\"@id\":\"https:\/\/radioinfinitagoya.com.ar\/v1\/2025\/07\/29\/cria-1ra-goya-policia-recupero-bicicleta-de-alta-gama\/#breadcrumb\"},\"inLanguage\":\"es-AR\",\"potentialAction\":[{\"@type\":\"ReadAction\",\"target\":[\"https:\/\/radioinfinitagoya.com.ar\/v1\/2025\/07\/29\/cria-1ra-goya-policia-recupero-bicicleta-de-alta-gama\/\"]}]},{\"@type\":\"ImageObject\",\"inLanguage\":\"es-AR\",\"@id\":\"https:\/\/radioinfinitagoya.com.ar\/v1\/2025\/07\/29\/cria-1ra-goya-policia-recupero-bicicleta-de-alta-gama\/#primaryimage\",\"url\":\"https:\/\/radioinfinitagoya.com.ar\/v1\/wp-content\/uploads\/2025\/07\/comisariaa.jpg\",\"contentUrl\":\"https:\/\/radioinfinitagoya.com.ar\/v1\/wp-content\/uploads\/2025\/07\/comisariaa.jpg\",\"width\":848,\"height\":477},{\"@type\":\"BreadcrumbList\",\"@id\":\"https:\/\/radioinfinitagoya.com.ar\/v1\/2025\/07\/29\/cria-1ra-goya-policia-recupero-bicicleta-de-alta-gama\/#breadcrumb\",\"itemListElement\":[{\"@type\":\"ListItem\",\"position\":1,\"name\":\"Inicio\",\"item\":\"https:\/\/radioinfinitagoya.com.ar\/v1\/\"},{\"@type\":\"ListItem\",\"position\":2,\"name\":\"Cria 1ra Goya: Polic\u00eda recuper\u00f3 bicicleta de alta gama\"}]},{\"@type\":\"WebSite\",\"@id\":\"https:\/\/radioinfinitagoya.com.ar\/v1\/#website\",\"url\":\"https:\/\/radioinfinitagoya.com.ar\/v1\/\",\"name\":\"radioinfinitagoya.com.ar\",\"description\":\"Radio de noticias\",\"publisher\":{\"@id\":\"https:\/\/radioinfinitagoya.com.ar\/v1\/#organization\"},\"potentialAction\":[{\"@type\":\"SearchAction\",\"target\":{\"@type\":\"EntryPoint\",\"urlTemplate\":\"https:\/\/radioinfinitagoya.com.ar\/v1\/?s={search_term_string}\"},\"query-input\":{\"@type\":\"PropertyValueSpecification\",\"valueRequired\":true,\"valueName\":\"search_term_string\"}}],\"inLanguage\":\"es-AR\"},{\"@type\":\"Organization\",\"@id\":\"https:\/\/radioinfinitagoya.com.ar\/v1\/#organization\",\"name\":\"Radio Infinita Goya\",\"url\":\"https:\/\/radioinfinitagoya.com.ar\/v1\/\",\"logo\":{\"@type\":\"ImageObject\",\"inLanguage\":\"es-AR\",\"@id\":\"https:\/\/radioinfinitagoya.com.ar\/v1\/#\/schema\/logo\/image\/\",\"url\":\"https:\/\/radioinfinitagoya.com.ar\/v1\/wp-content\/uploads\/2019\/11\/logo-pie-web.png\",\"contentUrl\":\"https:\/\/radioinfinitagoya.com.ar\/v1\/wp-content\/uploads\/2019\/11\/logo-pie-web.png\",\"width\":635,\"height\":326,\"caption\":\"Radio Infinita Goya\"},\"image\":{\"@id\":\"https:\/\/radioinfinitagoya.com.ar\/v1\/#\/schema\/logo\/image\/\"},\"sameAs\":[\"https:\/\/www.facebook.com\/p\/Infinita-Goya-100063870918311\/\"]},{\"@type\":\"Person\",\"@id\":\"https:\/\/radioinfinitagoya.com.ar\/v1\/#\/schema\/person\/d4cf9c413d4f6edb24aabdccab49ca4a\",\"name\":\"Jorge Mi\u00f1o\",\"image\":{\"@type\":\"ImageObject\",\"inLanguage\":\"es-AR\",\"@id\":\"https:\/\/secure.gravatar.com\/avatar\/910fcf6728fe95320e07a6643c1581fec1c7fc4bf8ae12e3d8f0d0373dc844be?s=96&d=mm&r=g\",\"url\":\"https:\/\/secure.gravatar.com\/avatar\/910fcf6728fe95320e07a6643c1581fec1c7fc4bf8ae12e3d8f0d0373dc844be?s=96&d=mm&r=g\",\"contentUrl\":\"https:\/\/secure.gravatar.com\/avatar\/910fcf6728fe95320e07a6643c1581fec1c7fc4bf8ae12e3d8f0d0373dc844be?s=96&d=mm&r=g\",\"caption\":\"Jorge Mi\u00f1o\"},\"sameAs\":[\"http:\/\/radioinfinitagoya.com.ar\"]}]}<\/script>\n<!-- \/ Yoast SEO plugin. -->","yoast_head_json":{"title":"Cria 1ra Goya: Polic\u00eda recuper\u00f3 bicicleta de alta gama - Radio Infinita Goya","description":"Efectivos policiales de la Comisar\u00eda 1ra de Goya, recuperaron en la ma\u00f1ana de hoy una bicicleta que fue sustra\u00edda en la v\u00edspera de la esquina de Juan E","robots":{"index":"index","follow":"follow","max-snippet":"max-snippet:-1","max-image-preview":"max-image-preview:large","max-video-preview":"max-video-preview:-1"},"canonical":"https:\/\/radioinfinitagoya.com.ar\/v1\/2025\/07\/29\/cria-1ra-goya-policia-recupero-bicicleta-de-alta-gama\/","og_locale":"es_ES","og_type":"article","og_title":"Cria 1ra Goya: Polic\u00eda recuper\u00f3 bicicleta de alta gama - Radio Infinita Goya","og_description":"Efectivos policiales de la Comisar\u00eda 1ra de Goya, recuperaron en la ma\u00f1ana de hoy una bicicleta que fue sustra\u00edda en la v\u00edspera de la esquina de Juan E","og_url":"https:\/\/radioinfinitagoya.com.ar\/v1\/2025\/07\/29\/cria-1ra-goya-policia-recupero-bicicleta-de-alta-gama\/","og_site_name":"Radio Infinita Goya","article_publisher":"https:\/\/www.facebook.com\/p\/Infinita-Goya-100063870918311\/","article_published_time":"2025-07-29T20:14:40+00:00","og_image":[{"width":848,"height":477,"url":"https:\/\/radioinfinitagoya.com.ar\/v1\/wp-content\/uploads\/2025\/07\/comisariaa.jpg","type":"image\/jpeg"}],"author":"Jorge Mi\u00f1o","twitter_card":"summary_large_image","twitter_misc":{"Escrito por":"Jorge Mi\u00f1o","Tiempo de lectura":"1 minuto"},"schema":{"@context":"https:\/\/schema.org","@graph":[{"@type":"Article","@id":"https:\/\/radioinfinitagoya.com.ar\/v1\/2025\/07\/29\/cria-1ra-goya-policia-recupero-bicicleta-de-alta-gama\/#article","isPartOf":{"@id":"https:\/\/radioinfinitagoya.com.ar\/v1\/2025\/07\/29\/cria-1ra-goya-policia-recupero-bicicleta-de-alta-gama\/"},"author":{"name":"Jorge Mi\u00f1o","@id":"https:\/\/radioinfinitagoya.com.ar\/v1\/#\/schema\/person\/d4cf9c413d4f6edb24aabdccab49ca4a"},"headline":"Cria 1ra Goya: Polic\u00eda recuper\u00f3 bicicleta de alta gama","datePublished":"2025-07-29T20:14:40+00:00","mainEntityOfPage":{"@id":"https:\/\/radioinfinitagoya.com.ar\/v1\/2025\/07\/29\/cria-1ra-goya-policia-recupero-bicicleta-de-alta-gama\/"},"wordCount":196,"publisher":{"@id":"https:\/\/radioinfinitagoya.com.ar\/v1\/#organization"},"image":{"@id":"https:\/\/radioinfinitagoya.com.ar\/v1\/2025\/07\/29\/cria-1ra-goya-policia-recupero-bicicleta-de-alta-gama\/#primaryimage"},"thumbnailUrl":"https:\/\/radioinfinitagoya.com.ar\/v1\/wp-content\/uploads\/2025\/07\/comisariaa.jpg","articleSection":["LOCALES"],"inLanguage":"es-AR"},{"@type":"WebPage","@id":"https:\/\/radioinfinitagoya.com.ar\/v1\/2025\/07\/29\/cria-1ra-goya-policia-recupero-bicicleta-de-alta-gama\/","url":"https:\/\/radioinfinitagoya.com.ar\/v1\/2025\/07\/29\/cria-1ra-goya-policia-recupero-bicicleta-de-alta-gama\/","name":"Cria 1ra Goya: Polic\u00eda recuper\u00f3 bicicleta de alta gama - Radio Infinita Goya","isPartOf":{"@id":"https:\/\/radioinfinitagoya.com.ar\/v1\/#website"},"primaryImageOfPage":{"@id":"https:\/\/radioinfinitagoya.com.ar\/v1\/2025\/07\/29\/cria-1ra-goya-policia-recupero-bicicleta-de-alta-gama\/#primaryimage"},"image":{"@id":"https:\/\/radioinfinitagoya.com.ar\/v1\/2025\/07\/29\/cria-1ra-goya-policia-recupero-bicicleta-de-alta-gama\/#primaryimage"},"thumbnailUrl":"https:\/\/radioinfinitagoya.com.ar\/v1\/wp-content\/uploads\/2025\/07\/comisariaa.jpg","datePublished":"2025-07-29T20:14:40+00:00","description":"Efectivos policiales de la Comisar\u00eda 1ra de Goya, recuperaron en la ma\u00f1ana de hoy una bicicleta que fue sustra\u00edda en la v\u00edspera de la esquina de Juan E","breadcrumb":{"@id":"https:\/\/radioinfinitagoya.com.ar\/v1\/2025\/07\/29\/cria-1ra-goya-policia-recupero-bicicleta-de-alta-gama\/#breadcrumb"},"inLanguage":"es-AR","potentialAction":[{"@type":"ReadAction","target":["https:\/\/radioinfinitagoya.com.ar\/v1\/2025\/07\/29\/cria-1ra-goya-policia-recupero-bicicleta-de-alta-gama\/"]}]},{"@type":"ImageObject","inLanguage":"es-AR","@id":"https:\/\/radioinfinitagoya.com.ar\/v1\/2025\/07\/29\/cria-1ra-goya-policia-recupero-bicicleta-de-alta-gama\/#primaryimage","url":"https:\/\/radioinfinitagoya.com.ar\/v1\/wp-content\/uploads\/2025\/07\/comisariaa.jpg","contentUrl":"https:\/\/radioinfinitagoya.com.ar\/v1\/wp-content\/uploads\/2025\/07\/comisariaa.jpg","width":848,"height":477},{"@type":"BreadcrumbList","@id":"https:\/\/radioinfinitagoya.com.ar\/v1\/2025\/07\/29\/cria-1ra-goya-policia-recupero-bicicleta-de-alta-gama\/#breadcrumb","itemListElement":[{"@type":"ListItem","position":1,"name":"Inicio","item":"https:\/\/radioinfinitagoya.com.ar\/v1\/"},{"@type":"ListItem","position":2,"name":"Cria 1ra Goya: Polic\u00eda recuper\u00f3 bicicleta de alta gama"}]},{"@type":"WebSite","@id":"https:\/\/radioinfinitagoya.com.ar\/v1\/#website","url":"https:\/\/radioinfinitagoya.com.ar\/v1\/","name":"radioinfinitagoya.com.ar","description":"Radio de noticias","publisher":{"@id":"https:\/\/radioinfinitagoya.com.ar\/v1\/#organization"},"potentialAction":[{"@type":"SearchAction","target":{"@type":"EntryPoint","urlTemplate":"https:\/\/radioinfinitagoya.com.ar\/v1\/?s={search_term_string}"},"query-input":{"@type":"PropertyValueSpecification","valueRequired":true,"valueName":"search_term_string"}}],"inLanguage":"es-AR"},{"@type":"Organization","@id":"https:\/\/radioinfinitagoya.com.ar\/v1\/#organization","name":"Radio Infinita Goya","url":"https:\/\/radioinfinitagoya.com.ar\/v1\/","logo":{"@type":"ImageObject","inLanguage":"es-AR","@id":"https:\/\/radioinfinitagoya.com.ar\/v1\/#\/schema\/logo\/image\/","url":"https:\/\/radioinfinitagoya.com.ar\/v1\/wp-content\/uploads\/2019\/11\/logo-pie-web.png","contentUrl":"https:\/\/radioinfinitagoya.com.ar\/v1\/wp-content\/uploads\/2019\/11\/logo-pie-web.png","width":635,"height":326,"caption":"Radio Infinita Goya"},"image":{"@id":"https:\/\/radioinfinitagoya.com.ar\/v1\/#\/schema\/logo\/image\/"},"sameAs":["https:\/\/www.facebook.com\/p\/Infinita-Goya-100063870918311\/"]},{"@type":"Person","@id":"https:\/\/radioinfinitagoya.com.ar\/v1\/#\/schema\/person\/d4cf9c413d4f6edb24aabdccab49ca4a","name":"Jorge Mi\u00f1o","image":{"@type":"ImageObject","inLanguage":"es-AR","@id":"https:\/\/secure.gravatar.com\/avatar\/910fcf6728fe95320e07a6643c1581fec1c7fc4bf8ae12e3d8f0d0373dc844be?s=96&d=mm&r=g","url":"https:\/\/secure.gravatar.com\/avatar\/910fcf6728fe95320e07a6643c1581fec1c7fc4bf8ae12e3d8f0d0373dc844be?s=96&d=mm&r=g","contentUrl":"https:\/\/secure.gravatar.com\/avatar\/910fcf6728fe95320e07a6643c1581fec1c7fc4bf8ae12e3d8f0d0373dc844be?s=96&d=mm&r=g","caption":"Jorge Mi\u00f1o"},"sameAs":["http:\/\/radioinfinitagoya.com.ar"]}]}},"_links":{"self":[{"href":"https:\/\/radioinfinitagoya.com.ar\/v1\/wp-json\/wp\/v2\/posts\/193551","targetHints":{"allow":["GET"]}}],"collection":[{"href":"https:\/\/radioinfinitagoya.com.ar\/v1\/wp-json\/wp\/v2\/posts"}],"about":[{"href":"https:\/\/radioinfinitagoya.com.ar\/v1\/wp-json\/wp\/v2\/types\/post"}],"author":[{"embeddable":true,"href":"https:\/\/radioinfinitagoya.com.ar\/v1\/wp-json\/wp\/v2\/users\/4"}],"replies":[{"embeddable":true,"href":"https:\/\/radioinfinitagoya.com.ar\/v1\/wp-json\/wp\/v2\/comments?post=193551"}],"version-history":[{"count":0,"href":"https:\/\/radioinfinitagoya.com.ar\/v1\/wp-json\/wp\/v2\/posts\/193551\/revisions"}],"wp:featuredmedia":[{"embeddable":true,"href":"https:\/\/radioinfinitagoya.com.ar\/v1\/wp-json\/wp\/v2\/media\/193552"}],"wp:attachment":[{"href":"https:\/\/radioinfinitagoya.com.ar\/v1\/wp-json\/wp\/v2\/media?parent=193551"}],"wp:term":[{"taxonomy":"category","embeddable":true,"href":"https:\/\/radioinfinitagoya.com.ar\/v1\/wp-json\/wp\/v2\/categories?post=193551"},{"taxonomy":"post_tag","embeddable":true,"href":"https:\/\/radioinfinitagoya.com.ar\/v1\/wp-json\/wp\/v2\/tags?post=193551"}],"curies":[{"name":"wp","href":"https:\/\/api.w.org\/{rel}","templated":true}]}}