{"id":193554,"date":"2025-07-29T17:18:24","date_gmt":"2025-07-29T20:18:24","guid":{"rendered":"https:\/\/radioinfinitagoya.com.ar\/v1\/?p=193554"},"modified":"2025-07-29T17:18:24","modified_gmt":"2025-07-29T20:18:24","slug":"29o-concurso-argentino-de-pesca-este-fin-de-semana","status":"publish","type":"post","link":"https:\/\/radioinfinitagoya.com.ar\/v1\/2025\/07\/29\/29o-concurso-argentino-de-pesca-este-fin-de-semana\/","title":{"rendered":"29\u00ba Concurso Argentino de Pesca: Este fin de semana"},"content":{"rendered":"<p>Goya ser\u00e1 epicentro pesquero con la Variada Embarcada<\/p>\n<p>Este lunes se concret\u00f3 el anuncio oficial del 29\u00ba Concurso Argentino de Pesca Variada Embarcada con Devoluci\u00f3n a realizarse en Goya del 1 al 3 de agosto en Costa Surub\u00ed. El secretario de Turismo de la municipalidad, Sebasti\u00e1n Candia, analiz\u00f3 el fen\u00f3meno que a\u00f1o a a\u00f1o convoca a pescadores de la Argentina y pa\u00edses lim\u00edtrofes.<\/p>\n<p><img loading=\"lazy\" decoding=\"async\" class=\"alignnone size-full wp-image-193555\" src=\"https:\/\/radioinfinitagoya.com.ar\/v1\/wp-content\/uploads\/2025\/07\/525463427_1057776739798194_6973421621950856716_n.jpg\" alt=\"\" width=\"1600\" height=\"1066\" srcset=\"https:\/\/radioinfinitagoya.com.ar\/v1\/wp-content\/uploads\/2025\/07\/525463427_1057776739798194_6973421621950856716_n.jpg 1600w, https:\/\/radioinfinitagoya.com.ar\/v1\/wp-content\/uploads\/2025\/07\/525463427_1057776739798194_6973421621950856716_n-696x464.jpg 696w, https:\/\/radioinfinitagoya.com.ar\/v1\/wp-content\/uploads\/2025\/07\/525463427_1057776739798194_6973421621950856716_n-1068x712.jpg 1068w, https:\/\/radioinfinitagoya.com.ar\/v1\/wp-content\/uploads\/2025\/07\/525463427_1057776739798194_6973421621950856716_n-630x420.jpg 630w\" sizes=\"auto, (max-width: 1600px) 100vw, 1600px\" \/><\/p>\n<p>El anuncio se realiz\u00f3 en el sal\u00f3n multiuso \u201cCoqui Correa\u201d del Multiespacio Ferial Costa Surub\u00ed.<\/p>\n<p>Junto al intendente, Mariano Hormaechea, participaron de la presentaci\u00f3n el presidente de la Comisi\u00f3n Organizadora Juan Pablo Barrientos y el secretario de Turismo, Sebasti\u00e1n Candia De Biasio.<\/p>\n<p>El titular de Turismo consider\u00f3 al concurso que inicia este viernes como \u201cel resultado de un trabajo que se viene llevando a cabo hace muchos a\u00f1os en la pesca variada que es la pesca del futuro\u201d vaticin\u00f3.<\/p>\n<p><img loading=\"lazy\" decoding=\"async\" class=\"alignnone size-full wp-image-193556\" src=\"https:\/\/radioinfinitagoya.com.ar\/v1\/wp-content\/uploads\/2025\/07\/525191022_1057776719798196_5938891829474871172_n.jpg\" alt=\"\" width=\"1325\" height=\"1066\" srcset=\"https:\/\/radioinfinitagoya.com.ar\/v1\/wp-content\/uploads\/2025\/07\/525191022_1057776719798196_5938891829474871172_n.jpg 1325w, https:\/\/radioinfinitagoya.com.ar\/v1\/wp-content\/uploads\/2025\/07\/525191022_1057776719798196_5938891829474871172_n-696x560.jpg 696w, https:\/\/radioinfinitagoya.com.ar\/v1\/wp-content\/uploads\/2025\/07\/525191022_1057776719798196_5938891829474871172_n-1068x859.jpg 1068w, https:\/\/radioinfinitagoya.com.ar\/v1\/wp-content\/uploads\/2025\/07\/525191022_1057776719798196_5938891829474871172_n-522x420.jpg 522w\" sizes=\"auto, (max-width: 1325px) 100vw, 1325px\" \/><\/p>\n<p>\u201cLos desastres ecol\u00f3gicos atentan contra especies puntuales como por ejemplo el surub\u00ed y el dorado y se nota una notable disminuci\u00f3n en la cantidad de peces. Lo cierto es que la provincia de Corrientes viene haciendo un gran esfuerzo para contrarrestar el efecto, es una provincia que tiene reglas claras y zonas de reservas, as\u00ed que creo que vamos a tener Fiesta del Surub\u00ed con capturas durante muchos a\u00f1os m\u00e1s\u201d asever\u00f3.<\/p>\n<p>Consider\u00f3 que la Variada es una alternativa muy rica en cuanto a la diversidad de especies y la t\u00e9cnica de pesca. \u201cEl pescador de variada es muy t\u00e9cnico, no gana un concurso de variada por casualidad\u2026nosotros tenemos un r\u00edo que nos permite obtener much\u00edsimas capturas en una cancha de pesca corta, tenemos la posibilidad de obtener gran variedad de especies, nuestra geograf\u00eda nos permite so\u00f1ar con un concurso cada vez m\u00e1s grande\u201d.<\/p>\n<p>POTENCIAR ATENCI\u00d3N Y SERVICIOS<\/p>\n<p>Consultado por una proyecci\u00f3n en el n\u00famero de equipos participantes. El funcionario manifest\u00f3 que, hay muchas expectativas en relaci\u00f3n a la cantidad de inscriptos de esta edici\u00f3n, apostando a brindar calidad, servicio y potenciar una fiscalizaci\u00f3n transparente.<\/p>\n<p>\u201cEn un a\u00f1o en donde la econom\u00eda viene castigando a much\u00edsima gente, por ah\u00ed so\u00f1ar en tener un concurso de 300 a 400 lanchas es un tanto ut\u00f3pico, pero desde la municipalidad y la comisi\u00f3n tenemos en claro que el crecimiento no se da en n\u00fameros sino en fiscalizaci\u00f3n, servicios, en calidad, que el pescador elija la ciudad de Goya para venir, nosotros tenemos que crecer en transparencia, calidad y atenci\u00f3n, por m\u00e1s que el n\u00famero de equipo sea igual al a\u00f1o anterior\u201d reiter\u00f3.<\/p>\n<p>Un maravilloso escenario natural espera al turista y al pescador que va a venir a Goya este fin de semana. Sumado a la infraestructura hotelera y gastron\u00f3mica, adem\u00e1s de los atractivos que posee la ciudad llamado \u201cfactor de diversi\u00f3n asociado a la pesca deportiva\u201d.<\/p>\n<p>\u201cSe trata de trabajar en un todo. Verdaderamente hay un gran esfuerzo en hacer la Fiesta Variada durante tres d\u00edas. El intendente con una mirada muy clara decidi\u00f3 mantener los tres d\u00edas y apostar a que esto siga creciendo\u201d confes\u00f3.<\/p>\n<p>El certamen deportivo tambi\u00e9n estar\u00e1 acompa\u00f1ado de distintos espect\u00e1culos musicales y art\u00edsticos, presencia de artesanos y emprendedores en la expo, propuestas gastron\u00f3micas, como as\u00ed tambi\u00e9n actividades relacionadas con la naturaleza.<\/p>\n<p>\u201cYo creo que va a ser un maravilloso fin de semana, ojal\u00e1 el clima nos acompa\u00f1e, que no est\u00e9 tan fr\u00edo y que la familia pueda disfrutar de opciones de primera calidad, totalmente libre y gratuita\u201d<\/p>\n<p>FISCALIZACI\u00d3N<\/p>\n<p>Tal como se comunic\u00f3 este lunes durante la conferencia de Prensa, este a\u00f1o vuelven a fiscalizar el concurso gente de Goya, Fiscales Goya. Hace seis a\u00f1os que no fiscalizan y en esta edici\u00f3n vuelven a la cancha de pesca los fiscales que se capacitaron en Escuelas de Fiscales.<\/p>\n<p>\u201cHubo un proceso de formaci\u00f3n de recursos humanos y hoy tenemos estos frutos, as\u00ed que conf\u00edo plenamente en que van a hacer bien el trabajo y que los pescadores ayuden\u201d cerr\u00f3 Candia.<\/p>\n<p>&nbsp;<\/p>\n<p>&nbsp;<\/p>\n<p>&nbsp;<\/p>\n","protected":false},"excerpt":{"rendered":"<p>Goya ser\u00e1 epicentro pesquero con la Variada Embarcada Este lunes se concret\u00f3 el anuncio oficial del 29\u00ba Concurso Argentino de Pesca Variada Embarcada con Devoluci\u00f3n a realizarse en Goya del 1 al 3 de agosto en Costa Surub\u00ed. El secretario de Turismo de la municipalidad, Sebasti\u00e1n Candia, analiz\u00f3 el fen\u00f3meno que a\u00f1o a a\u00f1o convoca [&hellip;]<\/p>\n","protected":false},"author":4,"featured_media":193557,"comment_status":"closed","ping_status":"closed","sticky":false,"template":"","format":"standard","meta":{"_joinchat":[],"footnotes":""},"categories":[27],"tags":[],"class_list":{"0":"post-193554","1":"post","2":"type-post","3":"status-publish","4":"format-standard","5":"has-post-thumbnail","7":"category-locales"},"yoast_head":"<!-- This site is optimized with the Yoast SEO plugin v27.2 - https:\/\/yoast.com\/product\/yoast-seo-wordpress\/ -->\n<title>29\u00ba Concurso Argentino de Pesca: Este fin de semana - Radio Infinita Goya<\/title>\n<meta name=\"description\" content=\"Goya ser\u00e1 epicentro pesquero con la Variada Embarcada Este lunes se concret\u00f3 el anuncio oficial del 29\u00ba Concurso Argentino de Pesca Variada Embarcada con\" \/>\n<meta name=\"robots\" content=\"index, follow, max-snippet:-1, max-image-preview:large, max-video-preview:-1\" \/>\n<link rel=\"canonical\" href=\"https:\/\/radioinfinitagoya.com.ar\/v1\/2025\/07\/29\/29o-concurso-argentino-de-pesca-este-fin-de-semana\/\" \/>\n<meta property=\"og:locale\" content=\"es_ES\" \/>\n<meta property=\"og:type\" content=\"article\" \/>\n<meta property=\"og:title\" content=\"29\u00ba Concurso Argentino de Pesca: Este fin de semana - Radio Infinita Goya\" \/>\n<meta property=\"og:description\" content=\"Goya ser\u00e1 epicentro pesquero con la Variada Embarcada Este lunes se concret\u00f3 el anuncio oficial del 29\u00ba Concurso Argentino de Pesca Variada Embarcada con\" \/>\n<meta property=\"og:url\" content=\"https:\/\/radioinfinitagoya.com.ar\/v1\/2025\/07\/29\/29o-concurso-argentino-de-pesca-este-fin-de-semana\/\" \/>\n<meta property=\"og:site_name\" content=\"Radio Infinita Goya\" \/>\n<meta property=\"article:publisher\" content=\"https:\/\/www.facebook.com\/p\/Infinita-Goya-100063870918311\/\" \/>\n<meta property=\"article:published_time\" content=\"2025-07-29T20:18:24+00:00\" \/>\n<meta property=\"og:image\" content=\"https:\/\/radioinfinitagoya.com.ar\/v1\/wp-content\/uploads\/2025\/07\/525826941_1057776866464848_5981091693869601553_n.jpg\" \/>\n\t<meta property=\"og:image:width\" content=\"1541\" \/>\n\t<meta property=\"og:image:height\" content=\"687\" \/>\n\t<meta property=\"og:image:type\" content=\"image\/jpeg\" \/>\n<meta name=\"author\" content=\"Jorge Mi\u00f1o\" \/>\n<meta name=\"twitter:card\" content=\"summary_large_image\" \/>\n<meta name=\"twitter:label1\" content=\"Escrito por\" \/>\n\t<meta name=\"twitter:data1\" content=\"Jorge Mi\u00f1o\" \/>\n\t<meta name=\"twitter:label2\" content=\"Tiempo de lectura\" \/>\n\t<meta name=\"twitter:data2\" content=\"4 minutos\" \/>\n<script type=\"application\/ld+json\" class=\"yoast-schema-graph\">{\"@context\":\"https:\/\/schema.org\",\"@graph\":[{\"@type\":\"Article\",\"@id\":\"https:\/\/radioinfinitagoya.com.ar\/v1\/2025\/07\/29\/29o-concurso-argentino-de-pesca-este-fin-de-semana\/#article\",\"isPartOf\":{\"@id\":\"https:\/\/radioinfinitagoya.com.ar\/v1\/2025\/07\/29\/29o-concurso-argentino-de-pesca-este-fin-de-semana\/\"},\"author\":{\"name\":\"Jorge Mi\u00f1o\",\"@id\":\"https:\/\/radioinfinitagoya.com.ar\/v1\/#\/schema\/person\/d4cf9c413d4f6edb24aabdccab49ca4a\"},\"headline\":\"29\u00ba Concurso Argentino de Pesca: Este fin de semana\",\"datePublished\":\"2025-07-29T20:18:24+00:00\",\"mainEntityOfPage\":{\"@id\":\"https:\/\/radioinfinitagoya.com.ar\/v1\/2025\/07\/29\/29o-concurso-argentino-de-pesca-este-fin-de-semana\/\"},\"wordCount\":708,\"publisher\":{\"@id\":\"https:\/\/radioinfinitagoya.com.ar\/v1\/#organization\"},\"image\":{\"@id\":\"https:\/\/radioinfinitagoya.com.ar\/v1\/2025\/07\/29\/29o-concurso-argentino-de-pesca-este-fin-de-semana\/#primaryimage\"},\"thumbnailUrl\":\"https:\/\/radioinfinitagoya.com.ar\/v1\/wp-content\/uploads\/2025\/07\/525826941_1057776866464848_5981091693869601553_n.jpg\",\"articleSection\":[\"LOCALES\"],\"inLanguage\":\"es-AR\"},{\"@type\":\"WebPage\",\"@id\":\"https:\/\/radioinfinitagoya.com.ar\/v1\/2025\/07\/29\/29o-concurso-argentino-de-pesca-este-fin-de-semana\/\",\"url\":\"https:\/\/radioinfinitagoya.com.ar\/v1\/2025\/07\/29\/29o-concurso-argentino-de-pesca-este-fin-de-semana\/\",\"name\":\"29\u00ba Concurso Argentino de Pesca: Este fin de semana - Radio Infinita Goya\",\"isPartOf\":{\"@id\":\"https:\/\/radioinfinitagoya.com.ar\/v1\/#website\"},\"primaryImageOfPage\":{\"@id\":\"https:\/\/radioinfinitagoya.com.ar\/v1\/2025\/07\/29\/29o-concurso-argentino-de-pesca-este-fin-de-semana\/#primaryimage\"},\"image\":{\"@id\":\"https:\/\/radioinfinitagoya.com.ar\/v1\/2025\/07\/29\/29o-concurso-argentino-de-pesca-este-fin-de-semana\/#primaryimage\"},\"thumbnailUrl\":\"https:\/\/radioinfinitagoya.com.ar\/v1\/wp-content\/uploads\/2025\/07\/525826941_1057776866464848_5981091693869601553_n.jpg\",\"datePublished\":\"2025-07-29T20:18:24+00:00\",\"description\":\"Goya ser\u00e1 epicentro pesquero con la Variada Embarcada Este lunes se concret\u00f3 el anuncio oficial del 29\u00ba Concurso Argentino de Pesca Variada Embarcada con\",\"breadcrumb\":{\"@id\":\"https:\/\/radioinfinitagoya.com.ar\/v1\/2025\/07\/29\/29o-concurso-argentino-de-pesca-este-fin-de-semana\/#breadcrumb\"},\"inLanguage\":\"es-AR\",\"potentialAction\":[{\"@type\":\"ReadAction\",\"target\":[\"https:\/\/radioinfinitagoya.com.ar\/v1\/2025\/07\/29\/29o-concurso-argentino-de-pesca-este-fin-de-semana\/\"]}]},{\"@type\":\"ImageObject\",\"inLanguage\":\"es-AR\",\"@id\":\"https:\/\/radioinfinitagoya.com.ar\/v1\/2025\/07\/29\/29o-concurso-argentino-de-pesca-este-fin-de-semana\/#primaryimage\",\"url\":\"https:\/\/radioinfinitagoya.com.ar\/v1\/wp-content\/uploads\/2025\/07\/525826941_1057776866464848_5981091693869601553_n.jpg\",\"contentUrl\":\"https:\/\/radioinfinitagoya.com.ar\/v1\/wp-content\/uploads\/2025\/07\/525826941_1057776866464848_5981091693869601553_n.jpg\",\"width\":1541,\"height\":687},{\"@type\":\"BreadcrumbList\",\"@id\":\"https:\/\/radioinfinitagoya.com.ar\/v1\/2025\/07\/29\/29o-concurso-argentino-de-pesca-este-fin-de-semana\/#breadcrumb\",\"itemListElement\":[{\"@type\":\"ListItem\",\"position\":1,\"name\":\"Inicio\",\"item\":\"https:\/\/radioinfinitagoya.com.ar\/v1\/\"},{\"@type\":\"ListItem\",\"position\":2,\"name\":\"29\u00ba Concurso Argentino de Pesca: Este fin de semana\"}]},{\"@type\":\"WebSite\",\"@id\":\"https:\/\/radioinfinitagoya.com.ar\/v1\/#website\",\"url\":\"https:\/\/radioinfinitagoya.com.ar\/v1\/\",\"name\":\"radioinfinitagoya.com.ar\",\"description\":\"Radio de noticias\",\"publisher\":{\"@id\":\"https:\/\/radioinfinitagoya.com.ar\/v1\/#organization\"},\"potentialAction\":[{\"@type\":\"SearchAction\",\"target\":{\"@type\":\"EntryPoint\",\"urlTemplate\":\"https:\/\/radioinfinitagoya.com.ar\/v1\/?s={search_term_string}\"},\"query-input\":{\"@type\":\"PropertyValueSpecification\",\"valueRequired\":true,\"valueName\":\"search_term_string\"}}],\"inLanguage\":\"es-AR\"},{\"@type\":\"Organization\",\"@id\":\"https:\/\/radioinfinitagoya.com.ar\/v1\/#organization\",\"name\":\"Radio Infinita Goya\",\"url\":\"https:\/\/radioinfinitagoya.com.ar\/v1\/\",\"logo\":{\"@type\":\"ImageObject\",\"inLanguage\":\"es-AR\",\"@id\":\"https:\/\/radioinfinitagoya.com.ar\/v1\/#\/schema\/logo\/image\/\",\"url\":\"https:\/\/radioinfinitagoya.com.ar\/v1\/wp-content\/uploads\/2019\/11\/logo-pie-web.png\",\"contentUrl\":\"https:\/\/radioinfinitagoya.com.ar\/v1\/wp-content\/uploads\/2019\/11\/logo-pie-web.png\",\"width\":635,\"height\":326,\"caption\":\"Radio Infinita Goya\"},\"image\":{\"@id\":\"https:\/\/radioinfinitagoya.com.ar\/v1\/#\/schema\/logo\/image\/\"},\"sameAs\":[\"https:\/\/www.facebook.com\/p\/Infinita-Goya-100063870918311\/\"]},{\"@type\":\"Person\",\"@id\":\"https:\/\/radioinfinitagoya.com.ar\/v1\/#\/schema\/person\/d4cf9c413d4f6edb24aabdccab49ca4a\",\"name\":\"Jorge Mi\u00f1o\",\"image\":{\"@type\":\"ImageObject\",\"inLanguage\":\"es-AR\",\"@id\":\"https:\/\/secure.gravatar.com\/avatar\/910fcf6728fe95320e07a6643c1581fec1c7fc4bf8ae12e3d8f0d0373dc844be?s=96&d=mm&r=g\",\"url\":\"https:\/\/secure.gravatar.com\/avatar\/910fcf6728fe95320e07a6643c1581fec1c7fc4bf8ae12e3d8f0d0373dc844be?s=96&d=mm&r=g\",\"contentUrl\":\"https:\/\/secure.gravatar.com\/avatar\/910fcf6728fe95320e07a6643c1581fec1c7fc4bf8ae12e3d8f0d0373dc844be?s=96&d=mm&r=g\",\"caption\":\"Jorge Mi\u00f1o\"},\"sameAs\":[\"http:\/\/radioinfinitagoya.com.ar\"]}]}<\/script>\n<!-- \/ Yoast SEO plugin. -->","yoast_head_json":{"title":"29\u00ba Concurso Argentino de Pesca: Este fin de semana - Radio Infinita Goya","description":"Goya ser\u00e1 epicentro pesquero con la Variada Embarcada Este lunes se concret\u00f3 el anuncio oficial del 29\u00ba Concurso Argentino de Pesca Variada Embarcada con","robots":{"index":"index","follow":"follow","max-snippet":"max-snippet:-1","max-image-preview":"max-image-preview:large","max-video-preview":"max-video-preview:-1"},"canonical":"https:\/\/radioinfinitagoya.com.ar\/v1\/2025\/07\/29\/29o-concurso-argentino-de-pesca-este-fin-de-semana\/","og_locale":"es_ES","og_type":"article","og_title":"29\u00ba Concurso Argentino de Pesca: Este fin de semana - Radio Infinita Goya","og_description":"Goya ser\u00e1 epicentro pesquero con la Variada Embarcada Este lunes se concret\u00f3 el anuncio oficial del 29\u00ba Concurso Argentino de Pesca Variada Embarcada con","og_url":"https:\/\/radioinfinitagoya.com.ar\/v1\/2025\/07\/29\/29o-concurso-argentino-de-pesca-este-fin-de-semana\/","og_site_name":"Radio Infinita Goya","article_publisher":"https:\/\/www.facebook.com\/p\/Infinita-Goya-100063870918311\/","article_published_time":"2025-07-29T20:18:24+00:00","og_image":[{"width":1541,"height":687,"url":"https:\/\/radioinfinitagoya.com.ar\/v1\/wp-content\/uploads\/2025\/07\/525826941_1057776866464848_5981091693869601553_n.jpg","type":"image\/jpeg"}],"author":"Jorge Mi\u00f1o","twitter_card":"summary_large_image","twitter_misc":{"Escrito por":"Jorge Mi\u00f1o","Tiempo de lectura":"4 minutos"},"schema":{"@context":"https:\/\/schema.org","@graph":[{"@type":"Article","@id":"https:\/\/radioinfinitagoya.com.ar\/v1\/2025\/07\/29\/29o-concurso-argentino-de-pesca-este-fin-de-semana\/#article","isPartOf":{"@id":"https:\/\/radioinfinitagoya.com.ar\/v1\/2025\/07\/29\/29o-concurso-argentino-de-pesca-este-fin-de-semana\/"},"author":{"name":"Jorge Mi\u00f1o","@id":"https:\/\/radioinfinitagoya.com.ar\/v1\/#\/schema\/person\/d4cf9c413d4f6edb24aabdccab49ca4a"},"headline":"29\u00ba Concurso Argentino de Pesca: Este fin de semana","datePublished":"2025-07-29T20:18:24+00:00","mainEntityOfPage":{"@id":"https:\/\/radioinfinitagoya.com.ar\/v1\/2025\/07\/29\/29o-concurso-argentino-de-pesca-este-fin-de-semana\/"},"wordCount":708,"publisher":{"@id":"https:\/\/radioinfinitagoya.com.ar\/v1\/#organization"},"image":{"@id":"https:\/\/radioinfinitagoya.com.ar\/v1\/2025\/07\/29\/29o-concurso-argentino-de-pesca-este-fin-de-semana\/#primaryimage"},"thumbnailUrl":"https:\/\/radioinfinitagoya.com.ar\/v1\/wp-content\/uploads\/2025\/07\/525826941_1057776866464848_5981091693869601553_n.jpg","articleSection":["LOCALES"],"inLanguage":"es-AR"},{"@type":"WebPage","@id":"https:\/\/radioinfinitagoya.com.ar\/v1\/2025\/07\/29\/29o-concurso-argentino-de-pesca-este-fin-de-semana\/","url":"https:\/\/radioinfinitagoya.com.ar\/v1\/2025\/07\/29\/29o-concurso-argentino-de-pesca-este-fin-de-semana\/","name":"29\u00ba Concurso Argentino de Pesca: Este fin de semana - Radio Infinita Goya","isPartOf":{"@id":"https:\/\/radioinfinitagoya.com.ar\/v1\/#website"},"primaryImageOfPage":{"@id":"https:\/\/radioinfinitagoya.com.ar\/v1\/2025\/07\/29\/29o-concurso-argentino-de-pesca-este-fin-de-semana\/#primaryimage"},"image":{"@id":"https:\/\/radioinfinitagoya.com.ar\/v1\/2025\/07\/29\/29o-concurso-argentino-de-pesca-este-fin-de-semana\/#primaryimage"},"thumbnailUrl":"https:\/\/radioinfinitagoya.com.ar\/v1\/wp-content\/uploads\/2025\/07\/525826941_1057776866464848_5981091693869601553_n.jpg","datePublished":"2025-07-29T20:18:24+00:00","description":"Goya ser\u00e1 epicentro pesquero con la Variada Embarcada Este lunes se concret\u00f3 el anuncio oficial del 29\u00ba Concurso Argentino de Pesca Variada Embarcada con","breadcrumb":{"@id":"https:\/\/radioinfinitagoya.com.ar\/v1\/2025\/07\/29\/29o-concurso-argentino-de-pesca-este-fin-de-semana\/#breadcrumb"},"inLanguage":"es-AR","potentialAction":[{"@type":"ReadAction","target":["https:\/\/radioinfinitagoya.com.ar\/v1\/2025\/07\/29\/29o-concurso-argentino-de-pesca-este-fin-de-semana\/"]}]},{"@type":"ImageObject","inLanguage":"es-AR","@id":"https:\/\/radioinfinitagoya.com.ar\/v1\/2025\/07\/29\/29o-concurso-argentino-de-pesca-este-fin-de-semana\/#primaryimage","url":"https:\/\/radioinfinitagoya.com.ar\/v1\/wp-content\/uploads\/2025\/07\/525826941_1057776866464848_5981091693869601553_n.jpg","contentUrl":"https:\/\/radioinfinitagoya.com.ar\/v1\/wp-content\/uploads\/2025\/07\/525826941_1057776866464848_5981091693869601553_n.jpg","width":1541,"height":687},{"@type":"BreadcrumbList","@id":"https:\/\/radioinfinitagoya.com.ar\/v1\/2025\/07\/29\/29o-concurso-argentino-de-pesca-este-fin-de-semana\/#breadcrumb","itemListElement":[{"@type":"ListItem","position":1,"name":"Inicio","item":"https:\/\/radioinfinitagoya.com.ar\/v1\/"},{"@type":"ListItem","position":2,"name":"29\u00ba Concurso Argentino de Pesca: Este fin de semana"}]},{"@type":"WebSite","@id":"https:\/\/radioinfinitagoya.com.ar\/v1\/#website","url":"https:\/\/radioinfinitagoya.com.ar\/v1\/","name":"radioinfinitagoya.com.ar","description":"Radio de noticias","publisher":{"@id":"https:\/\/radioinfinitagoya.com.ar\/v1\/#organization"},"potentialAction":[{"@type":"SearchAction","target":{"@type":"EntryPoint","urlTemplate":"https:\/\/radioinfinitagoya.com.ar\/v1\/?s={search_term_string}"},"query-input":{"@type":"PropertyValueSpecification","valueRequired":true,"valueName":"search_term_string"}}],"inLanguage":"es-AR"},{"@type":"Organization","@id":"https:\/\/radioinfinitagoya.com.ar\/v1\/#organization","name":"Radio Infinita Goya","url":"https:\/\/radioinfinitagoya.com.ar\/v1\/","logo":{"@type":"ImageObject","inLanguage":"es-AR","@id":"https:\/\/radioinfinitagoya.com.ar\/v1\/#\/schema\/logo\/image\/","url":"https:\/\/radioinfinitagoya.com.ar\/v1\/wp-content\/uploads\/2019\/11\/logo-pie-web.png","contentUrl":"https:\/\/radioinfinitagoya.com.ar\/v1\/wp-content\/uploads\/2019\/11\/logo-pie-web.png","width":635,"height":326,"caption":"Radio Infinita Goya"},"image":{"@id":"https:\/\/radioinfinitagoya.com.ar\/v1\/#\/schema\/logo\/image\/"},"sameAs":["https:\/\/www.facebook.com\/p\/Infinita-Goya-100063870918311\/"]},{"@type":"Person","@id":"https:\/\/radioinfinitagoya.com.ar\/v1\/#\/schema\/person\/d4cf9c413d4f6edb24aabdccab49ca4a","name":"Jorge Mi\u00f1o","image":{"@type":"ImageObject","inLanguage":"es-AR","@id":"https:\/\/secure.gravatar.com\/avatar\/910fcf6728fe95320e07a6643c1581fec1c7fc4bf8ae12e3d8f0d0373dc844be?s=96&d=mm&r=g","url":"https:\/\/secure.gravatar.com\/avatar\/910fcf6728fe95320e07a6643c1581fec1c7fc4bf8ae12e3d8f0d0373dc844be?s=96&d=mm&r=g","contentUrl":"https:\/\/secure.gravatar.com\/avatar\/910fcf6728fe95320e07a6643c1581fec1c7fc4bf8ae12e3d8f0d0373dc844be?s=96&d=mm&r=g","caption":"Jorge Mi\u00f1o"},"sameAs":["http:\/\/radioinfinitagoya.com.ar"]}]}},"_links":{"self":[{"href":"https:\/\/radioinfinitagoya.com.ar\/v1\/wp-json\/wp\/v2\/posts\/193554","targetHints":{"allow":["GET"]}}],"collection":[{"href":"https:\/\/radioinfinitagoya.com.ar\/v1\/wp-json\/wp\/v2\/posts"}],"about":[{"href":"https:\/\/radioinfinitagoya.com.ar\/v1\/wp-json\/wp\/v2\/types\/post"}],"author":[{"embeddable":true,"href":"https:\/\/radioinfinitagoya.com.ar\/v1\/wp-json\/wp\/v2\/users\/4"}],"replies":[{"embeddable":true,"href":"https:\/\/radioinfinitagoya.com.ar\/v1\/wp-json\/wp\/v2\/comments?post=193554"}],"version-history":[{"count":0,"href":"https:\/\/radioinfinitagoya.com.ar\/v1\/wp-json\/wp\/v2\/posts\/193554\/revisions"}],"wp:featuredmedia":[{"embeddable":true,"href":"https:\/\/radioinfinitagoya.com.ar\/v1\/wp-json\/wp\/v2\/media\/193557"}],"wp:attachment":[{"href":"https:\/\/radioinfinitagoya.com.ar\/v1\/wp-json\/wp\/v2\/media?parent=193554"}],"wp:term":[{"taxonomy":"category","embeddable":true,"href":"https:\/\/radioinfinitagoya.com.ar\/v1\/wp-json\/wp\/v2\/categories?post=193554"},{"taxonomy":"post_tag","embeddable":true,"href":"https:\/\/radioinfinitagoya.com.ar\/v1\/wp-json\/wp\/v2\/tags?post=193554"}],"curies":[{"name":"wp","href":"https:\/\/api.w.org\/{rel}","templated":true}]}}