{"id":193576,"date":"2025-07-30T16:50:33","date_gmt":"2025-07-30T19:50:33","guid":{"rendered":"https:\/\/radioinfinitagoya.com.ar\/v1\/?p=193576"},"modified":"2025-07-30T16:50:33","modified_gmt":"2025-07-30T19:50:33","slug":"mundial-2026-la-fifa-ya-definio-el-lugar-y-la-fecha-para-realizar-el-sorteo-de-grupos","status":"publish","type":"post","link":"https:\/\/radioinfinitagoya.com.ar\/v1\/2025\/07\/30\/mundial-2026-la-fifa-ya-definio-el-lugar-y-la-fecha-para-realizar-el-sorteo-de-grupos\/","title":{"rendered":"Mundial 2026: la Fifa ya defini\u00f3 el lugar y la fecha para realizar el sorteo de grupos"},"content":{"rendered":"<p>El torneo internacional tendr\u00e1 16avos de final, elevando la cantidad m\u00e1xima de encuentros a ocho partidos. De esta manera, ser\u00e1n 48 selecciones participantes, que se dividir\u00e1n en 12 grupos de cuatro equipos.<\/p>\n<p>El Mundial 2026 pr\u00f3ximo a desarrollarse en Estados Unidos, M\u00e9xico y Canad\u00e1 finalmente cuenta con fecha para el sorteo, con una curiosa elecci\u00f3n de sede al no ser una de las ciudades que ser\u00e1 anfitriona de los partidos.<\/p>\n<p>Seg\u00fan TUDN M\u00e9xico y ESPN, la Fifa eligi\u00f3 a la Esfera de Las Vegas para recibir la ceremonia el viernes 5 de diciembre de 2025, fecha donde se dar\u00e1 a conocer el camino de los 48 participantes, que se dividir\u00e1n en 12 grupos de cuatro equipos. El inicio a las actividades de un torneo que tendr\u00e1 16avos de final, elevando la cantidad m\u00e1xima de encuentros a ocho partidos.<\/p>\n<p>El recinto elegido es uno de los m\u00e1s modernos de todo el mundo, reconocido por su pantalla LED que envuelve la totalidad del exterior del mismo y con la capacidad de albergar a 17.600 espectadores. Una sede elegida por su gran potencial tur\u00edstico, pese a que Las Vegas no forma parte de las ciudades seleccionadas dentro de Estados Unidos para recibir encuentros.<\/p>\n<p>Las actividades de la Copa del Mundo iniciar\u00e1 el 11 de junio de 2026 en el estadio Azteca de M\u00e9xico, el camino a la gran final que se disputar\u00e1 el 19 de julio en MetLife Stadium, ubicado en East Rutherford, Nueva Jersey, dentro del \u00e1rea metropolitana de Nueva York.<\/p>\n<p>Son 13 las selecciones que ya tienen la mente puesta en el Mundial 2026, en especial la Selecci\u00f3n Argentina, que consigui\u00f3 su boleto hace varias fechas y solo deber\u00e1 esperar el sorteo, al asegurar su presencia para defender su corona con varias fechas de antelaci\u00f3n.<\/p>\n<p>Adem\u00e1s de la Albiceleste, Brasil y Ecuador tambi\u00e9n se aseguraron su participaci\u00f3n en el certamen m\u00e1s importante a trav\u00e9s de Conmebol, pero tendr\u00e1n que esperar un tiempo para conocer a los rivales en la fase de grupos. A la hora del sorteo no estar\u00e1n definidos la totalidad de los participantes, dado que los repechajes se disputar\u00e1n en marzo del pr\u00f3ximo a\u00f1o.<\/p>\n<p>Las selecciones que se clasificaron al Mundial 2026<\/p>\n<p>Estados Unidos (Concacaf) &#8211; Anfitri\u00f3n<br \/>\nCanad\u00e1 (Concacaf) &#8211; Anfitri\u00f3n<br \/>\nM\u00e9xico (Concacaf) &#8211; Anfitri\u00f3n<br \/>\nJap\u00f3n (AFC)<br \/>\nNueva Zelanda (OFC)<br \/>\nIr\u00e1n (AFC)<br \/>\nArgentina (Conmebol)<br \/>\nUzbekist\u00e1n (AFC)<br \/>\nCorea del Sur (AFC)<br \/>\nJordania (AFC)<br \/>\nAustralia (AFC)<br \/>\nBrasil (Conmebol)<br \/>\nEcuador (Conmebol)<br \/>\nC\u00f3mo ser\u00e1 el formato de juego del Mundial 2026<\/p>\n<p>Debido a que se ampliar\u00e1 de 32 a 48 la cantidad de seleccionados participantes, el formato ser\u00e1 el mismo que se viene utilizando, con la necesidad de utilizar una fase m\u00e1s de eliminaci\u00f3n directa: los 16avos de final.<\/p>\n<p>Los participantes se dividir\u00e1n en 12 grupos de cuatro. La FIFA suele implementar restricciones para evitar que equipos de la misma confederaci\u00f3n queden emparejados en el mismo grupo, a excepci\u00f3n de la UEFA, que tiene muchos clasificados, y los cabezas de serie de cada zona ser\u00e1n, como siempre, Estados Unidos, M\u00e9xico y Canad\u00e1 junto con los mejores del ranking FIFA.<\/p>\n<p>A los 16avos avanzar\u00e1n los dos primeros de cada una de las zonas y los ocho mejores terceros. A partir de esa instancia habr\u00e1 cruces de eliminaci\u00f3n directa hasta llegar al partido final.<\/p>\n<p>&nbsp;<\/p>\n","protected":false},"excerpt":{"rendered":"<p>El torneo internacional tendr\u00e1 16avos de final, elevando la cantidad m\u00e1xima de encuentros a ocho partidos. De esta manera, ser\u00e1n 48 selecciones participantes, que se dividir\u00e1n en 12 grupos de cuatro equipos. El Mundial 2026 pr\u00f3ximo a desarrollarse en Estados Unidos, M\u00e9xico y Canad\u00e1 finalmente cuenta con fecha para el sorteo, con una curiosa elecci\u00f3n [&hellip;]<\/p>\n","protected":false},"author":4,"featured_media":193577,"comment_status":"closed","ping_status":"closed","sticky":false,"template":"","format":"standard","meta":{"_joinchat":[],"footnotes":""},"categories":[28],"tags":[],"class_list":{"0":"post-193576","1":"post","2":"type-post","3":"status-publish","4":"format-standard","5":"has-post-thumbnail","7":"category-deportes"},"yoast_head":"<!-- This site is optimized with the Yoast SEO plugin v27.2 - https:\/\/yoast.com\/product\/yoast-seo-wordpress\/ -->\n<title>Mundial 2026: la Fifa ya defini\u00f3 el lugar y la fecha para realizar el sorteo de grupos - Radio Infinita Goya<\/title>\n<meta name=\"description\" content=\"El torneo internacional tendr\u00e1 16avos de final, elevando la cantidad m\u00e1xima de encuentros a ocho partidos. De esta manera, ser\u00e1n 48 selecciones\" \/>\n<meta name=\"robots\" content=\"index, follow, max-snippet:-1, max-image-preview:large, max-video-preview:-1\" \/>\n<link rel=\"canonical\" href=\"https:\/\/radioinfinitagoya.com.ar\/v1\/2025\/07\/30\/mundial-2026-la-fifa-ya-definio-el-lugar-y-la-fecha-para-realizar-el-sorteo-de-grupos\/\" \/>\n<meta property=\"og:locale\" content=\"es_ES\" \/>\n<meta property=\"og:type\" content=\"article\" \/>\n<meta property=\"og:title\" content=\"Mundial 2026: la Fifa ya defini\u00f3 el lugar y la fecha para realizar el sorteo de grupos - Radio Infinita Goya\" \/>\n<meta property=\"og:description\" content=\"El torneo internacional tendr\u00e1 16avos de final, elevando la cantidad m\u00e1xima de encuentros a ocho partidos. De esta manera, ser\u00e1n 48 selecciones\" \/>\n<meta property=\"og:url\" content=\"https:\/\/radioinfinitagoya.com.ar\/v1\/2025\/07\/30\/mundial-2026-la-fifa-ya-definio-el-lugar-y-la-fecha-para-realizar-el-sorteo-de-grupos\/\" \/>\n<meta property=\"og:site_name\" content=\"Radio Infinita Goya\" \/>\n<meta property=\"article:publisher\" content=\"https:\/\/www.facebook.com\/p\/Infinita-Goya-100063870918311\/\" \/>\n<meta property=\"article:published_time\" content=\"2025-07-30T19:50:33+00:00\" \/>\n<meta property=\"og:image\" content=\"https:\/\/radioinfinitagoya.com.ar\/v1\/wp-content\/uploads\/2025\/07\/GxH-BziXIAAdWUy.jpg\" \/>\n\t<meta property=\"og:image:width\" content=\"679\" \/>\n\t<meta property=\"og:image:height\" content=\"382\" \/>\n\t<meta property=\"og:image:type\" content=\"image\/jpeg\" \/>\n<meta name=\"author\" content=\"Jorge Mi\u00f1o\" \/>\n<meta name=\"twitter:card\" content=\"summary_large_image\" \/>\n<meta name=\"twitter:label1\" content=\"Escrito por\" \/>\n\t<meta name=\"twitter:data1\" content=\"Jorge Mi\u00f1o\" \/>\n\t<meta name=\"twitter:label2\" content=\"Tiempo de lectura\" \/>\n\t<meta name=\"twitter:data2\" content=\"3 minutos\" \/>\n<script type=\"application\/ld+json\" class=\"yoast-schema-graph\">{\"@context\":\"https:\/\/schema.org\",\"@graph\":[{\"@type\":\"Article\",\"@id\":\"https:\/\/radioinfinitagoya.com.ar\/v1\/2025\/07\/30\/mundial-2026-la-fifa-ya-definio-el-lugar-y-la-fecha-para-realizar-el-sorteo-de-grupos\/#article\",\"isPartOf\":{\"@id\":\"https:\/\/radioinfinitagoya.com.ar\/v1\/2025\/07\/30\/mundial-2026-la-fifa-ya-definio-el-lugar-y-la-fecha-para-realizar-el-sorteo-de-grupos\/\"},\"author\":{\"name\":\"Jorge Mi\u00f1o\",\"@id\":\"https:\/\/radioinfinitagoya.com.ar\/v1\/#\/schema\/person\/d4cf9c413d4f6edb24aabdccab49ca4a\"},\"headline\":\"Mundial 2026: la Fifa ya defini\u00f3 el lugar y la fecha para realizar el sorteo de grupos\",\"datePublished\":\"2025-07-30T19:50:33+00:00\",\"mainEntityOfPage\":{\"@id\":\"https:\/\/radioinfinitagoya.com.ar\/v1\/2025\/07\/30\/mundial-2026-la-fifa-ya-definio-el-lugar-y-la-fecha-para-realizar-el-sorteo-de-grupos\/\"},\"wordCount\":580,\"publisher\":{\"@id\":\"https:\/\/radioinfinitagoya.com.ar\/v1\/#organization\"},\"image\":{\"@id\":\"https:\/\/radioinfinitagoya.com.ar\/v1\/2025\/07\/30\/mundial-2026-la-fifa-ya-definio-el-lugar-y-la-fecha-para-realizar-el-sorteo-de-grupos\/#primaryimage\"},\"thumbnailUrl\":\"https:\/\/radioinfinitagoya.com.ar\/v1\/wp-content\/uploads\/2025\/07\/GxH-BziXIAAdWUy.jpg\",\"articleSection\":[\"DEPORTES\"],\"inLanguage\":\"es-AR\"},{\"@type\":\"WebPage\",\"@id\":\"https:\/\/radioinfinitagoya.com.ar\/v1\/2025\/07\/30\/mundial-2026-la-fifa-ya-definio-el-lugar-y-la-fecha-para-realizar-el-sorteo-de-grupos\/\",\"url\":\"https:\/\/radioinfinitagoya.com.ar\/v1\/2025\/07\/30\/mundial-2026-la-fifa-ya-definio-el-lugar-y-la-fecha-para-realizar-el-sorteo-de-grupos\/\",\"name\":\"Mundial 2026: la Fifa ya defini\u00f3 el lugar y la fecha para realizar el sorteo de grupos - Radio Infinita Goya\",\"isPartOf\":{\"@id\":\"https:\/\/radioinfinitagoya.com.ar\/v1\/#website\"},\"primaryImageOfPage\":{\"@id\":\"https:\/\/radioinfinitagoya.com.ar\/v1\/2025\/07\/30\/mundial-2026-la-fifa-ya-definio-el-lugar-y-la-fecha-para-realizar-el-sorteo-de-grupos\/#primaryimage\"},\"image\":{\"@id\":\"https:\/\/radioinfinitagoya.com.ar\/v1\/2025\/07\/30\/mundial-2026-la-fifa-ya-definio-el-lugar-y-la-fecha-para-realizar-el-sorteo-de-grupos\/#primaryimage\"},\"thumbnailUrl\":\"https:\/\/radioinfinitagoya.com.ar\/v1\/wp-content\/uploads\/2025\/07\/GxH-BziXIAAdWUy.jpg\",\"datePublished\":\"2025-07-30T19:50:33+00:00\",\"description\":\"El torneo internacional tendr\u00e1 16avos de final, elevando la cantidad m\u00e1xima de encuentros a ocho partidos. De esta manera, ser\u00e1n 48 selecciones\",\"breadcrumb\":{\"@id\":\"https:\/\/radioinfinitagoya.com.ar\/v1\/2025\/07\/30\/mundial-2026-la-fifa-ya-definio-el-lugar-y-la-fecha-para-realizar-el-sorteo-de-grupos\/#breadcrumb\"},\"inLanguage\":\"es-AR\",\"potentialAction\":[{\"@type\":\"ReadAction\",\"target\":[\"https:\/\/radioinfinitagoya.com.ar\/v1\/2025\/07\/30\/mundial-2026-la-fifa-ya-definio-el-lugar-y-la-fecha-para-realizar-el-sorteo-de-grupos\/\"]}]},{\"@type\":\"ImageObject\",\"inLanguage\":\"es-AR\",\"@id\":\"https:\/\/radioinfinitagoya.com.ar\/v1\/2025\/07\/30\/mundial-2026-la-fifa-ya-definio-el-lugar-y-la-fecha-para-realizar-el-sorteo-de-grupos\/#primaryimage\",\"url\":\"https:\/\/radioinfinitagoya.com.ar\/v1\/wp-content\/uploads\/2025\/07\/GxH-BziXIAAdWUy.jpg\",\"contentUrl\":\"https:\/\/radioinfinitagoya.com.ar\/v1\/wp-content\/uploads\/2025\/07\/GxH-BziXIAAdWUy.jpg\",\"width\":679,\"height\":382},{\"@type\":\"BreadcrumbList\",\"@id\":\"https:\/\/radioinfinitagoya.com.ar\/v1\/2025\/07\/30\/mundial-2026-la-fifa-ya-definio-el-lugar-y-la-fecha-para-realizar-el-sorteo-de-grupos\/#breadcrumb\",\"itemListElement\":[{\"@type\":\"ListItem\",\"position\":1,\"name\":\"Inicio\",\"item\":\"https:\/\/radioinfinitagoya.com.ar\/v1\/\"},{\"@type\":\"ListItem\",\"position\":2,\"name\":\"Mundial 2026: la Fifa ya defini\u00f3 el lugar y la fecha para realizar el sorteo de grupos\"}]},{\"@type\":\"WebSite\",\"@id\":\"https:\/\/radioinfinitagoya.com.ar\/v1\/#website\",\"url\":\"https:\/\/radioinfinitagoya.com.ar\/v1\/\",\"name\":\"radioinfinitagoya.com.ar\",\"description\":\"Radio de noticias\",\"publisher\":{\"@id\":\"https:\/\/radioinfinitagoya.com.ar\/v1\/#organization\"},\"potentialAction\":[{\"@type\":\"SearchAction\",\"target\":{\"@type\":\"EntryPoint\",\"urlTemplate\":\"https:\/\/radioinfinitagoya.com.ar\/v1\/?s={search_term_string}\"},\"query-input\":{\"@type\":\"PropertyValueSpecification\",\"valueRequired\":true,\"valueName\":\"search_term_string\"}}],\"inLanguage\":\"es-AR\"},{\"@type\":\"Organization\",\"@id\":\"https:\/\/radioinfinitagoya.com.ar\/v1\/#organization\",\"name\":\"Radio Infinita Goya\",\"url\":\"https:\/\/radioinfinitagoya.com.ar\/v1\/\",\"logo\":{\"@type\":\"ImageObject\",\"inLanguage\":\"es-AR\",\"@id\":\"https:\/\/radioinfinitagoya.com.ar\/v1\/#\/schema\/logo\/image\/\",\"url\":\"https:\/\/radioinfinitagoya.com.ar\/v1\/wp-content\/uploads\/2019\/11\/logo-pie-web.png\",\"contentUrl\":\"https:\/\/radioinfinitagoya.com.ar\/v1\/wp-content\/uploads\/2019\/11\/logo-pie-web.png\",\"width\":635,\"height\":326,\"caption\":\"Radio Infinita Goya\"},\"image\":{\"@id\":\"https:\/\/radioinfinitagoya.com.ar\/v1\/#\/schema\/logo\/image\/\"},\"sameAs\":[\"https:\/\/www.facebook.com\/p\/Infinita-Goya-100063870918311\/\"]},{\"@type\":\"Person\",\"@id\":\"https:\/\/radioinfinitagoya.com.ar\/v1\/#\/schema\/person\/d4cf9c413d4f6edb24aabdccab49ca4a\",\"name\":\"Jorge Mi\u00f1o\",\"image\":{\"@type\":\"ImageObject\",\"inLanguage\":\"es-AR\",\"@id\":\"https:\/\/secure.gravatar.com\/avatar\/910fcf6728fe95320e07a6643c1581fec1c7fc4bf8ae12e3d8f0d0373dc844be?s=96&d=mm&r=g\",\"url\":\"https:\/\/secure.gravatar.com\/avatar\/910fcf6728fe95320e07a6643c1581fec1c7fc4bf8ae12e3d8f0d0373dc844be?s=96&d=mm&r=g\",\"contentUrl\":\"https:\/\/secure.gravatar.com\/avatar\/910fcf6728fe95320e07a6643c1581fec1c7fc4bf8ae12e3d8f0d0373dc844be?s=96&d=mm&r=g\",\"caption\":\"Jorge Mi\u00f1o\"},\"sameAs\":[\"http:\/\/radioinfinitagoya.com.ar\"]}]}<\/script>\n<!-- \/ Yoast SEO plugin. -->","yoast_head_json":{"title":"Mundial 2026: la Fifa ya defini\u00f3 el lugar y la fecha para realizar el sorteo de grupos - Radio Infinita Goya","description":"El torneo internacional tendr\u00e1 16avos de final, elevando la cantidad m\u00e1xima de encuentros a ocho partidos. De esta manera, ser\u00e1n 48 selecciones","robots":{"index":"index","follow":"follow","max-snippet":"max-snippet:-1","max-image-preview":"max-image-preview:large","max-video-preview":"max-video-preview:-1"},"canonical":"https:\/\/radioinfinitagoya.com.ar\/v1\/2025\/07\/30\/mundial-2026-la-fifa-ya-definio-el-lugar-y-la-fecha-para-realizar-el-sorteo-de-grupos\/","og_locale":"es_ES","og_type":"article","og_title":"Mundial 2026: la Fifa ya defini\u00f3 el lugar y la fecha para realizar el sorteo de grupos - Radio Infinita Goya","og_description":"El torneo internacional tendr\u00e1 16avos de final, elevando la cantidad m\u00e1xima de encuentros a ocho partidos. De esta manera, ser\u00e1n 48 selecciones","og_url":"https:\/\/radioinfinitagoya.com.ar\/v1\/2025\/07\/30\/mundial-2026-la-fifa-ya-definio-el-lugar-y-la-fecha-para-realizar-el-sorteo-de-grupos\/","og_site_name":"Radio Infinita Goya","article_publisher":"https:\/\/www.facebook.com\/p\/Infinita-Goya-100063870918311\/","article_published_time":"2025-07-30T19:50:33+00:00","og_image":[{"width":679,"height":382,"url":"https:\/\/radioinfinitagoya.com.ar\/v1\/wp-content\/uploads\/2025\/07\/GxH-BziXIAAdWUy.jpg","type":"image\/jpeg"}],"author":"Jorge Mi\u00f1o","twitter_card":"summary_large_image","twitter_misc":{"Escrito por":"Jorge Mi\u00f1o","Tiempo de lectura":"3 minutos"},"schema":{"@context":"https:\/\/schema.org","@graph":[{"@type":"Article","@id":"https:\/\/radioinfinitagoya.com.ar\/v1\/2025\/07\/30\/mundial-2026-la-fifa-ya-definio-el-lugar-y-la-fecha-para-realizar-el-sorteo-de-grupos\/#article","isPartOf":{"@id":"https:\/\/radioinfinitagoya.com.ar\/v1\/2025\/07\/30\/mundial-2026-la-fifa-ya-definio-el-lugar-y-la-fecha-para-realizar-el-sorteo-de-grupos\/"},"author":{"name":"Jorge Mi\u00f1o","@id":"https:\/\/radioinfinitagoya.com.ar\/v1\/#\/schema\/person\/d4cf9c413d4f6edb24aabdccab49ca4a"},"headline":"Mundial 2026: la Fifa ya defini\u00f3 el lugar y la fecha para realizar el sorteo de grupos","datePublished":"2025-07-30T19:50:33+00:00","mainEntityOfPage":{"@id":"https:\/\/radioinfinitagoya.com.ar\/v1\/2025\/07\/30\/mundial-2026-la-fifa-ya-definio-el-lugar-y-la-fecha-para-realizar-el-sorteo-de-grupos\/"},"wordCount":580,"publisher":{"@id":"https:\/\/radioinfinitagoya.com.ar\/v1\/#organization"},"image":{"@id":"https:\/\/radioinfinitagoya.com.ar\/v1\/2025\/07\/30\/mundial-2026-la-fifa-ya-definio-el-lugar-y-la-fecha-para-realizar-el-sorteo-de-grupos\/#primaryimage"},"thumbnailUrl":"https:\/\/radioinfinitagoya.com.ar\/v1\/wp-content\/uploads\/2025\/07\/GxH-BziXIAAdWUy.jpg","articleSection":["DEPORTES"],"inLanguage":"es-AR"},{"@type":"WebPage","@id":"https:\/\/radioinfinitagoya.com.ar\/v1\/2025\/07\/30\/mundial-2026-la-fifa-ya-definio-el-lugar-y-la-fecha-para-realizar-el-sorteo-de-grupos\/","url":"https:\/\/radioinfinitagoya.com.ar\/v1\/2025\/07\/30\/mundial-2026-la-fifa-ya-definio-el-lugar-y-la-fecha-para-realizar-el-sorteo-de-grupos\/","name":"Mundial 2026: la Fifa ya defini\u00f3 el lugar y la fecha para realizar el sorteo de grupos - Radio Infinita Goya","isPartOf":{"@id":"https:\/\/radioinfinitagoya.com.ar\/v1\/#website"},"primaryImageOfPage":{"@id":"https:\/\/radioinfinitagoya.com.ar\/v1\/2025\/07\/30\/mundial-2026-la-fifa-ya-definio-el-lugar-y-la-fecha-para-realizar-el-sorteo-de-grupos\/#primaryimage"},"image":{"@id":"https:\/\/radioinfinitagoya.com.ar\/v1\/2025\/07\/30\/mundial-2026-la-fifa-ya-definio-el-lugar-y-la-fecha-para-realizar-el-sorteo-de-grupos\/#primaryimage"},"thumbnailUrl":"https:\/\/radioinfinitagoya.com.ar\/v1\/wp-content\/uploads\/2025\/07\/GxH-BziXIAAdWUy.jpg","datePublished":"2025-07-30T19:50:33+00:00","description":"El torneo internacional tendr\u00e1 16avos de final, elevando la cantidad m\u00e1xima de encuentros a ocho partidos. De esta manera, ser\u00e1n 48 selecciones","breadcrumb":{"@id":"https:\/\/radioinfinitagoya.com.ar\/v1\/2025\/07\/30\/mundial-2026-la-fifa-ya-definio-el-lugar-y-la-fecha-para-realizar-el-sorteo-de-grupos\/#breadcrumb"},"inLanguage":"es-AR","potentialAction":[{"@type":"ReadAction","target":["https:\/\/radioinfinitagoya.com.ar\/v1\/2025\/07\/30\/mundial-2026-la-fifa-ya-definio-el-lugar-y-la-fecha-para-realizar-el-sorteo-de-grupos\/"]}]},{"@type":"ImageObject","inLanguage":"es-AR","@id":"https:\/\/radioinfinitagoya.com.ar\/v1\/2025\/07\/30\/mundial-2026-la-fifa-ya-definio-el-lugar-y-la-fecha-para-realizar-el-sorteo-de-grupos\/#primaryimage","url":"https:\/\/radioinfinitagoya.com.ar\/v1\/wp-content\/uploads\/2025\/07\/GxH-BziXIAAdWUy.jpg","contentUrl":"https:\/\/radioinfinitagoya.com.ar\/v1\/wp-content\/uploads\/2025\/07\/GxH-BziXIAAdWUy.jpg","width":679,"height":382},{"@type":"BreadcrumbList","@id":"https:\/\/radioinfinitagoya.com.ar\/v1\/2025\/07\/30\/mundial-2026-la-fifa-ya-definio-el-lugar-y-la-fecha-para-realizar-el-sorteo-de-grupos\/#breadcrumb","itemListElement":[{"@type":"ListItem","position":1,"name":"Inicio","item":"https:\/\/radioinfinitagoya.com.ar\/v1\/"},{"@type":"ListItem","position":2,"name":"Mundial 2026: la Fifa ya defini\u00f3 el lugar y la fecha para realizar el sorteo de grupos"}]},{"@type":"WebSite","@id":"https:\/\/radioinfinitagoya.com.ar\/v1\/#website","url":"https:\/\/radioinfinitagoya.com.ar\/v1\/","name":"radioinfinitagoya.com.ar","description":"Radio de noticias","publisher":{"@id":"https:\/\/radioinfinitagoya.com.ar\/v1\/#organization"},"potentialAction":[{"@type":"SearchAction","target":{"@type":"EntryPoint","urlTemplate":"https:\/\/radioinfinitagoya.com.ar\/v1\/?s={search_term_string}"},"query-input":{"@type":"PropertyValueSpecification","valueRequired":true,"valueName":"search_term_string"}}],"inLanguage":"es-AR"},{"@type":"Organization","@id":"https:\/\/radioinfinitagoya.com.ar\/v1\/#organization","name":"Radio Infinita Goya","url":"https:\/\/radioinfinitagoya.com.ar\/v1\/","logo":{"@type":"ImageObject","inLanguage":"es-AR","@id":"https:\/\/radioinfinitagoya.com.ar\/v1\/#\/schema\/logo\/image\/","url":"https:\/\/radioinfinitagoya.com.ar\/v1\/wp-content\/uploads\/2019\/11\/logo-pie-web.png","contentUrl":"https:\/\/radioinfinitagoya.com.ar\/v1\/wp-content\/uploads\/2019\/11\/logo-pie-web.png","width":635,"height":326,"caption":"Radio Infinita Goya"},"image":{"@id":"https:\/\/radioinfinitagoya.com.ar\/v1\/#\/schema\/logo\/image\/"},"sameAs":["https:\/\/www.facebook.com\/p\/Infinita-Goya-100063870918311\/"]},{"@type":"Person","@id":"https:\/\/radioinfinitagoya.com.ar\/v1\/#\/schema\/person\/d4cf9c413d4f6edb24aabdccab49ca4a","name":"Jorge Mi\u00f1o","image":{"@type":"ImageObject","inLanguage":"es-AR","@id":"https:\/\/secure.gravatar.com\/avatar\/910fcf6728fe95320e07a6643c1581fec1c7fc4bf8ae12e3d8f0d0373dc844be?s=96&d=mm&r=g","url":"https:\/\/secure.gravatar.com\/avatar\/910fcf6728fe95320e07a6643c1581fec1c7fc4bf8ae12e3d8f0d0373dc844be?s=96&d=mm&r=g","contentUrl":"https:\/\/secure.gravatar.com\/avatar\/910fcf6728fe95320e07a6643c1581fec1c7fc4bf8ae12e3d8f0d0373dc844be?s=96&d=mm&r=g","caption":"Jorge Mi\u00f1o"},"sameAs":["http:\/\/radioinfinitagoya.com.ar"]}]}},"_links":{"self":[{"href":"https:\/\/radioinfinitagoya.com.ar\/v1\/wp-json\/wp\/v2\/posts\/193576","targetHints":{"allow":["GET"]}}],"collection":[{"href":"https:\/\/radioinfinitagoya.com.ar\/v1\/wp-json\/wp\/v2\/posts"}],"about":[{"href":"https:\/\/radioinfinitagoya.com.ar\/v1\/wp-json\/wp\/v2\/types\/post"}],"author":[{"embeddable":true,"href":"https:\/\/radioinfinitagoya.com.ar\/v1\/wp-json\/wp\/v2\/users\/4"}],"replies":[{"embeddable":true,"href":"https:\/\/radioinfinitagoya.com.ar\/v1\/wp-json\/wp\/v2\/comments?post=193576"}],"version-history":[{"count":0,"href":"https:\/\/radioinfinitagoya.com.ar\/v1\/wp-json\/wp\/v2\/posts\/193576\/revisions"}],"wp:featuredmedia":[{"embeddable":true,"href":"https:\/\/radioinfinitagoya.com.ar\/v1\/wp-json\/wp\/v2\/media\/193577"}],"wp:attachment":[{"href":"https:\/\/radioinfinitagoya.com.ar\/v1\/wp-json\/wp\/v2\/media?parent=193576"}],"wp:term":[{"taxonomy":"category","embeddable":true,"href":"https:\/\/radioinfinitagoya.com.ar\/v1\/wp-json\/wp\/v2\/categories?post=193576"},{"taxonomy":"post_tag","embeddable":true,"href":"https:\/\/radioinfinitagoya.com.ar\/v1\/wp-json\/wp\/v2\/tags?post=193576"}],"curies":[{"name":"wp","href":"https:\/\/api.w.org\/{rel}","templated":true}]}}