{"id":193579,"date":"2025-07-30T17:04:31","date_gmt":"2025-07-30T20:04:31","guid":{"rendered":"https:\/\/radioinfinitagoya.com.ar\/v1\/?p=193579"},"modified":"2025-07-30T17:04:31","modified_gmt":"2025-07-30T20:04:31","slug":"detuvieron-a-matias-orihuela-refuerzo-de-san-martin-sj-por-agredir-a-un-policia","status":"publish","type":"post","link":"https:\/\/radioinfinitagoya.com.ar\/v1\/2025\/07\/30\/detuvieron-a-matias-orihuela-refuerzo-de-san-martin-sj-por-agredir-a-un-policia\/","title":{"rendered":"Detuvieron a Mat\u00edas Orihuela, refuerzo de San Mart\u00edn (SJ), por agredir a un polic\u00eda"},"content":{"rendered":"<p>El violento hecho ocurri\u00f3 durante un operativo en Potrerillos y fue registrado en un video que no tard\u00f3 en hacerse viral. El futbolista, que termin\u00f3 imputado por lesiones y resistencia a la autoridad, dio su versi\u00f3n.<\/p>\n<p>D\u00edas despu\u00e9s de haberse despedido de Atl\u00e9tico Tucum\u00e1n y ser anunciado como nuevo refuerzo de San Mart\u00edn de San Juan, Mat\u00edas Orihuela fue protagonista de un esc\u00e1ndalo en la ruta de Mendoza: termin\u00f3 detenido tras protagonizar una fuerte confrontaci\u00f3n con agentes de tr\u00e1nsito. El hecho se produjo este lunes en un operativo de rutina sobre la ruta nacional 7, a la altura del kil\u00f3metro 1107, cerca de Potrerillos.<\/p>\n<p>Seg\u00fan lo detallado en el parte oficial de la Polic\u00eda Vial de Mendoza, el lateral-volante zurdo reaccion\u00f3 de forma violenta luego de ser frenado por una maniobra indebida al volante cerca de las 10 de la ma\u00f1ana. Su camioneta negra cruz\u00f3 una doble l\u00ednea amarilla, y cuando los uniformados solicitaron la documentaci\u00f3n, el futbolista baj\u00f3 en evidente estado de exaltaci\u00f3n, profiri\u00f3 amenazas y se resisti\u00f3 activamente al procedimiento.<\/p>\n<p>De acuerdo a la versi\u00f3n de los efectivos, en el intento por calmar la situaci\u00f3n, el Oficial Ayudante Ca\u00f1izares recibi\u00f3 un golpe producto de la violenta apertura de la puerta del veh\u00edculo, acci\u00f3n que fue seguida por una agresi\u00f3n directa por parte de Orihuela, quien se identific\u00f3 a los gritos como jugador profesional y adem\u00e1s fue acusado de romper el acta de infracci\u00f3n delante de los presentes y se neg\u00f3 a firmarla, lo cual agrav\u00f3 su situaci\u00f3n legal.<\/p>\n<p>En medio del caos, el flamante refuerzo del Santo sanjuanino se abalanz\u00f3 nuevamente sobre el oficial, quien sufri\u00f3 heridas clasificadas como leves por los forcejeos y manotazos. Todo qued\u00f3 registrado en im\u00e1genes y videos que ya est\u00e1n en manos de la Justicia para su an\u00e1lisis.<\/p>\n<p>El fiscal Horacio Iturbide, a cargo de la causa, dispuso que se adjunten todas las pruebas f\u00edlmicas al expediente y orden\u00f3 la detenci\u00f3n inmediata de Orihuela, quien fue trasladado a la Comisar\u00eda 11\u00b0 de Luj\u00e1n de Cuyo e imputado por resistencia a la autoridad y lesiones dolosas leves. A trav\u00e9s del diario Huarpe, se pudo conocer su versi\u00f3n de los hechos: \u201cEstaba con mi mujer y mi nena disfrutando el d\u00eda libre, me bajaron de la camioneta y uno de los polic\u00edas me agredi\u00f3 sin ning\u00fan motivo\u201d.<\/p>\n<p>Estas declaraciones forman parte de los audios enviados por el futbolista mientras era trasladado a la comisar\u00eda: \u201cEstoy con mi se\u00f1ora y mi hija, y ahora me est\u00e1n llevando detenido. Si usted conoce a alguien que me pueda ayudar ac\u00e1 en Mendoza, sin ning\u00fan motivo me empezaron a agredir. De la nada me empez\u00f3 a agredir, mi se\u00f1ora est\u00e1 de testigo, jam\u00e1s le falt\u00e9 el respeto ni jam\u00e1s tuve un problema as\u00ed\u201d.<\/p>\n<p>Adem\u00e1s, comparti\u00f3 una imagen de c\u00f3mo le qued\u00f3 el rostro luego del arresto a un costado de la ruta y San Mart\u00edn de San Juan emiti\u00f3 un comunicado en el que se\u00f1alaron que &#8220;el procedimiento, a nuestro entender, fue de una manera arbitraria e ileg\u00edtima para la privaci\u00f3n de la libertad de Orihuela&#8221;.<\/p>\n","protected":false},"excerpt":{"rendered":"<p>El violento hecho ocurri\u00f3 durante un operativo en Potrerillos y fue registrado en un video que no tard\u00f3 en hacerse viral. El futbolista, que termin\u00f3 imputado por lesiones y resistencia a la autoridad, dio su versi\u00f3n. D\u00edas despu\u00e9s de haberse despedido de Atl\u00e9tico Tucum\u00e1n y ser anunciado como nuevo refuerzo de San Mart\u00edn de San [&hellip;]<\/p>\n","protected":false},"author":4,"featured_media":193580,"comment_status":"closed","ping_status":"closed","sticky":false,"template":"","format":"standard","meta":{"_joinchat":[],"footnotes":""},"categories":[28],"tags":[],"class_list":{"0":"post-193579","1":"post","2":"type-post","3":"status-publish","4":"format-standard","5":"has-post-thumbnail","7":"category-deportes"},"yoast_head":"<!-- This site is optimized with the Yoast SEO plugin v27.2 - https:\/\/yoast.com\/product\/yoast-seo-wordpress\/ -->\n<title>Detuvieron a Mat\u00edas Orihuela, refuerzo de San Mart\u00edn (SJ), por agredir a un polic\u00eda - Radio Infinita Goya<\/title>\n<meta name=\"description\" content=\"El violento hecho ocurri\u00f3 durante un operativo en Potrerillos y fue registrado en un video que no tard\u00f3 en hacerse viral. El futbolista, que termin\u00f3\" \/>\n<meta name=\"robots\" content=\"index, follow, max-snippet:-1, max-image-preview:large, max-video-preview:-1\" \/>\n<link rel=\"canonical\" href=\"https:\/\/radioinfinitagoya.com.ar\/v1\/2025\/07\/30\/detuvieron-a-matias-orihuela-refuerzo-de-san-martin-sj-por-agredir-a-un-policia\/\" \/>\n<meta property=\"og:locale\" content=\"es_ES\" \/>\n<meta property=\"og:type\" content=\"article\" \/>\n<meta property=\"og:title\" content=\"Detuvieron a Mat\u00edas Orihuela, refuerzo de San Mart\u00edn (SJ), por agredir a un polic\u00eda - Radio Infinita Goya\" \/>\n<meta property=\"og:description\" content=\"El violento hecho ocurri\u00f3 durante un operativo en Potrerillos y fue registrado en un video que no tard\u00f3 en hacerse viral. El futbolista, que termin\u00f3\" \/>\n<meta property=\"og:url\" content=\"https:\/\/radioinfinitagoya.com.ar\/v1\/2025\/07\/30\/detuvieron-a-matias-orihuela-refuerzo-de-san-martin-sj-por-agredir-a-un-policia\/\" \/>\n<meta property=\"og:site_name\" content=\"Radio Infinita Goya\" \/>\n<meta property=\"article:publisher\" content=\"https:\/\/www.facebook.com\/p\/Infinita-Goya-100063870918311\/\" \/>\n<meta property=\"article:published_time\" content=\"2025-07-30T20:04:31+00:00\" \/>\n<meta property=\"og:image\" content=\"https:\/\/radioinfinitagoya.com.ar\/v1\/wp-content\/uploads\/2025\/07\/GxHjVaxWQAAUdLO.jpg\" \/>\n\t<meta property=\"og:image:width\" content=\"680\" \/>\n\t<meta property=\"og:image:height\" content=\"381\" \/>\n\t<meta property=\"og:image:type\" content=\"image\/jpeg\" \/>\n<meta name=\"author\" content=\"Jorge Mi\u00f1o\" \/>\n<meta name=\"twitter:card\" content=\"summary_large_image\" \/>\n<meta name=\"twitter:label1\" content=\"Escrito por\" \/>\n\t<meta name=\"twitter:data1\" content=\"Jorge Mi\u00f1o\" \/>\n\t<meta name=\"twitter:label2\" content=\"Tiempo de lectura\" \/>\n\t<meta name=\"twitter:data2\" content=\"3 minutos\" \/>\n<script type=\"application\/ld+json\" class=\"yoast-schema-graph\">{\"@context\":\"https:\/\/schema.org\",\"@graph\":[{\"@type\":\"Article\",\"@id\":\"https:\/\/radioinfinitagoya.com.ar\/v1\/2025\/07\/30\/detuvieron-a-matias-orihuela-refuerzo-de-san-martin-sj-por-agredir-a-un-policia\/#article\",\"isPartOf\":{\"@id\":\"https:\/\/radioinfinitagoya.com.ar\/v1\/2025\/07\/30\/detuvieron-a-matias-orihuela-refuerzo-de-san-martin-sj-por-agredir-a-un-policia\/\"},\"author\":{\"name\":\"Jorge Mi\u00f1o\",\"@id\":\"https:\/\/radioinfinitagoya.com.ar\/v1\/#\/schema\/person\/d4cf9c413d4f6edb24aabdccab49ca4a\"},\"headline\":\"Detuvieron a Mat\u00edas Orihuela, refuerzo de San Mart\u00edn (SJ), por agredir a un polic\u00eda\",\"datePublished\":\"2025-07-30T20:04:31+00:00\",\"mainEntityOfPage\":{\"@id\":\"https:\/\/radioinfinitagoya.com.ar\/v1\/2025\/07\/30\/detuvieron-a-matias-orihuela-refuerzo-de-san-martin-sj-por-agredir-a-un-policia\/\"},\"wordCount\":571,\"publisher\":{\"@id\":\"https:\/\/radioinfinitagoya.com.ar\/v1\/#organization\"},\"image\":{\"@id\":\"https:\/\/radioinfinitagoya.com.ar\/v1\/2025\/07\/30\/detuvieron-a-matias-orihuela-refuerzo-de-san-martin-sj-por-agredir-a-un-policia\/#primaryimage\"},\"thumbnailUrl\":\"https:\/\/radioinfinitagoya.com.ar\/v1\/wp-content\/uploads\/2025\/07\/GxHjVaxWQAAUdLO.jpg\",\"articleSection\":[\"DEPORTES\"],\"inLanguage\":\"es-AR\"},{\"@type\":\"WebPage\",\"@id\":\"https:\/\/radioinfinitagoya.com.ar\/v1\/2025\/07\/30\/detuvieron-a-matias-orihuela-refuerzo-de-san-martin-sj-por-agredir-a-un-policia\/\",\"url\":\"https:\/\/radioinfinitagoya.com.ar\/v1\/2025\/07\/30\/detuvieron-a-matias-orihuela-refuerzo-de-san-martin-sj-por-agredir-a-un-policia\/\",\"name\":\"Detuvieron a Mat\u00edas Orihuela, refuerzo de San Mart\u00edn (SJ), por agredir a un polic\u00eda - Radio Infinita Goya\",\"isPartOf\":{\"@id\":\"https:\/\/radioinfinitagoya.com.ar\/v1\/#website\"},\"primaryImageOfPage\":{\"@id\":\"https:\/\/radioinfinitagoya.com.ar\/v1\/2025\/07\/30\/detuvieron-a-matias-orihuela-refuerzo-de-san-martin-sj-por-agredir-a-un-policia\/#primaryimage\"},\"image\":{\"@id\":\"https:\/\/radioinfinitagoya.com.ar\/v1\/2025\/07\/30\/detuvieron-a-matias-orihuela-refuerzo-de-san-martin-sj-por-agredir-a-un-policia\/#primaryimage\"},\"thumbnailUrl\":\"https:\/\/radioinfinitagoya.com.ar\/v1\/wp-content\/uploads\/2025\/07\/GxHjVaxWQAAUdLO.jpg\",\"datePublished\":\"2025-07-30T20:04:31+00:00\",\"description\":\"El violento hecho ocurri\u00f3 durante un operativo en Potrerillos y fue registrado en un video que no tard\u00f3 en hacerse viral. El futbolista, que termin\u00f3\",\"breadcrumb\":{\"@id\":\"https:\/\/radioinfinitagoya.com.ar\/v1\/2025\/07\/30\/detuvieron-a-matias-orihuela-refuerzo-de-san-martin-sj-por-agredir-a-un-policia\/#breadcrumb\"},\"inLanguage\":\"es-AR\",\"potentialAction\":[{\"@type\":\"ReadAction\",\"target\":[\"https:\/\/radioinfinitagoya.com.ar\/v1\/2025\/07\/30\/detuvieron-a-matias-orihuela-refuerzo-de-san-martin-sj-por-agredir-a-un-policia\/\"]}]},{\"@type\":\"ImageObject\",\"inLanguage\":\"es-AR\",\"@id\":\"https:\/\/radioinfinitagoya.com.ar\/v1\/2025\/07\/30\/detuvieron-a-matias-orihuela-refuerzo-de-san-martin-sj-por-agredir-a-un-policia\/#primaryimage\",\"url\":\"https:\/\/radioinfinitagoya.com.ar\/v1\/wp-content\/uploads\/2025\/07\/GxHjVaxWQAAUdLO.jpg\",\"contentUrl\":\"https:\/\/radioinfinitagoya.com.ar\/v1\/wp-content\/uploads\/2025\/07\/GxHjVaxWQAAUdLO.jpg\",\"width\":680,\"height\":381},{\"@type\":\"BreadcrumbList\",\"@id\":\"https:\/\/radioinfinitagoya.com.ar\/v1\/2025\/07\/30\/detuvieron-a-matias-orihuela-refuerzo-de-san-martin-sj-por-agredir-a-un-policia\/#breadcrumb\",\"itemListElement\":[{\"@type\":\"ListItem\",\"position\":1,\"name\":\"Inicio\",\"item\":\"https:\/\/radioinfinitagoya.com.ar\/v1\/\"},{\"@type\":\"ListItem\",\"position\":2,\"name\":\"Detuvieron a Mat\u00edas Orihuela, refuerzo de San Mart\u00edn (SJ), por agredir a un polic\u00eda\"}]},{\"@type\":\"WebSite\",\"@id\":\"https:\/\/radioinfinitagoya.com.ar\/v1\/#website\",\"url\":\"https:\/\/radioinfinitagoya.com.ar\/v1\/\",\"name\":\"radioinfinitagoya.com.ar\",\"description\":\"Radio de noticias\",\"publisher\":{\"@id\":\"https:\/\/radioinfinitagoya.com.ar\/v1\/#organization\"},\"potentialAction\":[{\"@type\":\"SearchAction\",\"target\":{\"@type\":\"EntryPoint\",\"urlTemplate\":\"https:\/\/radioinfinitagoya.com.ar\/v1\/?s={search_term_string}\"},\"query-input\":{\"@type\":\"PropertyValueSpecification\",\"valueRequired\":true,\"valueName\":\"search_term_string\"}}],\"inLanguage\":\"es-AR\"},{\"@type\":\"Organization\",\"@id\":\"https:\/\/radioinfinitagoya.com.ar\/v1\/#organization\",\"name\":\"Radio Infinita Goya\",\"url\":\"https:\/\/radioinfinitagoya.com.ar\/v1\/\",\"logo\":{\"@type\":\"ImageObject\",\"inLanguage\":\"es-AR\",\"@id\":\"https:\/\/radioinfinitagoya.com.ar\/v1\/#\/schema\/logo\/image\/\",\"url\":\"https:\/\/radioinfinitagoya.com.ar\/v1\/wp-content\/uploads\/2019\/11\/logo-pie-web.png\",\"contentUrl\":\"https:\/\/radioinfinitagoya.com.ar\/v1\/wp-content\/uploads\/2019\/11\/logo-pie-web.png\",\"width\":635,\"height\":326,\"caption\":\"Radio Infinita Goya\"},\"image\":{\"@id\":\"https:\/\/radioinfinitagoya.com.ar\/v1\/#\/schema\/logo\/image\/\"},\"sameAs\":[\"https:\/\/www.facebook.com\/p\/Infinita-Goya-100063870918311\/\"]},{\"@type\":\"Person\",\"@id\":\"https:\/\/radioinfinitagoya.com.ar\/v1\/#\/schema\/person\/d4cf9c413d4f6edb24aabdccab49ca4a\",\"name\":\"Jorge Mi\u00f1o\",\"image\":{\"@type\":\"ImageObject\",\"inLanguage\":\"es-AR\",\"@id\":\"https:\/\/secure.gravatar.com\/avatar\/910fcf6728fe95320e07a6643c1581fec1c7fc4bf8ae12e3d8f0d0373dc844be?s=96&d=mm&r=g\",\"url\":\"https:\/\/secure.gravatar.com\/avatar\/910fcf6728fe95320e07a6643c1581fec1c7fc4bf8ae12e3d8f0d0373dc844be?s=96&d=mm&r=g\",\"contentUrl\":\"https:\/\/secure.gravatar.com\/avatar\/910fcf6728fe95320e07a6643c1581fec1c7fc4bf8ae12e3d8f0d0373dc844be?s=96&d=mm&r=g\",\"caption\":\"Jorge Mi\u00f1o\"},\"sameAs\":[\"http:\/\/radioinfinitagoya.com.ar\"]}]}<\/script>\n<!-- \/ Yoast SEO plugin. -->","yoast_head_json":{"title":"Detuvieron a Mat\u00edas Orihuela, refuerzo de San Mart\u00edn (SJ), por agredir a un polic\u00eda - Radio Infinita Goya","description":"El violento hecho ocurri\u00f3 durante un operativo en Potrerillos y fue registrado en un video que no tard\u00f3 en hacerse viral. El futbolista, que termin\u00f3","robots":{"index":"index","follow":"follow","max-snippet":"max-snippet:-1","max-image-preview":"max-image-preview:large","max-video-preview":"max-video-preview:-1"},"canonical":"https:\/\/radioinfinitagoya.com.ar\/v1\/2025\/07\/30\/detuvieron-a-matias-orihuela-refuerzo-de-san-martin-sj-por-agredir-a-un-policia\/","og_locale":"es_ES","og_type":"article","og_title":"Detuvieron a Mat\u00edas Orihuela, refuerzo de San Mart\u00edn (SJ), por agredir a un polic\u00eda - Radio Infinita Goya","og_description":"El violento hecho ocurri\u00f3 durante un operativo en Potrerillos y fue registrado en un video que no tard\u00f3 en hacerse viral. El futbolista, que termin\u00f3","og_url":"https:\/\/radioinfinitagoya.com.ar\/v1\/2025\/07\/30\/detuvieron-a-matias-orihuela-refuerzo-de-san-martin-sj-por-agredir-a-un-policia\/","og_site_name":"Radio Infinita Goya","article_publisher":"https:\/\/www.facebook.com\/p\/Infinita-Goya-100063870918311\/","article_published_time":"2025-07-30T20:04:31+00:00","og_image":[{"width":680,"height":381,"url":"https:\/\/radioinfinitagoya.com.ar\/v1\/wp-content\/uploads\/2025\/07\/GxHjVaxWQAAUdLO.jpg","type":"image\/jpeg"}],"author":"Jorge Mi\u00f1o","twitter_card":"summary_large_image","twitter_misc":{"Escrito por":"Jorge Mi\u00f1o","Tiempo de lectura":"3 minutos"},"schema":{"@context":"https:\/\/schema.org","@graph":[{"@type":"Article","@id":"https:\/\/radioinfinitagoya.com.ar\/v1\/2025\/07\/30\/detuvieron-a-matias-orihuela-refuerzo-de-san-martin-sj-por-agredir-a-un-policia\/#article","isPartOf":{"@id":"https:\/\/radioinfinitagoya.com.ar\/v1\/2025\/07\/30\/detuvieron-a-matias-orihuela-refuerzo-de-san-martin-sj-por-agredir-a-un-policia\/"},"author":{"name":"Jorge Mi\u00f1o","@id":"https:\/\/radioinfinitagoya.com.ar\/v1\/#\/schema\/person\/d4cf9c413d4f6edb24aabdccab49ca4a"},"headline":"Detuvieron a Mat\u00edas Orihuela, refuerzo de San Mart\u00edn (SJ), por agredir a un polic\u00eda","datePublished":"2025-07-30T20:04:31+00:00","mainEntityOfPage":{"@id":"https:\/\/radioinfinitagoya.com.ar\/v1\/2025\/07\/30\/detuvieron-a-matias-orihuela-refuerzo-de-san-martin-sj-por-agredir-a-un-policia\/"},"wordCount":571,"publisher":{"@id":"https:\/\/radioinfinitagoya.com.ar\/v1\/#organization"},"image":{"@id":"https:\/\/radioinfinitagoya.com.ar\/v1\/2025\/07\/30\/detuvieron-a-matias-orihuela-refuerzo-de-san-martin-sj-por-agredir-a-un-policia\/#primaryimage"},"thumbnailUrl":"https:\/\/radioinfinitagoya.com.ar\/v1\/wp-content\/uploads\/2025\/07\/GxHjVaxWQAAUdLO.jpg","articleSection":["DEPORTES"],"inLanguage":"es-AR"},{"@type":"WebPage","@id":"https:\/\/radioinfinitagoya.com.ar\/v1\/2025\/07\/30\/detuvieron-a-matias-orihuela-refuerzo-de-san-martin-sj-por-agredir-a-un-policia\/","url":"https:\/\/radioinfinitagoya.com.ar\/v1\/2025\/07\/30\/detuvieron-a-matias-orihuela-refuerzo-de-san-martin-sj-por-agredir-a-un-policia\/","name":"Detuvieron a Mat\u00edas Orihuela, refuerzo de San Mart\u00edn (SJ), por agredir a un polic\u00eda - Radio Infinita Goya","isPartOf":{"@id":"https:\/\/radioinfinitagoya.com.ar\/v1\/#website"},"primaryImageOfPage":{"@id":"https:\/\/radioinfinitagoya.com.ar\/v1\/2025\/07\/30\/detuvieron-a-matias-orihuela-refuerzo-de-san-martin-sj-por-agredir-a-un-policia\/#primaryimage"},"image":{"@id":"https:\/\/radioinfinitagoya.com.ar\/v1\/2025\/07\/30\/detuvieron-a-matias-orihuela-refuerzo-de-san-martin-sj-por-agredir-a-un-policia\/#primaryimage"},"thumbnailUrl":"https:\/\/radioinfinitagoya.com.ar\/v1\/wp-content\/uploads\/2025\/07\/GxHjVaxWQAAUdLO.jpg","datePublished":"2025-07-30T20:04:31+00:00","description":"El violento hecho ocurri\u00f3 durante un operativo en Potrerillos y fue registrado en un video que no tard\u00f3 en hacerse viral. El futbolista, que termin\u00f3","breadcrumb":{"@id":"https:\/\/radioinfinitagoya.com.ar\/v1\/2025\/07\/30\/detuvieron-a-matias-orihuela-refuerzo-de-san-martin-sj-por-agredir-a-un-policia\/#breadcrumb"},"inLanguage":"es-AR","potentialAction":[{"@type":"ReadAction","target":["https:\/\/radioinfinitagoya.com.ar\/v1\/2025\/07\/30\/detuvieron-a-matias-orihuela-refuerzo-de-san-martin-sj-por-agredir-a-un-policia\/"]}]},{"@type":"ImageObject","inLanguage":"es-AR","@id":"https:\/\/radioinfinitagoya.com.ar\/v1\/2025\/07\/30\/detuvieron-a-matias-orihuela-refuerzo-de-san-martin-sj-por-agredir-a-un-policia\/#primaryimage","url":"https:\/\/radioinfinitagoya.com.ar\/v1\/wp-content\/uploads\/2025\/07\/GxHjVaxWQAAUdLO.jpg","contentUrl":"https:\/\/radioinfinitagoya.com.ar\/v1\/wp-content\/uploads\/2025\/07\/GxHjVaxWQAAUdLO.jpg","width":680,"height":381},{"@type":"BreadcrumbList","@id":"https:\/\/radioinfinitagoya.com.ar\/v1\/2025\/07\/30\/detuvieron-a-matias-orihuela-refuerzo-de-san-martin-sj-por-agredir-a-un-policia\/#breadcrumb","itemListElement":[{"@type":"ListItem","position":1,"name":"Inicio","item":"https:\/\/radioinfinitagoya.com.ar\/v1\/"},{"@type":"ListItem","position":2,"name":"Detuvieron a Mat\u00edas Orihuela, refuerzo de San Mart\u00edn (SJ), por agredir a un polic\u00eda"}]},{"@type":"WebSite","@id":"https:\/\/radioinfinitagoya.com.ar\/v1\/#website","url":"https:\/\/radioinfinitagoya.com.ar\/v1\/","name":"radioinfinitagoya.com.ar","description":"Radio de noticias","publisher":{"@id":"https:\/\/radioinfinitagoya.com.ar\/v1\/#organization"},"potentialAction":[{"@type":"SearchAction","target":{"@type":"EntryPoint","urlTemplate":"https:\/\/radioinfinitagoya.com.ar\/v1\/?s={search_term_string}"},"query-input":{"@type":"PropertyValueSpecification","valueRequired":true,"valueName":"search_term_string"}}],"inLanguage":"es-AR"},{"@type":"Organization","@id":"https:\/\/radioinfinitagoya.com.ar\/v1\/#organization","name":"Radio Infinita Goya","url":"https:\/\/radioinfinitagoya.com.ar\/v1\/","logo":{"@type":"ImageObject","inLanguage":"es-AR","@id":"https:\/\/radioinfinitagoya.com.ar\/v1\/#\/schema\/logo\/image\/","url":"https:\/\/radioinfinitagoya.com.ar\/v1\/wp-content\/uploads\/2019\/11\/logo-pie-web.png","contentUrl":"https:\/\/radioinfinitagoya.com.ar\/v1\/wp-content\/uploads\/2019\/11\/logo-pie-web.png","width":635,"height":326,"caption":"Radio Infinita Goya"},"image":{"@id":"https:\/\/radioinfinitagoya.com.ar\/v1\/#\/schema\/logo\/image\/"},"sameAs":["https:\/\/www.facebook.com\/p\/Infinita-Goya-100063870918311\/"]},{"@type":"Person","@id":"https:\/\/radioinfinitagoya.com.ar\/v1\/#\/schema\/person\/d4cf9c413d4f6edb24aabdccab49ca4a","name":"Jorge Mi\u00f1o","image":{"@type":"ImageObject","inLanguage":"es-AR","@id":"https:\/\/secure.gravatar.com\/avatar\/910fcf6728fe95320e07a6643c1581fec1c7fc4bf8ae12e3d8f0d0373dc844be?s=96&d=mm&r=g","url":"https:\/\/secure.gravatar.com\/avatar\/910fcf6728fe95320e07a6643c1581fec1c7fc4bf8ae12e3d8f0d0373dc844be?s=96&d=mm&r=g","contentUrl":"https:\/\/secure.gravatar.com\/avatar\/910fcf6728fe95320e07a6643c1581fec1c7fc4bf8ae12e3d8f0d0373dc844be?s=96&d=mm&r=g","caption":"Jorge Mi\u00f1o"},"sameAs":["http:\/\/radioinfinitagoya.com.ar"]}]}},"_links":{"self":[{"href":"https:\/\/radioinfinitagoya.com.ar\/v1\/wp-json\/wp\/v2\/posts\/193579","targetHints":{"allow":["GET"]}}],"collection":[{"href":"https:\/\/radioinfinitagoya.com.ar\/v1\/wp-json\/wp\/v2\/posts"}],"about":[{"href":"https:\/\/radioinfinitagoya.com.ar\/v1\/wp-json\/wp\/v2\/types\/post"}],"author":[{"embeddable":true,"href":"https:\/\/radioinfinitagoya.com.ar\/v1\/wp-json\/wp\/v2\/users\/4"}],"replies":[{"embeddable":true,"href":"https:\/\/radioinfinitagoya.com.ar\/v1\/wp-json\/wp\/v2\/comments?post=193579"}],"version-history":[{"count":0,"href":"https:\/\/radioinfinitagoya.com.ar\/v1\/wp-json\/wp\/v2\/posts\/193579\/revisions"}],"wp:featuredmedia":[{"embeddable":true,"href":"https:\/\/radioinfinitagoya.com.ar\/v1\/wp-json\/wp\/v2\/media\/193580"}],"wp:attachment":[{"href":"https:\/\/radioinfinitagoya.com.ar\/v1\/wp-json\/wp\/v2\/media?parent=193579"}],"wp:term":[{"taxonomy":"category","embeddable":true,"href":"https:\/\/radioinfinitagoya.com.ar\/v1\/wp-json\/wp\/v2\/categories?post=193579"},{"taxonomy":"post_tag","embeddable":true,"href":"https:\/\/radioinfinitagoya.com.ar\/v1\/wp-json\/wp\/v2\/tags?post=193579"}],"curies":[{"name":"wp","href":"https:\/\/api.w.org\/{rel}","templated":true}]}}