{"id":193582,"date":"2025-07-30T17:08:24","date_gmt":"2025-07-30T20:08:24","guid":{"rendered":"https:\/\/radioinfinitagoya.com.ar\/v1\/?p=193582"},"modified":"2025-07-30T17:08:24","modified_gmt":"2025-07-30T20:08:24","slug":"riquelme-evalua-cambios-en-el-consejo-de-futbol-de-boca","status":"publish","type":"post","link":"https:\/\/radioinfinitagoya.com.ar\/v1\/2025\/07\/30\/riquelme-evalua-cambios-en-el-consejo-de-futbol-de-boca\/","title":{"rendered":"Riquelme eval\u00faa cambios en el Consejo de F\u00fatbol de Boca"},"content":{"rendered":"<p>En medio de la crisis, Rom\u00e1n analiza la posibilidad de hacer algunos movimientos fuertes dentro de la estructura que componen Serna, Cascini y el Chelo Delgado.<\/p>\n<p>Por primera vez desde que ingres\u00f3 en la pol\u00edtica de Boca -en 2019 como vicepresidente y desde fines de 2023 como presidente-, Juan Rom\u00e1n Riquelme analiza la posibilidad de hacer cambios en la estructura del Consejo de F\u00fatbol.<\/p>\n<p>En plena crisis futbol\u00edstica del equipo y sin un rumbo claro, el \u00eddolo qued\u00f3 en el ojo de la tormenta y bajo el cuestionamiento general de los hinchas como nunca en su larga vida ligada al mundo Xeneize. Por eso, en el peor momento de su gesti\u00f3n en Brandsen 805, baraja tomar medidas que hasta hace poco eran impensadas por su manera de conducir.<\/p>\n<p>La informaci\u00f3n que empez\u00f3 a trascender con fuerza desde Boca Predio, donde hoy el plantel volver\u00e1 a entrenar y tambi\u00e9n habr\u00e1 decisiones importantes por parte de Miguel \u00c1ngel Russo, es que Riquelme tiene en mente hacer algunos movimientos dentro del grupo de trabajo que componen Mauricio Serna (hizo tras la eliminaci\u00f3n en la Copa Argentina), Ra\u00fal Cascini y Marcelo Delgado.<\/p>\n<p>\u00bfSe disolver\u00e1? No, por ahora no est\u00e1 en los planes. Lo que s\u00ed, puertas adentro se habla de que el Consejo de F\u00fatbol est\u00e1 &#8220;en revisi\u00f3n&#8221; y podr\u00eda haber una reconfiguraci\u00f3n de sus integrantes, incluso con la alternativa de que se sume la figura de un m\u00e1nager o director deportivo.<\/p>\n<p>Desde hace tiempo que viene siendo uno los principales focos de las cr\u00edticas de parte de los hinchas, producto de sus manejos y yerros administrativos. Una pol\u00edtica de elecci\u00f3n de refuerzos que no funcion\u00f3, el conflicto con varios jugadores que se terminaron yendo por la puerta de atr\u00e1s, la postura de no rescindir contratos, y problemas varios como haber enviado tarde el mail a Conmebol imposibilitando anotar a los refuerzos en la Copa Sudamericana 2024, son algunas de las cuestiones que los ponen bajo la mira.<\/p>\n<p>Este martes ser\u00e1 un d\u00eda clave en el predio de Ezeiza en todo sentido. Porque no solo se espera un profunda charla colectiva de Russo con los jugadores y otra individual con Miguel Merentiel despu\u00e9s del ins\u00f3lito cambio del domingo, sino tambi\u00e9n un c\u00f3nclave entre Riquelme y sus aliados dirigenciales -Serna, Cascini y Delgado- del que pueden desprenderse novedades.<\/p>\n","protected":false},"excerpt":{"rendered":"<p>En medio de la crisis, Rom\u00e1n analiza la posibilidad de hacer algunos movimientos fuertes dentro de la estructura que componen Serna, Cascini y el Chelo Delgado. Por primera vez desde que ingres\u00f3 en la pol\u00edtica de Boca -en 2019 como vicepresidente y desde fines de 2023 como presidente-, Juan Rom\u00e1n Riquelme analiza la posibilidad de [&hellip;]<\/p>\n","protected":false},"author":4,"featured_media":193583,"comment_status":"closed","ping_status":"closed","sticky":false,"template":"","format":"standard","meta":{"_joinchat":[],"footnotes":""},"categories":[28],"tags":[],"class_list":{"0":"post-193582","1":"post","2":"type-post","3":"status-publish","4":"format-standard","5":"has-post-thumbnail","7":"category-deportes"},"yoast_head":"<!-- This site is optimized with the Yoast SEO plugin v27.2 - https:\/\/yoast.com\/product\/yoast-seo-wordpress\/ -->\n<title>Riquelme eval\u00faa cambios en el Consejo de F\u00fatbol de Boca - Radio Infinita Goya<\/title>\n<meta name=\"description\" content=\"En medio de la crisis, Rom\u00e1n analiza la posibilidad de hacer algunos movimientos fuertes dentro de la estructura que componen Serna, Cascini y el Chelo\" \/>\n<meta name=\"robots\" content=\"index, follow, max-snippet:-1, max-image-preview:large, max-video-preview:-1\" \/>\n<link rel=\"canonical\" href=\"https:\/\/radioinfinitagoya.com.ar\/v1\/2025\/07\/30\/riquelme-evalua-cambios-en-el-consejo-de-futbol-de-boca\/\" \/>\n<meta property=\"og:locale\" content=\"es_ES\" \/>\n<meta property=\"og:type\" content=\"article\" \/>\n<meta property=\"og:title\" content=\"Riquelme eval\u00faa cambios en el Consejo de F\u00fatbol de Boca - Radio Infinita Goya\" \/>\n<meta property=\"og:description\" content=\"En medio de la crisis, Rom\u00e1n analiza la posibilidad de hacer algunos movimientos fuertes dentro de la estructura que componen Serna, Cascini y el Chelo\" \/>\n<meta property=\"og:url\" content=\"https:\/\/radioinfinitagoya.com.ar\/v1\/2025\/07\/30\/riquelme-evalua-cambios-en-el-consejo-de-futbol-de-boca\/\" \/>\n<meta property=\"og:site_name\" content=\"Radio Infinita Goya\" \/>\n<meta property=\"article:publisher\" content=\"https:\/\/www.facebook.com\/p\/Infinita-Goya-100063870918311\/\" \/>\n<meta property=\"article:published_time\" content=\"2025-07-30T20:08:24+00:00\" \/>\n<meta property=\"og:image\" content=\"https:\/\/radioinfinitagoya.com.ar\/v1\/wp-content\/uploads\/2025\/07\/1753826546016.webp\" \/>\n\t<meta property=\"og:image:width\" content=\"1200\" \/>\n\t<meta property=\"og:image:height\" content=\"675\" \/>\n\t<meta property=\"og:image:type\" content=\"image\/webp\" \/>\n<meta name=\"author\" content=\"Jorge Mi\u00f1o\" \/>\n<meta name=\"twitter:card\" content=\"summary_large_image\" \/>\n<meta name=\"twitter:label1\" content=\"Escrito por\" \/>\n\t<meta name=\"twitter:data1\" content=\"Jorge Mi\u00f1o\" \/>\n\t<meta name=\"twitter:label2\" content=\"Tiempo de lectura\" \/>\n\t<meta name=\"twitter:data2\" content=\"2 minutos\" \/>\n<script type=\"application\/ld+json\" class=\"yoast-schema-graph\">{\"@context\":\"https:\/\/schema.org\",\"@graph\":[{\"@type\":\"Article\",\"@id\":\"https:\/\/radioinfinitagoya.com.ar\/v1\/2025\/07\/30\/riquelme-evalua-cambios-en-el-consejo-de-futbol-de-boca\/#article\",\"isPartOf\":{\"@id\":\"https:\/\/radioinfinitagoya.com.ar\/v1\/2025\/07\/30\/riquelme-evalua-cambios-en-el-consejo-de-futbol-de-boca\/\"},\"author\":{\"name\":\"Jorge Mi\u00f1o\",\"@id\":\"https:\/\/radioinfinitagoya.com.ar\/v1\/#\/schema\/person\/d4cf9c413d4f6edb24aabdccab49ca4a\"},\"headline\":\"Riquelme eval\u00faa cambios en el Consejo de F\u00fatbol de Boca\",\"datePublished\":\"2025-07-30T20:08:24+00:00\",\"mainEntityOfPage\":{\"@id\":\"https:\/\/radioinfinitagoya.com.ar\/v1\/2025\/07\/30\/riquelme-evalua-cambios-en-el-consejo-de-futbol-de-boca\/\"},\"wordCount\":415,\"publisher\":{\"@id\":\"https:\/\/radioinfinitagoya.com.ar\/v1\/#organization\"},\"image\":{\"@id\":\"https:\/\/radioinfinitagoya.com.ar\/v1\/2025\/07\/30\/riquelme-evalua-cambios-en-el-consejo-de-futbol-de-boca\/#primaryimage\"},\"thumbnailUrl\":\"https:\/\/radioinfinitagoya.com.ar\/v1\/wp-content\/uploads\/2025\/07\/1753826546016.webp\",\"articleSection\":[\"DEPORTES\"],\"inLanguage\":\"es-AR\"},{\"@type\":\"WebPage\",\"@id\":\"https:\/\/radioinfinitagoya.com.ar\/v1\/2025\/07\/30\/riquelme-evalua-cambios-en-el-consejo-de-futbol-de-boca\/\",\"url\":\"https:\/\/radioinfinitagoya.com.ar\/v1\/2025\/07\/30\/riquelme-evalua-cambios-en-el-consejo-de-futbol-de-boca\/\",\"name\":\"Riquelme eval\u00faa cambios en el Consejo de F\u00fatbol de Boca - Radio Infinita Goya\",\"isPartOf\":{\"@id\":\"https:\/\/radioinfinitagoya.com.ar\/v1\/#website\"},\"primaryImageOfPage\":{\"@id\":\"https:\/\/radioinfinitagoya.com.ar\/v1\/2025\/07\/30\/riquelme-evalua-cambios-en-el-consejo-de-futbol-de-boca\/#primaryimage\"},\"image\":{\"@id\":\"https:\/\/radioinfinitagoya.com.ar\/v1\/2025\/07\/30\/riquelme-evalua-cambios-en-el-consejo-de-futbol-de-boca\/#primaryimage\"},\"thumbnailUrl\":\"https:\/\/radioinfinitagoya.com.ar\/v1\/wp-content\/uploads\/2025\/07\/1753826546016.webp\",\"datePublished\":\"2025-07-30T20:08:24+00:00\",\"description\":\"En medio de la crisis, Rom\u00e1n analiza la posibilidad de hacer algunos movimientos fuertes dentro de la estructura que componen Serna, Cascini y el Chelo\",\"breadcrumb\":{\"@id\":\"https:\/\/radioinfinitagoya.com.ar\/v1\/2025\/07\/30\/riquelme-evalua-cambios-en-el-consejo-de-futbol-de-boca\/#breadcrumb\"},\"inLanguage\":\"es-AR\",\"potentialAction\":[{\"@type\":\"ReadAction\",\"target\":[\"https:\/\/radioinfinitagoya.com.ar\/v1\/2025\/07\/30\/riquelme-evalua-cambios-en-el-consejo-de-futbol-de-boca\/\"]}]},{\"@type\":\"ImageObject\",\"inLanguage\":\"es-AR\",\"@id\":\"https:\/\/radioinfinitagoya.com.ar\/v1\/2025\/07\/30\/riquelme-evalua-cambios-en-el-consejo-de-futbol-de-boca\/#primaryimage\",\"url\":\"https:\/\/radioinfinitagoya.com.ar\/v1\/wp-content\/uploads\/2025\/07\/1753826546016.webp\",\"contentUrl\":\"https:\/\/radioinfinitagoya.com.ar\/v1\/wp-content\/uploads\/2025\/07\/1753826546016.webp\",\"width\":1200,\"height\":675},{\"@type\":\"BreadcrumbList\",\"@id\":\"https:\/\/radioinfinitagoya.com.ar\/v1\/2025\/07\/30\/riquelme-evalua-cambios-en-el-consejo-de-futbol-de-boca\/#breadcrumb\",\"itemListElement\":[{\"@type\":\"ListItem\",\"position\":1,\"name\":\"Inicio\",\"item\":\"https:\/\/radioinfinitagoya.com.ar\/v1\/\"},{\"@type\":\"ListItem\",\"position\":2,\"name\":\"Riquelme eval\u00faa cambios en el Consejo de F\u00fatbol de Boca\"}]},{\"@type\":\"WebSite\",\"@id\":\"https:\/\/radioinfinitagoya.com.ar\/v1\/#website\",\"url\":\"https:\/\/radioinfinitagoya.com.ar\/v1\/\",\"name\":\"radioinfinitagoya.com.ar\",\"description\":\"Radio de noticias\",\"publisher\":{\"@id\":\"https:\/\/radioinfinitagoya.com.ar\/v1\/#organization\"},\"potentialAction\":[{\"@type\":\"SearchAction\",\"target\":{\"@type\":\"EntryPoint\",\"urlTemplate\":\"https:\/\/radioinfinitagoya.com.ar\/v1\/?s={search_term_string}\"},\"query-input\":{\"@type\":\"PropertyValueSpecification\",\"valueRequired\":true,\"valueName\":\"search_term_string\"}}],\"inLanguage\":\"es-AR\"},{\"@type\":\"Organization\",\"@id\":\"https:\/\/radioinfinitagoya.com.ar\/v1\/#organization\",\"name\":\"Radio Infinita Goya\",\"url\":\"https:\/\/radioinfinitagoya.com.ar\/v1\/\",\"logo\":{\"@type\":\"ImageObject\",\"inLanguage\":\"es-AR\",\"@id\":\"https:\/\/radioinfinitagoya.com.ar\/v1\/#\/schema\/logo\/image\/\",\"url\":\"https:\/\/radioinfinitagoya.com.ar\/v1\/wp-content\/uploads\/2019\/11\/logo-pie-web.png\",\"contentUrl\":\"https:\/\/radioinfinitagoya.com.ar\/v1\/wp-content\/uploads\/2019\/11\/logo-pie-web.png\",\"width\":635,\"height\":326,\"caption\":\"Radio Infinita Goya\"},\"image\":{\"@id\":\"https:\/\/radioinfinitagoya.com.ar\/v1\/#\/schema\/logo\/image\/\"},\"sameAs\":[\"https:\/\/www.facebook.com\/p\/Infinita-Goya-100063870918311\/\"]},{\"@type\":\"Person\",\"@id\":\"https:\/\/radioinfinitagoya.com.ar\/v1\/#\/schema\/person\/d4cf9c413d4f6edb24aabdccab49ca4a\",\"name\":\"Jorge Mi\u00f1o\",\"image\":{\"@type\":\"ImageObject\",\"inLanguage\":\"es-AR\",\"@id\":\"https:\/\/secure.gravatar.com\/avatar\/910fcf6728fe95320e07a6643c1581fec1c7fc4bf8ae12e3d8f0d0373dc844be?s=96&d=mm&r=g\",\"url\":\"https:\/\/secure.gravatar.com\/avatar\/910fcf6728fe95320e07a6643c1581fec1c7fc4bf8ae12e3d8f0d0373dc844be?s=96&d=mm&r=g\",\"contentUrl\":\"https:\/\/secure.gravatar.com\/avatar\/910fcf6728fe95320e07a6643c1581fec1c7fc4bf8ae12e3d8f0d0373dc844be?s=96&d=mm&r=g\",\"caption\":\"Jorge Mi\u00f1o\"},\"sameAs\":[\"http:\/\/radioinfinitagoya.com.ar\"]}]}<\/script>\n<!-- \/ Yoast SEO plugin. -->","yoast_head_json":{"title":"Riquelme eval\u00faa cambios en el Consejo de F\u00fatbol de Boca - Radio Infinita Goya","description":"En medio de la crisis, Rom\u00e1n analiza la posibilidad de hacer algunos movimientos fuertes dentro de la estructura que componen Serna, Cascini y el Chelo","robots":{"index":"index","follow":"follow","max-snippet":"max-snippet:-1","max-image-preview":"max-image-preview:large","max-video-preview":"max-video-preview:-1"},"canonical":"https:\/\/radioinfinitagoya.com.ar\/v1\/2025\/07\/30\/riquelme-evalua-cambios-en-el-consejo-de-futbol-de-boca\/","og_locale":"es_ES","og_type":"article","og_title":"Riquelme eval\u00faa cambios en el Consejo de F\u00fatbol de Boca - Radio Infinita Goya","og_description":"En medio de la crisis, Rom\u00e1n analiza la posibilidad de hacer algunos movimientos fuertes dentro de la estructura que componen Serna, Cascini y el Chelo","og_url":"https:\/\/radioinfinitagoya.com.ar\/v1\/2025\/07\/30\/riquelme-evalua-cambios-en-el-consejo-de-futbol-de-boca\/","og_site_name":"Radio Infinita Goya","article_publisher":"https:\/\/www.facebook.com\/p\/Infinita-Goya-100063870918311\/","article_published_time":"2025-07-30T20:08:24+00:00","og_image":[{"width":1200,"height":675,"url":"https:\/\/radioinfinitagoya.com.ar\/v1\/wp-content\/uploads\/2025\/07\/1753826546016.webp","type":"image\/webp"}],"author":"Jorge Mi\u00f1o","twitter_card":"summary_large_image","twitter_misc":{"Escrito por":"Jorge Mi\u00f1o","Tiempo de lectura":"2 minutos"},"schema":{"@context":"https:\/\/schema.org","@graph":[{"@type":"Article","@id":"https:\/\/radioinfinitagoya.com.ar\/v1\/2025\/07\/30\/riquelme-evalua-cambios-en-el-consejo-de-futbol-de-boca\/#article","isPartOf":{"@id":"https:\/\/radioinfinitagoya.com.ar\/v1\/2025\/07\/30\/riquelme-evalua-cambios-en-el-consejo-de-futbol-de-boca\/"},"author":{"name":"Jorge Mi\u00f1o","@id":"https:\/\/radioinfinitagoya.com.ar\/v1\/#\/schema\/person\/d4cf9c413d4f6edb24aabdccab49ca4a"},"headline":"Riquelme eval\u00faa cambios en el Consejo de F\u00fatbol de Boca","datePublished":"2025-07-30T20:08:24+00:00","mainEntityOfPage":{"@id":"https:\/\/radioinfinitagoya.com.ar\/v1\/2025\/07\/30\/riquelme-evalua-cambios-en-el-consejo-de-futbol-de-boca\/"},"wordCount":415,"publisher":{"@id":"https:\/\/radioinfinitagoya.com.ar\/v1\/#organization"},"image":{"@id":"https:\/\/radioinfinitagoya.com.ar\/v1\/2025\/07\/30\/riquelme-evalua-cambios-en-el-consejo-de-futbol-de-boca\/#primaryimage"},"thumbnailUrl":"https:\/\/radioinfinitagoya.com.ar\/v1\/wp-content\/uploads\/2025\/07\/1753826546016.webp","articleSection":["DEPORTES"],"inLanguage":"es-AR"},{"@type":"WebPage","@id":"https:\/\/radioinfinitagoya.com.ar\/v1\/2025\/07\/30\/riquelme-evalua-cambios-en-el-consejo-de-futbol-de-boca\/","url":"https:\/\/radioinfinitagoya.com.ar\/v1\/2025\/07\/30\/riquelme-evalua-cambios-en-el-consejo-de-futbol-de-boca\/","name":"Riquelme eval\u00faa cambios en el Consejo de F\u00fatbol de Boca - Radio Infinita Goya","isPartOf":{"@id":"https:\/\/radioinfinitagoya.com.ar\/v1\/#website"},"primaryImageOfPage":{"@id":"https:\/\/radioinfinitagoya.com.ar\/v1\/2025\/07\/30\/riquelme-evalua-cambios-en-el-consejo-de-futbol-de-boca\/#primaryimage"},"image":{"@id":"https:\/\/radioinfinitagoya.com.ar\/v1\/2025\/07\/30\/riquelme-evalua-cambios-en-el-consejo-de-futbol-de-boca\/#primaryimage"},"thumbnailUrl":"https:\/\/radioinfinitagoya.com.ar\/v1\/wp-content\/uploads\/2025\/07\/1753826546016.webp","datePublished":"2025-07-30T20:08:24+00:00","description":"En medio de la crisis, Rom\u00e1n analiza la posibilidad de hacer algunos movimientos fuertes dentro de la estructura que componen Serna, Cascini y el Chelo","breadcrumb":{"@id":"https:\/\/radioinfinitagoya.com.ar\/v1\/2025\/07\/30\/riquelme-evalua-cambios-en-el-consejo-de-futbol-de-boca\/#breadcrumb"},"inLanguage":"es-AR","potentialAction":[{"@type":"ReadAction","target":["https:\/\/radioinfinitagoya.com.ar\/v1\/2025\/07\/30\/riquelme-evalua-cambios-en-el-consejo-de-futbol-de-boca\/"]}]},{"@type":"ImageObject","inLanguage":"es-AR","@id":"https:\/\/radioinfinitagoya.com.ar\/v1\/2025\/07\/30\/riquelme-evalua-cambios-en-el-consejo-de-futbol-de-boca\/#primaryimage","url":"https:\/\/radioinfinitagoya.com.ar\/v1\/wp-content\/uploads\/2025\/07\/1753826546016.webp","contentUrl":"https:\/\/radioinfinitagoya.com.ar\/v1\/wp-content\/uploads\/2025\/07\/1753826546016.webp","width":1200,"height":675},{"@type":"BreadcrumbList","@id":"https:\/\/radioinfinitagoya.com.ar\/v1\/2025\/07\/30\/riquelme-evalua-cambios-en-el-consejo-de-futbol-de-boca\/#breadcrumb","itemListElement":[{"@type":"ListItem","position":1,"name":"Inicio","item":"https:\/\/radioinfinitagoya.com.ar\/v1\/"},{"@type":"ListItem","position":2,"name":"Riquelme eval\u00faa cambios en el Consejo de F\u00fatbol de Boca"}]},{"@type":"WebSite","@id":"https:\/\/radioinfinitagoya.com.ar\/v1\/#website","url":"https:\/\/radioinfinitagoya.com.ar\/v1\/","name":"radioinfinitagoya.com.ar","description":"Radio de noticias","publisher":{"@id":"https:\/\/radioinfinitagoya.com.ar\/v1\/#organization"},"potentialAction":[{"@type":"SearchAction","target":{"@type":"EntryPoint","urlTemplate":"https:\/\/radioinfinitagoya.com.ar\/v1\/?s={search_term_string}"},"query-input":{"@type":"PropertyValueSpecification","valueRequired":true,"valueName":"search_term_string"}}],"inLanguage":"es-AR"},{"@type":"Organization","@id":"https:\/\/radioinfinitagoya.com.ar\/v1\/#organization","name":"Radio Infinita Goya","url":"https:\/\/radioinfinitagoya.com.ar\/v1\/","logo":{"@type":"ImageObject","inLanguage":"es-AR","@id":"https:\/\/radioinfinitagoya.com.ar\/v1\/#\/schema\/logo\/image\/","url":"https:\/\/radioinfinitagoya.com.ar\/v1\/wp-content\/uploads\/2019\/11\/logo-pie-web.png","contentUrl":"https:\/\/radioinfinitagoya.com.ar\/v1\/wp-content\/uploads\/2019\/11\/logo-pie-web.png","width":635,"height":326,"caption":"Radio Infinita Goya"},"image":{"@id":"https:\/\/radioinfinitagoya.com.ar\/v1\/#\/schema\/logo\/image\/"},"sameAs":["https:\/\/www.facebook.com\/p\/Infinita-Goya-100063870918311\/"]},{"@type":"Person","@id":"https:\/\/radioinfinitagoya.com.ar\/v1\/#\/schema\/person\/d4cf9c413d4f6edb24aabdccab49ca4a","name":"Jorge Mi\u00f1o","image":{"@type":"ImageObject","inLanguage":"es-AR","@id":"https:\/\/secure.gravatar.com\/avatar\/910fcf6728fe95320e07a6643c1581fec1c7fc4bf8ae12e3d8f0d0373dc844be?s=96&d=mm&r=g","url":"https:\/\/secure.gravatar.com\/avatar\/910fcf6728fe95320e07a6643c1581fec1c7fc4bf8ae12e3d8f0d0373dc844be?s=96&d=mm&r=g","contentUrl":"https:\/\/secure.gravatar.com\/avatar\/910fcf6728fe95320e07a6643c1581fec1c7fc4bf8ae12e3d8f0d0373dc844be?s=96&d=mm&r=g","caption":"Jorge Mi\u00f1o"},"sameAs":["http:\/\/radioinfinitagoya.com.ar"]}]}},"_links":{"self":[{"href":"https:\/\/radioinfinitagoya.com.ar\/v1\/wp-json\/wp\/v2\/posts\/193582","targetHints":{"allow":["GET"]}}],"collection":[{"href":"https:\/\/radioinfinitagoya.com.ar\/v1\/wp-json\/wp\/v2\/posts"}],"about":[{"href":"https:\/\/radioinfinitagoya.com.ar\/v1\/wp-json\/wp\/v2\/types\/post"}],"author":[{"embeddable":true,"href":"https:\/\/radioinfinitagoya.com.ar\/v1\/wp-json\/wp\/v2\/users\/4"}],"replies":[{"embeddable":true,"href":"https:\/\/radioinfinitagoya.com.ar\/v1\/wp-json\/wp\/v2\/comments?post=193582"}],"version-history":[{"count":0,"href":"https:\/\/radioinfinitagoya.com.ar\/v1\/wp-json\/wp\/v2\/posts\/193582\/revisions"}],"wp:featuredmedia":[{"embeddable":true,"href":"https:\/\/radioinfinitagoya.com.ar\/v1\/wp-json\/wp\/v2\/media\/193583"}],"wp:attachment":[{"href":"https:\/\/radioinfinitagoya.com.ar\/v1\/wp-json\/wp\/v2\/media?parent=193582"}],"wp:term":[{"taxonomy":"category","embeddable":true,"href":"https:\/\/radioinfinitagoya.com.ar\/v1\/wp-json\/wp\/v2\/categories?post=193582"},{"taxonomy":"post_tag","embeddable":true,"href":"https:\/\/radioinfinitagoya.com.ar\/v1\/wp-json\/wp\/v2\/tags?post=193582"}],"curies":[{"name":"wp","href":"https:\/\/api.w.org\/{rel}","templated":true}]}}