{"id":193594,"date":"2025-07-30T17:28:16","date_gmt":"2025-07-30T20:28:16","guid":{"rendered":"https:\/\/radioinfinitagoya.com.ar\/v1\/?p=193594"},"modified":"2025-07-30T17:29:04","modified_gmt":"2025-07-30T20:29:04","slug":"valdes-entrego-notebooks-del-programa-incluir-futuro-en-una-escuela-de-corrientes","status":"publish","type":"post","link":"https:\/\/radioinfinitagoya.com.ar\/v1\/2025\/07\/30\/valdes-entrego-notebooks-del-programa-incluir-futuro-en-una-escuela-de-corrientes\/","title":{"rendered":"Vald\u00e9s entreg\u00f3 notebooks del programa &#8220;Incluir Futuro&#8221; en una escuela de Corrientes"},"content":{"rendered":"<p>El acto se realiz\u00f3 en la Escuela T\u00e9cnica Brigadier &#8220;Pedro Ferr\u00e9&#8221; ubicada en V\u00e9lez Sarsfield 1148 de la capital provincial.<\/p>\n<p>El gobernador de Corrientes, Gustavo Vald\u00e9s entreg\u00f3 este mi\u00e9rcoles notebook a alumnos de la Escuela T\u00e9cnica Brigadier Pedro Ferr\u00e9 de la capital provincia. La iniciativa forma parte del programa &#8221; Incluir Futuro&#8221; que busca reducir la brecha digital y brindar herramientas tecnol\u00f3gicas que potencien en el aprendizaje en los jovenes correntinos.<\/p>\n<p><img loading=\"lazy\" decoding=\"async\" class=\"alignnone size-full wp-image-193595\" src=\"https:\/\/radioinfinitagoya.com.ar\/v1\/wp-content\/uploads\/2025\/07\/GxIUPXDXsAAdFj7.jpg\" alt=\"\" width=\"574\" height=\"680\" srcset=\"https:\/\/radioinfinitagoya.com.ar\/v1\/wp-content\/uploads\/2025\/07\/GxIUPXDXsAAdFj7.jpg 574w, https:\/\/radioinfinitagoya.com.ar\/v1\/wp-content\/uploads\/2025\/07\/GxIUPXDXsAAdFj7-355x420.jpg 355w\" sizes=\"auto, (max-width: 574px) 100vw, 574px\" \/><\/p>\n<p>Durante el acto, el mandatario provincial destac\u00f3 el valor estrat\u00e9gico de la tecnolog\u00eda en la educaci\u00f3n: \u201cTodos los que sepan programar en el futuro van a ser unos cracks. Y ya lo son. Hay que estudiar matem\u00e1tica, por ah\u00ed se ramifica el futuro\u201d, sostuvo. Y agreg\u00f3: \u201cDise\u00f1amos este programa para ustedes, para que puedan llevar las computadoras a sus casas y estudiar. Tiene que ser din\u00e1mico el conocimiento y real\u201d.<\/p>\n<p>El intendente capitalino, Eduardo Tassano, tambi\u00e9n acompa\u00f1\u00f3 la jornada y, en el marco del acto, expres\u00f3: \u201cMuchos ni\u00f1os capitalinos van a tener su instrumento para su desarrollo educativo. Los pa\u00edses m\u00e1s importantes invierten mucho en educaci\u00f3n, en cerrar la brecha educativa y tecnol\u00f3gica\u201d.<\/p>\n<p>Tambi\u00e9n remarc\u00f3 que la tecnolog\u00eda ha transformado el mundo en las \u00faltimas d\u00e9cadas, generando nuevas oportunidades laborales que los estudiantes podr\u00e1n aprovechar: &#8220;El mundo ha cambiado en los \u00faltimos 30 a\u00f1os, producto de la tecnolog\u00eda, que permite ofrecer nuevos trabajos y posibilidades, creando un mundo nuevo que ustedes lo van a vivir plenamente&#8221;, concluy\u00f3.<\/p>\n<p>Por su parte, la ministra de Educaci\u00f3n de Corrientes, Pr\u00e1xedes Ytat\u00ed L\u00f3pez, calific\u00f3 la entrega como \u201cuno de los actos m\u00e1s revolucionarios dentro de la educaci\u00f3n secundaria\u201d.<\/p>\n<p>En este sentido, alent\u00f3 a los j\u00f3venes a aprovechar las plataformas digitales desarrolladas en la provincia: \u201cEducaPlay y Corrientes Play son plataformas poderosas porque est\u00e1n nuestros docentes correntinos. Aprovech\u00e9nlas y m\u00edrenlas para reforzar el aprendizaje. La construcci\u00f3n es colectiva\u201d, afirm\u00f3.<\/p>\n<p>Por \u00faltimo, destac\u00f3 que \u201ccon este dispositivo comienza un futuro distinto para ustedes. Un futuro que no tiene un l\u00edmite, solo es empezar a hacerlo\u201d.<\/p>\n<p>La rectora de la escuela , autoridad de la Escuela T\u00e9cnica Pedro Ferr\u00e9, resalt\u00f3 la importancia de esta pol\u00edtica p\u00fablica para ampliar el acceso al conocimiento: \u201cCada estudiante tendr\u00e1 acceso a oportunidades que enriquecer\u00e1n su experiencia acad\u00e9mica. La tecnolog\u00eda juega un rol central en la educaci\u00f3n y este esfuerzo contribuye a crear un entorno donde los estudiantes puedan disponer de las herramientas necesarias para aprender. Continuaremos apoyando la educaci\u00f3n de nuestros j\u00f3venes para construir un futuro donde cada alumno pueda alcanzar su m\u00e1ximo potencial\u201d, expres\u00f3.<\/p>\n<p>Tambi\u00e9n hubo espacio para la voz estudiantil. Mar\u00eda Victoria Soria, alumna de la instituci\u00f3n, tom\u00f3 la palabra en representaci\u00f3n de sus compa\u00f1eros y comparti\u00f3 una reflexi\u00f3n que emocion\u00f3 a todos los presentes: \u201cAl recibir estas notebooks no solo estamos recibiendo una herramienta tecnol\u00f3gica, tambi\u00e9n recibimos oportunidades nuevas que trascienden las paredes de nuestras aulas. Cada notebook representa un s\u00edmbolo de esperanza, esfuerzo y futuro\u201d. La joven a\u00f1adi\u00f3: \u201cSomos capaces de cambiar nuestra realidad con cada click e investigaci\u00f3n. El futuro est\u00e1 en nuestras manos\u201d.<\/p>\n<p>La alumna, adem\u00e1s, agreg\u00f3 responsablemente que &#8220;Cada vez que un chico encienda su notebook estar\u00e1 m\u00e1s cerca de alcanzar sus sue\u00f1os&#8221;. Pero tambi\u00e9n advirti\u00f3 que: &#8220;Las notebooks no son solo un regalo sino una herramienta para usar con un prop\u00f3sito, respeto y dedicaci\u00f3n<br \/>\nSon puertas al conocimiento y la superaci\u00f3n personal&#8221;. En este sentido, agreg\u00f3: &#8220;Somos capaces de cambiar nuestra realidad con cada click e investigaci\u00f3n. El futuro est\u00e1 en nuestras manos&#8221;<\/p>\n<p>&nbsp;<\/p>\n<p>&nbsp;<\/p>\n","protected":false},"excerpt":{"rendered":"<p>El acto se realiz\u00f3 en la Escuela T\u00e9cnica Brigadier &#8220;Pedro Ferr\u00e9&#8221; ubicada en V\u00e9lez Sarsfield 1148 de la capital provincial. El gobernador de Corrientes, Gustavo Vald\u00e9s entreg\u00f3 este mi\u00e9rcoles notebook a alumnos de la Escuela T\u00e9cnica Brigadier Pedro Ferr\u00e9 de la capital provincia. La iniciativa forma parte del programa &#8221; Incluir Futuro&#8221; que busca reducir [&hellip;]<\/p>\n","protected":false},"author":4,"featured_media":193597,"comment_status":"closed","ping_status":"closed","sticky":false,"template":"","format":"standard","meta":{"_joinchat":[],"footnotes":""},"categories":[34],"tags":[],"class_list":{"0":"post-193594","1":"post","2":"type-post","3":"status-publish","4":"format-standard","5":"has-post-thumbnail","7":"category-principal"},"yoast_head":"<!-- This site is optimized with the Yoast SEO plugin v27.2 - https:\/\/yoast.com\/product\/yoast-seo-wordpress\/ -->\n<title>Vald\u00e9s entreg\u00f3 notebooks del programa &quot;Incluir Futuro&quot; en una escuela de Corrientes - Radio Infinita Goya<\/title>\n<meta name=\"description\" content=\"El acto se realiz\u00f3 en la Escuela T\u00e9cnica Brigadier &quot;Pedro Ferr\u00e9&quot; ubicada en V\u00e9lez Sarsfield 1148 de la capital provincial. El gobernador de Corrientes,\" \/>\n<meta name=\"robots\" content=\"index, follow, max-snippet:-1, max-image-preview:large, max-video-preview:-1\" \/>\n<link rel=\"canonical\" href=\"https:\/\/radioinfinitagoya.com.ar\/v1\/2025\/07\/30\/valdes-entrego-notebooks-del-programa-incluir-futuro-en-una-escuela-de-corrientes\/\" \/>\n<meta property=\"og:locale\" content=\"es_ES\" \/>\n<meta property=\"og:type\" content=\"article\" \/>\n<meta property=\"og:title\" content=\"Vald\u00e9s entreg\u00f3 notebooks del programa &quot;Incluir Futuro&quot; en una escuela de Corrientes - Radio Infinita Goya\" \/>\n<meta property=\"og:description\" content=\"El acto se realiz\u00f3 en la Escuela T\u00e9cnica Brigadier &quot;Pedro Ferr\u00e9&quot; ubicada en V\u00e9lez Sarsfield 1148 de la capital provincial. El gobernador de Corrientes,\" \/>\n<meta property=\"og:url\" content=\"https:\/\/radioinfinitagoya.com.ar\/v1\/2025\/07\/30\/valdes-entrego-notebooks-del-programa-incluir-futuro-en-una-escuela-de-corrientes\/\" \/>\n<meta property=\"og:site_name\" content=\"Radio Infinita Goya\" \/>\n<meta property=\"article:publisher\" content=\"https:\/\/www.facebook.com\/p\/Infinita-Goya-100063870918311\/\" \/>\n<meta property=\"article:published_time\" content=\"2025-07-30T20:28:16+00:00\" \/>\n<meta property=\"article:modified_time\" content=\"2025-07-30T20:29:04+00:00\" \/>\n<meta property=\"og:image\" content=\"https:\/\/radioinfinitagoya.com.ar\/v1\/wp-content\/uploads\/2025\/07\/1753899106545.webp\" \/>\n\t<meta property=\"og:image:width\" content=\"1200\" \/>\n\t<meta property=\"og:image:height\" content=\"675\" \/>\n\t<meta property=\"og:image:type\" content=\"image\/webp\" \/>\n<meta name=\"author\" content=\"Jorge Mi\u00f1o\" \/>\n<meta name=\"twitter:card\" content=\"summary_large_image\" \/>\n<meta name=\"twitter:label1\" content=\"Escrito por\" \/>\n\t<meta name=\"twitter:data1\" content=\"Jorge Mi\u00f1o\" \/>\n\t<meta name=\"twitter:label2\" content=\"Tiempo de lectura\" \/>\n\t<meta name=\"twitter:data2\" content=\"4 minutos\" \/>\n<script type=\"application\/ld+json\" class=\"yoast-schema-graph\">{\"@context\":\"https:\/\/schema.org\",\"@graph\":[{\"@type\":\"Article\",\"@id\":\"https:\/\/radioinfinitagoya.com.ar\/v1\/2025\/07\/30\/valdes-entrego-notebooks-del-programa-incluir-futuro-en-una-escuela-de-corrientes\/#article\",\"isPartOf\":{\"@id\":\"https:\/\/radioinfinitagoya.com.ar\/v1\/2025\/07\/30\/valdes-entrego-notebooks-del-programa-incluir-futuro-en-una-escuela-de-corrientes\/\"},\"author\":{\"name\":\"Jorge Mi\u00f1o\",\"@id\":\"https:\/\/radioinfinitagoya.com.ar\/v1\/#\/schema\/person\/d4cf9c413d4f6edb24aabdccab49ca4a\"},\"headline\":\"Vald\u00e9s entreg\u00f3 notebooks del programa &#8220;Incluir Futuro&#8221; en una escuela de Corrientes\",\"datePublished\":\"2025-07-30T20:28:16+00:00\",\"dateModified\":\"2025-07-30T20:29:04+00:00\",\"mainEntityOfPage\":{\"@id\":\"https:\/\/radioinfinitagoya.com.ar\/v1\/2025\/07\/30\/valdes-entrego-notebooks-del-programa-incluir-futuro-en-una-escuela-de-corrientes\/\"},\"wordCount\":646,\"publisher\":{\"@id\":\"https:\/\/radioinfinitagoya.com.ar\/v1\/#organization\"},\"image\":{\"@id\":\"https:\/\/radioinfinitagoya.com.ar\/v1\/2025\/07\/30\/valdes-entrego-notebooks-del-programa-incluir-futuro-en-una-escuela-de-corrientes\/#primaryimage\"},\"thumbnailUrl\":\"https:\/\/radioinfinitagoya.com.ar\/v1\/wp-content\/uploads\/2025\/07\/1753899106545.webp\",\"articleSection\":[\"PRINCIPAL\"],\"inLanguage\":\"es-AR\"},{\"@type\":\"WebPage\",\"@id\":\"https:\/\/radioinfinitagoya.com.ar\/v1\/2025\/07\/30\/valdes-entrego-notebooks-del-programa-incluir-futuro-en-una-escuela-de-corrientes\/\",\"url\":\"https:\/\/radioinfinitagoya.com.ar\/v1\/2025\/07\/30\/valdes-entrego-notebooks-del-programa-incluir-futuro-en-una-escuela-de-corrientes\/\",\"name\":\"Vald\u00e9s entreg\u00f3 notebooks del programa \\\"Incluir Futuro\\\" en una escuela de Corrientes - Radio Infinita Goya\",\"isPartOf\":{\"@id\":\"https:\/\/radioinfinitagoya.com.ar\/v1\/#website\"},\"primaryImageOfPage\":{\"@id\":\"https:\/\/radioinfinitagoya.com.ar\/v1\/2025\/07\/30\/valdes-entrego-notebooks-del-programa-incluir-futuro-en-una-escuela-de-corrientes\/#primaryimage\"},\"image\":{\"@id\":\"https:\/\/radioinfinitagoya.com.ar\/v1\/2025\/07\/30\/valdes-entrego-notebooks-del-programa-incluir-futuro-en-una-escuela-de-corrientes\/#primaryimage\"},\"thumbnailUrl\":\"https:\/\/radioinfinitagoya.com.ar\/v1\/wp-content\/uploads\/2025\/07\/1753899106545.webp\",\"datePublished\":\"2025-07-30T20:28:16+00:00\",\"dateModified\":\"2025-07-30T20:29:04+00:00\",\"description\":\"El acto se realiz\u00f3 en la Escuela T\u00e9cnica Brigadier \\\"Pedro Ferr\u00e9\\\" ubicada en V\u00e9lez Sarsfield 1148 de la capital provincial. El gobernador de Corrientes,\",\"breadcrumb\":{\"@id\":\"https:\/\/radioinfinitagoya.com.ar\/v1\/2025\/07\/30\/valdes-entrego-notebooks-del-programa-incluir-futuro-en-una-escuela-de-corrientes\/#breadcrumb\"},\"inLanguage\":\"es-AR\",\"potentialAction\":[{\"@type\":\"ReadAction\",\"target\":[\"https:\/\/radioinfinitagoya.com.ar\/v1\/2025\/07\/30\/valdes-entrego-notebooks-del-programa-incluir-futuro-en-una-escuela-de-corrientes\/\"]}]},{\"@type\":\"ImageObject\",\"inLanguage\":\"es-AR\",\"@id\":\"https:\/\/radioinfinitagoya.com.ar\/v1\/2025\/07\/30\/valdes-entrego-notebooks-del-programa-incluir-futuro-en-una-escuela-de-corrientes\/#primaryimage\",\"url\":\"https:\/\/radioinfinitagoya.com.ar\/v1\/wp-content\/uploads\/2025\/07\/1753899106545.webp\",\"contentUrl\":\"https:\/\/radioinfinitagoya.com.ar\/v1\/wp-content\/uploads\/2025\/07\/1753899106545.webp\",\"width\":1200,\"height\":675},{\"@type\":\"BreadcrumbList\",\"@id\":\"https:\/\/radioinfinitagoya.com.ar\/v1\/2025\/07\/30\/valdes-entrego-notebooks-del-programa-incluir-futuro-en-una-escuela-de-corrientes\/#breadcrumb\",\"itemListElement\":[{\"@type\":\"ListItem\",\"position\":1,\"name\":\"Inicio\",\"item\":\"https:\/\/radioinfinitagoya.com.ar\/v1\/\"},{\"@type\":\"ListItem\",\"position\":2,\"name\":\"Vald\u00e9s entreg\u00f3 notebooks del programa &#8220;Incluir Futuro&#8221; en una escuela de Corrientes\"}]},{\"@type\":\"WebSite\",\"@id\":\"https:\/\/radioinfinitagoya.com.ar\/v1\/#website\",\"url\":\"https:\/\/radioinfinitagoya.com.ar\/v1\/\",\"name\":\"radioinfinitagoya.com.ar\",\"description\":\"Radio de noticias\",\"publisher\":{\"@id\":\"https:\/\/radioinfinitagoya.com.ar\/v1\/#organization\"},\"potentialAction\":[{\"@type\":\"SearchAction\",\"target\":{\"@type\":\"EntryPoint\",\"urlTemplate\":\"https:\/\/radioinfinitagoya.com.ar\/v1\/?s={search_term_string}\"},\"query-input\":{\"@type\":\"PropertyValueSpecification\",\"valueRequired\":true,\"valueName\":\"search_term_string\"}}],\"inLanguage\":\"es-AR\"},{\"@type\":\"Organization\",\"@id\":\"https:\/\/radioinfinitagoya.com.ar\/v1\/#organization\",\"name\":\"Radio Infinita Goya\",\"url\":\"https:\/\/radioinfinitagoya.com.ar\/v1\/\",\"logo\":{\"@type\":\"ImageObject\",\"inLanguage\":\"es-AR\",\"@id\":\"https:\/\/radioinfinitagoya.com.ar\/v1\/#\/schema\/logo\/image\/\",\"url\":\"https:\/\/radioinfinitagoya.com.ar\/v1\/wp-content\/uploads\/2019\/11\/logo-pie-web.png\",\"contentUrl\":\"https:\/\/radioinfinitagoya.com.ar\/v1\/wp-content\/uploads\/2019\/11\/logo-pie-web.png\",\"width\":635,\"height\":326,\"caption\":\"Radio Infinita Goya\"},\"image\":{\"@id\":\"https:\/\/radioinfinitagoya.com.ar\/v1\/#\/schema\/logo\/image\/\"},\"sameAs\":[\"https:\/\/www.facebook.com\/p\/Infinita-Goya-100063870918311\/\"]},{\"@type\":\"Person\",\"@id\":\"https:\/\/radioinfinitagoya.com.ar\/v1\/#\/schema\/person\/d4cf9c413d4f6edb24aabdccab49ca4a\",\"name\":\"Jorge Mi\u00f1o\",\"image\":{\"@type\":\"ImageObject\",\"inLanguage\":\"es-AR\",\"@id\":\"https:\/\/secure.gravatar.com\/avatar\/910fcf6728fe95320e07a6643c1581fec1c7fc4bf8ae12e3d8f0d0373dc844be?s=96&d=mm&r=g\",\"url\":\"https:\/\/secure.gravatar.com\/avatar\/910fcf6728fe95320e07a6643c1581fec1c7fc4bf8ae12e3d8f0d0373dc844be?s=96&d=mm&r=g\",\"contentUrl\":\"https:\/\/secure.gravatar.com\/avatar\/910fcf6728fe95320e07a6643c1581fec1c7fc4bf8ae12e3d8f0d0373dc844be?s=96&d=mm&r=g\",\"caption\":\"Jorge Mi\u00f1o\"},\"sameAs\":[\"http:\/\/radioinfinitagoya.com.ar\"]}]}<\/script>\n<!-- \/ Yoast SEO plugin. -->","yoast_head_json":{"title":"Vald\u00e9s entreg\u00f3 notebooks del programa \"Incluir Futuro\" en una escuela de Corrientes - Radio Infinita Goya","description":"El acto se realiz\u00f3 en la Escuela T\u00e9cnica Brigadier \"Pedro Ferr\u00e9\" ubicada en V\u00e9lez Sarsfield 1148 de la capital provincial. El gobernador de Corrientes,","robots":{"index":"index","follow":"follow","max-snippet":"max-snippet:-1","max-image-preview":"max-image-preview:large","max-video-preview":"max-video-preview:-1"},"canonical":"https:\/\/radioinfinitagoya.com.ar\/v1\/2025\/07\/30\/valdes-entrego-notebooks-del-programa-incluir-futuro-en-una-escuela-de-corrientes\/","og_locale":"es_ES","og_type":"article","og_title":"Vald\u00e9s entreg\u00f3 notebooks del programa \"Incluir Futuro\" en una escuela de Corrientes - Radio Infinita Goya","og_description":"El acto se realiz\u00f3 en la Escuela T\u00e9cnica Brigadier \"Pedro Ferr\u00e9\" ubicada en V\u00e9lez Sarsfield 1148 de la capital provincial. El gobernador de Corrientes,","og_url":"https:\/\/radioinfinitagoya.com.ar\/v1\/2025\/07\/30\/valdes-entrego-notebooks-del-programa-incluir-futuro-en-una-escuela-de-corrientes\/","og_site_name":"Radio Infinita Goya","article_publisher":"https:\/\/www.facebook.com\/p\/Infinita-Goya-100063870918311\/","article_published_time":"2025-07-30T20:28:16+00:00","article_modified_time":"2025-07-30T20:29:04+00:00","og_image":[{"width":1200,"height":675,"url":"https:\/\/radioinfinitagoya.com.ar\/v1\/wp-content\/uploads\/2025\/07\/1753899106545.webp","type":"image\/webp"}],"author":"Jorge Mi\u00f1o","twitter_card":"summary_large_image","twitter_misc":{"Escrito por":"Jorge Mi\u00f1o","Tiempo de lectura":"4 minutos"},"schema":{"@context":"https:\/\/schema.org","@graph":[{"@type":"Article","@id":"https:\/\/radioinfinitagoya.com.ar\/v1\/2025\/07\/30\/valdes-entrego-notebooks-del-programa-incluir-futuro-en-una-escuela-de-corrientes\/#article","isPartOf":{"@id":"https:\/\/radioinfinitagoya.com.ar\/v1\/2025\/07\/30\/valdes-entrego-notebooks-del-programa-incluir-futuro-en-una-escuela-de-corrientes\/"},"author":{"name":"Jorge Mi\u00f1o","@id":"https:\/\/radioinfinitagoya.com.ar\/v1\/#\/schema\/person\/d4cf9c413d4f6edb24aabdccab49ca4a"},"headline":"Vald\u00e9s entreg\u00f3 notebooks del programa &#8220;Incluir Futuro&#8221; en una escuela de Corrientes","datePublished":"2025-07-30T20:28:16+00:00","dateModified":"2025-07-30T20:29:04+00:00","mainEntityOfPage":{"@id":"https:\/\/radioinfinitagoya.com.ar\/v1\/2025\/07\/30\/valdes-entrego-notebooks-del-programa-incluir-futuro-en-una-escuela-de-corrientes\/"},"wordCount":646,"publisher":{"@id":"https:\/\/radioinfinitagoya.com.ar\/v1\/#organization"},"image":{"@id":"https:\/\/radioinfinitagoya.com.ar\/v1\/2025\/07\/30\/valdes-entrego-notebooks-del-programa-incluir-futuro-en-una-escuela-de-corrientes\/#primaryimage"},"thumbnailUrl":"https:\/\/radioinfinitagoya.com.ar\/v1\/wp-content\/uploads\/2025\/07\/1753899106545.webp","articleSection":["PRINCIPAL"],"inLanguage":"es-AR"},{"@type":"WebPage","@id":"https:\/\/radioinfinitagoya.com.ar\/v1\/2025\/07\/30\/valdes-entrego-notebooks-del-programa-incluir-futuro-en-una-escuela-de-corrientes\/","url":"https:\/\/radioinfinitagoya.com.ar\/v1\/2025\/07\/30\/valdes-entrego-notebooks-del-programa-incluir-futuro-en-una-escuela-de-corrientes\/","name":"Vald\u00e9s entreg\u00f3 notebooks del programa \"Incluir Futuro\" en una escuela de Corrientes - Radio Infinita Goya","isPartOf":{"@id":"https:\/\/radioinfinitagoya.com.ar\/v1\/#website"},"primaryImageOfPage":{"@id":"https:\/\/radioinfinitagoya.com.ar\/v1\/2025\/07\/30\/valdes-entrego-notebooks-del-programa-incluir-futuro-en-una-escuela-de-corrientes\/#primaryimage"},"image":{"@id":"https:\/\/radioinfinitagoya.com.ar\/v1\/2025\/07\/30\/valdes-entrego-notebooks-del-programa-incluir-futuro-en-una-escuela-de-corrientes\/#primaryimage"},"thumbnailUrl":"https:\/\/radioinfinitagoya.com.ar\/v1\/wp-content\/uploads\/2025\/07\/1753899106545.webp","datePublished":"2025-07-30T20:28:16+00:00","dateModified":"2025-07-30T20:29:04+00:00","description":"El acto se realiz\u00f3 en la Escuela T\u00e9cnica Brigadier \"Pedro Ferr\u00e9\" ubicada en V\u00e9lez Sarsfield 1148 de la capital provincial. El gobernador de Corrientes,","breadcrumb":{"@id":"https:\/\/radioinfinitagoya.com.ar\/v1\/2025\/07\/30\/valdes-entrego-notebooks-del-programa-incluir-futuro-en-una-escuela-de-corrientes\/#breadcrumb"},"inLanguage":"es-AR","potentialAction":[{"@type":"ReadAction","target":["https:\/\/radioinfinitagoya.com.ar\/v1\/2025\/07\/30\/valdes-entrego-notebooks-del-programa-incluir-futuro-en-una-escuela-de-corrientes\/"]}]},{"@type":"ImageObject","inLanguage":"es-AR","@id":"https:\/\/radioinfinitagoya.com.ar\/v1\/2025\/07\/30\/valdes-entrego-notebooks-del-programa-incluir-futuro-en-una-escuela-de-corrientes\/#primaryimage","url":"https:\/\/radioinfinitagoya.com.ar\/v1\/wp-content\/uploads\/2025\/07\/1753899106545.webp","contentUrl":"https:\/\/radioinfinitagoya.com.ar\/v1\/wp-content\/uploads\/2025\/07\/1753899106545.webp","width":1200,"height":675},{"@type":"BreadcrumbList","@id":"https:\/\/radioinfinitagoya.com.ar\/v1\/2025\/07\/30\/valdes-entrego-notebooks-del-programa-incluir-futuro-en-una-escuela-de-corrientes\/#breadcrumb","itemListElement":[{"@type":"ListItem","position":1,"name":"Inicio","item":"https:\/\/radioinfinitagoya.com.ar\/v1\/"},{"@type":"ListItem","position":2,"name":"Vald\u00e9s entreg\u00f3 notebooks del programa &#8220;Incluir Futuro&#8221; en una escuela de Corrientes"}]},{"@type":"WebSite","@id":"https:\/\/radioinfinitagoya.com.ar\/v1\/#website","url":"https:\/\/radioinfinitagoya.com.ar\/v1\/","name":"radioinfinitagoya.com.ar","description":"Radio de noticias","publisher":{"@id":"https:\/\/radioinfinitagoya.com.ar\/v1\/#organization"},"potentialAction":[{"@type":"SearchAction","target":{"@type":"EntryPoint","urlTemplate":"https:\/\/radioinfinitagoya.com.ar\/v1\/?s={search_term_string}"},"query-input":{"@type":"PropertyValueSpecification","valueRequired":true,"valueName":"search_term_string"}}],"inLanguage":"es-AR"},{"@type":"Organization","@id":"https:\/\/radioinfinitagoya.com.ar\/v1\/#organization","name":"Radio Infinita Goya","url":"https:\/\/radioinfinitagoya.com.ar\/v1\/","logo":{"@type":"ImageObject","inLanguage":"es-AR","@id":"https:\/\/radioinfinitagoya.com.ar\/v1\/#\/schema\/logo\/image\/","url":"https:\/\/radioinfinitagoya.com.ar\/v1\/wp-content\/uploads\/2019\/11\/logo-pie-web.png","contentUrl":"https:\/\/radioinfinitagoya.com.ar\/v1\/wp-content\/uploads\/2019\/11\/logo-pie-web.png","width":635,"height":326,"caption":"Radio Infinita Goya"},"image":{"@id":"https:\/\/radioinfinitagoya.com.ar\/v1\/#\/schema\/logo\/image\/"},"sameAs":["https:\/\/www.facebook.com\/p\/Infinita-Goya-100063870918311\/"]},{"@type":"Person","@id":"https:\/\/radioinfinitagoya.com.ar\/v1\/#\/schema\/person\/d4cf9c413d4f6edb24aabdccab49ca4a","name":"Jorge Mi\u00f1o","image":{"@type":"ImageObject","inLanguage":"es-AR","@id":"https:\/\/secure.gravatar.com\/avatar\/910fcf6728fe95320e07a6643c1581fec1c7fc4bf8ae12e3d8f0d0373dc844be?s=96&d=mm&r=g","url":"https:\/\/secure.gravatar.com\/avatar\/910fcf6728fe95320e07a6643c1581fec1c7fc4bf8ae12e3d8f0d0373dc844be?s=96&d=mm&r=g","contentUrl":"https:\/\/secure.gravatar.com\/avatar\/910fcf6728fe95320e07a6643c1581fec1c7fc4bf8ae12e3d8f0d0373dc844be?s=96&d=mm&r=g","caption":"Jorge Mi\u00f1o"},"sameAs":["http:\/\/radioinfinitagoya.com.ar"]}]}},"_links":{"self":[{"href":"https:\/\/radioinfinitagoya.com.ar\/v1\/wp-json\/wp\/v2\/posts\/193594","targetHints":{"allow":["GET"]}}],"collection":[{"href":"https:\/\/radioinfinitagoya.com.ar\/v1\/wp-json\/wp\/v2\/posts"}],"about":[{"href":"https:\/\/radioinfinitagoya.com.ar\/v1\/wp-json\/wp\/v2\/types\/post"}],"author":[{"embeddable":true,"href":"https:\/\/radioinfinitagoya.com.ar\/v1\/wp-json\/wp\/v2\/users\/4"}],"replies":[{"embeddable":true,"href":"https:\/\/radioinfinitagoya.com.ar\/v1\/wp-json\/wp\/v2\/comments?post=193594"}],"version-history":[{"count":0,"href":"https:\/\/radioinfinitagoya.com.ar\/v1\/wp-json\/wp\/v2\/posts\/193594\/revisions"}],"wp:featuredmedia":[{"embeddable":true,"href":"https:\/\/radioinfinitagoya.com.ar\/v1\/wp-json\/wp\/v2\/media\/193597"}],"wp:attachment":[{"href":"https:\/\/radioinfinitagoya.com.ar\/v1\/wp-json\/wp\/v2\/media?parent=193594"}],"wp:term":[{"taxonomy":"category","embeddable":true,"href":"https:\/\/radioinfinitagoya.com.ar\/v1\/wp-json\/wp\/v2\/categories?post=193594"},{"taxonomy":"post_tag","embeddable":true,"href":"https:\/\/radioinfinitagoya.com.ar\/v1\/wp-json\/wp\/v2\/tags?post=193594"}],"curies":[{"name":"wp","href":"https:\/\/api.w.org\/{rel}","templated":true}]}}