{"id":193634,"date":"2025-07-31T15:53:28","date_gmt":"2025-07-31T18:53:28","guid":{"rendered":"https:\/\/radioinfinitagoya.com.ar\/v1\/?p=193634"},"modified":"2025-07-31T15:53:28","modified_gmt":"2025-07-31T18:53:28","slug":"el-gobierno-oficializo-un-bono-extraordinario-para-jubilados-y-pensionados","status":"publish","type":"post","link":"https:\/\/radioinfinitagoya.com.ar\/v1\/2025\/07\/31\/el-gobierno-oficializo-un-bono-extraordinario-para-jubilados-y-pensionados\/","title":{"rendered":"El Gobierno oficializ\u00f3 un bono extraordinario para jubilados y pensionados"},"content":{"rendered":"<p>La medida rige para quienes perciben la jubilaci\u00f3n m\u00ednima y recibir\u00e1n un bono de hasta $ 70.000 en el mes de agosto. Este refuerzo estaba congelado desde marzo de 2024.<\/p>\n<p>El Gobierno, a trav\u00e9s del Decreto 523\/2025 publicado este jueves en el Bolet\u00edn Oficial, confirm\u00f3 que los jubilados y pensionados que perciben la m\u00ednima recibir\u00e1n nuevamente un bono extraordinario de hasta $ 70.000 en el mes de agosto.<\/p>\n<p>El documento que establece \u201cuna compensaci\u00f3n por los efectos adversos ocasionados por la aplicaci\u00f3n de la Ley N\u00b0 27.609 de \u00cdndice de Movilidad Jubilatoria en los haberes previsionales de los adultos mayores de menores ingresos\u201d, fue firmado por Javier Milei, Guillermo Francos y Sandra Pettovello.<\/p>\n<p>Este refuerzo, que est\u00e1 congelado desde marzo de 2024, sin ajuste por inflaci\u00f3n o movilidad, se sumar\u00e1 al aumento del 1,62% anunciado el pasado viernes, en l\u00ednea con la variaci\u00f3n del \u00cdndice de Precios al Consumidor (IPC) de junio informado por el Indec<\/p>\n<p>En los casos en los que el ingreso previsional supere el haber m\u00ednimo, el bono se paga de forma proporcional hasta alcanzar un monto total de $384.305,37, que es el nuevo tope para cobrar el extra completo.<\/p>\n<p>El texto indica, adem\u00e1s, que el bono no tendr\u00e1 car\u00e1cter remunerativo, no ser\u00e1 alcanzado por descuentos y no se computar\u00e1 para otros conceptos. En casos de pensiones compartidas, el refuerzo se pagar\u00e1 por cada titular.<\/p>\n<p>A qui\u00e9nes alcanza el bono de $ 70.000<br \/>\nLa medida abarca a beneficiarios del sistema previsional contributivo y no contributivo, incluyendo:<\/p>\n<p>Jubilados del r\u00e9gimen general<br \/>\nPensiones no contributivas (invalidez, vejez y maternidad de siete hijos o m\u00e1s)<br \/>\nBeneficiarios de la Pensi\u00f3n Universal para el Adulto Mayor (Puam)<br \/>\nEx cajas provinciales y municipales transferidas a la Naci\u00f3n<br \/>\nReg\u00edmenes especiales<\/p>\n<p>As\u00ed quedar\u00e1n los montos a cobrar, con el bono incluido<\/p>\n<p>Jubilaci\u00f3n m\u00ednima: $314.305,37 + $70.000 = $384.305,37<br \/>\nPuam: $251.444,30 + $70.000 = $321.444,30<br \/>\nPNC por Invalidez o Vejez: $220.013,76 + $70.000 = $290.013,76<br \/>\nPBU: $143.780,36 (no percibe bono)<br \/>\nJubilaci\u00f3n m\u00e1xima: $2.114.977,59 (sin bono)<\/p>\n<p>&nbsp;<\/p>\n","protected":false},"excerpt":{"rendered":"<p>La medida rige para quienes perciben la jubilaci\u00f3n m\u00ednima y recibir\u00e1n un bono de hasta $ 70.000 en el mes de agosto. Este refuerzo estaba congelado desde marzo de 2024. El Gobierno, a trav\u00e9s del Decreto 523\/2025 publicado este jueves en el Bolet\u00edn Oficial, confirm\u00f3 que los jubilados y pensionados que perciben la m\u00ednima recibir\u00e1n [&hellip;]<\/p>\n","protected":false},"author":4,"featured_media":193635,"comment_status":"closed","ping_status":"closed","sticky":false,"template":"","format":"standard","meta":{"_joinchat":[],"footnotes":""},"categories":[29],"tags":[],"class_list":{"0":"post-193634","1":"post","2":"type-post","3":"status-publish","4":"format-standard","5":"has-post-thumbnail","7":"category-nacionales"},"yoast_head":"<!-- This site is optimized with the Yoast SEO plugin v27.2 - https:\/\/yoast.com\/product\/yoast-seo-wordpress\/ -->\n<title>El Gobierno oficializ\u00f3 un bono extraordinario para jubilados y pensionados - Radio Infinita Goya<\/title>\n<meta name=\"description\" content=\"La medida rige para quienes perciben la jubilaci\u00f3n m\u00ednima y recibir\u00e1n un bono de hasta $ 70.000 en el mes de agosto. Este refuerzo estaba congelado desde\" \/>\n<meta name=\"robots\" content=\"index, follow, max-snippet:-1, max-image-preview:large, max-video-preview:-1\" \/>\n<link rel=\"canonical\" href=\"https:\/\/radioinfinitagoya.com.ar\/v1\/2025\/07\/31\/el-gobierno-oficializo-un-bono-extraordinario-para-jubilados-y-pensionados\/\" \/>\n<meta property=\"og:locale\" content=\"es_ES\" \/>\n<meta property=\"og:type\" content=\"article\" \/>\n<meta property=\"og:title\" content=\"El Gobierno oficializ\u00f3 un bono extraordinario para jubilados y pensionados - Radio Infinita Goya\" \/>\n<meta property=\"og:description\" content=\"La medida rige para quienes perciben la jubilaci\u00f3n m\u00ednima y recibir\u00e1n un bono de hasta $ 70.000 en el mes de agosto. Este refuerzo estaba congelado desde\" \/>\n<meta property=\"og:url\" content=\"https:\/\/radioinfinitagoya.com.ar\/v1\/2025\/07\/31\/el-gobierno-oficializo-un-bono-extraordinario-para-jubilados-y-pensionados\/\" \/>\n<meta property=\"og:site_name\" content=\"Radio Infinita Goya\" \/>\n<meta property=\"article:publisher\" content=\"https:\/\/www.facebook.com\/p\/Infinita-Goya-100063870918311\/\" \/>\n<meta property=\"article:published_time\" content=\"2025-07-31T18:53:28+00:00\" \/>\n<meta property=\"og:image\" content=\"https:\/\/radioinfinitagoya.com.ar\/v1\/wp-content\/uploads\/2025\/07\/en9SIVVt.jpg\" \/>\n\t<meta property=\"og:image:width\" content=\"680\" \/>\n\t<meta property=\"og:image:height\" content=\"510\" \/>\n\t<meta property=\"og:image:type\" content=\"image\/jpeg\" \/>\n<meta name=\"author\" content=\"Jorge Mi\u00f1o\" \/>\n<meta name=\"twitter:card\" content=\"summary_large_image\" \/>\n<meta name=\"twitter:label1\" content=\"Escrito por\" \/>\n\t<meta name=\"twitter:data1\" content=\"Jorge Mi\u00f1o\" \/>\n\t<meta name=\"twitter:label2\" content=\"Tiempo de lectura\" \/>\n\t<meta name=\"twitter:data2\" content=\"2 minutos\" \/>\n<script type=\"application\/ld+json\" class=\"yoast-schema-graph\">{\"@context\":\"https:\/\/schema.org\",\"@graph\":[{\"@type\":\"Article\",\"@id\":\"https:\/\/radioinfinitagoya.com.ar\/v1\/2025\/07\/31\/el-gobierno-oficializo-un-bono-extraordinario-para-jubilados-y-pensionados\/#article\",\"isPartOf\":{\"@id\":\"https:\/\/radioinfinitagoya.com.ar\/v1\/2025\/07\/31\/el-gobierno-oficializo-un-bono-extraordinario-para-jubilados-y-pensionados\/\"},\"author\":{\"name\":\"Jorge Mi\u00f1o\",\"@id\":\"https:\/\/radioinfinitagoya.com.ar\/v1\/#\/schema\/person\/d4cf9c413d4f6edb24aabdccab49ca4a\"},\"headline\":\"El Gobierno oficializ\u00f3 un bono extraordinario para jubilados y pensionados\",\"datePublished\":\"2025-07-31T18:53:28+00:00\",\"mainEntityOfPage\":{\"@id\":\"https:\/\/radioinfinitagoya.com.ar\/v1\/2025\/07\/31\/el-gobierno-oficializo-un-bono-extraordinario-para-jubilados-y-pensionados\/\"},\"wordCount\":337,\"publisher\":{\"@id\":\"https:\/\/radioinfinitagoya.com.ar\/v1\/#organization\"},\"image\":{\"@id\":\"https:\/\/radioinfinitagoya.com.ar\/v1\/2025\/07\/31\/el-gobierno-oficializo-un-bono-extraordinario-para-jubilados-y-pensionados\/#primaryimage\"},\"thumbnailUrl\":\"https:\/\/radioinfinitagoya.com.ar\/v1\/wp-content\/uploads\/2025\/07\/en9SIVVt.jpg\",\"articleSection\":[\"NACIONALES\"],\"inLanguage\":\"es-AR\"},{\"@type\":\"WebPage\",\"@id\":\"https:\/\/radioinfinitagoya.com.ar\/v1\/2025\/07\/31\/el-gobierno-oficializo-un-bono-extraordinario-para-jubilados-y-pensionados\/\",\"url\":\"https:\/\/radioinfinitagoya.com.ar\/v1\/2025\/07\/31\/el-gobierno-oficializo-un-bono-extraordinario-para-jubilados-y-pensionados\/\",\"name\":\"El Gobierno oficializ\u00f3 un bono extraordinario para jubilados y pensionados - Radio Infinita Goya\",\"isPartOf\":{\"@id\":\"https:\/\/radioinfinitagoya.com.ar\/v1\/#website\"},\"primaryImageOfPage\":{\"@id\":\"https:\/\/radioinfinitagoya.com.ar\/v1\/2025\/07\/31\/el-gobierno-oficializo-un-bono-extraordinario-para-jubilados-y-pensionados\/#primaryimage\"},\"image\":{\"@id\":\"https:\/\/radioinfinitagoya.com.ar\/v1\/2025\/07\/31\/el-gobierno-oficializo-un-bono-extraordinario-para-jubilados-y-pensionados\/#primaryimage\"},\"thumbnailUrl\":\"https:\/\/radioinfinitagoya.com.ar\/v1\/wp-content\/uploads\/2025\/07\/en9SIVVt.jpg\",\"datePublished\":\"2025-07-31T18:53:28+00:00\",\"description\":\"La medida rige para quienes perciben la jubilaci\u00f3n m\u00ednima y recibir\u00e1n un bono de hasta $ 70.000 en el mes de agosto. Este refuerzo estaba congelado desde\",\"breadcrumb\":{\"@id\":\"https:\/\/radioinfinitagoya.com.ar\/v1\/2025\/07\/31\/el-gobierno-oficializo-un-bono-extraordinario-para-jubilados-y-pensionados\/#breadcrumb\"},\"inLanguage\":\"es-AR\",\"potentialAction\":[{\"@type\":\"ReadAction\",\"target\":[\"https:\/\/radioinfinitagoya.com.ar\/v1\/2025\/07\/31\/el-gobierno-oficializo-un-bono-extraordinario-para-jubilados-y-pensionados\/\"]}]},{\"@type\":\"ImageObject\",\"inLanguage\":\"es-AR\",\"@id\":\"https:\/\/radioinfinitagoya.com.ar\/v1\/2025\/07\/31\/el-gobierno-oficializo-un-bono-extraordinario-para-jubilados-y-pensionados\/#primaryimage\",\"url\":\"https:\/\/radioinfinitagoya.com.ar\/v1\/wp-content\/uploads\/2025\/07\/en9SIVVt.jpg\",\"contentUrl\":\"https:\/\/radioinfinitagoya.com.ar\/v1\/wp-content\/uploads\/2025\/07\/en9SIVVt.jpg\",\"width\":680,\"height\":510},{\"@type\":\"BreadcrumbList\",\"@id\":\"https:\/\/radioinfinitagoya.com.ar\/v1\/2025\/07\/31\/el-gobierno-oficializo-un-bono-extraordinario-para-jubilados-y-pensionados\/#breadcrumb\",\"itemListElement\":[{\"@type\":\"ListItem\",\"position\":1,\"name\":\"Inicio\",\"item\":\"https:\/\/radioinfinitagoya.com.ar\/v1\/\"},{\"@type\":\"ListItem\",\"position\":2,\"name\":\"El Gobierno oficializ\u00f3 un bono extraordinario para jubilados y pensionados\"}]},{\"@type\":\"WebSite\",\"@id\":\"https:\/\/radioinfinitagoya.com.ar\/v1\/#website\",\"url\":\"https:\/\/radioinfinitagoya.com.ar\/v1\/\",\"name\":\"radioinfinitagoya.com.ar\",\"description\":\"Radio de noticias\",\"publisher\":{\"@id\":\"https:\/\/radioinfinitagoya.com.ar\/v1\/#organization\"},\"potentialAction\":[{\"@type\":\"SearchAction\",\"target\":{\"@type\":\"EntryPoint\",\"urlTemplate\":\"https:\/\/radioinfinitagoya.com.ar\/v1\/?s={search_term_string}\"},\"query-input\":{\"@type\":\"PropertyValueSpecification\",\"valueRequired\":true,\"valueName\":\"search_term_string\"}}],\"inLanguage\":\"es-AR\"},{\"@type\":\"Organization\",\"@id\":\"https:\/\/radioinfinitagoya.com.ar\/v1\/#organization\",\"name\":\"Radio Infinita Goya\",\"url\":\"https:\/\/radioinfinitagoya.com.ar\/v1\/\",\"logo\":{\"@type\":\"ImageObject\",\"inLanguage\":\"es-AR\",\"@id\":\"https:\/\/radioinfinitagoya.com.ar\/v1\/#\/schema\/logo\/image\/\",\"url\":\"https:\/\/radioinfinitagoya.com.ar\/v1\/wp-content\/uploads\/2019\/11\/logo-pie-web.png\",\"contentUrl\":\"https:\/\/radioinfinitagoya.com.ar\/v1\/wp-content\/uploads\/2019\/11\/logo-pie-web.png\",\"width\":635,\"height\":326,\"caption\":\"Radio Infinita Goya\"},\"image\":{\"@id\":\"https:\/\/radioinfinitagoya.com.ar\/v1\/#\/schema\/logo\/image\/\"},\"sameAs\":[\"https:\/\/www.facebook.com\/p\/Infinita-Goya-100063870918311\/\"]},{\"@type\":\"Person\",\"@id\":\"https:\/\/radioinfinitagoya.com.ar\/v1\/#\/schema\/person\/d4cf9c413d4f6edb24aabdccab49ca4a\",\"name\":\"Jorge Mi\u00f1o\",\"image\":{\"@type\":\"ImageObject\",\"inLanguage\":\"es-AR\",\"@id\":\"https:\/\/secure.gravatar.com\/avatar\/910fcf6728fe95320e07a6643c1581fec1c7fc4bf8ae12e3d8f0d0373dc844be?s=96&d=mm&r=g\",\"url\":\"https:\/\/secure.gravatar.com\/avatar\/910fcf6728fe95320e07a6643c1581fec1c7fc4bf8ae12e3d8f0d0373dc844be?s=96&d=mm&r=g\",\"contentUrl\":\"https:\/\/secure.gravatar.com\/avatar\/910fcf6728fe95320e07a6643c1581fec1c7fc4bf8ae12e3d8f0d0373dc844be?s=96&d=mm&r=g\",\"caption\":\"Jorge Mi\u00f1o\"},\"sameAs\":[\"http:\/\/radioinfinitagoya.com.ar\"]}]}<\/script>\n<!-- \/ Yoast SEO plugin. -->","yoast_head_json":{"title":"El Gobierno oficializ\u00f3 un bono extraordinario para jubilados y pensionados - Radio Infinita Goya","description":"La medida rige para quienes perciben la jubilaci\u00f3n m\u00ednima y recibir\u00e1n un bono de hasta $ 70.000 en el mes de agosto. Este refuerzo estaba congelado desde","robots":{"index":"index","follow":"follow","max-snippet":"max-snippet:-1","max-image-preview":"max-image-preview:large","max-video-preview":"max-video-preview:-1"},"canonical":"https:\/\/radioinfinitagoya.com.ar\/v1\/2025\/07\/31\/el-gobierno-oficializo-un-bono-extraordinario-para-jubilados-y-pensionados\/","og_locale":"es_ES","og_type":"article","og_title":"El Gobierno oficializ\u00f3 un bono extraordinario para jubilados y pensionados - Radio Infinita Goya","og_description":"La medida rige para quienes perciben la jubilaci\u00f3n m\u00ednima y recibir\u00e1n un bono de hasta $ 70.000 en el mes de agosto. Este refuerzo estaba congelado desde","og_url":"https:\/\/radioinfinitagoya.com.ar\/v1\/2025\/07\/31\/el-gobierno-oficializo-un-bono-extraordinario-para-jubilados-y-pensionados\/","og_site_name":"Radio Infinita Goya","article_publisher":"https:\/\/www.facebook.com\/p\/Infinita-Goya-100063870918311\/","article_published_time":"2025-07-31T18:53:28+00:00","og_image":[{"width":680,"height":510,"url":"https:\/\/radioinfinitagoya.com.ar\/v1\/wp-content\/uploads\/2025\/07\/en9SIVVt.jpg","type":"image\/jpeg"}],"author":"Jorge Mi\u00f1o","twitter_card":"summary_large_image","twitter_misc":{"Escrito por":"Jorge Mi\u00f1o","Tiempo de lectura":"2 minutos"},"schema":{"@context":"https:\/\/schema.org","@graph":[{"@type":"Article","@id":"https:\/\/radioinfinitagoya.com.ar\/v1\/2025\/07\/31\/el-gobierno-oficializo-un-bono-extraordinario-para-jubilados-y-pensionados\/#article","isPartOf":{"@id":"https:\/\/radioinfinitagoya.com.ar\/v1\/2025\/07\/31\/el-gobierno-oficializo-un-bono-extraordinario-para-jubilados-y-pensionados\/"},"author":{"name":"Jorge Mi\u00f1o","@id":"https:\/\/radioinfinitagoya.com.ar\/v1\/#\/schema\/person\/d4cf9c413d4f6edb24aabdccab49ca4a"},"headline":"El Gobierno oficializ\u00f3 un bono extraordinario para jubilados y pensionados","datePublished":"2025-07-31T18:53:28+00:00","mainEntityOfPage":{"@id":"https:\/\/radioinfinitagoya.com.ar\/v1\/2025\/07\/31\/el-gobierno-oficializo-un-bono-extraordinario-para-jubilados-y-pensionados\/"},"wordCount":337,"publisher":{"@id":"https:\/\/radioinfinitagoya.com.ar\/v1\/#organization"},"image":{"@id":"https:\/\/radioinfinitagoya.com.ar\/v1\/2025\/07\/31\/el-gobierno-oficializo-un-bono-extraordinario-para-jubilados-y-pensionados\/#primaryimage"},"thumbnailUrl":"https:\/\/radioinfinitagoya.com.ar\/v1\/wp-content\/uploads\/2025\/07\/en9SIVVt.jpg","articleSection":["NACIONALES"],"inLanguage":"es-AR"},{"@type":"WebPage","@id":"https:\/\/radioinfinitagoya.com.ar\/v1\/2025\/07\/31\/el-gobierno-oficializo-un-bono-extraordinario-para-jubilados-y-pensionados\/","url":"https:\/\/radioinfinitagoya.com.ar\/v1\/2025\/07\/31\/el-gobierno-oficializo-un-bono-extraordinario-para-jubilados-y-pensionados\/","name":"El Gobierno oficializ\u00f3 un bono extraordinario para jubilados y pensionados - Radio Infinita Goya","isPartOf":{"@id":"https:\/\/radioinfinitagoya.com.ar\/v1\/#website"},"primaryImageOfPage":{"@id":"https:\/\/radioinfinitagoya.com.ar\/v1\/2025\/07\/31\/el-gobierno-oficializo-un-bono-extraordinario-para-jubilados-y-pensionados\/#primaryimage"},"image":{"@id":"https:\/\/radioinfinitagoya.com.ar\/v1\/2025\/07\/31\/el-gobierno-oficializo-un-bono-extraordinario-para-jubilados-y-pensionados\/#primaryimage"},"thumbnailUrl":"https:\/\/radioinfinitagoya.com.ar\/v1\/wp-content\/uploads\/2025\/07\/en9SIVVt.jpg","datePublished":"2025-07-31T18:53:28+00:00","description":"La medida rige para quienes perciben la jubilaci\u00f3n m\u00ednima y recibir\u00e1n un bono de hasta $ 70.000 en el mes de agosto. Este refuerzo estaba congelado desde","breadcrumb":{"@id":"https:\/\/radioinfinitagoya.com.ar\/v1\/2025\/07\/31\/el-gobierno-oficializo-un-bono-extraordinario-para-jubilados-y-pensionados\/#breadcrumb"},"inLanguage":"es-AR","potentialAction":[{"@type":"ReadAction","target":["https:\/\/radioinfinitagoya.com.ar\/v1\/2025\/07\/31\/el-gobierno-oficializo-un-bono-extraordinario-para-jubilados-y-pensionados\/"]}]},{"@type":"ImageObject","inLanguage":"es-AR","@id":"https:\/\/radioinfinitagoya.com.ar\/v1\/2025\/07\/31\/el-gobierno-oficializo-un-bono-extraordinario-para-jubilados-y-pensionados\/#primaryimage","url":"https:\/\/radioinfinitagoya.com.ar\/v1\/wp-content\/uploads\/2025\/07\/en9SIVVt.jpg","contentUrl":"https:\/\/radioinfinitagoya.com.ar\/v1\/wp-content\/uploads\/2025\/07\/en9SIVVt.jpg","width":680,"height":510},{"@type":"BreadcrumbList","@id":"https:\/\/radioinfinitagoya.com.ar\/v1\/2025\/07\/31\/el-gobierno-oficializo-un-bono-extraordinario-para-jubilados-y-pensionados\/#breadcrumb","itemListElement":[{"@type":"ListItem","position":1,"name":"Inicio","item":"https:\/\/radioinfinitagoya.com.ar\/v1\/"},{"@type":"ListItem","position":2,"name":"El Gobierno oficializ\u00f3 un bono extraordinario para jubilados y pensionados"}]},{"@type":"WebSite","@id":"https:\/\/radioinfinitagoya.com.ar\/v1\/#website","url":"https:\/\/radioinfinitagoya.com.ar\/v1\/","name":"radioinfinitagoya.com.ar","description":"Radio de noticias","publisher":{"@id":"https:\/\/radioinfinitagoya.com.ar\/v1\/#organization"},"potentialAction":[{"@type":"SearchAction","target":{"@type":"EntryPoint","urlTemplate":"https:\/\/radioinfinitagoya.com.ar\/v1\/?s={search_term_string}"},"query-input":{"@type":"PropertyValueSpecification","valueRequired":true,"valueName":"search_term_string"}}],"inLanguage":"es-AR"},{"@type":"Organization","@id":"https:\/\/radioinfinitagoya.com.ar\/v1\/#organization","name":"Radio Infinita Goya","url":"https:\/\/radioinfinitagoya.com.ar\/v1\/","logo":{"@type":"ImageObject","inLanguage":"es-AR","@id":"https:\/\/radioinfinitagoya.com.ar\/v1\/#\/schema\/logo\/image\/","url":"https:\/\/radioinfinitagoya.com.ar\/v1\/wp-content\/uploads\/2019\/11\/logo-pie-web.png","contentUrl":"https:\/\/radioinfinitagoya.com.ar\/v1\/wp-content\/uploads\/2019\/11\/logo-pie-web.png","width":635,"height":326,"caption":"Radio Infinita Goya"},"image":{"@id":"https:\/\/radioinfinitagoya.com.ar\/v1\/#\/schema\/logo\/image\/"},"sameAs":["https:\/\/www.facebook.com\/p\/Infinita-Goya-100063870918311\/"]},{"@type":"Person","@id":"https:\/\/radioinfinitagoya.com.ar\/v1\/#\/schema\/person\/d4cf9c413d4f6edb24aabdccab49ca4a","name":"Jorge Mi\u00f1o","image":{"@type":"ImageObject","inLanguage":"es-AR","@id":"https:\/\/secure.gravatar.com\/avatar\/910fcf6728fe95320e07a6643c1581fec1c7fc4bf8ae12e3d8f0d0373dc844be?s=96&d=mm&r=g","url":"https:\/\/secure.gravatar.com\/avatar\/910fcf6728fe95320e07a6643c1581fec1c7fc4bf8ae12e3d8f0d0373dc844be?s=96&d=mm&r=g","contentUrl":"https:\/\/secure.gravatar.com\/avatar\/910fcf6728fe95320e07a6643c1581fec1c7fc4bf8ae12e3d8f0d0373dc844be?s=96&d=mm&r=g","caption":"Jorge Mi\u00f1o"},"sameAs":["http:\/\/radioinfinitagoya.com.ar"]}]}},"_links":{"self":[{"href":"https:\/\/radioinfinitagoya.com.ar\/v1\/wp-json\/wp\/v2\/posts\/193634","targetHints":{"allow":["GET"]}}],"collection":[{"href":"https:\/\/radioinfinitagoya.com.ar\/v1\/wp-json\/wp\/v2\/posts"}],"about":[{"href":"https:\/\/radioinfinitagoya.com.ar\/v1\/wp-json\/wp\/v2\/types\/post"}],"author":[{"embeddable":true,"href":"https:\/\/radioinfinitagoya.com.ar\/v1\/wp-json\/wp\/v2\/users\/4"}],"replies":[{"embeddable":true,"href":"https:\/\/radioinfinitagoya.com.ar\/v1\/wp-json\/wp\/v2\/comments?post=193634"}],"version-history":[{"count":0,"href":"https:\/\/radioinfinitagoya.com.ar\/v1\/wp-json\/wp\/v2\/posts\/193634\/revisions"}],"wp:featuredmedia":[{"embeddable":true,"href":"https:\/\/radioinfinitagoya.com.ar\/v1\/wp-json\/wp\/v2\/media\/193635"}],"wp:attachment":[{"href":"https:\/\/radioinfinitagoya.com.ar\/v1\/wp-json\/wp\/v2\/media?parent=193634"}],"wp:term":[{"taxonomy":"category","embeddable":true,"href":"https:\/\/radioinfinitagoya.com.ar\/v1\/wp-json\/wp\/v2\/categories?post=193634"},{"taxonomy":"post_tag","embeddable":true,"href":"https:\/\/radioinfinitagoya.com.ar\/v1\/wp-json\/wp\/v2\/tags?post=193634"}],"curies":[{"name":"wp","href":"https:\/\/api.w.org\/{rel}","templated":true}]}}