{"id":193657,"date":"2025-07-31T16:21:13","date_gmt":"2025-07-31T19:21:13","guid":{"rendered":"https:\/\/radioinfinitagoya.com.ar\/v1\/?p=193657"},"modified":"2025-07-31T16:21:13","modified_gmt":"2025-07-31T19:21:13","slug":"fuerte-respaldo-de-los-vecinos-a-su-intendente-jose-casco","status":"publish","type":"post","link":"https:\/\/radioinfinitagoya.com.ar\/v1\/2025\/07\/31\/fuerte-respaldo-de-los-vecinos-a-su-intendente-jose-casco\/","title":{"rendered":"Fuerte respaldo de los vecinos a su intendente: Jose Casco"},"content":{"rendered":"<p>Jose Casco: &#8220;Es contundente el respaldo a la gesti\u00f3n del Dr Hormaechea por parte de los vecinos<\/p>\n<p>Los vecinos de Goya muestran a diario el apoyo a la administraci\u00f3n de Mariano Hormaechea, quien ha logrado mantener una base s\u00f3lida de confianza vecinal, especialmente gracias a la eficiencia en servicios cotidianos como la limpieza, poda, recolecci\u00f3n de residuos, mantenimiento de espacios verdes y sobre todo la permanencia exitosa del programa Mita y Mita.<\/p>\n<p>Actualmente se realizan dos actos de inauguraciones por semana, y es uno de los aspectos m\u00e1s valorados de la gesti\u00f3n. Tambi\u00e9n se destaca el impulso y aporte a los barrios por medio de la Direcci\u00f3n de Consejos Vecinales y el Plenario Vecinal.<\/p>\n<p>Este nivel de satisfacci\u00f3n local creciente puede leerse como una se\u00f1al clara de respaldo y al mismo tiempo hace ver una gesti\u00f3n eficiente, transparente y cercana.<\/p>\n<p>MITA Y MITA<\/p>\n<p>Este jueves, el Director de los Consejos Vecinales, Jos\u00e9 Casco, inform\u00f3 que se est\u00e1n realizando dos inauguraciones de calles por semana, a solicitud de los vecinos que quieren recibir personalmente al gestor de estas obras imprescindibles para los barrios.<\/p>\n<p>\u201cPor pedido de los vecinos, el vecino quiere compartir con las autoridades municipales una obra en su barrio y eso hace ver que el vecino conf\u00eda y apoya esta gesti\u00f3n, y este es el camino que se ha trazado para su propuesta\u201d dijo.<\/p>\n<p>\u201cNosotros estamos terminando la segunda etapa del Mita y Mita que Hormaechea hab\u00eda presentado en su propuesta de campa\u00f1a all\u00e1 por el 2021 y eso hoy se est\u00e1 cumpliendo. Nos est\u00e1 faltando diez cuadras para culminar las 100 cuadras que se hab\u00eda propuesto\u201d enfatiz\u00f3.<\/p>\n<p>No obstante, hasta el mes de diciembre es el tiempo para cristalizar esta promesa con el ciudadano.<\/p>\n<p>\u201cSeguramente lo va a terminar antes, y eso hace que ya estemos lanzando el tercer programa Mita y Mita, 100 cuadras de asfalto y 100 cuadras de cord\u00f3n cuneta y el programa \u201cTu vereda\u201d donde actualmente estamos en las casi 300 frentistas inscriptos\u201d.<\/p>\n<p>En este punto, Casco aclar\u00f3 que, es tanto el entusiasmo que gener\u00f3 esta propuesta de \u201cTu vereda\u201d que ya hay vecinos que compraron el cemento para su vereda y asfalto, eso es la confianza que el intendente logr\u00f3 tener con el vecino y esto es reciproco\u201d.<\/p>\n<p>Respecto a este punto, el intendente Mariano Hormaechea ya lo hab\u00eda anticipado d\u00edas atr\u00e1s en el marco de una inauguraci\u00f3n de calle.<\/p>\n<p>\u201cSeguiremos con el Plan de Arborizaci\u00f3n, estamos bien encaminados hacia adelante con la nueva edici\u00f3n del Programa Mita y Mita, con el cupo completo del pavimento, 35 inscriptos para cord\u00f3n cuneta y m\u00e1s de 250 vecinos para \u201cTu Vereda\u201d.<\/p>\n<p>\u201cES MEJOR HACER QUE HABLAR\u201d<\/p>\n<p>Esta cercan\u00eda del funcionario es una valoraci\u00f3n positiva que los vecinos reconocen favorablemente. Este nivel es significativo y superior al de cualquier otra figura local, especialmente en un contexto donde muchos dirigentes enfrentan ca\u00eddas y se enfocan solo en la cr\u00edtica.<\/p>\n<p>Esta confianza se ve plasmado adem\u00e1s en las reuniones semanales que el intendente mantiene con los presidentes de Consejos Vecinales. En este seno se apuntan los pedidos y tambi\u00e9n las cr\u00edticas hacia la gesti\u00f3n para que sean solucionados. Estas acciones son las que valoran los integrantes de las comisiones de vecinos.<\/p>\n<p>\u201cLa gente pone la bolsa de cemento que en definitiva es plata y tiene esa confianza de que el intendente le va a hacer el asfalto\u2026es decir que toda esa espera el vecino lo hace con gusto y con esa esperanza que tiene junto a la credibilidad que logr\u00f3 tener el equipo de Mariano\u201d.<\/p>\n<p>\u201cEs contundente el respaldo a la gesti\u00f3n del Dr. Hormaechea por parte de los vecinos\u201d remarc\u00f3.<\/p>\n<p>\u201cEsta gesti\u00f3n realmente trabaja con el vecino, esto no es un eslogan de campa\u00f1a, por eso estamos seguros del camino que ha tomado Mariano y por ah\u00ed, cuando escuchamos que est\u00e1n saliendo algunos candidatos a salir a mentir, decirle y hacerle creer a la gente otra cosa, cuando nosotros estamos en la calle con los vecinos, ellos nos dicen la verdad, la mejor campa\u00f1a de la gesti\u00f3n es mejor hacer que hablar y prometer cosas que despu\u00e9s no se pueden cumplir\u201d consider\u00f3.<\/p>\n<p>\u201cLos cuatro a\u00f1os se hizo asfalto, los cuatro a\u00f1os se hizo obras, los cuatro a\u00f1os se hizo cord\u00f3n cuneta, se recuper\u00f3 espacios p\u00fablicos. El relato a la gente le aburre y ya no le llega, la gente ve lo que se hace y ve qui\u00e9nes son los que conducen seriamente el municipio\u201d finaliz\u00f3.<\/p>\n","protected":false},"excerpt":{"rendered":"<p>Jose Casco: &#8220;Es contundente el respaldo a la gesti\u00f3n del Dr Hormaechea por parte de los vecinos Los vecinos de Goya muestran a diario el apoyo a la administraci\u00f3n de Mariano Hormaechea, quien ha logrado mantener una base s\u00f3lida de confianza vecinal, especialmente gracias a la eficiencia en servicios cotidianos como la limpieza, poda, recolecci\u00f3n [&hellip;]<\/p>\n","protected":false},"author":4,"featured_media":193658,"comment_status":"closed","ping_status":"closed","sticky":false,"template":"","format":"standard","meta":{"_joinchat":[],"footnotes":""},"categories":[27],"tags":[],"class_list":{"0":"post-193657","1":"post","2":"type-post","3":"status-publish","4":"format-standard","5":"has-post-thumbnail","7":"category-locales"},"yoast_head":"<!-- This site is optimized with the Yoast SEO plugin v27.2 - https:\/\/yoast.com\/product\/yoast-seo-wordpress\/ -->\n<title>Fuerte respaldo de los vecinos a su intendente: Jose Casco - Radio Infinita Goya<\/title>\n<meta name=\"description\" content=\"Jose Casco: &quot;Es contundente el respaldo a la gesti\u00f3n del Dr Hormaechea por parte de los vecinos Los vecinos de Goya muestran a diario el apoyo a la\" \/>\n<meta name=\"robots\" content=\"index, follow, max-snippet:-1, max-image-preview:large, max-video-preview:-1\" \/>\n<link rel=\"canonical\" href=\"https:\/\/radioinfinitagoya.com.ar\/v1\/2025\/07\/31\/fuerte-respaldo-de-los-vecinos-a-su-intendente-jose-casco\/\" \/>\n<meta property=\"og:locale\" content=\"es_ES\" \/>\n<meta property=\"og:type\" content=\"article\" \/>\n<meta property=\"og:title\" content=\"Fuerte respaldo de los vecinos a su intendente: Jose Casco - Radio Infinita Goya\" \/>\n<meta property=\"og:description\" content=\"Jose Casco: &quot;Es contundente el respaldo a la gesti\u00f3n del Dr Hormaechea por parte de los vecinos Los vecinos de Goya muestran a diario el apoyo a la\" \/>\n<meta property=\"og:url\" content=\"https:\/\/radioinfinitagoya.com.ar\/v1\/2025\/07\/31\/fuerte-respaldo-de-los-vecinos-a-su-intendente-jose-casco\/\" \/>\n<meta property=\"og:site_name\" content=\"Radio Infinita Goya\" \/>\n<meta property=\"article:publisher\" content=\"https:\/\/www.facebook.com\/p\/Infinita-Goya-100063870918311\/\" \/>\n<meta property=\"article:published_time\" content=\"2025-07-31T19:21:13+00:00\" \/>\n<meta property=\"og:image\" content=\"https:\/\/radioinfinitagoya.com.ar\/v1\/wp-content\/uploads\/2025\/07\/whatsapp_image_2025-07-31_at_14.26.jpg\" \/>\n\t<meta property=\"og:image:width\" content=\"848\" \/>\n\t<meta property=\"og:image:height\" content=\"477\" \/>\n\t<meta property=\"og:image:type\" content=\"image\/jpeg\" \/>\n<meta name=\"author\" content=\"Jorge Mi\u00f1o\" \/>\n<meta name=\"twitter:card\" content=\"summary_large_image\" \/>\n<meta name=\"twitter:label1\" content=\"Escrito por\" \/>\n\t<meta name=\"twitter:data1\" content=\"Jorge Mi\u00f1o\" \/>\n\t<meta name=\"twitter:label2\" content=\"Tiempo de lectura\" \/>\n\t<meta name=\"twitter:data2\" content=\"4 minutos\" \/>\n<script type=\"application\/ld+json\" class=\"yoast-schema-graph\">{\"@context\":\"https:\/\/schema.org\",\"@graph\":[{\"@type\":\"Article\",\"@id\":\"https:\/\/radioinfinitagoya.com.ar\/v1\/2025\/07\/31\/fuerte-respaldo-de-los-vecinos-a-su-intendente-jose-casco\/#article\",\"isPartOf\":{\"@id\":\"https:\/\/radioinfinitagoya.com.ar\/v1\/2025\/07\/31\/fuerte-respaldo-de-los-vecinos-a-su-intendente-jose-casco\/\"},\"author\":{\"name\":\"Jorge Mi\u00f1o\",\"@id\":\"https:\/\/radioinfinitagoya.com.ar\/v1\/#\/schema\/person\/d4cf9c413d4f6edb24aabdccab49ca4a\"},\"headline\":\"Fuerte respaldo de los vecinos a su intendente: Jose Casco\",\"datePublished\":\"2025-07-31T19:21:13+00:00\",\"mainEntityOfPage\":{\"@id\":\"https:\/\/radioinfinitagoya.com.ar\/v1\/2025\/07\/31\/fuerte-respaldo-de-los-vecinos-a-su-intendente-jose-casco\/\"},\"wordCount\":789,\"publisher\":{\"@id\":\"https:\/\/radioinfinitagoya.com.ar\/v1\/#organization\"},\"image\":{\"@id\":\"https:\/\/radioinfinitagoya.com.ar\/v1\/2025\/07\/31\/fuerte-respaldo-de-los-vecinos-a-su-intendente-jose-casco\/#primaryimage\"},\"thumbnailUrl\":\"https:\/\/radioinfinitagoya.com.ar\/v1\/wp-content\/uploads\/2025\/07\/whatsapp_image_2025-07-31_at_14.26.jpg\",\"articleSection\":[\"LOCALES\"],\"inLanguage\":\"es-AR\"},{\"@type\":\"WebPage\",\"@id\":\"https:\/\/radioinfinitagoya.com.ar\/v1\/2025\/07\/31\/fuerte-respaldo-de-los-vecinos-a-su-intendente-jose-casco\/\",\"url\":\"https:\/\/radioinfinitagoya.com.ar\/v1\/2025\/07\/31\/fuerte-respaldo-de-los-vecinos-a-su-intendente-jose-casco\/\",\"name\":\"Fuerte respaldo de los vecinos a su intendente: Jose Casco - Radio Infinita Goya\",\"isPartOf\":{\"@id\":\"https:\/\/radioinfinitagoya.com.ar\/v1\/#website\"},\"primaryImageOfPage\":{\"@id\":\"https:\/\/radioinfinitagoya.com.ar\/v1\/2025\/07\/31\/fuerte-respaldo-de-los-vecinos-a-su-intendente-jose-casco\/#primaryimage\"},\"image\":{\"@id\":\"https:\/\/radioinfinitagoya.com.ar\/v1\/2025\/07\/31\/fuerte-respaldo-de-los-vecinos-a-su-intendente-jose-casco\/#primaryimage\"},\"thumbnailUrl\":\"https:\/\/radioinfinitagoya.com.ar\/v1\/wp-content\/uploads\/2025\/07\/whatsapp_image_2025-07-31_at_14.26.jpg\",\"datePublished\":\"2025-07-31T19:21:13+00:00\",\"description\":\"Jose Casco: \\\"Es contundente el respaldo a la gesti\u00f3n del Dr Hormaechea por parte de los vecinos Los vecinos de Goya muestran a diario el apoyo a la\",\"breadcrumb\":{\"@id\":\"https:\/\/radioinfinitagoya.com.ar\/v1\/2025\/07\/31\/fuerte-respaldo-de-los-vecinos-a-su-intendente-jose-casco\/#breadcrumb\"},\"inLanguage\":\"es-AR\",\"potentialAction\":[{\"@type\":\"ReadAction\",\"target\":[\"https:\/\/radioinfinitagoya.com.ar\/v1\/2025\/07\/31\/fuerte-respaldo-de-los-vecinos-a-su-intendente-jose-casco\/\"]}]},{\"@type\":\"ImageObject\",\"inLanguage\":\"es-AR\",\"@id\":\"https:\/\/radioinfinitagoya.com.ar\/v1\/2025\/07\/31\/fuerte-respaldo-de-los-vecinos-a-su-intendente-jose-casco\/#primaryimage\",\"url\":\"https:\/\/radioinfinitagoya.com.ar\/v1\/wp-content\/uploads\/2025\/07\/whatsapp_image_2025-07-31_at_14.26.jpg\",\"contentUrl\":\"https:\/\/radioinfinitagoya.com.ar\/v1\/wp-content\/uploads\/2025\/07\/whatsapp_image_2025-07-31_at_14.26.jpg\",\"width\":848,\"height\":477},{\"@type\":\"BreadcrumbList\",\"@id\":\"https:\/\/radioinfinitagoya.com.ar\/v1\/2025\/07\/31\/fuerte-respaldo-de-los-vecinos-a-su-intendente-jose-casco\/#breadcrumb\",\"itemListElement\":[{\"@type\":\"ListItem\",\"position\":1,\"name\":\"Inicio\",\"item\":\"https:\/\/radioinfinitagoya.com.ar\/v1\/\"},{\"@type\":\"ListItem\",\"position\":2,\"name\":\"Fuerte respaldo de los vecinos a su intendente: Jose Casco\"}]},{\"@type\":\"WebSite\",\"@id\":\"https:\/\/radioinfinitagoya.com.ar\/v1\/#website\",\"url\":\"https:\/\/radioinfinitagoya.com.ar\/v1\/\",\"name\":\"radioinfinitagoya.com.ar\",\"description\":\"Radio de noticias\",\"publisher\":{\"@id\":\"https:\/\/radioinfinitagoya.com.ar\/v1\/#organization\"},\"potentialAction\":[{\"@type\":\"SearchAction\",\"target\":{\"@type\":\"EntryPoint\",\"urlTemplate\":\"https:\/\/radioinfinitagoya.com.ar\/v1\/?s={search_term_string}\"},\"query-input\":{\"@type\":\"PropertyValueSpecification\",\"valueRequired\":true,\"valueName\":\"search_term_string\"}}],\"inLanguage\":\"es-AR\"},{\"@type\":\"Organization\",\"@id\":\"https:\/\/radioinfinitagoya.com.ar\/v1\/#organization\",\"name\":\"Radio Infinita Goya\",\"url\":\"https:\/\/radioinfinitagoya.com.ar\/v1\/\",\"logo\":{\"@type\":\"ImageObject\",\"inLanguage\":\"es-AR\",\"@id\":\"https:\/\/radioinfinitagoya.com.ar\/v1\/#\/schema\/logo\/image\/\",\"url\":\"https:\/\/radioinfinitagoya.com.ar\/v1\/wp-content\/uploads\/2019\/11\/logo-pie-web.png\",\"contentUrl\":\"https:\/\/radioinfinitagoya.com.ar\/v1\/wp-content\/uploads\/2019\/11\/logo-pie-web.png\",\"width\":635,\"height\":326,\"caption\":\"Radio Infinita Goya\"},\"image\":{\"@id\":\"https:\/\/radioinfinitagoya.com.ar\/v1\/#\/schema\/logo\/image\/\"},\"sameAs\":[\"https:\/\/www.facebook.com\/p\/Infinita-Goya-100063870918311\/\"]},{\"@type\":\"Person\",\"@id\":\"https:\/\/radioinfinitagoya.com.ar\/v1\/#\/schema\/person\/d4cf9c413d4f6edb24aabdccab49ca4a\",\"name\":\"Jorge Mi\u00f1o\",\"image\":{\"@type\":\"ImageObject\",\"inLanguage\":\"es-AR\",\"@id\":\"https:\/\/secure.gravatar.com\/avatar\/910fcf6728fe95320e07a6643c1581fec1c7fc4bf8ae12e3d8f0d0373dc844be?s=96&d=mm&r=g\",\"url\":\"https:\/\/secure.gravatar.com\/avatar\/910fcf6728fe95320e07a6643c1581fec1c7fc4bf8ae12e3d8f0d0373dc844be?s=96&d=mm&r=g\",\"contentUrl\":\"https:\/\/secure.gravatar.com\/avatar\/910fcf6728fe95320e07a6643c1581fec1c7fc4bf8ae12e3d8f0d0373dc844be?s=96&d=mm&r=g\",\"caption\":\"Jorge Mi\u00f1o\"},\"sameAs\":[\"http:\/\/radioinfinitagoya.com.ar\"]}]}<\/script>\n<!-- \/ Yoast SEO plugin. -->","yoast_head_json":{"title":"Fuerte respaldo de los vecinos a su intendente: Jose Casco - Radio Infinita Goya","description":"Jose Casco: \"Es contundente el respaldo a la gesti\u00f3n del Dr Hormaechea por parte de los vecinos Los vecinos de Goya muestran a diario el apoyo a la","robots":{"index":"index","follow":"follow","max-snippet":"max-snippet:-1","max-image-preview":"max-image-preview:large","max-video-preview":"max-video-preview:-1"},"canonical":"https:\/\/radioinfinitagoya.com.ar\/v1\/2025\/07\/31\/fuerte-respaldo-de-los-vecinos-a-su-intendente-jose-casco\/","og_locale":"es_ES","og_type":"article","og_title":"Fuerte respaldo de los vecinos a su intendente: Jose Casco - Radio Infinita Goya","og_description":"Jose Casco: \"Es contundente el respaldo a la gesti\u00f3n del Dr Hormaechea por parte de los vecinos Los vecinos de Goya muestran a diario el apoyo a la","og_url":"https:\/\/radioinfinitagoya.com.ar\/v1\/2025\/07\/31\/fuerte-respaldo-de-los-vecinos-a-su-intendente-jose-casco\/","og_site_name":"Radio Infinita Goya","article_publisher":"https:\/\/www.facebook.com\/p\/Infinita-Goya-100063870918311\/","article_published_time":"2025-07-31T19:21:13+00:00","og_image":[{"width":848,"height":477,"url":"https:\/\/radioinfinitagoya.com.ar\/v1\/wp-content\/uploads\/2025\/07\/whatsapp_image_2025-07-31_at_14.26.jpg","type":"image\/jpeg"}],"author":"Jorge Mi\u00f1o","twitter_card":"summary_large_image","twitter_misc":{"Escrito por":"Jorge Mi\u00f1o","Tiempo de lectura":"4 minutos"},"schema":{"@context":"https:\/\/schema.org","@graph":[{"@type":"Article","@id":"https:\/\/radioinfinitagoya.com.ar\/v1\/2025\/07\/31\/fuerte-respaldo-de-los-vecinos-a-su-intendente-jose-casco\/#article","isPartOf":{"@id":"https:\/\/radioinfinitagoya.com.ar\/v1\/2025\/07\/31\/fuerte-respaldo-de-los-vecinos-a-su-intendente-jose-casco\/"},"author":{"name":"Jorge Mi\u00f1o","@id":"https:\/\/radioinfinitagoya.com.ar\/v1\/#\/schema\/person\/d4cf9c413d4f6edb24aabdccab49ca4a"},"headline":"Fuerte respaldo de los vecinos a su intendente: Jose Casco","datePublished":"2025-07-31T19:21:13+00:00","mainEntityOfPage":{"@id":"https:\/\/radioinfinitagoya.com.ar\/v1\/2025\/07\/31\/fuerte-respaldo-de-los-vecinos-a-su-intendente-jose-casco\/"},"wordCount":789,"publisher":{"@id":"https:\/\/radioinfinitagoya.com.ar\/v1\/#organization"},"image":{"@id":"https:\/\/radioinfinitagoya.com.ar\/v1\/2025\/07\/31\/fuerte-respaldo-de-los-vecinos-a-su-intendente-jose-casco\/#primaryimage"},"thumbnailUrl":"https:\/\/radioinfinitagoya.com.ar\/v1\/wp-content\/uploads\/2025\/07\/whatsapp_image_2025-07-31_at_14.26.jpg","articleSection":["LOCALES"],"inLanguage":"es-AR"},{"@type":"WebPage","@id":"https:\/\/radioinfinitagoya.com.ar\/v1\/2025\/07\/31\/fuerte-respaldo-de-los-vecinos-a-su-intendente-jose-casco\/","url":"https:\/\/radioinfinitagoya.com.ar\/v1\/2025\/07\/31\/fuerte-respaldo-de-los-vecinos-a-su-intendente-jose-casco\/","name":"Fuerte respaldo de los vecinos a su intendente: Jose Casco - Radio Infinita Goya","isPartOf":{"@id":"https:\/\/radioinfinitagoya.com.ar\/v1\/#website"},"primaryImageOfPage":{"@id":"https:\/\/radioinfinitagoya.com.ar\/v1\/2025\/07\/31\/fuerte-respaldo-de-los-vecinos-a-su-intendente-jose-casco\/#primaryimage"},"image":{"@id":"https:\/\/radioinfinitagoya.com.ar\/v1\/2025\/07\/31\/fuerte-respaldo-de-los-vecinos-a-su-intendente-jose-casco\/#primaryimage"},"thumbnailUrl":"https:\/\/radioinfinitagoya.com.ar\/v1\/wp-content\/uploads\/2025\/07\/whatsapp_image_2025-07-31_at_14.26.jpg","datePublished":"2025-07-31T19:21:13+00:00","description":"Jose Casco: \"Es contundente el respaldo a la gesti\u00f3n del Dr Hormaechea por parte de los vecinos Los vecinos de Goya muestran a diario el apoyo a la","breadcrumb":{"@id":"https:\/\/radioinfinitagoya.com.ar\/v1\/2025\/07\/31\/fuerte-respaldo-de-los-vecinos-a-su-intendente-jose-casco\/#breadcrumb"},"inLanguage":"es-AR","potentialAction":[{"@type":"ReadAction","target":["https:\/\/radioinfinitagoya.com.ar\/v1\/2025\/07\/31\/fuerte-respaldo-de-los-vecinos-a-su-intendente-jose-casco\/"]}]},{"@type":"ImageObject","inLanguage":"es-AR","@id":"https:\/\/radioinfinitagoya.com.ar\/v1\/2025\/07\/31\/fuerte-respaldo-de-los-vecinos-a-su-intendente-jose-casco\/#primaryimage","url":"https:\/\/radioinfinitagoya.com.ar\/v1\/wp-content\/uploads\/2025\/07\/whatsapp_image_2025-07-31_at_14.26.jpg","contentUrl":"https:\/\/radioinfinitagoya.com.ar\/v1\/wp-content\/uploads\/2025\/07\/whatsapp_image_2025-07-31_at_14.26.jpg","width":848,"height":477},{"@type":"BreadcrumbList","@id":"https:\/\/radioinfinitagoya.com.ar\/v1\/2025\/07\/31\/fuerte-respaldo-de-los-vecinos-a-su-intendente-jose-casco\/#breadcrumb","itemListElement":[{"@type":"ListItem","position":1,"name":"Inicio","item":"https:\/\/radioinfinitagoya.com.ar\/v1\/"},{"@type":"ListItem","position":2,"name":"Fuerte respaldo de los vecinos a su intendente: Jose Casco"}]},{"@type":"WebSite","@id":"https:\/\/radioinfinitagoya.com.ar\/v1\/#website","url":"https:\/\/radioinfinitagoya.com.ar\/v1\/","name":"radioinfinitagoya.com.ar","description":"Radio de noticias","publisher":{"@id":"https:\/\/radioinfinitagoya.com.ar\/v1\/#organization"},"potentialAction":[{"@type":"SearchAction","target":{"@type":"EntryPoint","urlTemplate":"https:\/\/radioinfinitagoya.com.ar\/v1\/?s={search_term_string}"},"query-input":{"@type":"PropertyValueSpecification","valueRequired":true,"valueName":"search_term_string"}}],"inLanguage":"es-AR"},{"@type":"Organization","@id":"https:\/\/radioinfinitagoya.com.ar\/v1\/#organization","name":"Radio Infinita Goya","url":"https:\/\/radioinfinitagoya.com.ar\/v1\/","logo":{"@type":"ImageObject","inLanguage":"es-AR","@id":"https:\/\/radioinfinitagoya.com.ar\/v1\/#\/schema\/logo\/image\/","url":"https:\/\/radioinfinitagoya.com.ar\/v1\/wp-content\/uploads\/2019\/11\/logo-pie-web.png","contentUrl":"https:\/\/radioinfinitagoya.com.ar\/v1\/wp-content\/uploads\/2019\/11\/logo-pie-web.png","width":635,"height":326,"caption":"Radio Infinita Goya"},"image":{"@id":"https:\/\/radioinfinitagoya.com.ar\/v1\/#\/schema\/logo\/image\/"},"sameAs":["https:\/\/www.facebook.com\/p\/Infinita-Goya-100063870918311\/"]},{"@type":"Person","@id":"https:\/\/radioinfinitagoya.com.ar\/v1\/#\/schema\/person\/d4cf9c413d4f6edb24aabdccab49ca4a","name":"Jorge Mi\u00f1o","image":{"@type":"ImageObject","inLanguage":"es-AR","@id":"https:\/\/secure.gravatar.com\/avatar\/910fcf6728fe95320e07a6643c1581fec1c7fc4bf8ae12e3d8f0d0373dc844be?s=96&d=mm&r=g","url":"https:\/\/secure.gravatar.com\/avatar\/910fcf6728fe95320e07a6643c1581fec1c7fc4bf8ae12e3d8f0d0373dc844be?s=96&d=mm&r=g","contentUrl":"https:\/\/secure.gravatar.com\/avatar\/910fcf6728fe95320e07a6643c1581fec1c7fc4bf8ae12e3d8f0d0373dc844be?s=96&d=mm&r=g","caption":"Jorge Mi\u00f1o"},"sameAs":["http:\/\/radioinfinitagoya.com.ar"]}]}},"_links":{"self":[{"href":"https:\/\/radioinfinitagoya.com.ar\/v1\/wp-json\/wp\/v2\/posts\/193657","targetHints":{"allow":["GET"]}}],"collection":[{"href":"https:\/\/radioinfinitagoya.com.ar\/v1\/wp-json\/wp\/v2\/posts"}],"about":[{"href":"https:\/\/radioinfinitagoya.com.ar\/v1\/wp-json\/wp\/v2\/types\/post"}],"author":[{"embeddable":true,"href":"https:\/\/radioinfinitagoya.com.ar\/v1\/wp-json\/wp\/v2\/users\/4"}],"replies":[{"embeddable":true,"href":"https:\/\/radioinfinitagoya.com.ar\/v1\/wp-json\/wp\/v2\/comments?post=193657"}],"version-history":[{"count":0,"href":"https:\/\/radioinfinitagoya.com.ar\/v1\/wp-json\/wp\/v2\/posts\/193657\/revisions"}],"wp:featuredmedia":[{"embeddable":true,"href":"https:\/\/radioinfinitagoya.com.ar\/v1\/wp-json\/wp\/v2\/media\/193658"}],"wp:attachment":[{"href":"https:\/\/radioinfinitagoya.com.ar\/v1\/wp-json\/wp\/v2\/media?parent=193657"}],"wp:term":[{"taxonomy":"category","embeddable":true,"href":"https:\/\/radioinfinitagoya.com.ar\/v1\/wp-json\/wp\/v2\/categories?post=193657"},{"taxonomy":"post_tag","embeddable":true,"href":"https:\/\/radioinfinitagoya.com.ar\/v1\/wp-json\/wp\/v2\/tags?post=193657"}],"curies":[{"name":"wp","href":"https:\/\/api.w.org\/{rel}","templated":true}]}}