{"id":193669,"date":"2025-07-31T16:40:06","date_gmt":"2025-07-31T19:40:06","guid":{"rendered":"https:\/\/radioinfinitagoya.com.ar\/v1\/?p=193669"},"modified":"2025-07-31T16:40:06","modified_gmt":"2025-07-31T19:40:06","slug":"investigan-a-la-instructora-que-dirigia-el-velero-donde-murio-la-nieta-de-cris-morena","status":"publish","type":"post","link":"https:\/\/radioinfinitagoya.com.ar\/v1\/2025\/07\/31\/investigan-a-la-instructora-que-dirigia-el-velero-donde-murio-la-nieta-de-cris-morena\/","title":{"rendered":"Investigan a la instructora que dirig\u00eda el velero donde muri\u00f3 la nieta de Cris Morena"},"content":{"rendered":"<p>&#8220;Podr\u00edan presentar demandas&#8221;<\/p>\n<p>El objetivo es determinar si el veh\u00edculo cumpl\u00eda con todos los protocolos de seguridad requeridos. En el accidente murieron dos ni\u00f1as, entre ellas Mila Yankelevich, y tres menores permanecen en estado cr\u00edtico.<\/p>\n<p>Tras el tr\u00e1gico accidente n\u00e1utico que provoc\u00f3 la muerte de Mila Yankelevich, nieta de Cris Morena, la Justicia estadounidense inici\u00f3 una investigaci\u00f3n para determinar si la instructora de 19 a\u00f1os que dirig\u00eda el velero donde viajaban los ni\u00f1os cumpli\u00f3 con los protocolos de seguridad establecidos. Tambi\u00e9n eval\u00faan posibles cargos contra la empresa privadaencargada de organizar la actividad.<\/p>\n<p>El siniestro ocurri\u00f3 en la Bah\u00eda Biscayne, en Miami, cuando una barcaza choc\u00f3 contra el velero en el que navegaban seis personas. Como consecuencia del impacto, murieron dos ni\u00f1as de 7 y 13 a\u00f1os, y otras tres permanecen hospitalizadas en estado cr\u00edtico.<\/p>\n<p>Qu\u00e9 responsabilidad puede tener la instructora<br \/>\nLa joven instructora ten\u00eda a su cargo a un grupo de menores de entre 7 y 13 a\u00f1os. Seg\u00fan informes oficiales, los accidentes de este tipo son frecuentes en la regi\u00f3n, y en lo que va de 2025 ya se registraron 550 colisiones n\u00e1uticas. El lema de la compa\u00f1\u00eda era &#8220;enamorate del agua&#8221;, pero todo termin\u00f3 en una tragedia irreparable.<\/p>\n<p>Las autoridades intentan establecer si la empresa tom\u00f3 las medidas de seguridad necesarias. En caso contrario, podr\u00edan presentarse acciones legales tanto contra la compa\u00f1\u00eda como contra la responsable de la navegaci\u00f3n.<\/p>\n<p>Uno de los elementos clave de la causa es un video que muestra c\u00f3mo la barcaza avanzaba en direcci\u00f3n contraria al velero. El veh\u00edculo fue trasladado a un dep\u00f3sito de la Guardia Costera, ubicado a un kil\u00f3metro del lugar del hecho, para someterlo a peritajes t\u00e9cnicos.<\/p>\n<p>El primer informe oficial<br \/>\nEl capit\u00e1n Frank Florio, jefe de la Guardia Costera en Miami, brind\u00f3 detalles sobre el operativo realizado tras el accidente. \u201cA las 11:27 de la ma\u00f1ana recibimos un llamado del equipo de rescate de Miami-Dade sobre una colisi\u00f3n entre un velero con seis personas a bordo y un remolcador con barcaza en cercan\u00edas de las islas Hibiscus y Monument\u201d, relat\u00f3 el oficial.<\/p>\n<p>Indic\u00f3 que la respuesta fue inmediata y coordinada, con la participaci\u00f3n de unidades de Miami Beach, Miami-Dade, la Comisi\u00f3n de Conservaci\u00f3n de Pesca y Vida Silvestre de Florida y la Guardia Costera de Miami Beach. Gracias a esa intervenci\u00f3n, lograron rescatar con vida a las seis personas, aunque dos ni\u00f1as fallecieron por la gravedad de sus heridas.<\/p>\n<p>El capit\u00e1n del remolcador est\u00e1 bajo investigaci\u00f3n<br \/>\nEl conductor del remolcador fue interrogado como parte de la causa y sometido a pruebas de alcoholemia y toxicol\u00f3gicas. Las autoridades se encuentran a la espera de los resultados. Seg\u00fan expres\u00f3 el capit\u00e1n Florio, existe la presunci\u00f3n de que todos los tripulantes del velero llevaban chalecos salvavidas, aunque aclar\u00f3: \u201cLa investigaci\u00f3n deber\u00e1 confirmarlo\u201d.<\/p>\n<p>El hecho gener\u00f3 profunda tristeza en la Argentina, ya que una de las v\u00edctimas fue Mila Yankelevich, nieta de Cris Morena y Gustavo Yankelevich. La menor se encontraba en una actividad recreativa organizada por un campamento n\u00e1utico.<\/p>\n<p>En paralelo a la investigaci\u00f3n judicial, distintos sectores comenzaron a reclamar una revisi\u00f3n m\u00e1s estricta de las condiciones de seguridad en las actividades acu\u00e1ticas dirigidas a ni\u00f1os y adolescentes, as\u00ed como un mayor control sobre las empresas prestadoras del servicio.<\/p>\n","protected":false},"excerpt":{"rendered":"<p>&#8220;Podr\u00edan presentar demandas&#8221; El objetivo es determinar si el veh\u00edculo cumpl\u00eda con todos los protocolos de seguridad requeridos. En el accidente murieron dos ni\u00f1as, entre ellas Mila Yankelevich, y tres menores permanecen en estado cr\u00edtico. Tras el tr\u00e1gico accidente n\u00e1utico que provoc\u00f3 la muerte de Mila Yankelevich, nieta de Cris Morena, la Justicia estadounidense inici\u00f3 [&hellip;]<\/p>\n","protected":false},"author":4,"featured_media":193670,"comment_status":"closed","ping_status":"closed","sticky":false,"template":"","format":"standard","meta":{"_joinchat":[],"footnotes":""},"categories":[31],"tags":[],"class_list":{"0":"post-193669","1":"post","2":"type-post","3":"status-publish","4":"format-standard","5":"has-post-thumbnail","7":"category-informacion-general"},"yoast_head":"<!-- This site is optimized with the Yoast SEO plugin v27.2 - https:\/\/yoast.com\/product\/yoast-seo-wordpress\/ -->\n<title>Investigan a la instructora que dirig\u00eda el velero donde muri\u00f3 la nieta de Cris Morena - Radio Infinita Goya<\/title>\n<meta name=\"description\" content=\"&quot;Podr\u00edan presentar demandas&quot; El objetivo es determinar si el veh\u00edculo cumpl\u00eda con todos los protocolos de seguridad requeridos. En el accidente murieron\" \/>\n<meta name=\"robots\" content=\"index, follow, max-snippet:-1, max-image-preview:large, max-video-preview:-1\" \/>\n<link rel=\"canonical\" href=\"https:\/\/radioinfinitagoya.com.ar\/v1\/2025\/07\/31\/investigan-a-la-instructora-que-dirigia-el-velero-donde-murio-la-nieta-de-cris-morena\/\" \/>\n<meta property=\"og:locale\" content=\"es_ES\" \/>\n<meta property=\"og:type\" content=\"article\" \/>\n<meta property=\"og:title\" content=\"Investigan a la instructora que dirig\u00eda el velero donde muri\u00f3 la nieta de Cris Morena - Radio Infinita Goya\" \/>\n<meta property=\"og:description\" content=\"&quot;Podr\u00edan presentar demandas&quot; El objetivo es determinar si el veh\u00edculo cumpl\u00eda con todos los protocolos de seguridad requeridos. En el accidente murieron\" \/>\n<meta property=\"og:url\" content=\"https:\/\/radioinfinitagoya.com.ar\/v1\/2025\/07\/31\/investigan-a-la-instructora-que-dirigia-el-velero-donde-murio-la-nieta-de-cris-morena\/\" \/>\n<meta property=\"og:site_name\" content=\"Radio Infinita Goya\" \/>\n<meta property=\"article:publisher\" content=\"https:\/\/www.facebook.com\/p\/Infinita-Goya-100063870918311\/\" \/>\n<meta property=\"article:published_time\" content=\"2025-07-31T19:40:06+00:00\" \/>\n<meta property=\"og:image\" content=\"https:\/\/radioinfinitagoya.com.ar\/v1\/wp-content\/uploads\/2025\/07\/F0NvwhcP.jpg\" \/>\n\t<meta property=\"og:image:width\" content=\"680\" \/>\n\t<meta property=\"og:image:height\" content=\"383\" \/>\n\t<meta property=\"og:image:type\" content=\"image\/jpeg\" \/>\n<meta name=\"author\" content=\"Jorge Mi\u00f1o\" \/>\n<meta name=\"twitter:card\" content=\"summary_large_image\" \/>\n<meta name=\"twitter:label1\" content=\"Escrito por\" \/>\n\t<meta name=\"twitter:data1\" content=\"Jorge Mi\u00f1o\" \/>\n\t<meta name=\"twitter:label2\" content=\"Tiempo de lectura\" \/>\n\t<meta name=\"twitter:data2\" content=\"3 minutos\" \/>\n<script type=\"application\/ld+json\" class=\"yoast-schema-graph\">{\"@context\":\"https:\/\/schema.org\",\"@graph\":[{\"@type\":\"Article\",\"@id\":\"https:\/\/radioinfinitagoya.com.ar\/v1\/2025\/07\/31\/investigan-a-la-instructora-que-dirigia-el-velero-donde-murio-la-nieta-de-cris-morena\/#article\",\"isPartOf\":{\"@id\":\"https:\/\/radioinfinitagoya.com.ar\/v1\/2025\/07\/31\/investigan-a-la-instructora-que-dirigia-el-velero-donde-murio-la-nieta-de-cris-morena\/\"},\"author\":{\"name\":\"Jorge Mi\u00f1o\",\"@id\":\"https:\/\/radioinfinitagoya.com.ar\/v1\/#\/schema\/person\/d4cf9c413d4f6edb24aabdccab49ca4a\"},\"headline\":\"Investigan a la instructora que dirig\u00eda el velero donde muri\u00f3 la nieta de Cris Morena\",\"datePublished\":\"2025-07-31T19:40:06+00:00\",\"mainEntityOfPage\":{\"@id\":\"https:\/\/radioinfinitagoya.com.ar\/v1\/2025\/07\/31\/investigan-a-la-instructora-que-dirigia-el-velero-donde-murio-la-nieta-de-cris-morena\/\"},\"wordCount\":600,\"publisher\":{\"@id\":\"https:\/\/radioinfinitagoya.com.ar\/v1\/#organization\"},\"image\":{\"@id\":\"https:\/\/radioinfinitagoya.com.ar\/v1\/2025\/07\/31\/investigan-a-la-instructora-que-dirigia-el-velero-donde-murio-la-nieta-de-cris-morena\/#primaryimage\"},\"thumbnailUrl\":\"https:\/\/radioinfinitagoya.com.ar\/v1\/wp-content\/uploads\/2025\/07\/F0NvwhcP.jpg\",\"articleSection\":[\"INFORMACI\u00d3N GENERAL\"],\"inLanguage\":\"es-AR\"},{\"@type\":\"WebPage\",\"@id\":\"https:\/\/radioinfinitagoya.com.ar\/v1\/2025\/07\/31\/investigan-a-la-instructora-que-dirigia-el-velero-donde-murio-la-nieta-de-cris-morena\/\",\"url\":\"https:\/\/radioinfinitagoya.com.ar\/v1\/2025\/07\/31\/investigan-a-la-instructora-que-dirigia-el-velero-donde-murio-la-nieta-de-cris-morena\/\",\"name\":\"Investigan a la instructora que dirig\u00eda el velero donde muri\u00f3 la nieta de Cris Morena - Radio Infinita Goya\",\"isPartOf\":{\"@id\":\"https:\/\/radioinfinitagoya.com.ar\/v1\/#website\"},\"primaryImageOfPage\":{\"@id\":\"https:\/\/radioinfinitagoya.com.ar\/v1\/2025\/07\/31\/investigan-a-la-instructora-que-dirigia-el-velero-donde-murio-la-nieta-de-cris-morena\/#primaryimage\"},\"image\":{\"@id\":\"https:\/\/radioinfinitagoya.com.ar\/v1\/2025\/07\/31\/investigan-a-la-instructora-que-dirigia-el-velero-donde-murio-la-nieta-de-cris-morena\/#primaryimage\"},\"thumbnailUrl\":\"https:\/\/radioinfinitagoya.com.ar\/v1\/wp-content\/uploads\/2025\/07\/F0NvwhcP.jpg\",\"datePublished\":\"2025-07-31T19:40:06+00:00\",\"description\":\"\\\"Podr\u00edan presentar demandas\\\" El objetivo es determinar si el veh\u00edculo cumpl\u00eda con todos los protocolos de seguridad requeridos. En el accidente murieron\",\"breadcrumb\":{\"@id\":\"https:\/\/radioinfinitagoya.com.ar\/v1\/2025\/07\/31\/investigan-a-la-instructora-que-dirigia-el-velero-donde-murio-la-nieta-de-cris-morena\/#breadcrumb\"},\"inLanguage\":\"es-AR\",\"potentialAction\":[{\"@type\":\"ReadAction\",\"target\":[\"https:\/\/radioinfinitagoya.com.ar\/v1\/2025\/07\/31\/investigan-a-la-instructora-que-dirigia-el-velero-donde-murio-la-nieta-de-cris-morena\/\"]}]},{\"@type\":\"ImageObject\",\"inLanguage\":\"es-AR\",\"@id\":\"https:\/\/radioinfinitagoya.com.ar\/v1\/2025\/07\/31\/investigan-a-la-instructora-que-dirigia-el-velero-donde-murio-la-nieta-de-cris-morena\/#primaryimage\",\"url\":\"https:\/\/radioinfinitagoya.com.ar\/v1\/wp-content\/uploads\/2025\/07\/F0NvwhcP.jpg\",\"contentUrl\":\"https:\/\/radioinfinitagoya.com.ar\/v1\/wp-content\/uploads\/2025\/07\/F0NvwhcP.jpg\",\"width\":680,\"height\":383},{\"@type\":\"BreadcrumbList\",\"@id\":\"https:\/\/radioinfinitagoya.com.ar\/v1\/2025\/07\/31\/investigan-a-la-instructora-que-dirigia-el-velero-donde-murio-la-nieta-de-cris-morena\/#breadcrumb\",\"itemListElement\":[{\"@type\":\"ListItem\",\"position\":1,\"name\":\"Inicio\",\"item\":\"https:\/\/radioinfinitagoya.com.ar\/v1\/\"},{\"@type\":\"ListItem\",\"position\":2,\"name\":\"Investigan a la instructora que dirig\u00eda el velero donde muri\u00f3 la nieta de Cris Morena\"}]},{\"@type\":\"WebSite\",\"@id\":\"https:\/\/radioinfinitagoya.com.ar\/v1\/#website\",\"url\":\"https:\/\/radioinfinitagoya.com.ar\/v1\/\",\"name\":\"radioinfinitagoya.com.ar\",\"description\":\"Radio de noticias\",\"publisher\":{\"@id\":\"https:\/\/radioinfinitagoya.com.ar\/v1\/#organization\"},\"potentialAction\":[{\"@type\":\"SearchAction\",\"target\":{\"@type\":\"EntryPoint\",\"urlTemplate\":\"https:\/\/radioinfinitagoya.com.ar\/v1\/?s={search_term_string}\"},\"query-input\":{\"@type\":\"PropertyValueSpecification\",\"valueRequired\":true,\"valueName\":\"search_term_string\"}}],\"inLanguage\":\"es-AR\"},{\"@type\":\"Organization\",\"@id\":\"https:\/\/radioinfinitagoya.com.ar\/v1\/#organization\",\"name\":\"Radio Infinita Goya\",\"url\":\"https:\/\/radioinfinitagoya.com.ar\/v1\/\",\"logo\":{\"@type\":\"ImageObject\",\"inLanguage\":\"es-AR\",\"@id\":\"https:\/\/radioinfinitagoya.com.ar\/v1\/#\/schema\/logo\/image\/\",\"url\":\"https:\/\/radioinfinitagoya.com.ar\/v1\/wp-content\/uploads\/2019\/11\/logo-pie-web.png\",\"contentUrl\":\"https:\/\/radioinfinitagoya.com.ar\/v1\/wp-content\/uploads\/2019\/11\/logo-pie-web.png\",\"width\":635,\"height\":326,\"caption\":\"Radio Infinita Goya\"},\"image\":{\"@id\":\"https:\/\/radioinfinitagoya.com.ar\/v1\/#\/schema\/logo\/image\/\"},\"sameAs\":[\"https:\/\/www.facebook.com\/p\/Infinita-Goya-100063870918311\/\"]},{\"@type\":\"Person\",\"@id\":\"https:\/\/radioinfinitagoya.com.ar\/v1\/#\/schema\/person\/d4cf9c413d4f6edb24aabdccab49ca4a\",\"name\":\"Jorge Mi\u00f1o\",\"image\":{\"@type\":\"ImageObject\",\"inLanguage\":\"es-AR\",\"@id\":\"https:\/\/secure.gravatar.com\/avatar\/910fcf6728fe95320e07a6643c1581fec1c7fc4bf8ae12e3d8f0d0373dc844be?s=96&d=mm&r=g\",\"url\":\"https:\/\/secure.gravatar.com\/avatar\/910fcf6728fe95320e07a6643c1581fec1c7fc4bf8ae12e3d8f0d0373dc844be?s=96&d=mm&r=g\",\"contentUrl\":\"https:\/\/secure.gravatar.com\/avatar\/910fcf6728fe95320e07a6643c1581fec1c7fc4bf8ae12e3d8f0d0373dc844be?s=96&d=mm&r=g\",\"caption\":\"Jorge Mi\u00f1o\"},\"sameAs\":[\"http:\/\/radioinfinitagoya.com.ar\"]}]}<\/script>\n<!-- \/ Yoast SEO plugin. -->","yoast_head_json":{"title":"Investigan a la instructora que dirig\u00eda el velero donde muri\u00f3 la nieta de Cris Morena - Radio Infinita Goya","description":"\"Podr\u00edan presentar demandas\" El objetivo es determinar si el veh\u00edculo cumpl\u00eda con todos los protocolos de seguridad requeridos. En el accidente murieron","robots":{"index":"index","follow":"follow","max-snippet":"max-snippet:-1","max-image-preview":"max-image-preview:large","max-video-preview":"max-video-preview:-1"},"canonical":"https:\/\/radioinfinitagoya.com.ar\/v1\/2025\/07\/31\/investigan-a-la-instructora-que-dirigia-el-velero-donde-murio-la-nieta-de-cris-morena\/","og_locale":"es_ES","og_type":"article","og_title":"Investigan a la instructora que dirig\u00eda el velero donde muri\u00f3 la nieta de Cris Morena - Radio Infinita Goya","og_description":"\"Podr\u00edan presentar demandas\" El objetivo es determinar si el veh\u00edculo cumpl\u00eda con todos los protocolos de seguridad requeridos. En el accidente murieron","og_url":"https:\/\/radioinfinitagoya.com.ar\/v1\/2025\/07\/31\/investigan-a-la-instructora-que-dirigia-el-velero-donde-murio-la-nieta-de-cris-morena\/","og_site_name":"Radio Infinita Goya","article_publisher":"https:\/\/www.facebook.com\/p\/Infinita-Goya-100063870918311\/","article_published_time":"2025-07-31T19:40:06+00:00","og_image":[{"width":680,"height":383,"url":"https:\/\/radioinfinitagoya.com.ar\/v1\/wp-content\/uploads\/2025\/07\/F0NvwhcP.jpg","type":"image\/jpeg"}],"author":"Jorge Mi\u00f1o","twitter_card":"summary_large_image","twitter_misc":{"Escrito por":"Jorge Mi\u00f1o","Tiempo de lectura":"3 minutos"},"schema":{"@context":"https:\/\/schema.org","@graph":[{"@type":"Article","@id":"https:\/\/radioinfinitagoya.com.ar\/v1\/2025\/07\/31\/investigan-a-la-instructora-que-dirigia-el-velero-donde-murio-la-nieta-de-cris-morena\/#article","isPartOf":{"@id":"https:\/\/radioinfinitagoya.com.ar\/v1\/2025\/07\/31\/investigan-a-la-instructora-que-dirigia-el-velero-donde-murio-la-nieta-de-cris-morena\/"},"author":{"name":"Jorge Mi\u00f1o","@id":"https:\/\/radioinfinitagoya.com.ar\/v1\/#\/schema\/person\/d4cf9c413d4f6edb24aabdccab49ca4a"},"headline":"Investigan a la instructora que dirig\u00eda el velero donde muri\u00f3 la nieta de Cris Morena","datePublished":"2025-07-31T19:40:06+00:00","mainEntityOfPage":{"@id":"https:\/\/radioinfinitagoya.com.ar\/v1\/2025\/07\/31\/investigan-a-la-instructora-que-dirigia-el-velero-donde-murio-la-nieta-de-cris-morena\/"},"wordCount":600,"publisher":{"@id":"https:\/\/radioinfinitagoya.com.ar\/v1\/#organization"},"image":{"@id":"https:\/\/radioinfinitagoya.com.ar\/v1\/2025\/07\/31\/investigan-a-la-instructora-que-dirigia-el-velero-donde-murio-la-nieta-de-cris-morena\/#primaryimage"},"thumbnailUrl":"https:\/\/radioinfinitagoya.com.ar\/v1\/wp-content\/uploads\/2025\/07\/F0NvwhcP.jpg","articleSection":["INFORMACI\u00d3N GENERAL"],"inLanguage":"es-AR"},{"@type":"WebPage","@id":"https:\/\/radioinfinitagoya.com.ar\/v1\/2025\/07\/31\/investigan-a-la-instructora-que-dirigia-el-velero-donde-murio-la-nieta-de-cris-morena\/","url":"https:\/\/radioinfinitagoya.com.ar\/v1\/2025\/07\/31\/investigan-a-la-instructora-que-dirigia-el-velero-donde-murio-la-nieta-de-cris-morena\/","name":"Investigan a la instructora que dirig\u00eda el velero donde muri\u00f3 la nieta de Cris Morena - Radio Infinita Goya","isPartOf":{"@id":"https:\/\/radioinfinitagoya.com.ar\/v1\/#website"},"primaryImageOfPage":{"@id":"https:\/\/radioinfinitagoya.com.ar\/v1\/2025\/07\/31\/investigan-a-la-instructora-que-dirigia-el-velero-donde-murio-la-nieta-de-cris-morena\/#primaryimage"},"image":{"@id":"https:\/\/radioinfinitagoya.com.ar\/v1\/2025\/07\/31\/investigan-a-la-instructora-que-dirigia-el-velero-donde-murio-la-nieta-de-cris-morena\/#primaryimage"},"thumbnailUrl":"https:\/\/radioinfinitagoya.com.ar\/v1\/wp-content\/uploads\/2025\/07\/F0NvwhcP.jpg","datePublished":"2025-07-31T19:40:06+00:00","description":"\"Podr\u00edan presentar demandas\" El objetivo es determinar si el veh\u00edculo cumpl\u00eda con todos los protocolos de seguridad requeridos. En el accidente murieron","breadcrumb":{"@id":"https:\/\/radioinfinitagoya.com.ar\/v1\/2025\/07\/31\/investigan-a-la-instructora-que-dirigia-el-velero-donde-murio-la-nieta-de-cris-morena\/#breadcrumb"},"inLanguage":"es-AR","potentialAction":[{"@type":"ReadAction","target":["https:\/\/radioinfinitagoya.com.ar\/v1\/2025\/07\/31\/investigan-a-la-instructora-que-dirigia-el-velero-donde-murio-la-nieta-de-cris-morena\/"]}]},{"@type":"ImageObject","inLanguage":"es-AR","@id":"https:\/\/radioinfinitagoya.com.ar\/v1\/2025\/07\/31\/investigan-a-la-instructora-que-dirigia-el-velero-donde-murio-la-nieta-de-cris-morena\/#primaryimage","url":"https:\/\/radioinfinitagoya.com.ar\/v1\/wp-content\/uploads\/2025\/07\/F0NvwhcP.jpg","contentUrl":"https:\/\/radioinfinitagoya.com.ar\/v1\/wp-content\/uploads\/2025\/07\/F0NvwhcP.jpg","width":680,"height":383},{"@type":"BreadcrumbList","@id":"https:\/\/radioinfinitagoya.com.ar\/v1\/2025\/07\/31\/investigan-a-la-instructora-que-dirigia-el-velero-donde-murio-la-nieta-de-cris-morena\/#breadcrumb","itemListElement":[{"@type":"ListItem","position":1,"name":"Inicio","item":"https:\/\/radioinfinitagoya.com.ar\/v1\/"},{"@type":"ListItem","position":2,"name":"Investigan a la instructora que dirig\u00eda el velero donde muri\u00f3 la nieta de Cris Morena"}]},{"@type":"WebSite","@id":"https:\/\/radioinfinitagoya.com.ar\/v1\/#website","url":"https:\/\/radioinfinitagoya.com.ar\/v1\/","name":"radioinfinitagoya.com.ar","description":"Radio de noticias","publisher":{"@id":"https:\/\/radioinfinitagoya.com.ar\/v1\/#organization"},"potentialAction":[{"@type":"SearchAction","target":{"@type":"EntryPoint","urlTemplate":"https:\/\/radioinfinitagoya.com.ar\/v1\/?s={search_term_string}"},"query-input":{"@type":"PropertyValueSpecification","valueRequired":true,"valueName":"search_term_string"}}],"inLanguage":"es-AR"},{"@type":"Organization","@id":"https:\/\/radioinfinitagoya.com.ar\/v1\/#organization","name":"Radio Infinita Goya","url":"https:\/\/radioinfinitagoya.com.ar\/v1\/","logo":{"@type":"ImageObject","inLanguage":"es-AR","@id":"https:\/\/radioinfinitagoya.com.ar\/v1\/#\/schema\/logo\/image\/","url":"https:\/\/radioinfinitagoya.com.ar\/v1\/wp-content\/uploads\/2019\/11\/logo-pie-web.png","contentUrl":"https:\/\/radioinfinitagoya.com.ar\/v1\/wp-content\/uploads\/2019\/11\/logo-pie-web.png","width":635,"height":326,"caption":"Radio Infinita Goya"},"image":{"@id":"https:\/\/radioinfinitagoya.com.ar\/v1\/#\/schema\/logo\/image\/"},"sameAs":["https:\/\/www.facebook.com\/p\/Infinita-Goya-100063870918311\/"]},{"@type":"Person","@id":"https:\/\/radioinfinitagoya.com.ar\/v1\/#\/schema\/person\/d4cf9c413d4f6edb24aabdccab49ca4a","name":"Jorge Mi\u00f1o","image":{"@type":"ImageObject","inLanguage":"es-AR","@id":"https:\/\/secure.gravatar.com\/avatar\/910fcf6728fe95320e07a6643c1581fec1c7fc4bf8ae12e3d8f0d0373dc844be?s=96&d=mm&r=g","url":"https:\/\/secure.gravatar.com\/avatar\/910fcf6728fe95320e07a6643c1581fec1c7fc4bf8ae12e3d8f0d0373dc844be?s=96&d=mm&r=g","contentUrl":"https:\/\/secure.gravatar.com\/avatar\/910fcf6728fe95320e07a6643c1581fec1c7fc4bf8ae12e3d8f0d0373dc844be?s=96&d=mm&r=g","caption":"Jorge Mi\u00f1o"},"sameAs":["http:\/\/radioinfinitagoya.com.ar"]}]}},"_links":{"self":[{"href":"https:\/\/radioinfinitagoya.com.ar\/v1\/wp-json\/wp\/v2\/posts\/193669","targetHints":{"allow":["GET"]}}],"collection":[{"href":"https:\/\/radioinfinitagoya.com.ar\/v1\/wp-json\/wp\/v2\/posts"}],"about":[{"href":"https:\/\/radioinfinitagoya.com.ar\/v1\/wp-json\/wp\/v2\/types\/post"}],"author":[{"embeddable":true,"href":"https:\/\/radioinfinitagoya.com.ar\/v1\/wp-json\/wp\/v2\/users\/4"}],"replies":[{"embeddable":true,"href":"https:\/\/radioinfinitagoya.com.ar\/v1\/wp-json\/wp\/v2\/comments?post=193669"}],"version-history":[{"count":0,"href":"https:\/\/radioinfinitagoya.com.ar\/v1\/wp-json\/wp\/v2\/posts\/193669\/revisions"}],"wp:featuredmedia":[{"embeddable":true,"href":"https:\/\/radioinfinitagoya.com.ar\/v1\/wp-json\/wp\/v2\/media\/193670"}],"wp:attachment":[{"href":"https:\/\/radioinfinitagoya.com.ar\/v1\/wp-json\/wp\/v2\/media?parent=193669"}],"wp:term":[{"taxonomy":"category","embeddable":true,"href":"https:\/\/radioinfinitagoya.com.ar\/v1\/wp-json\/wp\/v2\/categories?post=193669"},{"taxonomy":"post_tag","embeddable":true,"href":"https:\/\/radioinfinitagoya.com.ar\/v1\/wp-json\/wp\/v2\/tags?post=193669"}],"curies":[{"name":"wp","href":"https:\/\/api.w.org\/{rel}","templated":true}]}}