{"id":193777,"date":"2025-08-03T18:22:59","date_gmt":"2025-08-03T21:22:59","guid":{"rendered":"https:\/\/radioinfinitagoya.com.ar\/v1\/?p=193777"},"modified":"2025-08-03T18:22:59","modified_gmt":"2025-08-03T21:22:59","slug":"un-hombre-esta-grave-tras-el-choque-entre-una-moto-y-un-camion","status":"publish","type":"post","link":"https:\/\/radioinfinitagoya.com.ar\/v1\/2025\/08\/03\/un-hombre-esta-grave-tras-el-choque-entre-una-moto-y-un-camion\/","title":{"rendered":"Un hombre est\u00e1 grave tras el choque entre una moto y un cami\u00f3n"},"content":{"rendered":"<p>Quien dirig\u00eda el rodado de menor porte tuvo que ser trasladado al servicio de emergencias del Hospital Escuela de Capital.<\/p>\n<p>La Polic\u00eda de Corrientes inform\u00f3 que el s\u00e1bado se produjo un choque entre una motocicleta y un cami\u00f3n sobre Ruta Nacional 12. Como resultado de la colisi\u00f3n, el motociclista resulto con heridas de gravedad.<\/p>\n<p>El incidente ocurri\u00f3 durante la ma\u00f1ana del s\u00e1bado en inmediaciones del kil\u00f3metro 1033 de RN 12. A\u00fan se investigan las circunstancias en que un cami\u00f3n marca Iveco, manejado por un hombre de 47 a\u00f1os, y una motocicleta marca Honda, dirigida por un hombre de 52, colisionaron.<\/p>\n<p>Tras el llamado al sistema de emergencia, efectivos de la Comisar\u00eda IX Urbana se presentaron en el lugar, donde se constat\u00f3 que el motociclista sufri\u00f3 graves heridas por el impacto, por tal motivo fue traslado al servicio de urgencias del Hospital Escuela \u201cJos\u00e9 de San Mart\u00edn\u201d, de la ciudad Capital.<\/p>\n<p>En el lugar de los hechos se llevaron a cabo las diligencias del caso, tomando intervenci\u00f3n la Unidad Fiscal en turno, en tanto que en la citada dependencia se contin\u00faan con los tr\u00e1mites correspondientes.<\/p>\n","protected":false},"excerpt":{"rendered":"<p>Quien dirig\u00eda el rodado de menor porte tuvo que ser trasladado al servicio de emergencias del Hospital Escuela de Capital. La Polic\u00eda de Corrientes inform\u00f3 que el s\u00e1bado se produjo un choque entre una motocicleta y un cami\u00f3n sobre Ruta Nacional 12. Como resultado de la colisi\u00f3n, el motociclista resulto con heridas de gravedad. El [&hellip;]<\/p>\n","protected":false},"author":4,"featured_media":193778,"comment_status":"closed","ping_status":"closed","sticky":false,"template":"","format":"standard","meta":{"_joinchat":[],"footnotes":""},"categories":[26],"tags":[],"class_list":{"0":"post-193777","1":"post","2":"type-post","3":"status-publish","4":"format-standard","5":"has-post-thumbnail","7":"category-provinciales"},"yoast_head":"<!-- This site is optimized with the Yoast SEO plugin v27.2 - https:\/\/yoast.com\/product\/yoast-seo-wordpress\/ -->\n<title>Un hombre est\u00e1 grave tras el choque entre una moto y un cami\u00f3n - Radio Infinita Goya<\/title>\n<meta name=\"description\" content=\"Quien dirig\u00eda el rodado de menor porte tuvo que ser trasladado al servicio de emergencias del Hospital Escuela de Capital. La Polic\u00eda de Corrientes\" \/>\n<meta name=\"robots\" content=\"index, follow, max-snippet:-1, max-image-preview:large, max-video-preview:-1\" \/>\n<link rel=\"canonical\" href=\"https:\/\/radioinfinitagoya.com.ar\/v1\/2025\/08\/03\/un-hombre-esta-grave-tras-el-choque-entre-una-moto-y-un-camion\/\" \/>\n<meta property=\"og:locale\" content=\"es_ES\" \/>\n<meta property=\"og:type\" content=\"article\" \/>\n<meta property=\"og:title\" content=\"Un hombre est\u00e1 grave tras el choque entre una moto y un cami\u00f3n - Radio Infinita Goya\" \/>\n<meta property=\"og:description\" content=\"Quien dirig\u00eda el rodado de menor porte tuvo que ser trasladado al servicio de emergencias del Hospital Escuela de Capital. La Polic\u00eda de Corrientes\" \/>\n<meta property=\"og:url\" content=\"https:\/\/radioinfinitagoya.com.ar\/v1\/2025\/08\/03\/un-hombre-esta-grave-tras-el-choque-entre-una-moto-y-un-camion\/\" \/>\n<meta property=\"og:site_name\" content=\"Radio Infinita Goya\" \/>\n<meta property=\"article:publisher\" content=\"https:\/\/www.facebook.com\/p\/Infinita-Goya-100063870918311\/\" \/>\n<meta property=\"article:published_time\" content=\"2025-08-03T21:22:59+00:00\" \/>\n<meta property=\"og:image\" content=\"https:\/\/radioinfinitagoya.com.ar\/v1\/wp-content\/uploads\/2025\/08\/1754220518622.webp\" \/>\n\t<meta property=\"og:image:width\" content=\"1200\" \/>\n\t<meta property=\"og:image:height\" content=\"675\" \/>\n\t<meta property=\"og:image:type\" content=\"image\/webp\" \/>\n<meta name=\"author\" content=\"Jorge Mi\u00f1o\" \/>\n<meta name=\"twitter:card\" content=\"summary_large_image\" \/>\n<meta name=\"twitter:label1\" content=\"Escrito por\" \/>\n\t<meta name=\"twitter:data1\" content=\"Jorge Mi\u00f1o\" \/>\n\t<meta name=\"twitter:label2\" content=\"Tiempo de lectura\" \/>\n\t<meta name=\"twitter:data2\" content=\"2 minutos\" \/>\n<script type=\"application\/ld+json\" class=\"yoast-schema-graph\">{\"@context\":\"https:\/\/schema.org\",\"@graph\":[{\"@type\":\"Article\",\"@id\":\"https:\/\/radioinfinitagoya.com.ar\/v1\/2025\/08\/03\/un-hombre-esta-grave-tras-el-choque-entre-una-moto-y-un-camion\/#article\",\"isPartOf\":{\"@id\":\"https:\/\/radioinfinitagoya.com.ar\/v1\/2025\/08\/03\/un-hombre-esta-grave-tras-el-choque-entre-una-moto-y-un-camion\/\"},\"author\":{\"name\":\"Jorge Mi\u00f1o\",\"@id\":\"https:\/\/radioinfinitagoya.com.ar\/v1\/#\/schema\/person\/d4cf9c413d4f6edb24aabdccab49ca4a\"},\"headline\":\"Un hombre est\u00e1 grave tras el choque entre una moto y un cami\u00f3n\",\"datePublished\":\"2025-08-03T21:22:59+00:00\",\"mainEntityOfPage\":{\"@id\":\"https:\/\/radioinfinitagoya.com.ar\/v1\/2025\/08\/03\/un-hombre-esta-grave-tras-el-choque-entre-una-moto-y-un-camion\/\"},\"wordCount\":209,\"publisher\":{\"@id\":\"https:\/\/radioinfinitagoya.com.ar\/v1\/#organization\"},\"image\":{\"@id\":\"https:\/\/radioinfinitagoya.com.ar\/v1\/2025\/08\/03\/un-hombre-esta-grave-tras-el-choque-entre-una-moto-y-un-camion\/#primaryimage\"},\"thumbnailUrl\":\"https:\/\/radioinfinitagoya.com.ar\/v1\/wp-content\/uploads\/2025\/08\/1754220518622.webp\",\"articleSection\":[\"PROVINCIALES\"],\"inLanguage\":\"es-AR\"},{\"@type\":\"WebPage\",\"@id\":\"https:\/\/radioinfinitagoya.com.ar\/v1\/2025\/08\/03\/un-hombre-esta-grave-tras-el-choque-entre-una-moto-y-un-camion\/\",\"url\":\"https:\/\/radioinfinitagoya.com.ar\/v1\/2025\/08\/03\/un-hombre-esta-grave-tras-el-choque-entre-una-moto-y-un-camion\/\",\"name\":\"Un hombre est\u00e1 grave tras el choque entre una moto y un cami\u00f3n - Radio Infinita Goya\",\"isPartOf\":{\"@id\":\"https:\/\/radioinfinitagoya.com.ar\/v1\/#website\"},\"primaryImageOfPage\":{\"@id\":\"https:\/\/radioinfinitagoya.com.ar\/v1\/2025\/08\/03\/un-hombre-esta-grave-tras-el-choque-entre-una-moto-y-un-camion\/#primaryimage\"},\"image\":{\"@id\":\"https:\/\/radioinfinitagoya.com.ar\/v1\/2025\/08\/03\/un-hombre-esta-grave-tras-el-choque-entre-una-moto-y-un-camion\/#primaryimage\"},\"thumbnailUrl\":\"https:\/\/radioinfinitagoya.com.ar\/v1\/wp-content\/uploads\/2025\/08\/1754220518622.webp\",\"datePublished\":\"2025-08-03T21:22:59+00:00\",\"description\":\"Quien dirig\u00eda el rodado de menor porte tuvo que ser trasladado al servicio de emergencias del Hospital Escuela de Capital. La Polic\u00eda de Corrientes\",\"breadcrumb\":{\"@id\":\"https:\/\/radioinfinitagoya.com.ar\/v1\/2025\/08\/03\/un-hombre-esta-grave-tras-el-choque-entre-una-moto-y-un-camion\/#breadcrumb\"},\"inLanguage\":\"es-AR\",\"potentialAction\":[{\"@type\":\"ReadAction\",\"target\":[\"https:\/\/radioinfinitagoya.com.ar\/v1\/2025\/08\/03\/un-hombre-esta-grave-tras-el-choque-entre-una-moto-y-un-camion\/\"]}]},{\"@type\":\"ImageObject\",\"inLanguage\":\"es-AR\",\"@id\":\"https:\/\/radioinfinitagoya.com.ar\/v1\/2025\/08\/03\/un-hombre-esta-grave-tras-el-choque-entre-una-moto-y-un-camion\/#primaryimage\",\"url\":\"https:\/\/radioinfinitagoya.com.ar\/v1\/wp-content\/uploads\/2025\/08\/1754220518622.webp\",\"contentUrl\":\"https:\/\/radioinfinitagoya.com.ar\/v1\/wp-content\/uploads\/2025\/08\/1754220518622.webp\",\"width\":1200,\"height\":675},{\"@type\":\"BreadcrumbList\",\"@id\":\"https:\/\/radioinfinitagoya.com.ar\/v1\/2025\/08\/03\/un-hombre-esta-grave-tras-el-choque-entre-una-moto-y-un-camion\/#breadcrumb\",\"itemListElement\":[{\"@type\":\"ListItem\",\"position\":1,\"name\":\"Inicio\",\"item\":\"https:\/\/radioinfinitagoya.com.ar\/v1\/\"},{\"@type\":\"ListItem\",\"position\":2,\"name\":\"Un hombre est\u00e1 grave tras el choque entre una moto y un cami\u00f3n\"}]},{\"@type\":\"WebSite\",\"@id\":\"https:\/\/radioinfinitagoya.com.ar\/v1\/#website\",\"url\":\"https:\/\/radioinfinitagoya.com.ar\/v1\/\",\"name\":\"radioinfinitagoya.com.ar\",\"description\":\"Radio de noticias\",\"publisher\":{\"@id\":\"https:\/\/radioinfinitagoya.com.ar\/v1\/#organization\"},\"potentialAction\":[{\"@type\":\"SearchAction\",\"target\":{\"@type\":\"EntryPoint\",\"urlTemplate\":\"https:\/\/radioinfinitagoya.com.ar\/v1\/?s={search_term_string}\"},\"query-input\":{\"@type\":\"PropertyValueSpecification\",\"valueRequired\":true,\"valueName\":\"search_term_string\"}}],\"inLanguage\":\"es-AR\"},{\"@type\":\"Organization\",\"@id\":\"https:\/\/radioinfinitagoya.com.ar\/v1\/#organization\",\"name\":\"Radio Infinita Goya\",\"url\":\"https:\/\/radioinfinitagoya.com.ar\/v1\/\",\"logo\":{\"@type\":\"ImageObject\",\"inLanguage\":\"es-AR\",\"@id\":\"https:\/\/radioinfinitagoya.com.ar\/v1\/#\/schema\/logo\/image\/\",\"url\":\"https:\/\/radioinfinitagoya.com.ar\/v1\/wp-content\/uploads\/2019\/11\/logo-pie-web.png\",\"contentUrl\":\"https:\/\/radioinfinitagoya.com.ar\/v1\/wp-content\/uploads\/2019\/11\/logo-pie-web.png\",\"width\":635,\"height\":326,\"caption\":\"Radio Infinita Goya\"},\"image\":{\"@id\":\"https:\/\/radioinfinitagoya.com.ar\/v1\/#\/schema\/logo\/image\/\"},\"sameAs\":[\"https:\/\/www.facebook.com\/p\/Infinita-Goya-100063870918311\/\"]},{\"@type\":\"Person\",\"@id\":\"https:\/\/radioinfinitagoya.com.ar\/v1\/#\/schema\/person\/d4cf9c413d4f6edb24aabdccab49ca4a\",\"name\":\"Jorge Mi\u00f1o\",\"image\":{\"@type\":\"ImageObject\",\"inLanguage\":\"es-AR\",\"@id\":\"https:\/\/secure.gravatar.com\/avatar\/910fcf6728fe95320e07a6643c1581fec1c7fc4bf8ae12e3d8f0d0373dc844be?s=96&d=mm&r=g\",\"url\":\"https:\/\/secure.gravatar.com\/avatar\/910fcf6728fe95320e07a6643c1581fec1c7fc4bf8ae12e3d8f0d0373dc844be?s=96&d=mm&r=g\",\"contentUrl\":\"https:\/\/secure.gravatar.com\/avatar\/910fcf6728fe95320e07a6643c1581fec1c7fc4bf8ae12e3d8f0d0373dc844be?s=96&d=mm&r=g\",\"caption\":\"Jorge Mi\u00f1o\"},\"sameAs\":[\"http:\/\/radioinfinitagoya.com.ar\"]}]}<\/script>\n<!-- \/ Yoast SEO plugin. -->","yoast_head_json":{"title":"Un hombre est\u00e1 grave tras el choque entre una moto y un cami\u00f3n - Radio Infinita Goya","description":"Quien dirig\u00eda el rodado de menor porte tuvo que ser trasladado al servicio de emergencias del Hospital Escuela de Capital. La Polic\u00eda de Corrientes","robots":{"index":"index","follow":"follow","max-snippet":"max-snippet:-1","max-image-preview":"max-image-preview:large","max-video-preview":"max-video-preview:-1"},"canonical":"https:\/\/radioinfinitagoya.com.ar\/v1\/2025\/08\/03\/un-hombre-esta-grave-tras-el-choque-entre-una-moto-y-un-camion\/","og_locale":"es_ES","og_type":"article","og_title":"Un hombre est\u00e1 grave tras el choque entre una moto y un cami\u00f3n - Radio Infinita Goya","og_description":"Quien dirig\u00eda el rodado de menor porte tuvo que ser trasladado al servicio de emergencias del Hospital Escuela de Capital. La Polic\u00eda de Corrientes","og_url":"https:\/\/radioinfinitagoya.com.ar\/v1\/2025\/08\/03\/un-hombre-esta-grave-tras-el-choque-entre-una-moto-y-un-camion\/","og_site_name":"Radio Infinita Goya","article_publisher":"https:\/\/www.facebook.com\/p\/Infinita-Goya-100063870918311\/","article_published_time":"2025-08-03T21:22:59+00:00","og_image":[{"width":1200,"height":675,"url":"https:\/\/radioinfinitagoya.com.ar\/v1\/wp-content\/uploads\/2025\/08\/1754220518622.webp","type":"image\/webp"}],"author":"Jorge Mi\u00f1o","twitter_card":"summary_large_image","twitter_misc":{"Escrito por":"Jorge Mi\u00f1o","Tiempo de lectura":"2 minutos"},"schema":{"@context":"https:\/\/schema.org","@graph":[{"@type":"Article","@id":"https:\/\/radioinfinitagoya.com.ar\/v1\/2025\/08\/03\/un-hombre-esta-grave-tras-el-choque-entre-una-moto-y-un-camion\/#article","isPartOf":{"@id":"https:\/\/radioinfinitagoya.com.ar\/v1\/2025\/08\/03\/un-hombre-esta-grave-tras-el-choque-entre-una-moto-y-un-camion\/"},"author":{"name":"Jorge Mi\u00f1o","@id":"https:\/\/radioinfinitagoya.com.ar\/v1\/#\/schema\/person\/d4cf9c413d4f6edb24aabdccab49ca4a"},"headline":"Un hombre est\u00e1 grave tras el choque entre una moto y un cami\u00f3n","datePublished":"2025-08-03T21:22:59+00:00","mainEntityOfPage":{"@id":"https:\/\/radioinfinitagoya.com.ar\/v1\/2025\/08\/03\/un-hombre-esta-grave-tras-el-choque-entre-una-moto-y-un-camion\/"},"wordCount":209,"publisher":{"@id":"https:\/\/radioinfinitagoya.com.ar\/v1\/#organization"},"image":{"@id":"https:\/\/radioinfinitagoya.com.ar\/v1\/2025\/08\/03\/un-hombre-esta-grave-tras-el-choque-entre-una-moto-y-un-camion\/#primaryimage"},"thumbnailUrl":"https:\/\/radioinfinitagoya.com.ar\/v1\/wp-content\/uploads\/2025\/08\/1754220518622.webp","articleSection":["PROVINCIALES"],"inLanguage":"es-AR"},{"@type":"WebPage","@id":"https:\/\/radioinfinitagoya.com.ar\/v1\/2025\/08\/03\/un-hombre-esta-grave-tras-el-choque-entre-una-moto-y-un-camion\/","url":"https:\/\/radioinfinitagoya.com.ar\/v1\/2025\/08\/03\/un-hombre-esta-grave-tras-el-choque-entre-una-moto-y-un-camion\/","name":"Un hombre est\u00e1 grave tras el choque entre una moto y un cami\u00f3n - Radio Infinita Goya","isPartOf":{"@id":"https:\/\/radioinfinitagoya.com.ar\/v1\/#website"},"primaryImageOfPage":{"@id":"https:\/\/radioinfinitagoya.com.ar\/v1\/2025\/08\/03\/un-hombre-esta-grave-tras-el-choque-entre-una-moto-y-un-camion\/#primaryimage"},"image":{"@id":"https:\/\/radioinfinitagoya.com.ar\/v1\/2025\/08\/03\/un-hombre-esta-grave-tras-el-choque-entre-una-moto-y-un-camion\/#primaryimage"},"thumbnailUrl":"https:\/\/radioinfinitagoya.com.ar\/v1\/wp-content\/uploads\/2025\/08\/1754220518622.webp","datePublished":"2025-08-03T21:22:59+00:00","description":"Quien dirig\u00eda el rodado de menor porte tuvo que ser trasladado al servicio de emergencias del Hospital Escuela de Capital. La Polic\u00eda de Corrientes","breadcrumb":{"@id":"https:\/\/radioinfinitagoya.com.ar\/v1\/2025\/08\/03\/un-hombre-esta-grave-tras-el-choque-entre-una-moto-y-un-camion\/#breadcrumb"},"inLanguage":"es-AR","potentialAction":[{"@type":"ReadAction","target":["https:\/\/radioinfinitagoya.com.ar\/v1\/2025\/08\/03\/un-hombre-esta-grave-tras-el-choque-entre-una-moto-y-un-camion\/"]}]},{"@type":"ImageObject","inLanguage":"es-AR","@id":"https:\/\/radioinfinitagoya.com.ar\/v1\/2025\/08\/03\/un-hombre-esta-grave-tras-el-choque-entre-una-moto-y-un-camion\/#primaryimage","url":"https:\/\/radioinfinitagoya.com.ar\/v1\/wp-content\/uploads\/2025\/08\/1754220518622.webp","contentUrl":"https:\/\/radioinfinitagoya.com.ar\/v1\/wp-content\/uploads\/2025\/08\/1754220518622.webp","width":1200,"height":675},{"@type":"BreadcrumbList","@id":"https:\/\/radioinfinitagoya.com.ar\/v1\/2025\/08\/03\/un-hombre-esta-grave-tras-el-choque-entre-una-moto-y-un-camion\/#breadcrumb","itemListElement":[{"@type":"ListItem","position":1,"name":"Inicio","item":"https:\/\/radioinfinitagoya.com.ar\/v1\/"},{"@type":"ListItem","position":2,"name":"Un hombre est\u00e1 grave tras el choque entre una moto y un cami\u00f3n"}]},{"@type":"WebSite","@id":"https:\/\/radioinfinitagoya.com.ar\/v1\/#website","url":"https:\/\/radioinfinitagoya.com.ar\/v1\/","name":"radioinfinitagoya.com.ar","description":"Radio de noticias","publisher":{"@id":"https:\/\/radioinfinitagoya.com.ar\/v1\/#organization"},"potentialAction":[{"@type":"SearchAction","target":{"@type":"EntryPoint","urlTemplate":"https:\/\/radioinfinitagoya.com.ar\/v1\/?s={search_term_string}"},"query-input":{"@type":"PropertyValueSpecification","valueRequired":true,"valueName":"search_term_string"}}],"inLanguage":"es-AR"},{"@type":"Organization","@id":"https:\/\/radioinfinitagoya.com.ar\/v1\/#organization","name":"Radio Infinita Goya","url":"https:\/\/radioinfinitagoya.com.ar\/v1\/","logo":{"@type":"ImageObject","inLanguage":"es-AR","@id":"https:\/\/radioinfinitagoya.com.ar\/v1\/#\/schema\/logo\/image\/","url":"https:\/\/radioinfinitagoya.com.ar\/v1\/wp-content\/uploads\/2019\/11\/logo-pie-web.png","contentUrl":"https:\/\/radioinfinitagoya.com.ar\/v1\/wp-content\/uploads\/2019\/11\/logo-pie-web.png","width":635,"height":326,"caption":"Radio Infinita Goya"},"image":{"@id":"https:\/\/radioinfinitagoya.com.ar\/v1\/#\/schema\/logo\/image\/"},"sameAs":["https:\/\/www.facebook.com\/p\/Infinita-Goya-100063870918311\/"]},{"@type":"Person","@id":"https:\/\/radioinfinitagoya.com.ar\/v1\/#\/schema\/person\/d4cf9c413d4f6edb24aabdccab49ca4a","name":"Jorge Mi\u00f1o","image":{"@type":"ImageObject","inLanguage":"es-AR","@id":"https:\/\/secure.gravatar.com\/avatar\/910fcf6728fe95320e07a6643c1581fec1c7fc4bf8ae12e3d8f0d0373dc844be?s=96&d=mm&r=g","url":"https:\/\/secure.gravatar.com\/avatar\/910fcf6728fe95320e07a6643c1581fec1c7fc4bf8ae12e3d8f0d0373dc844be?s=96&d=mm&r=g","contentUrl":"https:\/\/secure.gravatar.com\/avatar\/910fcf6728fe95320e07a6643c1581fec1c7fc4bf8ae12e3d8f0d0373dc844be?s=96&d=mm&r=g","caption":"Jorge Mi\u00f1o"},"sameAs":["http:\/\/radioinfinitagoya.com.ar"]}]}},"_links":{"self":[{"href":"https:\/\/radioinfinitagoya.com.ar\/v1\/wp-json\/wp\/v2\/posts\/193777","targetHints":{"allow":["GET"]}}],"collection":[{"href":"https:\/\/radioinfinitagoya.com.ar\/v1\/wp-json\/wp\/v2\/posts"}],"about":[{"href":"https:\/\/radioinfinitagoya.com.ar\/v1\/wp-json\/wp\/v2\/types\/post"}],"author":[{"embeddable":true,"href":"https:\/\/radioinfinitagoya.com.ar\/v1\/wp-json\/wp\/v2\/users\/4"}],"replies":[{"embeddable":true,"href":"https:\/\/radioinfinitagoya.com.ar\/v1\/wp-json\/wp\/v2\/comments?post=193777"}],"version-history":[{"count":0,"href":"https:\/\/radioinfinitagoya.com.ar\/v1\/wp-json\/wp\/v2\/posts\/193777\/revisions"}],"wp:featuredmedia":[{"embeddable":true,"href":"https:\/\/radioinfinitagoya.com.ar\/v1\/wp-json\/wp\/v2\/media\/193778"}],"wp:attachment":[{"href":"https:\/\/radioinfinitagoya.com.ar\/v1\/wp-json\/wp\/v2\/media?parent=193777"}],"wp:term":[{"taxonomy":"category","embeddable":true,"href":"https:\/\/radioinfinitagoya.com.ar\/v1\/wp-json\/wp\/v2\/categories?post=193777"},{"taxonomy":"post_tag","embeddable":true,"href":"https:\/\/radioinfinitagoya.com.ar\/v1\/wp-json\/wp\/v2\/tags?post=193777"}],"curies":[{"name":"wp","href":"https:\/\/api.w.org\/{rel}","templated":true}]}}