{"id":194037,"date":"2025-08-08T16:06:52","date_gmt":"2025-08-08T19:06:52","guid":{"rendered":"https:\/\/radioinfinitagoya.com.ar\/v1\/?p=194037"},"modified":"2025-08-08T16:06:52","modified_gmt":"2025-08-08T19:06:52","slug":"la-victima-no-mintio-la-fiscalia-pidio-20-anos-de-prision-para-el-exmarido-de-prandi","status":"publish","type":"post","link":"https:\/\/radioinfinitagoya.com.ar\/v1\/2025\/08\/08\/la-victima-no-mintio-la-fiscalia-pidio-20-anos-de-prision-para-el-exmarido-de-prandi\/","title":{"rendered":"&#8220;La v\u00edctima no minti\u00f3&#8221;: la fiscal\u00eda pidi\u00f3 20 a\u00f1os de prisi\u00f3n para el exmarido de Prandi"},"content":{"rendered":"<p>El fiscal Christian Fabio hizo un duro alegato.<\/p>\n<p>&#8220;Julieta, la v\u00edctima, no minti\u00f3\u201d, sostuvo el fiscal Chistian Fabio y pidi\u00f3 una pena de 20 a\u00f1os de prisi\u00f3n para Claudio Contardi, el exmarido de la actriz y conductora Julieta Prandi.<\/p>\n<p>&#8220;Espero que se pronuncien con veredicto de culpabilidad. No queda dudas para la fiscal\u00eda de su participaci\u00f3n en los hechos aberrantes y sostenido por cada una del resto de las pruebas que trajimos a esta sala. Por ello, solicito que al momento de decidir se pronuncien por un veredicto condenatorio, 20 a\u00f1os de prisi\u00f3n por ser autor responsable penal del delito de abuso sexual con acceso carnal, agravado por causar un grave da\u00f1o mental a la v\u00edctima\u201d, sostuvo el fiscal ante el Tribunal Oral en lo Criminal (TOC) N\u00b02 de Z\u00e1rate-Campana, a cargo del debate.<\/p>\n<p>\u201cSe\u00f1ores jueces, para esta fiscal\u00eda no qued\u00f3 ninguna duda: qued\u00f3 debidamente demostrado que por el a\u00f1o 2015, posterior al 28 de julio, hasta marzo de 2018, fecha en que se mudan a Mart\u00ednez, el se\u00f1or Contardi en oportunidad de estar en pareja con Prandi, durmiendo en la habitaci\u00f3n del domicilio conyugal del barrio privado Septiembre, en Escobar, en horas de la noche abus\u00f3 sexualmente, en reiteradas oportunidades, ejerciendo amenazas violencia f\u00edsica tom\u00e1ndola del cuello y del cabello por detr\u00e1s y accediendo a ella carnalmente, ejerciendo violencia psicol\u00f3gica diciendo que era su obligaci\u00f3n tener relaciones sexual es por ser su mujer estando en una relaci\u00f3n asim\u00e9trica de poder&#8221;, dijo el representante del Ministerio P\u00fablico al iniciar su duro alegato.<\/p>\n<p>Para el fiscal Fabio, se acredit\u00f3 la violencia f\u00edsica, econ\u00f3mica y psicol\u00f3gica que declar\u00f3 Prandi.<\/p>\n<p>\u201cJulieta estaba en un grado de vulnerabilidad tal que era aprovechado por su pareja. Julieta puso en palabras en esta audiencia [cuando declar\u00f3 como testigo] todos los episodios de la manera en la que pudo. En cinco palabras: su vida fue un infierno\u201d, sostuvo Fabio.<\/p>\n<p>\u201cSe\u00f1ores jueces, tengo que se\u00f1alar que estos dichos de Julieta no son hu\u00e9rfanos. Todos sabemos en el mundo del derecho lo que ocurri\u00f3 en la clandestinidad, dentro cuatro paredes, solo presencia de la v\u00edctima y el victimario es un caso de testigo \u00fanico\u201d, agreg\u00f3 el representante del Ministerio P\u00fablico.<\/p>\n<p>El fiscal Fabio tambi\u00e9n hizo referencia a los que dijeron los testigos que declararon en las dos audiencias del juicio.<\/p>\n<p>&#8220;Los testigos afectivos de cargo, cercanos a Julieta. Como el se\u00f1or Eduardo Prandi, padre de Julieta, quien m\u00e1s all\u00e1 de contar las circunstancias de convivencia en su familia, nos dijo algo claro y gr\u00e1fico: la perd\u00ed a mi hija por un tiempo. Nos pudo hacer conocer de alguna manera los rasgos de personalidad del acusado. No contamos con una pericia psicol\u00f3gica del acusado, porque se neg\u00f3 a hacerla. Pero lo que cont\u00f3 Eduardo Prandi muestra el grado de agresividad de Contardi contra terceras personas.<\/p>\n<p>Sobre la declaraci\u00f3n del acusado, el fiscal afirm\u00f3: \u201cPor \u00faltimo, trat\u00f3 en su relato de referirse a una situaci\u00f3n patrimonial, un despojo econ\u00f3mico, que de ninguna manera tiene que ver con los dichos incriminante de su persona. Denota la falta de sustento f\u00e1ctico, y no pudo confrontar sus dichos con otro medio de prueba. El mismo decidi\u00f3 no someterse a la prueba pericial.<\/p>\n<p>Al solicitar la pena de 20 a\u00f1os de c\u00e1rcel, Fabio valor\u00f3 como agravante la duraci\u00f3n en el tiempo de los abusos, el grave da\u00f1o a la salud psicof\u00edsica que perdura al d\u00eda de hoy&#8221;, por hechos vejatorios y por extender ese da\u00f1o a sus hijos. Y pidi\u00f3 \u201cla detenci\u00f3n inmediata\u201d de Contardi.<\/p>\n","protected":false},"excerpt":{"rendered":"<p>El fiscal Christian Fabio hizo un duro alegato. &#8220;Julieta, la v\u00edctima, no minti\u00f3\u201d, sostuvo el fiscal Chistian Fabio y pidi\u00f3 una pena de 20 a\u00f1os de prisi\u00f3n para Claudio Contardi, el exmarido de la actriz y conductora Julieta Prandi. &#8220;Espero que se pronuncien con veredicto de culpabilidad. No queda dudas para la fiscal\u00eda de su [&hellip;]<\/p>\n","protected":false},"author":4,"featured_media":194038,"comment_status":"closed","ping_status":"closed","sticky":false,"template":"","format":"standard","meta":{"_joinchat":[],"footnotes":""},"categories":[31],"tags":[],"class_list":{"0":"post-194037","1":"post","2":"type-post","3":"status-publish","4":"format-standard","5":"has-post-thumbnail","7":"category-informacion-general"},"yoast_head":"<!-- This site is optimized with the Yoast SEO plugin v27.2 - https:\/\/yoast.com\/product\/yoast-seo-wordpress\/ -->\n<title>&quot;La v\u00edctima no minti\u00f3&quot;: la fiscal\u00eda pidi\u00f3 20 a\u00f1os de prisi\u00f3n para el exmarido de Prandi - Radio Infinita Goya<\/title>\n<meta name=\"description\" content=\"El fiscal Christian Fabio hizo un duro alegato. &quot;Julieta, la v\u00edctima, no minti\u00f3\u201d, sostuvo el fiscal Chistian Fabio y pidi\u00f3 una pena de 20 a\u00f1os de prisi\u00f3n\" \/>\n<meta name=\"robots\" content=\"index, follow, max-snippet:-1, max-image-preview:large, max-video-preview:-1\" \/>\n<link rel=\"canonical\" href=\"https:\/\/radioinfinitagoya.com.ar\/v1\/2025\/08\/08\/la-victima-no-mintio-la-fiscalia-pidio-20-anos-de-prision-para-el-exmarido-de-prandi\/\" \/>\n<meta property=\"og:locale\" content=\"es_ES\" \/>\n<meta property=\"og:type\" content=\"article\" \/>\n<meta property=\"og:title\" content=\"&quot;La v\u00edctima no minti\u00f3&quot;: la fiscal\u00eda pidi\u00f3 20 a\u00f1os de prisi\u00f3n para el exmarido de Prandi - Radio Infinita Goya\" \/>\n<meta property=\"og:description\" content=\"El fiscal Christian Fabio hizo un duro alegato. &quot;Julieta, la v\u00edctima, no minti\u00f3\u201d, sostuvo el fiscal Chistian Fabio y pidi\u00f3 una pena de 20 a\u00f1os de prisi\u00f3n\" \/>\n<meta property=\"og:url\" content=\"https:\/\/radioinfinitagoya.com.ar\/v1\/2025\/08\/08\/la-victima-no-mintio-la-fiscalia-pidio-20-anos-de-prision-para-el-exmarido-de-prandi\/\" \/>\n<meta property=\"og:site_name\" content=\"Radio Infinita Goya\" \/>\n<meta property=\"article:publisher\" content=\"https:\/\/www.facebook.com\/p\/Infinita-Goya-100063870918311\/\" \/>\n<meta property=\"article:published_time\" content=\"2025-08-08T19:06:52+00:00\" \/>\n<meta property=\"og:image\" content=\"https:\/\/radioinfinitagoya.com.ar\/v1\/wp-content\/uploads\/2025\/08\/9HmLV2WK.jpg\" \/>\n\t<meta property=\"og:image:width\" content=\"680\" \/>\n\t<meta property=\"og:image:height\" content=\"381\" \/>\n\t<meta property=\"og:image:type\" content=\"image\/jpeg\" \/>\n<meta name=\"author\" content=\"Jorge Mi\u00f1o\" \/>\n<meta name=\"twitter:card\" content=\"summary_large_image\" \/>\n<meta name=\"twitter:label1\" content=\"Escrito por\" \/>\n\t<meta name=\"twitter:data1\" content=\"Jorge Mi\u00f1o\" \/>\n\t<meta name=\"twitter:label2\" content=\"Tiempo de lectura\" \/>\n\t<meta name=\"twitter:data2\" content=\"3 minutos\" \/>\n<script type=\"application\/ld+json\" class=\"yoast-schema-graph\">{\"@context\":\"https:\/\/schema.org\",\"@graph\":[{\"@type\":\"Article\",\"@id\":\"https:\/\/radioinfinitagoya.com.ar\/v1\/2025\/08\/08\/la-victima-no-mintio-la-fiscalia-pidio-20-anos-de-prision-para-el-exmarido-de-prandi\/#article\",\"isPartOf\":{\"@id\":\"https:\/\/radioinfinitagoya.com.ar\/v1\/2025\/08\/08\/la-victima-no-mintio-la-fiscalia-pidio-20-anos-de-prision-para-el-exmarido-de-prandi\/\"},\"author\":{\"name\":\"Jorge Mi\u00f1o\",\"@id\":\"https:\/\/radioinfinitagoya.com.ar\/v1\/#\/schema\/person\/d4cf9c413d4f6edb24aabdccab49ca4a\"},\"headline\":\"&#8220;La v\u00edctima no minti\u00f3&#8221;: la fiscal\u00eda pidi\u00f3 20 a\u00f1os de prisi\u00f3n para el exmarido de Prandi\",\"datePublished\":\"2025-08-08T19:06:52+00:00\",\"mainEntityOfPage\":{\"@id\":\"https:\/\/radioinfinitagoya.com.ar\/v1\/2025\/08\/08\/la-victima-no-mintio-la-fiscalia-pidio-20-anos-de-prision-para-el-exmarido-de-prandi\/\"},\"wordCount\":642,\"publisher\":{\"@id\":\"https:\/\/radioinfinitagoya.com.ar\/v1\/#organization\"},\"image\":{\"@id\":\"https:\/\/radioinfinitagoya.com.ar\/v1\/2025\/08\/08\/la-victima-no-mintio-la-fiscalia-pidio-20-anos-de-prision-para-el-exmarido-de-prandi\/#primaryimage\"},\"thumbnailUrl\":\"https:\/\/radioinfinitagoya.com.ar\/v1\/wp-content\/uploads\/2025\/08\/9HmLV2WK.jpg\",\"articleSection\":[\"INFORMACI\u00d3N GENERAL\"],\"inLanguage\":\"es-AR\"},{\"@type\":\"WebPage\",\"@id\":\"https:\/\/radioinfinitagoya.com.ar\/v1\/2025\/08\/08\/la-victima-no-mintio-la-fiscalia-pidio-20-anos-de-prision-para-el-exmarido-de-prandi\/\",\"url\":\"https:\/\/radioinfinitagoya.com.ar\/v1\/2025\/08\/08\/la-victima-no-mintio-la-fiscalia-pidio-20-anos-de-prision-para-el-exmarido-de-prandi\/\",\"name\":\"\\\"La v\u00edctima no minti\u00f3\\\": la fiscal\u00eda pidi\u00f3 20 a\u00f1os de prisi\u00f3n para el exmarido de Prandi - Radio Infinita Goya\",\"isPartOf\":{\"@id\":\"https:\/\/radioinfinitagoya.com.ar\/v1\/#website\"},\"primaryImageOfPage\":{\"@id\":\"https:\/\/radioinfinitagoya.com.ar\/v1\/2025\/08\/08\/la-victima-no-mintio-la-fiscalia-pidio-20-anos-de-prision-para-el-exmarido-de-prandi\/#primaryimage\"},\"image\":{\"@id\":\"https:\/\/radioinfinitagoya.com.ar\/v1\/2025\/08\/08\/la-victima-no-mintio-la-fiscalia-pidio-20-anos-de-prision-para-el-exmarido-de-prandi\/#primaryimage\"},\"thumbnailUrl\":\"https:\/\/radioinfinitagoya.com.ar\/v1\/wp-content\/uploads\/2025\/08\/9HmLV2WK.jpg\",\"datePublished\":\"2025-08-08T19:06:52+00:00\",\"description\":\"El fiscal Christian Fabio hizo un duro alegato. \\\"Julieta, la v\u00edctima, no minti\u00f3\u201d, sostuvo el fiscal Chistian Fabio y pidi\u00f3 una pena de 20 a\u00f1os de prisi\u00f3n\",\"breadcrumb\":{\"@id\":\"https:\/\/radioinfinitagoya.com.ar\/v1\/2025\/08\/08\/la-victima-no-mintio-la-fiscalia-pidio-20-anos-de-prision-para-el-exmarido-de-prandi\/#breadcrumb\"},\"inLanguage\":\"es-AR\",\"potentialAction\":[{\"@type\":\"ReadAction\",\"target\":[\"https:\/\/radioinfinitagoya.com.ar\/v1\/2025\/08\/08\/la-victima-no-mintio-la-fiscalia-pidio-20-anos-de-prision-para-el-exmarido-de-prandi\/\"]}]},{\"@type\":\"ImageObject\",\"inLanguage\":\"es-AR\",\"@id\":\"https:\/\/radioinfinitagoya.com.ar\/v1\/2025\/08\/08\/la-victima-no-mintio-la-fiscalia-pidio-20-anos-de-prision-para-el-exmarido-de-prandi\/#primaryimage\",\"url\":\"https:\/\/radioinfinitagoya.com.ar\/v1\/wp-content\/uploads\/2025\/08\/9HmLV2WK.jpg\",\"contentUrl\":\"https:\/\/radioinfinitagoya.com.ar\/v1\/wp-content\/uploads\/2025\/08\/9HmLV2WK.jpg\",\"width\":680,\"height\":381},{\"@type\":\"BreadcrumbList\",\"@id\":\"https:\/\/radioinfinitagoya.com.ar\/v1\/2025\/08\/08\/la-victima-no-mintio-la-fiscalia-pidio-20-anos-de-prision-para-el-exmarido-de-prandi\/#breadcrumb\",\"itemListElement\":[{\"@type\":\"ListItem\",\"position\":1,\"name\":\"Inicio\",\"item\":\"https:\/\/radioinfinitagoya.com.ar\/v1\/\"},{\"@type\":\"ListItem\",\"position\":2,\"name\":\"&#8220;La v\u00edctima no minti\u00f3&#8221;: la fiscal\u00eda pidi\u00f3 20 a\u00f1os de prisi\u00f3n para el exmarido de Prandi\"}]},{\"@type\":\"WebSite\",\"@id\":\"https:\/\/radioinfinitagoya.com.ar\/v1\/#website\",\"url\":\"https:\/\/radioinfinitagoya.com.ar\/v1\/\",\"name\":\"radioinfinitagoya.com.ar\",\"description\":\"Radio de noticias\",\"publisher\":{\"@id\":\"https:\/\/radioinfinitagoya.com.ar\/v1\/#organization\"},\"potentialAction\":[{\"@type\":\"SearchAction\",\"target\":{\"@type\":\"EntryPoint\",\"urlTemplate\":\"https:\/\/radioinfinitagoya.com.ar\/v1\/?s={search_term_string}\"},\"query-input\":{\"@type\":\"PropertyValueSpecification\",\"valueRequired\":true,\"valueName\":\"search_term_string\"}}],\"inLanguage\":\"es-AR\"},{\"@type\":\"Organization\",\"@id\":\"https:\/\/radioinfinitagoya.com.ar\/v1\/#organization\",\"name\":\"Radio Infinita Goya\",\"url\":\"https:\/\/radioinfinitagoya.com.ar\/v1\/\",\"logo\":{\"@type\":\"ImageObject\",\"inLanguage\":\"es-AR\",\"@id\":\"https:\/\/radioinfinitagoya.com.ar\/v1\/#\/schema\/logo\/image\/\",\"url\":\"https:\/\/radioinfinitagoya.com.ar\/v1\/wp-content\/uploads\/2019\/11\/logo-pie-web.png\",\"contentUrl\":\"https:\/\/radioinfinitagoya.com.ar\/v1\/wp-content\/uploads\/2019\/11\/logo-pie-web.png\",\"width\":635,\"height\":326,\"caption\":\"Radio Infinita Goya\"},\"image\":{\"@id\":\"https:\/\/radioinfinitagoya.com.ar\/v1\/#\/schema\/logo\/image\/\"},\"sameAs\":[\"https:\/\/www.facebook.com\/p\/Infinita-Goya-100063870918311\/\"]},{\"@type\":\"Person\",\"@id\":\"https:\/\/radioinfinitagoya.com.ar\/v1\/#\/schema\/person\/d4cf9c413d4f6edb24aabdccab49ca4a\",\"name\":\"Jorge Mi\u00f1o\",\"image\":{\"@type\":\"ImageObject\",\"inLanguage\":\"es-AR\",\"@id\":\"https:\/\/secure.gravatar.com\/avatar\/910fcf6728fe95320e07a6643c1581fec1c7fc4bf8ae12e3d8f0d0373dc844be?s=96&d=mm&r=g\",\"url\":\"https:\/\/secure.gravatar.com\/avatar\/910fcf6728fe95320e07a6643c1581fec1c7fc4bf8ae12e3d8f0d0373dc844be?s=96&d=mm&r=g\",\"contentUrl\":\"https:\/\/secure.gravatar.com\/avatar\/910fcf6728fe95320e07a6643c1581fec1c7fc4bf8ae12e3d8f0d0373dc844be?s=96&d=mm&r=g\",\"caption\":\"Jorge Mi\u00f1o\"},\"sameAs\":[\"http:\/\/radioinfinitagoya.com.ar\"]}]}<\/script>\n<!-- \/ Yoast SEO plugin. -->","yoast_head_json":{"title":"\"La v\u00edctima no minti\u00f3\": la fiscal\u00eda pidi\u00f3 20 a\u00f1os de prisi\u00f3n para el exmarido de Prandi - Radio Infinita Goya","description":"El fiscal Christian Fabio hizo un duro alegato. \"Julieta, la v\u00edctima, no minti\u00f3\u201d, sostuvo el fiscal Chistian Fabio y pidi\u00f3 una pena de 20 a\u00f1os de prisi\u00f3n","robots":{"index":"index","follow":"follow","max-snippet":"max-snippet:-1","max-image-preview":"max-image-preview:large","max-video-preview":"max-video-preview:-1"},"canonical":"https:\/\/radioinfinitagoya.com.ar\/v1\/2025\/08\/08\/la-victima-no-mintio-la-fiscalia-pidio-20-anos-de-prision-para-el-exmarido-de-prandi\/","og_locale":"es_ES","og_type":"article","og_title":"\"La v\u00edctima no minti\u00f3\": la fiscal\u00eda pidi\u00f3 20 a\u00f1os de prisi\u00f3n para el exmarido de Prandi - Radio Infinita Goya","og_description":"El fiscal Christian Fabio hizo un duro alegato. \"Julieta, la v\u00edctima, no minti\u00f3\u201d, sostuvo el fiscal Chistian Fabio y pidi\u00f3 una pena de 20 a\u00f1os de prisi\u00f3n","og_url":"https:\/\/radioinfinitagoya.com.ar\/v1\/2025\/08\/08\/la-victima-no-mintio-la-fiscalia-pidio-20-anos-de-prision-para-el-exmarido-de-prandi\/","og_site_name":"Radio Infinita Goya","article_publisher":"https:\/\/www.facebook.com\/p\/Infinita-Goya-100063870918311\/","article_published_time":"2025-08-08T19:06:52+00:00","og_image":[{"width":680,"height":381,"url":"https:\/\/radioinfinitagoya.com.ar\/v1\/wp-content\/uploads\/2025\/08\/9HmLV2WK.jpg","type":"image\/jpeg"}],"author":"Jorge Mi\u00f1o","twitter_card":"summary_large_image","twitter_misc":{"Escrito por":"Jorge Mi\u00f1o","Tiempo de lectura":"3 minutos"},"schema":{"@context":"https:\/\/schema.org","@graph":[{"@type":"Article","@id":"https:\/\/radioinfinitagoya.com.ar\/v1\/2025\/08\/08\/la-victima-no-mintio-la-fiscalia-pidio-20-anos-de-prision-para-el-exmarido-de-prandi\/#article","isPartOf":{"@id":"https:\/\/radioinfinitagoya.com.ar\/v1\/2025\/08\/08\/la-victima-no-mintio-la-fiscalia-pidio-20-anos-de-prision-para-el-exmarido-de-prandi\/"},"author":{"name":"Jorge Mi\u00f1o","@id":"https:\/\/radioinfinitagoya.com.ar\/v1\/#\/schema\/person\/d4cf9c413d4f6edb24aabdccab49ca4a"},"headline":"&#8220;La v\u00edctima no minti\u00f3&#8221;: la fiscal\u00eda pidi\u00f3 20 a\u00f1os de prisi\u00f3n para el exmarido de Prandi","datePublished":"2025-08-08T19:06:52+00:00","mainEntityOfPage":{"@id":"https:\/\/radioinfinitagoya.com.ar\/v1\/2025\/08\/08\/la-victima-no-mintio-la-fiscalia-pidio-20-anos-de-prision-para-el-exmarido-de-prandi\/"},"wordCount":642,"publisher":{"@id":"https:\/\/radioinfinitagoya.com.ar\/v1\/#organization"},"image":{"@id":"https:\/\/radioinfinitagoya.com.ar\/v1\/2025\/08\/08\/la-victima-no-mintio-la-fiscalia-pidio-20-anos-de-prision-para-el-exmarido-de-prandi\/#primaryimage"},"thumbnailUrl":"https:\/\/radioinfinitagoya.com.ar\/v1\/wp-content\/uploads\/2025\/08\/9HmLV2WK.jpg","articleSection":["INFORMACI\u00d3N GENERAL"],"inLanguage":"es-AR"},{"@type":"WebPage","@id":"https:\/\/radioinfinitagoya.com.ar\/v1\/2025\/08\/08\/la-victima-no-mintio-la-fiscalia-pidio-20-anos-de-prision-para-el-exmarido-de-prandi\/","url":"https:\/\/radioinfinitagoya.com.ar\/v1\/2025\/08\/08\/la-victima-no-mintio-la-fiscalia-pidio-20-anos-de-prision-para-el-exmarido-de-prandi\/","name":"\"La v\u00edctima no minti\u00f3\": la fiscal\u00eda pidi\u00f3 20 a\u00f1os de prisi\u00f3n para el exmarido de Prandi - Radio Infinita Goya","isPartOf":{"@id":"https:\/\/radioinfinitagoya.com.ar\/v1\/#website"},"primaryImageOfPage":{"@id":"https:\/\/radioinfinitagoya.com.ar\/v1\/2025\/08\/08\/la-victima-no-mintio-la-fiscalia-pidio-20-anos-de-prision-para-el-exmarido-de-prandi\/#primaryimage"},"image":{"@id":"https:\/\/radioinfinitagoya.com.ar\/v1\/2025\/08\/08\/la-victima-no-mintio-la-fiscalia-pidio-20-anos-de-prision-para-el-exmarido-de-prandi\/#primaryimage"},"thumbnailUrl":"https:\/\/radioinfinitagoya.com.ar\/v1\/wp-content\/uploads\/2025\/08\/9HmLV2WK.jpg","datePublished":"2025-08-08T19:06:52+00:00","description":"El fiscal Christian Fabio hizo un duro alegato. \"Julieta, la v\u00edctima, no minti\u00f3\u201d, sostuvo el fiscal Chistian Fabio y pidi\u00f3 una pena de 20 a\u00f1os de prisi\u00f3n","breadcrumb":{"@id":"https:\/\/radioinfinitagoya.com.ar\/v1\/2025\/08\/08\/la-victima-no-mintio-la-fiscalia-pidio-20-anos-de-prision-para-el-exmarido-de-prandi\/#breadcrumb"},"inLanguage":"es-AR","potentialAction":[{"@type":"ReadAction","target":["https:\/\/radioinfinitagoya.com.ar\/v1\/2025\/08\/08\/la-victima-no-mintio-la-fiscalia-pidio-20-anos-de-prision-para-el-exmarido-de-prandi\/"]}]},{"@type":"ImageObject","inLanguage":"es-AR","@id":"https:\/\/radioinfinitagoya.com.ar\/v1\/2025\/08\/08\/la-victima-no-mintio-la-fiscalia-pidio-20-anos-de-prision-para-el-exmarido-de-prandi\/#primaryimage","url":"https:\/\/radioinfinitagoya.com.ar\/v1\/wp-content\/uploads\/2025\/08\/9HmLV2WK.jpg","contentUrl":"https:\/\/radioinfinitagoya.com.ar\/v1\/wp-content\/uploads\/2025\/08\/9HmLV2WK.jpg","width":680,"height":381},{"@type":"BreadcrumbList","@id":"https:\/\/radioinfinitagoya.com.ar\/v1\/2025\/08\/08\/la-victima-no-mintio-la-fiscalia-pidio-20-anos-de-prision-para-el-exmarido-de-prandi\/#breadcrumb","itemListElement":[{"@type":"ListItem","position":1,"name":"Inicio","item":"https:\/\/radioinfinitagoya.com.ar\/v1\/"},{"@type":"ListItem","position":2,"name":"&#8220;La v\u00edctima no minti\u00f3&#8221;: la fiscal\u00eda pidi\u00f3 20 a\u00f1os de prisi\u00f3n para el exmarido de Prandi"}]},{"@type":"WebSite","@id":"https:\/\/radioinfinitagoya.com.ar\/v1\/#website","url":"https:\/\/radioinfinitagoya.com.ar\/v1\/","name":"radioinfinitagoya.com.ar","description":"Radio de noticias","publisher":{"@id":"https:\/\/radioinfinitagoya.com.ar\/v1\/#organization"},"potentialAction":[{"@type":"SearchAction","target":{"@type":"EntryPoint","urlTemplate":"https:\/\/radioinfinitagoya.com.ar\/v1\/?s={search_term_string}"},"query-input":{"@type":"PropertyValueSpecification","valueRequired":true,"valueName":"search_term_string"}}],"inLanguage":"es-AR"},{"@type":"Organization","@id":"https:\/\/radioinfinitagoya.com.ar\/v1\/#organization","name":"Radio Infinita Goya","url":"https:\/\/radioinfinitagoya.com.ar\/v1\/","logo":{"@type":"ImageObject","inLanguage":"es-AR","@id":"https:\/\/radioinfinitagoya.com.ar\/v1\/#\/schema\/logo\/image\/","url":"https:\/\/radioinfinitagoya.com.ar\/v1\/wp-content\/uploads\/2019\/11\/logo-pie-web.png","contentUrl":"https:\/\/radioinfinitagoya.com.ar\/v1\/wp-content\/uploads\/2019\/11\/logo-pie-web.png","width":635,"height":326,"caption":"Radio Infinita Goya"},"image":{"@id":"https:\/\/radioinfinitagoya.com.ar\/v1\/#\/schema\/logo\/image\/"},"sameAs":["https:\/\/www.facebook.com\/p\/Infinita-Goya-100063870918311\/"]},{"@type":"Person","@id":"https:\/\/radioinfinitagoya.com.ar\/v1\/#\/schema\/person\/d4cf9c413d4f6edb24aabdccab49ca4a","name":"Jorge Mi\u00f1o","image":{"@type":"ImageObject","inLanguage":"es-AR","@id":"https:\/\/secure.gravatar.com\/avatar\/910fcf6728fe95320e07a6643c1581fec1c7fc4bf8ae12e3d8f0d0373dc844be?s=96&d=mm&r=g","url":"https:\/\/secure.gravatar.com\/avatar\/910fcf6728fe95320e07a6643c1581fec1c7fc4bf8ae12e3d8f0d0373dc844be?s=96&d=mm&r=g","contentUrl":"https:\/\/secure.gravatar.com\/avatar\/910fcf6728fe95320e07a6643c1581fec1c7fc4bf8ae12e3d8f0d0373dc844be?s=96&d=mm&r=g","caption":"Jorge Mi\u00f1o"},"sameAs":["http:\/\/radioinfinitagoya.com.ar"]}]}},"_links":{"self":[{"href":"https:\/\/radioinfinitagoya.com.ar\/v1\/wp-json\/wp\/v2\/posts\/194037","targetHints":{"allow":["GET"]}}],"collection":[{"href":"https:\/\/radioinfinitagoya.com.ar\/v1\/wp-json\/wp\/v2\/posts"}],"about":[{"href":"https:\/\/radioinfinitagoya.com.ar\/v1\/wp-json\/wp\/v2\/types\/post"}],"author":[{"embeddable":true,"href":"https:\/\/radioinfinitagoya.com.ar\/v1\/wp-json\/wp\/v2\/users\/4"}],"replies":[{"embeddable":true,"href":"https:\/\/radioinfinitagoya.com.ar\/v1\/wp-json\/wp\/v2\/comments?post=194037"}],"version-history":[{"count":0,"href":"https:\/\/radioinfinitagoya.com.ar\/v1\/wp-json\/wp\/v2\/posts\/194037\/revisions"}],"wp:featuredmedia":[{"embeddable":true,"href":"https:\/\/radioinfinitagoya.com.ar\/v1\/wp-json\/wp\/v2\/media\/194038"}],"wp:attachment":[{"href":"https:\/\/radioinfinitagoya.com.ar\/v1\/wp-json\/wp\/v2\/media?parent=194037"}],"wp:term":[{"taxonomy":"category","embeddable":true,"href":"https:\/\/radioinfinitagoya.com.ar\/v1\/wp-json\/wp\/v2\/categories?post=194037"},{"taxonomy":"post_tag","embeddable":true,"href":"https:\/\/radioinfinitagoya.com.ar\/v1\/wp-json\/wp\/v2\/tags?post=194037"}],"curies":[{"name":"wp","href":"https:\/\/api.w.org\/{rel}","templated":true}]}}