{"id":194323,"date":"2025-08-13T17:08:26","date_gmt":"2025-08-13T20:08:26","guid":{"rendered":"https:\/\/radioinfinitagoya.com.ar\/v1\/?p=194323"},"modified":"2025-08-13T17:08:26","modified_gmt":"2025-08-13T20:08:26","slug":"las-canastas-basicas-aumentaron-19-en-julio","status":"publish","type":"post","link":"https:\/\/radioinfinitagoya.com.ar\/v1\/2025\/08\/13\/las-canastas-basicas-aumentaron-19-en-julio\/","title":{"rendered":"Las canastas b\u00e1sicas aumentaron 1,9% en julio"},"content":{"rendered":"<p>Una familia necesit\u00f3 casi $1.150.000 para no ser pobre<\/p>\n<p>El aumento de las canastas se aceler\u00f3 por segundo mes al hilo, aunque el impacto de la suba del d\u00f3lar fue menor al esperado.<\/p>\n<p>El costo de las canastas b\u00e1sicas subi\u00f3 1,9% en julio, en l\u00ednea con la inflaci\u00f3n general. Se trat\u00f3 de la segunda aceleraci\u00f3n consecutiva, aunque el impacto del aumento del d\u00f3lar fue menor al esperado.<\/p>\n<p>Tanto la Canasta B\u00e1sica Total (CBT), que determina la l\u00ednea de pobreza, como la Canasta B\u00e1sica Alimentaria (CBA), que mide el umbral de indigencia, crecieron en la misma proporci\u00f3n. De este modo, una familia compuesta por dos adultos y dos ni\u00f1os necesit\u00f3 $1.149.353 para no ser considerada pobre y $515.405 para no ser indigente.<\/p>\n<p>La CBA se determina tomando en cuenta las necesidades nutricionales imprescindibles de un var\u00f3n adulto de entre 30 y 60 a\u00f1os, de actividad moderada. A su vez, se seleccionaron los alimentos y sus cantidades en funci\u00f3n de los h\u00e1bitos de consumo de la poblaci\u00f3n a partir de la informaci\u00f3n provista por la Encuesta Nacional de Gastos de los Hogares del INDEC.<\/p>\n<p>Asimismo, para determinar la CBT se ampl\u00eda la CBA mediante un coeficiente que mide la relaci\u00f3n entre los gastos alimentarios y los gastos totales observados en la poblaci\u00f3n de referencia.<\/p>\n<p>La inflaci\u00f3n se aceler\u00f3, pero se mantuvo debajo del 2%<br \/>\nVale recordar que durante el mes pasado, el tipo de cambio oficial tuvo un salto del 14%, en medio de un cambio en la pol\u00edtica monetaria que provoc\u00f3 mucha volatilidad en los mercados financieros. Aun as\u00ed, la aceleraci\u00f3n de la inflaci\u00f3n general fue acotada, desde el 1,6% al 1,9%.<\/p>\n<p>Buena parte de la suba de precios estuvo atada a factores estacionales, como las vacaciones de invierno, el cobro del aguinaldo y ajustes en verduras.<\/p>\n","protected":false},"excerpt":{"rendered":"<p>Una familia necesit\u00f3 casi $1.150.000 para no ser pobre El aumento de las canastas se aceler\u00f3 por segundo mes al hilo, aunque el impacto de la suba del d\u00f3lar fue menor al esperado. El costo de las canastas b\u00e1sicas subi\u00f3 1,9% en julio, en l\u00ednea con la inflaci\u00f3n general. Se trat\u00f3 de la segunda aceleraci\u00f3n [&hellip;]<\/p>\n","protected":false},"author":4,"featured_media":194324,"comment_status":"closed","ping_status":"closed","sticky":false,"template":"","format":"standard","meta":{"_joinchat":[],"footnotes":""},"categories":[25],"tags":[],"class_list":{"0":"post-194323","1":"post","2":"type-post","3":"status-publish","4":"format-standard","5":"has-post-thumbnail","7":"category-destacados"},"yoast_head":"<!-- This site is optimized with the Yoast SEO plugin v27.2 - https:\/\/yoast.com\/product\/yoast-seo-wordpress\/ -->\n<title>Las canastas b\u00e1sicas aumentaron 1,9% en julio - Radio Infinita Goya<\/title>\n<meta name=\"description\" content=\"Una familia necesit\u00f3 casi $1.150.000 para no ser pobre El aumento de las canastas se aceler\u00f3 por segundo mes al hilo, aunque el impacto de la suba del\" \/>\n<meta name=\"robots\" content=\"index, follow, max-snippet:-1, max-image-preview:large, max-video-preview:-1\" \/>\n<link rel=\"canonical\" href=\"https:\/\/radioinfinitagoya.com.ar\/v1\/2025\/08\/13\/las-canastas-basicas-aumentaron-19-en-julio\/\" \/>\n<meta property=\"og:locale\" content=\"es_ES\" \/>\n<meta property=\"og:type\" content=\"article\" \/>\n<meta property=\"og:title\" content=\"Las canastas b\u00e1sicas aumentaron 1,9% en julio - Radio Infinita Goya\" \/>\n<meta property=\"og:description\" content=\"Una familia necesit\u00f3 casi $1.150.000 para no ser pobre El aumento de las canastas se aceler\u00f3 por segundo mes al hilo, aunque el impacto de la suba del\" \/>\n<meta property=\"og:url\" content=\"https:\/\/radioinfinitagoya.com.ar\/v1\/2025\/08\/13\/las-canastas-basicas-aumentaron-19-en-julio\/\" \/>\n<meta property=\"og:site_name\" content=\"Radio Infinita Goya\" \/>\n<meta property=\"article:publisher\" content=\"https:\/\/www.facebook.com\/p\/Infinita-Goya-100063870918311\/\" \/>\n<meta property=\"article:published_time\" content=\"2025-08-13T20:08:26+00:00\" \/>\n<meta property=\"og:image\" content=\"https:\/\/radioinfinitagoya.com.ar\/v1\/wp-content\/uploads\/2025\/08\/inflacion-consumo-supermercados-precios.webp\" \/>\n\t<meta property=\"og:image:width\" content=\"655\" \/>\n\t<meta property=\"og:image:height\" content=\"368\" \/>\n\t<meta property=\"og:image:type\" content=\"image\/webp\" \/>\n<meta name=\"author\" content=\"Jorge Mi\u00f1o\" \/>\n<meta name=\"twitter:card\" content=\"summary_large_image\" \/>\n<meta name=\"twitter:label1\" content=\"Escrito por\" \/>\n\t<meta name=\"twitter:data1\" content=\"Jorge Mi\u00f1o\" \/>\n\t<meta name=\"twitter:label2\" content=\"Tiempo de lectura\" \/>\n\t<meta name=\"twitter:data2\" content=\"2 minutos\" \/>\n<script type=\"application\/ld+json\" class=\"yoast-schema-graph\">{\"@context\":\"https:\/\/schema.org\",\"@graph\":[{\"@type\":\"Article\",\"@id\":\"https:\/\/radioinfinitagoya.com.ar\/v1\/2025\/08\/13\/las-canastas-basicas-aumentaron-19-en-julio\/#article\",\"isPartOf\":{\"@id\":\"https:\/\/radioinfinitagoya.com.ar\/v1\/2025\/08\/13\/las-canastas-basicas-aumentaron-19-en-julio\/\"},\"author\":{\"name\":\"Jorge Mi\u00f1o\",\"@id\":\"https:\/\/radioinfinitagoya.com.ar\/v1\/#\/schema\/person\/d4cf9c413d4f6edb24aabdccab49ca4a\"},\"headline\":\"Las canastas b\u00e1sicas aumentaron 1,9% en julio\",\"datePublished\":\"2025-08-13T20:08:26+00:00\",\"mainEntityOfPage\":{\"@id\":\"https:\/\/radioinfinitagoya.com.ar\/v1\/2025\/08\/13\/las-canastas-basicas-aumentaron-19-en-julio\/\"},\"wordCount\":317,\"publisher\":{\"@id\":\"https:\/\/radioinfinitagoya.com.ar\/v1\/#organization\"},\"image\":{\"@id\":\"https:\/\/radioinfinitagoya.com.ar\/v1\/2025\/08\/13\/las-canastas-basicas-aumentaron-19-en-julio\/#primaryimage\"},\"thumbnailUrl\":\"https:\/\/radioinfinitagoya.com.ar\/v1\/wp-content\/uploads\/2025\/08\/inflacion-consumo-supermercados-precios.webp\",\"articleSection\":[\"DESTACADOS\"],\"inLanguage\":\"es-AR\"},{\"@type\":\"WebPage\",\"@id\":\"https:\/\/radioinfinitagoya.com.ar\/v1\/2025\/08\/13\/las-canastas-basicas-aumentaron-19-en-julio\/\",\"url\":\"https:\/\/radioinfinitagoya.com.ar\/v1\/2025\/08\/13\/las-canastas-basicas-aumentaron-19-en-julio\/\",\"name\":\"Las canastas b\u00e1sicas aumentaron 1,9% en julio - Radio Infinita Goya\",\"isPartOf\":{\"@id\":\"https:\/\/radioinfinitagoya.com.ar\/v1\/#website\"},\"primaryImageOfPage\":{\"@id\":\"https:\/\/radioinfinitagoya.com.ar\/v1\/2025\/08\/13\/las-canastas-basicas-aumentaron-19-en-julio\/#primaryimage\"},\"image\":{\"@id\":\"https:\/\/radioinfinitagoya.com.ar\/v1\/2025\/08\/13\/las-canastas-basicas-aumentaron-19-en-julio\/#primaryimage\"},\"thumbnailUrl\":\"https:\/\/radioinfinitagoya.com.ar\/v1\/wp-content\/uploads\/2025\/08\/inflacion-consumo-supermercados-precios.webp\",\"datePublished\":\"2025-08-13T20:08:26+00:00\",\"description\":\"Una familia necesit\u00f3 casi $1.150.000 para no ser pobre El aumento de las canastas se aceler\u00f3 por segundo mes al hilo, aunque el impacto de la suba del\",\"breadcrumb\":{\"@id\":\"https:\/\/radioinfinitagoya.com.ar\/v1\/2025\/08\/13\/las-canastas-basicas-aumentaron-19-en-julio\/#breadcrumb\"},\"inLanguage\":\"es-AR\",\"potentialAction\":[{\"@type\":\"ReadAction\",\"target\":[\"https:\/\/radioinfinitagoya.com.ar\/v1\/2025\/08\/13\/las-canastas-basicas-aumentaron-19-en-julio\/\"]}]},{\"@type\":\"ImageObject\",\"inLanguage\":\"es-AR\",\"@id\":\"https:\/\/radioinfinitagoya.com.ar\/v1\/2025\/08\/13\/las-canastas-basicas-aumentaron-19-en-julio\/#primaryimage\",\"url\":\"https:\/\/radioinfinitagoya.com.ar\/v1\/wp-content\/uploads\/2025\/08\/inflacion-consumo-supermercados-precios.webp\",\"contentUrl\":\"https:\/\/radioinfinitagoya.com.ar\/v1\/wp-content\/uploads\/2025\/08\/inflacion-consumo-supermercados-precios.webp\",\"width\":655,\"height\":368},{\"@type\":\"BreadcrumbList\",\"@id\":\"https:\/\/radioinfinitagoya.com.ar\/v1\/2025\/08\/13\/las-canastas-basicas-aumentaron-19-en-julio\/#breadcrumb\",\"itemListElement\":[{\"@type\":\"ListItem\",\"position\":1,\"name\":\"Inicio\",\"item\":\"https:\/\/radioinfinitagoya.com.ar\/v1\/\"},{\"@type\":\"ListItem\",\"position\":2,\"name\":\"Las canastas b\u00e1sicas aumentaron 1,9% en julio\"}]},{\"@type\":\"WebSite\",\"@id\":\"https:\/\/radioinfinitagoya.com.ar\/v1\/#website\",\"url\":\"https:\/\/radioinfinitagoya.com.ar\/v1\/\",\"name\":\"radioinfinitagoya.com.ar\",\"description\":\"Radio de noticias\",\"publisher\":{\"@id\":\"https:\/\/radioinfinitagoya.com.ar\/v1\/#organization\"},\"potentialAction\":[{\"@type\":\"SearchAction\",\"target\":{\"@type\":\"EntryPoint\",\"urlTemplate\":\"https:\/\/radioinfinitagoya.com.ar\/v1\/?s={search_term_string}\"},\"query-input\":{\"@type\":\"PropertyValueSpecification\",\"valueRequired\":true,\"valueName\":\"search_term_string\"}}],\"inLanguage\":\"es-AR\"},{\"@type\":\"Organization\",\"@id\":\"https:\/\/radioinfinitagoya.com.ar\/v1\/#organization\",\"name\":\"Radio Infinita Goya\",\"url\":\"https:\/\/radioinfinitagoya.com.ar\/v1\/\",\"logo\":{\"@type\":\"ImageObject\",\"inLanguage\":\"es-AR\",\"@id\":\"https:\/\/radioinfinitagoya.com.ar\/v1\/#\/schema\/logo\/image\/\",\"url\":\"https:\/\/radioinfinitagoya.com.ar\/v1\/wp-content\/uploads\/2019\/11\/logo-pie-web.png\",\"contentUrl\":\"https:\/\/radioinfinitagoya.com.ar\/v1\/wp-content\/uploads\/2019\/11\/logo-pie-web.png\",\"width\":635,\"height\":326,\"caption\":\"Radio Infinita Goya\"},\"image\":{\"@id\":\"https:\/\/radioinfinitagoya.com.ar\/v1\/#\/schema\/logo\/image\/\"},\"sameAs\":[\"https:\/\/www.facebook.com\/p\/Infinita-Goya-100063870918311\/\"]},{\"@type\":\"Person\",\"@id\":\"https:\/\/radioinfinitagoya.com.ar\/v1\/#\/schema\/person\/d4cf9c413d4f6edb24aabdccab49ca4a\",\"name\":\"Jorge Mi\u00f1o\",\"image\":{\"@type\":\"ImageObject\",\"inLanguage\":\"es-AR\",\"@id\":\"https:\/\/secure.gravatar.com\/avatar\/910fcf6728fe95320e07a6643c1581fec1c7fc4bf8ae12e3d8f0d0373dc844be?s=96&d=mm&r=g\",\"url\":\"https:\/\/secure.gravatar.com\/avatar\/910fcf6728fe95320e07a6643c1581fec1c7fc4bf8ae12e3d8f0d0373dc844be?s=96&d=mm&r=g\",\"contentUrl\":\"https:\/\/secure.gravatar.com\/avatar\/910fcf6728fe95320e07a6643c1581fec1c7fc4bf8ae12e3d8f0d0373dc844be?s=96&d=mm&r=g\",\"caption\":\"Jorge Mi\u00f1o\"},\"sameAs\":[\"http:\/\/radioinfinitagoya.com.ar\"]}]}<\/script>\n<!-- \/ Yoast SEO plugin. -->","yoast_head_json":{"title":"Las canastas b\u00e1sicas aumentaron 1,9% en julio - Radio Infinita Goya","description":"Una familia necesit\u00f3 casi $1.150.000 para no ser pobre El aumento de las canastas se aceler\u00f3 por segundo mes al hilo, aunque el impacto de la suba del","robots":{"index":"index","follow":"follow","max-snippet":"max-snippet:-1","max-image-preview":"max-image-preview:large","max-video-preview":"max-video-preview:-1"},"canonical":"https:\/\/radioinfinitagoya.com.ar\/v1\/2025\/08\/13\/las-canastas-basicas-aumentaron-19-en-julio\/","og_locale":"es_ES","og_type":"article","og_title":"Las canastas b\u00e1sicas aumentaron 1,9% en julio - Radio Infinita Goya","og_description":"Una familia necesit\u00f3 casi $1.150.000 para no ser pobre El aumento de las canastas se aceler\u00f3 por segundo mes al hilo, aunque el impacto de la suba del","og_url":"https:\/\/radioinfinitagoya.com.ar\/v1\/2025\/08\/13\/las-canastas-basicas-aumentaron-19-en-julio\/","og_site_name":"Radio Infinita Goya","article_publisher":"https:\/\/www.facebook.com\/p\/Infinita-Goya-100063870918311\/","article_published_time":"2025-08-13T20:08:26+00:00","og_image":[{"width":655,"height":368,"url":"https:\/\/radioinfinitagoya.com.ar\/v1\/wp-content\/uploads\/2025\/08\/inflacion-consumo-supermercados-precios.webp","type":"image\/webp"}],"author":"Jorge Mi\u00f1o","twitter_card":"summary_large_image","twitter_misc":{"Escrito por":"Jorge Mi\u00f1o","Tiempo de lectura":"2 minutos"},"schema":{"@context":"https:\/\/schema.org","@graph":[{"@type":"Article","@id":"https:\/\/radioinfinitagoya.com.ar\/v1\/2025\/08\/13\/las-canastas-basicas-aumentaron-19-en-julio\/#article","isPartOf":{"@id":"https:\/\/radioinfinitagoya.com.ar\/v1\/2025\/08\/13\/las-canastas-basicas-aumentaron-19-en-julio\/"},"author":{"name":"Jorge Mi\u00f1o","@id":"https:\/\/radioinfinitagoya.com.ar\/v1\/#\/schema\/person\/d4cf9c413d4f6edb24aabdccab49ca4a"},"headline":"Las canastas b\u00e1sicas aumentaron 1,9% en julio","datePublished":"2025-08-13T20:08:26+00:00","mainEntityOfPage":{"@id":"https:\/\/radioinfinitagoya.com.ar\/v1\/2025\/08\/13\/las-canastas-basicas-aumentaron-19-en-julio\/"},"wordCount":317,"publisher":{"@id":"https:\/\/radioinfinitagoya.com.ar\/v1\/#organization"},"image":{"@id":"https:\/\/radioinfinitagoya.com.ar\/v1\/2025\/08\/13\/las-canastas-basicas-aumentaron-19-en-julio\/#primaryimage"},"thumbnailUrl":"https:\/\/radioinfinitagoya.com.ar\/v1\/wp-content\/uploads\/2025\/08\/inflacion-consumo-supermercados-precios.webp","articleSection":["DESTACADOS"],"inLanguage":"es-AR"},{"@type":"WebPage","@id":"https:\/\/radioinfinitagoya.com.ar\/v1\/2025\/08\/13\/las-canastas-basicas-aumentaron-19-en-julio\/","url":"https:\/\/radioinfinitagoya.com.ar\/v1\/2025\/08\/13\/las-canastas-basicas-aumentaron-19-en-julio\/","name":"Las canastas b\u00e1sicas aumentaron 1,9% en julio - Radio Infinita Goya","isPartOf":{"@id":"https:\/\/radioinfinitagoya.com.ar\/v1\/#website"},"primaryImageOfPage":{"@id":"https:\/\/radioinfinitagoya.com.ar\/v1\/2025\/08\/13\/las-canastas-basicas-aumentaron-19-en-julio\/#primaryimage"},"image":{"@id":"https:\/\/radioinfinitagoya.com.ar\/v1\/2025\/08\/13\/las-canastas-basicas-aumentaron-19-en-julio\/#primaryimage"},"thumbnailUrl":"https:\/\/radioinfinitagoya.com.ar\/v1\/wp-content\/uploads\/2025\/08\/inflacion-consumo-supermercados-precios.webp","datePublished":"2025-08-13T20:08:26+00:00","description":"Una familia necesit\u00f3 casi $1.150.000 para no ser pobre El aumento de las canastas se aceler\u00f3 por segundo mes al hilo, aunque el impacto de la suba del","breadcrumb":{"@id":"https:\/\/radioinfinitagoya.com.ar\/v1\/2025\/08\/13\/las-canastas-basicas-aumentaron-19-en-julio\/#breadcrumb"},"inLanguage":"es-AR","potentialAction":[{"@type":"ReadAction","target":["https:\/\/radioinfinitagoya.com.ar\/v1\/2025\/08\/13\/las-canastas-basicas-aumentaron-19-en-julio\/"]}]},{"@type":"ImageObject","inLanguage":"es-AR","@id":"https:\/\/radioinfinitagoya.com.ar\/v1\/2025\/08\/13\/las-canastas-basicas-aumentaron-19-en-julio\/#primaryimage","url":"https:\/\/radioinfinitagoya.com.ar\/v1\/wp-content\/uploads\/2025\/08\/inflacion-consumo-supermercados-precios.webp","contentUrl":"https:\/\/radioinfinitagoya.com.ar\/v1\/wp-content\/uploads\/2025\/08\/inflacion-consumo-supermercados-precios.webp","width":655,"height":368},{"@type":"BreadcrumbList","@id":"https:\/\/radioinfinitagoya.com.ar\/v1\/2025\/08\/13\/las-canastas-basicas-aumentaron-19-en-julio\/#breadcrumb","itemListElement":[{"@type":"ListItem","position":1,"name":"Inicio","item":"https:\/\/radioinfinitagoya.com.ar\/v1\/"},{"@type":"ListItem","position":2,"name":"Las canastas b\u00e1sicas aumentaron 1,9% en julio"}]},{"@type":"WebSite","@id":"https:\/\/radioinfinitagoya.com.ar\/v1\/#website","url":"https:\/\/radioinfinitagoya.com.ar\/v1\/","name":"radioinfinitagoya.com.ar","description":"Radio de noticias","publisher":{"@id":"https:\/\/radioinfinitagoya.com.ar\/v1\/#organization"},"potentialAction":[{"@type":"SearchAction","target":{"@type":"EntryPoint","urlTemplate":"https:\/\/radioinfinitagoya.com.ar\/v1\/?s={search_term_string}"},"query-input":{"@type":"PropertyValueSpecification","valueRequired":true,"valueName":"search_term_string"}}],"inLanguage":"es-AR"},{"@type":"Organization","@id":"https:\/\/radioinfinitagoya.com.ar\/v1\/#organization","name":"Radio Infinita Goya","url":"https:\/\/radioinfinitagoya.com.ar\/v1\/","logo":{"@type":"ImageObject","inLanguage":"es-AR","@id":"https:\/\/radioinfinitagoya.com.ar\/v1\/#\/schema\/logo\/image\/","url":"https:\/\/radioinfinitagoya.com.ar\/v1\/wp-content\/uploads\/2019\/11\/logo-pie-web.png","contentUrl":"https:\/\/radioinfinitagoya.com.ar\/v1\/wp-content\/uploads\/2019\/11\/logo-pie-web.png","width":635,"height":326,"caption":"Radio Infinita Goya"},"image":{"@id":"https:\/\/radioinfinitagoya.com.ar\/v1\/#\/schema\/logo\/image\/"},"sameAs":["https:\/\/www.facebook.com\/p\/Infinita-Goya-100063870918311\/"]},{"@type":"Person","@id":"https:\/\/radioinfinitagoya.com.ar\/v1\/#\/schema\/person\/d4cf9c413d4f6edb24aabdccab49ca4a","name":"Jorge Mi\u00f1o","image":{"@type":"ImageObject","inLanguage":"es-AR","@id":"https:\/\/secure.gravatar.com\/avatar\/910fcf6728fe95320e07a6643c1581fec1c7fc4bf8ae12e3d8f0d0373dc844be?s=96&d=mm&r=g","url":"https:\/\/secure.gravatar.com\/avatar\/910fcf6728fe95320e07a6643c1581fec1c7fc4bf8ae12e3d8f0d0373dc844be?s=96&d=mm&r=g","contentUrl":"https:\/\/secure.gravatar.com\/avatar\/910fcf6728fe95320e07a6643c1581fec1c7fc4bf8ae12e3d8f0d0373dc844be?s=96&d=mm&r=g","caption":"Jorge Mi\u00f1o"},"sameAs":["http:\/\/radioinfinitagoya.com.ar"]}]}},"_links":{"self":[{"href":"https:\/\/radioinfinitagoya.com.ar\/v1\/wp-json\/wp\/v2\/posts\/194323","targetHints":{"allow":["GET"]}}],"collection":[{"href":"https:\/\/radioinfinitagoya.com.ar\/v1\/wp-json\/wp\/v2\/posts"}],"about":[{"href":"https:\/\/radioinfinitagoya.com.ar\/v1\/wp-json\/wp\/v2\/types\/post"}],"author":[{"embeddable":true,"href":"https:\/\/radioinfinitagoya.com.ar\/v1\/wp-json\/wp\/v2\/users\/4"}],"replies":[{"embeddable":true,"href":"https:\/\/radioinfinitagoya.com.ar\/v1\/wp-json\/wp\/v2\/comments?post=194323"}],"version-history":[{"count":0,"href":"https:\/\/radioinfinitagoya.com.ar\/v1\/wp-json\/wp\/v2\/posts\/194323\/revisions"}],"wp:featuredmedia":[{"embeddable":true,"href":"https:\/\/radioinfinitagoya.com.ar\/v1\/wp-json\/wp\/v2\/media\/194324"}],"wp:attachment":[{"href":"https:\/\/radioinfinitagoya.com.ar\/v1\/wp-json\/wp\/v2\/media?parent=194323"}],"wp:term":[{"taxonomy":"category","embeddable":true,"href":"https:\/\/radioinfinitagoya.com.ar\/v1\/wp-json\/wp\/v2\/categories?post=194323"},{"taxonomy":"post_tag","embeddable":true,"href":"https:\/\/radioinfinitagoya.com.ar\/v1\/wp-json\/wp\/v2\/tags?post=194323"}],"curies":[{"name":"wp","href":"https:\/\/api.w.org\/{rel}","templated":true}]}}