{"id":194372,"date":"2025-08-14T17:04:20","date_gmt":"2025-08-14T20:04:20","guid":{"rendered":"https:\/\/radioinfinitagoya.com.ar\/v1\/?p=194372"},"modified":"2025-08-14T17:04:20","modified_gmt":"2025-08-14T20:04:20","slug":"zelensky-hablo-con-javier-milei","status":"publish","type":"post","link":"https:\/\/radioinfinitagoya.com.ar\/v1\/2025\/08\/14\/zelensky-hablo-con-javier-milei\/","title":{"rendered":"Zelensky habl\u00f3 con Javier Milei"},"content":{"rendered":"<p>Y destac\u00f3 su colaboraci\u00f3n para lograr la paz con Putin<\/p>\n<p>El presidente argentino se comunic\u00f3 con su par ucraniano, momentos antes de la reuni\u00f3n que los l\u00edderes de Estados Unidos y el Kremlin tendr\u00e1n en Alaska<\/p>\n<p>El presidente Javier Milei se comunic\u00f3 este jueves con su par de Ucrania, Volodomir Zelensky, y le transmiti\u00f3 el apoyo de la Argentina en las negociaciones para que su pa\u00eds finalmente llegue a un armisticio con Rusia, potencia con la que est\u00e1 en guerra desde el 2022.<\/p>\n<p>\u201cHablaron durante 15 minutos y se convers\u00f3 sobre la posibilidad de una visita (del libertario) a Kiev. Fue un di\u00e1logo cordial entre dos amigos\u201d, explic\u00f3 una fuente oficial a Infobae<\/p>\n<p>La charla se dio unas horas antes del encuentro que el l\u00edder del Kremlin, Vladimir Putin, tendr\u00e1 con el mandatario de los Estados Unidos, Donald Trump, quien viene reclamando el fin del conflicto b\u00e9lico.<\/p>\n<p>\u201cTuve una buena conversaci\u00f3n con el presidente de Argentina. Por supuesto, hablamos de la situaci\u00f3n diplom\u00e1ticamente. Le inform\u00e9 sobre los contactos recientes con nuestros socios y recalqu\u00e9 que nuestra postura es absolutamente clara: Ucrania necesita una paz justa y garant\u00edas de seguridad fiables. Javier est\u00e1 dispuesto a colaborar personalmente para lograrlo. \u00a1Gracias!\u201d, escribi\u00f3 Zelensky en su cuenta de X.<\/p>\n<p>Adem\u00e1s, en su publicaci\u00f3n en las redes sociales cont\u00f3 que ambos tambi\u00e9n hablaron \u201csobre los logros econ\u00f3micos\u201d de la gesti\u00f3n libertaria, \u201cen particular la desregulaci\u00f3n y la superaci\u00f3n de la inflaci\u00f3n\u201d.<\/p>\n<p>\u201cFelicit\u00e9 a Javier por estos importantes resultados. Ucrania est\u00e1 interesada en estudiar esta experiencia y conversamos sobre una posible oportunidad para hacerlo\u201d, cont\u00f3.<\/p>\n<p>Por \u00faltimo, Zelensky remarc\u00f3 que las relaciones entre los dos pa\u00edses \u201cest\u00e1n alcanzando un nivel verdaderamente alto\u201c, algo que se destac\u00f3 durante el di\u00e1logo telef\u00f3nico.<\/p>\n<p>\u201cLa tecnolog\u00eda, la econom\u00eda, la industria agr\u00edcola: existen muchas \u00e1reas de cooperaci\u00f3n potencial. Tambi\u00e9n acordamos reanudar el formato de consultas pol\u00edticas entre nuestros ministerios de Asuntos Exteriores. Nuestros equipos trabajar\u00e1n activamente para garantizar que se celebren lo antes posible\u201d, destac\u00f3.<\/p>\n<p>Asimismo, el mandatario le agradeci\u00f3 a su par argentino \u201csu participaci\u00f3n en la Coalici\u00f3n Internacional para el Retorno de los Ni\u00f1os Ucranianos\u201d.<\/p>\n<p>\u201cJunto con todos nuestros socios, trabajaremos para garantizar que todos los ni\u00f1os ucranianos regresen a casa lo antes posible. Acordamos nuestros pr\u00f3ximos contactos y estar\u00e9 encantado de ver a Javier en Ucrania\u201d, cerr\u00f3.<\/p>\n<p>La relaci\u00f3n entre Milei y Zelensky fue muy cercana al comienzo del gobierno del argentino, que lo recibi\u00f3 en la Casa Rosada para su asunci\u00f3n y le regal\u00f3 en esa ocasi\u00f3n una \u201cJanuqui\u00e1\u201d o Menor\u00e1 de J\u00e1nuca, el tradicional candelabro jud\u00edo de nueve brazos que se enciende durante la celebraci\u00f3n de esa festividad.<\/p>\n<p>Unos meses m\u00e1s tarde, despu\u00e9s de participar del G7 por invitaci\u00f3n de la primera ministra de Italia, Giorgia Meloni, el titular de la Casa Rosada se traslad\u00f3 a Suiza para asistir a la Cumbre Global por la Paz.<\/p>\n<p>Sin embargo, en sinton\u00eda con lo que hicieron los Estados Unidos, en febrero de este a\u00f1o el libertario modific\u00f3 su postura al abstenerse de votar en la ONU una resoluci\u00f3n que reclamaba la salida \u201cde inmediato y sin condiciones\u201d de las tropas rusas del territorio ucraniano.<\/p>\n<p>En ese entonces, fuentes diplom\u00e1ticas explicaron que haber apoyado ea medida hubiera sido un acto \u201cmuy fuerte\u201d y, por lo tanto, optaron por mantenerse neutrales, con el objetivo de \u201cequilibrar\u201d las relaciones entre las partes.<\/p>\n<p>Este viernes, Trump y Putin Se ver\u00e1n en la base militar Elmendorf-Richardson, en Alaska, para negociar una hoja de ruta con el objetivo final un armisticio entre los pa\u00edses enfrentados.<\/p>\n<p>Por su parte, las principales potencias europeas apoyan a Ucrania en su postura de rechazar la exigencia de Rusia de anexar las regiones de Donetsk, Luhansk, Kherson, Zaporizhzhia y la pen\u00ednsula de Crimea, como condici\u00f3n ineludible para lograr la paz.<\/p>\n","protected":false},"excerpt":{"rendered":"<p>Y destac\u00f3 su colaboraci\u00f3n para lograr la paz con Putin El presidente argentino se comunic\u00f3 con su par ucraniano, momentos antes de la reuni\u00f3n que los l\u00edderes de Estados Unidos y el Kremlin tendr\u00e1n en Alaska El presidente Javier Milei se comunic\u00f3 este jueves con su par de Ucrania, Volodomir Zelensky, y le transmiti\u00f3 el [&hellip;]<\/p>\n","protected":false},"author":4,"featured_media":194373,"comment_status":"closed","ping_status":"closed","sticky":false,"template":"","format":"standard","meta":{"_joinchat":[],"footnotes":""},"categories":[25],"tags":[],"class_list":{"0":"post-194372","1":"post","2":"type-post","3":"status-publish","4":"format-standard","5":"has-post-thumbnail","7":"category-destacados"},"yoast_head":"<!-- This site is optimized with the Yoast SEO plugin v27.2 - https:\/\/yoast.com\/product\/yoast-seo-wordpress\/ -->\n<title>Zelensky habl\u00f3 con Javier Milei - Radio Infinita Goya<\/title>\n<meta name=\"description\" content=\"Y destac\u00f3 su colaboraci\u00f3n para lograr la paz con Putin El presidente argentino se comunic\u00f3 con su par ucraniano, momentos antes de la reuni\u00f3n que los\" \/>\n<meta name=\"robots\" content=\"index, follow, max-snippet:-1, max-image-preview:large, max-video-preview:-1\" \/>\n<link rel=\"canonical\" href=\"https:\/\/radioinfinitagoya.com.ar\/v1\/2025\/08\/14\/zelensky-hablo-con-javier-milei\/\" \/>\n<meta property=\"og:locale\" content=\"es_ES\" \/>\n<meta property=\"og:type\" content=\"article\" \/>\n<meta property=\"og:title\" content=\"Zelensky habl\u00f3 con Javier Milei - Radio Infinita Goya\" \/>\n<meta property=\"og:description\" content=\"Y destac\u00f3 su colaboraci\u00f3n para lograr la paz con Putin El presidente argentino se comunic\u00f3 con su par ucraniano, momentos antes de la reuni\u00f3n que los\" \/>\n<meta property=\"og:url\" content=\"https:\/\/radioinfinitagoya.com.ar\/v1\/2025\/08\/14\/zelensky-hablo-con-javier-milei\/\" \/>\n<meta property=\"og:site_name\" content=\"Radio Infinita Goya\" \/>\n<meta property=\"article:publisher\" content=\"https:\/\/www.facebook.com\/p\/Infinita-Goya-100063870918311\/\" \/>\n<meta property=\"article:published_time\" content=\"2025-08-14T20:04:20+00:00\" \/>\n<meta name=\"author\" content=\"Jorge Mi\u00f1o\" \/>\n<meta name=\"twitter:card\" content=\"summary_large_image\" \/>\n<meta name=\"twitter:label1\" content=\"Escrito por\" \/>\n\t<meta name=\"twitter:data1\" content=\"Jorge Mi\u00f1o\" \/>\n\t<meta name=\"twitter:label2\" content=\"Tiempo de lectura\" \/>\n\t<meta name=\"twitter:data2\" content=\"4 minutos\" \/>\n<script type=\"application\/ld+json\" class=\"yoast-schema-graph\">{\"@context\":\"https:\/\/schema.org\",\"@graph\":[{\"@type\":\"Article\",\"@id\":\"https:\/\/radioinfinitagoya.com.ar\/v1\/2025\/08\/14\/zelensky-hablo-con-javier-milei\/#article\",\"isPartOf\":{\"@id\":\"https:\/\/radioinfinitagoya.com.ar\/v1\/2025\/08\/14\/zelensky-hablo-con-javier-milei\/\"},\"author\":{\"name\":\"Jorge Mi\u00f1o\",\"@id\":\"https:\/\/radioinfinitagoya.com.ar\/v1\/#\/schema\/person\/d4cf9c413d4f6edb24aabdccab49ca4a\"},\"headline\":\"Zelensky habl\u00f3 con Javier Milei\",\"datePublished\":\"2025-08-14T20:04:20+00:00\",\"mainEntityOfPage\":{\"@id\":\"https:\/\/radioinfinitagoya.com.ar\/v1\/2025\/08\/14\/zelensky-hablo-con-javier-milei\/\"},\"wordCount\":678,\"publisher\":{\"@id\":\"https:\/\/radioinfinitagoya.com.ar\/v1\/#organization\"},\"image\":{\"@id\":\"https:\/\/radioinfinitagoya.com.ar\/v1\/2025\/08\/14\/zelensky-hablo-con-javier-milei\/#primaryimage\"},\"thumbnailUrl\":\"https:\/\/radioinfinitagoya.com.ar\/v1\/wp-content\/uploads\/2025\/08\/ERJROOZEB5CXPJQXNGIMJKUWUI.avif\",\"articleSection\":[\"DESTACADOS\"],\"inLanguage\":\"es-AR\"},{\"@type\":\"WebPage\",\"@id\":\"https:\/\/radioinfinitagoya.com.ar\/v1\/2025\/08\/14\/zelensky-hablo-con-javier-milei\/\",\"url\":\"https:\/\/radioinfinitagoya.com.ar\/v1\/2025\/08\/14\/zelensky-hablo-con-javier-milei\/\",\"name\":\"Zelensky habl\u00f3 con Javier Milei - Radio Infinita Goya\",\"isPartOf\":{\"@id\":\"https:\/\/radioinfinitagoya.com.ar\/v1\/#website\"},\"primaryImageOfPage\":{\"@id\":\"https:\/\/radioinfinitagoya.com.ar\/v1\/2025\/08\/14\/zelensky-hablo-con-javier-milei\/#primaryimage\"},\"image\":{\"@id\":\"https:\/\/radioinfinitagoya.com.ar\/v1\/2025\/08\/14\/zelensky-hablo-con-javier-milei\/#primaryimage\"},\"thumbnailUrl\":\"https:\/\/radioinfinitagoya.com.ar\/v1\/wp-content\/uploads\/2025\/08\/ERJROOZEB5CXPJQXNGIMJKUWUI.avif\",\"datePublished\":\"2025-08-14T20:04:20+00:00\",\"description\":\"Y destac\u00f3 su colaboraci\u00f3n para lograr la paz con Putin El presidente argentino se comunic\u00f3 con su par ucraniano, momentos antes de la reuni\u00f3n que los\",\"breadcrumb\":{\"@id\":\"https:\/\/radioinfinitagoya.com.ar\/v1\/2025\/08\/14\/zelensky-hablo-con-javier-milei\/#breadcrumb\"},\"inLanguage\":\"es-AR\",\"potentialAction\":[{\"@type\":\"ReadAction\",\"target\":[\"https:\/\/radioinfinitagoya.com.ar\/v1\/2025\/08\/14\/zelensky-hablo-con-javier-milei\/\"]}]},{\"@type\":\"ImageObject\",\"inLanguage\":\"es-AR\",\"@id\":\"https:\/\/radioinfinitagoya.com.ar\/v1\/2025\/08\/14\/zelensky-hablo-con-javier-milei\/#primaryimage\",\"url\":\"https:\/\/radioinfinitagoya.com.ar\/v1\/wp-content\/uploads\/2025\/08\/ERJROOZEB5CXPJQXNGIMJKUWUI.avif\",\"contentUrl\":\"https:\/\/radioinfinitagoya.com.ar\/v1\/wp-content\/uploads\/2025\/08\/ERJROOZEB5CXPJQXNGIMJKUWUI.avif\",\"width\":992,\"height\":662},{\"@type\":\"BreadcrumbList\",\"@id\":\"https:\/\/radioinfinitagoya.com.ar\/v1\/2025\/08\/14\/zelensky-hablo-con-javier-milei\/#breadcrumb\",\"itemListElement\":[{\"@type\":\"ListItem\",\"position\":1,\"name\":\"Inicio\",\"item\":\"https:\/\/radioinfinitagoya.com.ar\/v1\/\"},{\"@type\":\"ListItem\",\"position\":2,\"name\":\"Zelensky habl\u00f3 con Javier Milei\"}]},{\"@type\":\"WebSite\",\"@id\":\"https:\/\/radioinfinitagoya.com.ar\/v1\/#website\",\"url\":\"https:\/\/radioinfinitagoya.com.ar\/v1\/\",\"name\":\"radioinfinitagoya.com.ar\",\"description\":\"Radio de noticias\",\"publisher\":{\"@id\":\"https:\/\/radioinfinitagoya.com.ar\/v1\/#organization\"},\"potentialAction\":[{\"@type\":\"SearchAction\",\"target\":{\"@type\":\"EntryPoint\",\"urlTemplate\":\"https:\/\/radioinfinitagoya.com.ar\/v1\/?s={search_term_string}\"},\"query-input\":{\"@type\":\"PropertyValueSpecification\",\"valueRequired\":true,\"valueName\":\"search_term_string\"}}],\"inLanguage\":\"es-AR\"},{\"@type\":\"Organization\",\"@id\":\"https:\/\/radioinfinitagoya.com.ar\/v1\/#organization\",\"name\":\"Radio Infinita Goya\",\"url\":\"https:\/\/radioinfinitagoya.com.ar\/v1\/\",\"logo\":{\"@type\":\"ImageObject\",\"inLanguage\":\"es-AR\",\"@id\":\"https:\/\/radioinfinitagoya.com.ar\/v1\/#\/schema\/logo\/image\/\",\"url\":\"https:\/\/radioinfinitagoya.com.ar\/v1\/wp-content\/uploads\/2019\/11\/logo-pie-web.png\",\"contentUrl\":\"https:\/\/radioinfinitagoya.com.ar\/v1\/wp-content\/uploads\/2019\/11\/logo-pie-web.png\",\"width\":635,\"height\":326,\"caption\":\"Radio Infinita Goya\"},\"image\":{\"@id\":\"https:\/\/radioinfinitagoya.com.ar\/v1\/#\/schema\/logo\/image\/\"},\"sameAs\":[\"https:\/\/www.facebook.com\/p\/Infinita-Goya-100063870918311\/\"]},{\"@type\":\"Person\",\"@id\":\"https:\/\/radioinfinitagoya.com.ar\/v1\/#\/schema\/person\/d4cf9c413d4f6edb24aabdccab49ca4a\",\"name\":\"Jorge Mi\u00f1o\",\"image\":{\"@type\":\"ImageObject\",\"inLanguage\":\"es-AR\",\"@id\":\"https:\/\/secure.gravatar.com\/avatar\/910fcf6728fe95320e07a6643c1581fec1c7fc4bf8ae12e3d8f0d0373dc844be?s=96&d=mm&r=g\",\"url\":\"https:\/\/secure.gravatar.com\/avatar\/910fcf6728fe95320e07a6643c1581fec1c7fc4bf8ae12e3d8f0d0373dc844be?s=96&d=mm&r=g\",\"contentUrl\":\"https:\/\/secure.gravatar.com\/avatar\/910fcf6728fe95320e07a6643c1581fec1c7fc4bf8ae12e3d8f0d0373dc844be?s=96&d=mm&r=g\",\"caption\":\"Jorge Mi\u00f1o\"},\"sameAs\":[\"http:\/\/radioinfinitagoya.com.ar\"]}]}<\/script>\n<!-- \/ Yoast SEO plugin. -->","yoast_head_json":{"title":"Zelensky habl\u00f3 con Javier Milei - Radio Infinita Goya","description":"Y destac\u00f3 su colaboraci\u00f3n para lograr la paz con Putin El presidente argentino se comunic\u00f3 con su par ucraniano, momentos antes de la reuni\u00f3n que los","robots":{"index":"index","follow":"follow","max-snippet":"max-snippet:-1","max-image-preview":"max-image-preview:large","max-video-preview":"max-video-preview:-1"},"canonical":"https:\/\/radioinfinitagoya.com.ar\/v1\/2025\/08\/14\/zelensky-hablo-con-javier-milei\/","og_locale":"es_ES","og_type":"article","og_title":"Zelensky habl\u00f3 con Javier Milei - Radio Infinita Goya","og_description":"Y destac\u00f3 su colaboraci\u00f3n para lograr la paz con Putin El presidente argentino se comunic\u00f3 con su par ucraniano, momentos antes de la reuni\u00f3n que los","og_url":"https:\/\/radioinfinitagoya.com.ar\/v1\/2025\/08\/14\/zelensky-hablo-con-javier-milei\/","og_site_name":"Radio Infinita Goya","article_publisher":"https:\/\/www.facebook.com\/p\/Infinita-Goya-100063870918311\/","article_published_time":"2025-08-14T20:04:20+00:00","author":"Jorge Mi\u00f1o","twitter_card":"summary_large_image","twitter_misc":{"Escrito por":"Jorge Mi\u00f1o","Tiempo de lectura":"4 minutos"},"schema":{"@context":"https:\/\/schema.org","@graph":[{"@type":"Article","@id":"https:\/\/radioinfinitagoya.com.ar\/v1\/2025\/08\/14\/zelensky-hablo-con-javier-milei\/#article","isPartOf":{"@id":"https:\/\/radioinfinitagoya.com.ar\/v1\/2025\/08\/14\/zelensky-hablo-con-javier-milei\/"},"author":{"name":"Jorge Mi\u00f1o","@id":"https:\/\/radioinfinitagoya.com.ar\/v1\/#\/schema\/person\/d4cf9c413d4f6edb24aabdccab49ca4a"},"headline":"Zelensky habl\u00f3 con Javier Milei","datePublished":"2025-08-14T20:04:20+00:00","mainEntityOfPage":{"@id":"https:\/\/radioinfinitagoya.com.ar\/v1\/2025\/08\/14\/zelensky-hablo-con-javier-milei\/"},"wordCount":678,"publisher":{"@id":"https:\/\/radioinfinitagoya.com.ar\/v1\/#organization"},"image":{"@id":"https:\/\/radioinfinitagoya.com.ar\/v1\/2025\/08\/14\/zelensky-hablo-con-javier-milei\/#primaryimage"},"thumbnailUrl":"https:\/\/radioinfinitagoya.com.ar\/v1\/wp-content\/uploads\/2025\/08\/ERJROOZEB5CXPJQXNGIMJKUWUI.avif","articleSection":["DESTACADOS"],"inLanguage":"es-AR"},{"@type":"WebPage","@id":"https:\/\/radioinfinitagoya.com.ar\/v1\/2025\/08\/14\/zelensky-hablo-con-javier-milei\/","url":"https:\/\/radioinfinitagoya.com.ar\/v1\/2025\/08\/14\/zelensky-hablo-con-javier-milei\/","name":"Zelensky habl\u00f3 con Javier Milei - Radio Infinita Goya","isPartOf":{"@id":"https:\/\/radioinfinitagoya.com.ar\/v1\/#website"},"primaryImageOfPage":{"@id":"https:\/\/radioinfinitagoya.com.ar\/v1\/2025\/08\/14\/zelensky-hablo-con-javier-milei\/#primaryimage"},"image":{"@id":"https:\/\/radioinfinitagoya.com.ar\/v1\/2025\/08\/14\/zelensky-hablo-con-javier-milei\/#primaryimage"},"thumbnailUrl":"https:\/\/radioinfinitagoya.com.ar\/v1\/wp-content\/uploads\/2025\/08\/ERJROOZEB5CXPJQXNGIMJKUWUI.avif","datePublished":"2025-08-14T20:04:20+00:00","description":"Y destac\u00f3 su colaboraci\u00f3n para lograr la paz con Putin El presidente argentino se comunic\u00f3 con su par ucraniano, momentos antes de la reuni\u00f3n que los","breadcrumb":{"@id":"https:\/\/radioinfinitagoya.com.ar\/v1\/2025\/08\/14\/zelensky-hablo-con-javier-milei\/#breadcrumb"},"inLanguage":"es-AR","potentialAction":[{"@type":"ReadAction","target":["https:\/\/radioinfinitagoya.com.ar\/v1\/2025\/08\/14\/zelensky-hablo-con-javier-milei\/"]}]},{"@type":"ImageObject","inLanguage":"es-AR","@id":"https:\/\/radioinfinitagoya.com.ar\/v1\/2025\/08\/14\/zelensky-hablo-con-javier-milei\/#primaryimage","url":"https:\/\/radioinfinitagoya.com.ar\/v1\/wp-content\/uploads\/2025\/08\/ERJROOZEB5CXPJQXNGIMJKUWUI.avif","contentUrl":"https:\/\/radioinfinitagoya.com.ar\/v1\/wp-content\/uploads\/2025\/08\/ERJROOZEB5CXPJQXNGIMJKUWUI.avif","width":992,"height":662},{"@type":"BreadcrumbList","@id":"https:\/\/radioinfinitagoya.com.ar\/v1\/2025\/08\/14\/zelensky-hablo-con-javier-milei\/#breadcrumb","itemListElement":[{"@type":"ListItem","position":1,"name":"Inicio","item":"https:\/\/radioinfinitagoya.com.ar\/v1\/"},{"@type":"ListItem","position":2,"name":"Zelensky habl\u00f3 con Javier Milei"}]},{"@type":"WebSite","@id":"https:\/\/radioinfinitagoya.com.ar\/v1\/#website","url":"https:\/\/radioinfinitagoya.com.ar\/v1\/","name":"radioinfinitagoya.com.ar","description":"Radio de noticias","publisher":{"@id":"https:\/\/radioinfinitagoya.com.ar\/v1\/#organization"},"potentialAction":[{"@type":"SearchAction","target":{"@type":"EntryPoint","urlTemplate":"https:\/\/radioinfinitagoya.com.ar\/v1\/?s={search_term_string}"},"query-input":{"@type":"PropertyValueSpecification","valueRequired":true,"valueName":"search_term_string"}}],"inLanguage":"es-AR"},{"@type":"Organization","@id":"https:\/\/radioinfinitagoya.com.ar\/v1\/#organization","name":"Radio Infinita Goya","url":"https:\/\/radioinfinitagoya.com.ar\/v1\/","logo":{"@type":"ImageObject","inLanguage":"es-AR","@id":"https:\/\/radioinfinitagoya.com.ar\/v1\/#\/schema\/logo\/image\/","url":"https:\/\/radioinfinitagoya.com.ar\/v1\/wp-content\/uploads\/2019\/11\/logo-pie-web.png","contentUrl":"https:\/\/radioinfinitagoya.com.ar\/v1\/wp-content\/uploads\/2019\/11\/logo-pie-web.png","width":635,"height":326,"caption":"Radio Infinita Goya"},"image":{"@id":"https:\/\/radioinfinitagoya.com.ar\/v1\/#\/schema\/logo\/image\/"},"sameAs":["https:\/\/www.facebook.com\/p\/Infinita-Goya-100063870918311\/"]},{"@type":"Person","@id":"https:\/\/radioinfinitagoya.com.ar\/v1\/#\/schema\/person\/d4cf9c413d4f6edb24aabdccab49ca4a","name":"Jorge Mi\u00f1o","image":{"@type":"ImageObject","inLanguage":"es-AR","@id":"https:\/\/secure.gravatar.com\/avatar\/910fcf6728fe95320e07a6643c1581fec1c7fc4bf8ae12e3d8f0d0373dc844be?s=96&d=mm&r=g","url":"https:\/\/secure.gravatar.com\/avatar\/910fcf6728fe95320e07a6643c1581fec1c7fc4bf8ae12e3d8f0d0373dc844be?s=96&d=mm&r=g","contentUrl":"https:\/\/secure.gravatar.com\/avatar\/910fcf6728fe95320e07a6643c1581fec1c7fc4bf8ae12e3d8f0d0373dc844be?s=96&d=mm&r=g","caption":"Jorge Mi\u00f1o"},"sameAs":["http:\/\/radioinfinitagoya.com.ar"]}]}},"_links":{"self":[{"href":"https:\/\/radioinfinitagoya.com.ar\/v1\/wp-json\/wp\/v2\/posts\/194372","targetHints":{"allow":["GET"]}}],"collection":[{"href":"https:\/\/radioinfinitagoya.com.ar\/v1\/wp-json\/wp\/v2\/posts"}],"about":[{"href":"https:\/\/radioinfinitagoya.com.ar\/v1\/wp-json\/wp\/v2\/types\/post"}],"author":[{"embeddable":true,"href":"https:\/\/radioinfinitagoya.com.ar\/v1\/wp-json\/wp\/v2\/users\/4"}],"replies":[{"embeddable":true,"href":"https:\/\/radioinfinitagoya.com.ar\/v1\/wp-json\/wp\/v2\/comments?post=194372"}],"version-history":[{"count":0,"href":"https:\/\/radioinfinitagoya.com.ar\/v1\/wp-json\/wp\/v2\/posts\/194372\/revisions"}],"wp:featuredmedia":[{"embeddable":true,"href":"https:\/\/radioinfinitagoya.com.ar\/v1\/wp-json\/wp\/v2\/media\/194373"}],"wp:attachment":[{"href":"https:\/\/radioinfinitagoya.com.ar\/v1\/wp-json\/wp\/v2\/media?parent=194372"}],"wp:term":[{"taxonomy":"category","embeddable":true,"href":"https:\/\/radioinfinitagoya.com.ar\/v1\/wp-json\/wp\/v2\/categories?post=194372"},{"taxonomy":"post_tag","embeddable":true,"href":"https:\/\/radioinfinitagoya.com.ar\/v1\/wp-json\/wp\/v2\/tags?post=194372"}],"curies":[{"name":"wp","href":"https:\/\/api.w.org\/{rel}","templated":true}]}}