{"id":194864,"date":"2025-08-25T16:26:13","date_gmt":"2025-08-25T19:26:13","guid":{"rendered":"https:\/\/radioinfinitagoya.com.ar\/v1\/?p=194864"},"modified":"2025-08-25T16:26:13","modified_gmt":"2025-08-25T19:26:13","slug":"mastantuono-fue-elogiado-tras-su-primer-partido-como-titular-en-el-real-madrid","status":"publish","type":"post","link":"https:\/\/radioinfinitagoya.com.ar\/v1\/2025\/08\/25\/mastantuono-fue-elogiado-tras-su-primer-partido-como-titular-en-el-real-madrid\/","title":{"rendered":"Mastantuono fue elogiado tras su primer partido como titular en el Real Madrid"},"content":{"rendered":"<p>Los medios especializados de Espa\u00f1a destacaron el rendimiento del futbolista argentino en el Merengue. &#8220;Tiene interiorizada la intensidad que demanda el plan&#8221;, dice un an\u00e1lisis tras el partido ante Oviedo.<\/p>\n<p>En la prensa espa\u00f1ola describieron como \u201cilusionante\u201d el primer partido de Franco Mastantuono como titular en el Real Madrid. El futbolista argentino de 18 a\u00f1os estuvo desde el arranque en la goleada 3-0 ante el Oviedo por la segunda fecha de la Liga espa\u00f1ola.<\/p>\n<p>Mastantuono hab\u00eda hecho su debut en el Merengue el \u00faltimo martes en el triunfo 1-0 ante el Osasuna. Esta vez pudo sumar m\u00e1s minutos y no defraud\u00f3. &#8220;Que a Xabi (Alonso) le gusta Franco es una obviedad. Con cuatro entrenamientos debut\u00f3 y con un pu\u00f1ado m\u00e1s, titular. Poco m\u00e1s que hablar&#8221;, escribi\u00f3 el periodista Fernando Tavero en el an\u00e1lisis que hizo en Diario As de Madrid.<\/p>\n<p>Y agreg\u00f3: \u201cY a los detalles del estreno a\u00f1adi\u00f3 muchos m\u00e1s&#8230; y sudor. No tard\u00f3 en apretar al rival en una presi\u00f3n que casi termina en gol, baj\u00f3 a recuperar el bal\u00f3n en \u00e1rea propia para armar una contra&#8230; Tiene interiorizada la intensidad que demanda el plan. Aunque es con bal\u00f3n, con total libertad para aparecer por el frente, donde est\u00e1 su esencia. Por derecha recibi\u00f3 con soltura y regal\u00f3 una incursi\u00f3n en el \u00e1rea, por el centro que acarici\u00f3 el penalti\u201d.<\/p>\n<p>Finalmente, recalc\u00f3 que el argentino estuvo \u201cmuy conectado al juego, hasta que se qued\u00f3 sin pilas\u201d.<\/p>\n<p>Franco Mastantuono arranc\u00f3 como titular y sali\u00f3 al minuto 63 del partido. El entrenador Xabi Alonso lo reemplaz\u00f3 por Brahim D\u00edaz.<\/p>\n<p>El pr\u00f3ximo partido del conjunto Merengue ser\u00e1 el s\u00e1bado ante el Mallorca en el estadio Santiago Bernab\u00e9u por la tercera fecha del certamen<\/p>\n<p>&nbsp;<\/p>\n","protected":false},"excerpt":{"rendered":"<p>Los medios especializados de Espa\u00f1a destacaron el rendimiento del futbolista argentino en el Merengue. &#8220;Tiene interiorizada la intensidad que demanda el plan&#8221;, dice un an\u00e1lisis tras el partido ante Oviedo. En la prensa espa\u00f1ola describieron como \u201cilusionante\u201d el primer partido de Franco Mastantuono como titular en el Real Madrid. El futbolista argentino de 18 a\u00f1os [&hellip;]<\/p>\n","protected":false},"author":4,"featured_media":194865,"comment_status":"closed","ping_status":"closed","sticky":false,"template":"","format":"standard","meta":{"_joinchat":[],"footnotes":""},"categories":[28],"tags":[],"class_list":{"0":"post-194864","1":"post","2":"type-post","3":"status-publish","4":"format-standard","5":"has-post-thumbnail","7":"category-deportes"},"yoast_head":"<!-- This site is optimized with the Yoast SEO plugin v27.2 - https:\/\/yoast.com\/product\/yoast-seo-wordpress\/ -->\n<title>Mastantuono fue elogiado tras su primer partido como titular en el Real Madrid - Radio Infinita Goya<\/title>\n<meta name=\"description\" content=\"Los medios especializados de Espa\u00f1a destacaron el rendimiento del futbolista argentino en el Merengue. &quot;Tiene interiorizada la intensidad que demanda el\" \/>\n<meta name=\"robots\" content=\"index, follow, max-snippet:-1, max-image-preview:large, max-video-preview:-1\" \/>\n<link rel=\"canonical\" href=\"https:\/\/radioinfinitagoya.com.ar\/v1\/2025\/08\/25\/mastantuono-fue-elogiado-tras-su-primer-partido-como-titular-en-el-real-madrid\/\" \/>\n<meta property=\"og:locale\" content=\"es_ES\" \/>\n<meta property=\"og:type\" content=\"article\" \/>\n<meta property=\"og:title\" content=\"Mastantuono fue elogiado tras su primer partido como titular en el Real Madrid - Radio Infinita Goya\" \/>\n<meta property=\"og:description\" content=\"Los medios especializados de Espa\u00f1a destacaron el rendimiento del futbolista argentino en el Merengue. &quot;Tiene interiorizada la intensidad que demanda el\" \/>\n<meta property=\"og:url\" content=\"https:\/\/radioinfinitagoya.com.ar\/v1\/2025\/08\/25\/mastantuono-fue-elogiado-tras-su-primer-partido-como-titular-en-el-real-madrid\/\" \/>\n<meta property=\"og:site_name\" content=\"Radio Infinita Goya\" \/>\n<meta property=\"article:publisher\" content=\"https:\/\/www.facebook.com\/p\/Infinita-Goya-100063870918311\/\" \/>\n<meta property=\"article:published_time\" content=\"2025-08-25T19:26:13+00:00\" \/>\n<meta property=\"og:image\" content=\"https:\/\/radioinfinitagoya.com.ar\/v1\/wp-content\/uploads\/2025\/08\/GzDNHMfXEAARpkZ.jpg\" \/>\n\t<meta property=\"og:image:width\" content=\"510\" \/>\n\t<meta property=\"og:image:height\" content=\"680\" \/>\n\t<meta property=\"og:image:type\" content=\"image\/jpeg\" \/>\n<meta name=\"author\" content=\"Jorge Mi\u00f1o\" \/>\n<meta name=\"twitter:card\" content=\"summary_large_image\" \/>\n<meta name=\"twitter:label1\" content=\"Escrito por\" \/>\n\t<meta name=\"twitter:data1\" content=\"Jorge Mi\u00f1o\" \/>\n\t<meta name=\"twitter:label2\" content=\"Tiempo de lectura\" \/>\n\t<meta name=\"twitter:data2\" content=\"2 minutos\" \/>\n<script type=\"application\/ld+json\" class=\"yoast-schema-graph\">{\"@context\":\"https:\/\/schema.org\",\"@graph\":[{\"@type\":\"Article\",\"@id\":\"https:\/\/radioinfinitagoya.com.ar\/v1\/2025\/08\/25\/mastantuono-fue-elogiado-tras-su-primer-partido-como-titular-en-el-real-madrid\/#article\",\"isPartOf\":{\"@id\":\"https:\/\/radioinfinitagoya.com.ar\/v1\/2025\/08\/25\/mastantuono-fue-elogiado-tras-su-primer-partido-como-titular-en-el-real-madrid\/\"},\"author\":{\"name\":\"Jorge Mi\u00f1o\",\"@id\":\"https:\/\/radioinfinitagoya.com.ar\/v1\/#\/schema\/person\/d4cf9c413d4f6edb24aabdccab49ca4a\"},\"headline\":\"Mastantuono fue elogiado tras su primer partido como titular en el Real Madrid\",\"datePublished\":\"2025-08-25T19:26:13+00:00\",\"mainEntityOfPage\":{\"@id\":\"https:\/\/radioinfinitagoya.com.ar\/v1\/2025\/08\/25\/mastantuono-fue-elogiado-tras-su-primer-partido-como-titular-en-el-real-madrid\/\"},\"wordCount\":315,\"publisher\":{\"@id\":\"https:\/\/radioinfinitagoya.com.ar\/v1\/#organization\"},\"image\":{\"@id\":\"https:\/\/radioinfinitagoya.com.ar\/v1\/2025\/08\/25\/mastantuono-fue-elogiado-tras-su-primer-partido-como-titular-en-el-real-madrid\/#primaryimage\"},\"thumbnailUrl\":\"https:\/\/radioinfinitagoya.com.ar\/v1\/wp-content\/uploads\/2025\/08\/GzDNHMfXEAARpkZ.jpg\",\"articleSection\":[\"DEPORTES\"],\"inLanguage\":\"es-AR\"},{\"@type\":\"WebPage\",\"@id\":\"https:\/\/radioinfinitagoya.com.ar\/v1\/2025\/08\/25\/mastantuono-fue-elogiado-tras-su-primer-partido-como-titular-en-el-real-madrid\/\",\"url\":\"https:\/\/radioinfinitagoya.com.ar\/v1\/2025\/08\/25\/mastantuono-fue-elogiado-tras-su-primer-partido-como-titular-en-el-real-madrid\/\",\"name\":\"Mastantuono fue elogiado tras su primer partido como titular en el Real Madrid - Radio Infinita Goya\",\"isPartOf\":{\"@id\":\"https:\/\/radioinfinitagoya.com.ar\/v1\/#website\"},\"primaryImageOfPage\":{\"@id\":\"https:\/\/radioinfinitagoya.com.ar\/v1\/2025\/08\/25\/mastantuono-fue-elogiado-tras-su-primer-partido-como-titular-en-el-real-madrid\/#primaryimage\"},\"image\":{\"@id\":\"https:\/\/radioinfinitagoya.com.ar\/v1\/2025\/08\/25\/mastantuono-fue-elogiado-tras-su-primer-partido-como-titular-en-el-real-madrid\/#primaryimage\"},\"thumbnailUrl\":\"https:\/\/radioinfinitagoya.com.ar\/v1\/wp-content\/uploads\/2025\/08\/GzDNHMfXEAARpkZ.jpg\",\"datePublished\":\"2025-08-25T19:26:13+00:00\",\"description\":\"Los medios especializados de Espa\u00f1a destacaron el rendimiento del futbolista argentino en el Merengue. \\\"Tiene interiorizada la intensidad que demanda el\",\"breadcrumb\":{\"@id\":\"https:\/\/radioinfinitagoya.com.ar\/v1\/2025\/08\/25\/mastantuono-fue-elogiado-tras-su-primer-partido-como-titular-en-el-real-madrid\/#breadcrumb\"},\"inLanguage\":\"es-AR\",\"potentialAction\":[{\"@type\":\"ReadAction\",\"target\":[\"https:\/\/radioinfinitagoya.com.ar\/v1\/2025\/08\/25\/mastantuono-fue-elogiado-tras-su-primer-partido-como-titular-en-el-real-madrid\/\"]}]},{\"@type\":\"ImageObject\",\"inLanguage\":\"es-AR\",\"@id\":\"https:\/\/radioinfinitagoya.com.ar\/v1\/2025\/08\/25\/mastantuono-fue-elogiado-tras-su-primer-partido-como-titular-en-el-real-madrid\/#primaryimage\",\"url\":\"https:\/\/radioinfinitagoya.com.ar\/v1\/wp-content\/uploads\/2025\/08\/GzDNHMfXEAARpkZ.jpg\",\"contentUrl\":\"https:\/\/radioinfinitagoya.com.ar\/v1\/wp-content\/uploads\/2025\/08\/GzDNHMfXEAARpkZ.jpg\",\"width\":510,\"height\":680},{\"@type\":\"BreadcrumbList\",\"@id\":\"https:\/\/radioinfinitagoya.com.ar\/v1\/2025\/08\/25\/mastantuono-fue-elogiado-tras-su-primer-partido-como-titular-en-el-real-madrid\/#breadcrumb\",\"itemListElement\":[{\"@type\":\"ListItem\",\"position\":1,\"name\":\"Inicio\",\"item\":\"https:\/\/radioinfinitagoya.com.ar\/v1\/\"},{\"@type\":\"ListItem\",\"position\":2,\"name\":\"Mastantuono fue elogiado tras su primer partido como titular en el Real Madrid\"}]},{\"@type\":\"WebSite\",\"@id\":\"https:\/\/radioinfinitagoya.com.ar\/v1\/#website\",\"url\":\"https:\/\/radioinfinitagoya.com.ar\/v1\/\",\"name\":\"radioinfinitagoya.com.ar\",\"description\":\"Radio de noticias\",\"publisher\":{\"@id\":\"https:\/\/radioinfinitagoya.com.ar\/v1\/#organization\"},\"potentialAction\":[{\"@type\":\"SearchAction\",\"target\":{\"@type\":\"EntryPoint\",\"urlTemplate\":\"https:\/\/radioinfinitagoya.com.ar\/v1\/?s={search_term_string}\"},\"query-input\":{\"@type\":\"PropertyValueSpecification\",\"valueRequired\":true,\"valueName\":\"search_term_string\"}}],\"inLanguage\":\"es-AR\"},{\"@type\":\"Organization\",\"@id\":\"https:\/\/radioinfinitagoya.com.ar\/v1\/#organization\",\"name\":\"Radio Infinita Goya\",\"url\":\"https:\/\/radioinfinitagoya.com.ar\/v1\/\",\"logo\":{\"@type\":\"ImageObject\",\"inLanguage\":\"es-AR\",\"@id\":\"https:\/\/radioinfinitagoya.com.ar\/v1\/#\/schema\/logo\/image\/\",\"url\":\"https:\/\/radioinfinitagoya.com.ar\/v1\/wp-content\/uploads\/2019\/11\/logo-pie-web.png\",\"contentUrl\":\"https:\/\/radioinfinitagoya.com.ar\/v1\/wp-content\/uploads\/2019\/11\/logo-pie-web.png\",\"width\":635,\"height\":326,\"caption\":\"Radio Infinita Goya\"},\"image\":{\"@id\":\"https:\/\/radioinfinitagoya.com.ar\/v1\/#\/schema\/logo\/image\/\"},\"sameAs\":[\"https:\/\/www.facebook.com\/p\/Infinita-Goya-100063870918311\/\"]},{\"@type\":\"Person\",\"@id\":\"https:\/\/radioinfinitagoya.com.ar\/v1\/#\/schema\/person\/d4cf9c413d4f6edb24aabdccab49ca4a\",\"name\":\"Jorge Mi\u00f1o\",\"image\":{\"@type\":\"ImageObject\",\"inLanguage\":\"es-AR\",\"@id\":\"https:\/\/secure.gravatar.com\/avatar\/910fcf6728fe95320e07a6643c1581fec1c7fc4bf8ae12e3d8f0d0373dc844be?s=96&d=mm&r=g\",\"url\":\"https:\/\/secure.gravatar.com\/avatar\/910fcf6728fe95320e07a6643c1581fec1c7fc4bf8ae12e3d8f0d0373dc844be?s=96&d=mm&r=g\",\"contentUrl\":\"https:\/\/secure.gravatar.com\/avatar\/910fcf6728fe95320e07a6643c1581fec1c7fc4bf8ae12e3d8f0d0373dc844be?s=96&d=mm&r=g\",\"caption\":\"Jorge Mi\u00f1o\"},\"sameAs\":[\"http:\/\/radioinfinitagoya.com.ar\"]}]}<\/script>\n<!-- \/ Yoast SEO plugin. -->","yoast_head_json":{"title":"Mastantuono fue elogiado tras su primer partido como titular en el Real Madrid - Radio Infinita Goya","description":"Los medios especializados de Espa\u00f1a destacaron el rendimiento del futbolista argentino en el Merengue. \"Tiene interiorizada la intensidad que demanda el","robots":{"index":"index","follow":"follow","max-snippet":"max-snippet:-1","max-image-preview":"max-image-preview:large","max-video-preview":"max-video-preview:-1"},"canonical":"https:\/\/radioinfinitagoya.com.ar\/v1\/2025\/08\/25\/mastantuono-fue-elogiado-tras-su-primer-partido-como-titular-en-el-real-madrid\/","og_locale":"es_ES","og_type":"article","og_title":"Mastantuono fue elogiado tras su primer partido como titular en el Real Madrid - Radio Infinita Goya","og_description":"Los medios especializados de Espa\u00f1a destacaron el rendimiento del futbolista argentino en el Merengue. \"Tiene interiorizada la intensidad que demanda el","og_url":"https:\/\/radioinfinitagoya.com.ar\/v1\/2025\/08\/25\/mastantuono-fue-elogiado-tras-su-primer-partido-como-titular-en-el-real-madrid\/","og_site_name":"Radio Infinita Goya","article_publisher":"https:\/\/www.facebook.com\/p\/Infinita-Goya-100063870918311\/","article_published_time":"2025-08-25T19:26:13+00:00","og_image":[{"width":510,"height":680,"url":"https:\/\/radioinfinitagoya.com.ar\/v1\/wp-content\/uploads\/2025\/08\/GzDNHMfXEAARpkZ.jpg","type":"image\/jpeg"}],"author":"Jorge Mi\u00f1o","twitter_card":"summary_large_image","twitter_misc":{"Escrito por":"Jorge Mi\u00f1o","Tiempo de lectura":"2 minutos"},"schema":{"@context":"https:\/\/schema.org","@graph":[{"@type":"Article","@id":"https:\/\/radioinfinitagoya.com.ar\/v1\/2025\/08\/25\/mastantuono-fue-elogiado-tras-su-primer-partido-como-titular-en-el-real-madrid\/#article","isPartOf":{"@id":"https:\/\/radioinfinitagoya.com.ar\/v1\/2025\/08\/25\/mastantuono-fue-elogiado-tras-su-primer-partido-como-titular-en-el-real-madrid\/"},"author":{"name":"Jorge Mi\u00f1o","@id":"https:\/\/radioinfinitagoya.com.ar\/v1\/#\/schema\/person\/d4cf9c413d4f6edb24aabdccab49ca4a"},"headline":"Mastantuono fue elogiado tras su primer partido como titular en el Real Madrid","datePublished":"2025-08-25T19:26:13+00:00","mainEntityOfPage":{"@id":"https:\/\/radioinfinitagoya.com.ar\/v1\/2025\/08\/25\/mastantuono-fue-elogiado-tras-su-primer-partido-como-titular-en-el-real-madrid\/"},"wordCount":315,"publisher":{"@id":"https:\/\/radioinfinitagoya.com.ar\/v1\/#organization"},"image":{"@id":"https:\/\/radioinfinitagoya.com.ar\/v1\/2025\/08\/25\/mastantuono-fue-elogiado-tras-su-primer-partido-como-titular-en-el-real-madrid\/#primaryimage"},"thumbnailUrl":"https:\/\/radioinfinitagoya.com.ar\/v1\/wp-content\/uploads\/2025\/08\/GzDNHMfXEAARpkZ.jpg","articleSection":["DEPORTES"],"inLanguage":"es-AR"},{"@type":"WebPage","@id":"https:\/\/radioinfinitagoya.com.ar\/v1\/2025\/08\/25\/mastantuono-fue-elogiado-tras-su-primer-partido-como-titular-en-el-real-madrid\/","url":"https:\/\/radioinfinitagoya.com.ar\/v1\/2025\/08\/25\/mastantuono-fue-elogiado-tras-su-primer-partido-como-titular-en-el-real-madrid\/","name":"Mastantuono fue elogiado tras su primer partido como titular en el Real Madrid - Radio Infinita Goya","isPartOf":{"@id":"https:\/\/radioinfinitagoya.com.ar\/v1\/#website"},"primaryImageOfPage":{"@id":"https:\/\/radioinfinitagoya.com.ar\/v1\/2025\/08\/25\/mastantuono-fue-elogiado-tras-su-primer-partido-como-titular-en-el-real-madrid\/#primaryimage"},"image":{"@id":"https:\/\/radioinfinitagoya.com.ar\/v1\/2025\/08\/25\/mastantuono-fue-elogiado-tras-su-primer-partido-como-titular-en-el-real-madrid\/#primaryimage"},"thumbnailUrl":"https:\/\/radioinfinitagoya.com.ar\/v1\/wp-content\/uploads\/2025\/08\/GzDNHMfXEAARpkZ.jpg","datePublished":"2025-08-25T19:26:13+00:00","description":"Los medios especializados de Espa\u00f1a destacaron el rendimiento del futbolista argentino en el Merengue. \"Tiene interiorizada la intensidad que demanda el","breadcrumb":{"@id":"https:\/\/radioinfinitagoya.com.ar\/v1\/2025\/08\/25\/mastantuono-fue-elogiado-tras-su-primer-partido-como-titular-en-el-real-madrid\/#breadcrumb"},"inLanguage":"es-AR","potentialAction":[{"@type":"ReadAction","target":["https:\/\/radioinfinitagoya.com.ar\/v1\/2025\/08\/25\/mastantuono-fue-elogiado-tras-su-primer-partido-como-titular-en-el-real-madrid\/"]}]},{"@type":"ImageObject","inLanguage":"es-AR","@id":"https:\/\/radioinfinitagoya.com.ar\/v1\/2025\/08\/25\/mastantuono-fue-elogiado-tras-su-primer-partido-como-titular-en-el-real-madrid\/#primaryimage","url":"https:\/\/radioinfinitagoya.com.ar\/v1\/wp-content\/uploads\/2025\/08\/GzDNHMfXEAARpkZ.jpg","contentUrl":"https:\/\/radioinfinitagoya.com.ar\/v1\/wp-content\/uploads\/2025\/08\/GzDNHMfXEAARpkZ.jpg","width":510,"height":680},{"@type":"BreadcrumbList","@id":"https:\/\/radioinfinitagoya.com.ar\/v1\/2025\/08\/25\/mastantuono-fue-elogiado-tras-su-primer-partido-como-titular-en-el-real-madrid\/#breadcrumb","itemListElement":[{"@type":"ListItem","position":1,"name":"Inicio","item":"https:\/\/radioinfinitagoya.com.ar\/v1\/"},{"@type":"ListItem","position":2,"name":"Mastantuono fue elogiado tras su primer partido como titular en el Real Madrid"}]},{"@type":"WebSite","@id":"https:\/\/radioinfinitagoya.com.ar\/v1\/#website","url":"https:\/\/radioinfinitagoya.com.ar\/v1\/","name":"radioinfinitagoya.com.ar","description":"Radio de noticias","publisher":{"@id":"https:\/\/radioinfinitagoya.com.ar\/v1\/#organization"},"potentialAction":[{"@type":"SearchAction","target":{"@type":"EntryPoint","urlTemplate":"https:\/\/radioinfinitagoya.com.ar\/v1\/?s={search_term_string}"},"query-input":{"@type":"PropertyValueSpecification","valueRequired":true,"valueName":"search_term_string"}}],"inLanguage":"es-AR"},{"@type":"Organization","@id":"https:\/\/radioinfinitagoya.com.ar\/v1\/#organization","name":"Radio Infinita Goya","url":"https:\/\/radioinfinitagoya.com.ar\/v1\/","logo":{"@type":"ImageObject","inLanguage":"es-AR","@id":"https:\/\/radioinfinitagoya.com.ar\/v1\/#\/schema\/logo\/image\/","url":"https:\/\/radioinfinitagoya.com.ar\/v1\/wp-content\/uploads\/2019\/11\/logo-pie-web.png","contentUrl":"https:\/\/radioinfinitagoya.com.ar\/v1\/wp-content\/uploads\/2019\/11\/logo-pie-web.png","width":635,"height":326,"caption":"Radio Infinita Goya"},"image":{"@id":"https:\/\/radioinfinitagoya.com.ar\/v1\/#\/schema\/logo\/image\/"},"sameAs":["https:\/\/www.facebook.com\/p\/Infinita-Goya-100063870918311\/"]},{"@type":"Person","@id":"https:\/\/radioinfinitagoya.com.ar\/v1\/#\/schema\/person\/d4cf9c413d4f6edb24aabdccab49ca4a","name":"Jorge Mi\u00f1o","image":{"@type":"ImageObject","inLanguage":"es-AR","@id":"https:\/\/secure.gravatar.com\/avatar\/910fcf6728fe95320e07a6643c1581fec1c7fc4bf8ae12e3d8f0d0373dc844be?s=96&d=mm&r=g","url":"https:\/\/secure.gravatar.com\/avatar\/910fcf6728fe95320e07a6643c1581fec1c7fc4bf8ae12e3d8f0d0373dc844be?s=96&d=mm&r=g","contentUrl":"https:\/\/secure.gravatar.com\/avatar\/910fcf6728fe95320e07a6643c1581fec1c7fc4bf8ae12e3d8f0d0373dc844be?s=96&d=mm&r=g","caption":"Jorge Mi\u00f1o"},"sameAs":["http:\/\/radioinfinitagoya.com.ar"]}]}},"_links":{"self":[{"href":"https:\/\/radioinfinitagoya.com.ar\/v1\/wp-json\/wp\/v2\/posts\/194864","targetHints":{"allow":["GET"]}}],"collection":[{"href":"https:\/\/radioinfinitagoya.com.ar\/v1\/wp-json\/wp\/v2\/posts"}],"about":[{"href":"https:\/\/radioinfinitagoya.com.ar\/v1\/wp-json\/wp\/v2\/types\/post"}],"author":[{"embeddable":true,"href":"https:\/\/radioinfinitagoya.com.ar\/v1\/wp-json\/wp\/v2\/users\/4"}],"replies":[{"embeddable":true,"href":"https:\/\/radioinfinitagoya.com.ar\/v1\/wp-json\/wp\/v2\/comments?post=194864"}],"version-history":[{"count":0,"href":"https:\/\/radioinfinitagoya.com.ar\/v1\/wp-json\/wp\/v2\/posts\/194864\/revisions"}],"wp:featuredmedia":[{"embeddable":true,"href":"https:\/\/radioinfinitagoya.com.ar\/v1\/wp-json\/wp\/v2\/media\/194865"}],"wp:attachment":[{"href":"https:\/\/radioinfinitagoya.com.ar\/v1\/wp-json\/wp\/v2\/media?parent=194864"}],"wp:term":[{"taxonomy":"category","embeddable":true,"href":"https:\/\/radioinfinitagoya.com.ar\/v1\/wp-json\/wp\/v2\/categories?post=194864"},{"taxonomy":"post_tag","embeddable":true,"href":"https:\/\/radioinfinitagoya.com.ar\/v1\/wp-json\/wp\/v2\/tags?post=194864"}],"curies":[{"name":"wp","href":"https:\/\/api.w.org\/{rel}","templated":true}]}}