{"id":194944,"date":"2025-08-27T15:58:43","date_gmt":"2025-08-27T18:58:43","guid":{"rendered":"https:\/\/radioinfinitagoya.com.ar\/v1\/?p=194944"},"modified":"2025-08-27T15:58:43","modified_gmt":"2025-08-27T18:58:43","slug":"valdes-insto-a-continuar-con-mariano-hormaechea-para-el-crecimiento-de-goya","status":"publish","type":"post","link":"https:\/\/radioinfinitagoya.com.ar\/v1\/2025\/08\/27\/valdes-insto-a-continuar-con-mariano-hormaechea-para-el-crecimiento-de-goya\/","title":{"rendered":"Vald\u00e9s inst\u00f3 a continuar con Mariano Hormaechea para el crecimiento de Goya"},"content":{"rendered":"<p>El candidato a gobernador junto al jefe comunal, se comprometieron con m\u00e1s asfalto urbano, extensi\u00f3n de la Costanera y la creaci\u00f3n de una universidad p\u00fablica. Llamaron a seguir el rumbo pol\u00edtico y generar empleo de calidad en la ciudad.<\/p>\n<p>El candidato a gobernador, Juan Pablo Vald\u00e9s junto a su compa\u00f1ero de f\u00f3rmula Pedro Braillard Poccard encabez\u00f3 este martes el cierre de campa\u00f1a de Vamos Corrientes, en la segunda ciudad de la provincia.<\/p>\n<p>En esta instancia, se comprometi\u00f3 a continuar el crecimiento de la ciudad con la reelecci\u00f3n del jefe comunal. La propuesta incluye m\u00e1s asfalto urbano, extensi\u00f3n de la Costanera y una universidad p\u00fablica.<\/p>\n<p>En este sentido, inst\u00f3 a que toda la ciudadan\u00eda reflexione que debe continuar el rumbo para que el futuro les asegure empleos de calidad.<\/p>\n<p>En el club Amad de Goya y ante una multitud, Vamos Corrientes cerr\u00f3 su campa\u00f1a provincial con la presencia de candidatos y dirigentes locales, provinciales y nacionales de los partidos que integran el frente gobernante en la provincia.<\/p>\n<p>As\u00ed fue que adem\u00e1s de la f\u00f3rmula para la intendencia de Mariano Hormaechea y Sebasti\u00e1n Mazzaro, presentaron a los candidatos a concejales que los acompa\u00f1an: Emanuel Blanco, Ver\u00f3nica Ram\u00edrez, Marcelo Fratini, Gabriela Refojos, Pedro del Piaggio, Sandra Ponce, Luis Espagnolo, Vivianna Canaparo.<\/p>\n<p>Juan Pablo Vald\u00e9s cerr\u00f3 los discursos de la noche, afirmando que &#8220;estamos en la semana de cierres de campa\u00f1a y quiero decirles que hay un solo camino de desarrollo provincial y es Vamos Corrientes. Yo conf\u00edo en que los correntinos vamos a ir este domingo a reventar las urnas por el sue\u00f1o de esa provincia pujante, desarrollada y con futuro que queremos&#8221;.<\/p>\n<p><img loading=\"lazy\" decoding=\"async\" class=\"alignnone size-full wp-image-194946\" src=\"https:\/\/radioinfinitagoya.com.ar\/v1\/wp-content\/uploads\/2025\/08\/imagen-390.jpg\" alt=\"\" width=\"807\" height=\"534\" srcset=\"https:\/\/radioinfinitagoya.com.ar\/v1\/wp-content\/uploads\/2025\/08\/imagen-390.jpg 807w, https:\/\/radioinfinitagoya.com.ar\/v1\/wp-content\/uploads\/2025\/08\/imagen-390-696x461.jpg 696w, https:\/\/radioinfinitagoya.com.ar\/v1\/wp-content\/uploads\/2025\/08\/imagen-390-635x420.jpg 635w\" sizes=\"auto, (max-width: 807px) 100vw, 807px\" \/><\/p>\n<p>Luego consider\u00f3 que &#8220;la experiencia de la exitosa gesti\u00f3n de Gustavo Vald\u00e9s nos permite ahora a nosotros decir que vamos a ganar en primera vuelta, Mariano Hormaechea va a seguir siendo el intendente y vamos a trabajar juntos para que Goya siga creciendo&#8221;.<\/p>\n<p>&#8220;Nosotros venimos ahora a agregarle a este plan mucha frescura, renovaci\u00f3n, energ\u00eda y mucha pasi\u00f3n para hacer las cosas que todav\u00eda hacen falta, las obras para vivir mejor, m\u00e1s escuelas, viviendas y parques industriales, con producci\u00f3n, energ\u00eda y caminos, y el Puerto de Lavalle que lo vamos a hacer con Hugo Perrota. Y ac\u00e1 en Goya vamos a trabajar para asfaltar todo lo que se pueda. Y la Costanera no s\u00f3lo la vamos a terminar, sino que la vamos a extender para que Goya siga creciendo. En lo educativo, vamos a trabajar con Mariano para que la universidad p\u00fablica llegue y los goyanos tengan un mejor futuro&#8221;, sostuvo.<\/p>\n<p>Y concluy\u00f3 que &#8220;vamos a trabajar todos juntos para que cada correntino tenga una oportunidad de salir adelante y ganarse la vida de manera honrada y que juntos hagamos grande esta provincia. Por eso le pido a todos un \u00faltimo esfuerzo para sostener este rumbo, dici\u00e9ndoles a cada vecino, cada familiar y cada amigo que este domingo hay proyectos que plantean volver al pasado, mientras nosotros somos los \u00fanicos que ofrecemos futuro, por eso vamos Corrientes&#8221;.<\/p>\n<p>Antes, el gobernador y candidato a senador provincial Gustavo Vald\u00e9s dijo que &#8220;siempre me reciben muy bien en Goya, porque le puse mucho empe\u00f1o a la gesti\u00f3n en esta ciudad y Juan Pablo lo seguir\u00e1 haciendo&#8221;.<\/p>\n<p><img loading=\"lazy\" decoding=\"async\" class=\"alignnone size-full wp-image-194947\" src=\"https:\/\/radioinfinitagoya.com.ar\/v1\/wp-content\/uploads\/2025\/08\/imagen-389.jpg\" alt=\"\" width=\"807\" height=\"534\" srcset=\"https:\/\/radioinfinitagoya.com.ar\/v1\/wp-content\/uploads\/2025\/08\/imagen-389.jpg 807w, https:\/\/radioinfinitagoya.com.ar\/v1\/wp-content\/uploads\/2025\/08\/imagen-389-696x461.jpg 696w, https:\/\/radioinfinitagoya.com.ar\/v1\/wp-content\/uploads\/2025\/08\/imagen-389-635x420.jpg 635w\" sizes=\"auto, (max-width: 807px) 100vw, 807px\" \/><\/p>\n<p>&#8220;Nuestro acuerdo es con los vecinos, los movimientos sociales, con los emprendedores, con los que pelean cada d\u00eda, con los docentes, los polic\u00edas, y en definitiva con la gente de bien que quiere construir una provincia en paz y con desarrollo&#8221;, agreg\u00f3.<\/p>\n<p>Luego aclar\u00f3 que &#8220;yo creo en la pol\u00edtica de la construcci\u00f3n, del respeto y del di\u00e1logo, por eso es posible que estemos juntos con quienes antes fuimos adversarios y en eso quiero agradecer la presencia del senador nacional Camau Esp\u00ednola, porque juntos vamos a construir el futuro para los correntinos. Y nosotros como provincianos tenemos que luchar por nuestra patria chica y plantarnos en Buenos Aires a reclamar lo nuestro. Tenemos que mandar a Di\u00f3genes Gonz\u00e1lez y Pr\u00e1xedes L\u00f3pez al Congreso de la Naci\u00f3n a pelear por Corrientes. Y nadie puede venir a decirnos con mentiras y calumnias lo que hicimos o lo que no hicimos, la gente lo sabe muy bien, porque las obras son concretas.<\/p>\n<p>A su turno, Mariano Hormaechea dijo que &#8220;desde en el 2021 con el apoyo del 70 por ciento de los vecinos, hicimos una cosa fundamental en pol\u00edtica; cumplir la palabra. Y trabajando en equipo pudimos hacer mucho: avanzamos en nuestro parque industrial, d\u00f3nde hay m\u00e1s de 2 mil empleados trabajando gracias a inversiones privadas. Tambi\u00e9n gracias al gobernador Gustavo Vald\u00e9s pudimos extender a muchos barrios iluminaci\u00f3n, cord\u00f3n cuneta y enripiado. En lo tur\u00edstico crecimos, revalorizando nuestra Fiesta Nacional de la Pesca del Surub\u00ed. Recuperamos los espacios p\u00fablicos, revalorizamos nuestra Costanera Norte y ahora la vamos a extender hasta la zona del Remanso y ser\u00e1 un hecho hist\u00f3rico&#8221;.<\/p>\n<p>Y agreg\u00f3 que &#8220;junto a los vecinos, con nuestro programa &#8216;Mita y mita&#8217; hicimos m\u00e1s de 80 cuadras de pavimento y junto al Gobierno provincial hicimos m\u00e1s de 120 cuadras. Y ahora vamos por m\u00e1s , porque es una decisi\u00f3n del gobernador Gustavo Vald\u00e9s hacer en Goya la cuarta planta asf\u00e1ltica de la provincia.<\/p>\n<p>&#8220;Y ahora se empieza a cumplir el sue\u00f1o de tener una universidad p\u00fablica en nuestra ciudad en el predio de ex Massalin que el Gobierno provincial adquiri\u00f3&#8221;, concluy\u00f3.<\/p>\n<p>En tanto, Braillard Poccard consider\u00f3 que &#8220;para nosotros esta campa\u00f1a fue muy sencilla, porque simplemente mostramos lo que hicimos y dijimos lo que vamos a hacer, respaldando nuestra palabra con los hechos concretos. Estamos orgullosos hoy de haber inaugurado el Instituto de Oncolog\u00eda, porque ser\u00e1 para todos por igual como lo fue el Hospital de Campa\u00f1a y Juan Pablo ser\u00e1 el continuador de esa esencia que Gustavo Vald\u00e9s le imprimi\u00f3 a su gesti\u00f3n&#8221;.<\/p>\n<p>Y la diputada nacional y candidata a diputada provincial Sof\u00eda Brambilla expres\u00f3 que &#8220;yo me siento orgullosa de estar en este equipo, porque nunca dejamos de lado la inclusi\u00f3n social, no vamos a dar ni un paso atr\u00e1s, no le vamos a dejar avanzar a esos que quieren venir a recortar el Estado. El equilibrio fiscal no tiene que ser para empobrecer, sino para hacer escuelas, arreglar rutas y generar oportunidades de crecimiento, as\u00ed que este domingo no vamos a permitir que nos vengan con un populismo barato&#8221;.<\/p>\n<p>En la misma l\u00ednea, el aspirante a edil, Emanuel Blanco dijo en la misma l\u00ednea que &#8220;en esta ciudad y en esta provincia tenemos un intendente y un gobernador que se ocupan de la gente con un Estado presente, porque entendemos que la inclusi\u00f3n social es la gran columna vertebral de Vamos Corrientes&#8221;.<\/p>\n","protected":false},"excerpt":{"rendered":"<p>El candidato a gobernador junto al jefe comunal, se comprometieron con m\u00e1s asfalto urbano, extensi\u00f3n de la Costanera y la creaci\u00f3n de una universidad p\u00fablica. Llamaron a seguir el rumbo pol\u00edtico y generar empleo de calidad en la ciudad. El candidato a gobernador, Juan Pablo Vald\u00e9s junto a su compa\u00f1ero de f\u00f3rmula Pedro Braillard Poccard [&hellip;]<\/p>\n","protected":false},"author":4,"featured_media":194945,"comment_status":"closed","ping_status":"closed","sticky":false,"template":"","format":"standard","meta":{"_joinchat":[],"footnotes":""},"categories":[34],"tags":[],"class_list":{"0":"post-194944","1":"post","2":"type-post","3":"status-publish","4":"format-standard","5":"has-post-thumbnail","7":"category-principal"},"yoast_head":"<!-- This site is optimized with the Yoast SEO plugin v27.2 - https:\/\/yoast.com\/product\/yoast-seo-wordpress\/ -->\n<title>Vald\u00e9s inst\u00f3 a continuar con Mariano Hormaechea para el crecimiento de Goya - Radio Infinita Goya<\/title>\n<meta name=\"description\" content=\"El candidato a gobernador junto al jefe comunal, se comprometieron con m\u00e1s asfalto urbano, extensi\u00f3n de la Costanera y la creaci\u00f3n de una universidad\" \/>\n<meta name=\"robots\" content=\"index, follow, max-snippet:-1, max-image-preview:large, max-video-preview:-1\" \/>\n<link rel=\"canonical\" href=\"https:\/\/radioinfinitagoya.com.ar\/v1\/2025\/08\/27\/valdes-insto-a-continuar-con-mariano-hormaechea-para-el-crecimiento-de-goya\/\" \/>\n<meta property=\"og:locale\" content=\"es_ES\" \/>\n<meta property=\"og:type\" content=\"article\" \/>\n<meta property=\"og:title\" content=\"Vald\u00e9s inst\u00f3 a continuar con Mariano Hormaechea para el crecimiento de Goya - Radio Infinita Goya\" \/>\n<meta property=\"og:description\" content=\"El candidato a gobernador junto al jefe comunal, se comprometieron con m\u00e1s asfalto urbano, extensi\u00f3n de la Costanera y la creaci\u00f3n de una universidad\" \/>\n<meta property=\"og:url\" content=\"https:\/\/radioinfinitagoya.com.ar\/v1\/2025\/08\/27\/valdes-insto-a-continuar-con-mariano-hormaechea-para-el-crecimiento-de-goya\/\" \/>\n<meta property=\"og:site_name\" content=\"Radio Infinita Goya\" \/>\n<meta property=\"article:publisher\" content=\"https:\/\/www.facebook.com\/p\/Infinita-Goya-100063870918311\/\" \/>\n<meta property=\"article:published_time\" content=\"2025-08-27T18:58:43+00:00\" \/>\n<meta property=\"og:image\" content=\"https:\/\/radioinfinitagoya.com.ar\/v1\/wp-content\/uploads\/2025\/08\/1756295042217.webp\" \/>\n\t<meta property=\"og:image:width\" content=\"1200\" \/>\n\t<meta property=\"og:image:height\" content=\"675\" \/>\n\t<meta property=\"og:image:type\" content=\"image\/webp\" \/>\n<meta name=\"author\" content=\"Jorge Mi\u00f1o\" \/>\n<meta name=\"twitter:card\" content=\"summary_large_image\" \/>\n<meta name=\"twitter:label1\" content=\"Escrito por\" \/>\n\t<meta name=\"twitter:data1\" content=\"Jorge Mi\u00f1o\" \/>\n\t<meta name=\"twitter:label2\" content=\"Tiempo de lectura\" \/>\n\t<meta name=\"twitter:data2\" content=\"6 minutos\" \/>\n<script type=\"application\/ld+json\" class=\"yoast-schema-graph\">{\"@context\":\"https:\/\/schema.org\",\"@graph\":[{\"@type\":\"Article\",\"@id\":\"https:\/\/radioinfinitagoya.com.ar\/v1\/2025\/08\/27\/valdes-insto-a-continuar-con-mariano-hormaechea-para-el-crecimiento-de-goya\/#article\",\"isPartOf\":{\"@id\":\"https:\/\/radioinfinitagoya.com.ar\/v1\/2025\/08\/27\/valdes-insto-a-continuar-con-mariano-hormaechea-para-el-crecimiento-de-goya\/\"},\"author\":{\"name\":\"Jorge Mi\u00f1o\",\"@id\":\"https:\/\/radioinfinitagoya.com.ar\/v1\/#\/schema\/person\/d4cf9c413d4f6edb24aabdccab49ca4a\"},\"headline\":\"Vald\u00e9s inst\u00f3 a continuar con Mariano Hormaechea para el crecimiento de Goya\",\"datePublished\":\"2025-08-27T18:58:43+00:00\",\"mainEntityOfPage\":{\"@id\":\"https:\/\/radioinfinitagoya.com.ar\/v1\/2025\/08\/27\/valdes-insto-a-continuar-con-mariano-hormaechea-para-el-crecimiento-de-goya\/\"},\"wordCount\":1182,\"publisher\":{\"@id\":\"https:\/\/radioinfinitagoya.com.ar\/v1\/#organization\"},\"image\":{\"@id\":\"https:\/\/radioinfinitagoya.com.ar\/v1\/2025\/08\/27\/valdes-insto-a-continuar-con-mariano-hormaechea-para-el-crecimiento-de-goya\/#primaryimage\"},\"thumbnailUrl\":\"https:\/\/radioinfinitagoya.com.ar\/v1\/wp-content\/uploads\/2025\/08\/1756295042217.webp\",\"articleSection\":[\"PRINCIPAL\"],\"inLanguage\":\"es-AR\"},{\"@type\":\"WebPage\",\"@id\":\"https:\/\/radioinfinitagoya.com.ar\/v1\/2025\/08\/27\/valdes-insto-a-continuar-con-mariano-hormaechea-para-el-crecimiento-de-goya\/\",\"url\":\"https:\/\/radioinfinitagoya.com.ar\/v1\/2025\/08\/27\/valdes-insto-a-continuar-con-mariano-hormaechea-para-el-crecimiento-de-goya\/\",\"name\":\"Vald\u00e9s inst\u00f3 a continuar con Mariano Hormaechea para el crecimiento de Goya - Radio Infinita Goya\",\"isPartOf\":{\"@id\":\"https:\/\/radioinfinitagoya.com.ar\/v1\/#website\"},\"primaryImageOfPage\":{\"@id\":\"https:\/\/radioinfinitagoya.com.ar\/v1\/2025\/08\/27\/valdes-insto-a-continuar-con-mariano-hormaechea-para-el-crecimiento-de-goya\/#primaryimage\"},\"image\":{\"@id\":\"https:\/\/radioinfinitagoya.com.ar\/v1\/2025\/08\/27\/valdes-insto-a-continuar-con-mariano-hormaechea-para-el-crecimiento-de-goya\/#primaryimage\"},\"thumbnailUrl\":\"https:\/\/radioinfinitagoya.com.ar\/v1\/wp-content\/uploads\/2025\/08\/1756295042217.webp\",\"datePublished\":\"2025-08-27T18:58:43+00:00\",\"description\":\"El candidato a gobernador junto al jefe comunal, se comprometieron con m\u00e1s asfalto urbano, extensi\u00f3n de la Costanera y la creaci\u00f3n de una universidad\",\"breadcrumb\":{\"@id\":\"https:\/\/radioinfinitagoya.com.ar\/v1\/2025\/08\/27\/valdes-insto-a-continuar-con-mariano-hormaechea-para-el-crecimiento-de-goya\/#breadcrumb\"},\"inLanguage\":\"es-AR\",\"potentialAction\":[{\"@type\":\"ReadAction\",\"target\":[\"https:\/\/radioinfinitagoya.com.ar\/v1\/2025\/08\/27\/valdes-insto-a-continuar-con-mariano-hormaechea-para-el-crecimiento-de-goya\/\"]}]},{\"@type\":\"ImageObject\",\"inLanguage\":\"es-AR\",\"@id\":\"https:\/\/radioinfinitagoya.com.ar\/v1\/2025\/08\/27\/valdes-insto-a-continuar-con-mariano-hormaechea-para-el-crecimiento-de-goya\/#primaryimage\",\"url\":\"https:\/\/radioinfinitagoya.com.ar\/v1\/wp-content\/uploads\/2025\/08\/1756295042217.webp\",\"contentUrl\":\"https:\/\/radioinfinitagoya.com.ar\/v1\/wp-content\/uploads\/2025\/08\/1756295042217.webp\",\"width\":1200,\"height\":675},{\"@type\":\"BreadcrumbList\",\"@id\":\"https:\/\/radioinfinitagoya.com.ar\/v1\/2025\/08\/27\/valdes-insto-a-continuar-con-mariano-hormaechea-para-el-crecimiento-de-goya\/#breadcrumb\",\"itemListElement\":[{\"@type\":\"ListItem\",\"position\":1,\"name\":\"Inicio\",\"item\":\"https:\/\/radioinfinitagoya.com.ar\/v1\/\"},{\"@type\":\"ListItem\",\"position\":2,\"name\":\"Vald\u00e9s inst\u00f3 a continuar con Mariano Hormaechea para el crecimiento de Goya\"}]},{\"@type\":\"WebSite\",\"@id\":\"https:\/\/radioinfinitagoya.com.ar\/v1\/#website\",\"url\":\"https:\/\/radioinfinitagoya.com.ar\/v1\/\",\"name\":\"radioinfinitagoya.com.ar\",\"description\":\"Radio de noticias\",\"publisher\":{\"@id\":\"https:\/\/radioinfinitagoya.com.ar\/v1\/#organization\"},\"potentialAction\":[{\"@type\":\"SearchAction\",\"target\":{\"@type\":\"EntryPoint\",\"urlTemplate\":\"https:\/\/radioinfinitagoya.com.ar\/v1\/?s={search_term_string}\"},\"query-input\":{\"@type\":\"PropertyValueSpecification\",\"valueRequired\":true,\"valueName\":\"search_term_string\"}}],\"inLanguage\":\"es-AR\"},{\"@type\":\"Organization\",\"@id\":\"https:\/\/radioinfinitagoya.com.ar\/v1\/#organization\",\"name\":\"Radio Infinita Goya\",\"url\":\"https:\/\/radioinfinitagoya.com.ar\/v1\/\",\"logo\":{\"@type\":\"ImageObject\",\"inLanguage\":\"es-AR\",\"@id\":\"https:\/\/radioinfinitagoya.com.ar\/v1\/#\/schema\/logo\/image\/\",\"url\":\"https:\/\/radioinfinitagoya.com.ar\/v1\/wp-content\/uploads\/2019\/11\/logo-pie-web.png\",\"contentUrl\":\"https:\/\/radioinfinitagoya.com.ar\/v1\/wp-content\/uploads\/2019\/11\/logo-pie-web.png\",\"width\":635,\"height\":326,\"caption\":\"Radio Infinita Goya\"},\"image\":{\"@id\":\"https:\/\/radioinfinitagoya.com.ar\/v1\/#\/schema\/logo\/image\/\"},\"sameAs\":[\"https:\/\/www.facebook.com\/p\/Infinita-Goya-100063870918311\/\"]},{\"@type\":\"Person\",\"@id\":\"https:\/\/radioinfinitagoya.com.ar\/v1\/#\/schema\/person\/d4cf9c413d4f6edb24aabdccab49ca4a\",\"name\":\"Jorge Mi\u00f1o\",\"image\":{\"@type\":\"ImageObject\",\"inLanguage\":\"es-AR\",\"@id\":\"https:\/\/secure.gravatar.com\/avatar\/910fcf6728fe95320e07a6643c1581fec1c7fc4bf8ae12e3d8f0d0373dc844be?s=96&d=mm&r=g\",\"url\":\"https:\/\/secure.gravatar.com\/avatar\/910fcf6728fe95320e07a6643c1581fec1c7fc4bf8ae12e3d8f0d0373dc844be?s=96&d=mm&r=g\",\"contentUrl\":\"https:\/\/secure.gravatar.com\/avatar\/910fcf6728fe95320e07a6643c1581fec1c7fc4bf8ae12e3d8f0d0373dc844be?s=96&d=mm&r=g\",\"caption\":\"Jorge Mi\u00f1o\"},\"sameAs\":[\"http:\/\/radioinfinitagoya.com.ar\"]}]}<\/script>\n<!-- \/ Yoast SEO plugin. -->","yoast_head_json":{"title":"Vald\u00e9s inst\u00f3 a continuar con Mariano Hormaechea para el crecimiento de Goya - Radio Infinita Goya","description":"El candidato a gobernador junto al jefe comunal, se comprometieron con m\u00e1s asfalto urbano, extensi\u00f3n de la Costanera y la creaci\u00f3n de una universidad","robots":{"index":"index","follow":"follow","max-snippet":"max-snippet:-1","max-image-preview":"max-image-preview:large","max-video-preview":"max-video-preview:-1"},"canonical":"https:\/\/radioinfinitagoya.com.ar\/v1\/2025\/08\/27\/valdes-insto-a-continuar-con-mariano-hormaechea-para-el-crecimiento-de-goya\/","og_locale":"es_ES","og_type":"article","og_title":"Vald\u00e9s inst\u00f3 a continuar con Mariano Hormaechea para el crecimiento de Goya - Radio Infinita Goya","og_description":"El candidato a gobernador junto al jefe comunal, se comprometieron con m\u00e1s asfalto urbano, extensi\u00f3n de la Costanera y la creaci\u00f3n de una universidad","og_url":"https:\/\/radioinfinitagoya.com.ar\/v1\/2025\/08\/27\/valdes-insto-a-continuar-con-mariano-hormaechea-para-el-crecimiento-de-goya\/","og_site_name":"Radio Infinita Goya","article_publisher":"https:\/\/www.facebook.com\/p\/Infinita-Goya-100063870918311\/","article_published_time":"2025-08-27T18:58:43+00:00","og_image":[{"width":1200,"height":675,"url":"https:\/\/radioinfinitagoya.com.ar\/v1\/wp-content\/uploads\/2025\/08\/1756295042217.webp","type":"image\/webp"}],"author":"Jorge Mi\u00f1o","twitter_card":"summary_large_image","twitter_misc":{"Escrito por":"Jorge Mi\u00f1o","Tiempo de lectura":"6 minutos"},"schema":{"@context":"https:\/\/schema.org","@graph":[{"@type":"Article","@id":"https:\/\/radioinfinitagoya.com.ar\/v1\/2025\/08\/27\/valdes-insto-a-continuar-con-mariano-hormaechea-para-el-crecimiento-de-goya\/#article","isPartOf":{"@id":"https:\/\/radioinfinitagoya.com.ar\/v1\/2025\/08\/27\/valdes-insto-a-continuar-con-mariano-hormaechea-para-el-crecimiento-de-goya\/"},"author":{"name":"Jorge Mi\u00f1o","@id":"https:\/\/radioinfinitagoya.com.ar\/v1\/#\/schema\/person\/d4cf9c413d4f6edb24aabdccab49ca4a"},"headline":"Vald\u00e9s inst\u00f3 a continuar con Mariano Hormaechea para el crecimiento de Goya","datePublished":"2025-08-27T18:58:43+00:00","mainEntityOfPage":{"@id":"https:\/\/radioinfinitagoya.com.ar\/v1\/2025\/08\/27\/valdes-insto-a-continuar-con-mariano-hormaechea-para-el-crecimiento-de-goya\/"},"wordCount":1182,"publisher":{"@id":"https:\/\/radioinfinitagoya.com.ar\/v1\/#organization"},"image":{"@id":"https:\/\/radioinfinitagoya.com.ar\/v1\/2025\/08\/27\/valdes-insto-a-continuar-con-mariano-hormaechea-para-el-crecimiento-de-goya\/#primaryimage"},"thumbnailUrl":"https:\/\/radioinfinitagoya.com.ar\/v1\/wp-content\/uploads\/2025\/08\/1756295042217.webp","articleSection":["PRINCIPAL"],"inLanguage":"es-AR"},{"@type":"WebPage","@id":"https:\/\/radioinfinitagoya.com.ar\/v1\/2025\/08\/27\/valdes-insto-a-continuar-con-mariano-hormaechea-para-el-crecimiento-de-goya\/","url":"https:\/\/radioinfinitagoya.com.ar\/v1\/2025\/08\/27\/valdes-insto-a-continuar-con-mariano-hormaechea-para-el-crecimiento-de-goya\/","name":"Vald\u00e9s inst\u00f3 a continuar con Mariano Hormaechea para el crecimiento de Goya - Radio Infinita Goya","isPartOf":{"@id":"https:\/\/radioinfinitagoya.com.ar\/v1\/#website"},"primaryImageOfPage":{"@id":"https:\/\/radioinfinitagoya.com.ar\/v1\/2025\/08\/27\/valdes-insto-a-continuar-con-mariano-hormaechea-para-el-crecimiento-de-goya\/#primaryimage"},"image":{"@id":"https:\/\/radioinfinitagoya.com.ar\/v1\/2025\/08\/27\/valdes-insto-a-continuar-con-mariano-hormaechea-para-el-crecimiento-de-goya\/#primaryimage"},"thumbnailUrl":"https:\/\/radioinfinitagoya.com.ar\/v1\/wp-content\/uploads\/2025\/08\/1756295042217.webp","datePublished":"2025-08-27T18:58:43+00:00","description":"El candidato a gobernador junto al jefe comunal, se comprometieron con m\u00e1s asfalto urbano, extensi\u00f3n de la Costanera y la creaci\u00f3n de una universidad","breadcrumb":{"@id":"https:\/\/radioinfinitagoya.com.ar\/v1\/2025\/08\/27\/valdes-insto-a-continuar-con-mariano-hormaechea-para-el-crecimiento-de-goya\/#breadcrumb"},"inLanguage":"es-AR","potentialAction":[{"@type":"ReadAction","target":["https:\/\/radioinfinitagoya.com.ar\/v1\/2025\/08\/27\/valdes-insto-a-continuar-con-mariano-hormaechea-para-el-crecimiento-de-goya\/"]}]},{"@type":"ImageObject","inLanguage":"es-AR","@id":"https:\/\/radioinfinitagoya.com.ar\/v1\/2025\/08\/27\/valdes-insto-a-continuar-con-mariano-hormaechea-para-el-crecimiento-de-goya\/#primaryimage","url":"https:\/\/radioinfinitagoya.com.ar\/v1\/wp-content\/uploads\/2025\/08\/1756295042217.webp","contentUrl":"https:\/\/radioinfinitagoya.com.ar\/v1\/wp-content\/uploads\/2025\/08\/1756295042217.webp","width":1200,"height":675},{"@type":"BreadcrumbList","@id":"https:\/\/radioinfinitagoya.com.ar\/v1\/2025\/08\/27\/valdes-insto-a-continuar-con-mariano-hormaechea-para-el-crecimiento-de-goya\/#breadcrumb","itemListElement":[{"@type":"ListItem","position":1,"name":"Inicio","item":"https:\/\/radioinfinitagoya.com.ar\/v1\/"},{"@type":"ListItem","position":2,"name":"Vald\u00e9s inst\u00f3 a continuar con Mariano Hormaechea para el crecimiento de Goya"}]},{"@type":"WebSite","@id":"https:\/\/radioinfinitagoya.com.ar\/v1\/#website","url":"https:\/\/radioinfinitagoya.com.ar\/v1\/","name":"radioinfinitagoya.com.ar","description":"Radio de noticias","publisher":{"@id":"https:\/\/radioinfinitagoya.com.ar\/v1\/#organization"},"potentialAction":[{"@type":"SearchAction","target":{"@type":"EntryPoint","urlTemplate":"https:\/\/radioinfinitagoya.com.ar\/v1\/?s={search_term_string}"},"query-input":{"@type":"PropertyValueSpecification","valueRequired":true,"valueName":"search_term_string"}}],"inLanguage":"es-AR"},{"@type":"Organization","@id":"https:\/\/radioinfinitagoya.com.ar\/v1\/#organization","name":"Radio Infinita Goya","url":"https:\/\/radioinfinitagoya.com.ar\/v1\/","logo":{"@type":"ImageObject","inLanguage":"es-AR","@id":"https:\/\/radioinfinitagoya.com.ar\/v1\/#\/schema\/logo\/image\/","url":"https:\/\/radioinfinitagoya.com.ar\/v1\/wp-content\/uploads\/2019\/11\/logo-pie-web.png","contentUrl":"https:\/\/radioinfinitagoya.com.ar\/v1\/wp-content\/uploads\/2019\/11\/logo-pie-web.png","width":635,"height":326,"caption":"Radio Infinita Goya"},"image":{"@id":"https:\/\/radioinfinitagoya.com.ar\/v1\/#\/schema\/logo\/image\/"},"sameAs":["https:\/\/www.facebook.com\/p\/Infinita-Goya-100063870918311\/"]},{"@type":"Person","@id":"https:\/\/radioinfinitagoya.com.ar\/v1\/#\/schema\/person\/d4cf9c413d4f6edb24aabdccab49ca4a","name":"Jorge Mi\u00f1o","image":{"@type":"ImageObject","inLanguage":"es-AR","@id":"https:\/\/secure.gravatar.com\/avatar\/910fcf6728fe95320e07a6643c1581fec1c7fc4bf8ae12e3d8f0d0373dc844be?s=96&d=mm&r=g","url":"https:\/\/secure.gravatar.com\/avatar\/910fcf6728fe95320e07a6643c1581fec1c7fc4bf8ae12e3d8f0d0373dc844be?s=96&d=mm&r=g","contentUrl":"https:\/\/secure.gravatar.com\/avatar\/910fcf6728fe95320e07a6643c1581fec1c7fc4bf8ae12e3d8f0d0373dc844be?s=96&d=mm&r=g","caption":"Jorge Mi\u00f1o"},"sameAs":["http:\/\/radioinfinitagoya.com.ar"]}]}},"_links":{"self":[{"href":"https:\/\/radioinfinitagoya.com.ar\/v1\/wp-json\/wp\/v2\/posts\/194944","targetHints":{"allow":["GET"]}}],"collection":[{"href":"https:\/\/radioinfinitagoya.com.ar\/v1\/wp-json\/wp\/v2\/posts"}],"about":[{"href":"https:\/\/radioinfinitagoya.com.ar\/v1\/wp-json\/wp\/v2\/types\/post"}],"author":[{"embeddable":true,"href":"https:\/\/radioinfinitagoya.com.ar\/v1\/wp-json\/wp\/v2\/users\/4"}],"replies":[{"embeddable":true,"href":"https:\/\/radioinfinitagoya.com.ar\/v1\/wp-json\/wp\/v2\/comments?post=194944"}],"version-history":[{"count":0,"href":"https:\/\/radioinfinitagoya.com.ar\/v1\/wp-json\/wp\/v2\/posts\/194944\/revisions"}],"wp:featuredmedia":[{"embeddable":true,"href":"https:\/\/radioinfinitagoya.com.ar\/v1\/wp-json\/wp\/v2\/media\/194945"}],"wp:attachment":[{"href":"https:\/\/radioinfinitagoya.com.ar\/v1\/wp-json\/wp\/v2\/media?parent=194944"}],"wp:term":[{"taxonomy":"category","embeddable":true,"href":"https:\/\/radioinfinitagoya.com.ar\/v1\/wp-json\/wp\/v2\/categories?post=194944"},{"taxonomy":"post_tag","embeddable":true,"href":"https:\/\/radioinfinitagoya.com.ar\/v1\/wp-json\/wp\/v2\/tags?post=194944"}],"curies":[{"name":"wp","href":"https:\/\/api.w.org\/{rel}","templated":true}]}}