{"id":195221,"date":"2025-09-01T16:31:29","date_gmt":"2025-09-01T19:31:29","guid":{"rendered":"https:\/\/radioinfinitagoya.com.ar\/v1\/?p=195221"},"modified":"2025-09-01T16:31:29","modified_gmt":"2025-09-01T19:31:29","slug":"regatas-abrio-la-segunda-semana-de-pretemporada","status":"publish","type":"post","link":"https:\/\/radioinfinitagoya.com.ar\/v1\/2025\/09\/01\/regatas-abrio-la-segunda-semana-de-pretemporada\/","title":{"rendered":"Regatas abri\u00f3 la segunda semana de pretemporada"},"content":{"rendered":"<p>El Club de Regatas Corrientes puso en marcha este lunes su segunda semana de pretemporada de cara a una nueva participaci\u00f3n en la m\u00e1xima categor\u00eda del b\u00e1squet argentino y donde tendr\u00e1 compromiso internacional con la Liga Sudamericana. El equipo dirigido por Juan Varas contin\u00fao con los trabajos en el estadio &#8220;Mart\u00edn A. Brisco&#8221; del Club Atl\u00e9tico Alvear, en las inmediaciones del parque Mitre.<\/p>\n<p>Al igual que la primera semana, el comienzo de la segunda semana de labores cont\u00f3 con la presencia de todos los jugadores mayores m\u00e1s el grupo de juveniles que integrar\u00e1 la Liga de Desarrollo, estando ausentes solamente Tayavek Gallizzi, qui\u00e9n se encuentra en el \u00faltimo per\u00edodo de recuperaci\u00f3n de una lesi\u00f3n en su rodilla y el dominicano Luis Santos, qui\u00e9n se sumar\u00e1 al resto de sus compa\u00f1eros m\u00e1s adelante.<\/p>\n<p>Los trabajos del plantel &#8220;fantasma&#8221; est\u00e1n a cargo del preparador f\u00edsico Guillermo Stieg en cuanto a gimnasio y entrada en calor, contando con el acompa\u00f1amiento del kinesi\u00f3logo Milton Cardozo. En tanto que en materia de b\u00e1squet el equipo realiza labores de t\u00e9cnica individual con los asistentes Manuel S\u00e1nchez y Diego Checenelli, mientras que Juan Varas toma la posta con lo t\u00e1ctico y delimitando las reglas de trabajo para la temporada.<\/p>\n<p>De esta manera, desde el este lunes el elenco del Parque Mitre afronta su segunda semana de preparaci\u00f3n para una nueva temporada de la Liga Nacional de B\u00e1squetbol (LNB), donde buscar\u00e1 repetir o mejorar lo hecho en la anterior donde lleg\u00f3 a meterse entre los cuatro mejores del certamen, y donde adem\u00e1s se dar\u00e1 su regreso a la Liga Sudamericana, certamen que supo ganar en dos oportunidades y la cual jug\u00f3 por \u00faltima vez en 2022.<\/p>\n<p>&nbsp;<\/p>\n","protected":false},"excerpt":{"rendered":"<p>El Club de Regatas Corrientes puso en marcha este lunes su segunda semana de pretemporada de cara a una nueva participaci\u00f3n en la m\u00e1xima categor\u00eda del b\u00e1squet argentino y donde tendr\u00e1 compromiso internacional con la Liga Sudamericana. El equipo dirigido por Juan Varas contin\u00fao con los trabajos en el estadio &#8220;Mart\u00edn A. Brisco&#8221; del Club [&hellip;]<\/p>\n","protected":false},"author":4,"featured_media":195222,"comment_status":"closed","ping_status":"closed","sticky":false,"template":"","format":"standard","meta":{"_joinchat":[],"footnotes":""},"categories":[28],"tags":[],"class_list":{"0":"post-195221","1":"post","2":"type-post","3":"status-publish","4":"format-standard","5":"has-post-thumbnail","7":"category-deportes"},"yoast_head":"<!-- This site is optimized with the Yoast SEO plugin v27.2 - https:\/\/yoast.com\/product\/yoast-seo-wordpress\/ -->\n<title>Regatas abri\u00f3 la segunda semana de pretemporada - Radio Infinita Goya<\/title>\n<meta name=\"description\" content=\"El Club de Regatas Corrientes puso en marcha este lunes su segunda semana de pretemporada de cara a una nueva participaci\u00f3n en la m\u00e1xima categor\u00eda del\" \/>\n<meta name=\"robots\" content=\"index, follow, max-snippet:-1, max-image-preview:large, max-video-preview:-1\" \/>\n<link rel=\"canonical\" href=\"https:\/\/radioinfinitagoya.com.ar\/v1\/2025\/09\/01\/regatas-abrio-la-segunda-semana-de-pretemporada\/\" \/>\n<meta property=\"og:locale\" content=\"es_ES\" \/>\n<meta property=\"og:type\" content=\"article\" \/>\n<meta property=\"og:title\" content=\"Regatas abri\u00f3 la segunda semana de pretemporada - Radio Infinita Goya\" \/>\n<meta property=\"og:description\" content=\"El Club de Regatas Corrientes puso en marcha este lunes su segunda semana de pretemporada de cara a una nueva participaci\u00f3n en la m\u00e1xima categor\u00eda del\" \/>\n<meta property=\"og:url\" content=\"https:\/\/radioinfinitagoya.com.ar\/v1\/2025\/09\/01\/regatas-abrio-la-segunda-semana-de-pretemporada\/\" \/>\n<meta property=\"og:site_name\" content=\"Radio Infinita Goya\" \/>\n<meta property=\"article:publisher\" content=\"https:\/\/www.facebook.com\/p\/Infinita-Goya-100063870918311\/\" \/>\n<meta property=\"article:published_time\" content=\"2025-09-01T19:31:29+00:00\" \/>\n<meta property=\"og:image\" content=\"https:\/\/radioinfinitagoya.com.ar\/v1\/wp-content\/uploads\/2025\/09\/REGATASSEGUNDASEMANA.jpg\" \/>\n\t<meta property=\"og:image:width\" content=\"1638\" \/>\n\t<meta property=\"og:image:height\" content=\"1500\" \/>\n\t<meta property=\"og:image:type\" content=\"image\/jpeg\" \/>\n<meta name=\"author\" content=\"Jorge Mi\u00f1o\" \/>\n<meta name=\"twitter:card\" content=\"summary_large_image\" \/>\n<meta name=\"twitter:label1\" content=\"Escrito por\" \/>\n\t<meta name=\"twitter:data1\" content=\"Jorge Mi\u00f1o\" \/>\n\t<meta name=\"twitter:label2\" content=\"Tiempo de lectura\" \/>\n\t<meta name=\"twitter:data2\" content=\"2 minutos\" \/>\n<script type=\"application\/ld+json\" class=\"yoast-schema-graph\">{\"@context\":\"https:\/\/schema.org\",\"@graph\":[{\"@type\":\"Article\",\"@id\":\"https:\/\/radioinfinitagoya.com.ar\/v1\/2025\/09\/01\/regatas-abrio-la-segunda-semana-de-pretemporada\/#article\",\"isPartOf\":{\"@id\":\"https:\/\/radioinfinitagoya.com.ar\/v1\/2025\/09\/01\/regatas-abrio-la-segunda-semana-de-pretemporada\/\"},\"author\":{\"name\":\"Jorge Mi\u00f1o\",\"@id\":\"https:\/\/radioinfinitagoya.com.ar\/v1\/#\/schema\/person\/d4cf9c413d4f6edb24aabdccab49ca4a\"},\"headline\":\"Regatas abri\u00f3 la segunda semana de pretemporada\",\"datePublished\":\"2025-09-01T19:31:29+00:00\",\"mainEntityOfPage\":{\"@id\":\"https:\/\/radioinfinitagoya.com.ar\/v1\/2025\/09\/01\/regatas-abrio-la-segunda-semana-de-pretemporada\/\"},\"wordCount\":311,\"publisher\":{\"@id\":\"https:\/\/radioinfinitagoya.com.ar\/v1\/#organization\"},\"image\":{\"@id\":\"https:\/\/radioinfinitagoya.com.ar\/v1\/2025\/09\/01\/regatas-abrio-la-segunda-semana-de-pretemporada\/#primaryimage\"},\"thumbnailUrl\":\"https:\/\/radioinfinitagoya.com.ar\/v1\/wp-content\/uploads\/2025\/09\/REGATASSEGUNDASEMANA.jpg\",\"articleSection\":[\"DEPORTES\"],\"inLanguage\":\"es-AR\"},{\"@type\":\"WebPage\",\"@id\":\"https:\/\/radioinfinitagoya.com.ar\/v1\/2025\/09\/01\/regatas-abrio-la-segunda-semana-de-pretemporada\/\",\"url\":\"https:\/\/radioinfinitagoya.com.ar\/v1\/2025\/09\/01\/regatas-abrio-la-segunda-semana-de-pretemporada\/\",\"name\":\"Regatas abri\u00f3 la segunda semana de pretemporada - Radio Infinita Goya\",\"isPartOf\":{\"@id\":\"https:\/\/radioinfinitagoya.com.ar\/v1\/#website\"},\"primaryImageOfPage\":{\"@id\":\"https:\/\/radioinfinitagoya.com.ar\/v1\/2025\/09\/01\/regatas-abrio-la-segunda-semana-de-pretemporada\/#primaryimage\"},\"image\":{\"@id\":\"https:\/\/radioinfinitagoya.com.ar\/v1\/2025\/09\/01\/regatas-abrio-la-segunda-semana-de-pretemporada\/#primaryimage\"},\"thumbnailUrl\":\"https:\/\/radioinfinitagoya.com.ar\/v1\/wp-content\/uploads\/2025\/09\/REGATASSEGUNDASEMANA.jpg\",\"datePublished\":\"2025-09-01T19:31:29+00:00\",\"description\":\"El Club de Regatas Corrientes puso en marcha este lunes su segunda semana de pretemporada de cara a una nueva participaci\u00f3n en la m\u00e1xima categor\u00eda del\",\"breadcrumb\":{\"@id\":\"https:\/\/radioinfinitagoya.com.ar\/v1\/2025\/09\/01\/regatas-abrio-la-segunda-semana-de-pretemporada\/#breadcrumb\"},\"inLanguage\":\"es-AR\",\"potentialAction\":[{\"@type\":\"ReadAction\",\"target\":[\"https:\/\/radioinfinitagoya.com.ar\/v1\/2025\/09\/01\/regatas-abrio-la-segunda-semana-de-pretemporada\/\"]}]},{\"@type\":\"ImageObject\",\"inLanguage\":\"es-AR\",\"@id\":\"https:\/\/radioinfinitagoya.com.ar\/v1\/2025\/09\/01\/regatas-abrio-la-segunda-semana-de-pretemporada\/#primaryimage\",\"url\":\"https:\/\/radioinfinitagoya.com.ar\/v1\/wp-content\/uploads\/2025\/09\/REGATASSEGUNDASEMANA.jpg\",\"contentUrl\":\"https:\/\/radioinfinitagoya.com.ar\/v1\/wp-content\/uploads\/2025\/09\/REGATASSEGUNDASEMANA.jpg\",\"width\":1638,\"height\":1500},{\"@type\":\"BreadcrumbList\",\"@id\":\"https:\/\/radioinfinitagoya.com.ar\/v1\/2025\/09\/01\/regatas-abrio-la-segunda-semana-de-pretemporada\/#breadcrumb\",\"itemListElement\":[{\"@type\":\"ListItem\",\"position\":1,\"name\":\"Inicio\",\"item\":\"https:\/\/radioinfinitagoya.com.ar\/v1\/\"},{\"@type\":\"ListItem\",\"position\":2,\"name\":\"Regatas abri\u00f3 la segunda semana de pretemporada\"}]},{\"@type\":\"WebSite\",\"@id\":\"https:\/\/radioinfinitagoya.com.ar\/v1\/#website\",\"url\":\"https:\/\/radioinfinitagoya.com.ar\/v1\/\",\"name\":\"radioinfinitagoya.com.ar\",\"description\":\"Radio de noticias\",\"publisher\":{\"@id\":\"https:\/\/radioinfinitagoya.com.ar\/v1\/#organization\"},\"potentialAction\":[{\"@type\":\"SearchAction\",\"target\":{\"@type\":\"EntryPoint\",\"urlTemplate\":\"https:\/\/radioinfinitagoya.com.ar\/v1\/?s={search_term_string}\"},\"query-input\":{\"@type\":\"PropertyValueSpecification\",\"valueRequired\":true,\"valueName\":\"search_term_string\"}}],\"inLanguage\":\"es-AR\"},{\"@type\":\"Organization\",\"@id\":\"https:\/\/radioinfinitagoya.com.ar\/v1\/#organization\",\"name\":\"Radio Infinita Goya\",\"url\":\"https:\/\/radioinfinitagoya.com.ar\/v1\/\",\"logo\":{\"@type\":\"ImageObject\",\"inLanguage\":\"es-AR\",\"@id\":\"https:\/\/radioinfinitagoya.com.ar\/v1\/#\/schema\/logo\/image\/\",\"url\":\"https:\/\/radioinfinitagoya.com.ar\/v1\/wp-content\/uploads\/2019\/11\/logo-pie-web.png\",\"contentUrl\":\"https:\/\/radioinfinitagoya.com.ar\/v1\/wp-content\/uploads\/2019\/11\/logo-pie-web.png\",\"width\":635,\"height\":326,\"caption\":\"Radio Infinita Goya\"},\"image\":{\"@id\":\"https:\/\/radioinfinitagoya.com.ar\/v1\/#\/schema\/logo\/image\/\"},\"sameAs\":[\"https:\/\/www.facebook.com\/p\/Infinita-Goya-100063870918311\/\"]},{\"@type\":\"Person\",\"@id\":\"https:\/\/radioinfinitagoya.com.ar\/v1\/#\/schema\/person\/d4cf9c413d4f6edb24aabdccab49ca4a\",\"name\":\"Jorge Mi\u00f1o\",\"image\":{\"@type\":\"ImageObject\",\"inLanguage\":\"es-AR\",\"@id\":\"https:\/\/secure.gravatar.com\/avatar\/910fcf6728fe95320e07a6643c1581fec1c7fc4bf8ae12e3d8f0d0373dc844be?s=96&d=mm&r=g\",\"url\":\"https:\/\/secure.gravatar.com\/avatar\/910fcf6728fe95320e07a6643c1581fec1c7fc4bf8ae12e3d8f0d0373dc844be?s=96&d=mm&r=g\",\"contentUrl\":\"https:\/\/secure.gravatar.com\/avatar\/910fcf6728fe95320e07a6643c1581fec1c7fc4bf8ae12e3d8f0d0373dc844be?s=96&d=mm&r=g\",\"caption\":\"Jorge Mi\u00f1o\"},\"sameAs\":[\"http:\/\/radioinfinitagoya.com.ar\"]}]}<\/script>\n<!-- \/ Yoast SEO plugin. -->","yoast_head_json":{"title":"Regatas abri\u00f3 la segunda semana de pretemporada - Radio Infinita Goya","description":"El Club de Regatas Corrientes puso en marcha este lunes su segunda semana de pretemporada de cara a una nueva participaci\u00f3n en la m\u00e1xima categor\u00eda del","robots":{"index":"index","follow":"follow","max-snippet":"max-snippet:-1","max-image-preview":"max-image-preview:large","max-video-preview":"max-video-preview:-1"},"canonical":"https:\/\/radioinfinitagoya.com.ar\/v1\/2025\/09\/01\/regatas-abrio-la-segunda-semana-de-pretemporada\/","og_locale":"es_ES","og_type":"article","og_title":"Regatas abri\u00f3 la segunda semana de pretemporada - Radio Infinita Goya","og_description":"El Club de Regatas Corrientes puso en marcha este lunes su segunda semana de pretemporada de cara a una nueva participaci\u00f3n en la m\u00e1xima categor\u00eda del","og_url":"https:\/\/radioinfinitagoya.com.ar\/v1\/2025\/09\/01\/regatas-abrio-la-segunda-semana-de-pretemporada\/","og_site_name":"Radio Infinita Goya","article_publisher":"https:\/\/www.facebook.com\/p\/Infinita-Goya-100063870918311\/","article_published_time":"2025-09-01T19:31:29+00:00","og_image":[{"width":1638,"height":1500,"url":"https:\/\/radioinfinitagoya.com.ar\/v1\/wp-content\/uploads\/2025\/09\/REGATASSEGUNDASEMANA.jpg","type":"image\/jpeg"}],"author":"Jorge Mi\u00f1o","twitter_card":"summary_large_image","twitter_misc":{"Escrito por":"Jorge Mi\u00f1o","Tiempo de lectura":"2 minutos"},"schema":{"@context":"https:\/\/schema.org","@graph":[{"@type":"Article","@id":"https:\/\/radioinfinitagoya.com.ar\/v1\/2025\/09\/01\/regatas-abrio-la-segunda-semana-de-pretemporada\/#article","isPartOf":{"@id":"https:\/\/radioinfinitagoya.com.ar\/v1\/2025\/09\/01\/regatas-abrio-la-segunda-semana-de-pretemporada\/"},"author":{"name":"Jorge Mi\u00f1o","@id":"https:\/\/radioinfinitagoya.com.ar\/v1\/#\/schema\/person\/d4cf9c413d4f6edb24aabdccab49ca4a"},"headline":"Regatas abri\u00f3 la segunda semana de pretemporada","datePublished":"2025-09-01T19:31:29+00:00","mainEntityOfPage":{"@id":"https:\/\/radioinfinitagoya.com.ar\/v1\/2025\/09\/01\/regatas-abrio-la-segunda-semana-de-pretemporada\/"},"wordCount":311,"publisher":{"@id":"https:\/\/radioinfinitagoya.com.ar\/v1\/#organization"},"image":{"@id":"https:\/\/radioinfinitagoya.com.ar\/v1\/2025\/09\/01\/regatas-abrio-la-segunda-semana-de-pretemporada\/#primaryimage"},"thumbnailUrl":"https:\/\/radioinfinitagoya.com.ar\/v1\/wp-content\/uploads\/2025\/09\/REGATASSEGUNDASEMANA.jpg","articleSection":["DEPORTES"],"inLanguage":"es-AR"},{"@type":"WebPage","@id":"https:\/\/radioinfinitagoya.com.ar\/v1\/2025\/09\/01\/regatas-abrio-la-segunda-semana-de-pretemporada\/","url":"https:\/\/radioinfinitagoya.com.ar\/v1\/2025\/09\/01\/regatas-abrio-la-segunda-semana-de-pretemporada\/","name":"Regatas abri\u00f3 la segunda semana de pretemporada - Radio Infinita Goya","isPartOf":{"@id":"https:\/\/radioinfinitagoya.com.ar\/v1\/#website"},"primaryImageOfPage":{"@id":"https:\/\/radioinfinitagoya.com.ar\/v1\/2025\/09\/01\/regatas-abrio-la-segunda-semana-de-pretemporada\/#primaryimage"},"image":{"@id":"https:\/\/radioinfinitagoya.com.ar\/v1\/2025\/09\/01\/regatas-abrio-la-segunda-semana-de-pretemporada\/#primaryimage"},"thumbnailUrl":"https:\/\/radioinfinitagoya.com.ar\/v1\/wp-content\/uploads\/2025\/09\/REGATASSEGUNDASEMANA.jpg","datePublished":"2025-09-01T19:31:29+00:00","description":"El Club de Regatas Corrientes puso en marcha este lunes su segunda semana de pretemporada de cara a una nueva participaci\u00f3n en la m\u00e1xima categor\u00eda del","breadcrumb":{"@id":"https:\/\/radioinfinitagoya.com.ar\/v1\/2025\/09\/01\/regatas-abrio-la-segunda-semana-de-pretemporada\/#breadcrumb"},"inLanguage":"es-AR","potentialAction":[{"@type":"ReadAction","target":["https:\/\/radioinfinitagoya.com.ar\/v1\/2025\/09\/01\/regatas-abrio-la-segunda-semana-de-pretemporada\/"]}]},{"@type":"ImageObject","inLanguage":"es-AR","@id":"https:\/\/radioinfinitagoya.com.ar\/v1\/2025\/09\/01\/regatas-abrio-la-segunda-semana-de-pretemporada\/#primaryimage","url":"https:\/\/radioinfinitagoya.com.ar\/v1\/wp-content\/uploads\/2025\/09\/REGATASSEGUNDASEMANA.jpg","contentUrl":"https:\/\/radioinfinitagoya.com.ar\/v1\/wp-content\/uploads\/2025\/09\/REGATASSEGUNDASEMANA.jpg","width":1638,"height":1500},{"@type":"BreadcrumbList","@id":"https:\/\/radioinfinitagoya.com.ar\/v1\/2025\/09\/01\/regatas-abrio-la-segunda-semana-de-pretemporada\/#breadcrumb","itemListElement":[{"@type":"ListItem","position":1,"name":"Inicio","item":"https:\/\/radioinfinitagoya.com.ar\/v1\/"},{"@type":"ListItem","position":2,"name":"Regatas abri\u00f3 la segunda semana de pretemporada"}]},{"@type":"WebSite","@id":"https:\/\/radioinfinitagoya.com.ar\/v1\/#website","url":"https:\/\/radioinfinitagoya.com.ar\/v1\/","name":"radioinfinitagoya.com.ar","description":"Radio de noticias","publisher":{"@id":"https:\/\/radioinfinitagoya.com.ar\/v1\/#organization"},"potentialAction":[{"@type":"SearchAction","target":{"@type":"EntryPoint","urlTemplate":"https:\/\/radioinfinitagoya.com.ar\/v1\/?s={search_term_string}"},"query-input":{"@type":"PropertyValueSpecification","valueRequired":true,"valueName":"search_term_string"}}],"inLanguage":"es-AR"},{"@type":"Organization","@id":"https:\/\/radioinfinitagoya.com.ar\/v1\/#organization","name":"Radio Infinita Goya","url":"https:\/\/radioinfinitagoya.com.ar\/v1\/","logo":{"@type":"ImageObject","inLanguage":"es-AR","@id":"https:\/\/radioinfinitagoya.com.ar\/v1\/#\/schema\/logo\/image\/","url":"https:\/\/radioinfinitagoya.com.ar\/v1\/wp-content\/uploads\/2019\/11\/logo-pie-web.png","contentUrl":"https:\/\/radioinfinitagoya.com.ar\/v1\/wp-content\/uploads\/2019\/11\/logo-pie-web.png","width":635,"height":326,"caption":"Radio Infinita Goya"},"image":{"@id":"https:\/\/radioinfinitagoya.com.ar\/v1\/#\/schema\/logo\/image\/"},"sameAs":["https:\/\/www.facebook.com\/p\/Infinita-Goya-100063870918311\/"]},{"@type":"Person","@id":"https:\/\/radioinfinitagoya.com.ar\/v1\/#\/schema\/person\/d4cf9c413d4f6edb24aabdccab49ca4a","name":"Jorge Mi\u00f1o","image":{"@type":"ImageObject","inLanguage":"es-AR","@id":"https:\/\/secure.gravatar.com\/avatar\/910fcf6728fe95320e07a6643c1581fec1c7fc4bf8ae12e3d8f0d0373dc844be?s=96&d=mm&r=g","url":"https:\/\/secure.gravatar.com\/avatar\/910fcf6728fe95320e07a6643c1581fec1c7fc4bf8ae12e3d8f0d0373dc844be?s=96&d=mm&r=g","contentUrl":"https:\/\/secure.gravatar.com\/avatar\/910fcf6728fe95320e07a6643c1581fec1c7fc4bf8ae12e3d8f0d0373dc844be?s=96&d=mm&r=g","caption":"Jorge Mi\u00f1o"},"sameAs":["http:\/\/radioinfinitagoya.com.ar"]}]}},"_links":{"self":[{"href":"https:\/\/radioinfinitagoya.com.ar\/v1\/wp-json\/wp\/v2\/posts\/195221","targetHints":{"allow":["GET"]}}],"collection":[{"href":"https:\/\/radioinfinitagoya.com.ar\/v1\/wp-json\/wp\/v2\/posts"}],"about":[{"href":"https:\/\/radioinfinitagoya.com.ar\/v1\/wp-json\/wp\/v2\/types\/post"}],"author":[{"embeddable":true,"href":"https:\/\/radioinfinitagoya.com.ar\/v1\/wp-json\/wp\/v2\/users\/4"}],"replies":[{"embeddable":true,"href":"https:\/\/radioinfinitagoya.com.ar\/v1\/wp-json\/wp\/v2\/comments?post=195221"}],"version-history":[{"count":0,"href":"https:\/\/radioinfinitagoya.com.ar\/v1\/wp-json\/wp\/v2\/posts\/195221\/revisions"}],"wp:featuredmedia":[{"embeddable":true,"href":"https:\/\/radioinfinitagoya.com.ar\/v1\/wp-json\/wp\/v2\/media\/195222"}],"wp:attachment":[{"href":"https:\/\/radioinfinitagoya.com.ar\/v1\/wp-json\/wp\/v2\/media?parent=195221"}],"wp:term":[{"taxonomy":"category","embeddable":true,"href":"https:\/\/radioinfinitagoya.com.ar\/v1\/wp-json\/wp\/v2\/categories?post=195221"},{"taxonomy":"post_tag","embeddable":true,"href":"https:\/\/radioinfinitagoya.com.ar\/v1\/wp-json\/wp\/v2\/tags?post=195221"}],"curies":[{"name":"wp","href":"https:\/\/api.w.org\/{rel}","templated":true}]}}