{"id":195224,"date":"2025-09-01T16:39:02","date_gmt":"2025-09-01T19:39:02","guid":{"rendered":"https:\/\/radioinfinitagoya.com.ar\/v1\/?p=195224"},"modified":"2025-09-01T16:39:02","modified_gmt":"2025-09-01T19:39:02","slug":"mariano-hormaechea-arraso-en-goya-y-fue-reelecto-intendente","status":"publish","type":"post","link":"https:\/\/radioinfinitagoya.com.ar\/v1\/2025\/09\/01\/mariano-hormaechea-arraso-en-goya-y-fue-reelecto-intendente\/","title":{"rendered":"Mariano Hormaechea arras\u00f3 en Goya y fue reelecto intendente"},"content":{"rendered":"<p>&#8220;Con m\u00e1s del 45% de los votos&#8221;<\/p>\n<p>La ciudad de Goya ratific\u00f3 su confianza en la gesti\u00f3n de Mariano Hormaechea. En las elecciones municipales de este domingo 31 de agosto, el actual intendente fue reelecto con un contundente triunfo que super\u00f3 el 45% de los votos, acompa\u00f1ado por Sebasti\u00e1n \u201cChubi\u201d Mazzaro como viceintendente en la f\u00f3rmula de Vamos Corrientes, Vamos Goya.<\/p>\n<p>El Comit\u00e9 de la UCR de Goya fue el epicentro de la expectativa y la celebraci\u00f3n. Pasadas las 21 horas, Hormaechea y Mazzaro se presentaron ante militantes, simpatizantes y vecinos que aguardaban con euforia los datos provisorios. All\u00ed, el jefe comunal agradeci\u00f3 el \u201cenorme trabajo de todo el equipo, el esfuerzo y la entrega\u201d e invit\u00f3 a trasladar los festejos hacia la tradicional Plaza Mitre: \u201cVamos hacia adelante, Vamos Corrientes, Vamos Goya\u201d, areng\u00f3.<\/p>\n<p>Desde all\u00ed parti\u00f3 una caravana que recorri\u00f3 las principales calles c\u00e9ntricas, coronando la celebraci\u00f3n en la intersecci\u00f3n de Belgrano y Juan Esteban Mart\u00ednez, donde el clima festivo se extendi\u00f3 hasta entrada la noche.<\/p>\n<p>Mazzaro: \u201cAc\u00e1 est\u00e1 el futuro de Goya\u201d<br \/>\nYa en el centro de la ciudad, Mazzaro tom\u00f3 la palabra sobre un carro de sonido, donde agradeci\u00f3 a los 25 partidos que integran la alianza Vamos Corrientes: \u201cGracias a la ciudadan\u00eda que nos volvi\u00f3 a elegir y a confiar en nosotros como una administraci\u00f3n responsable. Le pido a Dios, a la Virgen de Itat\u00ed y a mi madre que me cuiden desde el cielo para acompa\u00f1ar a Mariano en este nuevo mandato\u201d. Sus palabras fueron ovacionadas entre c\u00e1nticos y tambores.<\/p>\n<p>Hormaechea: continuidad, consenso y futuro<br \/>\nVisiblemente emocionado, Hormaechea destac\u00f3 el respaldo de la militancia y subray\u00f3 el car\u00e1cter de la campa\u00f1a: \u201cFue una campa\u00f1a intensa, en la que recorrimos todos los barrios llevando ideas y mostrando un proyecto pol\u00edtico con objetivos claros, que cumple lo que promete\u201d.<\/p>\n<p>El intendente reelecto dedic\u00f3 el triunfo a \u201cTito\u201d L\u00f3pez, a quien consider\u00f3 un gu\u00eda en su formaci\u00f3n pol\u00edtica, y agradeci\u00f3 al gobernador Gustavo Vald\u00e9s por su respaldo: \u201cEste triunfo tambi\u00e9n es de \u00e9l y de todos los goyanos, porque trabajamos juntos por el desarrollo de la ciudad\u201d<\/p>\n<p>Adem\u00e1s, traz\u00f3 una l\u00ednea hacia el futuro de la provincia, celebrando la victoria de Juan Pablo Vald\u00e9s: \u201cSe inicia una etapa de continuidad y cambios junto a Juan Pablo, que nos acompa\u00f1ar\u00e1 en los pr\u00f3ximos cuatro a\u00f1os. Este resultado demuestra que el camino no es el odio ni la agresi\u00f3n, sino el di\u00e1logo y el consenso\u201d.<\/p>\n<p>Con esta victoria, el intendente inicia su segundo mandato con el desaf\u00edo de profundizar las transformaciones urbanas, sociales y econ\u00f3micas que marcaron su primera gesti\u00f3n.<\/p>\n","protected":false},"excerpt":{"rendered":"<p>&#8220;Con m\u00e1s del 45% de los votos&#8221; La ciudad de Goya ratific\u00f3 su confianza en la gesti\u00f3n de Mariano Hormaechea. En las elecciones municipales de este domingo 31 de agosto, el actual intendente fue reelecto con un contundente triunfo que super\u00f3 el 45% de los votos, acompa\u00f1ado por Sebasti\u00e1n \u201cChubi\u201d Mazzaro como viceintendente en la [&hellip;]<\/p>\n","protected":false},"author":4,"featured_media":195225,"comment_status":"closed","ping_status":"closed","sticky":false,"template":"","format":"standard","meta":{"_joinchat":[],"footnotes":""},"categories":[27],"tags":[],"class_list":{"0":"post-195224","1":"post","2":"type-post","3":"status-publish","4":"format-standard","5":"has-post-thumbnail","7":"category-locales"},"yoast_head":"<!-- This site is optimized with the Yoast SEO plugin v27.2 - https:\/\/yoast.com\/product\/yoast-seo-wordpress\/ -->\n<title>Mariano Hormaechea arras\u00f3 en Goya y fue reelecto intendente - Radio Infinita Goya<\/title>\n<meta name=\"description\" content=\"&quot;Con m\u00e1s del 45% de los votos&quot; La ciudad de Goya ratific\u00f3 su confianza en la gesti\u00f3n de Mariano Hormaechea. En las elecciones municipales de este domingo\" \/>\n<meta name=\"robots\" content=\"index, follow, max-snippet:-1, max-image-preview:large, max-video-preview:-1\" \/>\n<link rel=\"canonical\" href=\"https:\/\/radioinfinitagoya.com.ar\/v1\/2025\/09\/01\/mariano-hormaechea-arraso-en-goya-y-fue-reelecto-intendente\/\" \/>\n<meta property=\"og:locale\" content=\"es_ES\" \/>\n<meta property=\"og:type\" content=\"article\" \/>\n<meta property=\"og:title\" content=\"Mariano Hormaechea arras\u00f3 en Goya y fue reelecto intendente - Radio Infinita Goya\" \/>\n<meta property=\"og:description\" content=\"&quot;Con m\u00e1s del 45% de los votos&quot; La ciudad de Goya ratific\u00f3 su confianza en la gesti\u00f3n de Mariano Hormaechea. En las elecciones municipales de este domingo\" \/>\n<meta property=\"og:url\" content=\"https:\/\/radioinfinitagoya.com.ar\/v1\/2025\/09\/01\/mariano-hormaechea-arraso-en-goya-y-fue-reelecto-intendente\/\" \/>\n<meta property=\"og:site_name\" content=\"Radio Infinita Goya\" \/>\n<meta property=\"article:publisher\" content=\"https:\/\/www.facebook.com\/p\/Infinita-Goya-100063870918311\/\" \/>\n<meta property=\"article:published_time\" content=\"2025-09-01T19:39:02+00:00\" \/>\n<meta property=\"og:image\" content=\"https:\/\/radioinfinitagoya.com.ar\/v1\/wp-content\/uploads\/2025\/09\/MARIANO-HORAMECHEA-REELECTO-INTENDENTE-10-1536x864-1.jpg\" \/>\n\t<meta property=\"og:image:width\" content=\"1536\" \/>\n\t<meta property=\"og:image:height\" content=\"864\" \/>\n\t<meta property=\"og:image:type\" content=\"image\/jpeg\" \/>\n<meta name=\"author\" content=\"Jorge Mi\u00f1o\" \/>\n<meta name=\"twitter:card\" content=\"summary_large_image\" \/>\n<meta name=\"twitter:label1\" content=\"Escrito por\" \/>\n\t<meta name=\"twitter:data1\" content=\"Jorge Mi\u00f1o\" \/>\n\t<meta name=\"twitter:label2\" content=\"Tiempo de lectura\" \/>\n\t<meta name=\"twitter:data2\" content=\"3 minutos\" \/>\n<script type=\"application\/ld+json\" class=\"yoast-schema-graph\">{\"@context\":\"https:\/\/schema.org\",\"@graph\":[{\"@type\":\"Article\",\"@id\":\"https:\/\/radioinfinitagoya.com.ar\/v1\/2025\/09\/01\/mariano-hormaechea-arraso-en-goya-y-fue-reelecto-intendente\/#article\",\"isPartOf\":{\"@id\":\"https:\/\/radioinfinitagoya.com.ar\/v1\/2025\/09\/01\/mariano-hormaechea-arraso-en-goya-y-fue-reelecto-intendente\/\"},\"author\":{\"name\":\"Jorge Mi\u00f1o\",\"@id\":\"https:\/\/radioinfinitagoya.com.ar\/v1\/#\/schema\/person\/d4cf9c413d4f6edb24aabdccab49ca4a\"},\"headline\":\"Mariano Hormaechea arras\u00f3 en Goya y fue reelecto intendente\",\"datePublished\":\"2025-09-01T19:39:02+00:00\",\"mainEntityOfPage\":{\"@id\":\"https:\/\/radioinfinitagoya.com.ar\/v1\/2025\/09\/01\/mariano-hormaechea-arraso-en-goya-y-fue-reelecto-intendente\/\"},\"wordCount\":469,\"publisher\":{\"@id\":\"https:\/\/radioinfinitagoya.com.ar\/v1\/#organization\"},\"image\":{\"@id\":\"https:\/\/radioinfinitagoya.com.ar\/v1\/2025\/09\/01\/mariano-hormaechea-arraso-en-goya-y-fue-reelecto-intendente\/#primaryimage\"},\"thumbnailUrl\":\"https:\/\/radioinfinitagoya.com.ar\/v1\/wp-content\/uploads\/2025\/09\/MARIANO-HORAMECHEA-REELECTO-INTENDENTE-10-1536x864-1.jpg\",\"articleSection\":[\"LOCALES\"],\"inLanguage\":\"es-AR\"},{\"@type\":\"WebPage\",\"@id\":\"https:\/\/radioinfinitagoya.com.ar\/v1\/2025\/09\/01\/mariano-hormaechea-arraso-en-goya-y-fue-reelecto-intendente\/\",\"url\":\"https:\/\/radioinfinitagoya.com.ar\/v1\/2025\/09\/01\/mariano-hormaechea-arraso-en-goya-y-fue-reelecto-intendente\/\",\"name\":\"Mariano Hormaechea arras\u00f3 en Goya y fue reelecto intendente - Radio Infinita Goya\",\"isPartOf\":{\"@id\":\"https:\/\/radioinfinitagoya.com.ar\/v1\/#website\"},\"primaryImageOfPage\":{\"@id\":\"https:\/\/radioinfinitagoya.com.ar\/v1\/2025\/09\/01\/mariano-hormaechea-arraso-en-goya-y-fue-reelecto-intendente\/#primaryimage\"},\"image\":{\"@id\":\"https:\/\/radioinfinitagoya.com.ar\/v1\/2025\/09\/01\/mariano-hormaechea-arraso-en-goya-y-fue-reelecto-intendente\/#primaryimage\"},\"thumbnailUrl\":\"https:\/\/radioinfinitagoya.com.ar\/v1\/wp-content\/uploads\/2025\/09\/MARIANO-HORAMECHEA-REELECTO-INTENDENTE-10-1536x864-1.jpg\",\"datePublished\":\"2025-09-01T19:39:02+00:00\",\"description\":\"\\\"Con m\u00e1s del 45% de los votos\\\" La ciudad de Goya ratific\u00f3 su confianza en la gesti\u00f3n de Mariano Hormaechea. En las elecciones municipales de este domingo\",\"breadcrumb\":{\"@id\":\"https:\/\/radioinfinitagoya.com.ar\/v1\/2025\/09\/01\/mariano-hormaechea-arraso-en-goya-y-fue-reelecto-intendente\/#breadcrumb\"},\"inLanguage\":\"es-AR\",\"potentialAction\":[{\"@type\":\"ReadAction\",\"target\":[\"https:\/\/radioinfinitagoya.com.ar\/v1\/2025\/09\/01\/mariano-hormaechea-arraso-en-goya-y-fue-reelecto-intendente\/\"]}]},{\"@type\":\"ImageObject\",\"inLanguage\":\"es-AR\",\"@id\":\"https:\/\/radioinfinitagoya.com.ar\/v1\/2025\/09\/01\/mariano-hormaechea-arraso-en-goya-y-fue-reelecto-intendente\/#primaryimage\",\"url\":\"https:\/\/radioinfinitagoya.com.ar\/v1\/wp-content\/uploads\/2025\/09\/MARIANO-HORAMECHEA-REELECTO-INTENDENTE-10-1536x864-1.jpg\",\"contentUrl\":\"https:\/\/radioinfinitagoya.com.ar\/v1\/wp-content\/uploads\/2025\/09\/MARIANO-HORAMECHEA-REELECTO-INTENDENTE-10-1536x864-1.jpg\",\"width\":1536,\"height\":864},{\"@type\":\"BreadcrumbList\",\"@id\":\"https:\/\/radioinfinitagoya.com.ar\/v1\/2025\/09\/01\/mariano-hormaechea-arraso-en-goya-y-fue-reelecto-intendente\/#breadcrumb\",\"itemListElement\":[{\"@type\":\"ListItem\",\"position\":1,\"name\":\"Inicio\",\"item\":\"https:\/\/radioinfinitagoya.com.ar\/v1\/\"},{\"@type\":\"ListItem\",\"position\":2,\"name\":\"Mariano Hormaechea arras\u00f3 en Goya y fue reelecto intendente\"}]},{\"@type\":\"WebSite\",\"@id\":\"https:\/\/radioinfinitagoya.com.ar\/v1\/#website\",\"url\":\"https:\/\/radioinfinitagoya.com.ar\/v1\/\",\"name\":\"radioinfinitagoya.com.ar\",\"description\":\"Radio de noticias\",\"publisher\":{\"@id\":\"https:\/\/radioinfinitagoya.com.ar\/v1\/#organization\"},\"potentialAction\":[{\"@type\":\"SearchAction\",\"target\":{\"@type\":\"EntryPoint\",\"urlTemplate\":\"https:\/\/radioinfinitagoya.com.ar\/v1\/?s={search_term_string}\"},\"query-input\":{\"@type\":\"PropertyValueSpecification\",\"valueRequired\":true,\"valueName\":\"search_term_string\"}}],\"inLanguage\":\"es-AR\"},{\"@type\":\"Organization\",\"@id\":\"https:\/\/radioinfinitagoya.com.ar\/v1\/#organization\",\"name\":\"Radio Infinita Goya\",\"url\":\"https:\/\/radioinfinitagoya.com.ar\/v1\/\",\"logo\":{\"@type\":\"ImageObject\",\"inLanguage\":\"es-AR\",\"@id\":\"https:\/\/radioinfinitagoya.com.ar\/v1\/#\/schema\/logo\/image\/\",\"url\":\"https:\/\/radioinfinitagoya.com.ar\/v1\/wp-content\/uploads\/2019\/11\/logo-pie-web.png\",\"contentUrl\":\"https:\/\/radioinfinitagoya.com.ar\/v1\/wp-content\/uploads\/2019\/11\/logo-pie-web.png\",\"width\":635,\"height\":326,\"caption\":\"Radio Infinita Goya\"},\"image\":{\"@id\":\"https:\/\/radioinfinitagoya.com.ar\/v1\/#\/schema\/logo\/image\/\"},\"sameAs\":[\"https:\/\/www.facebook.com\/p\/Infinita-Goya-100063870918311\/\"]},{\"@type\":\"Person\",\"@id\":\"https:\/\/radioinfinitagoya.com.ar\/v1\/#\/schema\/person\/d4cf9c413d4f6edb24aabdccab49ca4a\",\"name\":\"Jorge Mi\u00f1o\",\"image\":{\"@type\":\"ImageObject\",\"inLanguage\":\"es-AR\",\"@id\":\"https:\/\/secure.gravatar.com\/avatar\/910fcf6728fe95320e07a6643c1581fec1c7fc4bf8ae12e3d8f0d0373dc844be?s=96&d=mm&r=g\",\"url\":\"https:\/\/secure.gravatar.com\/avatar\/910fcf6728fe95320e07a6643c1581fec1c7fc4bf8ae12e3d8f0d0373dc844be?s=96&d=mm&r=g\",\"contentUrl\":\"https:\/\/secure.gravatar.com\/avatar\/910fcf6728fe95320e07a6643c1581fec1c7fc4bf8ae12e3d8f0d0373dc844be?s=96&d=mm&r=g\",\"caption\":\"Jorge Mi\u00f1o\"},\"sameAs\":[\"http:\/\/radioinfinitagoya.com.ar\"]}]}<\/script>\n<!-- \/ Yoast SEO plugin. -->","yoast_head_json":{"title":"Mariano Hormaechea arras\u00f3 en Goya y fue reelecto intendente - Radio Infinita Goya","description":"\"Con m\u00e1s del 45% de los votos\" La ciudad de Goya ratific\u00f3 su confianza en la gesti\u00f3n de Mariano Hormaechea. En las elecciones municipales de este domingo","robots":{"index":"index","follow":"follow","max-snippet":"max-snippet:-1","max-image-preview":"max-image-preview:large","max-video-preview":"max-video-preview:-1"},"canonical":"https:\/\/radioinfinitagoya.com.ar\/v1\/2025\/09\/01\/mariano-hormaechea-arraso-en-goya-y-fue-reelecto-intendente\/","og_locale":"es_ES","og_type":"article","og_title":"Mariano Hormaechea arras\u00f3 en Goya y fue reelecto intendente - Radio Infinita Goya","og_description":"\"Con m\u00e1s del 45% de los votos\" La ciudad de Goya ratific\u00f3 su confianza en la gesti\u00f3n de Mariano Hormaechea. En las elecciones municipales de este domingo","og_url":"https:\/\/radioinfinitagoya.com.ar\/v1\/2025\/09\/01\/mariano-hormaechea-arraso-en-goya-y-fue-reelecto-intendente\/","og_site_name":"Radio Infinita Goya","article_publisher":"https:\/\/www.facebook.com\/p\/Infinita-Goya-100063870918311\/","article_published_time":"2025-09-01T19:39:02+00:00","og_image":[{"width":1536,"height":864,"url":"https:\/\/radioinfinitagoya.com.ar\/v1\/wp-content\/uploads\/2025\/09\/MARIANO-HORAMECHEA-REELECTO-INTENDENTE-10-1536x864-1.jpg","type":"image\/jpeg"}],"author":"Jorge Mi\u00f1o","twitter_card":"summary_large_image","twitter_misc":{"Escrito por":"Jorge Mi\u00f1o","Tiempo de lectura":"3 minutos"},"schema":{"@context":"https:\/\/schema.org","@graph":[{"@type":"Article","@id":"https:\/\/radioinfinitagoya.com.ar\/v1\/2025\/09\/01\/mariano-hormaechea-arraso-en-goya-y-fue-reelecto-intendente\/#article","isPartOf":{"@id":"https:\/\/radioinfinitagoya.com.ar\/v1\/2025\/09\/01\/mariano-hormaechea-arraso-en-goya-y-fue-reelecto-intendente\/"},"author":{"name":"Jorge Mi\u00f1o","@id":"https:\/\/radioinfinitagoya.com.ar\/v1\/#\/schema\/person\/d4cf9c413d4f6edb24aabdccab49ca4a"},"headline":"Mariano Hormaechea arras\u00f3 en Goya y fue reelecto intendente","datePublished":"2025-09-01T19:39:02+00:00","mainEntityOfPage":{"@id":"https:\/\/radioinfinitagoya.com.ar\/v1\/2025\/09\/01\/mariano-hormaechea-arraso-en-goya-y-fue-reelecto-intendente\/"},"wordCount":469,"publisher":{"@id":"https:\/\/radioinfinitagoya.com.ar\/v1\/#organization"},"image":{"@id":"https:\/\/radioinfinitagoya.com.ar\/v1\/2025\/09\/01\/mariano-hormaechea-arraso-en-goya-y-fue-reelecto-intendente\/#primaryimage"},"thumbnailUrl":"https:\/\/radioinfinitagoya.com.ar\/v1\/wp-content\/uploads\/2025\/09\/MARIANO-HORAMECHEA-REELECTO-INTENDENTE-10-1536x864-1.jpg","articleSection":["LOCALES"],"inLanguage":"es-AR"},{"@type":"WebPage","@id":"https:\/\/radioinfinitagoya.com.ar\/v1\/2025\/09\/01\/mariano-hormaechea-arraso-en-goya-y-fue-reelecto-intendente\/","url":"https:\/\/radioinfinitagoya.com.ar\/v1\/2025\/09\/01\/mariano-hormaechea-arraso-en-goya-y-fue-reelecto-intendente\/","name":"Mariano Hormaechea arras\u00f3 en Goya y fue reelecto intendente - Radio Infinita Goya","isPartOf":{"@id":"https:\/\/radioinfinitagoya.com.ar\/v1\/#website"},"primaryImageOfPage":{"@id":"https:\/\/radioinfinitagoya.com.ar\/v1\/2025\/09\/01\/mariano-hormaechea-arraso-en-goya-y-fue-reelecto-intendente\/#primaryimage"},"image":{"@id":"https:\/\/radioinfinitagoya.com.ar\/v1\/2025\/09\/01\/mariano-hormaechea-arraso-en-goya-y-fue-reelecto-intendente\/#primaryimage"},"thumbnailUrl":"https:\/\/radioinfinitagoya.com.ar\/v1\/wp-content\/uploads\/2025\/09\/MARIANO-HORAMECHEA-REELECTO-INTENDENTE-10-1536x864-1.jpg","datePublished":"2025-09-01T19:39:02+00:00","description":"\"Con m\u00e1s del 45% de los votos\" La ciudad de Goya ratific\u00f3 su confianza en la gesti\u00f3n de Mariano Hormaechea. En las elecciones municipales de este domingo","breadcrumb":{"@id":"https:\/\/radioinfinitagoya.com.ar\/v1\/2025\/09\/01\/mariano-hormaechea-arraso-en-goya-y-fue-reelecto-intendente\/#breadcrumb"},"inLanguage":"es-AR","potentialAction":[{"@type":"ReadAction","target":["https:\/\/radioinfinitagoya.com.ar\/v1\/2025\/09\/01\/mariano-hormaechea-arraso-en-goya-y-fue-reelecto-intendente\/"]}]},{"@type":"ImageObject","inLanguage":"es-AR","@id":"https:\/\/radioinfinitagoya.com.ar\/v1\/2025\/09\/01\/mariano-hormaechea-arraso-en-goya-y-fue-reelecto-intendente\/#primaryimage","url":"https:\/\/radioinfinitagoya.com.ar\/v1\/wp-content\/uploads\/2025\/09\/MARIANO-HORAMECHEA-REELECTO-INTENDENTE-10-1536x864-1.jpg","contentUrl":"https:\/\/radioinfinitagoya.com.ar\/v1\/wp-content\/uploads\/2025\/09\/MARIANO-HORAMECHEA-REELECTO-INTENDENTE-10-1536x864-1.jpg","width":1536,"height":864},{"@type":"BreadcrumbList","@id":"https:\/\/radioinfinitagoya.com.ar\/v1\/2025\/09\/01\/mariano-hormaechea-arraso-en-goya-y-fue-reelecto-intendente\/#breadcrumb","itemListElement":[{"@type":"ListItem","position":1,"name":"Inicio","item":"https:\/\/radioinfinitagoya.com.ar\/v1\/"},{"@type":"ListItem","position":2,"name":"Mariano Hormaechea arras\u00f3 en Goya y fue reelecto intendente"}]},{"@type":"WebSite","@id":"https:\/\/radioinfinitagoya.com.ar\/v1\/#website","url":"https:\/\/radioinfinitagoya.com.ar\/v1\/","name":"radioinfinitagoya.com.ar","description":"Radio de noticias","publisher":{"@id":"https:\/\/radioinfinitagoya.com.ar\/v1\/#organization"},"potentialAction":[{"@type":"SearchAction","target":{"@type":"EntryPoint","urlTemplate":"https:\/\/radioinfinitagoya.com.ar\/v1\/?s={search_term_string}"},"query-input":{"@type":"PropertyValueSpecification","valueRequired":true,"valueName":"search_term_string"}}],"inLanguage":"es-AR"},{"@type":"Organization","@id":"https:\/\/radioinfinitagoya.com.ar\/v1\/#organization","name":"Radio Infinita Goya","url":"https:\/\/radioinfinitagoya.com.ar\/v1\/","logo":{"@type":"ImageObject","inLanguage":"es-AR","@id":"https:\/\/radioinfinitagoya.com.ar\/v1\/#\/schema\/logo\/image\/","url":"https:\/\/radioinfinitagoya.com.ar\/v1\/wp-content\/uploads\/2019\/11\/logo-pie-web.png","contentUrl":"https:\/\/radioinfinitagoya.com.ar\/v1\/wp-content\/uploads\/2019\/11\/logo-pie-web.png","width":635,"height":326,"caption":"Radio Infinita Goya"},"image":{"@id":"https:\/\/radioinfinitagoya.com.ar\/v1\/#\/schema\/logo\/image\/"},"sameAs":["https:\/\/www.facebook.com\/p\/Infinita-Goya-100063870918311\/"]},{"@type":"Person","@id":"https:\/\/radioinfinitagoya.com.ar\/v1\/#\/schema\/person\/d4cf9c413d4f6edb24aabdccab49ca4a","name":"Jorge Mi\u00f1o","image":{"@type":"ImageObject","inLanguage":"es-AR","@id":"https:\/\/secure.gravatar.com\/avatar\/910fcf6728fe95320e07a6643c1581fec1c7fc4bf8ae12e3d8f0d0373dc844be?s=96&d=mm&r=g","url":"https:\/\/secure.gravatar.com\/avatar\/910fcf6728fe95320e07a6643c1581fec1c7fc4bf8ae12e3d8f0d0373dc844be?s=96&d=mm&r=g","contentUrl":"https:\/\/secure.gravatar.com\/avatar\/910fcf6728fe95320e07a6643c1581fec1c7fc4bf8ae12e3d8f0d0373dc844be?s=96&d=mm&r=g","caption":"Jorge Mi\u00f1o"},"sameAs":["http:\/\/radioinfinitagoya.com.ar"]}]}},"_links":{"self":[{"href":"https:\/\/radioinfinitagoya.com.ar\/v1\/wp-json\/wp\/v2\/posts\/195224","targetHints":{"allow":["GET"]}}],"collection":[{"href":"https:\/\/radioinfinitagoya.com.ar\/v1\/wp-json\/wp\/v2\/posts"}],"about":[{"href":"https:\/\/radioinfinitagoya.com.ar\/v1\/wp-json\/wp\/v2\/types\/post"}],"author":[{"embeddable":true,"href":"https:\/\/radioinfinitagoya.com.ar\/v1\/wp-json\/wp\/v2\/users\/4"}],"replies":[{"embeddable":true,"href":"https:\/\/radioinfinitagoya.com.ar\/v1\/wp-json\/wp\/v2\/comments?post=195224"}],"version-history":[{"count":0,"href":"https:\/\/radioinfinitagoya.com.ar\/v1\/wp-json\/wp\/v2\/posts\/195224\/revisions"}],"wp:featuredmedia":[{"embeddable":true,"href":"https:\/\/radioinfinitagoya.com.ar\/v1\/wp-json\/wp\/v2\/media\/195225"}],"wp:attachment":[{"href":"https:\/\/radioinfinitagoya.com.ar\/v1\/wp-json\/wp\/v2\/media?parent=195224"}],"wp:term":[{"taxonomy":"category","embeddable":true,"href":"https:\/\/radioinfinitagoya.com.ar\/v1\/wp-json\/wp\/v2\/categories?post=195224"},{"taxonomy":"post_tag","embeddable":true,"href":"https:\/\/radioinfinitagoya.com.ar\/v1\/wp-json\/wp\/v2\/tags?post=195224"}],"curies":[{"name":"wp","href":"https:\/\/api.w.org\/{rel}","templated":true}]}}