{"id":195402,"date":"2025-09-04T17:23:32","date_gmt":"2025-09-04T20:23:32","guid":{"rendered":"https:\/\/radioinfinitagoya.com.ar\/v1\/?p=195402"},"modified":"2025-09-04T17:23:32","modified_gmt":"2025-09-04T20:23:32","slug":"milei-se-reune-con-inversores-en-estados-unidos","status":"publish","type":"post","link":"https:\/\/radioinfinitagoya.com.ar\/v1\/2025\/09\/04\/milei-se-reune-con-inversores-en-estados-unidos\/","title":{"rendered":"Milei se re\u00fane con inversores en Estados Unidos"},"content":{"rendered":"<p>&#8220;Para ratificar su programa econ\u00f3mico&#8221;<\/p>\n<p>El Presidente aterriz\u00f3 en Los \u00c1ngeles para disertar en el Instituto Milken y mantener encuentros con Ryan McInerney, CEO de Visa, y Mark Nelson, vicepresidente de Chevron<\/p>\n<p>(Desde Washington, Estados Unidos) Javier Milei aterriz\u00f3 en Los \u00c1ngeles junto a Luis Caputo para cumplir una apretada agenda que tiene como eje su disertaci\u00f3n ante cincuenta empresarios locales convocados por Michael Milken, un influyente inversor con acceso directo a la Casa Blanca.<\/p>\n<p>La delegaci\u00f3n presidencial es acotada: Karina Milei -secretaria General de la Presidencia- y el canciller Gerardo Werthein permanecieron en Buenos Aires, mientras que Alec Oxenford -embajador argentino en Estados Unidos- recibi\u00f3 a Milei en el Aeropuerto de Los \u00c1ngeles.<\/p>\n<p>Habitualmente, el jefe de Estado vuela al exterior acompa\u00f1ado por Karina Milei y el ministro Werthein.<\/p>\n<p>Milei ten\u00eda agendado continuar hacia Las Vegas, adonde pensaba encontrarse con inversores de Turismo y la comediante F\u00e1tima Florez, pero cancel\u00f3 este tramo de la gira.<\/p>\n<p>Al Presidente le aconsejaron no participar de ese evento teatral en la meca del juego, a cuarenta y ocho horas de los comicios en Buenos Aires, y Milei resolvi\u00f3 acortar su viaje por los Estados Unidos.<\/p>\n<p>Antes de protagonizar la agenda econ\u00f3mica, el mandatario almorzar\u00e1 con la astronauta argentina Noel del Castro, que est\u00e1 apoyada por Comisi\u00f3n Nacional de Actividades Espaciales (CONAE).<\/p>\n<p>La administraci\u00f3n Milei acompa\u00f1a el proceso que podr\u00eda subir a Del Castro a un vuelo espacial privado. Ser\u00eda la primera vez en la historia de la Argentina.<\/p>\n<p>A diferencia de sus 11 viajes anteriores a los Estados Unidos, Milei lleg\u00f3 a la Costa Oeste en un escenario pol\u00edtico y econ\u00f3mico muy complejo.<\/p>\n<p><img loading=\"lazy\" decoding=\"async\" class=\"alignnone size-full wp-image-195404\" src=\"https:\/\/radioinfinitagoya.com.ar\/v1\/wp-content\/uploads\/2025\/09\/HHTGEMBT4ZFTVEGE7ZQHZCGYKU.avif\" alt=\"\" width=\"992\" height=\"558\" srcset=\"https:\/\/radioinfinitagoya.com.ar\/v1\/wp-content\/uploads\/2025\/09\/HHTGEMBT4ZFTVEGE7ZQHZCGYKU.avif 992w, https:\/\/radioinfinitagoya.com.ar\/v1\/wp-content\/uploads\/2025\/09\/HHTGEMBT4ZFTVEGE7ZQHZCGYKU-696x392.jpg 696w, https:\/\/radioinfinitagoya.com.ar\/v1\/wp-content\/uploads\/2025\/09\/HHTGEMBT4ZFTVEGE7ZQHZCGYKU-747x420.jpg 747w\" sizes=\"auto, (max-width: 992px) 100vw, 992px\" \/><\/p>\n<p>Al resultado incierto en los comicios del domingo en Buenos Aires, se a\u00f1ade el aumento del riesgo pa\u00eds y la intervenci\u00f3n del Tesoro en los mercados para evitar que se dispare la cotizaci\u00f3n del d\u00f3lar.<\/p>\n<p>El presidente aprovechar\u00e1 su conversaci\u00f3n a solas con Milken y la exposici\u00f3n ante los 50 empresarios para ratificar que el plan de ajuste no sufrir\u00e1 cambios.<\/p>\n<p>Pese al apoyo constante de Donald Trump y las reformas estructurales ejecutadas por Caputo, la inversi\u00f3n directa hacia la Argentina a\u00fan no se concret\u00f3 en los niveles esperados.<\/p>\n<p><img loading=\"lazy\" decoding=\"async\" class=\"alignnone size-full wp-image-195405\" src=\"https:\/\/radioinfinitagoya.com.ar\/v1\/wp-content\/uploads\/2025\/09\/4UZVDWLEMZETXDZKKIS3JFQDQM.avif\" alt=\"\" width=\"992\" height=\"558\" srcset=\"https:\/\/radioinfinitagoya.com.ar\/v1\/wp-content\/uploads\/2025\/09\/4UZVDWLEMZETXDZKKIS3JFQDQM.avif 992w, https:\/\/radioinfinitagoya.com.ar\/v1\/wp-content\/uploads\/2025\/09\/4UZVDWLEMZETXDZKKIS3JFQDQM-696x392.jpg 696w, https:\/\/radioinfinitagoya.com.ar\/v1\/wp-content\/uploads\/2025\/09\/4UZVDWLEMZETXDZKKIS3JFQDQM-747x420.jpg 747w\" sizes=\"auto, (max-width: 992px) 100vw, 992px\" \/><\/p>\n<p>Tras la cita en el Instituto Milken, Milei, Caputo y Oxenford se encontrar\u00e1n con Mark Nelson, vicepresidente de Chevron.<\/p>\n<p>Chevron es clave en Vaca Muerta por su decisi\u00f3n estrat\u00e9gica de apostar a la producci\u00f3n de energ\u00eda en el pa\u00eds. Nelson, adem\u00e1s de sus responsabilidades corporativas, es vicepresidente ejecutivo de Petr\u00f3leo, Productos y Gas, con fuerte influencia al momento de definir inversiones globales.<\/p>\n<p>Asimismo, el presidente recibir\u00e1 a Ryan McInerney, CEO de VISA. McInerney fue director ejecutivo del JP Morgan, estudio en Notre Dame, y observa con atenci\u00f3n la situaci\u00f3n econ\u00f3mica en la Argentina.<\/p>\n<p><img loading=\"lazy\" decoding=\"async\" class=\"alignnone size-full wp-image-195406\" src=\"https:\/\/radioinfinitagoya.com.ar\/v1\/wp-content\/uploads\/2025\/09\/6PDWRMGAKNHMFK426Y7RY7JNUM.avif\" alt=\"\" width=\"992\" height=\"558\" srcset=\"https:\/\/radioinfinitagoya.com.ar\/v1\/wp-content\/uploads\/2025\/09\/6PDWRMGAKNHMFK426Y7RY7JNUM.avif 992w, https:\/\/radioinfinitagoya.com.ar\/v1\/wp-content\/uploads\/2025\/09\/6PDWRMGAKNHMFK426Y7RY7JNUM-696x392.jpg 696w, https:\/\/radioinfinitagoya.com.ar\/v1\/wp-content\/uploads\/2025\/09\/6PDWRMGAKNHMFK426Y7RY7JNUM-747x420.jpg 747w\" sizes=\"auto, (max-width: 992px) 100vw, 992px\" \/><\/p>\n<p>Antes de regresar a Buenos Aires, el Presidente se reunir\u00e1 con Andy Kleinman, un emprendedor nacido en Argentina muy reconocido en la industria del entretenimiento. Su actual empresa Delphi Interactive acaba de anunciar el nuevo juego de James Bond, que se conocer\u00e1 en Marzo de 2026.<\/p>\n<p>Milei duerme esta noche en Los \u00c1ngeles y el s\u00e1bado a la madrugada aterrizar\u00e1 en la Argentina.<\/p>\n<p>&nbsp;<\/p>\n","protected":false},"excerpt":{"rendered":"<p>&#8220;Para ratificar su programa econ\u00f3mico&#8221; El Presidente aterriz\u00f3 en Los \u00c1ngeles para disertar en el Instituto Milken y mantener encuentros con Ryan McInerney, CEO de Visa, y Mark Nelson, vicepresidente de Chevron (Desde Washington, Estados Unidos) Javier Milei aterriz\u00f3 en Los \u00c1ngeles junto a Luis Caputo para cumplir una apretada agenda que tiene como eje [&hellip;]<\/p>\n","protected":false},"author":4,"featured_media":195403,"comment_status":"closed","ping_status":"closed","sticky":false,"template":"","format":"standard","meta":{"_joinchat":[],"footnotes":""},"categories":[25],"tags":[],"class_list":{"0":"post-195402","1":"post","2":"type-post","3":"status-publish","4":"format-standard","5":"has-post-thumbnail","7":"category-destacados"},"yoast_head":"<!-- This site is optimized with the Yoast SEO plugin v27.2 - https:\/\/yoast.com\/product\/yoast-seo-wordpress\/ -->\n<title>Milei se re\u00fane con inversores en Estados Unidos - Radio Infinita Goya<\/title>\n<meta name=\"description\" content=\"&quot;Para ratificar su programa econ\u00f3mico&quot; El Presidente aterriz\u00f3 en Los \u00c1ngeles para disertar en el Instituto Milken y mantener encuentros con Ryan\" \/>\n<meta name=\"robots\" content=\"index, follow, max-snippet:-1, max-image-preview:large, max-video-preview:-1\" \/>\n<link rel=\"canonical\" href=\"https:\/\/radioinfinitagoya.com.ar\/v1\/2025\/09\/04\/milei-se-reune-con-inversores-en-estados-unidos\/\" \/>\n<meta property=\"og:locale\" content=\"es_ES\" \/>\n<meta property=\"og:type\" content=\"article\" \/>\n<meta property=\"og:title\" content=\"Milei se re\u00fane con inversores en Estados Unidos - Radio Infinita Goya\" \/>\n<meta property=\"og:description\" content=\"&quot;Para ratificar su programa econ\u00f3mico&quot; El Presidente aterriz\u00f3 en Los \u00c1ngeles para disertar en el Instituto Milken y mantener encuentros con Ryan\" \/>\n<meta property=\"og:url\" content=\"https:\/\/radioinfinitagoya.com.ar\/v1\/2025\/09\/04\/milei-se-reune-con-inversores-en-estados-unidos\/\" \/>\n<meta property=\"og:site_name\" content=\"Radio Infinita Goya\" \/>\n<meta property=\"article:publisher\" content=\"https:\/\/www.facebook.com\/p\/Infinita-Goya-100063870918311\/\" \/>\n<meta property=\"article:published_time\" content=\"2025-09-04T20:23:32+00:00\" \/>\n<meta name=\"author\" content=\"Jorge Mi\u00f1o\" \/>\n<meta name=\"twitter:card\" content=\"summary_large_image\" \/>\n<meta name=\"twitter:label1\" content=\"Escrito por\" \/>\n\t<meta name=\"twitter:data1\" content=\"Jorge Mi\u00f1o\" \/>\n\t<meta name=\"twitter:label2\" content=\"Tiempo de lectura\" \/>\n\t<meta name=\"twitter:data2\" content=\"4 minutos\" \/>\n<script type=\"application\/ld+json\" class=\"yoast-schema-graph\">{\"@context\":\"https:\/\/schema.org\",\"@graph\":[{\"@type\":\"Article\",\"@id\":\"https:\/\/radioinfinitagoya.com.ar\/v1\/2025\/09\/04\/milei-se-reune-con-inversores-en-estados-unidos\/#article\",\"isPartOf\":{\"@id\":\"https:\/\/radioinfinitagoya.com.ar\/v1\/2025\/09\/04\/milei-se-reune-con-inversores-en-estados-unidos\/\"},\"author\":{\"name\":\"Jorge Mi\u00f1o\",\"@id\":\"https:\/\/radioinfinitagoya.com.ar\/v1\/#\/schema\/person\/d4cf9c413d4f6edb24aabdccab49ca4a\"},\"headline\":\"Milei se re\u00fane con inversores en Estados Unidos\",\"datePublished\":\"2025-09-04T20:23:32+00:00\",\"mainEntityOfPage\":{\"@id\":\"https:\/\/radioinfinitagoya.com.ar\/v1\/2025\/09\/04\/milei-se-reune-con-inversores-en-estados-unidos\/\"},\"wordCount\":557,\"publisher\":{\"@id\":\"https:\/\/radioinfinitagoya.com.ar\/v1\/#organization\"},\"image\":{\"@id\":\"https:\/\/radioinfinitagoya.com.ar\/v1\/2025\/09\/04\/milei-se-reune-con-inversores-en-estados-unidos\/#primaryimage\"},\"thumbnailUrl\":\"https:\/\/radioinfinitagoya.com.ar\/v1\/wp-content\/uploads\/2025\/09\/BVQPP34YGVSOIIGJKT2CNJ3W4U.avif\",\"articleSection\":[\"DESTACADOS\"],\"inLanguage\":\"es-AR\"},{\"@type\":\"WebPage\",\"@id\":\"https:\/\/radioinfinitagoya.com.ar\/v1\/2025\/09\/04\/milei-se-reune-con-inversores-en-estados-unidos\/\",\"url\":\"https:\/\/radioinfinitagoya.com.ar\/v1\/2025\/09\/04\/milei-se-reune-con-inversores-en-estados-unidos\/\",\"name\":\"Milei se re\u00fane con inversores en Estados Unidos - Radio Infinita Goya\",\"isPartOf\":{\"@id\":\"https:\/\/radioinfinitagoya.com.ar\/v1\/#website\"},\"primaryImageOfPage\":{\"@id\":\"https:\/\/radioinfinitagoya.com.ar\/v1\/2025\/09\/04\/milei-se-reune-con-inversores-en-estados-unidos\/#primaryimage\"},\"image\":{\"@id\":\"https:\/\/radioinfinitagoya.com.ar\/v1\/2025\/09\/04\/milei-se-reune-con-inversores-en-estados-unidos\/#primaryimage\"},\"thumbnailUrl\":\"https:\/\/radioinfinitagoya.com.ar\/v1\/wp-content\/uploads\/2025\/09\/BVQPP34YGVSOIIGJKT2CNJ3W4U.avif\",\"datePublished\":\"2025-09-04T20:23:32+00:00\",\"description\":\"\\\"Para ratificar su programa econ\u00f3mico\\\" El Presidente aterriz\u00f3 en Los \u00c1ngeles para disertar en el Instituto Milken y mantener encuentros con Ryan\",\"breadcrumb\":{\"@id\":\"https:\/\/radioinfinitagoya.com.ar\/v1\/2025\/09\/04\/milei-se-reune-con-inversores-en-estados-unidos\/#breadcrumb\"},\"inLanguage\":\"es-AR\",\"potentialAction\":[{\"@type\":\"ReadAction\",\"target\":[\"https:\/\/radioinfinitagoya.com.ar\/v1\/2025\/09\/04\/milei-se-reune-con-inversores-en-estados-unidos\/\"]}]},{\"@type\":\"ImageObject\",\"inLanguage\":\"es-AR\",\"@id\":\"https:\/\/radioinfinitagoya.com.ar\/v1\/2025\/09\/04\/milei-se-reune-con-inversores-en-estados-unidos\/#primaryimage\",\"url\":\"https:\/\/radioinfinitagoya.com.ar\/v1\/wp-content\/uploads\/2025\/09\/BVQPP34YGVSOIIGJKT2CNJ3W4U.avif\",\"contentUrl\":\"https:\/\/radioinfinitagoya.com.ar\/v1\/wp-content\/uploads\/2025\/09\/BVQPP34YGVSOIIGJKT2CNJ3W4U.avif\",\"width\":992,\"height\":661},{\"@type\":\"BreadcrumbList\",\"@id\":\"https:\/\/radioinfinitagoya.com.ar\/v1\/2025\/09\/04\/milei-se-reune-con-inversores-en-estados-unidos\/#breadcrumb\",\"itemListElement\":[{\"@type\":\"ListItem\",\"position\":1,\"name\":\"Inicio\",\"item\":\"https:\/\/radioinfinitagoya.com.ar\/v1\/\"},{\"@type\":\"ListItem\",\"position\":2,\"name\":\"Milei se re\u00fane con inversores en Estados Unidos\"}]},{\"@type\":\"WebSite\",\"@id\":\"https:\/\/radioinfinitagoya.com.ar\/v1\/#website\",\"url\":\"https:\/\/radioinfinitagoya.com.ar\/v1\/\",\"name\":\"radioinfinitagoya.com.ar\",\"description\":\"Radio de noticias\",\"publisher\":{\"@id\":\"https:\/\/radioinfinitagoya.com.ar\/v1\/#organization\"},\"potentialAction\":[{\"@type\":\"SearchAction\",\"target\":{\"@type\":\"EntryPoint\",\"urlTemplate\":\"https:\/\/radioinfinitagoya.com.ar\/v1\/?s={search_term_string}\"},\"query-input\":{\"@type\":\"PropertyValueSpecification\",\"valueRequired\":true,\"valueName\":\"search_term_string\"}}],\"inLanguage\":\"es-AR\"},{\"@type\":\"Organization\",\"@id\":\"https:\/\/radioinfinitagoya.com.ar\/v1\/#organization\",\"name\":\"Radio Infinita Goya\",\"url\":\"https:\/\/radioinfinitagoya.com.ar\/v1\/\",\"logo\":{\"@type\":\"ImageObject\",\"inLanguage\":\"es-AR\",\"@id\":\"https:\/\/radioinfinitagoya.com.ar\/v1\/#\/schema\/logo\/image\/\",\"url\":\"https:\/\/radioinfinitagoya.com.ar\/v1\/wp-content\/uploads\/2019\/11\/logo-pie-web.png\",\"contentUrl\":\"https:\/\/radioinfinitagoya.com.ar\/v1\/wp-content\/uploads\/2019\/11\/logo-pie-web.png\",\"width\":635,\"height\":326,\"caption\":\"Radio Infinita Goya\"},\"image\":{\"@id\":\"https:\/\/radioinfinitagoya.com.ar\/v1\/#\/schema\/logo\/image\/\"},\"sameAs\":[\"https:\/\/www.facebook.com\/p\/Infinita-Goya-100063870918311\/\"]},{\"@type\":\"Person\",\"@id\":\"https:\/\/radioinfinitagoya.com.ar\/v1\/#\/schema\/person\/d4cf9c413d4f6edb24aabdccab49ca4a\",\"name\":\"Jorge Mi\u00f1o\",\"image\":{\"@type\":\"ImageObject\",\"inLanguage\":\"es-AR\",\"@id\":\"https:\/\/secure.gravatar.com\/avatar\/910fcf6728fe95320e07a6643c1581fec1c7fc4bf8ae12e3d8f0d0373dc844be?s=96&d=mm&r=g\",\"url\":\"https:\/\/secure.gravatar.com\/avatar\/910fcf6728fe95320e07a6643c1581fec1c7fc4bf8ae12e3d8f0d0373dc844be?s=96&d=mm&r=g\",\"contentUrl\":\"https:\/\/secure.gravatar.com\/avatar\/910fcf6728fe95320e07a6643c1581fec1c7fc4bf8ae12e3d8f0d0373dc844be?s=96&d=mm&r=g\",\"caption\":\"Jorge Mi\u00f1o\"},\"sameAs\":[\"http:\/\/radioinfinitagoya.com.ar\"]}]}<\/script>\n<!-- \/ Yoast SEO plugin. -->","yoast_head_json":{"title":"Milei se re\u00fane con inversores en Estados Unidos - Radio Infinita Goya","description":"\"Para ratificar su programa econ\u00f3mico\" El Presidente aterriz\u00f3 en Los \u00c1ngeles para disertar en el Instituto Milken y mantener encuentros con Ryan","robots":{"index":"index","follow":"follow","max-snippet":"max-snippet:-1","max-image-preview":"max-image-preview:large","max-video-preview":"max-video-preview:-1"},"canonical":"https:\/\/radioinfinitagoya.com.ar\/v1\/2025\/09\/04\/milei-se-reune-con-inversores-en-estados-unidos\/","og_locale":"es_ES","og_type":"article","og_title":"Milei se re\u00fane con inversores en Estados Unidos - Radio Infinita Goya","og_description":"\"Para ratificar su programa econ\u00f3mico\" El Presidente aterriz\u00f3 en Los \u00c1ngeles para disertar en el Instituto Milken y mantener encuentros con Ryan","og_url":"https:\/\/radioinfinitagoya.com.ar\/v1\/2025\/09\/04\/milei-se-reune-con-inversores-en-estados-unidos\/","og_site_name":"Radio Infinita Goya","article_publisher":"https:\/\/www.facebook.com\/p\/Infinita-Goya-100063870918311\/","article_published_time":"2025-09-04T20:23:32+00:00","author":"Jorge Mi\u00f1o","twitter_card":"summary_large_image","twitter_misc":{"Escrito por":"Jorge Mi\u00f1o","Tiempo de lectura":"4 minutos"},"schema":{"@context":"https:\/\/schema.org","@graph":[{"@type":"Article","@id":"https:\/\/radioinfinitagoya.com.ar\/v1\/2025\/09\/04\/milei-se-reune-con-inversores-en-estados-unidos\/#article","isPartOf":{"@id":"https:\/\/radioinfinitagoya.com.ar\/v1\/2025\/09\/04\/milei-se-reune-con-inversores-en-estados-unidos\/"},"author":{"name":"Jorge Mi\u00f1o","@id":"https:\/\/radioinfinitagoya.com.ar\/v1\/#\/schema\/person\/d4cf9c413d4f6edb24aabdccab49ca4a"},"headline":"Milei se re\u00fane con inversores en Estados Unidos","datePublished":"2025-09-04T20:23:32+00:00","mainEntityOfPage":{"@id":"https:\/\/radioinfinitagoya.com.ar\/v1\/2025\/09\/04\/milei-se-reune-con-inversores-en-estados-unidos\/"},"wordCount":557,"publisher":{"@id":"https:\/\/radioinfinitagoya.com.ar\/v1\/#organization"},"image":{"@id":"https:\/\/radioinfinitagoya.com.ar\/v1\/2025\/09\/04\/milei-se-reune-con-inversores-en-estados-unidos\/#primaryimage"},"thumbnailUrl":"https:\/\/radioinfinitagoya.com.ar\/v1\/wp-content\/uploads\/2025\/09\/BVQPP34YGVSOIIGJKT2CNJ3W4U.avif","articleSection":["DESTACADOS"],"inLanguage":"es-AR"},{"@type":"WebPage","@id":"https:\/\/radioinfinitagoya.com.ar\/v1\/2025\/09\/04\/milei-se-reune-con-inversores-en-estados-unidos\/","url":"https:\/\/radioinfinitagoya.com.ar\/v1\/2025\/09\/04\/milei-se-reune-con-inversores-en-estados-unidos\/","name":"Milei se re\u00fane con inversores en Estados Unidos - Radio Infinita Goya","isPartOf":{"@id":"https:\/\/radioinfinitagoya.com.ar\/v1\/#website"},"primaryImageOfPage":{"@id":"https:\/\/radioinfinitagoya.com.ar\/v1\/2025\/09\/04\/milei-se-reune-con-inversores-en-estados-unidos\/#primaryimage"},"image":{"@id":"https:\/\/radioinfinitagoya.com.ar\/v1\/2025\/09\/04\/milei-se-reune-con-inversores-en-estados-unidos\/#primaryimage"},"thumbnailUrl":"https:\/\/radioinfinitagoya.com.ar\/v1\/wp-content\/uploads\/2025\/09\/BVQPP34YGVSOIIGJKT2CNJ3W4U.avif","datePublished":"2025-09-04T20:23:32+00:00","description":"\"Para ratificar su programa econ\u00f3mico\" El Presidente aterriz\u00f3 en Los \u00c1ngeles para disertar en el Instituto Milken y mantener encuentros con Ryan","breadcrumb":{"@id":"https:\/\/radioinfinitagoya.com.ar\/v1\/2025\/09\/04\/milei-se-reune-con-inversores-en-estados-unidos\/#breadcrumb"},"inLanguage":"es-AR","potentialAction":[{"@type":"ReadAction","target":["https:\/\/radioinfinitagoya.com.ar\/v1\/2025\/09\/04\/milei-se-reune-con-inversores-en-estados-unidos\/"]}]},{"@type":"ImageObject","inLanguage":"es-AR","@id":"https:\/\/radioinfinitagoya.com.ar\/v1\/2025\/09\/04\/milei-se-reune-con-inversores-en-estados-unidos\/#primaryimage","url":"https:\/\/radioinfinitagoya.com.ar\/v1\/wp-content\/uploads\/2025\/09\/BVQPP34YGVSOIIGJKT2CNJ3W4U.avif","contentUrl":"https:\/\/radioinfinitagoya.com.ar\/v1\/wp-content\/uploads\/2025\/09\/BVQPP34YGVSOIIGJKT2CNJ3W4U.avif","width":992,"height":661},{"@type":"BreadcrumbList","@id":"https:\/\/radioinfinitagoya.com.ar\/v1\/2025\/09\/04\/milei-se-reune-con-inversores-en-estados-unidos\/#breadcrumb","itemListElement":[{"@type":"ListItem","position":1,"name":"Inicio","item":"https:\/\/radioinfinitagoya.com.ar\/v1\/"},{"@type":"ListItem","position":2,"name":"Milei se re\u00fane con inversores en Estados Unidos"}]},{"@type":"WebSite","@id":"https:\/\/radioinfinitagoya.com.ar\/v1\/#website","url":"https:\/\/radioinfinitagoya.com.ar\/v1\/","name":"radioinfinitagoya.com.ar","description":"Radio de noticias","publisher":{"@id":"https:\/\/radioinfinitagoya.com.ar\/v1\/#organization"},"potentialAction":[{"@type":"SearchAction","target":{"@type":"EntryPoint","urlTemplate":"https:\/\/radioinfinitagoya.com.ar\/v1\/?s={search_term_string}"},"query-input":{"@type":"PropertyValueSpecification","valueRequired":true,"valueName":"search_term_string"}}],"inLanguage":"es-AR"},{"@type":"Organization","@id":"https:\/\/radioinfinitagoya.com.ar\/v1\/#organization","name":"Radio Infinita Goya","url":"https:\/\/radioinfinitagoya.com.ar\/v1\/","logo":{"@type":"ImageObject","inLanguage":"es-AR","@id":"https:\/\/radioinfinitagoya.com.ar\/v1\/#\/schema\/logo\/image\/","url":"https:\/\/radioinfinitagoya.com.ar\/v1\/wp-content\/uploads\/2019\/11\/logo-pie-web.png","contentUrl":"https:\/\/radioinfinitagoya.com.ar\/v1\/wp-content\/uploads\/2019\/11\/logo-pie-web.png","width":635,"height":326,"caption":"Radio Infinita Goya"},"image":{"@id":"https:\/\/radioinfinitagoya.com.ar\/v1\/#\/schema\/logo\/image\/"},"sameAs":["https:\/\/www.facebook.com\/p\/Infinita-Goya-100063870918311\/"]},{"@type":"Person","@id":"https:\/\/radioinfinitagoya.com.ar\/v1\/#\/schema\/person\/d4cf9c413d4f6edb24aabdccab49ca4a","name":"Jorge Mi\u00f1o","image":{"@type":"ImageObject","inLanguage":"es-AR","@id":"https:\/\/secure.gravatar.com\/avatar\/910fcf6728fe95320e07a6643c1581fec1c7fc4bf8ae12e3d8f0d0373dc844be?s=96&d=mm&r=g","url":"https:\/\/secure.gravatar.com\/avatar\/910fcf6728fe95320e07a6643c1581fec1c7fc4bf8ae12e3d8f0d0373dc844be?s=96&d=mm&r=g","contentUrl":"https:\/\/secure.gravatar.com\/avatar\/910fcf6728fe95320e07a6643c1581fec1c7fc4bf8ae12e3d8f0d0373dc844be?s=96&d=mm&r=g","caption":"Jorge Mi\u00f1o"},"sameAs":["http:\/\/radioinfinitagoya.com.ar"]}]}},"_links":{"self":[{"href":"https:\/\/radioinfinitagoya.com.ar\/v1\/wp-json\/wp\/v2\/posts\/195402","targetHints":{"allow":["GET"]}}],"collection":[{"href":"https:\/\/radioinfinitagoya.com.ar\/v1\/wp-json\/wp\/v2\/posts"}],"about":[{"href":"https:\/\/radioinfinitagoya.com.ar\/v1\/wp-json\/wp\/v2\/types\/post"}],"author":[{"embeddable":true,"href":"https:\/\/radioinfinitagoya.com.ar\/v1\/wp-json\/wp\/v2\/users\/4"}],"replies":[{"embeddable":true,"href":"https:\/\/radioinfinitagoya.com.ar\/v1\/wp-json\/wp\/v2\/comments?post=195402"}],"version-history":[{"count":0,"href":"https:\/\/radioinfinitagoya.com.ar\/v1\/wp-json\/wp\/v2\/posts\/195402\/revisions"}],"wp:featuredmedia":[{"embeddable":true,"href":"https:\/\/radioinfinitagoya.com.ar\/v1\/wp-json\/wp\/v2\/media\/195403"}],"wp:attachment":[{"href":"https:\/\/radioinfinitagoya.com.ar\/v1\/wp-json\/wp\/v2\/media?parent=195402"}],"wp:term":[{"taxonomy":"category","embeddable":true,"href":"https:\/\/radioinfinitagoya.com.ar\/v1\/wp-json\/wp\/v2\/categories?post=195402"},{"taxonomy":"post_tag","embeddable":true,"href":"https:\/\/radioinfinitagoya.com.ar\/v1\/wp-json\/wp\/v2\/tags?post=195402"}],"curies":[{"name":"wp","href":"https:\/\/api.w.org\/{rel}","templated":true}]}}