{"id":195567,"date":"2025-09-08T16:01:00","date_gmt":"2025-09-08T19:01:00","guid":{"rendered":"https:\/\/radioinfinitagoya.com.ar\/v1\/?p=195567"},"modified":"2025-09-08T16:03:00","modified_gmt":"2025-09-08T19:03:00","slug":"el-santuario-del-gauchito-gil-se-moderniza-asi-sera-el-renovado-complejo","status":"publish","type":"post","link":"https:\/\/radioinfinitagoya.com.ar\/v1\/2025\/09\/08\/el-santuario-del-gauchito-gil-se-moderniza-asi-sera-el-renovado-complejo\/","title":{"rendered":"El santuario del Gauchito Gil se moderniza: as\u00ed ser\u00e1 el renovado complejo"},"content":{"rendered":"<p>El predio, totalmente modernizado, contar\u00e1 con oratorio, atrio, espacios comerciales, gastron\u00f3micos y de recreaci\u00f3n, para recibir a miles de devotos de todo el pa\u00eds.<\/p>\n<p>El gobernador de Corrientes, Gustavo Vald\u00e9s, inform\u00f3 que la construcci\u00f3n del santuario del Gauchito Gil, uno de los sitios de devoci\u00f3n popular m\u00e1s concurridos del pa\u00eds, presenta un gran avance en su modernizaci\u00f3n e infraestructura.<\/p>\n<p>El predio, ubicado en el kil\u00f3metro 101 de la Ruta Nacional N\u00b0123, en Mercedes, fue integralmente intervenido para dotarlo de mayor seguridad, orden y servicios, en beneficio de los miles de peregrinos y turistas que cada a\u00f1o visitan el lugar<\/p>\n<p><img loading=\"lazy\" decoding=\"async\" class=\"alignnone size-full wp-image-195569\" src=\"https:\/\/radioinfinitagoya.com.ar\/v1\/wp-content\/uploads\/2025\/09\/1757277567884.webp\" alt=\"\" width=\"1200\" height=\"675\" srcset=\"https:\/\/radioinfinitagoya.com.ar\/v1\/wp-content\/uploads\/2025\/09\/1757277567884.webp 1200w, https:\/\/radioinfinitagoya.com.ar\/v1\/wp-content\/uploads\/2025\/09\/1757277567884-696x392.webp 696w, https:\/\/radioinfinitagoya.com.ar\/v1\/wp-content\/uploads\/2025\/09\/1757277567884-1068x601.webp 1068w, https:\/\/radioinfinitagoya.com.ar\/v1\/wp-content\/uploads\/2025\/09\/1757277567884-747x420.webp 747w\" sizes=\"auto, (max-width: 1200px) 100vw, 1200px\" \/><\/p>\n<p>El imponente santuario principal tiene una superficie de 435 m\u00b2 y fue dise\u00f1ado con un atrio y un oratorio para las celebraciones religiosas. Adem\u00e1s, el complejo sumar\u00e1 locales comerciales y gastron\u00f3micos, camping, anfiteatro, \u00e1reas de alojamiento, recreaci\u00f3n y un amplio estacionamiento.<\/p>\n<p>Seg\u00fan destac\u00f3 el gobernador Gustavo Vald\u00e9s, \u201cen Corrientes invertimos para preservar la fe, valorar la identidad y promover el turismo\u201d. Una vez inaugurado, el renovado santuario se convertir\u00e1 en un espacio m\u00e1s ordenado, amplio y seguro, capaz de convocar a multitudes en cada celebraci\u00f3n al Gauchito Gil.<\/p>\n<p>Con esta obra, Corrientes busca consolidar a Mercedes como un epicentro de devoci\u00f3n y turismo religioso, generando desarrollo econ\u00f3mico y reafirmando la identidad cultural de la provincia.<\/p>\n<p><img loading=\"lazy\" decoding=\"async\" class=\"alignnone size-full wp-image-195571\" src=\"https:\/\/radioinfinitagoya.com.ar\/v1\/wp-content\/uploads\/2025\/09\/G0QaKK6WcAAUP4K.jpg\" alt=\"\" width=\"1125\" height=\"1501\" srcset=\"https:\/\/radioinfinitagoya.com.ar\/v1\/wp-content\/uploads\/2025\/09\/G0QaKK6WcAAUP4K.jpg 1125w, https:\/\/radioinfinitagoya.com.ar\/v1\/wp-content\/uploads\/2025\/09\/G0QaKK6WcAAUP4K-696x929.jpg 696w, https:\/\/radioinfinitagoya.com.ar\/v1\/wp-content\/uploads\/2025\/09\/G0QaKK6WcAAUP4K-1068x1425.jpg 1068w, https:\/\/radioinfinitagoya.com.ar\/v1\/wp-content\/uploads\/2025\/09\/G0QaKK6WcAAUP4K-315x420.jpg 315w\" sizes=\"auto, (max-width: 1125px) 100vw, 1125px\" \/><\/p>\n<p>&nbsp;<\/p>\n","protected":false},"excerpt":{"rendered":"<p>El predio, totalmente modernizado, contar\u00e1 con oratorio, atrio, espacios comerciales, gastron\u00f3micos y de recreaci\u00f3n, para recibir a miles de devotos de todo el pa\u00eds. El gobernador de Corrientes, Gustavo Vald\u00e9s, inform\u00f3 que la construcci\u00f3n del santuario del Gauchito Gil, uno de los sitios de devoci\u00f3n popular m\u00e1s concurridos del pa\u00eds, presenta un gran avance en [&hellip;]<\/p>\n","protected":false},"author":4,"featured_media":195568,"comment_status":"closed","ping_status":"closed","sticky":false,"template":"","format":"standard","meta":{"_joinchat":[],"footnotes":""},"categories":[26],"tags":[],"class_list":{"0":"post-195567","1":"post","2":"type-post","3":"status-publish","4":"format-standard","5":"has-post-thumbnail","7":"category-provinciales"},"yoast_head":"<!-- This site is optimized with the Yoast SEO plugin v27.2 - https:\/\/yoast.com\/product\/yoast-seo-wordpress\/ -->\n<title>El santuario del Gauchito Gil se moderniza: as\u00ed ser\u00e1 el renovado complejo - Radio Infinita Goya<\/title>\n<meta name=\"description\" content=\"El predio, totalmente modernizado, contar\u00e1 con oratorio, atrio, espacios comerciales, gastron\u00f3micos y de recreaci\u00f3n, para recibir a miles de devotos de\" \/>\n<meta name=\"robots\" content=\"index, follow, max-snippet:-1, max-image-preview:large, max-video-preview:-1\" \/>\n<link rel=\"canonical\" href=\"https:\/\/radioinfinitagoya.com.ar\/v1\/2025\/09\/08\/el-santuario-del-gauchito-gil-se-moderniza-asi-sera-el-renovado-complejo\/\" \/>\n<meta property=\"og:locale\" content=\"es_ES\" \/>\n<meta property=\"og:type\" content=\"article\" \/>\n<meta property=\"og:title\" content=\"El santuario del Gauchito Gil se moderniza: as\u00ed ser\u00e1 el renovado complejo - Radio Infinita Goya\" \/>\n<meta property=\"og:description\" content=\"El predio, totalmente modernizado, contar\u00e1 con oratorio, atrio, espacios comerciales, gastron\u00f3micos y de recreaci\u00f3n, para recibir a miles de devotos de\" \/>\n<meta property=\"og:url\" content=\"https:\/\/radioinfinitagoya.com.ar\/v1\/2025\/09\/08\/el-santuario-del-gauchito-gil-se-moderniza-asi-sera-el-renovado-complejo\/\" \/>\n<meta property=\"og:site_name\" content=\"Radio Infinita Goya\" \/>\n<meta property=\"article:publisher\" content=\"https:\/\/www.facebook.com\/p\/Infinita-Goya-100063870918311\/\" \/>\n<meta property=\"article:published_time\" content=\"2025-09-08T19:01:00+00:00\" \/>\n<meta property=\"article:modified_time\" content=\"2025-09-08T19:03:00+00:00\" \/>\n<meta property=\"og:image\" content=\"https:\/\/radioinfinitagoya.com.ar\/v1\/wp-content\/uploads\/2025\/09\/544737727_1320721792748772_5259241684661074164_n.jpg\" \/>\n\t<meta property=\"og:image:width\" content=\"807\" \/>\n\t<meta property=\"og:image:height\" content=\"582\" \/>\n\t<meta property=\"og:image:type\" content=\"image\/jpeg\" \/>\n<meta name=\"author\" content=\"Jorge Mi\u00f1o\" \/>\n<meta name=\"twitter:card\" content=\"summary_large_image\" \/>\n<meta name=\"twitter:label1\" content=\"Escrito por\" \/>\n\t<meta name=\"twitter:data1\" content=\"Jorge Mi\u00f1o\" \/>\n\t<meta name=\"twitter:label2\" content=\"Tiempo de lectura\" \/>\n\t<meta name=\"twitter:data2\" content=\"2 minutos\" \/>\n<script type=\"application\/ld+json\" class=\"yoast-schema-graph\">{\"@context\":\"https:\/\/schema.org\",\"@graph\":[{\"@type\":\"Article\",\"@id\":\"https:\/\/radioinfinitagoya.com.ar\/v1\/2025\/09\/08\/el-santuario-del-gauchito-gil-se-moderniza-asi-sera-el-renovado-complejo\/#article\",\"isPartOf\":{\"@id\":\"https:\/\/radioinfinitagoya.com.ar\/v1\/2025\/09\/08\/el-santuario-del-gauchito-gil-se-moderniza-asi-sera-el-renovado-complejo\/\"},\"author\":{\"name\":\"Jorge Mi\u00f1o\",\"@id\":\"https:\/\/radioinfinitagoya.com.ar\/v1\/#\/schema\/person\/d4cf9c413d4f6edb24aabdccab49ca4a\"},\"headline\":\"El santuario del Gauchito Gil se moderniza: as\u00ed ser\u00e1 el renovado complejo\",\"datePublished\":\"2025-09-08T19:01:00+00:00\",\"dateModified\":\"2025-09-08T19:03:00+00:00\",\"mainEntityOfPage\":{\"@id\":\"https:\/\/radioinfinitagoya.com.ar\/v1\/2025\/09\/08\/el-santuario-del-gauchito-gil-se-moderniza-asi-sera-el-renovado-complejo\/\"},\"wordCount\":246,\"publisher\":{\"@id\":\"https:\/\/radioinfinitagoya.com.ar\/v1\/#organization\"},\"image\":{\"@id\":\"https:\/\/radioinfinitagoya.com.ar\/v1\/2025\/09\/08\/el-santuario-del-gauchito-gil-se-moderniza-asi-sera-el-renovado-complejo\/#primaryimage\"},\"thumbnailUrl\":\"https:\/\/radioinfinitagoya.com.ar\/v1\/wp-content\/uploads\/2025\/09\/544737727_1320721792748772_5259241684661074164_n.jpg\",\"articleSection\":[\"PROVINCIALES\"],\"inLanguage\":\"es-AR\"},{\"@type\":\"WebPage\",\"@id\":\"https:\/\/radioinfinitagoya.com.ar\/v1\/2025\/09\/08\/el-santuario-del-gauchito-gil-se-moderniza-asi-sera-el-renovado-complejo\/\",\"url\":\"https:\/\/radioinfinitagoya.com.ar\/v1\/2025\/09\/08\/el-santuario-del-gauchito-gil-se-moderniza-asi-sera-el-renovado-complejo\/\",\"name\":\"El santuario del Gauchito Gil se moderniza: as\u00ed ser\u00e1 el renovado complejo - Radio Infinita Goya\",\"isPartOf\":{\"@id\":\"https:\/\/radioinfinitagoya.com.ar\/v1\/#website\"},\"primaryImageOfPage\":{\"@id\":\"https:\/\/radioinfinitagoya.com.ar\/v1\/2025\/09\/08\/el-santuario-del-gauchito-gil-se-moderniza-asi-sera-el-renovado-complejo\/#primaryimage\"},\"image\":{\"@id\":\"https:\/\/radioinfinitagoya.com.ar\/v1\/2025\/09\/08\/el-santuario-del-gauchito-gil-se-moderniza-asi-sera-el-renovado-complejo\/#primaryimage\"},\"thumbnailUrl\":\"https:\/\/radioinfinitagoya.com.ar\/v1\/wp-content\/uploads\/2025\/09\/544737727_1320721792748772_5259241684661074164_n.jpg\",\"datePublished\":\"2025-09-08T19:01:00+00:00\",\"dateModified\":\"2025-09-08T19:03:00+00:00\",\"description\":\"El predio, totalmente modernizado, contar\u00e1 con oratorio, atrio, espacios comerciales, gastron\u00f3micos y de recreaci\u00f3n, para recibir a miles de devotos de\",\"breadcrumb\":{\"@id\":\"https:\/\/radioinfinitagoya.com.ar\/v1\/2025\/09\/08\/el-santuario-del-gauchito-gil-se-moderniza-asi-sera-el-renovado-complejo\/#breadcrumb\"},\"inLanguage\":\"es-AR\",\"potentialAction\":[{\"@type\":\"ReadAction\",\"target\":[\"https:\/\/radioinfinitagoya.com.ar\/v1\/2025\/09\/08\/el-santuario-del-gauchito-gil-se-moderniza-asi-sera-el-renovado-complejo\/\"]}]},{\"@type\":\"ImageObject\",\"inLanguage\":\"es-AR\",\"@id\":\"https:\/\/radioinfinitagoya.com.ar\/v1\/2025\/09\/08\/el-santuario-del-gauchito-gil-se-moderniza-asi-sera-el-renovado-complejo\/#primaryimage\",\"url\":\"https:\/\/radioinfinitagoya.com.ar\/v1\/wp-content\/uploads\/2025\/09\/544737727_1320721792748772_5259241684661074164_n.jpg\",\"contentUrl\":\"https:\/\/radioinfinitagoya.com.ar\/v1\/wp-content\/uploads\/2025\/09\/544737727_1320721792748772_5259241684661074164_n.jpg\",\"width\":807,\"height\":582},{\"@type\":\"BreadcrumbList\",\"@id\":\"https:\/\/radioinfinitagoya.com.ar\/v1\/2025\/09\/08\/el-santuario-del-gauchito-gil-se-moderniza-asi-sera-el-renovado-complejo\/#breadcrumb\",\"itemListElement\":[{\"@type\":\"ListItem\",\"position\":1,\"name\":\"Inicio\",\"item\":\"https:\/\/radioinfinitagoya.com.ar\/v1\/\"},{\"@type\":\"ListItem\",\"position\":2,\"name\":\"El santuario del Gauchito Gil se moderniza: as\u00ed ser\u00e1 el renovado complejo\"}]},{\"@type\":\"WebSite\",\"@id\":\"https:\/\/radioinfinitagoya.com.ar\/v1\/#website\",\"url\":\"https:\/\/radioinfinitagoya.com.ar\/v1\/\",\"name\":\"radioinfinitagoya.com.ar\",\"description\":\"Radio de noticias\",\"publisher\":{\"@id\":\"https:\/\/radioinfinitagoya.com.ar\/v1\/#organization\"},\"potentialAction\":[{\"@type\":\"SearchAction\",\"target\":{\"@type\":\"EntryPoint\",\"urlTemplate\":\"https:\/\/radioinfinitagoya.com.ar\/v1\/?s={search_term_string}\"},\"query-input\":{\"@type\":\"PropertyValueSpecification\",\"valueRequired\":true,\"valueName\":\"search_term_string\"}}],\"inLanguage\":\"es-AR\"},{\"@type\":\"Organization\",\"@id\":\"https:\/\/radioinfinitagoya.com.ar\/v1\/#organization\",\"name\":\"Radio Infinita Goya\",\"url\":\"https:\/\/radioinfinitagoya.com.ar\/v1\/\",\"logo\":{\"@type\":\"ImageObject\",\"inLanguage\":\"es-AR\",\"@id\":\"https:\/\/radioinfinitagoya.com.ar\/v1\/#\/schema\/logo\/image\/\",\"url\":\"https:\/\/radioinfinitagoya.com.ar\/v1\/wp-content\/uploads\/2019\/11\/logo-pie-web.png\",\"contentUrl\":\"https:\/\/radioinfinitagoya.com.ar\/v1\/wp-content\/uploads\/2019\/11\/logo-pie-web.png\",\"width\":635,\"height\":326,\"caption\":\"Radio Infinita Goya\"},\"image\":{\"@id\":\"https:\/\/radioinfinitagoya.com.ar\/v1\/#\/schema\/logo\/image\/\"},\"sameAs\":[\"https:\/\/www.facebook.com\/p\/Infinita-Goya-100063870918311\/\"]},{\"@type\":\"Person\",\"@id\":\"https:\/\/radioinfinitagoya.com.ar\/v1\/#\/schema\/person\/d4cf9c413d4f6edb24aabdccab49ca4a\",\"name\":\"Jorge Mi\u00f1o\",\"image\":{\"@type\":\"ImageObject\",\"inLanguage\":\"es-AR\",\"@id\":\"https:\/\/secure.gravatar.com\/avatar\/910fcf6728fe95320e07a6643c1581fec1c7fc4bf8ae12e3d8f0d0373dc844be?s=96&d=mm&r=g\",\"url\":\"https:\/\/secure.gravatar.com\/avatar\/910fcf6728fe95320e07a6643c1581fec1c7fc4bf8ae12e3d8f0d0373dc844be?s=96&d=mm&r=g\",\"contentUrl\":\"https:\/\/secure.gravatar.com\/avatar\/910fcf6728fe95320e07a6643c1581fec1c7fc4bf8ae12e3d8f0d0373dc844be?s=96&d=mm&r=g\",\"caption\":\"Jorge Mi\u00f1o\"},\"sameAs\":[\"http:\/\/radioinfinitagoya.com.ar\"]}]}<\/script>\n<!-- \/ Yoast SEO plugin. -->","yoast_head_json":{"title":"El santuario del Gauchito Gil se moderniza: as\u00ed ser\u00e1 el renovado complejo - Radio Infinita Goya","description":"El predio, totalmente modernizado, contar\u00e1 con oratorio, atrio, espacios comerciales, gastron\u00f3micos y de recreaci\u00f3n, para recibir a miles de devotos de","robots":{"index":"index","follow":"follow","max-snippet":"max-snippet:-1","max-image-preview":"max-image-preview:large","max-video-preview":"max-video-preview:-1"},"canonical":"https:\/\/radioinfinitagoya.com.ar\/v1\/2025\/09\/08\/el-santuario-del-gauchito-gil-se-moderniza-asi-sera-el-renovado-complejo\/","og_locale":"es_ES","og_type":"article","og_title":"El santuario del Gauchito Gil se moderniza: as\u00ed ser\u00e1 el renovado complejo - Radio Infinita Goya","og_description":"El predio, totalmente modernizado, contar\u00e1 con oratorio, atrio, espacios comerciales, gastron\u00f3micos y de recreaci\u00f3n, para recibir a miles de devotos de","og_url":"https:\/\/radioinfinitagoya.com.ar\/v1\/2025\/09\/08\/el-santuario-del-gauchito-gil-se-moderniza-asi-sera-el-renovado-complejo\/","og_site_name":"Radio Infinita Goya","article_publisher":"https:\/\/www.facebook.com\/p\/Infinita-Goya-100063870918311\/","article_published_time":"2025-09-08T19:01:00+00:00","article_modified_time":"2025-09-08T19:03:00+00:00","og_image":[{"width":807,"height":582,"url":"https:\/\/radioinfinitagoya.com.ar\/v1\/wp-content\/uploads\/2025\/09\/544737727_1320721792748772_5259241684661074164_n.jpg","type":"image\/jpeg"}],"author":"Jorge Mi\u00f1o","twitter_card":"summary_large_image","twitter_misc":{"Escrito por":"Jorge Mi\u00f1o","Tiempo de lectura":"2 minutos"},"schema":{"@context":"https:\/\/schema.org","@graph":[{"@type":"Article","@id":"https:\/\/radioinfinitagoya.com.ar\/v1\/2025\/09\/08\/el-santuario-del-gauchito-gil-se-moderniza-asi-sera-el-renovado-complejo\/#article","isPartOf":{"@id":"https:\/\/radioinfinitagoya.com.ar\/v1\/2025\/09\/08\/el-santuario-del-gauchito-gil-se-moderniza-asi-sera-el-renovado-complejo\/"},"author":{"name":"Jorge Mi\u00f1o","@id":"https:\/\/radioinfinitagoya.com.ar\/v1\/#\/schema\/person\/d4cf9c413d4f6edb24aabdccab49ca4a"},"headline":"El santuario del Gauchito Gil se moderniza: as\u00ed ser\u00e1 el renovado complejo","datePublished":"2025-09-08T19:01:00+00:00","dateModified":"2025-09-08T19:03:00+00:00","mainEntityOfPage":{"@id":"https:\/\/radioinfinitagoya.com.ar\/v1\/2025\/09\/08\/el-santuario-del-gauchito-gil-se-moderniza-asi-sera-el-renovado-complejo\/"},"wordCount":246,"publisher":{"@id":"https:\/\/radioinfinitagoya.com.ar\/v1\/#organization"},"image":{"@id":"https:\/\/radioinfinitagoya.com.ar\/v1\/2025\/09\/08\/el-santuario-del-gauchito-gil-se-moderniza-asi-sera-el-renovado-complejo\/#primaryimage"},"thumbnailUrl":"https:\/\/radioinfinitagoya.com.ar\/v1\/wp-content\/uploads\/2025\/09\/544737727_1320721792748772_5259241684661074164_n.jpg","articleSection":["PROVINCIALES"],"inLanguage":"es-AR"},{"@type":"WebPage","@id":"https:\/\/radioinfinitagoya.com.ar\/v1\/2025\/09\/08\/el-santuario-del-gauchito-gil-se-moderniza-asi-sera-el-renovado-complejo\/","url":"https:\/\/radioinfinitagoya.com.ar\/v1\/2025\/09\/08\/el-santuario-del-gauchito-gil-se-moderniza-asi-sera-el-renovado-complejo\/","name":"El santuario del Gauchito Gil se moderniza: as\u00ed ser\u00e1 el renovado complejo - Radio Infinita Goya","isPartOf":{"@id":"https:\/\/radioinfinitagoya.com.ar\/v1\/#website"},"primaryImageOfPage":{"@id":"https:\/\/radioinfinitagoya.com.ar\/v1\/2025\/09\/08\/el-santuario-del-gauchito-gil-se-moderniza-asi-sera-el-renovado-complejo\/#primaryimage"},"image":{"@id":"https:\/\/radioinfinitagoya.com.ar\/v1\/2025\/09\/08\/el-santuario-del-gauchito-gil-se-moderniza-asi-sera-el-renovado-complejo\/#primaryimage"},"thumbnailUrl":"https:\/\/radioinfinitagoya.com.ar\/v1\/wp-content\/uploads\/2025\/09\/544737727_1320721792748772_5259241684661074164_n.jpg","datePublished":"2025-09-08T19:01:00+00:00","dateModified":"2025-09-08T19:03:00+00:00","description":"El predio, totalmente modernizado, contar\u00e1 con oratorio, atrio, espacios comerciales, gastron\u00f3micos y de recreaci\u00f3n, para recibir a miles de devotos de","breadcrumb":{"@id":"https:\/\/radioinfinitagoya.com.ar\/v1\/2025\/09\/08\/el-santuario-del-gauchito-gil-se-moderniza-asi-sera-el-renovado-complejo\/#breadcrumb"},"inLanguage":"es-AR","potentialAction":[{"@type":"ReadAction","target":["https:\/\/radioinfinitagoya.com.ar\/v1\/2025\/09\/08\/el-santuario-del-gauchito-gil-se-moderniza-asi-sera-el-renovado-complejo\/"]}]},{"@type":"ImageObject","inLanguage":"es-AR","@id":"https:\/\/radioinfinitagoya.com.ar\/v1\/2025\/09\/08\/el-santuario-del-gauchito-gil-se-moderniza-asi-sera-el-renovado-complejo\/#primaryimage","url":"https:\/\/radioinfinitagoya.com.ar\/v1\/wp-content\/uploads\/2025\/09\/544737727_1320721792748772_5259241684661074164_n.jpg","contentUrl":"https:\/\/radioinfinitagoya.com.ar\/v1\/wp-content\/uploads\/2025\/09\/544737727_1320721792748772_5259241684661074164_n.jpg","width":807,"height":582},{"@type":"BreadcrumbList","@id":"https:\/\/radioinfinitagoya.com.ar\/v1\/2025\/09\/08\/el-santuario-del-gauchito-gil-se-moderniza-asi-sera-el-renovado-complejo\/#breadcrumb","itemListElement":[{"@type":"ListItem","position":1,"name":"Inicio","item":"https:\/\/radioinfinitagoya.com.ar\/v1\/"},{"@type":"ListItem","position":2,"name":"El santuario del Gauchito Gil se moderniza: as\u00ed ser\u00e1 el renovado complejo"}]},{"@type":"WebSite","@id":"https:\/\/radioinfinitagoya.com.ar\/v1\/#website","url":"https:\/\/radioinfinitagoya.com.ar\/v1\/","name":"radioinfinitagoya.com.ar","description":"Radio de noticias","publisher":{"@id":"https:\/\/radioinfinitagoya.com.ar\/v1\/#organization"},"potentialAction":[{"@type":"SearchAction","target":{"@type":"EntryPoint","urlTemplate":"https:\/\/radioinfinitagoya.com.ar\/v1\/?s={search_term_string}"},"query-input":{"@type":"PropertyValueSpecification","valueRequired":true,"valueName":"search_term_string"}}],"inLanguage":"es-AR"},{"@type":"Organization","@id":"https:\/\/radioinfinitagoya.com.ar\/v1\/#organization","name":"Radio Infinita Goya","url":"https:\/\/radioinfinitagoya.com.ar\/v1\/","logo":{"@type":"ImageObject","inLanguage":"es-AR","@id":"https:\/\/radioinfinitagoya.com.ar\/v1\/#\/schema\/logo\/image\/","url":"https:\/\/radioinfinitagoya.com.ar\/v1\/wp-content\/uploads\/2019\/11\/logo-pie-web.png","contentUrl":"https:\/\/radioinfinitagoya.com.ar\/v1\/wp-content\/uploads\/2019\/11\/logo-pie-web.png","width":635,"height":326,"caption":"Radio Infinita Goya"},"image":{"@id":"https:\/\/radioinfinitagoya.com.ar\/v1\/#\/schema\/logo\/image\/"},"sameAs":["https:\/\/www.facebook.com\/p\/Infinita-Goya-100063870918311\/"]},{"@type":"Person","@id":"https:\/\/radioinfinitagoya.com.ar\/v1\/#\/schema\/person\/d4cf9c413d4f6edb24aabdccab49ca4a","name":"Jorge Mi\u00f1o","image":{"@type":"ImageObject","inLanguage":"es-AR","@id":"https:\/\/secure.gravatar.com\/avatar\/910fcf6728fe95320e07a6643c1581fec1c7fc4bf8ae12e3d8f0d0373dc844be?s=96&d=mm&r=g","url":"https:\/\/secure.gravatar.com\/avatar\/910fcf6728fe95320e07a6643c1581fec1c7fc4bf8ae12e3d8f0d0373dc844be?s=96&d=mm&r=g","contentUrl":"https:\/\/secure.gravatar.com\/avatar\/910fcf6728fe95320e07a6643c1581fec1c7fc4bf8ae12e3d8f0d0373dc844be?s=96&d=mm&r=g","caption":"Jorge Mi\u00f1o"},"sameAs":["http:\/\/radioinfinitagoya.com.ar"]}]}},"_links":{"self":[{"href":"https:\/\/radioinfinitagoya.com.ar\/v1\/wp-json\/wp\/v2\/posts\/195567","targetHints":{"allow":["GET"]}}],"collection":[{"href":"https:\/\/radioinfinitagoya.com.ar\/v1\/wp-json\/wp\/v2\/posts"}],"about":[{"href":"https:\/\/radioinfinitagoya.com.ar\/v1\/wp-json\/wp\/v2\/types\/post"}],"author":[{"embeddable":true,"href":"https:\/\/radioinfinitagoya.com.ar\/v1\/wp-json\/wp\/v2\/users\/4"}],"replies":[{"embeddable":true,"href":"https:\/\/radioinfinitagoya.com.ar\/v1\/wp-json\/wp\/v2\/comments?post=195567"}],"version-history":[{"count":0,"href":"https:\/\/radioinfinitagoya.com.ar\/v1\/wp-json\/wp\/v2\/posts\/195567\/revisions"}],"wp:featuredmedia":[{"embeddable":true,"href":"https:\/\/radioinfinitagoya.com.ar\/v1\/wp-json\/wp\/v2\/media\/195568"}],"wp:attachment":[{"href":"https:\/\/radioinfinitagoya.com.ar\/v1\/wp-json\/wp\/v2\/media?parent=195567"}],"wp:term":[{"taxonomy":"category","embeddable":true,"href":"https:\/\/radioinfinitagoya.com.ar\/v1\/wp-json\/wp\/v2\/categories?post=195567"},{"taxonomy":"post_tag","embeddable":true,"href":"https:\/\/radioinfinitagoya.com.ar\/v1\/wp-json\/wp\/v2\/tags?post=195567"}],"curies":[{"name":"wp","href":"https:\/\/api.w.org\/{rel}","templated":true}]}}