{"id":195577,"date":"2025-09-08T16:13:14","date_gmt":"2025-09-08T19:13:14","guid":{"rendered":"https:\/\/radioinfinitagoya.com.ar\/v1\/?p=195577"},"modified":"2025-09-08T16:13:14","modified_gmt":"2025-09-08T19:13:14","slug":"milei-reune-hoy-a-su-mesa-chica-tras-la-derrota-en-las-elecciones","status":"publish","type":"post","link":"https:\/\/radioinfinitagoya.com.ar\/v1\/2025\/09\/08\/milei-reune-hoy-a-su-mesa-chica-tras-la-derrota-en-las-elecciones\/","title":{"rendered":"Milei re\u00fane hoy a su mesa chica tras la derrota en las elecciones"},"content":{"rendered":"<p>El Presidente busca reordenar la conducci\u00f3n pol\u00edtica tras el rev\u00e9s en las urnas. No habr\u00e1 modificaciones en el gabinete, pero s\u00ed en la forma de tomar decisiones y en la relaci\u00f3n con los gobernadores aliados.<\/p>\n<p>El presidente Javier Milei se re\u00fane este lunes con su mesa chica para definir cambios pol\u00edticos tras la derrota de La Libertad Avanza en las elecciones legislativas en la provincia de Buenos Aires, que profundizaron las tensiones internas. En el Gobierno hablan de modificaciones en el esquema de toma de decisiones con la intenci\u00f3n de ordenar las diferencias.<\/p>\n<p>&#8220;Va a haber un cambio en las formas y en lo estructural. Sin un volantazo, no hay salida\u201d, expresan en Naci\u00f3n. Seg\u00fan pudo saber TN, este abarca desde la vinculaci\u00f3n de la Casa Rosada con los gobernadores aliados hasta las l\u00edneas discursivas para la campa\u00f1a nacional y la instrumentaci\u00f3n territorial del partido. Pese a las crecientes presiones, niegan por el momento hacer cambios en el gabinete.<\/p>\n<p>Incluye los pases de factura dentro de Balcarce 50 por los cierres de alianzas y de listas en las provincias, que se trasladaron al esquema de gobernabilidad en el Congreso, donde el oficialismo perdi\u00f3 casi la totalidad de las \u00faltimas votaciones. Es la disputa que mantiene el asesor presidencial Santiago Caputo con el presidente de la C\u00e1mara de Diputados, Mart\u00edn Menem, y el subsecretario de Gesti\u00f3n Institucional, Eduardo \u201cLule\u201d Menem.<\/p>\n<p>&#8220;Est\u00e1 todo roto entre ellos y no hay forma de arreglar el v\u00ednculo\u201d, agregan en un sector neutral del oficialismo. Las diferencias se ampliaron luego del resultado de la elecci\u00f3n en el territorio bonaerense, en la que el peronismo se impuso y le gan\u00f3 a los candidatos libertarios por trece puntos de diferencia. El armador libertario Sebasti\u00e1n Pareja fue el encargado de reconocer la derrota en la sede de LLA.<\/p>\n<p>En las filas de La Libertad Avanza daban por hecho que Milei no iba a hablar hasta los \u00faltimos minutos previos a que apareciera. La ministra de Seguridad, Patricia Bullrich, reuni\u00f3 al gabinete y les dijo: \u201cTenemos que ir a acompa\u00f1ar al presidente\u201d. No estuvo presente en la sede el ministro coordinador, Guillermo Francos, y tampoco asistieron Luis Caputo (Econom\u00eda), Sandra Pettovello (Capital Humano) y Gerardo Werthein (Relaciones Exteriores).<\/p>\n<p>La sorpresa dentro del p\u00fablico libertario fue que tambi\u00e9n apareci\u00f3 en el escenario Santiago Caputo junto al resto de los ministros. Es la primera vez que el consultor se sube a un escenario junto al jefe de Estado. Mientras que en un sector aseguran que fue orden de la secretaria general de la Presidencia, Karina Milei, en otro espacio sostienen que fue un pedido directo del primer mandatario. Est\u00e1 en l\u00ednea con el lanzamiento de su perfil oficial en X de la semana pasada.<\/p>\n<p>En la Casa Rosada aseguran que en la reuni\u00f3n de este lunes analizar\u00e1n los resultados y los nombres \u201csecci\u00f3n por secci\u00f3n\u201d para identificar los errores en el armado y en la campa\u00f1a con la mira en las elecciones nacionales del 26 de octubre. Evaluar\u00e1n tambi\u00e9n el rol de la fiscalizaci\u00f3n, para la que el PRO aport\u00f3 solo 12.000 fiscales -11.000 menos que para el balotaje de 2023- y LLA sum\u00f3 35.000. \u201cFue el n\u00famero que nos pidieron\u201d, expresan desde el partido aliado.<\/p>\n<p>La estrategia para polarizar con el kirchnerismo<br \/>\nEn Balcarce 50 reconocen que apelar\u00e1n a la \u201ccampa\u00f1a del miedo\u201d para polarizar con el kirchnerismo e insisten en que no har\u00e1n cambios internos de estructura. Descartan el desplazamiento de ministros y aseguran que no eliminar\u00e1n las bandas cambiarias sobre el precio del d\u00f3lar. \u201cLo econ\u00f3mico se va a reforzar y profundizar. No se va a modificar el trasfondo\u201d, agregan.<\/p>\n","protected":false},"excerpt":{"rendered":"<p>El Presidente busca reordenar la conducci\u00f3n pol\u00edtica tras el rev\u00e9s en las urnas. No habr\u00e1 modificaciones en el gabinete, pero s\u00ed en la forma de tomar decisiones y en la relaci\u00f3n con los gobernadores aliados. El presidente Javier Milei se re\u00fane este lunes con su mesa chica para definir cambios pol\u00edticos tras la derrota de [&hellip;]<\/p>\n","protected":false},"author":4,"featured_media":195578,"comment_status":"closed","ping_status":"closed","sticky":false,"template":"","format":"standard","meta":{"_joinchat":[],"footnotes":""},"categories":[29],"tags":[],"class_list":{"0":"post-195577","1":"post","2":"type-post","3":"status-publish","4":"format-standard","5":"has-post-thumbnail","7":"category-nacionales"},"yoast_head":"<!-- This site is optimized with the Yoast SEO plugin v27.2 - https:\/\/yoast.com\/product\/yoast-seo-wordpress\/ -->\n<title>Milei re\u00fane hoy a su mesa chica tras la derrota en las elecciones - Radio Infinita Goya<\/title>\n<meta name=\"description\" content=\"El Presidente busca reordenar la conducci\u00f3n pol\u00edtica tras el rev\u00e9s en las urnas. No habr\u00e1 modificaciones en el gabinete, pero s\u00ed en la forma de tomar\" \/>\n<meta name=\"robots\" content=\"index, follow, max-snippet:-1, max-image-preview:large, max-video-preview:-1\" \/>\n<link rel=\"canonical\" href=\"https:\/\/radioinfinitagoya.com.ar\/v1\/2025\/09\/08\/milei-reune-hoy-a-su-mesa-chica-tras-la-derrota-en-las-elecciones\/\" \/>\n<meta property=\"og:locale\" content=\"es_ES\" \/>\n<meta property=\"og:type\" content=\"article\" \/>\n<meta property=\"og:title\" content=\"Milei re\u00fane hoy a su mesa chica tras la derrota en las elecciones - Radio Infinita Goya\" \/>\n<meta property=\"og:description\" content=\"El Presidente busca reordenar la conducci\u00f3n pol\u00edtica tras el rev\u00e9s en las urnas. No habr\u00e1 modificaciones en el gabinete, pero s\u00ed en la forma de tomar\" \/>\n<meta property=\"og:url\" content=\"https:\/\/radioinfinitagoya.com.ar\/v1\/2025\/09\/08\/milei-reune-hoy-a-su-mesa-chica-tras-la-derrota-en-las-elecciones\/\" \/>\n<meta property=\"og:site_name\" content=\"Radio Infinita Goya\" \/>\n<meta property=\"article:publisher\" content=\"https:\/\/www.facebook.com\/p\/Infinita-Goya-100063870918311\/\" \/>\n<meta property=\"article:published_time\" content=\"2025-09-08T19:13:14+00:00\" \/>\n<meta property=\"og:image\" content=\"https:\/\/radioinfinitagoya.com.ar\/v1\/wp-content\/uploads\/2025\/09\/G0VUdusawAEdTMI.jpg\" \/>\n\t<meta property=\"og:image:width\" content=\"680\" \/>\n\t<meta property=\"og:image:height\" content=\"383\" \/>\n\t<meta property=\"og:image:type\" content=\"image\/jpeg\" \/>\n<meta name=\"author\" content=\"Jorge Mi\u00f1o\" \/>\n<meta name=\"twitter:card\" content=\"summary_large_image\" \/>\n<meta name=\"twitter:label1\" content=\"Escrito por\" \/>\n\t<meta name=\"twitter:data1\" content=\"Jorge Mi\u00f1o\" \/>\n\t<meta name=\"twitter:label2\" content=\"Tiempo de lectura\" \/>\n\t<meta name=\"twitter:data2\" content=\"3 minutos\" \/>\n<script type=\"application\/ld+json\" class=\"yoast-schema-graph\">{\"@context\":\"https:\/\/schema.org\",\"@graph\":[{\"@type\":\"Article\",\"@id\":\"https:\/\/radioinfinitagoya.com.ar\/v1\/2025\/09\/08\/milei-reune-hoy-a-su-mesa-chica-tras-la-derrota-en-las-elecciones\/#article\",\"isPartOf\":{\"@id\":\"https:\/\/radioinfinitagoya.com.ar\/v1\/2025\/09\/08\/milei-reune-hoy-a-su-mesa-chica-tras-la-derrota-en-las-elecciones\/\"},\"author\":{\"name\":\"Jorge Mi\u00f1o\",\"@id\":\"https:\/\/radioinfinitagoya.com.ar\/v1\/#\/schema\/person\/d4cf9c413d4f6edb24aabdccab49ca4a\"},\"headline\":\"Milei re\u00fane hoy a su mesa chica tras la derrota en las elecciones\",\"datePublished\":\"2025-09-08T19:13:14+00:00\",\"mainEntityOfPage\":{\"@id\":\"https:\/\/radioinfinitagoya.com.ar\/v1\/2025\/09\/08\/milei-reune-hoy-a-su-mesa-chica-tras-la-derrota-en-las-elecciones\/\"},\"wordCount\":649,\"publisher\":{\"@id\":\"https:\/\/radioinfinitagoya.com.ar\/v1\/#organization\"},\"image\":{\"@id\":\"https:\/\/radioinfinitagoya.com.ar\/v1\/2025\/09\/08\/milei-reune-hoy-a-su-mesa-chica-tras-la-derrota-en-las-elecciones\/#primaryimage\"},\"thumbnailUrl\":\"https:\/\/radioinfinitagoya.com.ar\/v1\/wp-content\/uploads\/2025\/09\/G0VUdusawAEdTMI.jpg\",\"articleSection\":[\"NACIONALES\"],\"inLanguage\":\"es-AR\"},{\"@type\":\"WebPage\",\"@id\":\"https:\/\/radioinfinitagoya.com.ar\/v1\/2025\/09\/08\/milei-reune-hoy-a-su-mesa-chica-tras-la-derrota-en-las-elecciones\/\",\"url\":\"https:\/\/radioinfinitagoya.com.ar\/v1\/2025\/09\/08\/milei-reune-hoy-a-su-mesa-chica-tras-la-derrota-en-las-elecciones\/\",\"name\":\"Milei re\u00fane hoy a su mesa chica tras la derrota en las elecciones - Radio Infinita Goya\",\"isPartOf\":{\"@id\":\"https:\/\/radioinfinitagoya.com.ar\/v1\/#website\"},\"primaryImageOfPage\":{\"@id\":\"https:\/\/radioinfinitagoya.com.ar\/v1\/2025\/09\/08\/milei-reune-hoy-a-su-mesa-chica-tras-la-derrota-en-las-elecciones\/#primaryimage\"},\"image\":{\"@id\":\"https:\/\/radioinfinitagoya.com.ar\/v1\/2025\/09\/08\/milei-reune-hoy-a-su-mesa-chica-tras-la-derrota-en-las-elecciones\/#primaryimage\"},\"thumbnailUrl\":\"https:\/\/radioinfinitagoya.com.ar\/v1\/wp-content\/uploads\/2025\/09\/G0VUdusawAEdTMI.jpg\",\"datePublished\":\"2025-09-08T19:13:14+00:00\",\"description\":\"El Presidente busca reordenar la conducci\u00f3n pol\u00edtica tras el rev\u00e9s en las urnas. No habr\u00e1 modificaciones en el gabinete, pero s\u00ed en la forma de tomar\",\"breadcrumb\":{\"@id\":\"https:\/\/radioinfinitagoya.com.ar\/v1\/2025\/09\/08\/milei-reune-hoy-a-su-mesa-chica-tras-la-derrota-en-las-elecciones\/#breadcrumb\"},\"inLanguage\":\"es-AR\",\"potentialAction\":[{\"@type\":\"ReadAction\",\"target\":[\"https:\/\/radioinfinitagoya.com.ar\/v1\/2025\/09\/08\/milei-reune-hoy-a-su-mesa-chica-tras-la-derrota-en-las-elecciones\/\"]}]},{\"@type\":\"ImageObject\",\"inLanguage\":\"es-AR\",\"@id\":\"https:\/\/radioinfinitagoya.com.ar\/v1\/2025\/09\/08\/milei-reune-hoy-a-su-mesa-chica-tras-la-derrota-en-las-elecciones\/#primaryimage\",\"url\":\"https:\/\/radioinfinitagoya.com.ar\/v1\/wp-content\/uploads\/2025\/09\/G0VUdusawAEdTMI.jpg\",\"contentUrl\":\"https:\/\/radioinfinitagoya.com.ar\/v1\/wp-content\/uploads\/2025\/09\/G0VUdusawAEdTMI.jpg\",\"width\":680,\"height\":383},{\"@type\":\"BreadcrumbList\",\"@id\":\"https:\/\/radioinfinitagoya.com.ar\/v1\/2025\/09\/08\/milei-reune-hoy-a-su-mesa-chica-tras-la-derrota-en-las-elecciones\/#breadcrumb\",\"itemListElement\":[{\"@type\":\"ListItem\",\"position\":1,\"name\":\"Inicio\",\"item\":\"https:\/\/radioinfinitagoya.com.ar\/v1\/\"},{\"@type\":\"ListItem\",\"position\":2,\"name\":\"Milei re\u00fane hoy a su mesa chica tras la derrota en las elecciones\"}]},{\"@type\":\"WebSite\",\"@id\":\"https:\/\/radioinfinitagoya.com.ar\/v1\/#website\",\"url\":\"https:\/\/radioinfinitagoya.com.ar\/v1\/\",\"name\":\"radioinfinitagoya.com.ar\",\"description\":\"Radio de noticias\",\"publisher\":{\"@id\":\"https:\/\/radioinfinitagoya.com.ar\/v1\/#organization\"},\"potentialAction\":[{\"@type\":\"SearchAction\",\"target\":{\"@type\":\"EntryPoint\",\"urlTemplate\":\"https:\/\/radioinfinitagoya.com.ar\/v1\/?s={search_term_string}\"},\"query-input\":{\"@type\":\"PropertyValueSpecification\",\"valueRequired\":true,\"valueName\":\"search_term_string\"}}],\"inLanguage\":\"es-AR\"},{\"@type\":\"Organization\",\"@id\":\"https:\/\/radioinfinitagoya.com.ar\/v1\/#organization\",\"name\":\"Radio Infinita Goya\",\"url\":\"https:\/\/radioinfinitagoya.com.ar\/v1\/\",\"logo\":{\"@type\":\"ImageObject\",\"inLanguage\":\"es-AR\",\"@id\":\"https:\/\/radioinfinitagoya.com.ar\/v1\/#\/schema\/logo\/image\/\",\"url\":\"https:\/\/radioinfinitagoya.com.ar\/v1\/wp-content\/uploads\/2019\/11\/logo-pie-web.png\",\"contentUrl\":\"https:\/\/radioinfinitagoya.com.ar\/v1\/wp-content\/uploads\/2019\/11\/logo-pie-web.png\",\"width\":635,\"height\":326,\"caption\":\"Radio Infinita Goya\"},\"image\":{\"@id\":\"https:\/\/radioinfinitagoya.com.ar\/v1\/#\/schema\/logo\/image\/\"},\"sameAs\":[\"https:\/\/www.facebook.com\/p\/Infinita-Goya-100063870918311\/\"]},{\"@type\":\"Person\",\"@id\":\"https:\/\/radioinfinitagoya.com.ar\/v1\/#\/schema\/person\/d4cf9c413d4f6edb24aabdccab49ca4a\",\"name\":\"Jorge Mi\u00f1o\",\"image\":{\"@type\":\"ImageObject\",\"inLanguage\":\"es-AR\",\"@id\":\"https:\/\/secure.gravatar.com\/avatar\/910fcf6728fe95320e07a6643c1581fec1c7fc4bf8ae12e3d8f0d0373dc844be?s=96&d=mm&r=g\",\"url\":\"https:\/\/secure.gravatar.com\/avatar\/910fcf6728fe95320e07a6643c1581fec1c7fc4bf8ae12e3d8f0d0373dc844be?s=96&d=mm&r=g\",\"contentUrl\":\"https:\/\/secure.gravatar.com\/avatar\/910fcf6728fe95320e07a6643c1581fec1c7fc4bf8ae12e3d8f0d0373dc844be?s=96&d=mm&r=g\",\"caption\":\"Jorge Mi\u00f1o\"},\"sameAs\":[\"http:\/\/radioinfinitagoya.com.ar\"]}]}<\/script>\n<!-- \/ Yoast SEO plugin. -->","yoast_head_json":{"title":"Milei re\u00fane hoy a su mesa chica tras la derrota en las elecciones - Radio Infinita Goya","description":"El Presidente busca reordenar la conducci\u00f3n pol\u00edtica tras el rev\u00e9s en las urnas. No habr\u00e1 modificaciones en el gabinete, pero s\u00ed en la forma de tomar","robots":{"index":"index","follow":"follow","max-snippet":"max-snippet:-1","max-image-preview":"max-image-preview:large","max-video-preview":"max-video-preview:-1"},"canonical":"https:\/\/radioinfinitagoya.com.ar\/v1\/2025\/09\/08\/milei-reune-hoy-a-su-mesa-chica-tras-la-derrota-en-las-elecciones\/","og_locale":"es_ES","og_type":"article","og_title":"Milei re\u00fane hoy a su mesa chica tras la derrota en las elecciones - Radio Infinita Goya","og_description":"El Presidente busca reordenar la conducci\u00f3n pol\u00edtica tras el rev\u00e9s en las urnas. No habr\u00e1 modificaciones en el gabinete, pero s\u00ed en la forma de tomar","og_url":"https:\/\/radioinfinitagoya.com.ar\/v1\/2025\/09\/08\/milei-reune-hoy-a-su-mesa-chica-tras-la-derrota-en-las-elecciones\/","og_site_name":"Radio Infinita Goya","article_publisher":"https:\/\/www.facebook.com\/p\/Infinita-Goya-100063870918311\/","article_published_time":"2025-09-08T19:13:14+00:00","og_image":[{"width":680,"height":383,"url":"https:\/\/radioinfinitagoya.com.ar\/v1\/wp-content\/uploads\/2025\/09\/G0VUdusawAEdTMI.jpg","type":"image\/jpeg"}],"author":"Jorge Mi\u00f1o","twitter_card":"summary_large_image","twitter_misc":{"Escrito por":"Jorge Mi\u00f1o","Tiempo de lectura":"3 minutos"},"schema":{"@context":"https:\/\/schema.org","@graph":[{"@type":"Article","@id":"https:\/\/radioinfinitagoya.com.ar\/v1\/2025\/09\/08\/milei-reune-hoy-a-su-mesa-chica-tras-la-derrota-en-las-elecciones\/#article","isPartOf":{"@id":"https:\/\/radioinfinitagoya.com.ar\/v1\/2025\/09\/08\/milei-reune-hoy-a-su-mesa-chica-tras-la-derrota-en-las-elecciones\/"},"author":{"name":"Jorge Mi\u00f1o","@id":"https:\/\/radioinfinitagoya.com.ar\/v1\/#\/schema\/person\/d4cf9c413d4f6edb24aabdccab49ca4a"},"headline":"Milei re\u00fane hoy a su mesa chica tras la derrota en las elecciones","datePublished":"2025-09-08T19:13:14+00:00","mainEntityOfPage":{"@id":"https:\/\/radioinfinitagoya.com.ar\/v1\/2025\/09\/08\/milei-reune-hoy-a-su-mesa-chica-tras-la-derrota-en-las-elecciones\/"},"wordCount":649,"publisher":{"@id":"https:\/\/radioinfinitagoya.com.ar\/v1\/#organization"},"image":{"@id":"https:\/\/radioinfinitagoya.com.ar\/v1\/2025\/09\/08\/milei-reune-hoy-a-su-mesa-chica-tras-la-derrota-en-las-elecciones\/#primaryimage"},"thumbnailUrl":"https:\/\/radioinfinitagoya.com.ar\/v1\/wp-content\/uploads\/2025\/09\/G0VUdusawAEdTMI.jpg","articleSection":["NACIONALES"],"inLanguage":"es-AR"},{"@type":"WebPage","@id":"https:\/\/radioinfinitagoya.com.ar\/v1\/2025\/09\/08\/milei-reune-hoy-a-su-mesa-chica-tras-la-derrota-en-las-elecciones\/","url":"https:\/\/radioinfinitagoya.com.ar\/v1\/2025\/09\/08\/milei-reune-hoy-a-su-mesa-chica-tras-la-derrota-en-las-elecciones\/","name":"Milei re\u00fane hoy a su mesa chica tras la derrota en las elecciones - Radio Infinita Goya","isPartOf":{"@id":"https:\/\/radioinfinitagoya.com.ar\/v1\/#website"},"primaryImageOfPage":{"@id":"https:\/\/radioinfinitagoya.com.ar\/v1\/2025\/09\/08\/milei-reune-hoy-a-su-mesa-chica-tras-la-derrota-en-las-elecciones\/#primaryimage"},"image":{"@id":"https:\/\/radioinfinitagoya.com.ar\/v1\/2025\/09\/08\/milei-reune-hoy-a-su-mesa-chica-tras-la-derrota-en-las-elecciones\/#primaryimage"},"thumbnailUrl":"https:\/\/radioinfinitagoya.com.ar\/v1\/wp-content\/uploads\/2025\/09\/G0VUdusawAEdTMI.jpg","datePublished":"2025-09-08T19:13:14+00:00","description":"El Presidente busca reordenar la conducci\u00f3n pol\u00edtica tras el rev\u00e9s en las urnas. No habr\u00e1 modificaciones en el gabinete, pero s\u00ed en la forma de tomar","breadcrumb":{"@id":"https:\/\/radioinfinitagoya.com.ar\/v1\/2025\/09\/08\/milei-reune-hoy-a-su-mesa-chica-tras-la-derrota-en-las-elecciones\/#breadcrumb"},"inLanguage":"es-AR","potentialAction":[{"@type":"ReadAction","target":["https:\/\/radioinfinitagoya.com.ar\/v1\/2025\/09\/08\/milei-reune-hoy-a-su-mesa-chica-tras-la-derrota-en-las-elecciones\/"]}]},{"@type":"ImageObject","inLanguage":"es-AR","@id":"https:\/\/radioinfinitagoya.com.ar\/v1\/2025\/09\/08\/milei-reune-hoy-a-su-mesa-chica-tras-la-derrota-en-las-elecciones\/#primaryimage","url":"https:\/\/radioinfinitagoya.com.ar\/v1\/wp-content\/uploads\/2025\/09\/G0VUdusawAEdTMI.jpg","contentUrl":"https:\/\/radioinfinitagoya.com.ar\/v1\/wp-content\/uploads\/2025\/09\/G0VUdusawAEdTMI.jpg","width":680,"height":383},{"@type":"BreadcrumbList","@id":"https:\/\/radioinfinitagoya.com.ar\/v1\/2025\/09\/08\/milei-reune-hoy-a-su-mesa-chica-tras-la-derrota-en-las-elecciones\/#breadcrumb","itemListElement":[{"@type":"ListItem","position":1,"name":"Inicio","item":"https:\/\/radioinfinitagoya.com.ar\/v1\/"},{"@type":"ListItem","position":2,"name":"Milei re\u00fane hoy a su mesa chica tras la derrota en las elecciones"}]},{"@type":"WebSite","@id":"https:\/\/radioinfinitagoya.com.ar\/v1\/#website","url":"https:\/\/radioinfinitagoya.com.ar\/v1\/","name":"radioinfinitagoya.com.ar","description":"Radio de noticias","publisher":{"@id":"https:\/\/radioinfinitagoya.com.ar\/v1\/#organization"},"potentialAction":[{"@type":"SearchAction","target":{"@type":"EntryPoint","urlTemplate":"https:\/\/radioinfinitagoya.com.ar\/v1\/?s={search_term_string}"},"query-input":{"@type":"PropertyValueSpecification","valueRequired":true,"valueName":"search_term_string"}}],"inLanguage":"es-AR"},{"@type":"Organization","@id":"https:\/\/radioinfinitagoya.com.ar\/v1\/#organization","name":"Radio Infinita Goya","url":"https:\/\/radioinfinitagoya.com.ar\/v1\/","logo":{"@type":"ImageObject","inLanguage":"es-AR","@id":"https:\/\/radioinfinitagoya.com.ar\/v1\/#\/schema\/logo\/image\/","url":"https:\/\/radioinfinitagoya.com.ar\/v1\/wp-content\/uploads\/2019\/11\/logo-pie-web.png","contentUrl":"https:\/\/radioinfinitagoya.com.ar\/v1\/wp-content\/uploads\/2019\/11\/logo-pie-web.png","width":635,"height":326,"caption":"Radio Infinita Goya"},"image":{"@id":"https:\/\/radioinfinitagoya.com.ar\/v1\/#\/schema\/logo\/image\/"},"sameAs":["https:\/\/www.facebook.com\/p\/Infinita-Goya-100063870918311\/"]},{"@type":"Person","@id":"https:\/\/radioinfinitagoya.com.ar\/v1\/#\/schema\/person\/d4cf9c413d4f6edb24aabdccab49ca4a","name":"Jorge Mi\u00f1o","image":{"@type":"ImageObject","inLanguage":"es-AR","@id":"https:\/\/secure.gravatar.com\/avatar\/910fcf6728fe95320e07a6643c1581fec1c7fc4bf8ae12e3d8f0d0373dc844be?s=96&d=mm&r=g","url":"https:\/\/secure.gravatar.com\/avatar\/910fcf6728fe95320e07a6643c1581fec1c7fc4bf8ae12e3d8f0d0373dc844be?s=96&d=mm&r=g","contentUrl":"https:\/\/secure.gravatar.com\/avatar\/910fcf6728fe95320e07a6643c1581fec1c7fc4bf8ae12e3d8f0d0373dc844be?s=96&d=mm&r=g","caption":"Jorge Mi\u00f1o"},"sameAs":["http:\/\/radioinfinitagoya.com.ar"]}]}},"_links":{"self":[{"href":"https:\/\/radioinfinitagoya.com.ar\/v1\/wp-json\/wp\/v2\/posts\/195577","targetHints":{"allow":["GET"]}}],"collection":[{"href":"https:\/\/radioinfinitagoya.com.ar\/v1\/wp-json\/wp\/v2\/posts"}],"about":[{"href":"https:\/\/radioinfinitagoya.com.ar\/v1\/wp-json\/wp\/v2\/types\/post"}],"author":[{"embeddable":true,"href":"https:\/\/radioinfinitagoya.com.ar\/v1\/wp-json\/wp\/v2\/users\/4"}],"replies":[{"embeddable":true,"href":"https:\/\/radioinfinitagoya.com.ar\/v1\/wp-json\/wp\/v2\/comments?post=195577"}],"version-history":[{"count":0,"href":"https:\/\/radioinfinitagoya.com.ar\/v1\/wp-json\/wp\/v2\/posts\/195577\/revisions"}],"wp:featuredmedia":[{"embeddable":true,"href":"https:\/\/radioinfinitagoya.com.ar\/v1\/wp-json\/wp\/v2\/media\/195578"}],"wp:attachment":[{"href":"https:\/\/radioinfinitagoya.com.ar\/v1\/wp-json\/wp\/v2\/media?parent=195577"}],"wp:term":[{"taxonomy":"category","embeddable":true,"href":"https:\/\/radioinfinitagoya.com.ar\/v1\/wp-json\/wp\/v2\/categories?post=195577"},{"taxonomy":"post_tag","embeddable":true,"href":"https:\/\/radioinfinitagoya.com.ar\/v1\/wp-json\/wp\/v2\/tags?post=195577"}],"curies":[{"name":"wp","href":"https:\/\/api.w.org\/{rel}","templated":true}]}}