{"id":195583,"date":"2025-09-08T16:20:12","date_gmt":"2025-09-08T19:20:12","guid":{"rendered":"https:\/\/radioinfinitagoya.com.ar\/v1\/?p=195583"},"modified":"2025-09-08T16:20:12","modified_gmt":"2025-09-08T19:20:12","slug":"el-titular-de-bid-se-reune-con-milei-y-caputo-en-medio-de-la-suba-del-dolar","status":"publish","type":"post","link":"https:\/\/radioinfinitagoya.com.ar\/v1\/2025\/09\/08\/el-titular-de-bid-se-reune-con-milei-y-caputo-en-medio-de-la-suba-del-dolar\/","title":{"rendered":"El titular de BID se reune con Milei y Caputo en medio de la suba del d\u00f3lar"},"content":{"rendered":"<p>El presidente Javier Milei; el ministro de Econom\u00eda, Luis Caputo; y el secretario de Finanzas, Pablo Quirno, se reunieron este mediod\u00eda con el titular del Banco Interamericano de Desarrollo (BID), Ilan Goldfajn. El encuentro se realiza tras el impacto de la contienda electoral del domingo que qued\u00f3 evidenciado en las variables financieras.<\/p>\n<p>La derrota del Gobierno en las elecciones de la provincia de Buenos Aires ya mostr\u00f3 sus primeros coletazos. En medio de la escalada del d\u00f3lar y la ca\u00edda abrupta en los mercados, el presidente Javier Milei; el ministro de Econom\u00eda, Luis Caputo; y el secretario de Finanzas, Pablo Quirno, estaban reunidos este mediod\u00eda con el titular del Banco Interamericano de Desarrollo (BID), Ilan Goldfajn.<\/p>\n<p>El encuentro comenz\u00f3 pasadas las 11.30 luego de que Milei encabezara una reuni\u00f3n de Gabinete de la que no particip\u00f3 Caputo.<\/p>\n<p>Seg\u00fan pudo saber TN, el encuentro con el jefe del BID estaba pactado como parte de su visita a la Argentina y suele hacerse para repasar la evoluci\u00f3n de las operaciones de cr\u00e9dito en curso.<\/p>\n<p>La reuni\u00f3n toma relevancia porque es la primera que mantiene el jefe de Estado y el ministro de Econom\u00eda despu\u00e9s de la victoria del peronismo en las elecciones bonaerenses, que sac\u00f3 una diferencia de m\u00e1s de 13 puntos sobre La Libertad Avanza, muy por encima de lo que proyectaban las consultoras.<\/p>\n<p>El impacto de la contienda electoral qued\u00f3 evidenciado en las variables financieras. Este lunes, el d\u00f3lar oficial abri\u00f3 este lunes a $1390 para la compra y $1450 para la venta en las pantallas del Banco Naci\u00f3n (BNA). Se trata de un salto de $70 contra el cierre previo.<\/p>\n<p>El d\u00f3lar blue sube a $1395 y el mayorista alcanza los $1450. En tanto que los financieros operan en alza: el MEP se vende a $1445 y el CCL a $1448.<\/p>\n<p>En tanto, las acciones argentinas en Wall Street caen m\u00e1s de 20%. Las empresas que lideran las ca\u00eddas son: Banco Macro con 20,40%, BBVA con 19,91% y Banco Supervielle con 18,85%.<\/p>\n<p>En ese contexto, los bonos arrancan con bajas de hasta el 11% y el d\u00f3lar cripto opera a $1453. El riesgo pa\u00eds, por su parte, se ubica en 901 puntos b\u00e1sicos.<\/p>\n","protected":false},"excerpt":{"rendered":"<p>El presidente Javier Milei; el ministro de Econom\u00eda, Luis Caputo; y el secretario de Finanzas, Pablo Quirno, se reunieron este mediod\u00eda con el titular del Banco Interamericano de Desarrollo (BID), Ilan Goldfajn. El encuentro se realiza tras el impacto de la contienda electoral del domingo que qued\u00f3 evidenciado en las variables financieras. La derrota del [&hellip;]<\/p>\n","protected":false},"author":4,"featured_media":195584,"comment_status":"closed","ping_status":"closed","sticky":false,"template":"","format":"standard","meta":{"_joinchat":[],"footnotes":""},"categories":[29],"tags":[],"class_list":{"0":"post-195583","1":"post","2":"type-post","3":"status-publish","4":"format-standard","5":"has-post-thumbnail","7":"category-nacionales"},"yoast_head":"<!-- This site is optimized with the Yoast SEO plugin v27.2 - https:\/\/yoast.com\/product\/yoast-seo-wordpress\/ -->\n<title>El titular de BID se reune con Milei y Caputo en medio de la suba del d\u00f3lar - Radio Infinita Goya<\/title>\n<meta name=\"description\" content=\"El presidente Javier Milei; el ministro de Econom\u00eda, Luis Caputo; y el secretario de Finanzas, Pablo Quirno, se reunieron este mediod\u00eda con el titular del\" \/>\n<meta name=\"robots\" content=\"index, follow, max-snippet:-1, max-image-preview:large, max-video-preview:-1\" \/>\n<link rel=\"canonical\" href=\"https:\/\/radioinfinitagoya.com.ar\/v1\/2025\/09\/08\/el-titular-de-bid-se-reune-con-milei-y-caputo-en-medio-de-la-suba-del-dolar\/\" \/>\n<meta property=\"og:locale\" content=\"es_ES\" \/>\n<meta property=\"og:type\" content=\"article\" \/>\n<meta property=\"og:title\" content=\"El titular de BID se reune con Milei y Caputo en medio de la suba del d\u00f3lar - Radio Infinita Goya\" \/>\n<meta property=\"og:description\" content=\"El presidente Javier Milei; el ministro de Econom\u00eda, Luis Caputo; y el secretario de Finanzas, Pablo Quirno, se reunieron este mediod\u00eda con el titular del\" \/>\n<meta property=\"og:url\" content=\"https:\/\/radioinfinitagoya.com.ar\/v1\/2025\/09\/08\/el-titular-de-bid-se-reune-con-milei-y-caputo-en-medio-de-la-suba-del-dolar\/\" \/>\n<meta property=\"og:site_name\" content=\"Radio Infinita Goya\" \/>\n<meta property=\"article:publisher\" content=\"https:\/\/www.facebook.com\/p\/Infinita-Goya-100063870918311\/\" \/>\n<meta property=\"article:published_time\" content=\"2025-09-08T19:20:12+00:00\" \/>\n<meta property=\"og:image\" content=\"https:\/\/radioinfinitagoya.com.ar\/v1\/wp-content\/uploads\/2025\/09\/JMyDtTRi.jpg\" \/>\n\t<meta property=\"og:image:width\" content=\"680\" \/>\n\t<meta property=\"og:image:height\" content=\"383\" \/>\n\t<meta property=\"og:image:type\" content=\"image\/jpeg\" \/>\n<meta name=\"author\" content=\"Jorge Mi\u00f1o\" \/>\n<meta name=\"twitter:card\" content=\"summary_large_image\" \/>\n<meta name=\"twitter:label1\" content=\"Escrito por\" \/>\n\t<meta name=\"twitter:data1\" content=\"Jorge Mi\u00f1o\" \/>\n\t<meta name=\"twitter:label2\" content=\"Tiempo de lectura\" \/>\n\t<meta name=\"twitter:data2\" content=\"2 minutos\" \/>\n<script type=\"application\/ld+json\" class=\"yoast-schema-graph\">{\"@context\":\"https:\/\/schema.org\",\"@graph\":[{\"@type\":\"Article\",\"@id\":\"https:\/\/radioinfinitagoya.com.ar\/v1\/2025\/09\/08\/el-titular-de-bid-se-reune-con-milei-y-caputo-en-medio-de-la-suba-del-dolar\/#article\",\"isPartOf\":{\"@id\":\"https:\/\/radioinfinitagoya.com.ar\/v1\/2025\/09\/08\/el-titular-de-bid-se-reune-con-milei-y-caputo-en-medio-de-la-suba-del-dolar\/\"},\"author\":{\"name\":\"Jorge Mi\u00f1o\",\"@id\":\"https:\/\/radioinfinitagoya.com.ar\/v1\/#\/schema\/person\/d4cf9c413d4f6edb24aabdccab49ca4a\"},\"headline\":\"El titular de BID se reune con Milei y Caputo en medio de la suba del d\u00f3lar\",\"datePublished\":\"2025-09-08T19:20:12+00:00\",\"mainEntityOfPage\":{\"@id\":\"https:\/\/radioinfinitagoya.com.ar\/v1\/2025\/09\/08\/el-titular-de-bid-se-reune-con-milei-y-caputo-en-medio-de-la-suba-del-dolar\/\"},\"wordCount\":388,\"publisher\":{\"@id\":\"https:\/\/radioinfinitagoya.com.ar\/v1\/#organization\"},\"image\":{\"@id\":\"https:\/\/radioinfinitagoya.com.ar\/v1\/2025\/09\/08\/el-titular-de-bid-se-reune-con-milei-y-caputo-en-medio-de-la-suba-del-dolar\/#primaryimage\"},\"thumbnailUrl\":\"https:\/\/radioinfinitagoya.com.ar\/v1\/wp-content\/uploads\/2025\/09\/JMyDtTRi.jpg\",\"articleSection\":[\"NACIONALES\"],\"inLanguage\":\"es-AR\"},{\"@type\":\"WebPage\",\"@id\":\"https:\/\/radioinfinitagoya.com.ar\/v1\/2025\/09\/08\/el-titular-de-bid-se-reune-con-milei-y-caputo-en-medio-de-la-suba-del-dolar\/\",\"url\":\"https:\/\/radioinfinitagoya.com.ar\/v1\/2025\/09\/08\/el-titular-de-bid-se-reune-con-milei-y-caputo-en-medio-de-la-suba-del-dolar\/\",\"name\":\"El titular de BID se reune con Milei y Caputo en medio de la suba del d\u00f3lar - Radio Infinita Goya\",\"isPartOf\":{\"@id\":\"https:\/\/radioinfinitagoya.com.ar\/v1\/#website\"},\"primaryImageOfPage\":{\"@id\":\"https:\/\/radioinfinitagoya.com.ar\/v1\/2025\/09\/08\/el-titular-de-bid-se-reune-con-milei-y-caputo-en-medio-de-la-suba-del-dolar\/#primaryimage\"},\"image\":{\"@id\":\"https:\/\/radioinfinitagoya.com.ar\/v1\/2025\/09\/08\/el-titular-de-bid-se-reune-con-milei-y-caputo-en-medio-de-la-suba-del-dolar\/#primaryimage\"},\"thumbnailUrl\":\"https:\/\/radioinfinitagoya.com.ar\/v1\/wp-content\/uploads\/2025\/09\/JMyDtTRi.jpg\",\"datePublished\":\"2025-09-08T19:20:12+00:00\",\"description\":\"El presidente Javier Milei; el ministro de Econom\u00eda, Luis Caputo; y el secretario de Finanzas, Pablo Quirno, se reunieron este mediod\u00eda con el titular del\",\"breadcrumb\":{\"@id\":\"https:\/\/radioinfinitagoya.com.ar\/v1\/2025\/09\/08\/el-titular-de-bid-se-reune-con-milei-y-caputo-en-medio-de-la-suba-del-dolar\/#breadcrumb\"},\"inLanguage\":\"es-AR\",\"potentialAction\":[{\"@type\":\"ReadAction\",\"target\":[\"https:\/\/radioinfinitagoya.com.ar\/v1\/2025\/09\/08\/el-titular-de-bid-se-reune-con-milei-y-caputo-en-medio-de-la-suba-del-dolar\/\"]}]},{\"@type\":\"ImageObject\",\"inLanguage\":\"es-AR\",\"@id\":\"https:\/\/radioinfinitagoya.com.ar\/v1\/2025\/09\/08\/el-titular-de-bid-se-reune-con-milei-y-caputo-en-medio-de-la-suba-del-dolar\/#primaryimage\",\"url\":\"https:\/\/radioinfinitagoya.com.ar\/v1\/wp-content\/uploads\/2025\/09\/JMyDtTRi.jpg\",\"contentUrl\":\"https:\/\/radioinfinitagoya.com.ar\/v1\/wp-content\/uploads\/2025\/09\/JMyDtTRi.jpg\",\"width\":680,\"height\":383},{\"@type\":\"BreadcrumbList\",\"@id\":\"https:\/\/radioinfinitagoya.com.ar\/v1\/2025\/09\/08\/el-titular-de-bid-se-reune-con-milei-y-caputo-en-medio-de-la-suba-del-dolar\/#breadcrumb\",\"itemListElement\":[{\"@type\":\"ListItem\",\"position\":1,\"name\":\"Inicio\",\"item\":\"https:\/\/radioinfinitagoya.com.ar\/v1\/\"},{\"@type\":\"ListItem\",\"position\":2,\"name\":\"El titular de BID se reune con Milei y Caputo en medio de la suba del d\u00f3lar\"}]},{\"@type\":\"WebSite\",\"@id\":\"https:\/\/radioinfinitagoya.com.ar\/v1\/#website\",\"url\":\"https:\/\/radioinfinitagoya.com.ar\/v1\/\",\"name\":\"radioinfinitagoya.com.ar\",\"description\":\"Radio de noticias\",\"publisher\":{\"@id\":\"https:\/\/radioinfinitagoya.com.ar\/v1\/#organization\"},\"potentialAction\":[{\"@type\":\"SearchAction\",\"target\":{\"@type\":\"EntryPoint\",\"urlTemplate\":\"https:\/\/radioinfinitagoya.com.ar\/v1\/?s={search_term_string}\"},\"query-input\":{\"@type\":\"PropertyValueSpecification\",\"valueRequired\":true,\"valueName\":\"search_term_string\"}}],\"inLanguage\":\"es-AR\"},{\"@type\":\"Organization\",\"@id\":\"https:\/\/radioinfinitagoya.com.ar\/v1\/#organization\",\"name\":\"Radio Infinita Goya\",\"url\":\"https:\/\/radioinfinitagoya.com.ar\/v1\/\",\"logo\":{\"@type\":\"ImageObject\",\"inLanguage\":\"es-AR\",\"@id\":\"https:\/\/radioinfinitagoya.com.ar\/v1\/#\/schema\/logo\/image\/\",\"url\":\"https:\/\/radioinfinitagoya.com.ar\/v1\/wp-content\/uploads\/2019\/11\/logo-pie-web.png\",\"contentUrl\":\"https:\/\/radioinfinitagoya.com.ar\/v1\/wp-content\/uploads\/2019\/11\/logo-pie-web.png\",\"width\":635,\"height\":326,\"caption\":\"Radio Infinita Goya\"},\"image\":{\"@id\":\"https:\/\/radioinfinitagoya.com.ar\/v1\/#\/schema\/logo\/image\/\"},\"sameAs\":[\"https:\/\/www.facebook.com\/p\/Infinita-Goya-100063870918311\/\"]},{\"@type\":\"Person\",\"@id\":\"https:\/\/radioinfinitagoya.com.ar\/v1\/#\/schema\/person\/d4cf9c413d4f6edb24aabdccab49ca4a\",\"name\":\"Jorge Mi\u00f1o\",\"image\":{\"@type\":\"ImageObject\",\"inLanguage\":\"es-AR\",\"@id\":\"https:\/\/secure.gravatar.com\/avatar\/910fcf6728fe95320e07a6643c1581fec1c7fc4bf8ae12e3d8f0d0373dc844be?s=96&d=mm&r=g\",\"url\":\"https:\/\/secure.gravatar.com\/avatar\/910fcf6728fe95320e07a6643c1581fec1c7fc4bf8ae12e3d8f0d0373dc844be?s=96&d=mm&r=g\",\"contentUrl\":\"https:\/\/secure.gravatar.com\/avatar\/910fcf6728fe95320e07a6643c1581fec1c7fc4bf8ae12e3d8f0d0373dc844be?s=96&d=mm&r=g\",\"caption\":\"Jorge Mi\u00f1o\"},\"sameAs\":[\"http:\/\/radioinfinitagoya.com.ar\"]}]}<\/script>\n<!-- \/ Yoast SEO plugin. -->","yoast_head_json":{"title":"El titular de BID se reune con Milei y Caputo en medio de la suba del d\u00f3lar - Radio Infinita Goya","description":"El presidente Javier Milei; el ministro de Econom\u00eda, Luis Caputo; y el secretario de Finanzas, Pablo Quirno, se reunieron este mediod\u00eda con el titular del","robots":{"index":"index","follow":"follow","max-snippet":"max-snippet:-1","max-image-preview":"max-image-preview:large","max-video-preview":"max-video-preview:-1"},"canonical":"https:\/\/radioinfinitagoya.com.ar\/v1\/2025\/09\/08\/el-titular-de-bid-se-reune-con-milei-y-caputo-en-medio-de-la-suba-del-dolar\/","og_locale":"es_ES","og_type":"article","og_title":"El titular de BID se reune con Milei y Caputo en medio de la suba del d\u00f3lar - Radio Infinita Goya","og_description":"El presidente Javier Milei; el ministro de Econom\u00eda, Luis Caputo; y el secretario de Finanzas, Pablo Quirno, se reunieron este mediod\u00eda con el titular del","og_url":"https:\/\/radioinfinitagoya.com.ar\/v1\/2025\/09\/08\/el-titular-de-bid-se-reune-con-milei-y-caputo-en-medio-de-la-suba-del-dolar\/","og_site_name":"Radio Infinita Goya","article_publisher":"https:\/\/www.facebook.com\/p\/Infinita-Goya-100063870918311\/","article_published_time":"2025-09-08T19:20:12+00:00","og_image":[{"width":680,"height":383,"url":"https:\/\/radioinfinitagoya.com.ar\/v1\/wp-content\/uploads\/2025\/09\/JMyDtTRi.jpg","type":"image\/jpeg"}],"author":"Jorge Mi\u00f1o","twitter_card":"summary_large_image","twitter_misc":{"Escrito por":"Jorge Mi\u00f1o","Tiempo de lectura":"2 minutos"},"schema":{"@context":"https:\/\/schema.org","@graph":[{"@type":"Article","@id":"https:\/\/radioinfinitagoya.com.ar\/v1\/2025\/09\/08\/el-titular-de-bid-se-reune-con-milei-y-caputo-en-medio-de-la-suba-del-dolar\/#article","isPartOf":{"@id":"https:\/\/radioinfinitagoya.com.ar\/v1\/2025\/09\/08\/el-titular-de-bid-se-reune-con-milei-y-caputo-en-medio-de-la-suba-del-dolar\/"},"author":{"name":"Jorge Mi\u00f1o","@id":"https:\/\/radioinfinitagoya.com.ar\/v1\/#\/schema\/person\/d4cf9c413d4f6edb24aabdccab49ca4a"},"headline":"El titular de BID se reune con Milei y Caputo en medio de la suba del d\u00f3lar","datePublished":"2025-09-08T19:20:12+00:00","mainEntityOfPage":{"@id":"https:\/\/radioinfinitagoya.com.ar\/v1\/2025\/09\/08\/el-titular-de-bid-se-reune-con-milei-y-caputo-en-medio-de-la-suba-del-dolar\/"},"wordCount":388,"publisher":{"@id":"https:\/\/radioinfinitagoya.com.ar\/v1\/#organization"},"image":{"@id":"https:\/\/radioinfinitagoya.com.ar\/v1\/2025\/09\/08\/el-titular-de-bid-se-reune-con-milei-y-caputo-en-medio-de-la-suba-del-dolar\/#primaryimage"},"thumbnailUrl":"https:\/\/radioinfinitagoya.com.ar\/v1\/wp-content\/uploads\/2025\/09\/JMyDtTRi.jpg","articleSection":["NACIONALES"],"inLanguage":"es-AR"},{"@type":"WebPage","@id":"https:\/\/radioinfinitagoya.com.ar\/v1\/2025\/09\/08\/el-titular-de-bid-se-reune-con-milei-y-caputo-en-medio-de-la-suba-del-dolar\/","url":"https:\/\/radioinfinitagoya.com.ar\/v1\/2025\/09\/08\/el-titular-de-bid-se-reune-con-milei-y-caputo-en-medio-de-la-suba-del-dolar\/","name":"El titular de BID se reune con Milei y Caputo en medio de la suba del d\u00f3lar - Radio Infinita Goya","isPartOf":{"@id":"https:\/\/radioinfinitagoya.com.ar\/v1\/#website"},"primaryImageOfPage":{"@id":"https:\/\/radioinfinitagoya.com.ar\/v1\/2025\/09\/08\/el-titular-de-bid-se-reune-con-milei-y-caputo-en-medio-de-la-suba-del-dolar\/#primaryimage"},"image":{"@id":"https:\/\/radioinfinitagoya.com.ar\/v1\/2025\/09\/08\/el-titular-de-bid-se-reune-con-milei-y-caputo-en-medio-de-la-suba-del-dolar\/#primaryimage"},"thumbnailUrl":"https:\/\/radioinfinitagoya.com.ar\/v1\/wp-content\/uploads\/2025\/09\/JMyDtTRi.jpg","datePublished":"2025-09-08T19:20:12+00:00","description":"El presidente Javier Milei; el ministro de Econom\u00eda, Luis Caputo; y el secretario de Finanzas, Pablo Quirno, se reunieron este mediod\u00eda con el titular del","breadcrumb":{"@id":"https:\/\/radioinfinitagoya.com.ar\/v1\/2025\/09\/08\/el-titular-de-bid-se-reune-con-milei-y-caputo-en-medio-de-la-suba-del-dolar\/#breadcrumb"},"inLanguage":"es-AR","potentialAction":[{"@type":"ReadAction","target":["https:\/\/radioinfinitagoya.com.ar\/v1\/2025\/09\/08\/el-titular-de-bid-se-reune-con-milei-y-caputo-en-medio-de-la-suba-del-dolar\/"]}]},{"@type":"ImageObject","inLanguage":"es-AR","@id":"https:\/\/radioinfinitagoya.com.ar\/v1\/2025\/09\/08\/el-titular-de-bid-se-reune-con-milei-y-caputo-en-medio-de-la-suba-del-dolar\/#primaryimage","url":"https:\/\/radioinfinitagoya.com.ar\/v1\/wp-content\/uploads\/2025\/09\/JMyDtTRi.jpg","contentUrl":"https:\/\/radioinfinitagoya.com.ar\/v1\/wp-content\/uploads\/2025\/09\/JMyDtTRi.jpg","width":680,"height":383},{"@type":"BreadcrumbList","@id":"https:\/\/radioinfinitagoya.com.ar\/v1\/2025\/09\/08\/el-titular-de-bid-se-reune-con-milei-y-caputo-en-medio-de-la-suba-del-dolar\/#breadcrumb","itemListElement":[{"@type":"ListItem","position":1,"name":"Inicio","item":"https:\/\/radioinfinitagoya.com.ar\/v1\/"},{"@type":"ListItem","position":2,"name":"El titular de BID se reune con Milei y Caputo en medio de la suba del d\u00f3lar"}]},{"@type":"WebSite","@id":"https:\/\/radioinfinitagoya.com.ar\/v1\/#website","url":"https:\/\/radioinfinitagoya.com.ar\/v1\/","name":"radioinfinitagoya.com.ar","description":"Radio de noticias","publisher":{"@id":"https:\/\/radioinfinitagoya.com.ar\/v1\/#organization"},"potentialAction":[{"@type":"SearchAction","target":{"@type":"EntryPoint","urlTemplate":"https:\/\/radioinfinitagoya.com.ar\/v1\/?s={search_term_string}"},"query-input":{"@type":"PropertyValueSpecification","valueRequired":true,"valueName":"search_term_string"}}],"inLanguage":"es-AR"},{"@type":"Organization","@id":"https:\/\/radioinfinitagoya.com.ar\/v1\/#organization","name":"Radio Infinita Goya","url":"https:\/\/radioinfinitagoya.com.ar\/v1\/","logo":{"@type":"ImageObject","inLanguage":"es-AR","@id":"https:\/\/radioinfinitagoya.com.ar\/v1\/#\/schema\/logo\/image\/","url":"https:\/\/radioinfinitagoya.com.ar\/v1\/wp-content\/uploads\/2019\/11\/logo-pie-web.png","contentUrl":"https:\/\/radioinfinitagoya.com.ar\/v1\/wp-content\/uploads\/2019\/11\/logo-pie-web.png","width":635,"height":326,"caption":"Radio Infinita Goya"},"image":{"@id":"https:\/\/radioinfinitagoya.com.ar\/v1\/#\/schema\/logo\/image\/"},"sameAs":["https:\/\/www.facebook.com\/p\/Infinita-Goya-100063870918311\/"]},{"@type":"Person","@id":"https:\/\/radioinfinitagoya.com.ar\/v1\/#\/schema\/person\/d4cf9c413d4f6edb24aabdccab49ca4a","name":"Jorge Mi\u00f1o","image":{"@type":"ImageObject","inLanguage":"es-AR","@id":"https:\/\/secure.gravatar.com\/avatar\/910fcf6728fe95320e07a6643c1581fec1c7fc4bf8ae12e3d8f0d0373dc844be?s=96&d=mm&r=g","url":"https:\/\/secure.gravatar.com\/avatar\/910fcf6728fe95320e07a6643c1581fec1c7fc4bf8ae12e3d8f0d0373dc844be?s=96&d=mm&r=g","contentUrl":"https:\/\/secure.gravatar.com\/avatar\/910fcf6728fe95320e07a6643c1581fec1c7fc4bf8ae12e3d8f0d0373dc844be?s=96&d=mm&r=g","caption":"Jorge Mi\u00f1o"},"sameAs":["http:\/\/radioinfinitagoya.com.ar"]}]}},"_links":{"self":[{"href":"https:\/\/radioinfinitagoya.com.ar\/v1\/wp-json\/wp\/v2\/posts\/195583","targetHints":{"allow":["GET"]}}],"collection":[{"href":"https:\/\/radioinfinitagoya.com.ar\/v1\/wp-json\/wp\/v2\/posts"}],"about":[{"href":"https:\/\/radioinfinitagoya.com.ar\/v1\/wp-json\/wp\/v2\/types\/post"}],"author":[{"embeddable":true,"href":"https:\/\/radioinfinitagoya.com.ar\/v1\/wp-json\/wp\/v2\/users\/4"}],"replies":[{"embeddable":true,"href":"https:\/\/radioinfinitagoya.com.ar\/v1\/wp-json\/wp\/v2\/comments?post=195583"}],"version-history":[{"count":0,"href":"https:\/\/radioinfinitagoya.com.ar\/v1\/wp-json\/wp\/v2\/posts\/195583\/revisions"}],"wp:featuredmedia":[{"embeddable":true,"href":"https:\/\/radioinfinitagoya.com.ar\/v1\/wp-json\/wp\/v2\/media\/195584"}],"wp:attachment":[{"href":"https:\/\/radioinfinitagoya.com.ar\/v1\/wp-json\/wp\/v2\/media?parent=195583"}],"wp:term":[{"taxonomy":"category","embeddable":true,"href":"https:\/\/radioinfinitagoya.com.ar\/v1\/wp-json\/wp\/v2\/categories?post=195583"},{"taxonomy":"post_tag","embeddable":true,"href":"https:\/\/radioinfinitagoya.com.ar\/v1\/wp-json\/wp\/v2\/tags?post=195583"}],"curies":[{"name":"wp","href":"https:\/\/api.w.org\/{rel}","templated":true}]}}