{"id":195586,"date":"2025-09-08T16:31:48","date_gmt":"2025-09-08T19:31:48","guid":{"rendered":"https:\/\/radioinfinitagoya.com.ar\/v1\/?p=195586"},"modified":"2025-09-08T16:31:48","modified_gmt":"2025-09-08T19:31:48","slug":"scaloni-confirmo-que-habra-cambios-en-el-equipo-que-enfrentara-a-ecuador","status":"publish","type":"post","link":"https:\/\/radioinfinitagoya.com.ar\/v1\/2025\/09\/08\/scaloni-confirmo-que-habra-cambios-en-el-equipo-que-enfrentara-a-ecuador\/","title":{"rendered":"Scaloni confirm\u00f3 que habr\u00e1 cambios en el equipo que enfrentar\u00e1 a Ecuador"},"content":{"rendered":"<p>El DT de la Selecci\u00f3n Argenitna brind\u00f3 una conferencia de prensa este lunes. Pese a detallar los once que jugar\u00e1n ma\u00f1ana, solamente confirm\u00f3 a Lautaro Mart\u00ednez, quien arranc\u00f3 desde el banco de suplente en el partido contra Venezuela.<\/p>\n<p>La Selecci\u00f3n Argentina le pondr\u00e1 el broche de oro a las Eliminatorias Sudamericanas este martes, desde las 20, cuando visite a Ecuador. Antes de dirigir la pr\u00e1ctica y subirse al avi\u00f3n rumbo a Guayaquil, Lionel Scaloni brind\u00f3 su habitual conferencia de prensa previa. All\u00ed no dio demasiadas pistas sobre el once que jugar\u00e1 ma\u00f1ana, revel\u00f3 que no habl\u00f3 del Mundial con Lionel Messi tras su despedida oficial del pa\u00eds ante Venezuela y realiz\u00f3 un balance de sus siete a\u00f1os al mando de la Selecci\u00f3n.<\/p>\n<p>Con las bajas obligadas de Lionel Messi (no viaja a Ecuador debido a una decisi\u00f3n consensuada entre el futbolista y el cuerpo t\u00e9cnico) y Cristian Romero por acumulaci\u00f3n de amarillas, el DT de la Albiceleste tendr\u00e1 que hacer al menos dos cambios con respecto al equipo que gole\u00f3 a Venezuela el jueves pasado. Sin embargo, revel\u00f3 que ser\u00e1n m\u00e1s las modificaciones: &#8220;Seguramente hagamos algunos m\u00e1s porque es importante ver a otros jugadores. Los que han jugado menos merecen jugar y demostrar que pueden estar\u201d.<\/p>\n<p>Al \u00fanico que confirm\u00f3 fue a Lautaro Mart\u00ednez, quien no fue de la partida frente a la Vinotinto, pero convirti\u00f3 el segundo tanto a los pocos minutos de haber ingresado. \u201cLautaro tendr\u00e1 posibilidades de jugar ma\u00f1ana. Ya veremos en qu\u00e9 sistema\u201d, confirm\u00f3 el DT.<\/p>\n<p>Tambi\u00e9n habl\u00f3 sobre Alexis Mac Allister, quien se sum\u00f3 \u00faltimo al plantel debido a problemas de log\u00edstica con sus vuelos y no lleg\u00f3 a pleno desde lo f\u00edsico. &#8220;Est\u00e1 bien, no s\u00e9 si al 100%, hoy lo vamos a evaluar y tomaremos una decisi\u00f3n&#8221;, explic\u00f3 Scaloni cuando fue consultado sobre la titularidad del pampeano.<\/p>\n<p>La del jueves en El Monumental fue una noche muy especial para Lionel Messi, que jug\u00f3 su \u00faltimo partido oficial con la Selecci\u00f3n Argentina en el pa\u00eds. Se emocion\u00f3 durante el calentamiento, comparti\u00f3 un hermoso momento junto a sus hijos, anot\u00f3 dos goles, fue ovacionado por todo el estadio y, una vez que Piero Maza pit\u00f3 el final, todos sus compa\u00f1eros fueron a abrazarlo.<\/p>\n<p>En sus declaraciones posteriores no confirm\u00f3 su presencia en el pr\u00f3ximo Mundial, lo que encendi\u00f3 las alarmas de todos los hinchas argentinos. Su DT se lo tom\u00f3 con cautela: &#8220;Con Leo no habl\u00e9 del Mundial. S\u00e9 lo que ha declarado y que se va a tomar con tranquilidad todo este tiempo. Lo que decida estar\u00e1 bien&#8221;.<\/p>\n<p>Otro que se despidi\u00f3 de su p\u00fablico aquella noche fue Nicol\u00e1s Otamendi, cuyo partido especial qued\u00f3 algo eclipsado ya que todos los flashes estaban puestos en el diez. Scaloni lo llen\u00f3 de elogios y explic\u00f3 su importancia para el grupo: \u201cCon todo lo de Leo nos olvidamos de lo que representa para nosotros y de lo importante que fue para \u00e9l el partido del otro dia. Tuve una charla con \u00e9l y mereci\u00f3 haber jugado ese partido. Merece reconocimiento porque a nosotros nos ha dado una mano enorme, no s\u00f3lo a nivel futbol\u00edstico sino tambi\u00e9n a nivel grupal. Ha venido a jugar lesionado, en contra de la decisi\u00f3n de su club. Es un jugador important\u00edsimo y creo que ser\u00e1 recordado por todo lo que nos dio\u201d.<\/p>\n<p>El 7 de septiembre de 2018, en un amistoso ante Guatemala en Los \u00c1ngeles, comenz\u00f3 la era Scaloni en la Selecci\u00f3n Argentina, la que a posteriori se convertir\u00eda en la m\u00e1s exitosa de la historia. En la conferencia fue consultado acerca del balance que hace de estos siete a\u00f1os y el oriundo de Pujato puso \u00e9nfasis en las formas y en la identificaci\u00f3n con la gente.<\/p>\n<p>&#8220;Hemos trabajado con las ideas que ten\u00edamos desde el primer d\u00eda en la cabeza: sentido de pertenencia, respeto hacia el compa\u00f1ero y que sepan que son jugadores de f\u00fatbol, no m\u00e1s que eso. Y creo que lo cumplimos, m\u00e1s all\u00e1 de lo que se gan\u00f3. Eso es lo m\u00e1s importante porque jugar al f\u00fatbol ya lo saben&#8221;, comenz\u00f3.<\/p>\n<p>Y a\u00f1adi\u00f3: &#8220;Si me das a elegir siempre es mejor ganar de la manera que nos gusta a nosotros y creo que lo hemos conseguido. El c\u00f3mo se gan\u00f3 y el reconocimiento del p\u00fablico, que es al final por lo que jugamos: por el pa\u00eds, por la camiseta y porque la gente se sienta identificada&#8221;.<\/p>\n<p>Por \u00faltimo, Scaloni realiz\u00f3 un balance de las Eliminatorias, donde la Selecci\u00f3n Argentina asegur\u00f3 su lugar en el Mundial cuatro fechas antes del final y, con 38 puntos, es, por diferencia, el l\u00edder de la competici\u00f3n. \u201cFue una Eliminatoria compleja y la sacamos adelante muy bien con el a\u00f1adido de que ven\u00edamos de ganar el Mundial y que todos nos iban a querer poner en dificultad. Eso hizo doble el m\u00e9rito. Agradecerles a los jugadores porque ha sido una Eliminatoria que hemos sufrido, pero sacamos adelante\u201d, sentenci\u00f3.<\/p>\n<p>En este sentido, se tom\u00f3 un tiempo para analizar las diferencias entre el equipo que atraves\u00f3 el proceso clasificatorio rumbo la Copa del Mundo de Qatar y el de ahora: &#8220;En esta selecci\u00f3n han salido jugadores j\u00f3venes que nos pueden dar diferentes opciones, ya sea un juego m\u00e1s vertical o un buen juego con la pelota. Tenemos un equilibrio bastante marcado. La idea de juego no cambi\u00f3, pero se le puede dar otro vuelo porque hay otra clase de jugadores&#8221;.<\/p>\n<p>&nbsp;<\/p>\n<p>&nbsp;<\/p>\n","protected":false},"excerpt":{"rendered":"<p>El DT de la Selecci\u00f3n Argenitna brind\u00f3 una conferencia de prensa este lunes. Pese a detallar los once que jugar\u00e1n ma\u00f1ana, solamente confirm\u00f3 a Lautaro Mart\u00ednez, quien arranc\u00f3 desde el banco de suplente en el partido contra Venezuela. La Selecci\u00f3n Argentina le pondr\u00e1 el broche de oro a las Eliminatorias Sudamericanas este martes, desde las [&hellip;]<\/p>\n","protected":false},"author":4,"featured_media":195587,"comment_status":"closed","ping_status":"closed","sticky":false,"template":"","format":"standard","meta":{"_joinchat":[],"footnotes":""},"categories":[28],"tags":[],"class_list":{"0":"post-195586","1":"post","2":"type-post","3":"status-publish","4":"format-standard","5":"has-post-thumbnail","7":"category-deportes"},"yoast_head":"<!-- This site is optimized with the Yoast SEO plugin v27.2 - https:\/\/yoast.com\/product\/yoast-seo-wordpress\/ -->\n<title>Scaloni confirm\u00f3 que habr\u00e1 cambios en el equipo que enfrentar\u00e1 a Ecuador - Radio Infinita Goya<\/title>\n<meta name=\"description\" content=\"El DT de la Selecci\u00f3n Argenitna brind\u00f3 una conferencia de prensa este lunes. Pese a detallar los once que jugar\u00e1n ma\u00f1ana, solamente confirm\u00f3 a Lautaro\" \/>\n<meta name=\"robots\" content=\"index, follow, max-snippet:-1, max-image-preview:large, max-video-preview:-1\" \/>\n<link rel=\"canonical\" href=\"https:\/\/radioinfinitagoya.com.ar\/v1\/2025\/09\/08\/scaloni-confirmo-que-habra-cambios-en-el-equipo-que-enfrentara-a-ecuador\/\" \/>\n<meta property=\"og:locale\" content=\"es_ES\" \/>\n<meta property=\"og:type\" content=\"article\" \/>\n<meta property=\"og:title\" content=\"Scaloni confirm\u00f3 que habr\u00e1 cambios en el equipo que enfrentar\u00e1 a Ecuador - Radio Infinita Goya\" \/>\n<meta property=\"og:description\" content=\"El DT de la Selecci\u00f3n Argenitna brind\u00f3 una conferencia de prensa este lunes. Pese a detallar los once que jugar\u00e1n ma\u00f1ana, solamente confirm\u00f3 a Lautaro\" \/>\n<meta property=\"og:url\" content=\"https:\/\/radioinfinitagoya.com.ar\/v1\/2025\/09\/08\/scaloni-confirmo-que-habra-cambios-en-el-equipo-que-enfrentara-a-ecuador\/\" \/>\n<meta property=\"og:site_name\" content=\"Radio Infinita Goya\" \/>\n<meta property=\"article:publisher\" content=\"https:\/\/www.facebook.com\/p\/Infinita-Goya-100063870918311\/\" \/>\n<meta property=\"article:published_time\" content=\"2025-09-08T19:31:48+00:00\" \/>\n<meta property=\"og:image\" content=\"https:\/\/radioinfinitagoya.com.ar\/v1\/wp-content\/uploads\/2025\/09\/G0VF1TkW4AAFvHA.jpg\" \/>\n\t<meta property=\"og:image:width\" content=\"679\" \/>\n\t<meta property=\"og:image:height\" content=\"453\" \/>\n\t<meta property=\"og:image:type\" content=\"image\/jpeg\" \/>\n<meta name=\"author\" content=\"Jorge Mi\u00f1o\" \/>\n<meta name=\"twitter:card\" content=\"summary_large_image\" \/>\n<meta name=\"twitter:label1\" content=\"Escrito por\" \/>\n\t<meta name=\"twitter:data1\" content=\"Jorge Mi\u00f1o\" \/>\n\t<meta name=\"twitter:label2\" content=\"Tiempo de lectura\" \/>\n\t<meta name=\"twitter:data2\" content=\"5 minutos\" \/>\n<script type=\"application\/ld+json\" class=\"yoast-schema-graph\">{\"@context\":\"https:\/\/schema.org\",\"@graph\":[{\"@type\":\"Article\",\"@id\":\"https:\/\/radioinfinitagoya.com.ar\/v1\/2025\/09\/08\/scaloni-confirmo-que-habra-cambios-en-el-equipo-que-enfrentara-a-ecuador\/#article\",\"isPartOf\":{\"@id\":\"https:\/\/radioinfinitagoya.com.ar\/v1\/2025\/09\/08\/scaloni-confirmo-que-habra-cambios-en-el-equipo-que-enfrentara-a-ecuador\/\"},\"author\":{\"name\":\"Jorge Mi\u00f1o\",\"@id\":\"https:\/\/radioinfinitagoya.com.ar\/v1\/#\/schema\/person\/d4cf9c413d4f6edb24aabdccab49ca4a\"},\"headline\":\"Scaloni confirm\u00f3 que habr\u00e1 cambios en el equipo que enfrentar\u00e1 a Ecuador\",\"datePublished\":\"2025-09-08T19:31:48+00:00\",\"mainEntityOfPage\":{\"@id\":\"https:\/\/radioinfinitagoya.com.ar\/v1\/2025\/09\/08\/scaloni-confirmo-que-habra-cambios-en-el-equipo-que-enfrentara-a-ecuador\/\"},\"wordCount\":965,\"publisher\":{\"@id\":\"https:\/\/radioinfinitagoya.com.ar\/v1\/#organization\"},\"image\":{\"@id\":\"https:\/\/radioinfinitagoya.com.ar\/v1\/2025\/09\/08\/scaloni-confirmo-que-habra-cambios-en-el-equipo-que-enfrentara-a-ecuador\/#primaryimage\"},\"thumbnailUrl\":\"https:\/\/radioinfinitagoya.com.ar\/v1\/wp-content\/uploads\/2025\/09\/G0VF1TkW4AAFvHA.jpg\",\"articleSection\":[\"DEPORTES\"],\"inLanguage\":\"es-AR\"},{\"@type\":\"WebPage\",\"@id\":\"https:\/\/radioinfinitagoya.com.ar\/v1\/2025\/09\/08\/scaloni-confirmo-que-habra-cambios-en-el-equipo-que-enfrentara-a-ecuador\/\",\"url\":\"https:\/\/radioinfinitagoya.com.ar\/v1\/2025\/09\/08\/scaloni-confirmo-que-habra-cambios-en-el-equipo-que-enfrentara-a-ecuador\/\",\"name\":\"Scaloni confirm\u00f3 que habr\u00e1 cambios en el equipo que enfrentar\u00e1 a Ecuador - Radio Infinita Goya\",\"isPartOf\":{\"@id\":\"https:\/\/radioinfinitagoya.com.ar\/v1\/#website\"},\"primaryImageOfPage\":{\"@id\":\"https:\/\/radioinfinitagoya.com.ar\/v1\/2025\/09\/08\/scaloni-confirmo-que-habra-cambios-en-el-equipo-que-enfrentara-a-ecuador\/#primaryimage\"},\"image\":{\"@id\":\"https:\/\/radioinfinitagoya.com.ar\/v1\/2025\/09\/08\/scaloni-confirmo-que-habra-cambios-en-el-equipo-que-enfrentara-a-ecuador\/#primaryimage\"},\"thumbnailUrl\":\"https:\/\/radioinfinitagoya.com.ar\/v1\/wp-content\/uploads\/2025\/09\/G0VF1TkW4AAFvHA.jpg\",\"datePublished\":\"2025-09-08T19:31:48+00:00\",\"description\":\"El DT de la Selecci\u00f3n Argenitna brind\u00f3 una conferencia de prensa este lunes. Pese a detallar los once que jugar\u00e1n ma\u00f1ana, solamente confirm\u00f3 a Lautaro\",\"breadcrumb\":{\"@id\":\"https:\/\/radioinfinitagoya.com.ar\/v1\/2025\/09\/08\/scaloni-confirmo-que-habra-cambios-en-el-equipo-que-enfrentara-a-ecuador\/#breadcrumb\"},\"inLanguage\":\"es-AR\",\"potentialAction\":[{\"@type\":\"ReadAction\",\"target\":[\"https:\/\/radioinfinitagoya.com.ar\/v1\/2025\/09\/08\/scaloni-confirmo-que-habra-cambios-en-el-equipo-que-enfrentara-a-ecuador\/\"]}]},{\"@type\":\"ImageObject\",\"inLanguage\":\"es-AR\",\"@id\":\"https:\/\/radioinfinitagoya.com.ar\/v1\/2025\/09\/08\/scaloni-confirmo-que-habra-cambios-en-el-equipo-que-enfrentara-a-ecuador\/#primaryimage\",\"url\":\"https:\/\/radioinfinitagoya.com.ar\/v1\/wp-content\/uploads\/2025\/09\/G0VF1TkW4AAFvHA.jpg\",\"contentUrl\":\"https:\/\/radioinfinitagoya.com.ar\/v1\/wp-content\/uploads\/2025\/09\/G0VF1TkW4AAFvHA.jpg\",\"width\":679,\"height\":453},{\"@type\":\"BreadcrumbList\",\"@id\":\"https:\/\/radioinfinitagoya.com.ar\/v1\/2025\/09\/08\/scaloni-confirmo-que-habra-cambios-en-el-equipo-que-enfrentara-a-ecuador\/#breadcrumb\",\"itemListElement\":[{\"@type\":\"ListItem\",\"position\":1,\"name\":\"Inicio\",\"item\":\"https:\/\/radioinfinitagoya.com.ar\/v1\/\"},{\"@type\":\"ListItem\",\"position\":2,\"name\":\"Scaloni confirm\u00f3 que habr\u00e1 cambios en el equipo que enfrentar\u00e1 a Ecuador\"}]},{\"@type\":\"WebSite\",\"@id\":\"https:\/\/radioinfinitagoya.com.ar\/v1\/#website\",\"url\":\"https:\/\/radioinfinitagoya.com.ar\/v1\/\",\"name\":\"radioinfinitagoya.com.ar\",\"description\":\"Radio de noticias\",\"publisher\":{\"@id\":\"https:\/\/radioinfinitagoya.com.ar\/v1\/#organization\"},\"potentialAction\":[{\"@type\":\"SearchAction\",\"target\":{\"@type\":\"EntryPoint\",\"urlTemplate\":\"https:\/\/radioinfinitagoya.com.ar\/v1\/?s={search_term_string}\"},\"query-input\":{\"@type\":\"PropertyValueSpecification\",\"valueRequired\":true,\"valueName\":\"search_term_string\"}}],\"inLanguage\":\"es-AR\"},{\"@type\":\"Organization\",\"@id\":\"https:\/\/radioinfinitagoya.com.ar\/v1\/#organization\",\"name\":\"Radio Infinita Goya\",\"url\":\"https:\/\/radioinfinitagoya.com.ar\/v1\/\",\"logo\":{\"@type\":\"ImageObject\",\"inLanguage\":\"es-AR\",\"@id\":\"https:\/\/radioinfinitagoya.com.ar\/v1\/#\/schema\/logo\/image\/\",\"url\":\"https:\/\/radioinfinitagoya.com.ar\/v1\/wp-content\/uploads\/2019\/11\/logo-pie-web.png\",\"contentUrl\":\"https:\/\/radioinfinitagoya.com.ar\/v1\/wp-content\/uploads\/2019\/11\/logo-pie-web.png\",\"width\":635,\"height\":326,\"caption\":\"Radio Infinita Goya\"},\"image\":{\"@id\":\"https:\/\/radioinfinitagoya.com.ar\/v1\/#\/schema\/logo\/image\/\"},\"sameAs\":[\"https:\/\/www.facebook.com\/p\/Infinita-Goya-100063870918311\/\"]},{\"@type\":\"Person\",\"@id\":\"https:\/\/radioinfinitagoya.com.ar\/v1\/#\/schema\/person\/d4cf9c413d4f6edb24aabdccab49ca4a\",\"name\":\"Jorge Mi\u00f1o\",\"image\":{\"@type\":\"ImageObject\",\"inLanguage\":\"es-AR\",\"@id\":\"https:\/\/secure.gravatar.com\/avatar\/910fcf6728fe95320e07a6643c1581fec1c7fc4bf8ae12e3d8f0d0373dc844be?s=96&d=mm&r=g\",\"url\":\"https:\/\/secure.gravatar.com\/avatar\/910fcf6728fe95320e07a6643c1581fec1c7fc4bf8ae12e3d8f0d0373dc844be?s=96&d=mm&r=g\",\"contentUrl\":\"https:\/\/secure.gravatar.com\/avatar\/910fcf6728fe95320e07a6643c1581fec1c7fc4bf8ae12e3d8f0d0373dc844be?s=96&d=mm&r=g\",\"caption\":\"Jorge Mi\u00f1o\"},\"sameAs\":[\"http:\/\/radioinfinitagoya.com.ar\"]}]}<\/script>\n<!-- \/ Yoast SEO plugin. -->","yoast_head_json":{"title":"Scaloni confirm\u00f3 que habr\u00e1 cambios en el equipo que enfrentar\u00e1 a Ecuador - Radio Infinita Goya","description":"El DT de la Selecci\u00f3n Argenitna brind\u00f3 una conferencia de prensa este lunes. Pese a detallar los once que jugar\u00e1n ma\u00f1ana, solamente confirm\u00f3 a Lautaro","robots":{"index":"index","follow":"follow","max-snippet":"max-snippet:-1","max-image-preview":"max-image-preview:large","max-video-preview":"max-video-preview:-1"},"canonical":"https:\/\/radioinfinitagoya.com.ar\/v1\/2025\/09\/08\/scaloni-confirmo-que-habra-cambios-en-el-equipo-que-enfrentara-a-ecuador\/","og_locale":"es_ES","og_type":"article","og_title":"Scaloni confirm\u00f3 que habr\u00e1 cambios en el equipo que enfrentar\u00e1 a Ecuador - Radio Infinita Goya","og_description":"El DT de la Selecci\u00f3n Argenitna brind\u00f3 una conferencia de prensa este lunes. Pese a detallar los once que jugar\u00e1n ma\u00f1ana, solamente confirm\u00f3 a Lautaro","og_url":"https:\/\/radioinfinitagoya.com.ar\/v1\/2025\/09\/08\/scaloni-confirmo-que-habra-cambios-en-el-equipo-que-enfrentara-a-ecuador\/","og_site_name":"Radio Infinita Goya","article_publisher":"https:\/\/www.facebook.com\/p\/Infinita-Goya-100063870918311\/","article_published_time":"2025-09-08T19:31:48+00:00","og_image":[{"width":679,"height":453,"url":"https:\/\/radioinfinitagoya.com.ar\/v1\/wp-content\/uploads\/2025\/09\/G0VF1TkW4AAFvHA.jpg","type":"image\/jpeg"}],"author":"Jorge Mi\u00f1o","twitter_card":"summary_large_image","twitter_misc":{"Escrito por":"Jorge Mi\u00f1o","Tiempo de lectura":"5 minutos"},"schema":{"@context":"https:\/\/schema.org","@graph":[{"@type":"Article","@id":"https:\/\/radioinfinitagoya.com.ar\/v1\/2025\/09\/08\/scaloni-confirmo-que-habra-cambios-en-el-equipo-que-enfrentara-a-ecuador\/#article","isPartOf":{"@id":"https:\/\/radioinfinitagoya.com.ar\/v1\/2025\/09\/08\/scaloni-confirmo-que-habra-cambios-en-el-equipo-que-enfrentara-a-ecuador\/"},"author":{"name":"Jorge Mi\u00f1o","@id":"https:\/\/radioinfinitagoya.com.ar\/v1\/#\/schema\/person\/d4cf9c413d4f6edb24aabdccab49ca4a"},"headline":"Scaloni confirm\u00f3 que habr\u00e1 cambios en el equipo que enfrentar\u00e1 a Ecuador","datePublished":"2025-09-08T19:31:48+00:00","mainEntityOfPage":{"@id":"https:\/\/radioinfinitagoya.com.ar\/v1\/2025\/09\/08\/scaloni-confirmo-que-habra-cambios-en-el-equipo-que-enfrentara-a-ecuador\/"},"wordCount":965,"publisher":{"@id":"https:\/\/radioinfinitagoya.com.ar\/v1\/#organization"},"image":{"@id":"https:\/\/radioinfinitagoya.com.ar\/v1\/2025\/09\/08\/scaloni-confirmo-que-habra-cambios-en-el-equipo-que-enfrentara-a-ecuador\/#primaryimage"},"thumbnailUrl":"https:\/\/radioinfinitagoya.com.ar\/v1\/wp-content\/uploads\/2025\/09\/G0VF1TkW4AAFvHA.jpg","articleSection":["DEPORTES"],"inLanguage":"es-AR"},{"@type":"WebPage","@id":"https:\/\/radioinfinitagoya.com.ar\/v1\/2025\/09\/08\/scaloni-confirmo-que-habra-cambios-en-el-equipo-que-enfrentara-a-ecuador\/","url":"https:\/\/radioinfinitagoya.com.ar\/v1\/2025\/09\/08\/scaloni-confirmo-que-habra-cambios-en-el-equipo-que-enfrentara-a-ecuador\/","name":"Scaloni confirm\u00f3 que habr\u00e1 cambios en el equipo que enfrentar\u00e1 a Ecuador - Radio Infinita Goya","isPartOf":{"@id":"https:\/\/radioinfinitagoya.com.ar\/v1\/#website"},"primaryImageOfPage":{"@id":"https:\/\/radioinfinitagoya.com.ar\/v1\/2025\/09\/08\/scaloni-confirmo-que-habra-cambios-en-el-equipo-que-enfrentara-a-ecuador\/#primaryimage"},"image":{"@id":"https:\/\/radioinfinitagoya.com.ar\/v1\/2025\/09\/08\/scaloni-confirmo-que-habra-cambios-en-el-equipo-que-enfrentara-a-ecuador\/#primaryimage"},"thumbnailUrl":"https:\/\/radioinfinitagoya.com.ar\/v1\/wp-content\/uploads\/2025\/09\/G0VF1TkW4AAFvHA.jpg","datePublished":"2025-09-08T19:31:48+00:00","description":"El DT de la Selecci\u00f3n Argenitna brind\u00f3 una conferencia de prensa este lunes. Pese a detallar los once que jugar\u00e1n ma\u00f1ana, solamente confirm\u00f3 a Lautaro","breadcrumb":{"@id":"https:\/\/radioinfinitagoya.com.ar\/v1\/2025\/09\/08\/scaloni-confirmo-que-habra-cambios-en-el-equipo-que-enfrentara-a-ecuador\/#breadcrumb"},"inLanguage":"es-AR","potentialAction":[{"@type":"ReadAction","target":["https:\/\/radioinfinitagoya.com.ar\/v1\/2025\/09\/08\/scaloni-confirmo-que-habra-cambios-en-el-equipo-que-enfrentara-a-ecuador\/"]}]},{"@type":"ImageObject","inLanguage":"es-AR","@id":"https:\/\/radioinfinitagoya.com.ar\/v1\/2025\/09\/08\/scaloni-confirmo-que-habra-cambios-en-el-equipo-que-enfrentara-a-ecuador\/#primaryimage","url":"https:\/\/radioinfinitagoya.com.ar\/v1\/wp-content\/uploads\/2025\/09\/G0VF1TkW4AAFvHA.jpg","contentUrl":"https:\/\/radioinfinitagoya.com.ar\/v1\/wp-content\/uploads\/2025\/09\/G0VF1TkW4AAFvHA.jpg","width":679,"height":453},{"@type":"BreadcrumbList","@id":"https:\/\/radioinfinitagoya.com.ar\/v1\/2025\/09\/08\/scaloni-confirmo-que-habra-cambios-en-el-equipo-que-enfrentara-a-ecuador\/#breadcrumb","itemListElement":[{"@type":"ListItem","position":1,"name":"Inicio","item":"https:\/\/radioinfinitagoya.com.ar\/v1\/"},{"@type":"ListItem","position":2,"name":"Scaloni confirm\u00f3 que habr\u00e1 cambios en el equipo que enfrentar\u00e1 a Ecuador"}]},{"@type":"WebSite","@id":"https:\/\/radioinfinitagoya.com.ar\/v1\/#website","url":"https:\/\/radioinfinitagoya.com.ar\/v1\/","name":"radioinfinitagoya.com.ar","description":"Radio de noticias","publisher":{"@id":"https:\/\/radioinfinitagoya.com.ar\/v1\/#organization"},"potentialAction":[{"@type":"SearchAction","target":{"@type":"EntryPoint","urlTemplate":"https:\/\/radioinfinitagoya.com.ar\/v1\/?s={search_term_string}"},"query-input":{"@type":"PropertyValueSpecification","valueRequired":true,"valueName":"search_term_string"}}],"inLanguage":"es-AR"},{"@type":"Organization","@id":"https:\/\/radioinfinitagoya.com.ar\/v1\/#organization","name":"Radio Infinita Goya","url":"https:\/\/radioinfinitagoya.com.ar\/v1\/","logo":{"@type":"ImageObject","inLanguage":"es-AR","@id":"https:\/\/radioinfinitagoya.com.ar\/v1\/#\/schema\/logo\/image\/","url":"https:\/\/radioinfinitagoya.com.ar\/v1\/wp-content\/uploads\/2019\/11\/logo-pie-web.png","contentUrl":"https:\/\/radioinfinitagoya.com.ar\/v1\/wp-content\/uploads\/2019\/11\/logo-pie-web.png","width":635,"height":326,"caption":"Radio Infinita Goya"},"image":{"@id":"https:\/\/radioinfinitagoya.com.ar\/v1\/#\/schema\/logo\/image\/"},"sameAs":["https:\/\/www.facebook.com\/p\/Infinita-Goya-100063870918311\/"]},{"@type":"Person","@id":"https:\/\/radioinfinitagoya.com.ar\/v1\/#\/schema\/person\/d4cf9c413d4f6edb24aabdccab49ca4a","name":"Jorge Mi\u00f1o","image":{"@type":"ImageObject","inLanguage":"es-AR","@id":"https:\/\/secure.gravatar.com\/avatar\/910fcf6728fe95320e07a6643c1581fec1c7fc4bf8ae12e3d8f0d0373dc844be?s=96&d=mm&r=g","url":"https:\/\/secure.gravatar.com\/avatar\/910fcf6728fe95320e07a6643c1581fec1c7fc4bf8ae12e3d8f0d0373dc844be?s=96&d=mm&r=g","contentUrl":"https:\/\/secure.gravatar.com\/avatar\/910fcf6728fe95320e07a6643c1581fec1c7fc4bf8ae12e3d8f0d0373dc844be?s=96&d=mm&r=g","caption":"Jorge Mi\u00f1o"},"sameAs":["http:\/\/radioinfinitagoya.com.ar"]}]}},"_links":{"self":[{"href":"https:\/\/radioinfinitagoya.com.ar\/v1\/wp-json\/wp\/v2\/posts\/195586","targetHints":{"allow":["GET"]}}],"collection":[{"href":"https:\/\/radioinfinitagoya.com.ar\/v1\/wp-json\/wp\/v2\/posts"}],"about":[{"href":"https:\/\/radioinfinitagoya.com.ar\/v1\/wp-json\/wp\/v2\/types\/post"}],"author":[{"embeddable":true,"href":"https:\/\/radioinfinitagoya.com.ar\/v1\/wp-json\/wp\/v2\/users\/4"}],"replies":[{"embeddable":true,"href":"https:\/\/radioinfinitagoya.com.ar\/v1\/wp-json\/wp\/v2\/comments?post=195586"}],"version-history":[{"count":0,"href":"https:\/\/radioinfinitagoya.com.ar\/v1\/wp-json\/wp\/v2\/posts\/195586\/revisions"}],"wp:featuredmedia":[{"embeddable":true,"href":"https:\/\/radioinfinitagoya.com.ar\/v1\/wp-json\/wp\/v2\/media\/195587"}],"wp:attachment":[{"href":"https:\/\/radioinfinitagoya.com.ar\/v1\/wp-json\/wp\/v2\/media?parent=195586"}],"wp:term":[{"taxonomy":"category","embeddable":true,"href":"https:\/\/radioinfinitagoya.com.ar\/v1\/wp-json\/wp\/v2\/categories?post=195586"},{"taxonomy":"post_tag","embeddable":true,"href":"https:\/\/radioinfinitagoya.com.ar\/v1\/wp-json\/wp\/v2\/tags?post=195586"}],"curies":[{"name":"wp","href":"https:\/\/api.w.org\/{rel}","templated":true}]}}