{"id":195589,"date":"2025-09-08T16:34:25","date_gmt":"2025-09-08T19:34:25","guid":{"rendered":"https:\/\/radioinfinitagoya.com.ar\/v1\/?p=195589"},"modified":"2025-09-08T16:34:25","modified_gmt":"2025-09-08T19:34:25","slug":"amad-y-san-lorenzo-los-unicos-invictos-en-la-liga-pre-federal","status":"publish","type":"post","link":"https:\/\/radioinfinitagoya.com.ar\/v1\/2025\/09\/08\/amad-y-san-lorenzo-los-unicos-invictos-en-la-liga-pre-federal\/","title":{"rendered":"Amad y San Lorenzo los \u00fanicos invictos en la Liga Pre-Federal"},"content":{"rendered":"<p>Luego de un breve receso por las elecciones provinciales, este fin de semana volvi\u00f3 la acci\u00f3n en la Liga Pre-Federal organizada por la Federaci\u00f3n de la Federaci\u00f3n de B\u00e1squetbol de la Provincia de Corrientes (FBPC), donde se disput\u00f3 la segunda fecha en la que se registraron los triunfos de Amad de Goya, San Lorenzo de Monte Caseros, C\u00f3rdoba, El Tala, Uni\u00f3n de Goya y Atl\u00e9tico Saladas.<\/p>\n<p>En la apertura de la segunda fecha en la noche de viernes, n el estadio &#8220;Gigante del Nordeste&#8221; de la segunda ciudad de la provincia, el due\u00f1o de casa Amad debi\u00f3 sufrir para doblegar este viernes a Sportiva de Esquina por 80 a 76, para alcanzar su tercer festejo de forma consecutiva y mantenerse invicto en el certamen provincial. En el &#8220;verde&#8221; goyano se destacaron las labores de Gregorio Esp\u00edndola, Franco Piacentini y Lautaro Lacava, todos con 13 puntos cada uno, mientras que por el lado del elenco esquinense los mejores valores fueron Nicol\u00e1s Ojeda con 24 puntos, Patricio L\u00f3pez con 21 y Cristi\u00e1n Rausch con 19.<\/p>\n<p>El s\u00e1bado en el sur de la provincia, m\u00e1s precisamente en la ciudad de Monte Caseros, San Lorenzo hizo su presentaci\u00f3n ante su p\u00fablico y fue con festejo ya que super\u00f3 a H\u00e9rcules por 83 a 72, para alcanzar su tercera victoria de forma consecutiva y mantenerse invicto en el certamen provincial. En el &#8220;aurinegro&#8221; se destacaron las tareas de Leonardo Sol\u00eds con 21 puntos y Gonzalo Gerez con 15, mientras que por el lado de los del barrio Libertad, Maximiliano Vel\u00e1zquez marc\u00f3 15 puntos y Pablo Brocal 15.<\/p>\n<p>En la capital provincial, en el estadio &#8220;Marcelino Cora Ojeda&#8221; se disput\u00f3 un vibrante cl\u00e1sico de barrio, donde el Club C\u00f3rdoba se termin\u00f3 llevando la victoria de forma ag\u00f3nica como visitante ante Ping\u00fcinos por 64 a 63. Un doble sobre la chicharra de Valentino Yordan le termin\u00f3 dando el triunfo a los conducidos por Gustavo Vega, que tuvieron como destacados a Juan Cruz Rinaldi con 18 puntos y Emilio Vallejos con 14, mientras que por el lado de los de la &#8220;banda negra&#8221;, los goleadores fueron Luciano C\u00e1rdenas con 15 puntos y Santiago Corti con 13.<\/p>\n<p>En tanto que en la ciudad de Santa Luc\u00eda, El Tala consigui\u00f3 su primera alegr\u00eda en el certamen al ganarle de forma contundente al due\u00f1o de casa Espa\u00f1ol por 79 a 54. En el elenco &#8220;verde&#8221; del barrio La Rosada sobresalieron las labores de Alex Meza con 23 puntos y Juan Cruz V\u00e1zquez con 10, mientras que por el lado del &#8220;aurirrojo&#8221;, que sum\u00f3 su tercer traspi\u00e9 seguido, Jonatan Cisneros marc\u00f3 14 puntos y Ulises Escobar 9.<\/p>\n<p>En la jornada del domingo, en el estadio &#8220;Mart\u00edn A. Brisco&#8221; en la capital provincial, Atl\u00e9tico Saladas sum\u00f3 una valiosa victoria como visitante ante Alvear por un claro 75 a 52. El elenco salade\u00f1o domin\u00f3 el encuentro desde su inicio, y no le dio chances a los del barrio Aldana. En el &#8220;rojo&#8221; se destacaron las labores de Fabricio Pizzola con 17 puntos y Mat\u00edas N\u00fa\u00f1ez con 16, mientras que por el lado del &#8220;albiceleste&#8221; los mejores valores fueron Gonzalo Balbis con 18 puntos y Jos\u00e9 Rolnik con 10.<\/p>\n<p>En tanto que en el sur provincial, Uni\u00f3n de Goya sum\u00f3 su segundo triunfo seguido en el certamen al derrotar como visitante a General San Mart\u00edn de Curuz\u00fa Cuati\u00e1 por 81 a 71. El elenco goyano ahora comparte el liderazgo del Grupo &#8220;B&#8221; con Ping\u00fcinos y C\u00f3rdoba, mientras que el &#8220;santo&#8221; \u00faltimo campe\u00f3n del provincial sum\u00f3 su tercera ca\u00edda consecutiva. En el &#8220;rojo&#8221; los goleadores fueron Facundo Rojas con 27 puntos y Joaqu\u00edn San Vicente con 17, mientras que por el lado del local Eduardo Santamarina anot\u00f3 23 puntos y Franco Aguirre 17.<\/p>\n<p>Resultados 2\u00ba fecha:<br \/>\nAmad (Goya) 80-76 Sportiva (Esquina)<br \/>\nSan Lorenzo (Monte Caseros) 83-72 H\u00e9rcules<br \/>\nPing\u00fcinos 63-64 C\u00f3rdoba<br \/>\nEspa\u00f1ol (Santa Luc\u00eda) 54-79 El Tala<br \/>\nSan Mart\u00edn (CC) 71-81 Uni\u00f3n (Goya)<br \/>\nAlvear 52-75 Atl\u00e9tico Saladas<\/p>\n<p>Posiciones:<br \/>\nZona &#8220;A&#8221;:<br \/>\nC\u00f3rdoba 5 pts (2-1)<br \/>\nPing\u00fcinos 5 pts (2-1)<br \/>\nUni\u00f3n 5 pts (2-1)<br \/>\nEl Tala 4 pts (1-2)<br \/>\nEspa\u00f1ol 3 pts (0-3)<br \/>\nSan Mart\u00edn (CC) 3 pts (0-3)<br \/>\nZona &#8220;B&#8221;:<br \/>\nAmad 6 pts (3-0)<br \/>\nSan Lorenzo 6 pts (3-0)<br \/>\nAtl\u00e9tico Saladas 5 pts (2-1)<br \/>\nH\u00e9rcules 4 pts (1-2)<br \/>\nSportiva 4 pts (1-2)<br \/>\nAlvear 4 pts (1-2)<\/p>\n<p>Pr\u00f3xima fecha:<br \/>\n3\u00ba fecha:<br \/>\nPing\u00fcinos vs El Tala<br \/>\nC\u00f3rdoba vs Uni\u00f3n<br \/>\nEspa\u00f1ol vs San Mart\u00edn (CC)<br \/>\nAmad vs San Lorenzo<br \/>\nSportiva vs Alvear<br \/>\nAtl\u00e9tico Saladas vs H\u00e9rcules<\/p>\n<p>&nbsp;<\/p>\n","protected":false},"excerpt":{"rendered":"<p>Luego de un breve receso por las elecciones provinciales, este fin de semana volvi\u00f3 la acci\u00f3n en la Liga Pre-Federal organizada por la Federaci\u00f3n de la Federaci\u00f3n de B\u00e1squetbol de la Provincia de Corrientes (FBPC), donde se disput\u00f3 la segunda fecha en la que se registraron los triunfos de Amad de Goya, San Lorenzo de [&hellip;]<\/p>\n","protected":false},"author":4,"featured_media":195590,"comment_status":"closed","ping_status":"closed","sticky":false,"template":"","format":"standard","meta":{"_joinchat":[],"footnotes":""},"categories":[28],"tags":[],"class_list":{"0":"post-195589","1":"post","2":"type-post","3":"status-publish","4":"format-standard","5":"has-post-thumbnail","7":"category-deportes"},"yoast_head":"<!-- This site is optimized with the Yoast SEO plugin v27.2 - https:\/\/yoast.com\/product\/yoast-seo-wordpress\/ -->\n<title>Amad y San Lorenzo los \u00fanicos invictos en la Liga Pre-Federal - Radio Infinita Goya<\/title>\n<meta name=\"description\" content=\"Luego de un breve receso por las elecciones provinciales, este fin de semana volvi\u00f3 la acci\u00f3n en la Liga Pre-Federal organizada por la Federaci\u00f3n de la\" \/>\n<meta name=\"robots\" content=\"index, follow, max-snippet:-1, max-image-preview:large, max-video-preview:-1\" \/>\n<link rel=\"canonical\" href=\"https:\/\/radioinfinitagoya.com.ar\/v1\/2025\/09\/08\/amad-y-san-lorenzo-los-unicos-invictos-en-la-liga-pre-federal\/\" \/>\n<meta property=\"og:locale\" content=\"es_ES\" \/>\n<meta property=\"og:type\" content=\"article\" \/>\n<meta property=\"og:title\" content=\"Amad y San Lorenzo los \u00fanicos invictos en la Liga Pre-Federal - Radio Infinita Goya\" \/>\n<meta property=\"og:description\" content=\"Luego de un breve receso por las elecciones provinciales, este fin de semana volvi\u00f3 la acci\u00f3n en la Liga Pre-Federal organizada por la Federaci\u00f3n de la\" \/>\n<meta property=\"og:url\" content=\"https:\/\/radioinfinitagoya.com.ar\/v1\/2025\/09\/08\/amad-y-san-lorenzo-los-unicos-invictos-en-la-liga-pre-federal\/\" \/>\n<meta property=\"og:site_name\" content=\"Radio Infinita Goya\" \/>\n<meta property=\"article:publisher\" content=\"https:\/\/www.facebook.com\/p\/Infinita-Goya-100063870918311\/\" \/>\n<meta property=\"article:published_time\" content=\"2025-09-08T19:34:25+00:00\" \/>\n<meta property=\"og:image\" content=\"https:\/\/radioinfinitagoya.com.ar\/v1\/wp-content\/uploads\/2025\/09\/PUNTEROSPREFEDERAL1.jpg\" \/>\n\t<meta property=\"og:image:width\" content=\"1280\" \/>\n\t<meta property=\"og:image:height\" content=\"854\" \/>\n\t<meta property=\"og:image:type\" content=\"image\/jpeg\" \/>\n<meta name=\"author\" content=\"Jorge Mi\u00f1o\" \/>\n<meta name=\"twitter:card\" content=\"summary_large_image\" \/>\n<meta name=\"twitter:label1\" content=\"Escrito por\" \/>\n\t<meta name=\"twitter:data1\" content=\"Jorge Mi\u00f1o\" \/>\n\t<meta name=\"twitter:label2\" content=\"Tiempo de lectura\" \/>\n\t<meta name=\"twitter:data2\" content=\"4 minutos\" \/>\n<script type=\"application\/ld+json\" class=\"yoast-schema-graph\">{\"@context\":\"https:\/\/schema.org\",\"@graph\":[{\"@type\":\"Article\",\"@id\":\"https:\/\/radioinfinitagoya.com.ar\/v1\/2025\/09\/08\/amad-y-san-lorenzo-los-unicos-invictos-en-la-liga-pre-federal\/#article\",\"isPartOf\":{\"@id\":\"https:\/\/radioinfinitagoya.com.ar\/v1\/2025\/09\/08\/amad-y-san-lorenzo-los-unicos-invictos-en-la-liga-pre-federal\/\"},\"author\":{\"name\":\"Jorge Mi\u00f1o\",\"@id\":\"https:\/\/radioinfinitagoya.com.ar\/v1\/#\/schema\/person\/d4cf9c413d4f6edb24aabdccab49ca4a\"},\"headline\":\"Amad y San Lorenzo los \u00fanicos invictos en la Liga Pre-Federal\",\"datePublished\":\"2025-09-08T19:34:25+00:00\",\"mainEntityOfPage\":{\"@id\":\"https:\/\/radioinfinitagoya.com.ar\/v1\/2025\/09\/08\/amad-y-san-lorenzo-los-unicos-invictos-en-la-liga-pre-federal\/\"},\"wordCount\":761,\"publisher\":{\"@id\":\"https:\/\/radioinfinitagoya.com.ar\/v1\/#organization\"},\"image\":{\"@id\":\"https:\/\/radioinfinitagoya.com.ar\/v1\/2025\/09\/08\/amad-y-san-lorenzo-los-unicos-invictos-en-la-liga-pre-federal\/#primaryimage\"},\"thumbnailUrl\":\"https:\/\/radioinfinitagoya.com.ar\/v1\/wp-content\/uploads\/2025\/09\/PUNTEROSPREFEDERAL1.jpg\",\"articleSection\":[\"DEPORTES\"],\"inLanguage\":\"es-AR\"},{\"@type\":\"WebPage\",\"@id\":\"https:\/\/radioinfinitagoya.com.ar\/v1\/2025\/09\/08\/amad-y-san-lorenzo-los-unicos-invictos-en-la-liga-pre-federal\/\",\"url\":\"https:\/\/radioinfinitagoya.com.ar\/v1\/2025\/09\/08\/amad-y-san-lorenzo-los-unicos-invictos-en-la-liga-pre-federal\/\",\"name\":\"Amad y San Lorenzo los \u00fanicos invictos en la Liga Pre-Federal - Radio Infinita Goya\",\"isPartOf\":{\"@id\":\"https:\/\/radioinfinitagoya.com.ar\/v1\/#website\"},\"primaryImageOfPage\":{\"@id\":\"https:\/\/radioinfinitagoya.com.ar\/v1\/2025\/09\/08\/amad-y-san-lorenzo-los-unicos-invictos-en-la-liga-pre-federal\/#primaryimage\"},\"image\":{\"@id\":\"https:\/\/radioinfinitagoya.com.ar\/v1\/2025\/09\/08\/amad-y-san-lorenzo-los-unicos-invictos-en-la-liga-pre-federal\/#primaryimage\"},\"thumbnailUrl\":\"https:\/\/radioinfinitagoya.com.ar\/v1\/wp-content\/uploads\/2025\/09\/PUNTEROSPREFEDERAL1.jpg\",\"datePublished\":\"2025-09-08T19:34:25+00:00\",\"description\":\"Luego de un breve receso por las elecciones provinciales, este fin de semana volvi\u00f3 la acci\u00f3n en la Liga Pre-Federal organizada por la Federaci\u00f3n de la\",\"breadcrumb\":{\"@id\":\"https:\/\/radioinfinitagoya.com.ar\/v1\/2025\/09\/08\/amad-y-san-lorenzo-los-unicos-invictos-en-la-liga-pre-federal\/#breadcrumb\"},\"inLanguage\":\"es-AR\",\"potentialAction\":[{\"@type\":\"ReadAction\",\"target\":[\"https:\/\/radioinfinitagoya.com.ar\/v1\/2025\/09\/08\/amad-y-san-lorenzo-los-unicos-invictos-en-la-liga-pre-federal\/\"]}]},{\"@type\":\"ImageObject\",\"inLanguage\":\"es-AR\",\"@id\":\"https:\/\/radioinfinitagoya.com.ar\/v1\/2025\/09\/08\/amad-y-san-lorenzo-los-unicos-invictos-en-la-liga-pre-federal\/#primaryimage\",\"url\":\"https:\/\/radioinfinitagoya.com.ar\/v1\/wp-content\/uploads\/2025\/09\/PUNTEROSPREFEDERAL1.jpg\",\"contentUrl\":\"https:\/\/radioinfinitagoya.com.ar\/v1\/wp-content\/uploads\/2025\/09\/PUNTEROSPREFEDERAL1.jpg\",\"width\":1280,\"height\":854},{\"@type\":\"BreadcrumbList\",\"@id\":\"https:\/\/radioinfinitagoya.com.ar\/v1\/2025\/09\/08\/amad-y-san-lorenzo-los-unicos-invictos-en-la-liga-pre-federal\/#breadcrumb\",\"itemListElement\":[{\"@type\":\"ListItem\",\"position\":1,\"name\":\"Inicio\",\"item\":\"https:\/\/radioinfinitagoya.com.ar\/v1\/\"},{\"@type\":\"ListItem\",\"position\":2,\"name\":\"Amad y San Lorenzo los \u00fanicos invictos en la Liga Pre-Federal\"}]},{\"@type\":\"WebSite\",\"@id\":\"https:\/\/radioinfinitagoya.com.ar\/v1\/#website\",\"url\":\"https:\/\/radioinfinitagoya.com.ar\/v1\/\",\"name\":\"radioinfinitagoya.com.ar\",\"description\":\"Radio de noticias\",\"publisher\":{\"@id\":\"https:\/\/radioinfinitagoya.com.ar\/v1\/#organization\"},\"potentialAction\":[{\"@type\":\"SearchAction\",\"target\":{\"@type\":\"EntryPoint\",\"urlTemplate\":\"https:\/\/radioinfinitagoya.com.ar\/v1\/?s={search_term_string}\"},\"query-input\":{\"@type\":\"PropertyValueSpecification\",\"valueRequired\":true,\"valueName\":\"search_term_string\"}}],\"inLanguage\":\"es-AR\"},{\"@type\":\"Organization\",\"@id\":\"https:\/\/radioinfinitagoya.com.ar\/v1\/#organization\",\"name\":\"Radio Infinita Goya\",\"url\":\"https:\/\/radioinfinitagoya.com.ar\/v1\/\",\"logo\":{\"@type\":\"ImageObject\",\"inLanguage\":\"es-AR\",\"@id\":\"https:\/\/radioinfinitagoya.com.ar\/v1\/#\/schema\/logo\/image\/\",\"url\":\"https:\/\/radioinfinitagoya.com.ar\/v1\/wp-content\/uploads\/2019\/11\/logo-pie-web.png\",\"contentUrl\":\"https:\/\/radioinfinitagoya.com.ar\/v1\/wp-content\/uploads\/2019\/11\/logo-pie-web.png\",\"width\":635,\"height\":326,\"caption\":\"Radio Infinita Goya\"},\"image\":{\"@id\":\"https:\/\/radioinfinitagoya.com.ar\/v1\/#\/schema\/logo\/image\/\"},\"sameAs\":[\"https:\/\/www.facebook.com\/p\/Infinita-Goya-100063870918311\/\"]},{\"@type\":\"Person\",\"@id\":\"https:\/\/radioinfinitagoya.com.ar\/v1\/#\/schema\/person\/d4cf9c413d4f6edb24aabdccab49ca4a\",\"name\":\"Jorge Mi\u00f1o\",\"image\":{\"@type\":\"ImageObject\",\"inLanguage\":\"es-AR\",\"@id\":\"https:\/\/secure.gravatar.com\/avatar\/910fcf6728fe95320e07a6643c1581fec1c7fc4bf8ae12e3d8f0d0373dc844be?s=96&d=mm&r=g\",\"url\":\"https:\/\/secure.gravatar.com\/avatar\/910fcf6728fe95320e07a6643c1581fec1c7fc4bf8ae12e3d8f0d0373dc844be?s=96&d=mm&r=g\",\"contentUrl\":\"https:\/\/secure.gravatar.com\/avatar\/910fcf6728fe95320e07a6643c1581fec1c7fc4bf8ae12e3d8f0d0373dc844be?s=96&d=mm&r=g\",\"caption\":\"Jorge Mi\u00f1o\"},\"sameAs\":[\"http:\/\/radioinfinitagoya.com.ar\"]}]}<\/script>\n<!-- \/ Yoast SEO plugin. -->","yoast_head_json":{"title":"Amad y San Lorenzo los \u00fanicos invictos en la Liga Pre-Federal - Radio Infinita Goya","description":"Luego de un breve receso por las elecciones provinciales, este fin de semana volvi\u00f3 la acci\u00f3n en la Liga Pre-Federal organizada por la Federaci\u00f3n de la","robots":{"index":"index","follow":"follow","max-snippet":"max-snippet:-1","max-image-preview":"max-image-preview:large","max-video-preview":"max-video-preview:-1"},"canonical":"https:\/\/radioinfinitagoya.com.ar\/v1\/2025\/09\/08\/amad-y-san-lorenzo-los-unicos-invictos-en-la-liga-pre-federal\/","og_locale":"es_ES","og_type":"article","og_title":"Amad y San Lorenzo los \u00fanicos invictos en la Liga Pre-Federal - Radio Infinita Goya","og_description":"Luego de un breve receso por las elecciones provinciales, este fin de semana volvi\u00f3 la acci\u00f3n en la Liga Pre-Federal organizada por la Federaci\u00f3n de la","og_url":"https:\/\/radioinfinitagoya.com.ar\/v1\/2025\/09\/08\/amad-y-san-lorenzo-los-unicos-invictos-en-la-liga-pre-federal\/","og_site_name":"Radio Infinita Goya","article_publisher":"https:\/\/www.facebook.com\/p\/Infinita-Goya-100063870918311\/","article_published_time":"2025-09-08T19:34:25+00:00","og_image":[{"width":1280,"height":854,"url":"https:\/\/radioinfinitagoya.com.ar\/v1\/wp-content\/uploads\/2025\/09\/PUNTEROSPREFEDERAL1.jpg","type":"image\/jpeg"}],"author":"Jorge Mi\u00f1o","twitter_card":"summary_large_image","twitter_misc":{"Escrito por":"Jorge Mi\u00f1o","Tiempo de lectura":"4 minutos"},"schema":{"@context":"https:\/\/schema.org","@graph":[{"@type":"Article","@id":"https:\/\/radioinfinitagoya.com.ar\/v1\/2025\/09\/08\/amad-y-san-lorenzo-los-unicos-invictos-en-la-liga-pre-federal\/#article","isPartOf":{"@id":"https:\/\/radioinfinitagoya.com.ar\/v1\/2025\/09\/08\/amad-y-san-lorenzo-los-unicos-invictos-en-la-liga-pre-federal\/"},"author":{"name":"Jorge Mi\u00f1o","@id":"https:\/\/radioinfinitagoya.com.ar\/v1\/#\/schema\/person\/d4cf9c413d4f6edb24aabdccab49ca4a"},"headline":"Amad y San Lorenzo los \u00fanicos invictos en la Liga Pre-Federal","datePublished":"2025-09-08T19:34:25+00:00","mainEntityOfPage":{"@id":"https:\/\/radioinfinitagoya.com.ar\/v1\/2025\/09\/08\/amad-y-san-lorenzo-los-unicos-invictos-en-la-liga-pre-federal\/"},"wordCount":761,"publisher":{"@id":"https:\/\/radioinfinitagoya.com.ar\/v1\/#organization"},"image":{"@id":"https:\/\/radioinfinitagoya.com.ar\/v1\/2025\/09\/08\/amad-y-san-lorenzo-los-unicos-invictos-en-la-liga-pre-federal\/#primaryimage"},"thumbnailUrl":"https:\/\/radioinfinitagoya.com.ar\/v1\/wp-content\/uploads\/2025\/09\/PUNTEROSPREFEDERAL1.jpg","articleSection":["DEPORTES"],"inLanguage":"es-AR"},{"@type":"WebPage","@id":"https:\/\/radioinfinitagoya.com.ar\/v1\/2025\/09\/08\/amad-y-san-lorenzo-los-unicos-invictos-en-la-liga-pre-federal\/","url":"https:\/\/radioinfinitagoya.com.ar\/v1\/2025\/09\/08\/amad-y-san-lorenzo-los-unicos-invictos-en-la-liga-pre-federal\/","name":"Amad y San Lorenzo los \u00fanicos invictos en la Liga Pre-Federal - Radio Infinita Goya","isPartOf":{"@id":"https:\/\/radioinfinitagoya.com.ar\/v1\/#website"},"primaryImageOfPage":{"@id":"https:\/\/radioinfinitagoya.com.ar\/v1\/2025\/09\/08\/amad-y-san-lorenzo-los-unicos-invictos-en-la-liga-pre-federal\/#primaryimage"},"image":{"@id":"https:\/\/radioinfinitagoya.com.ar\/v1\/2025\/09\/08\/amad-y-san-lorenzo-los-unicos-invictos-en-la-liga-pre-federal\/#primaryimage"},"thumbnailUrl":"https:\/\/radioinfinitagoya.com.ar\/v1\/wp-content\/uploads\/2025\/09\/PUNTEROSPREFEDERAL1.jpg","datePublished":"2025-09-08T19:34:25+00:00","description":"Luego de un breve receso por las elecciones provinciales, este fin de semana volvi\u00f3 la acci\u00f3n en la Liga Pre-Federal organizada por la Federaci\u00f3n de la","breadcrumb":{"@id":"https:\/\/radioinfinitagoya.com.ar\/v1\/2025\/09\/08\/amad-y-san-lorenzo-los-unicos-invictos-en-la-liga-pre-federal\/#breadcrumb"},"inLanguage":"es-AR","potentialAction":[{"@type":"ReadAction","target":["https:\/\/radioinfinitagoya.com.ar\/v1\/2025\/09\/08\/amad-y-san-lorenzo-los-unicos-invictos-en-la-liga-pre-federal\/"]}]},{"@type":"ImageObject","inLanguage":"es-AR","@id":"https:\/\/radioinfinitagoya.com.ar\/v1\/2025\/09\/08\/amad-y-san-lorenzo-los-unicos-invictos-en-la-liga-pre-federal\/#primaryimage","url":"https:\/\/radioinfinitagoya.com.ar\/v1\/wp-content\/uploads\/2025\/09\/PUNTEROSPREFEDERAL1.jpg","contentUrl":"https:\/\/radioinfinitagoya.com.ar\/v1\/wp-content\/uploads\/2025\/09\/PUNTEROSPREFEDERAL1.jpg","width":1280,"height":854},{"@type":"BreadcrumbList","@id":"https:\/\/radioinfinitagoya.com.ar\/v1\/2025\/09\/08\/amad-y-san-lorenzo-los-unicos-invictos-en-la-liga-pre-federal\/#breadcrumb","itemListElement":[{"@type":"ListItem","position":1,"name":"Inicio","item":"https:\/\/radioinfinitagoya.com.ar\/v1\/"},{"@type":"ListItem","position":2,"name":"Amad y San Lorenzo los \u00fanicos invictos en la Liga Pre-Federal"}]},{"@type":"WebSite","@id":"https:\/\/radioinfinitagoya.com.ar\/v1\/#website","url":"https:\/\/radioinfinitagoya.com.ar\/v1\/","name":"radioinfinitagoya.com.ar","description":"Radio de noticias","publisher":{"@id":"https:\/\/radioinfinitagoya.com.ar\/v1\/#organization"},"potentialAction":[{"@type":"SearchAction","target":{"@type":"EntryPoint","urlTemplate":"https:\/\/radioinfinitagoya.com.ar\/v1\/?s={search_term_string}"},"query-input":{"@type":"PropertyValueSpecification","valueRequired":true,"valueName":"search_term_string"}}],"inLanguage":"es-AR"},{"@type":"Organization","@id":"https:\/\/radioinfinitagoya.com.ar\/v1\/#organization","name":"Radio Infinita Goya","url":"https:\/\/radioinfinitagoya.com.ar\/v1\/","logo":{"@type":"ImageObject","inLanguage":"es-AR","@id":"https:\/\/radioinfinitagoya.com.ar\/v1\/#\/schema\/logo\/image\/","url":"https:\/\/radioinfinitagoya.com.ar\/v1\/wp-content\/uploads\/2019\/11\/logo-pie-web.png","contentUrl":"https:\/\/radioinfinitagoya.com.ar\/v1\/wp-content\/uploads\/2019\/11\/logo-pie-web.png","width":635,"height":326,"caption":"Radio Infinita Goya"},"image":{"@id":"https:\/\/radioinfinitagoya.com.ar\/v1\/#\/schema\/logo\/image\/"},"sameAs":["https:\/\/www.facebook.com\/p\/Infinita-Goya-100063870918311\/"]},{"@type":"Person","@id":"https:\/\/radioinfinitagoya.com.ar\/v1\/#\/schema\/person\/d4cf9c413d4f6edb24aabdccab49ca4a","name":"Jorge Mi\u00f1o","image":{"@type":"ImageObject","inLanguage":"es-AR","@id":"https:\/\/secure.gravatar.com\/avatar\/910fcf6728fe95320e07a6643c1581fec1c7fc4bf8ae12e3d8f0d0373dc844be?s=96&d=mm&r=g","url":"https:\/\/secure.gravatar.com\/avatar\/910fcf6728fe95320e07a6643c1581fec1c7fc4bf8ae12e3d8f0d0373dc844be?s=96&d=mm&r=g","contentUrl":"https:\/\/secure.gravatar.com\/avatar\/910fcf6728fe95320e07a6643c1581fec1c7fc4bf8ae12e3d8f0d0373dc844be?s=96&d=mm&r=g","caption":"Jorge Mi\u00f1o"},"sameAs":["http:\/\/radioinfinitagoya.com.ar"]}]}},"_links":{"self":[{"href":"https:\/\/radioinfinitagoya.com.ar\/v1\/wp-json\/wp\/v2\/posts\/195589","targetHints":{"allow":["GET"]}}],"collection":[{"href":"https:\/\/radioinfinitagoya.com.ar\/v1\/wp-json\/wp\/v2\/posts"}],"about":[{"href":"https:\/\/radioinfinitagoya.com.ar\/v1\/wp-json\/wp\/v2\/types\/post"}],"author":[{"embeddable":true,"href":"https:\/\/radioinfinitagoya.com.ar\/v1\/wp-json\/wp\/v2\/users\/4"}],"replies":[{"embeddable":true,"href":"https:\/\/radioinfinitagoya.com.ar\/v1\/wp-json\/wp\/v2\/comments?post=195589"}],"version-history":[{"count":0,"href":"https:\/\/radioinfinitagoya.com.ar\/v1\/wp-json\/wp\/v2\/posts\/195589\/revisions"}],"wp:featuredmedia":[{"embeddable":true,"href":"https:\/\/radioinfinitagoya.com.ar\/v1\/wp-json\/wp\/v2\/media\/195590"}],"wp:attachment":[{"href":"https:\/\/radioinfinitagoya.com.ar\/v1\/wp-json\/wp\/v2\/media?parent=195589"}],"wp:term":[{"taxonomy":"category","embeddable":true,"href":"https:\/\/radioinfinitagoya.com.ar\/v1\/wp-json\/wp\/v2\/categories?post=195589"},{"taxonomy":"post_tag","embeddable":true,"href":"https:\/\/radioinfinitagoya.com.ar\/v1\/wp-json\/wp\/v2\/tags?post=195589"}],"curies":[{"name":"wp","href":"https:\/\/api.w.org\/{rel}","templated":true}]}}