{"id":195592,"date":"2025-09-08T16:38:51","date_gmt":"2025-09-08T19:38:51","guid":{"rendered":"https:\/\/radioinfinitagoya.com.ar\/v1\/?p=195592"},"modified":"2025-09-08T16:38:51","modified_gmt":"2025-09-08T19:38:51","slug":"la-preocupante-frase-de-flavio-briatore-sobre-alpine-tras-el-gp-de-italia-de-f1","status":"publish","type":"post","link":"https:\/\/radioinfinitagoya.com.ar\/v1\/2025\/09\/08\/la-preocupante-frase-de-flavio-briatore-sobre-alpine-tras-el-gp-de-italia-de-f1\/","title":{"rendered":"La preocupante frase de Flavio Briatore sobre Alpine tras el GP de Italia de F1"},"content":{"rendered":"<p>El asesor ejecutivo de la escuder\u00eda francesa analiz\u00f3 la carrera en Monza y lanz\u00f3 un alarmante diagn\u00f3stico sobre el presente del equipo<\/p>\n<p>Luego del Gran Premio de Italia de F\u00f3rmula 1, el asesor ejecutivo y hombre fuerte de Alpine, Flavio Briatore, analiz\u00f3 la labor de los pilotos, Franco Colapinto y Pierre Gasly, en una carrera que se llev\u00f3 a cabo en el Aut\u00f3dromo de Monza.<\/p>\n<p>Gasly cruz\u00f3 la meta en el 16\u00ba puesto y detr\u00e1s lleg\u00f3 Colapinto, que este fin de semana volvi\u00f3 a superar a su compa\u00f1ero en la clasificaci\u00f3n, ya que logr\u00f3 el 18\u00ba mejor registro con 1m19s992 contra el 19\u00ba del franc\u00e9s que marc\u00f3 1m20s103.<\/p>\n<p>En la competencia, los dos corredores de Alpine sufrieron la falta de potencia del motor Renault en la carrera m\u00e1s r\u00e1pida del a\u00f1o por las caracter\u00edsticas del trazado, con tres rectas largas y un curv\u00f3n como la Parab\u00f3lica que es el ingreso a la recta principal.<\/p>\n<p>\u201cNo fue nuestro mejor d\u00eda ni nuestro mejor resultado hoy en Monza, en un circuito que sab\u00edamos que no ser\u00eda muy favorable para nuestro equipo\u201d, asegur\u00f3 Briatore en el comunicado publicado por Alpine este domingo.<\/p>\n<p>Adem\u00e1s, ratific\u00f3 que no habr\u00e1 mejoras en los monoplazas, debido a que est\u00e1n focalizados en el desarrollo del a\u00f1o pr\u00f3ximo. &#8220;El coche actual es todo lo que tenemos disponible con nuestros dos pilotos para las carreras restantes, dado el enfoque en el desarrollo del coche para 2026\u2033, agreg\u00f3.<\/p>\n<p>Aunque de cara a lo que viene, el empresario italiano de 75 a\u00f1os dej\u00f3 una luz de esperanza: \u201cComo competidores, sabemos que algunos fines de semana ser\u00e1n dif\u00edciles, pero confiamos en el trabajo que se est\u00e1 realizando entre bastidores y confiamos en que se avecinan mejores d\u00edas para el equipo\u201d.<\/p>\n<p>Este domingo, los dos corredores de Alpine tuvieron estrategias diferentes, ya que Colapinto larg\u00f3 con gomas medias e hizo su parada en la vuelta 33\u00aa, cuando le colocaron neum\u00e1ticos duros, que son los que m\u00e1s tardan en degradarse. Con ese compuesto parti\u00f3 Gasly, que hizo su \u00fanica detenci\u00f3n en el 49\u00ba giro y le pusieron blandos. En la pen\u00faltima ronda, le ordenaron al argentino que lo deje pasar al franc\u00e9s, algo llamativo, ya que Pierre ven\u00eda con m\u00e1s ritmo debido a tener el compuesto que m\u00e1s r\u00e1pido toma adherencia y el caucho era m\u00e1s fresco que el de su compa\u00f1ero de equipo.<\/p>\n<p>La carrera italiana tuvo el triunfo de Max Verstappen a a bordo de su Red Bull. Lo escoltaron los pilotos de McLaren, Lando Norris y Oscar Piastri, quien lidera el campeonato.<\/p>\n<p>En cuanto al Campeonato Mundial de Constructores, McLaren se mantiene arriba y en el extremo de la tabla tambi\u00e9n sigue Alpine, que no puede levantar cabeza. La expectativa est\u00e1 puesta en los autos del reglamento 2026, que ser\u00e1n m\u00e1s chicos, al igual que sus neum\u00e1ticos, lo mismo que la erogaci\u00f3n de potencia del motor el\u00e9ctrico y el de combusti\u00f3n y combustibles sint\u00e9ticos para reducir la contaminaci\u00f3n. Adem\u00e1s, se dar\u00e1 la llegada de Mercedes como proveedor de impulsores. En ese contexto, Briatore anunci\u00f3 en mayo pasado que en 2026 Alpine podr\u00eda ganar carreras y en 2027 pelear por el t\u00edtulo.<\/p>\n<p>En la previa a este fin de semana, Alpine anunci\u00f3 la renovaci\u00f3n de Gasly hasta 2028 y Colapinto podr\u00eda tener su chance para 2026, seg\u00fan palabras del propio Briatore este s\u00e1bado en declaraciones a Sky.<\/p>\n<p>La pr\u00f3xima fecha ser\u00e1 el 21 de septiembre con el Gran Premio de Azerbaiy\u00e1n, en el circuito callejero de Bak\u00fa.<\/p>\n<p>&nbsp;<\/p>\n<p>&nbsp;<\/p>\n<p>&nbsp;<\/p>\n<p>&nbsp;<\/p>\n","protected":false},"excerpt":{"rendered":"<p>El asesor ejecutivo de la escuder\u00eda francesa analiz\u00f3 la carrera en Monza y lanz\u00f3 un alarmante diagn\u00f3stico sobre el presente del equipo Luego del Gran Premio de Italia de F\u00f3rmula 1, el asesor ejecutivo y hombre fuerte de Alpine, Flavio Briatore, analiz\u00f3 la labor de los pilotos, Franco Colapinto y Pierre Gasly, en una carrera [&hellip;]<\/p>\n","protected":false},"author":4,"featured_media":195593,"comment_status":"closed","ping_status":"closed","sticky":false,"template":"","format":"standard","meta":{"_joinchat":[],"footnotes":""},"categories":[28],"tags":[],"class_list":{"0":"post-195592","1":"post","2":"type-post","3":"status-publish","4":"format-standard","5":"has-post-thumbnail","7":"category-deportes"},"yoast_head":"<!-- This site is optimized with the Yoast SEO plugin v27.2 - https:\/\/yoast.com\/product\/yoast-seo-wordpress\/ -->\n<title>La preocupante frase de Flavio Briatore sobre Alpine tras el GP de Italia de F1 - Radio Infinita Goya<\/title>\n<meta name=\"description\" content=\"El asesor ejecutivo de la escuder\u00eda francesa analiz\u00f3 la carrera en Monza y lanz\u00f3 un alarmante diagn\u00f3stico sobre el presente del equipo Luego del Gran\" \/>\n<meta name=\"robots\" content=\"index, follow, max-snippet:-1, max-image-preview:large, max-video-preview:-1\" \/>\n<link rel=\"canonical\" href=\"https:\/\/radioinfinitagoya.com.ar\/v1\/2025\/09\/08\/la-preocupante-frase-de-flavio-briatore-sobre-alpine-tras-el-gp-de-italia-de-f1\/\" \/>\n<meta property=\"og:locale\" content=\"es_ES\" \/>\n<meta property=\"og:type\" content=\"article\" \/>\n<meta property=\"og:title\" content=\"La preocupante frase de Flavio Briatore sobre Alpine tras el GP de Italia de F1 - Radio Infinita Goya\" \/>\n<meta property=\"og:description\" content=\"El asesor ejecutivo de la escuder\u00eda francesa analiz\u00f3 la carrera en Monza y lanz\u00f3 un alarmante diagn\u00f3stico sobre el presente del equipo Luego del Gran\" \/>\n<meta property=\"og:url\" content=\"https:\/\/radioinfinitagoya.com.ar\/v1\/2025\/09\/08\/la-preocupante-frase-de-flavio-briatore-sobre-alpine-tras-el-gp-de-italia-de-f1\/\" \/>\n<meta property=\"og:site_name\" content=\"Radio Infinita Goya\" \/>\n<meta property=\"article:publisher\" content=\"https:\/\/www.facebook.com\/p\/Infinita-Goya-100063870918311\/\" \/>\n<meta property=\"article:published_time\" content=\"2025-09-08T19:38:51+00:00\" \/>\n<meta property=\"og:image\" content=\"https:\/\/radioinfinitagoya.com.ar\/v1\/wp-content\/uploads\/2025\/09\/i5fFKz9a.jpg\" \/>\n\t<meta property=\"og:image:width\" content=\"680\" \/>\n\t<meta property=\"og:image:height\" content=\"340\" \/>\n\t<meta property=\"og:image:type\" content=\"image\/jpeg\" \/>\n<meta name=\"author\" content=\"Jorge Mi\u00f1o\" \/>\n<meta name=\"twitter:card\" content=\"summary_large_image\" \/>\n<meta name=\"twitter:label1\" content=\"Escrito por\" \/>\n\t<meta name=\"twitter:data1\" content=\"Jorge Mi\u00f1o\" \/>\n\t<meta name=\"twitter:label2\" content=\"Tiempo de lectura\" \/>\n\t<meta name=\"twitter:data2\" content=\"3 minutos\" \/>\n<script type=\"application\/ld+json\" class=\"yoast-schema-graph\">{\"@context\":\"https:\/\/schema.org\",\"@graph\":[{\"@type\":\"Article\",\"@id\":\"https:\/\/radioinfinitagoya.com.ar\/v1\/2025\/09\/08\/la-preocupante-frase-de-flavio-briatore-sobre-alpine-tras-el-gp-de-italia-de-f1\/#article\",\"isPartOf\":{\"@id\":\"https:\/\/radioinfinitagoya.com.ar\/v1\/2025\/09\/08\/la-preocupante-frase-de-flavio-briatore-sobre-alpine-tras-el-gp-de-italia-de-f1\/\"},\"author\":{\"name\":\"Jorge Mi\u00f1o\",\"@id\":\"https:\/\/radioinfinitagoya.com.ar\/v1\/#\/schema\/person\/d4cf9c413d4f6edb24aabdccab49ca4a\"},\"headline\":\"La preocupante frase de Flavio Briatore sobre Alpine tras el GP de Italia de F1\",\"datePublished\":\"2025-09-08T19:38:51+00:00\",\"mainEntityOfPage\":{\"@id\":\"https:\/\/radioinfinitagoya.com.ar\/v1\/2025\/09\/08\/la-preocupante-frase-de-flavio-briatore-sobre-alpine-tras-el-gp-de-italia-de-f1\/\"},\"wordCount\":635,\"publisher\":{\"@id\":\"https:\/\/radioinfinitagoya.com.ar\/v1\/#organization\"},\"image\":{\"@id\":\"https:\/\/radioinfinitagoya.com.ar\/v1\/2025\/09\/08\/la-preocupante-frase-de-flavio-briatore-sobre-alpine-tras-el-gp-de-italia-de-f1\/#primaryimage\"},\"thumbnailUrl\":\"https:\/\/radioinfinitagoya.com.ar\/v1\/wp-content\/uploads\/2025\/09\/i5fFKz9a.jpg\",\"articleSection\":[\"DEPORTES\"],\"inLanguage\":\"es-AR\"},{\"@type\":\"WebPage\",\"@id\":\"https:\/\/radioinfinitagoya.com.ar\/v1\/2025\/09\/08\/la-preocupante-frase-de-flavio-briatore-sobre-alpine-tras-el-gp-de-italia-de-f1\/\",\"url\":\"https:\/\/radioinfinitagoya.com.ar\/v1\/2025\/09\/08\/la-preocupante-frase-de-flavio-briatore-sobre-alpine-tras-el-gp-de-italia-de-f1\/\",\"name\":\"La preocupante frase de Flavio Briatore sobre Alpine tras el GP de Italia de F1 - Radio Infinita Goya\",\"isPartOf\":{\"@id\":\"https:\/\/radioinfinitagoya.com.ar\/v1\/#website\"},\"primaryImageOfPage\":{\"@id\":\"https:\/\/radioinfinitagoya.com.ar\/v1\/2025\/09\/08\/la-preocupante-frase-de-flavio-briatore-sobre-alpine-tras-el-gp-de-italia-de-f1\/#primaryimage\"},\"image\":{\"@id\":\"https:\/\/radioinfinitagoya.com.ar\/v1\/2025\/09\/08\/la-preocupante-frase-de-flavio-briatore-sobre-alpine-tras-el-gp-de-italia-de-f1\/#primaryimage\"},\"thumbnailUrl\":\"https:\/\/radioinfinitagoya.com.ar\/v1\/wp-content\/uploads\/2025\/09\/i5fFKz9a.jpg\",\"datePublished\":\"2025-09-08T19:38:51+00:00\",\"description\":\"El asesor ejecutivo de la escuder\u00eda francesa analiz\u00f3 la carrera en Monza y lanz\u00f3 un alarmante diagn\u00f3stico sobre el presente del equipo Luego del Gran\",\"breadcrumb\":{\"@id\":\"https:\/\/radioinfinitagoya.com.ar\/v1\/2025\/09\/08\/la-preocupante-frase-de-flavio-briatore-sobre-alpine-tras-el-gp-de-italia-de-f1\/#breadcrumb\"},\"inLanguage\":\"es-AR\",\"potentialAction\":[{\"@type\":\"ReadAction\",\"target\":[\"https:\/\/radioinfinitagoya.com.ar\/v1\/2025\/09\/08\/la-preocupante-frase-de-flavio-briatore-sobre-alpine-tras-el-gp-de-italia-de-f1\/\"]}]},{\"@type\":\"ImageObject\",\"inLanguage\":\"es-AR\",\"@id\":\"https:\/\/radioinfinitagoya.com.ar\/v1\/2025\/09\/08\/la-preocupante-frase-de-flavio-briatore-sobre-alpine-tras-el-gp-de-italia-de-f1\/#primaryimage\",\"url\":\"https:\/\/radioinfinitagoya.com.ar\/v1\/wp-content\/uploads\/2025\/09\/i5fFKz9a.jpg\",\"contentUrl\":\"https:\/\/radioinfinitagoya.com.ar\/v1\/wp-content\/uploads\/2025\/09\/i5fFKz9a.jpg\",\"width\":680,\"height\":340},{\"@type\":\"BreadcrumbList\",\"@id\":\"https:\/\/radioinfinitagoya.com.ar\/v1\/2025\/09\/08\/la-preocupante-frase-de-flavio-briatore-sobre-alpine-tras-el-gp-de-italia-de-f1\/#breadcrumb\",\"itemListElement\":[{\"@type\":\"ListItem\",\"position\":1,\"name\":\"Inicio\",\"item\":\"https:\/\/radioinfinitagoya.com.ar\/v1\/\"},{\"@type\":\"ListItem\",\"position\":2,\"name\":\"La preocupante frase de Flavio Briatore sobre Alpine tras el GP de Italia de F1\"}]},{\"@type\":\"WebSite\",\"@id\":\"https:\/\/radioinfinitagoya.com.ar\/v1\/#website\",\"url\":\"https:\/\/radioinfinitagoya.com.ar\/v1\/\",\"name\":\"radioinfinitagoya.com.ar\",\"description\":\"Radio de noticias\",\"publisher\":{\"@id\":\"https:\/\/radioinfinitagoya.com.ar\/v1\/#organization\"},\"potentialAction\":[{\"@type\":\"SearchAction\",\"target\":{\"@type\":\"EntryPoint\",\"urlTemplate\":\"https:\/\/radioinfinitagoya.com.ar\/v1\/?s={search_term_string}\"},\"query-input\":{\"@type\":\"PropertyValueSpecification\",\"valueRequired\":true,\"valueName\":\"search_term_string\"}}],\"inLanguage\":\"es-AR\"},{\"@type\":\"Organization\",\"@id\":\"https:\/\/radioinfinitagoya.com.ar\/v1\/#organization\",\"name\":\"Radio Infinita Goya\",\"url\":\"https:\/\/radioinfinitagoya.com.ar\/v1\/\",\"logo\":{\"@type\":\"ImageObject\",\"inLanguage\":\"es-AR\",\"@id\":\"https:\/\/radioinfinitagoya.com.ar\/v1\/#\/schema\/logo\/image\/\",\"url\":\"https:\/\/radioinfinitagoya.com.ar\/v1\/wp-content\/uploads\/2019\/11\/logo-pie-web.png\",\"contentUrl\":\"https:\/\/radioinfinitagoya.com.ar\/v1\/wp-content\/uploads\/2019\/11\/logo-pie-web.png\",\"width\":635,\"height\":326,\"caption\":\"Radio Infinita Goya\"},\"image\":{\"@id\":\"https:\/\/radioinfinitagoya.com.ar\/v1\/#\/schema\/logo\/image\/\"},\"sameAs\":[\"https:\/\/www.facebook.com\/p\/Infinita-Goya-100063870918311\/\"]},{\"@type\":\"Person\",\"@id\":\"https:\/\/radioinfinitagoya.com.ar\/v1\/#\/schema\/person\/d4cf9c413d4f6edb24aabdccab49ca4a\",\"name\":\"Jorge Mi\u00f1o\",\"image\":{\"@type\":\"ImageObject\",\"inLanguage\":\"es-AR\",\"@id\":\"https:\/\/secure.gravatar.com\/avatar\/910fcf6728fe95320e07a6643c1581fec1c7fc4bf8ae12e3d8f0d0373dc844be?s=96&d=mm&r=g\",\"url\":\"https:\/\/secure.gravatar.com\/avatar\/910fcf6728fe95320e07a6643c1581fec1c7fc4bf8ae12e3d8f0d0373dc844be?s=96&d=mm&r=g\",\"contentUrl\":\"https:\/\/secure.gravatar.com\/avatar\/910fcf6728fe95320e07a6643c1581fec1c7fc4bf8ae12e3d8f0d0373dc844be?s=96&d=mm&r=g\",\"caption\":\"Jorge Mi\u00f1o\"},\"sameAs\":[\"http:\/\/radioinfinitagoya.com.ar\"]}]}<\/script>\n<!-- \/ Yoast SEO plugin. -->","yoast_head_json":{"title":"La preocupante frase de Flavio Briatore sobre Alpine tras el GP de Italia de F1 - Radio Infinita Goya","description":"El asesor ejecutivo de la escuder\u00eda francesa analiz\u00f3 la carrera en Monza y lanz\u00f3 un alarmante diagn\u00f3stico sobre el presente del equipo Luego del Gran","robots":{"index":"index","follow":"follow","max-snippet":"max-snippet:-1","max-image-preview":"max-image-preview:large","max-video-preview":"max-video-preview:-1"},"canonical":"https:\/\/radioinfinitagoya.com.ar\/v1\/2025\/09\/08\/la-preocupante-frase-de-flavio-briatore-sobre-alpine-tras-el-gp-de-italia-de-f1\/","og_locale":"es_ES","og_type":"article","og_title":"La preocupante frase de Flavio Briatore sobre Alpine tras el GP de Italia de F1 - Radio Infinita Goya","og_description":"El asesor ejecutivo de la escuder\u00eda francesa analiz\u00f3 la carrera en Monza y lanz\u00f3 un alarmante diagn\u00f3stico sobre el presente del equipo Luego del Gran","og_url":"https:\/\/radioinfinitagoya.com.ar\/v1\/2025\/09\/08\/la-preocupante-frase-de-flavio-briatore-sobre-alpine-tras-el-gp-de-italia-de-f1\/","og_site_name":"Radio Infinita Goya","article_publisher":"https:\/\/www.facebook.com\/p\/Infinita-Goya-100063870918311\/","article_published_time":"2025-09-08T19:38:51+00:00","og_image":[{"width":680,"height":340,"url":"https:\/\/radioinfinitagoya.com.ar\/v1\/wp-content\/uploads\/2025\/09\/i5fFKz9a.jpg","type":"image\/jpeg"}],"author":"Jorge Mi\u00f1o","twitter_card":"summary_large_image","twitter_misc":{"Escrito por":"Jorge Mi\u00f1o","Tiempo de lectura":"3 minutos"},"schema":{"@context":"https:\/\/schema.org","@graph":[{"@type":"Article","@id":"https:\/\/radioinfinitagoya.com.ar\/v1\/2025\/09\/08\/la-preocupante-frase-de-flavio-briatore-sobre-alpine-tras-el-gp-de-italia-de-f1\/#article","isPartOf":{"@id":"https:\/\/radioinfinitagoya.com.ar\/v1\/2025\/09\/08\/la-preocupante-frase-de-flavio-briatore-sobre-alpine-tras-el-gp-de-italia-de-f1\/"},"author":{"name":"Jorge Mi\u00f1o","@id":"https:\/\/radioinfinitagoya.com.ar\/v1\/#\/schema\/person\/d4cf9c413d4f6edb24aabdccab49ca4a"},"headline":"La preocupante frase de Flavio Briatore sobre Alpine tras el GP de Italia de F1","datePublished":"2025-09-08T19:38:51+00:00","mainEntityOfPage":{"@id":"https:\/\/radioinfinitagoya.com.ar\/v1\/2025\/09\/08\/la-preocupante-frase-de-flavio-briatore-sobre-alpine-tras-el-gp-de-italia-de-f1\/"},"wordCount":635,"publisher":{"@id":"https:\/\/radioinfinitagoya.com.ar\/v1\/#organization"},"image":{"@id":"https:\/\/radioinfinitagoya.com.ar\/v1\/2025\/09\/08\/la-preocupante-frase-de-flavio-briatore-sobre-alpine-tras-el-gp-de-italia-de-f1\/#primaryimage"},"thumbnailUrl":"https:\/\/radioinfinitagoya.com.ar\/v1\/wp-content\/uploads\/2025\/09\/i5fFKz9a.jpg","articleSection":["DEPORTES"],"inLanguage":"es-AR"},{"@type":"WebPage","@id":"https:\/\/radioinfinitagoya.com.ar\/v1\/2025\/09\/08\/la-preocupante-frase-de-flavio-briatore-sobre-alpine-tras-el-gp-de-italia-de-f1\/","url":"https:\/\/radioinfinitagoya.com.ar\/v1\/2025\/09\/08\/la-preocupante-frase-de-flavio-briatore-sobre-alpine-tras-el-gp-de-italia-de-f1\/","name":"La preocupante frase de Flavio Briatore sobre Alpine tras el GP de Italia de F1 - Radio Infinita Goya","isPartOf":{"@id":"https:\/\/radioinfinitagoya.com.ar\/v1\/#website"},"primaryImageOfPage":{"@id":"https:\/\/radioinfinitagoya.com.ar\/v1\/2025\/09\/08\/la-preocupante-frase-de-flavio-briatore-sobre-alpine-tras-el-gp-de-italia-de-f1\/#primaryimage"},"image":{"@id":"https:\/\/radioinfinitagoya.com.ar\/v1\/2025\/09\/08\/la-preocupante-frase-de-flavio-briatore-sobre-alpine-tras-el-gp-de-italia-de-f1\/#primaryimage"},"thumbnailUrl":"https:\/\/radioinfinitagoya.com.ar\/v1\/wp-content\/uploads\/2025\/09\/i5fFKz9a.jpg","datePublished":"2025-09-08T19:38:51+00:00","description":"El asesor ejecutivo de la escuder\u00eda francesa analiz\u00f3 la carrera en Monza y lanz\u00f3 un alarmante diagn\u00f3stico sobre el presente del equipo Luego del Gran","breadcrumb":{"@id":"https:\/\/radioinfinitagoya.com.ar\/v1\/2025\/09\/08\/la-preocupante-frase-de-flavio-briatore-sobre-alpine-tras-el-gp-de-italia-de-f1\/#breadcrumb"},"inLanguage":"es-AR","potentialAction":[{"@type":"ReadAction","target":["https:\/\/radioinfinitagoya.com.ar\/v1\/2025\/09\/08\/la-preocupante-frase-de-flavio-briatore-sobre-alpine-tras-el-gp-de-italia-de-f1\/"]}]},{"@type":"ImageObject","inLanguage":"es-AR","@id":"https:\/\/radioinfinitagoya.com.ar\/v1\/2025\/09\/08\/la-preocupante-frase-de-flavio-briatore-sobre-alpine-tras-el-gp-de-italia-de-f1\/#primaryimage","url":"https:\/\/radioinfinitagoya.com.ar\/v1\/wp-content\/uploads\/2025\/09\/i5fFKz9a.jpg","contentUrl":"https:\/\/radioinfinitagoya.com.ar\/v1\/wp-content\/uploads\/2025\/09\/i5fFKz9a.jpg","width":680,"height":340},{"@type":"BreadcrumbList","@id":"https:\/\/radioinfinitagoya.com.ar\/v1\/2025\/09\/08\/la-preocupante-frase-de-flavio-briatore-sobre-alpine-tras-el-gp-de-italia-de-f1\/#breadcrumb","itemListElement":[{"@type":"ListItem","position":1,"name":"Inicio","item":"https:\/\/radioinfinitagoya.com.ar\/v1\/"},{"@type":"ListItem","position":2,"name":"La preocupante frase de Flavio Briatore sobre Alpine tras el GP de Italia de F1"}]},{"@type":"WebSite","@id":"https:\/\/radioinfinitagoya.com.ar\/v1\/#website","url":"https:\/\/radioinfinitagoya.com.ar\/v1\/","name":"radioinfinitagoya.com.ar","description":"Radio de noticias","publisher":{"@id":"https:\/\/radioinfinitagoya.com.ar\/v1\/#organization"},"potentialAction":[{"@type":"SearchAction","target":{"@type":"EntryPoint","urlTemplate":"https:\/\/radioinfinitagoya.com.ar\/v1\/?s={search_term_string}"},"query-input":{"@type":"PropertyValueSpecification","valueRequired":true,"valueName":"search_term_string"}}],"inLanguage":"es-AR"},{"@type":"Organization","@id":"https:\/\/radioinfinitagoya.com.ar\/v1\/#organization","name":"Radio Infinita Goya","url":"https:\/\/radioinfinitagoya.com.ar\/v1\/","logo":{"@type":"ImageObject","inLanguage":"es-AR","@id":"https:\/\/radioinfinitagoya.com.ar\/v1\/#\/schema\/logo\/image\/","url":"https:\/\/radioinfinitagoya.com.ar\/v1\/wp-content\/uploads\/2019\/11\/logo-pie-web.png","contentUrl":"https:\/\/radioinfinitagoya.com.ar\/v1\/wp-content\/uploads\/2019\/11\/logo-pie-web.png","width":635,"height":326,"caption":"Radio Infinita Goya"},"image":{"@id":"https:\/\/radioinfinitagoya.com.ar\/v1\/#\/schema\/logo\/image\/"},"sameAs":["https:\/\/www.facebook.com\/p\/Infinita-Goya-100063870918311\/"]},{"@type":"Person","@id":"https:\/\/radioinfinitagoya.com.ar\/v1\/#\/schema\/person\/d4cf9c413d4f6edb24aabdccab49ca4a","name":"Jorge Mi\u00f1o","image":{"@type":"ImageObject","inLanguage":"es-AR","@id":"https:\/\/secure.gravatar.com\/avatar\/910fcf6728fe95320e07a6643c1581fec1c7fc4bf8ae12e3d8f0d0373dc844be?s=96&d=mm&r=g","url":"https:\/\/secure.gravatar.com\/avatar\/910fcf6728fe95320e07a6643c1581fec1c7fc4bf8ae12e3d8f0d0373dc844be?s=96&d=mm&r=g","contentUrl":"https:\/\/secure.gravatar.com\/avatar\/910fcf6728fe95320e07a6643c1581fec1c7fc4bf8ae12e3d8f0d0373dc844be?s=96&d=mm&r=g","caption":"Jorge Mi\u00f1o"},"sameAs":["http:\/\/radioinfinitagoya.com.ar"]}]}},"_links":{"self":[{"href":"https:\/\/radioinfinitagoya.com.ar\/v1\/wp-json\/wp\/v2\/posts\/195592","targetHints":{"allow":["GET"]}}],"collection":[{"href":"https:\/\/radioinfinitagoya.com.ar\/v1\/wp-json\/wp\/v2\/posts"}],"about":[{"href":"https:\/\/radioinfinitagoya.com.ar\/v1\/wp-json\/wp\/v2\/types\/post"}],"author":[{"embeddable":true,"href":"https:\/\/radioinfinitagoya.com.ar\/v1\/wp-json\/wp\/v2\/users\/4"}],"replies":[{"embeddable":true,"href":"https:\/\/radioinfinitagoya.com.ar\/v1\/wp-json\/wp\/v2\/comments?post=195592"}],"version-history":[{"count":0,"href":"https:\/\/radioinfinitagoya.com.ar\/v1\/wp-json\/wp\/v2\/posts\/195592\/revisions"}],"wp:featuredmedia":[{"embeddable":true,"href":"https:\/\/radioinfinitagoya.com.ar\/v1\/wp-json\/wp\/v2\/media\/195593"}],"wp:attachment":[{"href":"https:\/\/radioinfinitagoya.com.ar\/v1\/wp-json\/wp\/v2\/media?parent=195592"}],"wp:term":[{"taxonomy":"category","embeddable":true,"href":"https:\/\/radioinfinitagoya.com.ar\/v1\/wp-json\/wp\/v2\/categories?post=195592"},{"taxonomy":"post_tag","embeddable":true,"href":"https:\/\/radioinfinitagoya.com.ar\/v1\/wp-json\/wp\/v2\/tags?post=195592"}],"curies":[{"name":"wp","href":"https:\/\/api.w.org\/{rel}","templated":true}]}}