{"id":195637,"date":"2025-09-09T16:24:06","date_gmt":"2025-09-09T19:24:06","guid":{"rendered":"https:\/\/radioinfinitagoya.com.ar\/v1\/?p=195637"},"modified":"2025-09-09T16:25:58","modified_gmt":"2025-09-09T19:25:58","slug":"valdes-la-relacion-con-nacion-no-es-la-ideal-no-recibi-ningun-llamado-del-gobierno","status":"publish","type":"post","link":"https:\/\/radioinfinitagoya.com.ar\/v1\/2025\/09\/09\/valdes-la-relacion-con-nacion-no-es-la-ideal-no-recibi-ningun-llamado-del-gobierno\/","title":{"rendered":"Vald\u00e9s: \u201cLa relaci\u00f3n con Naci\u00f3n no es la ideal, no recib\u00ed ning\u00fan llamado del gobierno&#8221;"},"content":{"rendered":"<p>El mandatario provincial afirm\u00f3 que no recibi\u00f3 llamados del Ejecutivo nacional para iniciar negociaciones pol\u00edticas. El reclamo por medidas p\u00fablicas para las provincias.<\/p>\n<p>El gobernador de Corrientes, Gustavo Vald\u00e9s, expres\u00f3 este martes su preocupaci\u00f3n y reclam\u00f3 la falta de di\u00e1logo con el Gobierno nacional ante las necesidades de los correntinos y pol\u00edticas p\u00fablicas relacionadas al mercado regional.<\/p>\n<p>Asegur\u00f3 no haber recibido ning\u00fan llamado oficial para entablar negociaciones e hizo hincipi\u00e9 en la necesidad de la presencia de un Ministro del Interior que articule la relaci\u00f3n con los mandatarios provinciales.<\/p>\n<p>En este sentido, expres\u00f3 &#8220;No s\u00e9 si vamos a negociar. Yo no he tenido ni un solo llamado del Gobierno nacional&#8221;, dijo a radio Continental.<\/p>\n<p>Adem\u00e1s, agreg\u00f3 que el v\u00ednculo que la Naci\u00f3n tiene con las provincias no es la ideal. &#8220;Hoy nisiquiera existe un ministro del Interior con rango para dialogar con los gobernadores&#8221;, agreg\u00f3.<\/p>\n<p>Asimismo, se\u00f1al\u00f3 que &#8220;Corrientes tiene demandas concretas que requieren atenci\u00f3n, como obras de infraestructura y apoyo a pol\u00edticas productivos regionales. Queremos un di\u00e1logo sincero porque nosotros tenemos que representar a toda una provincia que tiene industria , producci\u00f3n, necesidades de rutas y caminos&#8221;.<\/p>\n<p>Como ejemplo, mencion\u00f3 el pedido para poder ingresar con recursos de los correntinos al acceso del puente internacional de Paso de los Libres, que conecta con Brasil. &#8220;Por ejemplo, nosotros hab\u00edamos pedido autorizaci\u00f3n para ingresar al puente de Paso de los Libres con plata de los correntinos, para poder mejorar toda la infraestructura de ingreso a la Rep\u00fablica Argentina, incluso lo \u00edbamos a hacer con recursos propios de los correntino y no tuvimos una respuesta positiva&#8221;, lament\u00f3.<\/p>\n<p>Reuniones entre gobernadores<\/p>\n<p>En otra parte del discurso, Vald\u00e9s anticip\u00f3 que varios gobernadores provinciales est\u00e1n organizando para este viernes en R\u00edo Cuarto de C\u00f3rdoba nuevas instancias de trabajo conjunto para profundizar sus planteos ante la Naci\u00f3n. \u201cVamos a tener un par de reuniones donde vamos a trabajar m\u00e1s en profundidad lo que necesitamos como provincias para mejorar la situaci\u00f3n\u201d, adelant\u00f3.<\/p>\n<p>Tambi\u00e9n subray\u00f3 la importancia de que los representantes legislativos respondan a los intereses locales. \u201cCorrientes debe poner sus propios diputados. No pueden venir desde Buenos Aires a votar en nombre de la provincia\u201d, sostuvo.<\/p>\n<p>Cr\u00edticas al enfoque pol\u00edtico<br \/>\nEl mandatario provincial tambi\u00e9n se refiri\u00f3 al contexto nacional y al rol del Ejecutivo en la escena pol\u00edtica. Afirm\u00f3 que el Pacto de Mayo fue \u201cunilateral\u201d y que no represent\u00f3 una instancia real de discusi\u00f3n entre Naci\u00f3n y provincias. \u201cFue solo una foto\u201d, opin\u00f3.<\/p>\n<p>Adem\u00e1s, cuestion\u00f3 el veto presidencial a la Ley de Emergencia en Discapacidad, al considerar que gener\u00f3 malestar en distintos sectores sociales. \u201cLos ciudadanos est\u00e1n mirando mucho el escenario nacional, y adem\u00e1s, est\u00e1n m\u00e1s ajustados para llegar a fin de mes y eso repercuti\u00f3 en las urnas de Buenos Aires\u201d, indic\u00f3.<\/p>\n<p>Vald\u00e9s insisti\u00f3 en que el Gobierno nacional debe ampliar su mirada m\u00e1s all\u00e1 de la pol\u00edtica econ\u00f3mica. \u201cTiene que comenzar a dialogar con los gobernadores y mirar m\u00e1s los aspectos pol\u00edicos\u201d, concluy\u00f3.<\/p>\n","protected":false},"excerpt":{"rendered":"<p>El mandatario provincial afirm\u00f3 que no recibi\u00f3 llamados del Ejecutivo nacional para iniciar negociaciones pol\u00edticas. El reclamo por medidas p\u00fablicas para las provincias. El gobernador de Corrientes, Gustavo Vald\u00e9s, expres\u00f3 este martes su preocupaci\u00f3n y reclam\u00f3 la falta de di\u00e1logo con el Gobierno nacional ante las necesidades de los correntinos y pol\u00edticas p\u00fablicas relacionadas al [&hellip;]<\/p>\n","protected":false},"author":4,"featured_media":195638,"comment_status":"closed","ping_status":"closed","sticky":false,"template":"","format":"standard","meta":{"_joinchat":[],"footnotes":""},"categories":[34,1],"tags":[],"class_list":{"0":"post-195637","1":"post","2":"type-post","3":"status-publish","4":"format-standard","5":"has-post-thumbnail","7":"category-principal","8":"category-sin-categoria"},"yoast_head":"<!-- This site is optimized with the Yoast SEO plugin v27.2 - https:\/\/yoast.com\/product\/yoast-seo-wordpress\/ -->\n<title>Vald\u00e9s: \u201cLa relaci\u00f3n con Naci\u00f3n no es la ideal, no recib\u00ed ning\u00fan llamado del gobierno&quot; - Radio Infinita Goya<\/title>\n<meta name=\"description\" content=\"El mandatario provincial afirm\u00f3 que no recibi\u00f3 llamados del Ejecutivo nacional para iniciar negociaciones pol\u00edticas. El reclamo por medidas p\u00fablicas para\" \/>\n<meta name=\"robots\" content=\"index, follow, max-snippet:-1, max-image-preview:large, max-video-preview:-1\" \/>\n<link rel=\"canonical\" href=\"https:\/\/radioinfinitagoya.com.ar\/v1\/2025\/09\/09\/valdes-la-relacion-con-nacion-no-es-la-ideal-no-recibi-ningun-llamado-del-gobierno\/\" \/>\n<meta property=\"og:locale\" content=\"es_ES\" \/>\n<meta property=\"og:type\" content=\"article\" \/>\n<meta property=\"og:title\" content=\"Vald\u00e9s: \u201cLa relaci\u00f3n con Naci\u00f3n no es la ideal, no recib\u00ed ning\u00fan llamado del gobierno&quot; - Radio Infinita Goya\" \/>\n<meta property=\"og:description\" content=\"El mandatario provincial afirm\u00f3 que no recibi\u00f3 llamados del Ejecutivo nacional para iniciar negociaciones pol\u00edticas. El reclamo por medidas p\u00fablicas para\" \/>\n<meta property=\"og:url\" content=\"https:\/\/radioinfinitagoya.com.ar\/v1\/2025\/09\/09\/valdes-la-relacion-con-nacion-no-es-la-ideal-no-recibi-ningun-llamado-del-gobierno\/\" \/>\n<meta property=\"og:site_name\" content=\"Radio Infinita Goya\" \/>\n<meta property=\"article:publisher\" content=\"https:\/\/www.facebook.com\/p\/Infinita-Goya-100063870918311\/\" \/>\n<meta property=\"article:published_time\" content=\"2025-09-09T19:24:06+00:00\" \/>\n<meta property=\"article:modified_time\" content=\"2025-09-09T19:25:58+00:00\" \/>\n<meta property=\"og:image\" content=\"https:\/\/radioinfinitagoya.com.ar\/v1\/wp-content\/uploads\/2025\/09\/GJ1-_5yWgAAS9OF.jpg\" \/>\n\t<meta property=\"og:image:width\" content=\"680\" \/>\n\t<meta property=\"og:image:height\" content=\"510\" \/>\n\t<meta property=\"og:image:type\" content=\"image\/jpeg\" \/>\n<meta name=\"author\" content=\"Jorge Mi\u00f1o\" \/>\n<meta name=\"twitter:card\" content=\"summary_large_image\" \/>\n<meta name=\"twitter:label1\" content=\"Escrito por\" \/>\n\t<meta name=\"twitter:data1\" content=\"Jorge Mi\u00f1o\" \/>\n\t<meta name=\"twitter:label2\" content=\"Tiempo de lectura\" \/>\n\t<meta name=\"twitter:data2\" content=\"3 minutos\" \/>\n<script type=\"application\/ld+json\" class=\"yoast-schema-graph\">{\"@context\":\"https:\/\/schema.org\",\"@graph\":[{\"@type\":\"Article\",\"@id\":\"https:\/\/radioinfinitagoya.com.ar\/v1\/2025\/09\/09\/valdes-la-relacion-con-nacion-no-es-la-ideal-no-recibi-ningun-llamado-del-gobierno\/#article\",\"isPartOf\":{\"@id\":\"https:\/\/radioinfinitagoya.com.ar\/v1\/2025\/09\/09\/valdes-la-relacion-con-nacion-no-es-la-ideal-no-recibi-ningun-llamado-del-gobierno\/\"},\"author\":{\"name\":\"Jorge Mi\u00f1o\",\"@id\":\"https:\/\/radioinfinitagoya.com.ar\/v1\/#\/schema\/person\/d4cf9c413d4f6edb24aabdccab49ca4a\"},\"headline\":\"Vald\u00e9s: \u201cLa relaci\u00f3n con Naci\u00f3n no es la ideal, no recib\u00ed ning\u00fan llamado del gobierno&#8221;\",\"datePublished\":\"2025-09-09T19:24:06+00:00\",\"dateModified\":\"2025-09-09T19:25:58+00:00\",\"mainEntityOfPage\":{\"@id\":\"https:\/\/radioinfinitagoya.com.ar\/v1\/2025\/09\/09\/valdes-la-relacion-con-nacion-no-es-la-ideal-no-recibi-ningun-llamado-del-gobierno\/\"},\"wordCount\":552,\"publisher\":{\"@id\":\"https:\/\/radioinfinitagoya.com.ar\/v1\/#organization\"},\"image\":{\"@id\":\"https:\/\/radioinfinitagoya.com.ar\/v1\/2025\/09\/09\/valdes-la-relacion-con-nacion-no-es-la-ideal-no-recibi-ningun-llamado-del-gobierno\/#primaryimage\"},\"thumbnailUrl\":\"https:\/\/radioinfinitagoya.com.ar\/v1\/wp-content\/uploads\/2025\/09\/GJ1-_5yWgAAS9OF.jpg\",\"articleSection\":[\"PRINCIPAL\"],\"inLanguage\":\"es-AR\"},{\"@type\":\"WebPage\",\"@id\":\"https:\/\/radioinfinitagoya.com.ar\/v1\/2025\/09\/09\/valdes-la-relacion-con-nacion-no-es-la-ideal-no-recibi-ningun-llamado-del-gobierno\/\",\"url\":\"https:\/\/radioinfinitagoya.com.ar\/v1\/2025\/09\/09\/valdes-la-relacion-con-nacion-no-es-la-ideal-no-recibi-ningun-llamado-del-gobierno\/\",\"name\":\"Vald\u00e9s: \u201cLa relaci\u00f3n con Naci\u00f3n no es la ideal, no recib\u00ed ning\u00fan llamado del gobierno\\\" - Radio Infinita Goya\",\"isPartOf\":{\"@id\":\"https:\/\/radioinfinitagoya.com.ar\/v1\/#website\"},\"primaryImageOfPage\":{\"@id\":\"https:\/\/radioinfinitagoya.com.ar\/v1\/2025\/09\/09\/valdes-la-relacion-con-nacion-no-es-la-ideal-no-recibi-ningun-llamado-del-gobierno\/#primaryimage\"},\"image\":{\"@id\":\"https:\/\/radioinfinitagoya.com.ar\/v1\/2025\/09\/09\/valdes-la-relacion-con-nacion-no-es-la-ideal-no-recibi-ningun-llamado-del-gobierno\/#primaryimage\"},\"thumbnailUrl\":\"https:\/\/radioinfinitagoya.com.ar\/v1\/wp-content\/uploads\/2025\/09\/GJ1-_5yWgAAS9OF.jpg\",\"datePublished\":\"2025-09-09T19:24:06+00:00\",\"dateModified\":\"2025-09-09T19:25:58+00:00\",\"description\":\"El mandatario provincial afirm\u00f3 que no recibi\u00f3 llamados del Ejecutivo nacional para iniciar negociaciones pol\u00edticas. El reclamo por medidas p\u00fablicas para\",\"breadcrumb\":{\"@id\":\"https:\/\/radioinfinitagoya.com.ar\/v1\/2025\/09\/09\/valdes-la-relacion-con-nacion-no-es-la-ideal-no-recibi-ningun-llamado-del-gobierno\/#breadcrumb\"},\"inLanguage\":\"es-AR\",\"potentialAction\":[{\"@type\":\"ReadAction\",\"target\":[\"https:\/\/radioinfinitagoya.com.ar\/v1\/2025\/09\/09\/valdes-la-relacion-con-nacion-no-es-la-ideal-no-recibi-ningun-llamado-del-gobierno\/\"]}]},{\"@type\":\"ImageObject\",\"inLanguage\":\"es-AR\",\"@id\":\"https:\/\/radioinfinitagoya.com.ar\/v1\/2025\/09\/09\/valdes-la-relacion-con-nacion-no-es-la-ideal-no-recibi-ningun-llamado-del-gobierno\/#primaryimage\",\"url\":\"https:\/\/radioinfinitagoya.com.ar\/v1\/wp-content\/uploads\/2025\/09\/GJ1-_5yWgAAS9OF.jpg\",\"contentUrl\":\"https:\/\/radioinfinitagoya.com.ar\/v1\/wp-content\/uploads\/2025\/09\/GJ1-_5yWgAAS9OF.jpg\",\"width\":680,\"height\":510},{\"@type\":\"BreadcrumbList\",\"@id\":\"https:\/\/radioinfinitagoya.com.ar\/v1\/2025\/09\/09\/valdes-la-relacion-con-nacion-no-es-la-ideal-no-recibi-ningun-llamado-del-gobierno\/#breadcrumb\",\"itemListElement\":[{\"@type\":\"ListItem\",\"position\":1,\"name\":\"Inicio\",\"item\":\"https:\/\/radioinfinitagoya.com.ar\/v1\/\"},{\"@type\":\"ListItem\",\"position\":2,\"name\":\"Vald\u00e9s: \u201cLa relaci\u00f3n con Naci\u00f3n no es la ideal, no recib\u00ed ning\u00fan llamado del gobierno&#8221;\"}]},{\"@type\":\"WebSite\",\"@id\":\"https:\/\/radioinfinitagoya.com.ar\/v1\/#website\",\"url\":\"https:\/\/radioinfinitagoya.com.ar\/v1\/\",\"name\":\"radioinfinitagoya.com.ar\",\"description\":\"Radio de noticias\",\"publisher\":{\"@id\":\"https:\/\/radioinfinitagoya.com.ar\/v1\/#organization\"},\"potentialAction\":[{\"@type\":\"SearchAction\",\"target\":{\"@type\":\"EntryPoint\",\"urlTemplate\":\"https:\/\/radioinfinitagoya.com.ar\/v1\/?s={search_term_string}\"},\"query-input\":{\"@type\":\"PropertyValueSpecification\",\"valueRequired\":true,\"valueName\":\"search_term_string\"}}],\"inLanguage\":\"es-AR\"},{\"@type\":\"Organization\",\"@id\":\"https:\/\/radioinfinitagoya.com.ar\/v1\/#organization\",\"name\":\"Radio Infinita Goya\",\"url\":\"https:\/\/radioinfinitagoya.com.ar\/v1\/\",\"logo\":{\"@type\":\"ImageObject\",\"inLanguage\":\"es-AR\",\"@id\":\"https:\/\/radioinfinitagoya.com.ar\/v1\/#\/schema\/logo\/image\/\",\"url\":\"https:\/\/radioinfinitagoya.com.ar\/v1\/wp-content\/uploads\/2019\/11\/logo-pie-web.png\",\"contentUrl\":\"https:\/\/radioinfinitagoya.com.ar\/v1\/wp-content\/uploads\/2019\/11\/logo-pie-web.png\",\"width\":635,\"height\":326,\"caption\":\"Radio Infinita Goya\"},\"image\":{\"@id\":\"https:\/\/radioinfinitagoya.com.ar\/v1\/#\/schema\/logo\/image\/\"},\"sameAs\":[\"https:\/\/www.facebook.com\/p\/Infinita-Goya-100063870918311\/\"]},{\"@type\":\"Person\",\"@id\":\"https:\/\/radioinfinitagoya.com.ar\/v1\/#\/schema\/person\/d4cf9c413d4f6edb24aabdccab49ca4a\",\"name\":\"Jorge Mi\u00f1o\",\"image\":{\"@type\":\"ImageObject\",\"inLanguage\":\"es-AR\",\"@id\":\"https:\/\/secure.gravatar.com\/avatar\/910fcf6728fe95320e07a6643c1581fec1c7fc4bf8ae12e3d8f0d0373dc844be?s=96&d=mm&r=g\",\"url\":\"https:\/\/secure.gravatar.com\/avatar\/910fcf6728fe95320e07a6643c1581fec1c7fc4bf8ae12e3d8f0d0373dc844be?s=96&d=mm&r=g\",\"contentUrl\":\"https:\/\/secure.gravatar.com\/avatar\/910fcf6728fe95320e07a6643c1581fec1c7fc4bf8ae12e3d8f0d0373dc844be?s=96&d=mm&r=g\",\"caption\":\"Jorge Mi\u00f1o\"},\"sameAs\":[\"http:\/\/radioinfinitagoya.com.ar\"]}]}<\/script>\n<!-- \/ Yoast SEO plugin. -->","yoast_head_json":{"title":"Vald\u00e9s: \u201cLa relaci\u00f3n con Naci\u00f3n no es la ideal, no recib\u00ed ning\u00fan llamado del gobierno\" - Radio Infinita Goya","description":"El mandatario provincial afirm\u00f3 que no recibi\u00f3 llamados del Ejecutivo nacional para iniciar negociaciones pol\u00edticas. El reclamo por medidas p\u00fablicas para","robots":{"index":"index","follow":"follow","max-snippet":"max-snippet:-1","max-image-preview":"max-image-preview:large","max-video-preview":"max-video-preview:-1"},"canonical":"https:\/\/radioinfinitagoya.com.ar\/v1\/2025\/09\/09\/valdes-la-relacion-con-nacion-no-es-la-ideal-no-recibi-ningun-llamado-del-gobierno\/","og_locale":"es_ES","og_type":"article","og_title":"Vald\u00e9s: \u201cLa relaci\u00f3n con Naci\u00f3n no es la ideal, no recib\u00ed ning\u00fan llamado del gobierno\" - Radio Infinita Goya","og_description":"El mandatario provincial afirm\u00f3 que no recibi\u00f3 llamados del Ejecutivo nacional para iniciar negociaciones pol\u00edticas. El reclamo por medidas p\u00fablicas para","og_url":"https:\/\/radioinfinitagoya.com.ar\/v1\/2025\/09\/09\/valdes-la-relacion-con-nacion-no-es-la-ideal-no-recibi-ningun-llamado-del-gobierno\/","og_site_name":"Radio Infinita Goya","article_publisher":"https:\/\/www.facebook.com\/p\/Infinita-Goya-100063870918311\/","article_published_time":"2025-09-09T19:24:06+00:00","article_modified_time":"2025-09-09T19:25:58+00:00","og_image":[{"width":680,"height":510,"url":"https:\/\/radioinfinitagoya.com.ar\/v1\/wp-content\/uploads\/2025\/09\/GJ1-_5yWgAAS9OF.jpg","type":"image\/jpeg"}],"author":"Jorge Mi\u00f1o","twitter_card":"summary_large_image","twitter_misc":{"Escrito por":"Jorge Mi\u00f1o","Tiempo de lectura":"3 minutos"},"schema":{"@context":"https:\/\/schema.org","@graph":[{"@type":"Article","@id":"https:\/\/radioinfinitagoya.com.ar\/v1\/2025\/09\/09\/valdes-la-relacion-con-nacion-no-es-la-ideal-no-recibi-ningun-llamado-del-gobierno\/#article","isPartOf":{"@id":"https:\/\/radioinfinitagoya.com.ar\/v1\/2025\/09\/09\/valdes-la-relacion-con-nacion-no-es-la-ideal-no-recibi-ningun-llamado-del-gobierno\/"},"author":{"name":"Jorge Mi\u00f1o","@id":"https:\/\/radioinfinitagoya.com.ar\/v1\/#\/schema\/person\/d4cf9c413d4f6edb24aabdccab49ca4a"},"headline":"Vald\u00e9s: \u201cLa relaci\u00f3n con Naci\u00f3n no es la ideal, no recib\u00ed ning\u00fan llamado del gobierno&#8221;","datePublished":"2025-09-09T19:24:06+00:00","dateModified":"2025-09-09T19:25:58+00:00","mainEntityOfPage":{"@id":"https:\/\/radioinfinitagoya.com.ar\/v1\/2025\/09\/09\/valdes-la-relacion-con-nacion-no-es-la-ideal-no-recibi-ningun-llamado-del-gobierno\/"},"wordCount":552,"publisher":{"@id":"https:\/\/radioinfinitagoya.com.ar\/v1\/#organization"},"image":{"@id":"https:\/\/radioinfinitagoya.com.ar\/v1\/2025\/09\/09\/valdes-la-relacion-con-nacion-no-es-la-ideal-no-recibi-ningun-llamado-del-gobierno\/#primaryimage"},"thumbnailUrl":"https:\/\/radioinfinitagoya.com.ar\/v1\/wp-content\/uploads\/2025\/09\/GJ1-_5yWgAAS9OF.jpg","articleSection":["PRINCIPAL"],"inLanguage":"es-AR"},{"@type":"WebPage","@id":"https:\/\/radioinfinitagoya.com.ar\/v1\/2025\/09\/09\/valdes-la-relacion-con-nacion-no-es-la-ideal-no-recibi-ningun-llamado-del-gobierno\/","url":"https:\/\/radioinfinitagoya.com.ar\/v1\/2025\/09\/09\/valdes-la-relacion-con-nacion-no-es-la-ideal-no-recibi-ningun-llamado-del-gobierno\/","name":"Vald\u00e9s: \u201cLa relaci\u00f3n con Naci\u00f3n no es la ideal, no recib\u00ed ning\u00fan llamado del gobierno\" - Radio Infinita Goya","isPartOf":{"@id":"https:\/\/radioinfinitagoya.com.ar\/v1\/#website"},"primaryImageOfPage":{"@id":"https:\/\/radioinfinitagoya.com.ar\/v1\/2025\/09\/09\/valdes-la-relacion-con-nacion-no-es-la-ideal-no-recibi-ningun-llamado-del-gobierno\/#primaryimage"},"image":{"@id":"https:\/\/radioinfinitagoya.com.ar\/v1\/2025\/09\/09\/valdes-la-relacion-con-nacion-no-es-la-ideal-no-recibi-ningun-llamado-del-gobierno\/#primaryimage"},"thumbnailUrl":"https:\/\/radioinfinitagoya.com.ar\/v1\/wp-content\/uploads\/2025\/09\/GJ1-_5yWgAAS9OF.jpg","datePublished":"2025-09-09T19:24:06+00:00","dateModified":"2025-09-09T19:25:58+00:00","description":"El mandatario provincial afirm\u00f3 que no recibi\u00f3 llamados del Ejecutivo nacional para iniciar negociaciones pol\u00edticas. El reclamo por medidas p\u00fablicas para","breadcrumb":{"@id":"https:\/\/radioinfinitagoya.com.ar\/v1\/2025\/09\/09\/valdes-la-relacion-con-nacion-no-es-la-ideal-no-recibi-ningun-llamado-del-gobierno\/#breadcrumb"},"inLanguage":"es-AR","potentialAction":[{"@type":"ReadAction","target":["https:\/\/radioinfinitagoya.com.ar\/v1\/2025\/09\/09\/valdes-la-relacion-con-nacion-no-es-la-ideal-no-recibi-ningun-llamado-del-gobierno\/"]}]},{"@type":"ImageObject","inLanguage":"es-AR","@id":"https:\/\/radioinfinitagoya.com.ar\/v1\/2025\/09\/09\/valdes-la-relacion-con-nacion-no-es-la-ideal-no-recibi-ningun-llamado-del-gobierno\/#primaryimage","url":"https:\/\/radioinfinitagoya.com.ar\/v1\/wp-content\/uploads\/2025\/09\/GJ1-_5yWgAAS9OF.jpg","contentUrl":"https:\/\/radioinfinitagoya.com.ar\/v1\/wp-content\/uploads\/2025\/09\/GJ1-_5yWgAAS9OF.jpg","width":680,"height":510},{"@type":"BreadcrumbList","@id":"https:\/\/radioinfinitagoya.com.ar\/v1\/2025\/09\/09\/valdes-la-relacion-con-nacion-no-es-la-ideal-no-recibi-ningun-llamado-del-gobierno\/#breadcrumb","itemListElement":[{"@type":"ListItem","position":1,"name":"Inicio","item":"https:\/\/radioinfinitagoya.com.ar\/v1\/"},{"@type":"ListItem","position":2,"name":"Vald\u00e9s: \u201cLa relaci\u00f3n con Naci\u00f3n no es la ideal, no recib\u00ed ning\u00fan llamado del gobierno&#8221;"}]},{"@type":"WebSite","@id":"https:\/\/radioinfinitagoya.com.ar\/v1\/#website","url":"https:\/\/radioinfinitagoya.com.ar\/v1\/","name":"radioinfinitagoya.com.ar","description":"Radio de noticias","publisher":{"@id":"https:\/\/radioinfinitagoya.com.ar\/v1\/#organization"},"potentialAction":[{"@type":"SearchAction","target":{"@type":"EntryPoint","urlTemplate":"https:\/\/radioinfinitagoya.com.ar\/v1\/?s={search_term_string}"},"query-input":{"@type":"PropertyValueSpecification","valueRequired":true,"valueName":"search_term_string"}}],"inLanguage":"es-AR"},{"@type":"Organization","@id":"https:\/\/radioinfinitagoya.com.ar\/v1\/#organization","name":"Radio Infinita Goya","url":"https:\/\/radioinfinitagoya.com.ar\/v1\/","logo":{"@type":"ImageObject","inLanguage":"es-AR","@id":"https:\/\/radioinfinitagoya.com.ar\/v1\/#\/schema\/logo\/image\/","url":"https:\/\/radioinfinitagoya.com.ar\/v1\/wp-content\/uploads\/2019\/11\/logo-pie-web.png","contentUrl":"https:\/\/radioinfinitagoya.com.ar\/v1\/wp-content\/uploads\/2019\/11\/logo-pie-web.png","width":635,"height":326,"caption":"Radio Infinita Goya"},"image":{"@id":"https:\/\/radioinfinitagoya.com.ar\/v1\/#\/schema\/logo\/image\/"},"sameAs":["https:\/\/www.facebook.com\/p\/Infinita-Goya-100063870918311\/"]},{"@type":"Person","@id":"https:\/\/radioinfinitagoya.com.ar\/v1\/#\/schema\/person\/d4cf9c413d4f6edb24aabdccab49ca4a","name":"Jorge Mi\u00f1o","image":{"@type":"ImageObject","inLanguage":"es-AR","@id":"https:\/\/secure.gravatar.com\/avatar\/910fcf6728fe95320e07a6643c1581fec1c7fc4bf8ae12e3d8f0d0373dc844be?s=96&d=mm&r=g","url":"https:\/\/secure.gravatar.com\/avatar\/910fcf6728fe95320e07a6643c1581fec1c7fc4bf8ae12e3d8f0d0373dc844be?s=96&d=mm&r=g","contentUrl":"https:\/\/secure.gravatar.com\/avatar\/910fcf6728fe95320e07a6643c1581fec1c7fc4bf8ae12e3d8f0d0373dc844be?s=96&d=mm&r=g","caption":"Jorge Mi\u00f1o"},"sameAs":["http:\/\/radioinfinitagoya.com.ar"]}]}},"_links":{"self":[{"href":"https:\/\/radioinfinitagoya.com.ar\/v1\/wp-json\/wp\/v2\/posts\/195637","targetHints":{"allow":["GET"]}}],"collection":[{"href":"https:\/\/radioinfinitagoya.com.ar\/v1\/wp-json\/wp\/v2\/posts"}],"about":[{"href":"https:\/\/radioinfinitagoya.com.ar\/v1\/wp-json\/wp\/v2\/types\/post"}],"author":[{"embeddable":true,"href":"https:\/\/radioinfinitagoya.com.ar\/v1\/wp-json\/wp\/v2\/users\/4"}],"replies":[{"embeddable":true,"href":"https:\/\/radioinfinitagoya.com.ar\/v1\/wp-json\/wp\/v2\/comments?post=195637"}],"version-history":[{"count":0,"href":"https:\/\/radioinfinitagoya.com.ar\/v1\/wp-json\/wp\/v2\/posts\/195637\/revisions"}],"wp:featuredmedia":[{"embeddable":true,"href":"https:\/\/radioinfinitagoya.com.ar\/v1\/wp-json\/wp\/v2\/media\/195638"}],"wp:attachment":[{"href":"https:\/\/radioinfinitagoya.com.ar\/v1\/wp-json\/wp\/v2\/media?parent=195637"}],"wp:term":[{"taxonomy":"category","embeddable":true,"href":"https:\/\/radioinfinitagoya.com.ar\/v1\/wp-json\/wp\/v2\/categories?post=195637"},{"taxonomy":"post_tag","embeddable":true,"href":"https:\/\/radioinfinitagoya.com.ar\/v1\/wp-json\/wp\/v2\/tags?post=195637"}],"curies":[{"name":"wp","href":"https:\/\/api.w.org\/{rel}","templated":true}]}}