{"id":195667,"date":"2025-09-10T15:49:32","date_gmt":"2025-09-10T18:49:32","guid":{"rendered":"https:\/\/radioinfinitagoya.com.ar\/v1\/?p=195667"},"modified":"2025-09-10T15:49:32","modified_gmt":"2025-09-10T18:49:32","slug":"el-presidente-designo-como-nuevo-ministro-del-interior-a-lisandro-catalan","status":"publish","type":"post","link":"https:\/\/radioinfinitagoya.com.ar\/v1\/2025\/09\/10\/el-presidente-designo-como-nuevo-ministro-del-interior-a-lisandro-catalan\/","title":{"rendered":"El Presidente design\u00f3 como nuevo ministro del Interior a Lisandro Catal\u00e1n"},"content":{"rendered":"<p>La decisi\u00f3n fue oficializada en Casa Rosada durante una reuni\u00f3n encabezada por Javier Milei. Gustavo Vald\u00e9s hab\u00eda criticado la ausencia de un funcionario en esa cartera.<\/p>\n<p>Lisandro Catal\u00e1n fue designado como nuevo ministro del Interior. La decisi\u00f3n fue oficializada esta ma\u00f1ana por el jefe de Gabinete, Guillermo Francos, luego de participar de una reuni\u00f3n que encabez\u00f3 el presidente Javier Milei y de la que tambi\u00e9n particip\u00f3 el ministro de Econom\u00eda, Luis \u201cToto\u201d Caputo.<\/p>\n<p>&#8220;Siguiendo las instrucciones del Presidente, con el objetivo de retomar el di\u00e1logo con los gobernadores afines, hemos constituido la Mesa Federal junto al Ministro de Econom\u00eda, Luis Caputo, y al flamante ministro del Interior, Lisandro Catal\u00e1n\u201c, inform\u00f3 Francos.<\/p>\n<p>El funcionario explic\u00f3 que \u201cen esta nueva etapa en que consideramos imprescindible implementar las reformas estructurales en las que hemos trabajado, estamos dispuestos a profundizar los v\u00ednculos con las provincias que comparten el esp\u00edritu de cambio\u201d.<\/p>\n<p>Hasta hoy, Catal\u00e1n era el 2 de Francos y ten\u00eda entre sus funciones el di\u00e1logo con las provincias. Ahora, con el rango de ministro, tendr\u00e1 el objetivo de fomentar el contacto con las provincias.<\/p>\n<p>El pedido de Gustavo Vald\u00e9s<\/p>\n<p>El gobernador de Corrientes, Gustavo Vald\u00e9s, se hab\u00eda quejado de la ausencia de un ministro del Interior, para tener un di\u00e1logo con las provincias.<\/p>\n<p>&#8220;No existe un ministro del Interior, ni siquiera tiene rango de ministro la persona que habla con las provincias. Ojal\u00e1 que esto se pueda corregir con un di\u00e1logo sincero&#8221;, se\u00f1al\u00f3 en una entrevista a radio Continental..<\/p>\n<p>En ese marco, record\u00f3 que su administraci\u00f3n quiso realizar obras en el puente internacional de Paso de los Libres que une Corrientes con Brasil y que el Gobierno nacional no le dio una respuesta positiva. &#8220;Ni gratis se dejan ayudar&#8221;, dijo.<\/p>\n","protected":false},"excerpt":{"rendered":"<p>La decisi\u00f3n fue oficializada en Casa Rosada durante una reuni\u00f3n encabezada por Javier Milei. Gustavo Vald\u00e9s hab\u00eda criticado la ausencia de un funcionario en esa cartera. Lisandro Catal\u00e1n fue designado como nuevo ministro del Interior. La decisi\u00f3n fue oficializada esta ma\u00f1ana por el jefe de Gabinete, Guillermo Francos, luego de participar de una reuni\u00f3n que [&hellip;]<\/p>\n","protected":false},"author":4,"featured_media":195668,"comment_status":"closed","ping_status":"closed","sticky":false,"template":"","format":"standard","meta":{"_joinchat":[],"footnotes":""},"categories":[29],"tags":[],"class_list":{"0":"post-195667","1":"post","2":"type-post","3":"status-publish","4":"format-standard","5":"has-post-thumbnail","7":"category-nacionales"},"yoast_head":"<!-- This site is optimized with the Yoast SEO plugin v27.2 - https:\/\/yoast.com\/product\/yoast-seo-wordpress\/ -->\n<title>El Presidente design\u00f3 como nuevo ministro del Interior a Lisandro Catal\u00e1n - Radio Infinita Goya<\/title>\n<meta name=\"description\" content=\"La decisi\u00f3n fue oficializada en Casa Rosada durante una reuni\u00f3n encabezada por Javier Milei. Gustavo Vald\u00e9s hab\u00eda criticado la ausencia de un funcionario\" \/>\n<meta name=\"robots\" content=\"index, follow, max-snippet:-1, max-image-preview:large, max-video-preview:-1\" \/>\n<link rel=\"canonical\" href=\"https:\/\/radioinfinitagoya.com.ar\/v1\/2025\/09\/10\/el-presidente-designo-como-nuevo-ministro-del-interior-a-lisandro-catalan\/\" \/>\n<meta property=\"og:locale\" content=\"es_ES\" \/>\n<meta property=\"og:type\" content=\"article\" \/>\n<meta property=\"og:title\" content=\"El Presidente design\u00f3 como nuevo ministro del Interior a Lisandro Catal\u00e1n - Radio Infinita Goya\" \/>\n<meta property=\"og:description\" content=\"La decisi\u00f3n fue oficializada en Casa Rosada durante una reuni\u00f3n encabezada por Javier Milei. Gustavo Vald\u00e9s hab\u00eda criticado la ausencia de un funcionario\" \/>\n<meta property=\"og:url\" content=\"https:\/\/radioinfinitagoya.com.ar\/v1\/2025\/09\/10\/el-presidente-designo-como-nuevo-ministro-del-interior-a-lisandro-catalan\/\" \/>\n<meta property=\"og:site_name\" content=\"Radio Infinita Goya\" \/>\n<meta property=\"article:publisher\" content=\"https:\/\/www.facebook.com\/p\/Infinita-Goya-100063870918311\/\" \/>\n<meta property=\"article:published_time\" content=\"2025-09-10T18:49:32+00:00\" \/>\n<meta property=\"og:image\" content=\"https:\/\/radioinfinitagoya.com.ar\/v1\/wp-content\/uploads\/2025\/09\/G0fL5OSXAAAM9Zm.jpg\" \/>\n\t<meta property=\"og:image:width\" content=\"680\" \/>\n\t<meta property=\"og:image:height\" content=\"442\" \/>\n\t<meta property=\"og:image:type\" content=\"image\/jpeg\" \/>\n<meta name=\"author\" content=\"Jorge Mi\u00f1o\" \/>\n<meta name=\"twitter:card\" content=\"summary_large_image\" \/>\n<meta name=\"twitter:label1\" content=\"Escrito por\" \/>\n\t<meta name=\"twitter:data1\" content=\"Jorge Mi\u00f1o\" \/>\n\t<meta name=\"twitter:label2\" content=\"Tiempo de lectura\" \/>\n\t<meta name=\"twitter:data2\" content=\"2 minutos\" \/>\n<script type=\"application\/ld+json\" class=\"yoast-schema-graph\">{\"@context\":\"https:\/\/schema.org\",\"@graph\":[{\"@type\":\"Article\",\"@id\":\"https:\/\/radioinfinitagoya.com.ar\/v1\/2025\/09\/10\/el-presidente-designo-como-nuevo-ministro-del-interior-a-lisandro-catalan\/#article\",\"isPartOf\":{\"@id\":\"https:\/\/radioinfinitagoya.com.ar\/v1\/2025\/09\/10\/el-presidente-designo-como-nuevo-ministro-del-interior-a-lisandro-catalan\/\"},\"author\":{\"name\":\"Jorge Mi\u00f1o\",\"@id\":\"https:\/\/radioinfinitagoya.com.ar\/v1\/#\/schema\/person\/d4cf9c413d4f6edb24aabdccab49ca4a\"},\"headline\":\"El Presidente design\u00f3 como nuevo ministro del Interior a Lisandro Catal\u00e1n\",\"datePublished\":\"2025-09-10T18:49:32+00:00\",\"mainEntityOfPage\":{\"@id\":\"https:\/\/radioinfinitagoya.com.ar\/v1\/2025\/09\/10\/el-presidente-designo-como-nuevo-ministro-del-interior-a-lisandro-catalan\/\"},\"wordCount\":323,\"publisher\":{\"@id\":\"https:\/\/radioinfinitagoya.com.ar\/v1\/#organization\"},\"image\":{\"@id\":\"https:\/\/radioinfinitagoya.com.ar\/v1\/2025\/09\/10\/el-presidente-designo-como-nuevo-ministro-del-interior-a-lisandro-catalan\/#primaryimage\"},\"thumbnailUrl\":\"https:\/\/radioinfinitagoya.com.ar\/v1\/wp-content\/uploads\/2025\/09\/G0fL5OSXAAAM9Zm.jpg\",\"articleSection\":[\"NACIONALES\"],\"inLanguage\":\"es-AR\"},{\"@type\":\"WebPage\",\"@id\":\"https:\/\/radioinfinitagoya.com.ar\/v1\/2025\/09\/10\/el-presidente-designo-como-nuevo-ministro-del-interior-a-lisandro-catalan\/\",\"url\":\"https:\/\/radioinfinitagoya.com.ar\/v1\/2025\/09\/10\/el-presidente-designo-como-nuevo-ministro-del-interior-a-lisandro-catalan\/\",\"name\":\"El Presidente design\u00f3 como nuevo ministro del Interior a Lisandro Catal\u00e1n - Radio Infinita Goya\",\"isPartOf\":{\"@id\":\"https:\/\/radioinfinitagoya.com.ar\/v1\/#website\"},\"primaryImageOfPage\":{\"@id\":\"https:\/\/radioinfinitagoya.com.ar\/v1\/2025\/09\/10\/el-presidente-designo-como-nuevo-ministro-del-interior-a-lisandro-catalan\/#primaryimage\"},\"image\":{\"@id\":\"https:\/\/radioinfinitagoya.com.ar\/v1\/2025\/09\/10\/el-presidente-designo-como-nuevo-ministro-del-interior-a-lisandro-catalan\/#primaryimage\"},\"thumbnailUrl\":\"https:\/\/radioinfinitagoya.com.ar\/v1\/wp-content\/uploads\/2025\/09\/G0fL5OSXAAAM9Zm.jpg\",\"datePublished\":\"2025-09-10T18:49:32+00:00\",\"description\":\"La decisi\u00f3n fue oficializada en Casa Rosada durante una reuni\u00f3n encabezada por Javier Milei. Gustavo Vald\u00e9s hab\u00eda criticado la ausencia de un funcionario\",\"breadcrumb\":{\"@id\":\"https:\/\/radioinfinitagoya.com.ar\/v1\/2025\/09\/10\/el-presidente-designo-como-nuevo-ministro-del-interior-a-lisandro-catalan\/#breadcrumb\"},\"inLanguage\":\"es-AR\",\"potentialAction\":[{\"@type\":\"ReadAction\",\"target\":[\"https:\/\/radioinfinitagoya.com.ar\/v1\/2025\/09\/10\/el-presidente-designo-como-nuevo-ministro-del-interior-a-lisandro-catalan\/\"]}]},{\"@type\":\"ImageObject\",\"inLanguage\":\"es-AR\",\"@id\":\"https:\/\/radioinfinitagoya.com.ar\/v1\/2025\/09\/10\/el-presidente-designo-como-nuevo-ministro-del-interior-a-lisandro-catalan\/#primaryimage\",\"url\":\"https:\/\/radioinfinitagoya.com.ar\/v1\/wp-content\/uploads\/2025\/09\/G0fL5OSXAAAM9Zm.jpg\",\"contentUrl\":\"https:\/\/radioinfinitagoya.com.ar\/v1\/wp-content\/uploads\/2025\/09\/G0fL5OSXAAAM9Zm.jpg\",\"width\":680,\"height\":442},{\"@type\":\"BreadcrumbList\",\"@id\":\"https:\/\/radioinfinitagoya.com.ar\/v1\/2025\/09\/10\/el-presidente-designo-como-nuevo-ministro-del-interior-a-lisandro-catalan\/#breadcrumb\",\"itemListElement\":[{\"@type\":\"ListItem\",\"position\":1,\"name\":\"Inicio\",\"item\":\"https:\/\/radioinfinitagoya.com.ar\/v1\/\"},{\"@type\":\"ListItem\",\"position\":2,\"name\":\"El Presidente design\u00f3 como nuevo ministro del Interior a Lisandro Catal\u00e1n\"}]},{\"@type\":\"WebSite\",\"@id\":\"https:\/\/radioinfinitagoya.com.ar\/v1\/#website\",\"url\":\"https:\/\/radioinfinitagoya.com.ar\/v1\/\",\"name\":\"radioinfinitagoya.com.ar\",\"description\":\"Radio de noticias\",\"publisher\":{\"@id\":\"https:\/\/radioinfinitagoya.com.ar\/v1\/#organization\"},\"potentialAction\":[{\"@type\":\"SearchAction\",\"target\":{\"@type\":\"EntryPoint\",\"urlTemplate\":\"https:\/\/radioinfinitagoya.com.ar\/v1\/?s={search_term_string}\"},\"query-input\":{\"@type\":\"PropertyValueSpecification\",\"valueRequired\":true,\"valueName\":\"search_term_string\"}}],\"inLanguage\":\"es-AR\"},{\"@type\":\"Organization\",\"@id\":\"https:\/\/radioinfinitagoya.com.ar\/v1\/#organization\",\"name\":\"Radio Infinita Goya\",\"url\":\"https:\/\/radioinfinitagoya.com.ar\/v1\/\",\"logo\":{\"@type\":\"ImageObject\",\"inLanguage\":\"es-AR\",\"@id\":\"https:\/\/radioinfinitagoya.com.ar\/v1\/#\/schema\/logo\/image\/\",\"url\":\"https:\/\/radioinfinitagoya.com.ar\/v1\/wp-content\/uploads\/2019\/11\/logo-pie-web.png\",\"contentUrl\":\"https:\/\/radioinfinitagoya.com.ar\/v1\/wp-content\/uploads\/2019\/11\/logo-pie-web.png\",\"width\":635,\"height\":326,\"caption\":\"Radio Infinita Goya\"},\"image\":{\"@id\":\"https:\/\/radioinfinitagoya.com.ar\/v1\/#\/schema\/logo\/image\/\"},\"sameAs\":[\"https:\/\/www.facebook.com\/p\/Infinita-Goya-100063870918311\/\"]},{\"@type\":\"Person\",\"@id\":\"https:\/\/radioinfinitagoya.com.ar\/v1\/#\/schema\/person\/d4cf9c413d4f6edb24aabdccab49ca4a\",\"name\":\"Jorge Mi\u00f1o\",\"image\":{\"@type\":\"ImageObject\",\"inLanguage\":\"es-AR\",\"@id\":\"https:\/\/secure.gravatar.com\/avatar\/910fcf6728fe95320e07a6643c1581fec1c7fc4bf8ae12e3d8f0d0373dc844be?s=96&d=mm&r=g\",\"url\":\"https:\/\/secure.gravatar.com\/avatar\/910fcf6728fe95320e07a6643c1581fec1c7fc4bf8ae12e3d8f0d0373dc844be?s=96&d=mm&r=g\",\"contentUrl\":\"https:\/\/secure.gravatar.com\/avatar\/910fcf6728fe95320e07a6643c1581fec1c7fc4bf8ae12e3d8f0d0373dc844be?s=96&d=mm&r=g\",\"caption\":\"Jorge Mi\u00f1o\"},\"sameAs\":[\"http:\/\/radioinfinitagoya.com.ar\"]}]}<\/script>\n<!-- \/ Yoast SEO plugin. -->","yoast_head_json":{"title":"El Presidente design\u00f3 como nuevo ministro del Interior a Lisandro Catal\u00e1n - Radio Infinita Goya","description":"La decisi\u00f3n fue oficializada en Casa Rosada durante una reuni\u00f3n encabezada por Javier Milei. Gustavo Vald\u00e9s hab\u00eda criticado la ausencia de un funcionario","robots":{"index":"index","follow":"follow","max-snippet":"max-snippet:-1","max-image-preview":"max-image-preview:large","max-video-preview":"max-video-preview:-1"},"canonical":"https:\/\/radioinfinitagoya.com.ar\/v1\/2025\/09\/10\/el-presidente-designo-como-nuevo-ministro-del-interior-a-lisandro-catalan\/","og_locale":"es_ES","og_type":"article","og_title":"El Presidente design\u00f3 como nuevo ministro del Interior a Lisandro Catal\u00e1n - Radio Infinita Goya","og_description":"La decisi\u00f3n fue oficializada en Casa Rosada durante una reuni\u00f3n encabezada por Javier Milei. Gustavo Vald\u00e9s hab\u00eda criticado la ausencia de un funcionario","og_url":"https:\/\/radioinfinitagoya.com.ar\/v1\/2025\/09\/10\/el-presidente-designo-como-nuevo-ministro-del-interior-a-lisandro-catalan\/","og_site_name":"Radio Infinita Goya","article_publisher":"https:\/\/www.facebook.com\/p\/Infinita-Goya-100063870918311\/","article_published_time":"2025-09-10T18:49:32+00:00","og_image":[{"width":680,"height":442,"url":"https:\/\/radioinfinitagoya.com.ar\/v1\/wp-content\/uploads\/2025\/09\/G0fL5OSXAAAM9Zm.jpg","type":"image\/jpeg"}],"author":"Jorge Mi\u00f1o","twitter_card":"summary_large_image","twitter_misc":{"Escrito por":"Jorge Mi\u00f1o","Tiempo de lectura":"2 minutos"},"schema":{"@context":"https:\/\/schema.org","@graph":[{"@type":"Article","@id":"https:\/\/radioinfinitagoya.com.ar\/v1\/2025\/09\/10\/el-presidente-designo-como-nuevo-ministro-del-interior-a-lisandro-catalan\/#article","isPartOf":{"@id":"https:\/\/radioinfinitagoya.com.ar\/v1\/2025\/09\/10\/el-presidente-designo-como-nuevo-ministro-del-interior-a-lisandro-catalan\/"},"author":{"name":"Jorge Mi\u00f1o","@id":"https:\/\/radioinfinitagoya.com.ar\/v1\/#\/schema\/person\/d4cf9c413d4f6edb24aabdccab49ca4a"},"headline":"El Presidente design\u00f3 como nuevo ministro del Interior a Lisandro Catal\u00e1n","datePublished":"2025-09-10T18:49:32+00:00","mainEntityOfPage":{"@id":"https:\/\/radioinfinitagoya.com.ar\/v1\/2025\/09\/10\/el-presidente-designo-como-nuevo-ministro-del-interior-a-lisandro-catalan\/"},"wordCount":323,"publisher":{"@id":"https:\/\/radioinfinitagoya.com.ar\/v1\/#organization"},"image":{"@id":"https:\/\/radioinfinitagoya.com.ar\/v1\/2025\/09\/10\/el-presidente-designo-como-nuevo-ministro-del-interior-a-lisandro-catalan\/#primaryimage"},"thumbnailUrl":"https:\/\/radioinfinitagoya.com.ar\/v1\/wp-content\/uploads\/2025\/09\/G0fL5OSXAAAM9Zm.jpg","articleSection":["NACIONALES"],"inLanguage":"es-AR"},{"@type":"WebPage","@id":"https:\/\/radioinfinitagoya.com.ar\/v1\/2025\/09\/10\/el-presidente-designo-como-nuevo-ministro-del-interior-a-lisandro-catalan\/","url":"https:\/\/radioinfinitagoya.com.ar\/v1\/2025\/09\/10\/el-presidente-designo-como-nuevo-ministro-del-interior-a-lisandro-catalan\/","name":"El Presidente design\u00f3 como nuevo ministro del Interior a Lisandro Catal\u00e1n - Radio Infinita Goya","isPartOf":{"@id":"https:\/\/radioinfinitagoya.com.ar\/v1\/#website"},"primaryImageOfPage":{"@id":"https:\/\/radioinfinitagoya.com.ar\/v1\/2025\/09\/10\/el-presidente-designo-como-nuevo-ministro-del-interior-a-lisandro-catalan\/#primaryimage"},"image":{"@id":"https:\/\/radioinfinitagoya.com.ar\/v1\/2025\/09\/10\/el-presidente-designo-como-nuevo-ministro-del-interior-a-lisandro-catalan\/#primaryimage"},"thumbnailUrl":"https:\/\/radioinfinitagoya.com.ar\/v1\/wp-content\/uploads\/2025\/09\/G0fL5OSXAAAM9Zm.jpg","datePublished":"2025-09-10T18:49:32+00:00","description":"La decisi\u00f3n fue oficializada en Casa Rosada durante una reuni\u00f3n encabezada por Javier Milei. Gustavo Vald\u00e9s hab\u00eda criticado la ausencia de un funcionario","breadcrumb":{"@id":"https:\/\/radioinfinitagoya.com.ar\/v1\/2025\/09\/10\/el-presidente-designo-como-nuevo-ministro-del-interior-a-lisandro-catalan\/#breadcrumb"},"inLanguage":"es-AR","potentialAction":[{"@type":"ReadAction","target":["https:\/\/radioinfinitagoya.com.ar\/v1\/2025\/09\/10\/el-presidente-designo-como-nuevo-ministro-del-interior-a-lisandro-catalan\/"]}]},{"@type":"ImageObject","inLanguage":"es-AR","@id":"https:\/\/radioinfinitagoya.com.ar\/v1\/2025\/09\/10\/el-presidente-designo-como-nuevo-ministro-del-interior-a-lisandro-catalan\/#primaryimage","url":"https:\/\/radioinfinitagoya.com.ar\/v1\/wp-content\/uploads\/2025\/09\/G0fL5OSXAAAM9Zm.jpg","contentUrl":"https:\/\/radioinfinitagoya.com.ar\/v1\/wp-content\/uploads\/2025\/09\/G0fL5OSXAAAM9Zm.jpg","width":680,"height":442},{"@type":"BreadcrumbList","@id":"https:\/\/radioinfinitagoya.com.ar\/v1\/2025\/09\/10\/el-presidente-designo-como-nuevo-ministro-del-interior-a-lisandro-catalan\/#breadcrumb","itemListElement":[{"@type":"ListItem","position":1,"name":"Inicio","item":"https:\/\/radioinfinitagoya.com.ar\/v1\/"},{"@type":"ListItem","position":2,"name":"El Presidente design\u00f3 como nuevo ministro del Interior a Lisandro Catal\u00e1n"}]},{"@type":"WebSite","@id":"https:\/\/radioinfinitagoya.com.ar\/v1\/#website","url":"https:\/\/radioinfinitagoya.com.ar\/v1\/","name":"radioinfinitagoya.com.ar","description":"Radio de noticias","publisher":{"@id":"https:\/\/radioinfinitagoya.com.ar\/v1\/#organization"},"potentialAction":[{"@type":"SearchAction","target":{"@type":"EntryPoint","urlTemplate":"https:\/\/radioinfinitagoya.com.ar\/v1\/?s={search_term_string}"},"query-input":{"@type":"PropertyValueSpecification","valueRequired":true,"valueName":"search_term_string"}}],"inLanguage":"es-AR"},{"@type":"Organization","@id":"https:\/\/radioinfinitagoya.com.ar\/v1\/#organization","name":"Radio Infinita Goya","url":"https:\/\/radioinfinitagoya.com.ar\/v1\/","logo":{"@type":"ImageObject","inLanguage":"es-AR","@id":"https:\/\/radioinfinitagoya.com.ar\/v1\/#\/schema\/logo\/image\/","url":"https:\/\/radioinfinitagoya.com.ar\/v1\/wp-content\/uploads\/2019\/11\/logo-pie-web.png","contentUrl":"https:\/\/radioinfinitagoya.com.ar\/v1\/wp-content\/uploads\/2019\/11\/logo-pie-web.png","width":635,"height":326,"caption":"Radio Infinita Goya"},"image":{"@id":"https:\/\/radioinfinitagoya.com.ar\/v1\/#\/schema\/logo\/image\/"},"sameAs":["https:\/\/www.facebook.com\/p\/Infinita-Goya-100063870918311\/"]},{"@type":"Person","@id":"https:\/\/radioinfinitagoya.com.ar\/v1\/#\/schema\/person\/d4cf9c413d4f6edb24aabdccab49ca4a","name":"Jorge Mi\u00f1o","image":{"@type":"ImageObject","inLanguage":"es-AR","@id":"https:\/\/secure.gravatar.com\/avatar\/910fcf6728fe95320e07a6643c1581fec1c7fc4bf8ae12e3d8f0d0373dc844be?s=96&d=mm&r=g","url":"https:\/\/secure.gravatar.com\/avatar\/910fcf6728fe95320e07a6643c1581fec1c7fc4bf8ae12e3d8f0d0373dc844be?s=96&d=mm&r=g","contentUrl":"https:\/\/secure.gravatar.com\/avatar\/910fcf6728fe95320e07a6643c1581fec1c7fc4bf8ae12e3d8f0d0373dc844be?s=96&d=mm&r=g","caption":"Jorge Mi\u00f1o"},"sameAs":["http:\/\/radioinfinitagoya.com.ar"]}]}},"_links":{"self":[{"href":"https:\/\/radioinfinitagoya.com.ar\/v1\/wp-json\/wp\/v2\/posts\/195667","targetHints":{"allow":["GET"]}}],"collection":[{"href":"https:\/\/radioinfinitagoya.com.ar\/v1\/wp-json\/wp\/v2\/posts"}],"about":[{"href":"https:\/\/radioinfinitagoya.com.ar\/v1\/wp-json\/wp\/v2\/types\/post"}],"author":[{"embeddable":true,"href":"https:\/\/radioinfinitagoya.com.ar\/v1\/wp-json\/wp\/v2\/users\/4"}],"replies":[{"embeddable":true,"href":"https:\/\/radioinfinitagoya.com.ar\/v1\/wp-json\/wp\/v2\/comments?post=195667"}],"version-history":[{"count":0,"href":"https:\/\/radioinfinitagoya.com.ar\/v1\/wp-json\/wp\/v2\/posts\/195667\/revisions"}],"wp:featuredmedia":[{"embeddable":true,"href":"https:\/\/radioinfinitagoya.com.ar\/v1\/wp-json\/wp\/v2\/media\/195668"}],"wp:attachment":[{"href":"https:\/\/radioinfinitagoya.com.ar\/v1\/wp-json\/wp\/v2\/media?parent=195667"}],"wp:term":[{"taxonomy":"category","embeddable":true,"href":"https:\/\/radioinfinitagoya.com.ar\/v1\/wp-json\/wp\/v2\/categories?post=195667"},{"taxonomy":"post_tag","embeddable":true,"href":"https:\/\/radioinfinitagoya.com.ar\/v1\/wp-json\/wp\/v2\/tags?post=195667"}],"curies":[{"name":"wp","href":"https:\/\/api.w.org\/{rel}","templated":true}]}}