{"id":195670,"date":"2025-09-10T15:53:37","date_gmt":"2025-09-10T18:53:37","guid":{"rendered":"https:\/\/radioinfinitagoya.com.ar\/v1\/?p=195670"},"modified":"2025-09-10T15:53:37","modified_gmt":"2025-09-10T18:53:37","slug":"llega-el-primer-avion-con-argentinos-deportados-por-el-gobierno-de-donald-trump","status":"publish","type":"post","link":"https:\/\/radioinfinitagoya.com.ar\/v1\/2025\/09\/10\/llega-el-primer-avion-con-argentinos-deportados-por-el-gobierno-de-donald-trump\/","title":{"rendered":"Llega el primer avi\u00f3n con argentinos deportados por el gobierno de Donald Trump"},"content":{"rendered":"<p>El vuelo har\u00e1 una escala en Colombia y otra en Brasil<\/p>\n<p>El Gobierno de Javier Milei y su embajador ante los Estados Unidos, Alec Oxenford, buscan mantener el operativo en secreto y no protestar\u00e1n como otros gobernantes para que no parezca un golpe de la administraci\u00f3n de Donald Trump a su aliado libertario. Sin embargo, es un hecho que ciudadanos argentinos tambi\u00e9n est\u00e1n siendo deportados desde los Estados Unidos a la Argentina por la administraci\u00f3n republicana, igual que ocurre con Brasil y otros pa\u00edses de la regi\u00f3n.<\/p>\n<p>Esta semana, entre este mi\u00e9rcoles 10 y el jueves 11, un Boeing 767-300 de la empresa Omni Air International traer\u00e1 al pa\u00eds a un grupo de argentinos acusados de importantes violaciones a la ley federal de los Estados Unidos -delitos migratorios, robos y violaciones, seg\u00fan afirman los funcionarios consultados- en un vuelo que har\u00e1 escala en Bogot\u00e1 y otra en Belho Horizonte (Brasil) para terminar su recorrido en Ezeiza.<\/p>\n<p>Aun no se pudo confirmar la cifra, pero en Estados Unidos y en Brasil se habla de que en este vuelo especial llegar\u00e1n 16 argentinos deportados. Esas mismas fuentes indican que hasta ahora, en el m\u00e1s estricto secreto, sin armar revuelo, y algunos en vuelos comerciales, fueron deportados m\u00e1s de 300 argentinos de los Estados Unidos, desde que Trump endureci\u00f3 fuertemente sus pol\u00edticas inmigratorias con escenas sumamente dram\u00e1ticas: detenidos en las calles, en los campos, padres separados de sus hijos, personas esposadas subiendo a los aviones, que en algunos casos fueron enviados a las c\u00e1rceles de Nayib Bukele en El Salvador o aceptadas por presidentes de Am\u00e9rica latina tras las presiones de Trump.<\/p>\n<p>Omni Air International es la aerol\u00ednea ch\u00e1rter estadounidense, contratada especialmente por el Servicio de Inmigraci\u00f3n y Control de Aduanas (ICE), para realizar vuelos de repatriaci\u00f3n. El avi\u00f3n tiene capacidad para 247 pasajeros, seg\u00fan afirma un art\u00edculo de Avianciononline, que tambi\u00e9n habla del vuelo de repatriaci\u00f3n que se llevar\u00e1 a cabo esta semana y que incluir\u00e1 a un grupo de argentinos.<\/p>\n<p>Seg\u00fan se inform\u00f3, el avi\u00f3n partir\u00e1 desde Estados Unidos, har\u00e1 escala en la capital colombiana para seguir luego rumbo al Aeropuerto Internacional de Cofins (CNF), de Belo Horizonte. Por primera vez Omni Air International -que ya hizo vuelos similares a Brasil- seguir\u00e1 viaje rumbo a Buenos Aires.<\/p>\n<p>La embajada de Oxenford ante Estados Unidos ya recibi\u00f3 listas de ciudadanos argentinos deportables. Es una situaci\u00f3n que pone por dem\u00e1s nervioso al gobierno en momentos en que sigue sin poder lograrse la bilateral Milei-Trump. Tampoco se ha podido sacar un acuerdo arancelario mejor a Washington que el arancel del 10% que rige desde agosto. Adem\u00e1s, una interna entre el secretario de Estado, Marco Rubio, y la secretaria del Homeland Security, Kristi Noem, ha puesto en cuesti\u00f3n la firma de un acuerdo entre la funcionaria, Werthein y la ministra Patricia Bullrich del mes pasado. Por ese acuerdo, Argentina entrar\u00e1 en el proceso de acceso al llamado Programa de Visa Waiver, para que los argentinos entren sin visa a EE.UU., donde, si se termina firmando, podr\u00e1n permanecer hasta tres meses legalmente.<\/p>\n<p>Desde hace varias semanas, el gobierno de Trump contrat\u00f3 una campa\u00f1a publicitaria en medios de comunicaci\u00f3n argentinos en la que se amenaza con la deportaci\u00f3n a quienes viven en Estados Unidos sin su documentaci\u00f3n en regla.<\/p>\n","protected":false},"excerpt":{"rendered":"<p>El vuelo har\u00e1 una escala en Colombia y otra en Brasil El Gobierno de Javier Milei y su embajador ante los Estados Unidos, Alec Oxenford, buscan mantener el operativo en secreto y no protestar\u00e1n como otros gobernantes para que no parezca un golpe de la administraci\u00f3n de Donald Trump a su aliado libertario. Sin embargo, [&hellip;]<\/p>\n","protected":false},"author":4,"featured_media":195671,"comment_status":"closed","ping_status":"closed","sticky":false,"template":"","format":"standard","meta":{"_joinchat":[],"footnotes":""},"categories":[29],"tags":[],"class_list":{"0":"post-195670","1":"post","2":"type-post","3":"status-publish","4":"format-standard","5":"has-post-thumbnail","7":"category-nacionales"},"yoast_head":"<!-- This site is optimized with the Yoast SEO plugin v27.2 - https:\/\/yoast.com\/product\/yoast-seo-wordpress\/ -->\n<title>Llega el primer avi\u00f3n con argentinos deportados por el gobierno de Donald Trump - Radio Infinita Goya<\/title>\n<meta name=\"description\" content=\"El vuelo har\u00e1 una escala en Colombia y otra en Brasil El Gobierno de Javier Milei y su embajador ante los Estados Unidos, Alec Oxenford, buscan mantener\" \/>\n<meta name=\"robots\" content=\"index, follow, max-snippet:-1, max-image-preview:large, max-video-preview:-1\" \/>\n<link rel=\"canonical\" href=\"https:\/\/radioinfinitagoya.com.ar\/v1\/2025\/09\/10\/llega-el-primer-avion-con-argentinos-deportados-por-el-gobierno-de-donald-trump\/\" \/>\n<meta property=\"og:locale\" content=\"es_ES\" \/>\n<meta property=\"og:type\" content=\"article\" \/>\n<meta property=\"og:title\" content=\"Llega el primer avi\u00f3n con argentinos deportados por el gobierno de Donald Trump - Radio Infinita Goya\" \/>\n<meta property=\"og:description\" content=\"El vuelo har\u00e1 una escala en Colombia y otra en Brasil El Gobierno de Javier Milei y su embajador ante los Estados Unidos, Alec Oxenford, buscan mantener\" \/>\n<meta property=\"og:url\" content=\"https:\/\/radioinfinitagoya.com.ar\/v1\/2025\/09\/10\/llega-el-primer-avion-con-argentinos-deportados-por-el-gobierno-de-donald-trump\/\" \/>\n<meta property=\"og:site_name\" content=\"Radio Infinita Goya\" \/>\n<meta property=\"article:publisher\" content=\"https:\/\/www.facebook.com\/p\/Infinita-Goya-100063870918311\/\" \/>\n<meta property=\"article:published_time\" content=\"2025-09-10T18:53:37+00:00\" \/>\n<meta property=\"og:image\" content=\"https:\/\/radioinfinitagoya.com.ar\/v1\/wp-content\/uploads\/2025\/09\/jL_gYmUF.jpg\" \/>\n\t<meta property=\"og:image:width\" content=\"680\" \/>\n\t<meta property=\"og:image:height\" content=\"510\" \/>\n\t<meta property=\"og:image:type\" content=\"image\/jpeg\" \/>\n<meta name=\"author\" content=\"Jorge Mi\u00f1o\" \/>\n<meta name=\"twitter:card\" content=\"summary_large_image\" \/>\n<meta name=\"twitter:label1\" content=\"Escrito por\" \/>\n\t<meta name=\"twitter:data1\" content=\"Jorge Mi\u00f1o\" \/>\n\t<meta name=\"twitter:label2\" content=\"Tiempo de lectura\" \/>\n\t<meta name=\"twitter:data2\" content=\"3 minutos\" \/>\n<script type=\"application\/ld+json\" class=\"yoast-schema-graph\">{\"@context\":\"https:\/\/schema.org\",\"@graph\":[{\"@type\":\"Article\",\"@id\":\"https:\/\/radioinfinitagoya.com.ar\/v1\/2025\/09\/10\/llega-el-primer-avion-con-argentinos-deportados-por-el-gobierno-de-donald-trump\/#article\",\"isPartOf\":{\"@id\":\"https:\/\/radioinfinitagoya.com.ar\/v1\/2025\/09\/10\/llega-el-primer-avion-con-argentinos-deportados-por-el-gobierno-de-donald-trump\/\"},\"author\":{\"name\":\"Jorge Mi\u00f1o\",\"@id\":\"https:\/\/radioinfinitagoya.com.ar\/v1\/#\/schema\/person\/d4cf9c413d4f6edb24aabdccab49ca4a\"},\"headline\":\"Llega el primer avi\u00f3n con argentinos deportados por el gobierno de Donald Trump\",\"datePublished\":\"2025-09-10T18:53:37+00:00\",\"mainEntityOfPage\":{\"@id\":\"https:\/\/radioinfinitagoya.com.ar\/v1\/2025\/09\/10\/llega-el-primer-avion-con-argentinos-deportados-por-el-gobierno-de-donald-trump\/\"},\"wordCount\":588,\"publisher\":{\"@id\":\"https:\/\/radioinfinitagoya.com.ar\/v1\/#organization\"},\"image\":{\"@id\":\"https:\/\/radioinfinitagoya.com.ar\/v1\/2025\/09\/10\/llega-el-primer-avion-con-argentinos-deportados-por-el-gobierno-de-donald-trump\/#primaryimage\"},\"thumbnailUrl\":\"https:\/\/radioinfinitagoya.com.ar\/v1\/wp-content\/uploads\/2025\/09\/jL_gYmUF.jpg\",\"articleSection\":[\"NACIONALES\"],\"inLanguage\":\"es-AR\"},{\"@type\":\"WebPage\",\"@id\":\"https:\/\/radioinfinitagoya.com.ar\/v1\/2025\/09\/10\/llega-el-primer-avion-con-argentinos-deportados-por-el-gobierno-de-donald-trump\/\",\"url\":\"https:\/\/radioinfinitagoya.com.ar\/v1\/2025\/09\/10\/llega-el-primer-avion-con-argentinos-deportados-por-el-gobierno-de-donald-trump\/\",\"name\":\"Llega el primer avi\u00f3n con argentinos deportados por el gobierno de Donald Trump - Radio Infinita Goya\",\"isPartOf\":{\"@id\":\"https:\/\/radioinfinitagoya.com.ar\/v1\/#website\"},\"primaryImageOfPage\":{\"@id\":\"https:\/\/radioinfinitagoya.com.ar\/v1\/2025\/09\/10\/llega-el-primer-avion-con-argentinos-deportados-por-el-gobierno-de-donald-trump\/#primaryimage\"},\"image\":{\"@id\":\"https:\/\/radioinfinitagoya.com.ar\/v1\/2025\/09\/10\/llega-el-primer-avion-con-argentinos-deportados-por-el-gobierno-de-donald-trump\/#primaryimage\"},\"thumbnailUrl\":\"https:\/\/radioinfinitagoya.com.ar\/v1\/wp-content\/uploads\/2025\/09\/jL_gYmUF.jpg\",\"datePublished\":\"2025-09-10T18:53:37+00:00\",\"description\":\"El vuelo har\u00e1 una escala en Colombia y otra en Brasil El Gobierno de Javier Milei y su embajador ante los Estados Unidos, Alec Oxenford, buscan mantener\",\"breadcrumb\":{\"@id\":\"https:\/\/radioinfinitagoya.com.ar\/v1\/2025\/09\/10\/llega-el-primer-avion-con-argentinos-deportados-por-el-gobierno-de-donald-trump\/#breadcrumb\"},\"inLanguage\":\"es-AR\",\"potentialAction\":[{\"@type\":\"ReadAction\",\"target\":[\"https:\/\/radioinfinitagoya.com.ar\/v1\/2025\/09\/10\/llega-el-primer-avion-con-argentinos-deportados-por-el-gobierno-de-donald-trump\/\"]}]},{\"@type\":\"ImageObject\",\"inLanguage\":\"es-AR\",\"@id\":\"https:\/\/radioinfinitagoya.com.ar\/v1\/2025\/09\/10\/llega-el-primer-avion-con-argentinos-deportados-por-el-gobierno-de-donald-trump\/#primaryimage\",\"url\":\"https:\/\/radioinfinitagoya.com.ar\/v1\/wp-content\/uploads\/2025\/09\/jL_gYmUF.jpg\",\"contentUrl\":\"https:\/\/radioinfinitagoya.com.ar\/v1\/wp-content\/uploads\/2025\/09\/jL_gYmUF.jpg\",\"width\":680,\"height\":510},{\"@type\":\"BreadcrumbList\",\"@id\":\"https:\/\/radioinfinitagoya.com.ar\/v1\/2025\/09\/10\/llega-el-primer-avion-con-argentinos-deportados-por-el-gobierno-de-donald-trump\/#breadcrumb\",\"itemListElement\":[{\"@type\":\"ListItem\",\"position\":1,\"name\":\"Inicio\",\"item\":\"https:\/\/radioinfinitagoya.com.ar\/v1\/\"},{\"@type\":\"ListItem\",\"position\":2,\"name\":\"Llega el primer avi\u00f3n con argentinos deportados por el gobierno de Donald Trump\"}]},{\"@type\":\"WebSite\",\"@id\":\"https:\/\/radioinfinitagoya.com.ar\/v1\/#website\",\"url\":\"https:\/\/radioinfinitagoya.com.ar\/v1\/\",\"name\":\"radioinfinitagoya.com.ar\",\"description\":\"Radio de noticias\",\"publisher\":{\"@id\":\"https:\/\/radioinfinitagoya.com.ar\/v1\/#organization\"},\"potentialAction\":[{\"@type\":\"SearchAction\",\"target\":{\"@type\":\"EntryPoint\",\"urlTemplate\":\"https:\/\/radioinfinitagoya.com.ar\/v1\/?s={search_term_string}\"},\"query-input\":{\"@type\":\"PropertyValueSpecification\",\"valueRequired\":true,\"valueName\":\"search_term_string\"}}],\"inLanguage\":\"es-AR\"},{\"@type\":\"Organization\",\"@id\":\"https:\/\/radioinfinitagoya.com.ar\/v1\/#organization\",\"name\":\"Radio Infinita Goya\",\"url\":\"https:\/\/radioinfinitagoya.com.ar\/v1\/\",\"logo\":{\"@type\":\"ImageObject\",\"inLanguage\":\"es-AR\",\"@id\":\"https:\/\/radioinfinitagoya.com.ar\/v1\/#\/schema\/logo\/image\/\",\"url\":\"https:\/\/radioinfinitagoya.com.ar\/v1\/wp-content\/uploads\/2019\/11\/logo-pie-web.png\",\"contentUrl\":\"https:\/\/radioinfinitagoya.com.ar\/v1\/wp-content\/uploads\/2019\/11\/logo-pie-web.png\",\"width\":635,\"height\":326,\"caption\":\"Radio Infinita Goya\"},\"image\":{\"@id\":\"https:\/\/radioinfinitagoya.com.ar\/v1\/#\/schema\/logo\/image\/\"},\"sameAs\":[\"https:\/\/www.facebook.com\/p\/Infinita-Goya-100063870918311\/\"]},{\"@type\":\"Person\",\"@id\":\"https:\/\/radioinfinitagoya.com.ar\/v1\/#\/schema\/person\/d4cf9c413d4f6edb24aabdccab49ca4a\",\"name\":\"Jorge Mi\u00f1o\",\"image\":{\"@type\":\"ImageObject\",\"inLanguage\":\"es-AR\",\"@id\":\"https:\/\/secure.gravatar.com\/avatar\/910fcf6728fe95320e07a6643c1581fec1c7fc4bf8ae12e3d8f0d0373dc844be?s=96&d=mm&r=g\",\"url\":\"https:\/\/secure.gravatar.com\/avatar\/910fcf6728fe95320e07a6643c1581fec1c7fc4bf8ae12e3d8f0d0373dc844be?s=96&d=mm&r=g\",\"contentUrl\":\"https:\/\/secure.gravatar.com\/avatar\/910fcf6728fe95320e07a6643c1581fec1c7fc4bf8ae12e3d8f0d0373dc844be?s=96&d=mm&r=g\",\"caption\":\"Jorge Mi\u00f1o\"},\"sameAs\":[\"http:\/\/radioinfinitagoya.com.ar\"]}]}<\/script>\n<!-- \/ Yoast SEO plugin. -->","yoast_head_json":{"title":"Llega el primer avi\u00f3n con argentinos deportados por el gobierno de Donald Trump - Radio Infinita Goya","description":"El vuelo har\u00e1 una escala en Colombia y otra en Brasil El Gobierno de Javier Milei y su embajador ante los Estados Unidos, Alec Oxenford, buscan mantener","robots":{"index":"index","follow":"follow","max-snippet":"max-snippet:-1","max-image-preview":"max-image-preview:large","max-video-preview":"max-video-preview:-1"},"canonical":"https:\/\/radioinfinitagoya.com.ar\/v1\/2025\/09\/10\/llega-el-primer-avion-con-argentinos-deportados-por-el-gobierno-de-donald-trump\/","og_locale":"es_ES","og_type":"article","og_title":"Llega el primer avi\u00f3n con argentinos deportados por el gobierno de Donald Trump - Radio Infinita Goya","og_description":"El vuelo har\u00e1 una escala en Colombia y otra en Brasil El Gobierno de Javier Milei y su embajador ante los Estados Unidos, Alec Oxenford, buscan mantener","og_url":"https:\/\/radioinfinitagoya.com.ar\/v1\/2025\/09\/10\/llega-el-primer-avion-con-argentinos-deportados-por-el-gobierno-de-donald-trump\/","og_site_name":"Radio Infinita Goya","article_publisher":"https:\/\/www.facebook.com\/p\/Infinita-Goya-100063870918311\/","article_published_time":"2025-09-10T18:53:37+00:00","og_image":[{"width":680,"height":510,"url":"https:\/\/radioinfinitagoya.com.ar\/v1\/wp-content\/uploads\/2025\/09\/jL_gYmUF.jpg","type":"image\/jpeg"}],"author":"Jorge Mi\u00f1o","twitter_card":"summary_large_image","twitter_misc":{"Escrito por":"Jorge Mi\u00f1o","Tiempo de lectura":"3 minutos"},"schema":{"@context":"https:\/\/schema.org","@graph":[{"@type":"Article","@id":"https:\/\/radioinfinitagoya.com.ar\/v1\/2025\/09\/10\/llega-el-primer-avion-con-argentinos-deportados-por-el-gobierno-de-donald-trump\/#article","isPartOf":{"@id":"https:\/\/radioinfinitagoya.com.ar\/v1\/2025\/09\/10\/llega-el-primer-avion-con-argentinos-deportados-por-el-gobierno-de-donald-trump\/"},"author":{"name":"Jorge Mi\u00f1o","@id":"https:\/\/radioinfinitagoya.com.ar\/v1\/#\/schema\/person\/d4cf9c413d4f6edb24aabdccab49ca4a"},"headline":"Llega el primer avi\u00f3n con argentinos deportados por el gobierno de Donald Trump","datePublished":"2025-09-10T18:53:37+00:00","mainEntityOfPage":{"@id":"https:\/\/radioinfinitagoya.com.ar\/v1\/2025\/09\/10\/llega-el-primer-avion-con-argentinos-deportados-por-el-gobierno-de-donald-trump\/"},"wordCount":588,"publisher":{"@id":"https:\/\/radioinfinitagoya.com.ar\/v1\/#organization"},"image":{"@id":"https:\/\/radioinfinitagoya.com.ar\/v1\/2025\/09\/10\/llega-el-primer-avion-con-argentinos-deportados-por-el-gobierno-de-donald-trump\/#primaryimage"},"thumbnailUrl":"https:\/\/radioinfinitagoya.com.ar\/v1\/wp-content\/uploads\/2025\/09\/jL_gYmUF.jpg","articleSection":["NACIONALES"],"inLanguage":"es-AR"},{"@type":"WebPage","@id":"https:\/\/radioinfinitagoya.com.ar\/v1\/2025\/09\/10\/llega-el-primer-avion-con-argentinos-deportados-por-el-gobierno-de-donald-trump\/","url":"https:\/\/radioinfinitagoya.com.ar\/v1\/2025\/09\/10\/llega-el-primer-avion-con-argentinos-deportados-por-el-gobierno-de-donald-trump\/","name":"Llega el primer avi\u00f3n con argentinos deportados por el gobierno de Donald Trump - Radio Infinita Goya","isPartOf":{"@id":"https:\/\/radioinfinitagoya.com.ar\/v1\/#website"},"primaryImageOfPage":{"@id":"https:\/\/radioinfinitagoya.com.ar\/v1\/2025\/09\/10\/llega-el-primer-avion-con-argentinos-deportados-por-el-gobierno-de-donald-trump\/#primaryimage"},"image":{"@id":"https:\/\/radioinfinitagoya.com.ar\/v1\/2025\/09\/10\/llega-el-primer-avion-con-argentinos-deportados-por-el-gobierno-de-donald-trump\/#primaryimage"},"thumbnailUrl":"https:\/\/radioinfinitagoya.com.ar\/v1\/wp-content\/uploads\/2025\/09\/jL_gYmUF.jpg","datePublished":"2025-09-10T18:53:37+00:00","description":"El vuelo har\u00e1 una escala en Colombia y otra en Brasil El Gobierno de Javier Milei y su embajador ante los Estados Unidos, Alec Oxenford, buscan mantener","breadcrumb":{"@id":"https:\/\/radioinfinitagoya.com.ar\/v1\/2025\/09\/10\/llega-el-primer-avion-con-argentinos-deportados-por-el-gobierno-de-donald-trump\/#breadcrumb"},"inLanguage":"es-AR","potentialAction":[{"@type":"ReadAction","target":["https:\/\/radioinfinitagoya.com.ar\/v1\/2025\/09\/10\/llega-el-primer-avion-con-argentinos-deportados-por-el-gobierno-de-donald-trump\/"]}]},{"@type":"ImageObject","inLanguage":"es-AR","@id":"https:\/\/radioinfinitagoya.com.ar\/v1\/2025\/09\/10\/llega-el-primer-avion-con-argentinos-deportados-por-el-gobierno-de-donald-trump\/#primaryimage","url":"https:\/\/radioinfinitagoya.com.ar\/v1\/wp-content\/uploads\/2025\/09\/jL_gYmUF.jpg","contentUrl":"https:\/\/radioinfinitagoya.com.ar\/v1\/wp-content\/uploads\/2025\/09\/jL_gYmUF.jpg","width":680,"height":510},{"@type":"BreadcrumbList","@id":"https:\/\/radioinfinitagoya.com.ar\/v1\/2025\/09\/10\/llega-el-primer-avion-con-argentinos-deportados-por-el-gobierno-de-donald-trump\/#breadcrumb","itemListElement":[{"@type":"ListItem","position":1,"name":"Inicio","item":"https:\/\/radioinfinitagoya.com.ar\/v1\/"},{"@type":"ListItem","position":2,"name":"Llega el primer avi\u00f3n con argentinos deportados por el gobierno de Donald Trump"}]},{"@type":"WebSite","@id":"https:\/\/radioinfinitagoya.com.ar\/v1\/#website","url":"https:\/\/radioinfinitagoya.com.ar\/v1\/","name":"radioinfinitagoya.com.ar","description":"Radio de noticias","publisher":{"@id":"https:\/\/radioinfinitagoya.com.ar\/v1\/#organization"},"potentialAction":[{"@type":"SearchAction","target":{"@type":"EntryPoint","urlTemplate":"https:\/\/radioinfinitagoya.com.ar\/v1\/?s={search_term_string}"},"query-input":{"@type":"PropertyValueSpecification","valueRequired":true,"valueName":"search_term_string"}}],"inLanguage":"es-AR"},{"@type":"Organization","@id":"https:\/\/radioinfinitagoya.com.ar\/v1\/#organization","name":"Radio Infinita Goya","url":"https:\/\/radioinfinitagoya.com.ar\/v1\/","logo":{"@type":"ImageObject","inLanguage":"es-AR","@id":"https:\/\/radioinfinitagoya.com.ar\/v1\/#\/schema\/logo\/image\/","url":"https:\/\/radioinfinitagoya.com.ar\/v1\/wp-content\/uploads\/2019\/11\/logo-pie-web.png","contentUrl":"https:\/\/radioinfinitagoya.com.ar\/v1\/wp-content\/uploads\/2019\/11\/logo-pie-web.png","width":635,"height":326,"caption":"Radio Infinita Goya"},"image":{"@id":"https:\/\/radioinfinitagoya.com.ar\/v1\/#\/schema\/logo\/image\/"},"sameAs":["https:\/\/www.facebook.com\/p\/Infinita-Goya-100063870918311\/"]},{"@type":"Person","@id":"https:\/\/radioinfinitagoya.com.ar\/v1\/#\/schema\/person\/d4cf9c413d4f6edb24aabdccab49ca4a","name":"Jorge Mi\u00f1o","image":{"@type":"ImageObject","inLanguage":"es-AR","@id":"https:\/\/secure.gravatar.com\/avatar\/910fcf6728fe95320e07a6643c1581fec1c7fc4bf8ae12e3d8f0d0373dc844be?s=96&d=mm&r=g","url":"https:\/\/secure.gravatar.com\/avatar\/910fcf6728fe95320e07a6643c1581fec1c7fc4bf8ae12e3d8f0d0373dc844be?s=96&d=mm&r=g","contentUrl":"https:\/\/secure.gravatar.com\/avatar\/910fcf6728fe95320e07a6643c1581fec1c7fc4bf8ae12e3d8f0d0373dc844be?s=96&d=mm&r=g","caption":"Jorge Mi\u00f1o"},"sameAs":["http:\/\/radioinfinitagoya.com.ar"]}]}},"_links":{"self":[{"href":"https:\/\/radioinfinitagoya.com.ar\/v1\/wp-json\/wp\/v2\/posts\/195670","targetHints":{"allow":["GET"]}}],"collection":[{"href":"https:\/\/radioinfinitagoya.com.ar\/v1\/wp-json\/wp\/v2\/posts"}],"about":[{"href":"https:\/\/radioinfinitagoya.com.ar\/v1\/wp-json\/wp\/v2\/types\/post"}],"author":[{"embeddable":true,"href":"https:\/\/radioinfinitagoya.com.ar\/v1\/wp-json\/wp\/v2\/users\/4"}],"replies":[{"embeddable":true,"href":"https:\/\/radioinfinitagoya.com.ar\/v1\/wp-json\/wp\/v2\/comments?post=195670"}],"version-history":[{"count":0,"href":"https:\/\/radioinfinitagoya.com.ar\/v1\/wp-json\/wp\/v2\/posts\/195670\/revisions"}],"wp:featuredmedia":[{"embeddable":true,"href":"https:\/\/radioinfinitagoya.com.ar\/v1\/wp-json\/wp\/v2\/media\/195671"}],"wp:attachment":[{"href":"https:\/\/radioinfinitagoya.com.ar\/v1\/wp-json\/wp\/v2\/media?parent=195670"}],"wp:term":[{"taxonomy":"category","embeddable":true,"href":"https:\/\/radioinfinitagoya.com.ar\/v1\/wp-json\/wp\/v2\/categories?post=195670"},{"taxonomy":"post_tag","embeddable":true,"href":"https:\/\/radioinfinitagoya.com.ar\/v1\/wp-json\/wp\/v2\/tags?post=195670"}],"curies":[{"name":"wp","href":"https:\/\/api.w.org\/{rel}","templated":true}]}}