{"id":195673,"date":"2025-09-10T16:01:01","date_gmt":"2025-09-10T19:01:01","guid":{"rendered":"https:\/\/radioinfinitagoya.com.ar\/v1\/?p=195673"},"modified":"2025-09-10T16:01:01","modified_gmt":"2025-09-10T19:01:01","slug":"milei-hablara-en-cadena-nacional-para-presentar-el-presupuesto-2026","status":"publish","type":"post","link":"https:\/\/radioinfinitagoya.com.ar\/v1\/2025\/09\/10\/milei-hablara-en-cadena-nacional-para-presentar-el-presupuesto-2026\/","title":{"rendered":"Milei hablar\u00e1 en cadena nacional para presentar el Presupuesto 2026"},"content":{"rendered":"<p>El Presidente har\u00e1 su puesta el lunes 15 de septiembre, seg\u00fan lo que confirm\u00f3 el vocero Adorni<\/p>\n<p>El presidente Javier Milei volver\u00e1 a hacer una cadena nacional para presentar el Presupuesto de su gobierno para 2026. La misma puesta hab\u00eda realizado el a\u00f1o pasado, para el esquema que deb\u00eda definir las cuentas de este 2025, que no fue aprobado por el Congreso.<\/p>\n<p>\u201cEl pr\u00f3ximo lunes 15 de septiembre a las 21 horas el presidente de la Naci\u00f3n hablar\u00e1 en cadena nacional, en el marco de la presentaci\u00f3n del Presupuesto 2026\u2033, anunci\u00f3 el vocero Manuel Adorni este mi\u00e9rcoles por la ma\u00f1ana.<\/p>\n<p>La definici\u00f3n de la Casa Rosada llega en un momento en que Milei busca retomar iniciativa pol\u00edtica, tras la derrota de La Libertad Avanza (LLA) en las elecciones de la provincia de Buenos Aires el domingo por trece puntos contra el peronismo, y los problemas que giran en torno a la figura de su hermana, la secretaria general, Karina Milei.<\/p>\n<p>El Presupuesto fue para el Gobierno un problema desde su arribo. Los dos a\u00f1os que lleva Milei en la Casa Rosada los gestion\u00f3 con un prorrogado de 2023, debido a que se mostr\u00f3 inflexible para aplicar los cambios que propon\u00edan los diferentes espacios opositores.<\/p>\n<p>El Presidente siempre aleg\u00f3 que no acced\u00eda a estas modificaciones para no afectar el d\u00e9ficit cero y debido a que la oposici\u00f3n -seg\u00fan su mirada- no dec\u00eda c\u00f3mo reasignar las partidas.<\/p>\n<p>El a\u00f1o pasado, Milei -asesorado por Santiago Caputo- mont\u00f3 una gran puesta para dar a conocer el Presupuesto, que la Casa Rosada defini\u00f3 como un \u201checho hist\u00f3rico\u201d y sus detractores criticaron a ultranza. Lo hizo por la noche, para captar el rating de la televisi\u00f3n, y mont\u00f3 un gran despliegue entre la Casa Rosada y el Congreso. Al Palacio Legislativo asistieron sus ministros y hubo un lugar destacado para el equipo econ\u00f3mico.<\/p>\n<p>Ese fue otro momento de esta administraci\u00f3n, en que el Presidente se sent\u00eda empoderado por un fuerte apoyo popular, que le dio aire hasta para denostar a diputados y senadores dentro del propio Congreso.<\/p>\n<p>Ahora, Milei ir\u00e1 al Legislativo en un momento de alta debilidad pol\u00edtica. Adem\u00e1s, con una pol\u00e9mica montada sobre el titular de Diputados, Mart\u00edn Menem, que qued\u00f3 salpicado por el esc\u00e1ndalo de los audios que se filtraron del extitular del Andis, Diego Spagnuolo, y por las deficiencias del armado libertario; y con una relaci\u00f3n sin retorno con la titular del Senado, la vice Victoria Villarruel.<\/p>\n<p>En 2024, el v\u00ednculo con Villarruel ya estaba friccionado, pero todav\u00eda disimulaban en p\u00fablico ese quiebre, que se hizo evidente y definitivo sobre todo este a\u00f1o. En aquel septiembre, la vice lo acompa\u00f1\u00f3 agarrada de su brazo cuando Milei termin\u00f3 su exposici\u00f3n.<\/p>\n<p>Esta vez se suman las fracturas dentro del bloque oficialista, ya con Marcela Pagano, Carlos D\u2019Alessandro y Gerardo Gonz\u00e1lez expulsados, en un nuevo bloque (Coherencia) junto a Lourdes Arrieta, y sobre todo con la experiodista en una guerra declarada con la Casa Rosada.<\/p>\n<p>Asimismo, hay un alt\u00edsimo nivel de rencor entre la gesti\u00f3n de Milei y los gobernadores, que ahora la Casa Rosada intenta mermar con la designaci\u00f3n de Lisandro Catal\u00e1n como ministro del Interior.<\/p>\n<p>&nbsp;<\/p>\n","protected":false},"excerpt":{"rendered":"<p>El Presidente har\u00e1 su puesta el lunes 15 de septiembre, seg\u00fan lo que confirm\u00f3 el vocero Adorni El presidente Javier Milei volver\u00e1 a hacer una cadena nacional para presentar el Presupuesto de su gobierno para 2026. La misma puesta hab\u00eda realizado el a\u00f1o pasado, para el esquema que deb\u00eda definir las cuentas de este 2025, [&hellip;]<\/p>\n","protected":false},"author":4,"featured_media":195674,"comment_status":"closed","ping_status":"closed","sticky":false,"template":"","format":"standard","meta":{"_joinchat":[],"footnotes":""},"categories":[29],"tags":[],"class_list":{"0":"post-195673","1":"post","2":"type-post","3":"status-publish","4":"format-standard","5":"has-post-thumbnail","7":"category-nacionales"},"yoast_head":"<!-- This site is optimized with the Yoast SEO plugin v27.2 - https:\/\/yoast.com\/product\/yoast-seo-wordpress\/ -->\n<title>Milei hablar\u00e1 en cadena nacional para presentar el Presupuesto 2026 - Radio Infinita Goya<\/title>\n<meta name=\"description\" content=\"El Presidente har\u00e1 su puesta el lunes 15 de septiembre, seg\u00fan lo que confirm\u00f3 el vocero Adorni El presidente Javier Milei volver\u00e1 a hacer una cadena\" \/>\n<meta name=\"robots\" content=\"index, follow, max-snippet:-1, max-image-preview:large, max-video-preview:-1\" \/>\n<link rel=\"canonical\" href=\"https:\/\/radioinfinitagoya.com.ar\/v1\/2025\/09\/10\/milei-hablara-en-cadena-nacional-para-presentar-el-presupuesto-2026\/\" \/>\n<meta property=\"og:locale\" content=\"es_ES\" \/>\n<meta property=\"og:type\" content=\"article\" \/>\n<meta property=\"og:title\" content=\"Milei hablar\u00e1 en cadena nacional para presentar el Presupuesto 2026 - Radio Infinita Goya\" \/>\n<meta property=\"og:description\" content=\"El Presidente har\u00e1 su puesta el lunes 15 de septiembre, seg\u00fan lo que confirm\u00f3 el vocero Adorni El presidente Javier Milei volver\u00e1 a hacer una cadena\" \/>\n<meta property=\"og:url\" content=\"https:\/\/radioinfinitagoya.com.ar\/v1\/2025\/09\/10\/milei-hablara-en-cadena-nacional-para-presentar-el-presupuesto-2026\/\" \/>\n<meta property=\"og:site_name\" content=\"Radio Infinita Goya\" \/>\n<meta property=\"article:publisher\" content=\"https:\/\/www.facebook.com\/p\/Infinita-Goya-100063870918311\/\" \/>\n<meta property=\"article:published_time\" content=\"2025-09-10T19:01:01+00:00\" \/>\n<meta property=\"og:image\" content=\"https:\/\/radioinfinitagoya.com.ar\/v1\/wp-content\/uploads\/2025\/09\/Swl1f315.jpg\" \/>\n\t<meta property=\"og:image:width\" content=\"679\" \/>\n\t<meta property=\"og:image:height\" content=\"496\" \/>\n\t<meta property=\"og:image:type\" content=\"image\/jpeg\" \/>\n<meta name=\"author\" content=\"Jorge Mi\u00f1o\" \/>\n<meta name=\"twitter:card\" content=\"summary_large_image\" \/>\n<meta name=\"twitter:label1\" content=\"Escrito por\" \/>\n\t<meta name=\"twitter:data1\" content=\"Jorge Mi\u00f1o\" \/>\n\t<meta name=\"twitter:label2\" content=\"Tiempo de lectura\" \/>\n\t<meta name=\"twitter:data2\" content=\"3 minutos\" \/>\n<script type=\"application\/ld+json\" class=\"yoast-schema-graph\">{\"@context\":\"https:\/\/schema.org\",\"@graph\":[{\"@type\":\"Article\",\"@id\":\"https:\/\/radioinfinitagoya.com.ar\/v1\/2025\/09\/10\/milei-hablara-en-cadena-nacional-para-presentar-el-presupuesto-2026\/#article\",\"isPartOf\":{\"@id\":\"https:\/\/radioinfinitagoya.com.ar\/v1\/2025\/09\/10\/milei-hablara-en-cadena-nacional-para-presentar-el-presupuesto-2026\/\"},\"author\":{\"name\":\"Jorge Mi\u00f1o\",\"@id\":\"https:\/\/radioinfinitagoya.com.ar\/v1\/#\/schema\/person\/d4cf9c413d4f6edb24aabdccab49ca4a\"},\"headline\":\"Milei hablar\u00e1 en cadena nacional para presentar el Presupuesto 2026\",\"datePublished\":\"2025-09-10T19:01:01+00:00\",\"mainEntityOfPage\":{\"@id\":\"https:\/\/radioinfinitagoya.com.ar\/v1\/2025\/09\/10\/milei-hablara-en-cadena-nacional-para-presentar-el-presupuesto-2026\/\"},\"wordCount\":566,\"publisher\":{\"@id\":\"https:\/\/radioinfinitagoya.com.ar\/v1\/#organization\"},\"image\":{\"@id\":\"https:\/\/radioinfinitagoya.com.ar\/v1\/2025\/09\/10\/milei-hablara-en-cadena-nacional-para-presentar-el-presupuesto-2026\/#primaryimage\"},\"thumbnailUrl\":\"https:\/\/radioinfinitagoya.com.ar\/v1\/wp-content\/uploads\/2025\/09\/Swl1f315.jpg\",\"articleSection\":[\"NACIONALES\"],\"inLanguage\":\"es-AR\"},{\"@type\":\"WebPage\",\"@id\":\"https:\/\/radioinfinitagoya.com.ar\/v1\/2025\/09\/10\/milei-hablara-en-cadena-nacional-para-presentar-el-presupuesto-2026\/\",\"url\":\"https:\/\/radioinfinitagoya.com.ar\/v1\/2025\/09\/10\/milei-hablara-en-cadena-nacional-para-presentar-el-presupuesto-2026\/\",\"name\":\"Milei hablar\u00e1 en cadena nacional para presentar el Presupuesto 2026 - Radio Infinita Goya\",\"isPartOf\":{\"@id\":\"https:\/\/radioinfinitagoya.com.ar\/v1\/#website\"},\"primaryImageOfPage\":{\"@id\":\"https:\/\/radioinfinitagoya.com.ar\/v1\/2025\/09\/10\/milei-hablara-en-cadena-nacional-para-presentar-el-presupuesto-2026\/#primaryimage\"},\"image\":{\"@id\":\"https:\/\/radioinfinitagoya.com.ar\/v1\/2025\/09\/10\/milei-hablara-en-cadena-nacional-para-presentar-el-presupuesto-2026\/#primaryimage\"},\"thumbnailUrl\":\"https:\/\/radioinfinitagoya.com.ar\/v1\/wp-content\/uploads\/2025\/09\/Swl1f315.jpg\",\"datePublished\":\"2025-09-10T19:01:01+00:00\",\"description\":\"El Presidente har\u00e1 su puesta el lunes 15 de septiembre, seg\u00fan lo que confirm\u00f3 el vocero Adorni El presidente Javier Milei volver\u00e1 a hacer una cadena\",\"breadcrumb\":{\"@id\":\"https:\/\/radioinfinitagoya.com.ar\/v1\/2025\/09\/10\/milei-hablara-en-cadena-nacional-para-presentar-el-presupuesto-2026\/#breadcrumb\"},\"inLanguage\":\"es-AR\",\"potentialAction\":[{\"@type\":\"ReadAction\",\"target\":[\"https:\/\/radioinfinitagoya.com.ar\/v1\/2025\/09\/10\/milei-hablara-en-cadena-nacional-para-presentar-el-presupuesto-2026\/\"]}]},{\"@type\":\"ImageObject\",\"inLanguage\":\"es-AR\",\"@id\":\"https:\/\/radioinfinitagoya.com.ar\/v1\/2025\/09\/10\/milei-hablara-en-cadena-nacional-para-presentar-el-presupuesto-2026\/#primaryimage\",\"url\":\"https:\/\/radioinfinitagoya.com.ar\/v1\/wp-content\/uploads\/2025\/09\/Swl1f315.jpg\",\"contentUrl\":\"https:\/\/radioinfinitagoya.com.ar\/v1\/wp-content\/uploads\/2025\/09\/Swl1f315.jpg\",\"width\":679,\"height\":496},{\"@type\":\"BreadcrumbList\",\"@id\":\"https:\/\/radioinfinitagoya.com.ar\/v1\/2025\/09\/10\/milei-hablara-en-cadena-nacional-para-presentar-el-presupuesto-2026\/#breadcrumb\",\"itemListElement\":[{\"@type\":\"ListItem\",\"position\":1,\"name\":\"Inicio\",\"item\":\"https:\/\/radioinfinitagoya.com.ar\/v1\/\"},{\"@type\":\"ListItem\",\"position\":2,\"name\":\"Milei hablar\u00e1 en cadena nacional para presentar el Presupuesto 2026\"}]},{\"@type\":\"WebSite\",\"@id\":\"https:\/\/radioinfinitagoya.com.ar\/v1\/#website\",\"url\":\"https:\/\/radioinfinitagoya.com.ar\/v1\/\",\"name\":\"radioinfinitagoya.com.ar\",\"description\":\"Radio de noticias\",\"publisher\":{\"@id\":\"https:\/\/radioinfinitagoya.com.ar\/v1\/#organization\"},\"potentialAction\":[{\"@type\":\"SearchAction\",\"target\":{\"@type\":\"EntryPoint\",\"urlTemplate\":\"https:\/\/radioinfinitagoya.com.ar\/v1\/?s={search_term_string}\"},\"query-input\":{\"@type\":\"PropertyValueSpecification\",\"valueRequired\":true,\"valueName\":\"search_term_string\"}}],\"inLanguage\":\"es-AR\"},{\"@type\":\"Organization\",\"@id\":\"https:\/\/radioinfinitagoya.com.ar\/v1\/#organization\",\"name\":\"Radio Infinita Goya\",\"url\":\"https:\/\/radioinfinitagoya.com.ar\/v1\/\",\"logo\":{\"@type\":\"ImageObject\",\"inLanguage\":\"es-AR\",\"@id\":\"https:\/\/radioinfinitagoya.com.ar\/v1\/#\/schema\/logo\/image\/\",\"url\":\"https:\/\/radioinfinitagoya.com.ar\/v1\/wp-content\/uploads\/2019\/11\/logo-pie-web.png\",\"contentUrl\":\"https:\/\/radioinfinitagoya.com.ar\/v1\/wp-content\/uploads\/2019\/11\/logo-pie-web.png\",\"width\":635,\"height\":326,\"caption\":\"Radio Infinita Goya\"},\"image\":{\"@id\":\"https:\/\/radioinfinitagoya.com.ar\/v1\/#\/schema\/logo\/image\/\"},\"sameAs\":[\"https:\/\/www.facebook.com\/p\/Infinita-Goya-100063870918311\/\"]},{\"@type\":\"Person\",\"@id\":\"https:\/\/radioinfinitagoya.com.ar\/v1\/#\/schema\/person\/d4cf9c413d4f6edb24aabdccab49ca4a\",\"name\":\"Jorge Mi\u00f1o\",\"image\":{\"@type\":\"ImageObject\",\"inLanguage\":\"es-AR\",\"@id\":\"https:\/\/secure.gravatar.com\/avatar\/910fcf6728fe95320e07a6643c1581fec1c7fc4bf8ae12e3d8f0d0373dc844be?s=96&d=mm&r=g\",\"url\":\"https:\/\/secure.gravatar.com\/avatar\/910fcf6728fe95320e07a6643c1581fec1c7fc4bf8ae12e3d8f0d0373dc844be?s=96&d=mm&r=g\",\"contentUrl\":\"https:\/\/secure.gravatar.com\/avatar\/910fcf6728fe95320e07a6643c1581fec1c7fc4bf8ae12e3d8f0d0373dc844be?s=96&d=mm&r=g\",\"caption\":\"Jorge Mi\u00f1o\"},\"sameAs\":[\"http:\/\/radioinfinitagoya.com.ar\"]}]}<\/script>\n<!-- \/ Yoast SEO plugin. -->","yoast_head_json":{"title":"Milei hablar\u00e1 en cadena nacional para presentar el Presupuesto 2026 - Radio Infinita Goya","description":"El Presidente har\u00e1 su puesta el lunes 15 de septiembre, seg\u00fan lo que confirm\u00f3 el vocero Adorni El presidente Javier Milei volver\u00e1 a hacer una cadena","robots":{"index":"index","follow":"follow","max-snippet":"max-snippet:-1","max-image-preview":"max-image-preview:large","max-video-preview":"max-video-preview:-1"},"canonical":"https:\/\/radioinfinitagoya.com.ar\/v1\/2025\/09\/10\/milei-hablara-en-cadena-nacional-para-presentar-el-presupuesto-2026\/","og_locale":"es_ES","og_type":"article","og_title":"Milei hablar\u00e1 en cadena nacional para presentar el Presupuesto 2026 - Radio Infinita Goya","og_description":"El Presidente har\u00e1 su puesta el lunes 15 de septiembre, seg\u00fan lo que confirm\u00f3 el vocero Adorni El presidente Javier Milei volver\u00e1 a hacer una cadena","og_url":"https:\/\/radioinfinitagoya.com.ar\/v1\/2025\/09\/10\/milei-hablara-en-cadena-nacional-para-presentar-el-presupuesto-2026\/","og_site_name":"Radio Infinita Goya","article_publisher":"https:\/\/www.facebook.com\/p\/Infinita-Goya-100063870918311\/","article_published_time":"2025-09-10T19:01:01+00:00","og_image":[{"width":679,"height":496,"url":"https:\/\/radioinfinitagoya.com.ar\/v1\/wp-content\/uploads\/2025\/09\/Swl1f315.jpg","type":"image\/jpeg"}],"author":"Jorge Mi\u00f1o","twitter_card":"summary_large_image","twitter_misc":{"Escrito por":"Jorge Mi\u00f1o","Tiempo de lectura":"3 minutos"},"schema":{"@context":"https:\/\/schema.org","@graph":[{"@type":"Article","@id":"https:\/\/radioinfinitagoya.com.ar\/v1\/2025\/09\/10\/milei-hablara-en-cadena-nacional-para-presentar-el-presupuesto-2026\/#article","isPartOf":{"@id":"https:\/\/radioinfinitagoya.com.ar\/v1\/2025\/09\/10\/milei-hablara-en-cadena-nacional-para-presentar-el-presupuesto-2026\/"},"author":{"name":"Jorge Mi\u00f1o","@id":"https:\/\/radioinfinitagoya.com.ar\/v1\/#\/schema\/person\/d4cf9c413d4f6edb24aabdccab49ca4a"},"headline":"Milei hablar\u00e1 en cadena nacional para presentar el Presupuesto 2026","datePublished":"2025-09-10T19:01:01+00:00","mainEntityOfPage":{"@id":"https:\/\/radioinfinitagoya.com.ar\/v1\/2025\/09\/10\/milei-hablara-en-cadena-nacional-para-presentar-el-presupuesto-2026\/"},"wordCount":566,"publisher":{"@id":"https:\/\/radioinfinitagoya.com.ar\/v1\/#organization"},"image":{"@id":"https:\/\/radioinfinitagoya.com.ar\/v1\/2025\/09\/10\/milei-hablara-en-cadena-nacional-para-presentar-el-presupuesto-2026\/#primaryimage"},"thumbnailUrl":"https:\/\/radioinfinitagoya.com.ar\/v1\/wp-content\/uploads\/2025\/09\/Swl1f315.jpg","articleSection":["NACIONALES"],"inLanguage":"es-AR"},{"@type":"WebPage","@id":"https:\/\/radioinfinitagoya.com.ar\/v1\/2025\/09\/10\/milei-hablara-en-cadena-nacional-para-presentar-el-presupuesto-2026\/","url":"https:\/\/radioinfinitagoya.com.ar\/v1\/2025\/09\/10\/milei-hablara-en-cadena-nacional-para-presentar-el-presupuesto-2026\/","name":"Milei hablar\u00e1 en cadena nacional para presentar el Presupuesto 2026 - Radio Infinita Goya","isPartOf":{"@id":"https:\/\/radioinfinitagoya.com.ar\/v1\/#website"},"primaryImageOfPage":{"@id":"https:\/\/radioinfinitagoya.com.ar\/v1\/2025\/09\/10\/milei-hablara-en-cadena-nacional-para-presentar-el-presupuesto-2026\/#primaryimage"},"image":{"@id":"https:\/\/radioinfinitagoya.com.ar\/v1\/2025\/09\/10\/milei-hablara-en-cadena-nacional-para-presentar-el-presupuesto-2026\/#primaryimage"},"thumbnailUrl":"https:\/\/radioinfinitagoya.com.ar\/v1\/wp-content\/uploads\/2025\/09\/Swl1f315.jpg","datePublished":"2025-09-10T19:01:01+00:00","description":"El Presidente har\u00e1 su puesta el lunes 15 de septiembre, seg\u00fan lo que confirm\u00f3 el vocero Adorni El presidente Javier Milei volver\u00e1 a hacer una cadena","breadcrumb":{"@id":"https:\/\/radioinfinitagoya.com.ar\/v1\/2025\/09\/10\/milei-hablara-en-cadena-nacional-para-presentar-el-presupuesto-2026\/#breadcrumb"},"inLanguage":"es-AR","potentialAction":[{"@type":"ReadAction","target":["https:\/\/radioinfinitagoya.com.ar\/v1\/2025\/09\/10\/milei-hablara-en-cadena-nacional-para-presentar-el-presupuesto-2026\/"]}]},{"@type":"ImageObject","inLanguage":"es-AR","@id":"https:\/\/radioinfinitagoya.com.ar\/v1\/2025\/09\/10\/milei-hablara-en-cadena-nacional-para-presentar-el-presupuesto-2026\/#primaryimage","url":"https:\/\/radioinfinitagoya.com.ar\/v1\/wp-content\/uploads\/2025\/09\/Swl1f315.jpg","contentUrl":"https:\/\/radioinfinitagoya.com.ar\/v1\/wp-content\/uploads\/2025\/09\/Swl1f315.jpg","width":679,"height":496},{"@type":"BreadcrumbList","@id":"https:\/\/radioinfinitagoya.com.ar\/v1\/2025\/09\/10\/milei-hablara-en-cadena-nacional-para-presentar-el-presupuesto-2026\/#breadcrumb","itemListElement":[{"@type":"ListItem","position":1,"name":"Inicio","item":"https:\/\/radioinfinitagoya.com.ar\/v1\/"},{"@type":"ListItem","position":2,"name":"Milei hablar\u00e1 en cadena nacional para presentar el Presupuesto 2026"}]},{"@type":"WebSite","@id":"https:\/\/radioinfinitagoya.com.ar\/v1\/#website","url":"https:\/\/radioinfinitagoya.com.ar\/v1\/","name":"radioinfinitagoya.com.ar","description":"Radio de noticias","publisher":{"@id":"https:\/\/radioinfinitagoya.com.ar\/v1\/#organization"},"potentialAction":[{"@type":"SearchAction","target":{"@type":"EntryPoint","urlTemplate":"https:\/\/radioinfinitagoya.com.ar\/v1\/?s={search_term_string}"},"query-input":{"@type":"PropertyValueSpecification","valueRequired":true,"valueName":"search_term_string"}}],"inLanguage":"es-AR"},{"@type":"Organization","@id":"https:\/\/radioinfinitagoya.com.ar\/v1\/#organization","name":"Radio Infinita Goya","url":"https:\/\/radioinfinitagoya.com.ar\/v1\/","logo":{"@type":"ImageObject","inLanguage":"es-AR","@id":"https:\/\/radioinfinitagoya.com.ar\/v1\/#\/schema\/logo\/image\/","url":"https:\/\/radioinfinitagoya.com.ar\/v1\/wp-content\/uploads\/2019\/11\/logo-pie-web.png","contentUrl":"https:\/\/radioinfinitagoya.com.ar\/v1\/wp-content\/uploads\/2019\/11\/logo-pie-web.png","width":635,"height":326,"caption":"Radio Infinita Goya"},"image":{"@id":"https:\/\/radioinfinitagoya.com.ar\/v1\/#\/schema\/logo\/image\/"},"sameAs":["https:\/\/www.facebook.com\/p\/Infinita-Goya-100063870918311\/"]},{"@type":"Person","@id":"https:\/\/radioinfinitagoya.com.ar\/v1\/#\/schema\/person\/d4cf9c413d4f6edb24aabdccab49ca4a","name":"Jorge Mi\u00f1o","image":{"@type":"ImageObject","inLanguage":"es-AR","@id":"https:\/\/secure.gravatar.com\/avatar\/910fcf6728fe95320e07a6643c1581fec1c7fc4bf8ae12e3d8f0d0373dc844be?s=96&d=mm&r=g","url":"https:\/\/secure.gravatar.com\/avatar\/910fcf6728fe95320e07a6643c1581fec1c7fc4bf8ae12e3d8f0d0373dc844be?s=96&d=mm&r=g","contentUrl":"https:\/\/secure.gravatar.com\/avatar\/910fcf6728fe95320e07a6643c1581fec1c7fc4bf8ae12e3d8f0d0373dc844be?s=96&d=mm&r=g","caption":"Jorge Mi\u00f1o"},"sameAs":["http:\/\/radioinfinitagoya.com.ar"]}]}},"_links":{"self":[{"href":"https:\/\/radioinfinitagoya.com.ar\/v1\/wp-json\/wp\/v2\/posts\/195673","targetHints":{"allow":["GET"]}}],"collection":[{"href":"https:\/\/radioinfinitagoya.com.ar\/v1\/wp-json\/wp\/v2\/posts"}],"about":[{"href":"https:\/\/radioinfinitagoya.com.ar\/v1\/wp-json\/wp\/v2\/types\/post"}],"author":[{"embeddable":true,"href":"https:\/\/radioinfinitagoya.com.ar\/v1\/wp-json\/wp\/v2\/users\/4"}],"replies":[{"embeddable":true,"href":"https:\/\/radioinfinitagoya.com.ar\/v1\/wp-json\/wp\/v2\/comments?post=195673"}],"version-history":[{"count":0,"href":"https:\/\/radioinfinitagoya.com.ar\/v1\/wp-json\/wp\/v2\/posts\/195673\/revisions"}],"wp:featuredmedia":[{"embeddable":true,"href":"https:\/\/radioinfinitagoya.com.ar\/v1\/wp-json\/wp\/v2\/media\/195674"}],"wp:attachment":[{"href":"https:\/\/radioinfinitagoya.com.ar\/v1\/wp-json\/wp\/v2\/media?parent=195673"}],"wp:term":[{"taxonomy":"category","embeddable":true,"href":"https:\/\/radioinfinitagoya.com.ar\/v1\/wp-json\/wp\/v2\/categories?post=195673"},{"taxonomy":"post_tag","embeddable":true,"href":"https:\/\/radioinfinitagoya.com.ar\/v1\/wp-json\/wp\/v2\/tags?post=195673"}],"curies":[{"name":"wp","href":"https:\/\/api.w.org\/{rel}","templated":true}]}}