{"id":195676,"date":"2025-09-10T16:06:21","date_gmt":"2025-09-10T19:06:21","guid":{"rendered":"https:\/\/radioinfinitagoya.com.ar\/v1\/?p=195676"},"modified":"2025-09-10T16:06:21","modified_gmt":"2025-09-10T19:06:21","slug":"valdes-entregara-viviendas-e-inaugurara-obras-urbanas-en-ramada-paso-y-san-cosme","status":"publish","type":"post","link":"https:\/\/radioinfinitagoya.com.ar\/v1\/2025\/09\/10\/valdes-entregara-viviendas-e-inaugurara-obras-urbanas-en-ramada-paso-y-san-cosme\/","title":{"rendered":"Vald\u00e9s entregar\u00e1 viviendas e inaugurar\u00e1 obras urbanas en Ramada Paso y San Cosme"},"content":{"rendered":"<p>El gobernador de Corrientes realizar\u00e1 la inauguraci\u00f3n de pavimento, viviendas, una comisar\u00eda, un polideportivo y un cajero autom\u00e1tico.<\/p>\n<p>El gobernador Gustavo Vald\u00e9s encabezar\u00e1 este jueves 11 de septiembre una extensa agenda de actividades oficiales en las localidades de Ramada Paso y San Cosme, donde dejar\u00e1 habilitadas importantes obras de infraestructura urbana, habitacional y de servicios.<\/p>\n<p>Las actividades comenzar\u00e1n a las 10 en Ramada Paso, con la inauguraci\u00f3n de una nueva comisar\u00eda y 20 cuadras de pavimento en la zona de la avenida 13 de Junio y la plazoleta Fortunato A. Rossi. Posteriormente, a las 11, el mandatario entregar\u00e1 viviendas del programa \u201cO\u00f1ondiv\u00e9\u201d a familias de la localidad e inaugurar\u00e1 nuevas cuadras de cord\u00f3n cuneta.<\/p>\n<p>La agenda en Ramada Paso se completar\u00e1 con la habilitaci\u00f3n de un cajero autom\u00e1tico del Banco de Corrientes, ampliando los servicios financieros para los vecinos.<\/p>\n<p>Ya por la tarde, a las 14.30 en San Cosme, Vald\u00e9s inaugurar\u00e1 el ripio de la Ruta Provincial N\u00ba 1, entregar\u00e1 20 viviendas y habilitar\u00e1 las remodeladas instalaciones del Polideportivo municipal.<\/p>\n<p>Vald\u00e9s entregar\u00e1 viviendas e inaugurar\u00e1 obras urbanas en Ramada Paso y San Cosme<\/p>\n<p>&nbsp;<\/p>\n","protected":false},"excerpt":{"rendered":"<p>El gobernador de Corrientes realizar\u00e1 la inauguraci\u00f3n de pavimento, viviendas, una comisar\u00eda, un polideportivo y un cajero autom\u00e1tico. El gobernador Gustavo Vald\u00e9s encabezar\u00e1 este jueves 11 de septiembre una extensa agenda de actividades oficiales en las localidades de Ramada Paso y San Cosme, donde dejar\u00e1 habilitadas importantes obras de infraestructura urbana, habitacional y de servicios. [&hellip;]<\/p>\n","protected":false},"author":4,"featured_media":195677,"comment_status":"closed","ping_status":"closed","sticky":false,"template":"","format":"standard","meta":{"_joinchat":[],"footnotes":""},"categories":[34],"tags":[],"class_list":{"0":"post-195676","1":"post","2":"type-post","3":"status-publish","4":"format-standard","5":"has-post-thumbnail","7":"category-principal"},"yoast_head":"<!-- This site is optimized with the Yoast SEO plugin v27.2 - https:\/\/yoast.com\/product\/yoast-seo-wordpress\/ -->\n<title>Vald\u00e9s entregar\u00e1 viviendas e inaugurar\u00e1 obras urbanas en Ramada Paso y San Cosme - Radio Infinita Goya<\/title>\n<meta name=\"description\" content=\"El gobernador de Corrientes realizar\u00e1 la inauguraci\u00f3n de pavimento, viviendas, una comisar\u00eda, un polideportivo y un cajero autom\u00e1tico. El gobernador\" \/>\n<meta name=\"robots\" content=\"index, follow, max-snippet:-1, max-image-preview:large, max-video-preview:-1\" \/>\n<link rel=\"canonical\" href=\"https:\/\/radioinfinitagoya.com.ar\/v1\/2025\/09\/10\/valdes-entregara-viviendas-e-inaugurara-obras-urbanas-en-ramada-paso-y-san-cosme\/\" \/>\n<meta property=\"og:locale\" content=\"es_ES\" \/>\n<meta property=\"og:type\" content=\"article\" \/>\n<meta property=\"og:title\" content=\"Vald\u00e9s entregar\u00e1 viviendas e inaugurar\u00e1 obras urbanas en Ramada Paso y San Cosme - Radio Infinita Goya\" \/>\n<meta property=\"og:description\" content=\"El gobernador de Corrientes realizar\u00e1 la inauguraci\u00f3n de pavimento, viviendas, una comisar\u00eda, un polideportivo y un cajero autom\u00e1tico. El gobernador\" \/>\n<meta property=\"og:url\" content=\"https:\/\/radioinfinitagoya.com.ar\/v1\/2025\/09\/10\/valdes-entregara-viviendas-e-inaugurara-obras-urbanas-en-ramada-paso-y-san-cosme\/\" \/>\n<meta property=\"og:site_name\" content=\"Radio Infinita Goya\" \/>\n<meta property=\"article:publisher\" content=\"https:\/\/www.facebook.com\/p\/Infinita-Goya-100063870918311\/\" \/>\n<meta property=\"article:published_time\" content=\"2025-09-10T19:06:21+00:00\" \/>\n<meta property=\"og:image\" content=\"https:\/\/radioinfinitagoya.com.ar\/v1\/wp-content\/uploads\/2025\/09\/GzZtnv6XMAAbhfM.jpg\" \/>\n\t<meta property=\"og:image:width\" content=\"360\" \/>\n\t<meta property=\"og:image:height\" content=\"240\" \/>\n\t<meta property=\"og:image:type\" content=\"image\/jpeg\" \/>\n<meta name=\"author\" content=\"Jorge Mi\u00f1o\" \/>\n<meta name=\"twitter:card\" content=\"summary_large_image\" \/>\n<meta name=\"twitter:label1\" content=\"Escrito por\" \/>\n\t<meta name=\"twitter:data1\" content=\"Jorge Mi\u00f1o\" \/>\n\t<meta name=\"twitter:label2\" content=\"Tiempo de lectura\" \/>\n\t<meta name=\"twitter:data2\" content=\"2 minutos\" \/>\n<script type=\"application\/ld+json\" class=\"yoast-schema-graph\">{\"@context\":\"https:\/\/schema.org\",\"@graph\":[{\"@type\":\"Article\",\"@id\":\"https:\/\/radioinfinitagoya.com.ar\/v1\/2025\/09\/10\/valdes-entregara-viviendas-e-inaugurara-obras-urbanas-en-ramada-paso-y-san-cosme\/#article\",\"isPartOf\":{\"@id\":\"https:\/\/radioinfinitagoya.com.ar\/v1\/2025\/09\/10\/valdes-entregara-viviendas-e-inaugurara-obras-urbanas-en-ramada-paso-y-san-cosme\/\"},\"author\":{\"name\":\"Jorge Mi\u00f1o\",\"@id\":\"https:\/\/radioinfinitagoya.com.ar\/v1\/#\/schema\/person\/d4cf9c413d4f6edb24aabdccab49ca4a\"},\"headline\":\"Vald\u00e9s entregar\u00e1 viviendas e inaugurar\u00e1 obras urbanas en Ramada Paso y San Cosme\",\"datePublished\":\"2025-09-10T19:06:21+00:00\",\"mainEntityOfPage\":{\"@id\":\"https:\/\/radioinfinitagoya.com.ar\/v1\/2025\/09\/10\/valdes-entregara-viviendas-e-inaugurara-obras-urbanas-en-ramada-paso-y-san-cosme\/\"},\"wordCount\":203,\"publisher\":{\"@id\":\"https:\/\/radioinfinitagoya.com.ar\/v1\/#organization\"},\"image\":{\"@id\":\"https:\/\/radioinfinitagoya.com.ar\/v1\/2025\/09\/10\/valdes-entregara-viviendas-e-inaugurara-obras-urbanas-en-ramada-paso-y-san-cosme\/#primaryimage\"},\"thumbnailUrl\":\"https:\/\/radioinfinitagoya.com.ar\/v1\/wp-content\/uploads\/2025\/09\/GzZtnv6XMAAbhfM.jpg\",\"articleSection\":[\"PRINCIPAL\"],\"inLanguage\":\"es-AR\"},{\"@type\":\"WebPage\",\"@id\":\"https:\/\/radioinfinitagoya.com.ar\/v1\/2025\/09\/10\/valdes-entregara-viviendas-e-inaugurara-obras-urbanas-en-ramada-paso-y-san-cosme\/\",\"url\":\"https:\/\/radioinfinitagoya.com.ar\/v1\/2025\/09\/10\/valdes-entregara-viviendas-e-inaugurara-obras-urbanas-en-ramada-paso-y-san-cosme\/\",\"name\":\"Vald\u00e9s entregar\u00e1 viviendas e inaugurar\u00e1 obras urbanas en Ramada Paso y San Cosme - Radio Infinita Goya\",\"isPartOf\":{\"@id\":\"https:\/\/radioinfinitagoya.com.ar\/v1\/#website\"},\"primaryImageOfPage\":{\"@id\":\"https:\/\/radioinfinitagoya.com.ar\/v1\/2025\/09\/10\/valdes-entregara-viviendas-e-inaugurara-obras-urbanas-en-ramada-paso-y-san-cosme\/#primaryimage\"},\"image\":{\"@id\":\"https:\/\/radioinfinitagoya.com.ar\/v1\/2025\/09\/10\/valdes-entregara-viviendas-e-inaugurara-obras-urbanas-en-ramada-paso-y-san-cosme\/#primaryimage\"},\"thumbnailUrl\":\"https:\/\/radioinfinitagoya.com.ar\/v1\/wp-content\/uploads\/2025\/09\/GzZtnv6XMAAbhfM.jpg\",\"datePublished\":\"2025-09-10T19:06:21+00:00\",\"description\":\"El gobernador de Corrientes realizar\u00e1 la inauguraci\u00f3n de pavimento, viviendas, una comisar\u00eda, un polideportivo y un cajero autom\u00e1tico. El gobernador\",\"breadcrumb\":{\"@id\":\"https:\/\/radioinfinitagoya.com.ar\/v1\/2025\/09\/10\/valdes-entregara-viviendas-e-inaugurara-obras-urbanas-en-ramada-paso-y-san-cosme\/#breadcrumb\"},\"inLanguage\":\"es-AR\",\"potentialAction\":[{\"@type\":\"ReadAction\",\"target\":[\"https:\/\/radioinfinitagoya.com.ar\/v1\/2025\/09\/10\/valdes-entregara-viviendas-e-inaugurara-obras-urbanas-en-ramada-paso-y-san-cosme\/\"]}]},{\"@type\":\"ImageObject\",\"inLanguage\":\"es-AR\",\"@id\":\"https:\/\/radioinfinitagoya.com.ar\/v1\/2025\/09\/10\/valdes-entregara-viviendas-e-inaugurara-obras-urbanas-en-ramada-paso-y-san-cosme\/#primaryimage\",\"url\":\"https:\/\/radioinfinitagoya.com.ar\/v1\/wp-content\/uploads\/2025\/09\/GzZtnv6XMAAbhfM.jpg\",\"contentUrl\":\"https:\/\/radioinfinitagoya.com.ar\/v1\/wp-content\/uploads\/2025\/09\/GzZtnv6XMAAbhfM.jpg\",\"width\":360,\"height\":240},{\"@type\":\"BreadcrumbList\",\"@id\":\"https:\/\/radioinfinitagoya.com.ar\/v1\/2025\/09\/10\/valdes-entregara-viviendas-e-inaugurara-obras-urbanas-en-ramada-paso-y-san-cosme\/#breadcrumb\",\"itemListElement\":[{\"@type\":\"ListItem\",\"position\":1,\"name\":\"Inicio\",\"item\":\"https:\/\/radioinfinitagoya.com.ar\/v1\/\"},{\"@type\":\"ListItem\",\"position\":2,\"name\":\"Vald\u00e9s entregar\u00e1 viviendas e inaugurar\u00e1 obras urbanas en Ramada Paso y San Cosme\"}]},{\"@type\":\"WebSite\",\"@id\":\"https:\/\/radioinfinitagoya.com.ar\/v1\/#website\",\"url\":\"https:\/\/radioinfinitagoya.com.ar\/v1\/\",\"name\":\"radioinfinitagoya.com.ar\",\"description\":\"Radio de noticias\",\"publisher\":{\"@id\":\"https:\/\/radioinfinitagoya.com.ar\/v1\/#organization\"},\"potentialAction\":[{\"@type\":\"SearchAction\",\"target\":{\"@type\":\"EntryPoint\",\"urlTemplate\":\"https:\/\/radioinfinitagoya.com.ar\/v1\/?s={search_term_string}\"},\"query-input\":{\"@type\":\"PropertyValueSpecification\",\"valueRequired\":true,\"valueName\":\"search_term_string\"}}],\"inLanguage\":\"es-AR\"},{\"@type\":\"Organization\",\"@id\":\"https:\/\/radioinfinitagoya.com.ar\/v1\/#organization\",\"name\":\"Radio Infinita Goya\",\"url\":\"https:\/\/radioinfinitagoya.com.ar\/v1\/\",\"logo\":{\"@type\":\"ImageObject\",\"inLanguage\":\"es-AR\",\"@id\":\"https:\/\/radioinfinitagoya.com.ar\/v1\/#\/schema\/logo\/image\/\",\"url\":\"https:\/\/radioinfinitagoya.com.ar\/v1\/wp-content\/uploads\/2019\/11\/logo-pie-web.png\",\"contentUrl\":\"https:\/\/radioinfinitagoya.com.ar\/v1\/wp-content\/uploads\/2019\/11\/logo-pie-web.png\",\"width\":635,\"height\":326,\"caption\":\"Radio Infinita Goya\"},\"image\":{\"@id\":\"https:\/\/radioinfinitagoya.com.ar\/v1\/#\/schema\/logo\/image\/\"},\"sameAs\":[\"https:\/\/www.facebook.com\/p\/Infinita-Goya-100063870918311\/\"]},{\"@type\":\"Person\",\"@id\":\"https:\/\/radioinfinitagoya.com.ar\/v1\/#\/schema\/person\/d4cf9c413d4f6edb24aabdccab49ca4a\",\"name\":\"Jorge Mi\u00f1o\",\"image\":{\"@type\":\"ImageObject\",\"inLanguage\":\"es-AR\",\"@id\":\"https:\/\/secure.gravatar.com\/avatar\/910fcf6728fe95320e07a6643c1581fec1c7fc4bf8ae12e3d8f0d0373dc844be?s=96&d=mm&r=g\",\"url\":\"https:\/\/secure.gravatar.com\/avatar\/910fcf6728fe95320e07a6643c1581fec1c7fc4bf8ae12e3d8f0d0373dc844be?s=96&d=mm&r=g\",\"contentUrl\":\"https:\/\/secure.gravatar.com\/avatar\/910fcf6728fe95320e07a6643c1581fec1c7fc4bf8ae12e3d8f0d0373dc844be?s=96&d=mm&r=g\",\"caption\":\"Jorge Mi\u00f1o\"},\"sameAs\":[\"http:\/\/radioinfinitagoya.com.ar\"]}]}<\/script>\n<!-- \/ Yoast SEO plugin. -->","yoast_head_json":{"title":"Vald\u00e9s entregar\u00e1 viviendas e inaugurar\u00e1 obras urbanas en Ramada Paso y San Cosme - Radio Infinita Goya","description":"El gobernador de Corrientes realizar\u00e1 la inauguraci\u00f3n de pavimento, viviendas, una comisar\u00eda, un polideportivo y un cajero autom\u00e1tico. El gobernador","robots":{"index":"index","follow":"follow","max-snippet":"max-snippet:-1","max-image-preview":"max-image-preview:large","max-video-preview":"max-video-preview:-1"},"canonical":"https:\/\/radioinfinitagoya.com.ar\/v1\/2025\/09\/10\/valdes-entregara-viviendas-e-inaugurara-obras-urbanas-en-ramada-paso-y-san-cosme\/","og_locale":"es_ES","og_type":"article","og_title":"Vald\u00e9s entregar\u00e1 viviendas e inaugurar\u00e1 obras urbanas en Ramada Paso y San Cosme - Radio Infinita Goya","og_description":"El gobernador de Corrientes realizar\u00e1 la inauguraci\u00f3n de pavimento, viviendas, una comisar\u00eda, un polideportivo y un cajero autom\u00e1tico. El gobernador","og_url":"https:\/\/radioinfinitagoya.com.ar\/v1\/2025\/09\/10\/valdes-entregara-viviendas-e-inaugurara-obras-urbanas-en-ramada-paso-y-san-cosme\/","og_site_name":"Radio Infinita Goya","article_publisher":"https:\/\/www.facebook.com\/p\/Infinita-Goya-100063870918311\/","article_published_time":"2025-09-10T19:06:21+00:00","og_image":[{"width":360,"height":240,"url":"https:\/\/radioinfinitagoya.com.ar\/v1\/wp-content\/uploads\/2025\/09\/GzZtnv6XMAAbhfM.jpg","type":"image\/jpeg"}],"author":"Jorge Mi\u00f1o","twitter_card":"summary_large_image","twitter_misc":{"Escrito por":"Jorge Mi\u00f1o","Tiempo de lectura":"2 minutos"},"schema":{"@context":"https:\/\/schema.org","@graph":[{"@type":"Article","@id":"https:\/\/radioinfinitagoya.com.ar\/v1\/2025\/09\/10\/valdes-entregara-viviendas-e-inaugurara-obras-urbanas-en-ramada-paso-y-san-cosme\/#article","isPartOf":{"@id":"https:\/\/radioinfinitagoya.com.ar\/v1\/2025\/09\/10\/valdes-entregara-viviendas-e-inaugurara-obras-urbanas-en-ramada-paso-y-san-cosme\/"},"author":{"name":"Jorge Mi\u00f1o","@id":"https:\/\/radioinfinitagoya.com.ar\/v1\/#\/schema\/person\/d4cf9c413d4f6edb24aabdccab49ca4a"},"headline":"Vald\u00e9s entregar\u00e1 viviendas e inaugurar\u00e1 obras urbanas en Ramada Paso y San Cosme","datePublished":"2025-09-10T19:06:21+00:00","mainEntityOfPage":{"@id":"https:\/\/radioinfinitagoya.com.ar\/v1\/2025\/09\/10\/valdes-entregara-viviendas-e-inaugurara-obras-urbanas-en-ramada-paso-y-san-cosme\/"},"wordCount":203,"publisher":{"@id":"https:\/\/radioinfinitagoya.com.ar\/v1\/#organization"},"image":{"@id":"https:\/\/radioinfinitagoya.com.ar\/v1\/2025\/09\/10\/valdes-entregara-viviendas-e-inaugurara-obras-urbanas-en-ramada-paso-y-san-cosme\/#primaryimage"},"thumbnailUrl":"https:\/\/radioinfinitagoya.com.ar\/v1\/wp-content\/uploads\/2025\/09\/GzZtnv6XMAAbhfM.jpg","articleSection":["PRINCIPAL"],"inLanguage":"es-AR"},{"@type":"WebPage","@id":"https:\/\/radioinfinitagoya.com.ar\/v1\/2025\/09\/10\/valdes-entregara-viviendas-e-inaugurara-obras-urbanas-en-ramada-paso-y-san-cosme\/","url":"https:\/\/radioinfinitagoya.com.ar\/v1\/2025\/09\/10\/valdes-entregara-viviendas-e-inaugurara-obras-urbanas-en-ramada-paso-y-san-cosme\/","name":"Vald\u00e9s entregar\u00e1 viviendas e inaugurar\u00e1 obras urbanas en Ramada Paso y San Cosme - Radio Infinita Goya","isPartOf":{"@id":"https:\/\/radioinfinitagoya.com.ar\/v1\/#website"},"primaryImageOfPage":{"@id":"https:\/\/radioinfinitagoya.com.ar\/v1\/2025\/09\/10\/valdes-entregara-viviendas-e-inaugurara-obras-urbanas-en-ramada-paso-y-san-cosme\/#primaryimage"},"image":{"@id":"https:\/\/radioinfinitagoya.com.ar\/v1\/2025\/09\/10\/valdes-entregara-viviendas-e-inaugurara-obras-urbanas-en-ramada-paso-y-san-cosme\/#primaryimage"},"thumbnailUrl":"https:\/\/radioinfinitagoya.com.ar\/v1\/wp-content\/uploads\/2025\/09\/GzZtnv6XMAAbhfM.jpg","datePublished":"2025-09-10T19:06:21+00:00","description":"El gobernador de Corrientes realizar\u00e1 la inauguraci\u00f3n de pavimento, viviendas, una comisar\u00eda, un polideportivo y un cajero autom\u00e1tico. El gobernador","breadcrumb":{"@id":"https:\/\/radioinfinitagoya.com.ar\/v1\/2025\/09\/10\/valdes-entregara-viviendas-e-inaugurara-obras-urbanas-en-ramada-paso-y-san-cosme\/#breadcrumb"},"inLanguage":"es-AR","potentialAction":[{"@type":"ReadAction","target":["https:\/\/radioinfinitagoya.com.ar\/v1\/2025\/09\/10\/valdes-entregara-viviendas-e-inaugurara-obras-urbanas-en-ramada-paso-y-san-cosme\/"]}]},{"@type":"ImageObject","inLanguage":"es-AR","@id":"https:\/\/radioinfinitagoya.com.ar\/v1\/2025\/09\/10\/valdes-entregara-viviendas-e-inaugurara-obras-urbanas-en-ramada-paso-y-san-cosme\/#primaryimage","url":"https:\/\/radioinfinitagoya.com.ar\/v1\/wp-content\/uploads\/2025\/09\/GzZtnv6XMAAbhfM.jpg","contentUrl":"https:\/\/radioinfinitagoya.com.ar\/v1\/wp-content\/uploads\/2025\/09\/GzZtnv6XMAAbhfM.jpg","width":360,"height":240},{"@type":"BreadcrumbList","@id":"https:\/\/radioinfinitagoya.com.ar\/v1\/2025\/09\/10\/valdes-entregara-viviendas-e-inaugurara-obras-urbanas-en-ramada-paso-y-san-cosme\/#breadcrumb","itemListElement":[{"@type":"ListItem","position":1,"name":"Inicio","item":"https:\/\/radioinfinitagoya.com.ar\/v1\/"},{"@type":"ListItem","position":2,"name":"Vald\u00e9s entregar\u00e1 viviendas e inaugurar\u00e1 obras urbanas en Ramada Paso y San Cosme"}]},{"@type":"WebSite","@id":"https:\/\/radioinfinitagoya.com.ar\/v1\/#website","url":"https:\/\/radioinfinitagoya.com.ar\/v1\/","name":"radioinfinitagoya.com.ar","description":"Radio de noticias","publisher":{"@id":"https:\/\/radioinfinitagoya.com.ar\/v1\/#organization"},"potentialAction":[{"@type":"SearchAction","target":{"@type":"EntryPoint","urlTemplate":"https:\/\/radioinfinitagoya.com.ar\/v1\/?s={search_term_string}"},"query-input":{"@type":"PropertyValueSpecification","valueRequired":true,"valueName":"search_term_string"}}],"inLanguage":"es-AR"},{"@type":"Organization","@id":"https:\/\/radioinfinitagoya.com.ar\/v1\/#organization","name":"Radio Infinita Goya","url":"https:\/\/radioinfinitagoya.com.ar\/v1\/","logo":{"@type":"ImageObject","inLanguage":"es-AR","@id":"https:\/\/radioinfinitagoya.com.ar\/v1\/#\/schema\/logo\/image\/","url":"https:\/\/radioinfinitagoya.com.ar\/v1\/wp-content\/uploads\/2019\/11\/logo-pie-web.png","contentUrl":"https:\/\/radioinfinitagoya.com.ar\/v1\/wp-content\/uploads\/2019\/11\/logo-pie-web.png","width":635,"height":326,"caption":"Radio Infinita Goya"},"image":{"@id":"https:\/\/radioinfinitagoya.com.ar\/v1\/#\/schema\/logo\/image\/"},"sameAs":["https:\/\/www.facebook.com\/p\/Infinita-Goya-100063870918311\/"]},{"@type":"Person","@id":"https:\/\/radioinfinitagoya.com.ar\/v1\/#\/schema\/person\/d4cf9c413d4f6edb24aabdccab49ca4a","name":"Jorge Mi\u00f1o","image":{"@type":"ImageObject","inLanguage":"es-AR","@id":"https:\/\/secure.gravatar.com\/avatar\/910fcf6728fe95320e07a6643c1581fec1c7fc4bf8ae12e3d8f0d0373dc844be?s=96&d=mm&r=g","url":"https:\/\/secure.gravatar.com\/avatar\/910fcf6728fe95320e07a6643c1581fec1c7fc4bf8ae12e3d8f0d0373dc844be?s=96&d=mm&r=g","contentUrl":"https:\/\/secure.gravatar.com\/avatar\/910fcf6728fe95320e07a6643c1581fec1c7fc4bf8ae12e3d8f0d0373dc844be?s=96&d=mm&r=g","caption":"Jorge Mi\u00f1o"},"sameAs":["http:\/\/radioinfinitagoya.com.ar"]}]}},"_links":{"self":[{"href":"https:\/\/radioinfinitagoya.com.ar\/v1\/wp-json\/wp\/v2\/posts\/195676","targetHints":{"allow":["GET"]}}],"collection":[{"href":"https:\/\/radioinfinitagoya.com.ar\/v1\/wp-json\/wp\/v2\/posts"}],"about":[{"href":"https:\/\/radioinfinitagoya.com.ar\/v1\/wp-json\/wp\/v2\/types\/post"}],"author":[{"embeddable":true,"href":"https:\/\/radioinfinitagoya.com.ar\/v1\/wp-json\/wp\/v2\/users\/4"}],"replies":[{"embeddable":true,"href":"https:\/\/radioinfinitagoya.com.ar\/v1\/wp-json\/wp\/v2\/comments?post=195676"}],"version-history":[{"count":0,"href":"https:\/\/radioinfinitagoya.com.ar\/v1\/wp-json\/wp\/v2\/posts\/195676\/revisions"}],"wp:featuredmedia":[{"embeddable":true,"href":"https:\/\/radioinfinitagoya.com.ar\/v1\/wp-json\/wp\/v2\/media\/195677"}],"wp:attachment":[{"href":"https:\/\/radioinfinitagoya.com.ar\/v1\/wp-json\/wp\/v2\/media?parent=195676"}],"wp:term":[{"taxonomy":"category","embeddable":true,"href":"https:\/\/radioinfinitagoya.com.ar\/v1\/wp-json\/wp\/v2\/categories?post=195676"},{"taxonomy":"post_tag","embeddable":true,"href":"https:\/\/radioinfinitagoya.com.ar\/v1\/wp-json\/wp\/v2\/tags?post=195676"}],"curies":[{"name":"wp","href":"https:\/\/api.w.org\/{rel}","templated":true}]}}