{"id":195682,"date":"2025-09-10T16:18:51","date_gmt":"2025-09-10T19:18:51","guid":{"rendered":"https:\/\/radioinfinitagoya.com.ar\/v1\/?p=195682"},"modified":"2025-09-10T16:18:51","modified_gmt":"2025-09-10T19:18:51","slug":"argentina-cerro-las-eliminatorias-con-una-derrota-frente-a-ecuador","status":"publish","type":"post","link":"https:\/\/radioinfinitagoya.com.ar\/v1\/2025\/09\/10\/argentina-cerro-las-eliminatorias-con-una-derrota-frente-a-ecuador\/","title":{"rendered":"Argentina cerr\u00f3 las Eliminatorias con una derrota frente a Ecuador"},"content":{"rendered":"<p>El encuentro entre la Albiceleste y la Tricolor termin\u00f3 con un 1-0 a favor de los locales. La Selecci\u00f3n cay\u00f3 por cuarta vez en esta Eliminatoria y la tercera de visitante.<\/p>\n<p>Que el final de la Eliminatoria no tape el bosque. Que esta derrota en Guayaquil, que termin\u00f3 con el exagerado \u201cole, ole\u201d de los ecuatorianos, no sea m\u00e1s que una an\u00e9cdota y un aprendizaje de cara al Mundial 2026. Porque la Scaloneta perdi\u00f3 en esta \u00faltima presentaci\u00f3n en la previa del Mundial, pero eso no debe prender ninguna alarma porque la Selecci\u00f3n tiene claro cu\u00e1l es el norte, sigue siendo la mejor del mundo (m\u00e1s all\u00e1 de que ahora dejar\u00e1 de ser el top del ranking Fifa) y gan\u00f3 este torneo sudamericano con mucha antelaci\u00f3n, si hasta dando el handicap de perder, le sac\u00f3 nueve puntos de ventaja al segundo, al team de Beccacece.<\/p>\n<p>A pesar de la expulsi\u00f3n de Otamendi -quiz\u00e1s lo m\u00e1s caro del viaje a Ecuador- y del pol\u00e9mico penal que termin\u00f3 definiendo el partido, la Selecci\u00f3n pele\u00f3 hasta el final para intentar lograr un empate que siempre estuvo lejos en la cantidad de llegadas, pero no en el score. Y el 0-1 se explica solamente por la gran actuaci\u00f3n de Dibu Mart\u00ednez, quien fue quiz\u00e1s el \u00fanico que aprob\u00f3 como marca su curriculum, sacando cuatro pelotas muy buenas.<\/p>\n<p>La Selecci\u00f3n cay\u00f3 por cuarta vez en esta Eliminatoria y la tercera de visitante. Para el pedazo de equipo que es, fueron muchas las ca\u00eddas en un torneo de 18 fechas. Y eso tiene que ver con que cuando juega mal, en general no tiene medias tintas. Le sucedi\u00f3 en Barranquilla, en Asunci\u00f3n y en Guayaquil. Lo mismo que cuando perdi\u00f3 en la Bombonera con la Uruguay de Bielsa. Nunca encontr\u00f3 el partido. Y eso que el t\u00e9cnico hizo varias modificaciones en la previa -seis cambios con respecto al que le gan\u00f3 a Venezuela- y tambi\u00e9n en el durante. Pero m\u00e1s all\u00e1 de jugar en el llano, a la Scaloneta le falt\u00f3 el aire y el juego que supo conseguir en esta etapa.<\/p>\n<p>M\u00e1s all\u00e1 del cortito 0-1, el equipo nunca logr\u00f3 hacer revolcar a Gal\u00edndez, que termin\u00f3 como el arquero menos vencido en las Eliminatorias, ya que a su equipo, uno que Scaloni destac\u00f3 en la previa como uno de los mejores del mundo, solo le hicieron cinco goles. As\u00ed, se fue el \u00faltimo partido por los puntos antes de la Finallisima y el Mundial.<\/p>\n","protected":false},"excerpt":{"rendered":"<p>El encuentro entre la Albiceleste y la Tricolor termin\u00f3 con un 1-0 a favor de los locales. La Selecci\u00f3n cay\u00f3 por cuarta vez en esta Eliminatoria y la tercera de visitante. Que el final de la Eliminatoria no tape el bosque. Que esta derrota en Guayaquil, que termin\u00f3 con el exagerado \u201cole, ole\u201d de los [&hellip;]<\/p>\n","protected":false},"author":4,"featured_media":195683,"comment_status":"closed","ping_status":"closed","sticky":false,"template":"","format":"standard","meta":{"_joinchat":[],"footnotes":""},"categories":[28],"tags":[],"class_list":{"0":"post-195682","1":"post","2":"type-post","3":"status-publish","4":"format-standard","5":"has-post-thumbnail","7":"category-deportes"},"yoast_head":"<!-- This site is optimized with the Yoast SEO plugin v27.2 - https:\/\/yoast.com\/product\/yoast-seo-wordpress\/ -->\n<title>Argentina cerr\u00f3 las Eliminatorias con una derrota frente a Ecuador - Radio Infinita Goya<\/title>\n<meta name=\"description\" content=\"El encuentro entre la Albiceleste y la Tricolor termin\u00f3 con un 1-0 a favor de los locales. La Selecci\u00f3n cay\u00f3 por cuarta vez en esta Eliminatoria y la\" \/>\n<meta name=\"robots\" content=\"index, follow, max-snippet:-1, max-image-preview:large, max-video-preview:-1\" \/>\n<link rel=\"canonical\" href=\"https:\/\/radioinfinitagoya.com.ar\/v1\/2025\/09\/10\/argentina-cerro-las-eliminatorias-con-una-derrota-frente-a-ecuador\/\" \/>\n<meta property=\"og:locale\" content=\"es_ES\" \/>\n<meta property=\"og:type\" content=\"article\" \/>\n<meta property=\"og:title\" content=\"Argentina cerr\u00f3 las Eliminatorias con una derrota frente a Ecuador - Radio Infinita Goya\" \/>\n<meta property=\"og:description\" content=\"El encuentro entre la Albiceleste y la Tricolor termin\u00f3 con un 1-0 a favor de los locales. La Selecci\u00f3n cay\u00f3 por cuarta vez en esta Eliminatoria y la\" \/>\n<meta property=\"og:url\" content=\"https:\/\/radioinfinitagoya.com.ar\/v1\/2025\/09\/10\/argentina-cerro-las-eliminatorias-con-una-derrota-frente-a-ecuador\/\" \/>\n<meta property=\"og:site_name\" content=\"Radio Infinita Goya\" \/>\n<meta property=\"article:publisher\" content=\"https:\/\/www.facebook.com\/p\/Infinita-Goya-100063870918311\/\" \/>\n<meta property=\"article:published_time\" content=\"2025-09-10T19:18:51+00:00\" \/>\n<meta property=\"og:image\" content=\"https:\/\/radioinfinitagoya.com.ar\/v1\/wp-content\/uploads\/2025\/09\/1757503690787.jpg\" \/>\n\t<meta property=\"og:image:width\" content=\"807\" \/>\n\t<meta property=\"og:image:height\" content=\"475\" \/>\n\t<meta property=\"og:image:type\" content=\"image\/jpeg\" \/>\n<meta name=\"author\" content=\"Jorge Mi\u00f1o\" \/>\n<meta name=\"twitter:card\" content=\"summary_large_image\" \/>\n<meta name=\"twitter:label1\" content=\"Escrito por\" \/>\n\t<meta name=\"twitter:data1\" content=\"Jorge Mi\u00f1o\" \/>\n\t<meta name=\"twitter:label2\" content=\"Tiempo de lectura\" \/>\n\t<meta name=\"twitter:data2\" content=\"3 minutos\" \/>\n<script type=\"application\/ld+json\" class=\"yoast-schema-graph\">{\"@context\":\"https:\/\/schema.org\",\"@graph\":[{\"@type\":\"Article\",\"@id\":\"https:\/\/radioinfinitagoya.com.ar\/v1\/2025\/09\/10\/argentina-cerro-las-eliminatorias-con-una-derrota-frente-a-ecuador\/#article\",\"isPartOf\":{\"@id\":\"https:\/\/radioinfinitagoya.com.ar\/v1\/2025\/09\/10\/argentina-cerro-las-eliminatorias-con-una-derrota-frente-a-ecuador\/\"},\"author\":{\"name\":\"Jorge Mi\u00f1o\",\"@id\":\"https:\/\/radioinfinitagoya.com.ar\/v1\/#\/schema\/person\/d4cf9c413d4f6edb24aabdccab49ca4a\"},\"headline\":\"Argentina cerr\u00f3 las Eliminatorias con una derrota frente a Ecuador\",\"datePublished\":\"2025-09-10T19:18:51+00:00\",\"mainEntityOfPage\":{\"@id\":\"https:\/\/radioinfinitagoya.com.ar\/v1\/2025\/09\/10\/argentina-cerro-las-eliminatorias-con-una-derrota-frente-a-ecuador\/\"},\"wordCount\":441,\"publisher\":{\"@id\":\"https:\/\/radioinfinitagoya.com.ar\/v1\/#organization\"},\"image\":{\"@id\":\"https:\/\/radioinfinitagoya.com.ar\/v1\/2025\/09\/10\/argentina-cerro-las-eliminatorias-con-una-derrota-frente-a-ecuador\/#primaryimage\"},\"thumbnailUrl\":\"https:\/\/radioinfinitagoya.com.ar\/v1\/wp-content\/uploads\/2025\/09\/1757503690787.jpg\",\"articleSection\":[\"DEPORTES\"],\"inLanguage\":\"es-AR\"},{\"@type\":\"WebPage\",\"@id\":\"https:\/\/radioinfinitagoya.com.ar\/v1\/2025\/09\/10\/argentina-cerro-las-eliminatorias-con-una-derrota-frente-a-ecuador\/\",\"url\":\"https:\/\/radioinfinitagoya.com.ar\/v1\/2025\/09\/10\/argentina-cerro-las-eliminatorias-con-una-derrota-frente-a-ecuador\/\",\"name\":\"Argentina cerr\u00f3 las Eliminatorias con una derrota frente a Ecuador - Radio Infinita Goya\",\"isPartOf\":{\"@id\":\"https:\/\/radioinfinitagoya.com.ar\/v1\/#website\"},\"primaryImageOfPage\":{\"@id\":\"https:\/\/radioinfinitagoya.com.ar\/v1\/2025\/09\/10\/argentina-cerro-las-eliminatorias-con-una-derrota-frente-a-ecuador\/#primaryimage\"},\"image\":{\"@id\":\"https:\/\/radioinfinitagoya.com.ar\/v1\/2025\/09\/10\/argentina-cerro-las-eliminatorias-con-una-derrota-frente-a-ecuador\/#primaryimage\"},\"thumbnailUrl\":\"https:\/\/radioinfinitagoya.com.ar\/v1\/wp-content\/uploads\/2025\/09\/1757503690787.jpg\",\"datePublished\":\"2025-09-10T19:18:51+00:00\",\"description\":\"El encuentro entre la Albiceleste y la Tricolor termin\u00f3 con un 1-0 a favor de los locales. La Selecci\u00f3n cay\u00f3 por cuarta vez en esta Eliminatoria y la\",\"breadcrumb\":{\"@id\":\"https:\/\/radioinfinitagoya.com.ar\/v1\/2025\/09\/10\/argentina-cerro-las-eliminatorias-con-una-derrota-frente-a-ecuador\/#breadcrumb\"},\"inLanguage\":\"es-AR\",\"potentialAction\":[{\"@type\":\"ReadAction\",\"target\":[\"https:\/\/radioinfinitagoya.com.ar\/v1\/2025\/09\/10\/argentina-cerro-las-eliminatorias-con-una-derrota-frente-a-ecuador\/\"]}]},{\"@type\":\"ImageObject\",\"inLanguage\":\"es-AR\",\"@id\":\"https:\/\/radioinfinitagoya.com.ar\/v1\/2025\/09\/10\/argentina-cerro-las-eliminatorias-con-una-derrota-frente-a-ecuador\/#primaryimage\",\"url\":\"https:\/\/radioinfinitagoya.com.ar\/v1\/wp-content\/uploads\/2025\/09\/1757503690787.jpg\",\"contentUrl\":\"https:\/\/radioinfinitagoya.com.ar\/v1\/wp-content\/uploads\/2025\/09\/1757503690787.jpg\",\"width\":807,\"height\":475},{\"@type\":\"BreadcrumbList\",\"@id\":\"https:\/\/radioinfinitagoya.com.ar\/v1\/2025\/09\/10\/argentina-cerro-las-eliminatorias-con-una-derrota-frente-a-ecuador\/#breadcrumb\",\"itemListElement\":[{\"@type\":\"ListItem\",\"position\":1,\"name\":\"Inicio\",\"item\":\"https:\/\/radioinfinitagoya.com.ar\/v1\/\"},{\"@type\":\"ListItem\",\"position\":2,\"name\":\"Argentina cerr\u00f3 las Eliminatorias con una derrota frente a Ecuador\"}]},{\"@type\":\"WebSite\",\"@id\":\"https:\/\/radioinfinitagoya.com.ar\/v1\/#website\",\"url\":\"https:\/\/radioinfinitagoya.com.ar\/v1\/\",\"name\":\"radioinfinitagoya.com.ar\",\"description\":\"Radio de noticias\",\"publisher\":{\"@id\":\"https:\/\/radioinfinitagoya.com.ar\/v1\/#organization\"},\"potentialAction\":[{\"@type\":\"SearchAction\",\"target\":{\"@type\":\"EntryPoint\",\"urlTemplate\":\"https:\/\/radioinfinitagoya.com.ar\/v1\/?s={search_term_string}\"},\"query-input\":{\"@type\":\"PropertyValueSpecification\",\"valueRequired\":true,\"valueName\":\"search_term_string\"}}],\"inLanguage\":\"es-AR\"},{\"@type\":\"Organization\",\"@id\":\"https:\/\/radioinfinitagoya.com.ar\/v1\/#organization\",\"name\":\"Radio Infinita Goya\",\"url\":\"https:\/\/radioinfinitagoya.com.ar\/v1\/\",\"logo\":{\"@type\":\"ImageObject\",\"inLanguage\":\"es-AR\",\"@id\":\"https:\/\/radioinfinitagoya.com.ar\/v1\/#\/schema\/logo\/image\/\",\"url\":\"https:\/\/radioinfinitagoya.com.ar\/v1\/wp-content\/uploads\/2019\/11\/logo-pie-web.png\",\"contentUrl\":\"https:\/\/radioinfinitagoya.com.ar\/v1\/wp-content\/uploads\/2019\/11\/logo-pie-web.png\",\"width\":635,\"height\":326,\"caption\":\"Radio Infinita Goya\"},\"image\":{\"@id\":\"https:\/\/radioinfinitagoya.com.ar\/v1\/#\/schema\/logo\/image\/\"},\"sameAs\":[\"https:\/\/www.facebook.com\/p\/Infinita-Goya-100063870918311\/\"]},{\"@type\":\"Person\",\"@id\":\"https:\/\/radioinfinitagoya.com.ar\/v1\/#\/schema\/person\/d4cf9c413d4f6edb24aabdccab49ca4a\",\"name\":\"Jorge Mi\u00f1o\",\"image\":{\"@type\":\"ImageObject\",\"inLanguage\":\"es-AR\",\"@id\":\"https:\/\/secure.gravatar.com\/avatar\/910fcf6728fe95320e07a6643c1581fec1c7fc4bf8ae12e3d8f0d0373dc844be?s=96&d=mm&r=g\",\"url\":\"https:\/\/secure.gravatar.com\/avatar\/910fcf6728fe95320e07a6643c1581fec1c7fc4bf8ae12e3d8f0d0373dc844be?s=96&d=mm&r=g\",\"contentUrl\":\"https:\/\/secure.gravatar.com\/avatar\/910fcf6728fe95320e07a6643c1581fec1c7fc4bf8ae12e3d8f0d0373dc844be?s=96&d=mm&r=g\",\"caption\":\"Jorge Mi\u00f1o\"},\"sameAs\":[\"http:\/\/radioinfinitagoya.com.ar\"]}]}<\/script>\n<!-- \/ Yoast SEO plugin. -->","yoast_head_json":{"title":"Argentina cerr\u00f3 las Eliminatorias con una derrota frente a Ecuador - Radio Infinita Goya","description":"El encuentro entre la Albiceleste y la Tricolor termin\u00f3 con un 1-0 a favor de los locales. La Selecci\u00f3n cay\u00f3 por cuarta vez en esta Eliminatoria y la","robots":{"index":"index","follow":"follow","max-snippet":"max-snippet:-1","max-image-preview":"max-image-preview:large","max-video-preview":"max-video-preview:-1"},"canonical":"https:\/\/radioinfinitagoya.com.ar\/v1\/2025\/09\/10\/argentina-cerro-las-eliminatorias-con-una-derrota-frente-a-ecuador\/","og_locale":"es_ES","og_type":"article","og_title":"Argentina cerr\u00f3 las Eliminatorias con una derrota frente a Ecuador - Radio Infinita Goya","og_description":"El encuentro entre la Albiceleste y la Tricolor termin\u00f3 con un 1-0 a favor de los locales. La Selecci\u00f3n cay\u00f3 por cuarta vez en esta Eliminatoria y la","og_url":"https:\/\/radioinfinitagoya.com.ar\/v1\/2025\/09\/10\/argentina-cerro-las-eliminatorias-con-una-derrota-frente-a-ecuador\/","og_site_name":"Radio Infinita Goya","article_publisher":"https:\/\/www.facebook.com\/p\/Infinita-Goya-100063870918311\/","article_published_time":"2025-09-10T19:18:51+00:00","og_image":[{"width":807,"height":475,"url":"https:\/\/radioinfinitagoya.com.ar\/v1\/wp-content\/uploads\/2025\/09\/1757503690787.jpg","type":"image\/jpeg"}],"author":"Jorge Mi\u00f1o","twitter_card":"summary_large_image","twitter_misc":{"Escrito por":"Jorge Mi\u00f1o","Tiempo de lectura":"3 minutos"},"schema":{"@context":"https:\/\/schema.org","@graph":[{"@type":"Article","@id":"https:\/\/radioinfinitagoya.com.ar\/v1\/2025\/09\/10\/argentina-cerro-las-eliminatorias-con-una-derrota-frente-a-ecuador\/#article","isPartOf":{"@id":"https:\/\/radioinfinitagoya.com.ar\/v1\/2025\/09\/10\/argentina-cerro-las-eliminatorias-con-una-derrota-frente-a-ecuador\/"},"author":{"name":"Jorge Mi\u00f1o","@id":"https:\/\/radioinfinitagoya.com.ar\/v1\/#\/schema\/person\/d4cf9c413d4f6edb24aabdccab49ca4a"},"headline":"Argentina cerr\u00f3 las Eliminatorias con una derrota frente a Ecuador","datePublished":"2025-09-10T19:18:51+00:00","mainEntityOfPage":{"@id":"https:\/\/radioinfinitagoya.com.ar\/v1\/2025\/09\/10\/argentina-cerro-las-eliminatorias-con-una-derrota-frente-a-ecuador\/"},"wordCount":441,"publisher":{"@id":"https:\/\/radioinfinitagoya.com.ar\/v1\/#organization"},"image":{"@id":"https:\/\/radioinfinitagoya.com.ar\/v1\/2025\/09\/10\/argentina-cerro-las-eliminatorias-con-una-derrota-frente-a-ecuador\/#primaryimage"},"thumbnailUrl":"https:\/\/radioinfinitagoya.com.ar\/v1\/wp-content\/uploads\/2025\/09\/1757503690787.jpg","articleSection":["DEPORTES"],"inLanguage":"es-AR"},{"@type":"WebPage","@id":"https:\/\/radioinfinitagoya.com.ar\/v1\/2025\/09\/10\/argentina-cerro-las-eliminatorias-con-una-derrota-frente-a-ecuador\/","url":"https:\/\/radioinfinitagoya.com.ar\/v1\/2025\/09\/10\/argentina-cerro-las-eliminatorias-con-una-derrota-frente-a-ecuador\/","name":"Argentina cerr\u00f3 las Eliminatorias con una derrota frente a Ecuador - Radio Infinita Goya","isPartOf":{"@id":"https:\/\/radioinfinitagoya.com.ar\/v1\/#website"},"primaryImageOfPage":{"@id":"https:\/\/radioinfinitagoya.com.ar\/v1\/2025\/09\/10\/argentina-cerro-las-eliminatorias-con-una-derrota-frente-a-ecuador\/#primaryimage"},"image":{"@id":"https:\/\/radioinfinitagoya.com.ar\/v1\/2025\/09\/10\/argentina-cerro-las-eliminatorias-con-una-derrota-frente-a-ecuador\/#primaryimage"},"thumbnailUrl":"https:\/\/radioinfinitagoya.com.ar\/v1\/wp-content\/uploads\/2025\/09\/1757503690787.jpg","datePublished":"2025-09-10T19:18:51+00:00","description":"El encuentro entre la Albiceleste y la Tricolor termin\u00f3 con un 1-0 a favor de los locales. La Selecci\u00f3n cay\u00f3 por cuarta vez en esta Eliminatoria y la","breadcrumb":{"@id":"https:\/\/radioinfinitagoya.com.ar\/v1\/2025\/09\/10\/argentina-cerro-las-eliminatorias-con-una-derrota-frente-a-ecuador\/#breadcrumb"},"inLanguage":"es-AR","potentialAction":[{"@type":"ReadAction","target":["https:\/\/radioinfinitagoya.com.ar\/v1\/2025\/09\/10\/argentina-cerro-las-eliminatorias-con-una-derrota-frente-a-ecuador\/"]}]},{"@type":"ImageObject","inLanguage":"es-AR","@id":"https:\/\/radioinfinitagoya.com.ar\/v1\/2025\/09\/10\/argentina-cerro-las-eliminatorias-con-una-derrota-frente-a-ecuador\/#primaryimage","url":"https:\/\/radioinfinitagoya.com.ar\/v1\/wp-content\/uploads\/2025\/09\/1757503690787.jpg","contentUrl":"https:\/\/radioinfinitagoya.com.ar\/v1\/wp-content\/uploads\/2025\/09\/1757503690787.jpg","width":807,"height":475},{"@type":"BreadcrumbList","@id":"https:\/\/radioinfinitagoya.com.ar\/v1\/2025\/09\/10\/argentina-cerro-las-eliminatorias-con-una-derrota-frente-a-ecuador\/#breadcrumb","itemListElement":[{"@type":"ListItem","position":1,"name":"Inicio","item":"https:\/\/radioinfinitagoya.com.ar\/v1\/"},{"@type":"ListItem","position":2,"name":"Argentina cerr\u00f3 las Eliminatorias con una derrota frente a Ecuador"}]},{"@type":"WebSite","@id":"https:\/\/radioinfinitagoya.com.ar\/v1\/#website","url":"https:\/\/radioinfinitagoya.com.ar\/v1\/","name":"radioinfinitagoya.com.ar","description":"Radio de noticias","publisher":{"@id":"https:\/\/radioinfinitagoya.com.ar\/v1\/#organization"},"potentialAction":[{"@type":"SearchAction","target":{"@type":"EntryPoint","urlTemplate":"https:\/\/radioinfinitagoya.com.ar\/v1\/?s={search_term_string}"},"query-input":{"@type":"PropertyValueSpecification","valueRequired":true,"valueName":"search_term_string"}}],"inLanguage":"es-AR"},{"@type":"Organization","@id":"https:\/\/radioinfinitagoya.com.ar\/v1\/#organization","name":"Radio Infinita Goya","url":"https:\/\/radioinfinitagoya.com.ar\/v1\/","logo":{"@type":"ImageObject","inLanguage":"es-AR","@id":"https:\/\/radioinfinitagoya.com.ar\/v1\/#\/schema\/logo\/image\/","url":"https:\/\/radioinfinitagoya.com.ar\/v1\/wp-content\/uploads\/2019\/11\/logo-pie-web.png","contentUrl":"https:\/\/radioinfinitagoya.com.ar\/v1\/wp-content\/uploads\/2019\/11\/logo-pie-web.png","width":635,"height":326,"caption":"Radio Infinita Goya"},"image":{"@id":"https:\/\/radioinfinitagoya.com.ar\/v1\/#\/schema\/logo\/image\/"},"sameAs":["https:\/\/www.facebook.com\/p\/Infinita-Goya-100063870918311\/"]},{"@type":"Person","@id":"https:\/\/radioinfinitagoya.com.ar\/v1\/#\/schema\/person\/d4cf9c413d4f6edb24aabdccab49ca4a","name":"Jorge Mi\u00f1o","image":{"@type":"ImageObject","inLanguage":"es-AR","@id":"https:\/\/secure.gravatar.com\/avatar\/910fcf6728fe95320e07a6643c1581fec1c7fc4bf8ae12e3d8f0d0373dc844be?s=96&d=mm&r=g","url":"https:\/\/secure.gravatar.com\/avatar\/910fcf6728fe95320e07a6643c1581fec1c7fc4bf8ae12e3d8f0d0373dc844be?s=96&d=mm&r=g","contentUrl":"https:\/\/secure.gravatar.com\/avatar\/910fcf6728fe95320e07a6643c1581fec1c7fc4bf8ae12e3d8f0d0373dc844be?s=96&d=mm&r=g","caption":"Jorge Mi\u00f1o"},"sameAs":["http:\/\/radioinfinitagoya.com.ar"]}]}},"_links":{"self":[{"href":"https:\/\/radioinfinitagoya.com.ar\/v1\/wp-json\/wp\/v2\/posts\/195682","targetHints":{"allow":["GET"]}}],"collection":[{"href":"https:\/\/radioinfinitagoya.com.ar\/v1\/wp-json\/wp\/v2\/posts"}],"about":[{"href":"https:\/\/radioinfinitagoya.com.ar\/v1\/wp-json\/wp\/v2\/types\/post"}],"author":[{"embeddable":true,"href":"https:\/\/radioinfinitagoya.com.ar\/v1\/wp-json\/wp\/v2\/users\/4"}],"replies":[{"embeddable":true,"href":"https:\/\/radioinfinitagoya.com.ar\/v1\/wp-json\/wp\/v2\/comments?post=195682"}],"version-history":[{"count":0,"href":"https:\/\/radioinfinitagoya.com.ar\/v1\/wp-json\/wp\/v2\/posts\/195682\/revisions"}],"wp:featuredmedia":[{"embeddable":true,"href":"https:\/\/radioinfinitagoya.com.ar\/v1\/wp-json\/wp\/v2\/media\/195683"}],"wp:attachment":[{"href":"https:\/\/radioinfinitagoya.com.ar\/v1\/wp-json\/wp\/v2\/media?parent=195682"}],"wp:term":[{"taxonomy":"category","embeddable":true,"href":"https:\/\/radioinfinitagoya.com.ar\/v1\/wp-json\/wp\/v2\/categories?post=195682"},{"taxonomy":"post_tag","embeddable":true,"href":"https:\/\/radioinfinitagoya.com.ar\/v1\/wp-json\/wp\/v2\/tags?post=195682"}],"curies":[{"name":"wp","href":"https:\/\/api.w.org\/{rel}","templated":true}]}}