{"id":195688,"date":"2025-09-10T16:24:10","date_gmt":"2025-09-10T19:24:10","guid":{"rendered":"https:\/\/radioinfinitagoya.com.ar\/v1\/?p=195688"},"modified":"2025-09-10T16:24:10","modified_gmt":"2025-09-10T19:24:10","slug":"javier-zannino-volvera-a-competir-en-la-carrera-mas-extrema-del-mundo","status":"publish","type":"post","link":"https:\/\/radioinfinitagoya.com.ar\/v1\/2025\/09\/10\/javier-zannino-volvera-a-competir-en-la-carrera-mas-extrema-del-mundo\/","title":{"rendered":"Javier Zannino volver\u00e1 a competir en la carrera m\u00e1s extrema del mundo"},"content":{"rendered":"<p>El atleta correntino Javier Zannino, de 50 a\u00f1os, se sumar\u00e1 a la Legi\u00f3n Argentina para participar en el Spartathon 2025, una ultramarat\u00f3n de 246 kil\u00f3metros que recorre Grecia desde Atenas hasta Esparta, considerada una de las pruebas m\u00e1s extremas del mundo. La largada ser\u00e1 el 27 de septiembre a las 7 hs de la ma\u00f1ana, a los pies de la Acr\u00f3polis.<\/p>\n<p>Zannino buscar\u00e1 alcanzar la meta por tercera vez. En 2019 se convirti\u00f3 en finisher, completando la carrera en 34 horas, 35 minutos y 20 segundos, tocando los pies del monumento al Rey Le\u00f3nidas en Esparta. En 2022, la historia fue diferente: tras recorrer m\u00e1s de 230 kil\u00f3metros, sufri\u00f3 un desmayo a solo 12 kil\u00f3metros de la meta y debi\u00f3 ser hospitalizado.<\/p>\n<p>\u201cHay un final escrito en 2022 y la vida me regala la posibilidad de cambiar ese final\u201d, expres\u00f3 el corredor ante la oportunidad de volver a Grecia. \u201cEl universo, Dios me dan la posibilidad de estar a la altura y volver a clasificar\u201d, agreg\u00f3.<\/p>\n<p>El Spartathlon se inspira en la haza\u00f1a del mensajero ateniense Fil\u00edpides, quien en el 490 a.C. recorri\u00f3 la distancia entre Atenas y Esparta para buscar ayuda contra la invasi\u00f3n persa. Desde 1983, solo 38 argentinos han logrado llegar a la meta. Los participantes tienen 36 horas para completar la prueba y deben pasar por 75 puestos de control a lo largo del recorrido.<\/p>\n<p>Para clasificar, los corredores deben acreditar marcas m\u00ednimas de ultra distancia: completar 100 kil\u00f3metros en 10 horas o superar 180 kil\u00f3metros en 24 horas. Entre sus \u00faltimas competencias, Zannino corri\u00f3 194 kil\u00f3metros en 24 horas en Montevideo, 195 kil\u00f3metros en el Campeonato Continental de Mar del Plata 2024 y 207 kil\u00f3metros en el Mundial de Ultrafondo 2023 en Tailandia.<\/p>\n<p>Para costear parte del viaje y la inscripci\u00f3n, Zannino emprendi\u00f3 una campa\u00f1a de venta de remeras alusivas al Spartathon y a la representaci\u00f3n argentina, que se pueden conseguir a trav\u00e9s de su cuenta de Instagram @javierzannino. El ultramaratonista no recibe apoyo oficial, solo de amigos y comercios locales. Junto a otros nueve argentinos, Zannino partir\u00e1 rumbo a Grecia, decidido a alcanzar nuevamente la meta y dejar su huella en la ultramarat\u00f3n m\u00e1s m\u00edtica del mundo.<\/p>\n","protected":false},"excerpt":{"rendered":"<p>El atleta correntino Javier Zannino, de 50 a\u00f1os, se sumar\u00e1 a la Legi\u00f3n Argentina para participar en el Spartathon 2025, una ultramarat\u00f3n de 246 kil\u00f3metros que recorre Grecia desde Atenas hasta Esparta, considerada una de las pruebas m\u00e1s extremas del mundo. La largada ser\u00e1 el 27 de septiembre a las 7 hs de la ma\u00f1ana, [&hellip;]<\/p>\n","protected":false},"author":4,"featured_media":195689,"comment_status":"closed","ping_status":"closed","sticky":false,"template":"","format":"standard","meta":{"_joinchat":[],"footnotes":""},"categories":[28],"tags":[],"class_list":{"0":"post-195688","1":"post","2":"type-post","3":"status-publish","4":"format-standard","5":"has-post-thumbnail","7":"category-deportes"},"yoast_head":"<!-- This site is optimized with the Yoast SEO plugin v27.2 - https:\/\/yoast.com\/product\/yoast-seo-wordpress\/ -->\n<title>Javier Zannino volver\u00e1 a competir en la carrera m\u00e1s extrema del mundo - Radio Infinita Goya<\/title>\n<meta name=\"description\" content=\"El atleta correntino Javier Zannino, de 50 a\u00f1os, se sumar\u00e1 a la Legi\u00f3n Argentina para participar en el Spartathon 2025, una ultramarat\u00f3n de 246 kil\u00f3metros\" \/>\n<meta name=\"robots\" content=\"index, follow, max-snippet:-1, max-image-preview:large, max-video-preview:-1\" \/>\n<link rel=\"canonical\" href=\"https:\/\/radioinfinitagoya.com.ar\/v1\/2025\/09\/10\/javier-zannino-volvera-a-competir-en-la-carrera-mas-extrema-del-mundo\/\" \/>\n<meta property=\"og:locale\" content=\"es_ES\" \/>\n<meta property=\"og:type\" content=\"article\" \/>\n<meta property=\"og:title\" content=\"Javier Zannino volver\u00e1 a competir en la carrera m\u00e1s extrema del mundo - Radio Infinita Goya\" \/>\n<meta property=\"og:description\" content=\"El atleta correntino Javier Zannino, de 50 a\u00f1os, se sumar\u00e1 a la Legi\u00f3n Argentina para participar en el Spartathon 2025, una ultramarat\u00f3n de 246 kil\u00f3metros\" \/>\n<meta property=\"og:url\" content=\"https:\/\/radioinfinitagoya.com.ar\/v1\/2025\/09\/10\/javier-zannino-volvera-a-competir-en-la-carrera-mas-extrema-del-mundo\/\" \/>\n<meta property=\"og:site_name\" content=\"Radio Infinita Goya\" \/>\n<meta property=\"article:publisher\" content=\"https:\/\/www.facebook.com\/p\/Infinita-Goya-100063870918311\/\" \/>\n<meta property=\"article:published_time\" content=\"2025-09-10T19:24:10+00:00\" \/>\n<meta property=\"og:image\" content=\"https:\/\/radioinfinitagoya.com.ar\/v1\/wp-content\/uploads\/2025\/09\/ZANNINO.jpeg\" \/>\n\t<meta property=\"og:image:width\" content=\"399\" \/>\n\t<meta property=\"og:image:height\" content=\"247\" \/>\n\t<meta property=\"og:image:type\" content=\"image\/jpeg\" \/>\n<meta name=\"author\" content=\"Jorge Mi\u00f1o\" \/>\n<meta name=\"twitter:card\" content=\"summary_large_image\" \/>\n<meta name=\"twitter:label1\" content=\"Escrito por\" \/>\n\t<meta name=\"twitter:data1\" content=\"Jorge Mi\u00f1o\" \/>\n\t<meta name=\"twitter:label2\" content=\"Tiempo de lectura\" \/>\n\t<meta name=\"twitter:data2\" content=\"2 minutos\" \/>\n<script type=\"application\/ld+json\" class=\"yoast-schema-graph\">{\"@context\":\"https:\/\/schema.org\",\"@graph\":[{\"@type\":\"Article\",\"@id\":\"https:\/\/radioinfinitagoya.com.ar\/v1\/2025\/09\/10\/javier-zannino-volvera-a-competir-en-la-carrera-mas-extrema-del-mundo\/#article\",\"isPartOf\":{\"@id\":\"https:\/\/radioinfinitagoya.com.ar\/v1\/2025\/09\/10\/javier-zannino-volvera-a-competir-en-la-carrera-mas-extrema-del-mundo\/\"},\"author\":{\"name\":\"Jorge Mi\u00f1o\",\"@id\":\"https:\/\/radioinfinitagoya.com.ar\/v1\/#\/schema\/person\/d4cf9c413d4f6edb24aabdccab49ca4a\"},\"headline\":\"Javier Zannino volver\u00e1 a competir en la carrera m\u00e1s extrema del mundo\",\"datePublished\":\"2025-09-10T19:24:10+00:00\",\"mainEntityOfPage\":{\"@id\":\"https:\/\/radioinfinitagoya.com.ar\/v1\/2025\/09\/10\/javier-zannino-volvera-a-competir-en-la-carrera-mas-extrema-del-mundo\/\"},\"wordCount\":376,\"publisher\":{\"@id\":\"https:\/\/radioinfinitagoya.com.ar\/v1\/#organization\"},\"image\":{\"@id\":\"https:\/\/radioinfinitagoya.com.ar\/v1\/2025\/09\/10\/javier-zannino-volvera-a-competir-en-la-carrera-mas-extrema-del-mundo\/#primaryimage\"},\"thumbnailUrl\":\"https:\/\/radioinfinitagoya.com.ar\/v1\/wp-content\/uploads\/2025\/09\/ZANNINO.jpeg\",\"articleSection\":[\"DEPORTES\"],\"inLanguage\":\"es-AR\"},{\"@type\":\"WebPage\",\"@id\":\"https:\/\/radioinfinitagoya.com.ar\/v1\/2025\/09\/10\/javier-zannino-volvera-a-competir-en-la-carrera-mas-extrema-del-mundo\/\",\"url\":\"https:\/\/radioinfinitagoya.com.ar\/v1\/2025\/09\/10\/javier-zannino-volvera-a-competir-en-la-carrera-mas-extrema-del-mundo\/\",\"name\":\"Javier Zannino volver\u00e1 a competir en la carrera m\u00e1s extrema del mundo - Radio Infinita Goya\",\"isPartOf\":{\"@id\":\"https:\/\/radioinfinitagoya.com.ar\/v1\/#website\"},\"primaryImageOfPage\":{\"@id\":\"https:\/\/radioinfinitagoya.com.ar\/v1\/2025\/09\/10\/javier-zannino-volvera-a-competir-en-la-carrera-mas-extrema-del-mundo\/#primaryimage\"},\"image\":{\"@id\":\"https:\/\/radioinfinitagoya.com.ar\/v1\/2025\/09\/10\/javier-zannino-volvera-a-competir-en-la-carrera-mas-extrema-del-mundo\/#primaryimage\"},\"thumbnailUrl\":\"https:\/\/radioinfinitagoya.com.ar\/v1\/wp-content\/uploads\/2025\/09\/ZANNINO.jpeg\",\"datePublished\":\"2025-09-10T19:24:10+00:00\",\"description\":\"El atleta correntino Javier Zannino, de 50 a\u00f1os, se sumar\u00e1 a la Legi\u00f3n Argentina para participar en el Spartathon 2025, una ultramarat\u00f3n de 246 kil\u00f3metros\",\"breadcrumb\":{\"@id\":\"https:\/\/radioinfinitagoya.com.ar\/v1\/2025\/09\/10\/javier-zannino-volvera-a-competir-en-la-carrera-mas-extrema-del-mundo\/#breadcrumb\"},\"inLanguage\":\"es-AR\",\"potentialAction\":[{\"@type\":\"ReadAction\",\"target\":[\"https:\/\/radioinfinitagoya.com.ar\/v1\/2025\/09\/10\/javier-zannino-volvera-a-competir-en-la-carrera-mas-extrema-del-mundo\/\"]}]},{\"@type\":\"ImageObject\",\"inLanguage\":\"es-AR\",\"@id\":\"https:\/\/radioinfinitagoya.com.ar\/v1\/2025\/09\/10\/javier-zannino-volvera-a-competir-en-la-carrera-mas-extrema-del-mundo\/#primaryimage\",\"url\":\"https:\/\/radioinfinitagoya.com.ar\/v1\/wp-content\/uploads\/2025\/09\/ZANNINO.jpeg\",\"contentUrl\":\"https:\/\/radioinfinitagoya.com.ar\/v1\/wp-content\/uploads\/2025\/09\/ZANNINO.jpeg\",\"width\":399,\"height\":247},{\"@type\":\"BreadcrumbList\",\"@id\":\"https:\/\/radioinfinitagoya.com.ar\/v1\/2025\/09\/10\/javier-zannino-volvera-a-competir-en-la-carrera-mas-extrema-del-mundo\/#breadcrumb\",\"itemListElement\":[{\"@type\":\"ListItem\",\"position\":1,\"name\":\"Inicio\",\"item\":\"https:\/\/radioinfinitagoya.com.ar\/v1\/\"},{\"@type\":\"ListItem\",\"position\":2,\"name\":\"Javier Zannino volver\u00e1 a competir en la carrera m\u00e1s extrema del mundo\"}]},{\"@type\":\"WebSite\",\"@id\":\"https:\/\/radioinfinitagoya.com.ar\/v1\/#website\",\"url\":\"https:\/\/radioinfinitagoya.com.ar\/v1\/\",\"name\":\"radioinfinitagoya.com.ar\",\"description\":\"Radio de noticias\",\"publisher\":{\"@id\":\"https:\/\/radioinfinitagoya.com.ar\/v1\/#organization\"},\"potentialAction\":[{\"@type\":\"SearchAction\",\"target\":{\"@type\":\"EntryPoint\",\"urlTemplate\":\"https:\/\/radioinfinitagoya.com.ar\/v1\/?s={search_term_string}\"},\"query-input\":{\"@type\":\"PropertyValueSpecification\",\"valueRequired\":true,\"valueName\":\"search_term_string\"}}],\"inLanguage\":\"es-AR\"},{\"@type\":\"Organization\",\"@id\":\"https:\/\/radioinfinitagoya.com.ar\/v1\/#organization\",\"name\":\"Radio Infinita Goya\",\"url\":\"https:\/\/radioinfinitagoya.com.ar\/v1\/\",\"logo\":{\"@type\":\"ImageObject\",\"inLanguage\":\"es-AR\",\"@id\":\"https:\/\/radioinfinitagoya.com.ar\/v1\/#\/schema\/logo\/image\/\",\"url\":\"https:\/\/radioinfinitagoya.com.ar\/v1\/wp-content\/uploads\/2019\/11\/logo-pie-web.png\",\"contentUrl\":\"https:\/\/radioinfinitagoya.com.ar\/v1\/wp-content\/uploads\/2019\/11\/logo-pie-web.png\",\"width\":635,\"height\":326,\"caption\":\"Radio Infinita Goya\"},\"image\":{\"@id\":\"https:\/\/radioinfinitagoya.com.ar\/v1\/#\/schema\/logo\/image\/\"},\"sameAs\":[\"https:\/\/www.facebook.com\/p\/Infinita-Goya-100063870918311\/\"]},{\"@type\":\"Person\",\"@id\":\"https:\/\/radioinfinitagoya.com.ar\/v1\/#\/schema\/person\/d4cf9c413d4f6edb24aabdccab49ca4a\",\"name\":\"Jorge Mi\u00f1o\",\"image\":{\"@type\":\"ImageObject\",\"inLanguage\":\"es-AR\",\"@id\":\"https:\/\/secure.gravatar.com\/avatar\/910fcf6728fe95320e07a6643c1581fec1c7fc4bf8ae12e3d8f0d0373dc844be?s=96&d=mm&r=g\",\"url\":\"https:\/\/secure.gravatar.com\/avatar\/910fcf6728fe95320e07a6643c1581fec1c7fc4bf8ae12e3d8f0d0373dc844be?s=96&d=mm&r=g\",\"contentUrl\":\"https:\/\/secure.gravatar.com\/avatar\/910fcf6728fe95320e07a6643c1581fec1c7fc4bf8ae12e3d8f0d0373dc844be?s=96&d=mm&r=g\",\"caption\":\"Jorge Mi\u00f1o\"},\"sameAs\":[\"http:\/\/radioinfinitagoya.com.ar\"]}]}<\/script>\n<!-- \/ Yoast SEO plugin. -->","yoast_head_json":{"title":"Javier Zannino volver\u00e1 a competir en la carrera m\u00e1s extrema del mundo - Radio Infinita Goya","description":"El atleta correntino Javier Zannino, de 50 a\u00f1os, se sumar\u00e1 a la Legi\u00f3n Argentina para participar en el Spartathon 2025, una ultramarat\u00f3n de 246 kil\u00f3metros","robots":{"index":"index","follow":"follow","max-snippet":"max-snippet:-1","max-image-preview":"max-image-preview:large","max-video-preview":"max-video-preview:-1"},"canonical":"https:\/\/radioinfinitagoya.com.ar\/v1\/2025\/09\/10\/javier-zannino-volvera-a-competir-en-la-carrera-mas-extrema-del-mundo\/","og_locale":"es_ES","og_type":"article","og_title":"Javier Zannino volver\u00e1 a competir en la carrera m\u00e1s extrema del mundo - Radio Infinita Goya","og_description":"El atleta correntino Javier Zannino, de 50 a\u00f1os, se sumar\u00e1 a la Legi\u00f3n Argentina para participar en el Spartathon 2025, una ultramarat\u00f3n de 246 kil\u00f3metros","og_url":"https:\/\/radioinfinitagoya.com.ar\/v1\/2025\/09\/10\/javier-zannino-volvera-a-competir-en-la-carrera-mas-extrema-del-mundo\/","og_site_name":"Radio Infinita Goya","article_publisher":"https:\/\/www.facebook.com\/p\/Infinita-Goya-100063870918311\/","article_published_time":"2025-09-10T19:24:10+00:00","og_image":[{"width":399,"height":247,"url":"https:\/\/radioinfinitagoya.com.ar\/v1\/wp-content\/uploads\/2025\/09\/ZANNINO.jpeg","type":"image\/jpeg"}],"author":"Jorge Mi\u00f1o","twitter_card":"summary_large_image","twitter_misc":{"Escrito por":"Jorge Mi\u00f1o","Tiempo de lectura":"2 minutos"},"schema":{"@context":"https:\/\/schema.org","@graph":[{"@type":"Article","@id":"https:\/\/radioinfinitagoya.com.ar\/v1\/2025\/09\/10\/javier-zannino-volvera-a-competir-en-la-carrera-mas-extrema-del-mundo\/#article","isPartOf":{"@id":"https:\/\/radioinfinitagoya.com.ar\/v1\/2025\/09\/10\/javier-zannino-volvera-a-competir-en-la-carrera-mas-extrema-del-mundo\/"},"author":{"name":"Jorge Mi\u00f1o","@id":"https:\/\/radioinfinitagoya.com.ar\/v1\/#\/schema\/person\/d4cf9c413d4f6edb24aabdccab49ca4a"},"headline":"Javier Zannino volver\u00e1 a competir en la carrera m\u00e1s extrema del mundo","datePublished":"2025-09-10T19:24:10+00:00","mainEntityOfPage":{"@id":"https:\/\/radioinfinitagoya.com.ar\/v1\/2025\/09\/10\/javier-zannino-volvera-a-competir-en-la-carrera-mas-extrema-del-mundo\/"},"wordCount":376,"publisher":{"@id":"https:\/\/radioinfinitagoya.com.ar\/v1\/#organization"},"image":{"@id":"https:\/\/radioinfinitagoya.com.ar\/v1\/2025\/09\/10\/javier-zannino-volvera-a-competir-en-la-carrera-mas-extrema-del-mundo\/#primaryimage"},"thumbnailUrl":"https:\/\/radioinfinitagoya.com.ar\/v1\/wp-content\/uploads\/2025\/09\/ZANNINO.jpeg","articleSection":["DEPORTES"],"inLanguage":"es-AR"},{"@type":"WebPage","@id":"https:\/\/radioinfinitagoya.com.ar\/v1\/2025\/09\/10\/javier-zannino-volvera-a-competir-en-la-carrera-mas-extrema-del-mundo\/","url":"https:\/\/radioinfinitagoya.com.ar\/v1\/2025\/09\/10\/javier-zannino-volvera-a-competir-en-la-carrera-mas-extrema-del-mundo\/","name":"Javier Zannino volver\u00e1 a competir en la carrera m\u00e1s extrema del mundo - Radio Infinita Goya","isPartOf":{"@id":"https:\/\/radioinfinitagoya.com.ar\/v1\/#website"},"primaryImageOfPage":{"@id":"https:\/\/radioinfinitagoya.com.ar\/v1\/2025\/09\/10\/javier-zannino-volvera-a-competir-en-la-carrera-mas-extrema-del-mundo\/#primaryimage"},"image":{"@id":"https:\/\/radioinfinitagoya.com.ar\/v1\/2025\/09\/10\/javier-zannino-volvera-a-competir-en-la-carrera-mas-extrema-del-mundo\/#primaryimage"},"thumbnailUrl":"https:\/\/radioinfinitagoya.com.ar\/v1\/wp-content\/uploads\/2025\/09\/ZANNINO.jpeg","datePublished":"2025-09-10T19:24:10+00:00","description":"El atleta correntino Javier Zannino, de 50 a\u00f1os, se sumar\u00e1 a la Legi\u00f3n Argentina para participar en el Spartathon 2025, una ultramarat\u00f3n de 246 kil\u00f3metros","breadcrumb":{"@id":"https:\/\/radioinfinitagoya.com.ar\/v1\/2025\/09\/10\/javier-zannino-volvera-a-competir-en-la-carrera-mas-extrema-del-mundo\/#breadcrumb"},"inLanguage":"es-AR","potentialAction":[{"@type":"ReadAction","target":["https:\/\/radioinfinitagoya.com.ar\/v1\/2025\/09\/10\/javier-zannino-volvera-a-competir-en-la-carrera-mas-extrema-del-mundo\/"]}]},{"@type":"ImageObject","inLanguage":"es-AR","@id":"https:\/\/radioinfinitagoya.com.ar\/v1\/2025\/09\/10\/javier-zannino-volvera-a-competir-en-la-carrera-mas-extrema-del-mundo\/#primaryimage","url":"https:\/\/radioinfinitagoya.com.ar\/v1\/wp-content\/uploads\/2025\/09\/ZANNINO.jpeg","contentUrl":"https:\/\/radioinfinitagoya.com.ar\/v1\/wp-content\/uploads\/2025\/09\/ZANNINO.jpeg","width":399,"height":247},{"@type":"BreadcrumbList","@id":"https:\/\/radioinfinitagoya.com.ar\/v1\/2025\/09\/10\/javier-zannino-volvera-a-competir-en-la-carrera-mas-extrema-del-mundo\/#breadcrumb","itemListElement":[{"@type":"ListItem","position":1,"name":"Inicio","item":"https:\/\/radioinfinitagoya.com.ar\/v1\/"},{"@type":"ListItem","position":2,"name":"Javier Zannino volver\u00e1 a competir en la carrera m\u00e1s extrema del mundo"}]},{"@type":"WebSite","@id":"https:\/\/radioinfinitagoya.com.ar\/v1\/#website","url":"https:\/\/radioinfinitagoya.com.ar\/v1\/","name":"radioinfinitagoya.com.ar","description":"Radio de noticias","publisher":{"@id":"https:\/\/radioinfinitagoya.com.ar\/v1\/#organization"},"potentialAction":[{"@type":"SearchAction","target":{"@type":"EntryPoint","urlTemplate":"https:\/\/radioinfinitagoya.com.ar\/v1\/?s={search_term_string}"},"query-input":{"@type":"PropertyValueSpecification","valueRequired":true,"valueName":"search_term_string"}}],"inLanguage":"es-AR"},{"@type":"Organization","@id":"https:\/\/radioinfinitagoya.com.ar\/v1\/#organization","name":"Radio Infinita Goya","url":"https:\/\/radioinfinitagoya.com.ar\/v1\/","logo":{"@type":"ImageObject","inLanguage":"es-AR","@id":"https:\/\/radioinfinitagoya.com.ar\/v1\/#\/schema\/logo\/image\/","url":"https:\/\/radioinfinitagoya.com.ar\/v1\/wp-content\/uploads\/2019\/11\/logo-pie-web.png","contentUrl":"https:\/\/radioinfinitagoya.com.ar\/v1\/wp-content\/uploads\/2019\/11\/logo-pie-web.png","width":635,"height":326,"caption":"Radio Infinita Goya"},"image":{"@id":"https:\/\/radioinfinitagoya.com.ar\/v1\/#\/schema\/logo\/image\/"},"sameAs":["https:\/\/www.facebook.com\/p\/Infinita-Goya-100063870918311\/"]},{"@type":"Person","@id":"https:\/\/radioinfinitagoya.com.ar\/v1\/#\/schema\/person\/d4cf9c413d4f6edb24aabdccab49ca4a","name":"Jorge Mi\u00f1o","image":{"@type":"ImageObject","inLanguage":"es-AR","@id":"https:\/\/secure.gravatar.com\/avatar\/910fcf6728fe95320e07a6643c1581fec1c7fc4bf8ae12e3d8f0d0373dc844be?s=96&d=mm&r=g","url":"https:\/\/secure.gravatar.com\/avatar\/910fcf6728fe95320e07a6643c1581fec1c7fc4bf8ae12e3d8f0d0373dc844be?s=96&d=mm&r=g","contentUrl":"https:\/\/secure.gravatar.com\/avatar\/910fcf6728fe95320e07a6643c1581fec1c7fc4bf8ae12e3d8f0d0373dc844be?s=96&d=mm&r=g","caption":"Jorge Mi\u00f1o"},"sameAs":["http:\/\/radioinfinitagoya.com.ar"]}]}},"_links":{"self":[{"href":"https:\/\/radioinfinitagoya.com.ar\/v1\/wp-json\/wp\/v2\/posts\/195688","targetHints":{"allow":["GET"]}}],"collection":[{"href":"https:\/\/radioinfinitagoya.com.ar\/v1\/wp-json\/wp\/v2\/posts"}],"about":[{"href":"https:\/\/radioinfinitagoya.com.ar\/v1\/wp-json\/wp\/v2\/types\/post"}],"author":[{"embeddable":true,"href":"https:\/\/radioinfinitagoya.com.ar\/v1\/wp-json\/wp\/v2\/users\/4"}],"replies":[{"embeddable":true,"href":"https:\/\/radioinfinitagoya.com.ar\/v1\/wp-json\/wp\/v2\/comments?post=195688"}],"version-history":[{"count":0,"href":"https:\/\/radioinfinitagoya.com.ar\/v1\/wp-json\/wp\/v2\/posts\/195688\/revisions"}],"wp:featuredmedia":[{"embeddable":true,"href":"https:\/\/radioinfinitagoya.com.ar\/v1\/wp-json\/wp\/v2\/media\/195689"}],"wp:attachment":[{"href":"https:\/\/radioinfinitagoya.com.ar\/v1\/wp-json\/wp\/v2\/media?parent=195688"}],"wp:term":[{"taxonomy":"category","embeddable":true,"href":"https:\/\/radioinfinitagoya.com.ar\/v1\/wp-json\/wp\/v2\/categories?post=195688"},{"taxonomy":"post_tag","embeddable":true,"href":"https:\/\/radioinfinitagoya.com.ar\/v1\/wp-json\/wp\/v2\/tags?post=195688"}],"curies":[{"name":"wp","href":"https:\/\/api.w.org\/{rel}","templated":true}]}}