{"id":195694,"date":"2025-09-10T16:37:38","date_gmt":"2025-09-10T19:37:38","guid":{"rendered":"https:\/\/radioinfinitagoya.com.ar\/v1\/?p=195694"},"modified":"2025-09-10T16:37:38","modified_gmt":"2025-09-10T19:37:38","slug":"amistoso-interprovincial-voley-femenino","status":"publish","type":"post","link":"https:\/\/radioinfinitagoya.com.ar\/v1\/2025\/09\/10\/amistoso-interprovincial-voley-femenino\/","title":{"rendered":"Amistoso Interprovincial Voley Femenino"},"content":{"rendered":"<p>Selecci\u00f3n de la Liga Goyana y el equipo de Liga Nacional Villa Dora de Santa Fe<\/p>\n<p>En la tarde del martes, en la secretar\u00eda del Club Uni\u00f3n se hizo la presentaci\u00f3n de este importante juego de v\u00f3ley, de car\u00e1cter amistoso, en las categor\u00edas U21 y Primera Divisi\u00f3n de los equipos de la Liga Goyana y Villa Dora de Santa Fe.<\/p>\n<p>Un encuentro organizado por el Centro de Profesores de Educaci\u00f3n F\u00edsica de nuestra ciudad programado para el s\u00e1bado 13, desde las 18 y 30 horas, en la Catedral del Basquetbol, el estadio de Uni\u00f3n de nuestra ciudad.<\/p>\n<p>Durante el encuentro con la prensa, detallaron horario de arribo y entrenamiento del plantel de la Liga nacional, recordando el valor de la entrada en 2 Mil Pesos para asistir a este partido amistoso.<\/p>\n<p>El profesor Mariano Lopez, destac\u00f3 el apoyo de la Municipalidad para traer este espect\u00e1culo deportivo a nuestra ciudad, la cesi\u00f3n de Uni\u00f3n de sus instalaciones para el desarrollo del juego, informando que el Centro de Educaci\u00f3n F\u00edsica (Ex Gimnasio Escolar) ser\u00e1 el lugar donde se alojar\u00e1 la delegaci\u00f3n de la ciudad santafesina.<\/p>\n<p>Junto al profesor Mariano Lopez, participaron de la presentaci\u00f3n la titular de la Liga Goyana de V\u00f3ley Carol Gonz\u00e1lez, el profesor M\u00e1ximo \u201cKatunga\u201d Oviedo y parte del plantel goyano que disputar\u00e1 el encuentro amistoso<\/p>\n<p>EXPECTATIVA POR EL JUEGO<\/p>\n<p>El presidente del Centro de Profesores de Educaci\u00f3n F\u00edsica profesor Mariano Lopez, tras la bienvenida a los periodistas, coment\u00f3 c\u00f3mo surge la idea de la presencia del equipo de Villa Dora de Santa Fe, participante de la Liga Nacional; \u201cA partir de la incursi\u00f3n de una jugadora de nuestra liga, en esa ciudad, en el club mencionado, para ser \u201creclutada\u201d por la entidad, est\u00e1 en el proceso de formaci\u00f3n, un excelente talento de este deporte, all\u00ed nace esta iniciativa de invitar a participar del amistoso en la ciudad.<\/p>\n<p>\u201cFuimos a la ciudad santafesino, establecimos el contacto, -continu\u00f3- ellos han aceptado la propuesta, nuestra invitaci\u00f3n, estamos contentos por esta posibilidad para brindar este juego en Goya, debemos agradecer el apoyo recibido del Municipio, una vez planteada la inquietud encontramos la respuesta favorable de Mariano Hormaechea, del Director de Deportes Alejandro Lago, de all\u00ed nos pusimos a trabajar para concretar.\u201d<\/p>\n<p>PRACTICA, CONTACTO CON EL P\u00daBLICO Y PARTIDOS<\/p>\n<p>Lopez adelanto: \u201cEs as\u00ed que se fij\u00f3 la fecha para el s\u00e1bado 13 con dos encuentros a las 18 y 30 la U21 y luego el de primera divisi\u00f3n, se jugar\u00e1 al mejor de 5 set, fijamos una entrada de un valor de 2 Mil Pesos, queremos contar que las jugadoras santafesinas con el cuerpo t\u00e9cnico arribar\u00e1n a nuestra ciudad el viernes, el s\u00e1bado estar\u00e1n entrenando en Uni\u00f3n, una pr\u00e1ctica abierta al p\u00fablico, dejando lugar una vez terminada la pr\u00e1ctica el espacio para preguntas, consultas y entrevistas.\u201d<\/p>\n<p>JERARQUIZA EL VOLEY GOYANO<\/p>\n<p>La presidente de la Liga Goyana de V\u00f3ley Carol Gonz\u00e1lez, marc\u00f3 como \u201cuna experiencia \u00fanica, nos ayuda a potenciar este deporte que cada fin de semana tiene su fecha, usando las instalaciones de varios clubes, Norte\u00f1a, Unida, Uni\u00f3n y el Gimnasio Escolar, estamos muy contentas de poder tener esta posibilidad para nuestras jugadoras, pero sobre todo para ofrecer a la ciudad un partido de alt\u00edsimo nivel, por la posici\u00f3n en la Liga de Villa Dora, trataremos de dar lo mejor posible, pero sabiendo que nos ayudara a jerarquizar nuestro deporte por ese nivel que tienen las visitantes.\u201d<\/p>\n<p>\u201cNos resta invitarlos a acompa\u00f1ar esta iniciativa, el costo de la entrada se busc\u00f3 establecer para que sea accesible para todos, para que puedan disfrutar del juego.\u201d Cerro la presidente de la Liga, agradeciendo la presencia de las jugadoras de la selecci\u00f3n goyana.<\/p>\n<p>NUEVOS PROYECTOS<\/p>\n<p>En el final de la presentaci\u00f3n Mariano Lopez volvi\u00f3 a agradecer el apoyo recibido de los comercios, empresas, de la Municipalidad, de los clubes, de Uni\u00f3n, para poner en valor: \u201cLa capacidad organizativa de la Liga Goyana que nos permite encarar este proyecto, que estamos seguro ser\u00e1 el primero de otros que tenemos en carpeta, como la presencia de equipos masculinos de ese nivel, el CEF, realmente est\u00e1 agradecido por todos estos aportes, reiteramos la invitaci\u00f3n a la ciudadan\u00eda, para que asistan a la pr\u00e1ctica y a los partidos programados, el s\u00e1bado a las 18 horas se har\u00e1 una presentaci\u00f3n del Amistoso con la presencia de autoridades municipales, de la liga, del centro y despu\u00e9s llegar\u00e1 el tiempo de los dos partidos de la U21 y de la primera divisi\u00f3n, es una buena ocasi\u00f3n para disfrutar de este deporte que viene creciendo bien.\u201d<\/p>\n<p>Direcci\u00f3n de Prensa-Municipalidad de Goya<\/p>\n<p>&nbsp;<\/p>\n","protected":false},"excerpt":{"rendered":"<p>Selecci\u00f3n de la Liga Goyana y el equipo de Liga Nacional Villa Dora de Santa Fe En la tarde del martes, en la secretar\u00eda del Club Uni\u00f3n se hizo la presentaci\u00f3n de este importante juego de v\u00f3ley, de car\u00e1cter amistoso, en las categor\u00edas U21 y Primera Divisi\u00f3n de los equipos de la Liga Goyana y [&hellip;]<\/p>\n","protected":false},"author":4,"featured_media":195695,"comment_status":"closed","ping_status":"closed","sticky":false,"template":"","format":"standard","meta":{"_joinchat":[],"footnotes":""},"categories":[27],"tags":[],"class_list":{"0":"post-195694","1":"post","2":"type-post","3":"status-publish","4":"format-standard","5":"has-post-thumbnail","7":"category-locales"},"yoast_head":"<!-- This site is optimized with the Yoast SEO plugin v27.2 - https:\/\/yoast.com\/product\/yoast-seo-wordpress\/ -->\n<title>Amistoso Interprovincial Voley Femenino - Radio Infinita Goya<\/title>\n<meta name=\"description\" content=\"Selecci\u00f3n de la Liga Goyana y el equipo de Liga Nacional Villa Dora de Santa Fe En la tarde del martes, en la secretar\u00eda del Club Uni\u00f3n se hizo la\" \/>\n<meta name=\"robots\" content=\"index, follow, max-snippet:-1, max-image-preview:large, max-video-preview:-1\" \/>\n<link rel=\"canonical\" href=\"https:\/\/radioinfinitagoya.com.ar\/v1\/2025\/09\/10\/amistoso-interprovincial-voley-femenino\/\" \/>\n<meta property=\"og:locale\" content=\"es_ES\" \/>\n<meta property=\"og:type\" content=\"article\" \/>\n<meta property=\"og:title\" content=\"Amistoso Interprovincial Voley Femenino - Radio Infinita Goya\" \/>\n<meta property=\"og:description\" content=\"Selecci\u00f3n de la Liga Goyana y el equipo de Liga Nacional Villa Dora de Santa Fe En la tarde del martes, en la secretar\u00eda del Club Uni\u00f3n se hizo la\" \/>\n<meta property=\"og:url\" content=\"https:\/\/radioinfinitagoya.com.ar\/v1\/2025\/09\/10\/amistoso-interprovincial-voley-femenino\/\" \/>\n<meta property=\"og:site_name\" content=\"Radio Infinita Goya\" \/>\n<meta property=\"article:publisher\" content=\"https:\/\/www.facebook.com\/p\/Infinita-Goya-100063870918311\/\" \/>\n<meta property=\"article:published_time\" content=\"2025-09-10T19:37:38+00:00\" \/>\n<meta property=\"og:image\" content=\"https:\/\/radioinfinitagoya.com.ar\/v1\/wp-content\/uploads\/2025\/09\/voley_amistoso_conferencia_de_prens.jpg\" \/>\n\t<meta property=\"og:image:width\" content=\"848\" \/>\n\t<meta property=\"og:image:height\" content=\"477\" \/>\n\t<meta property=\"og:image:type\" content=\"image\/jpeg\" \/>\n<meta name=\"author\" content=\"Jorge Mi\u00f1o\" \/>\n<meta name=\"twitter:card\" content=\"summary_large_image\" \/>\n<meta name=\"twitter:label1\" content=\"Escrito por\" \/>\n\t<meta name=\"twitter:data1\" content=\"Jorge Mi\u00f1o\" \/>\n\t<meta name=\"twitter:label2\" content=\"Tiempo de lectura\" \/>\n\t<meta name=\"twitter:data2\" content=\"4 minutos\" \/>\n<script type=\"application\/ld+json\" class=\"yoast-schema-graph\">{\"@context\":\"https:\/\/schema.org\",\"@graph\":[{\"@type\":\"Article\",\"@id\":\"https:\/\/radioinfinitagoya.com.ar\/v1\/2025\/09\/10\/amistoso-interprovincial-voley-femenino\/#article\",\"isPartOf\":{\"@id\":\"https:\/\/radioinfinitagoya.com.ar\/v1\/2025\/09\/10\/amistoso-interprovincial-voley-femenino\/\"},\"author\":{\"name\":\"Jorge Mi\u00f1o\",\"@id\":\"https:\/\/radioinfinitagoya.com.ar\/v1\/#\/schema\/person\/d4cf9c413d4f6edb24aabdccab49ca4a\"},\"headline\":\"Amistoso Interprovincial Voley Femenino\",\"datePublished\":\"2025-09-10T19:37:38+00:00\",\"mainEntityOfPage\":{\"@id\":\"https:\/\/radioinfinitagoya.com.ar\/v1\/2025\/09\/10\/amistoso-interprovincial-voley-femenino\/\"},\"wordCount\":811,\"publisher\":{\"@id\":\"https:\/\/radioinfinitagoya.com.ar\/v1\/#organization\"},\"image\":{\"@id\":\"https:\/\/radioinfinitagoya.com.ar\/v1\/2025\/09\/10\/amistoso-interprovincial-voley-femenino\/#primaryimage\"},\"thumbnailUrl\":\"https:\/\/radioinfinitagoya.com.ar\/v1\/wp-content\/uploads\/2025\/09\/voley_amistoso_conferencia_de_prens.jpg\",\"articleSection\":[\"LOCALES\"],\"inLanguage\":\"es-AR\"},{\"@type\":\"WebPage\",\"@id\":\"https:\/\/radioinfinitagoya.com.ar\/v1\/2025\/09\/10\/amistoso-interprovincial-voley-femenino\/\",\"url\":\"https:\/\/radioinfinitagoya.com.ar\/v1\/2025\/09\/10\/amistoso-interprovincial-voley-femenino\/\",\"name\":\"Amistoso Interprovincial Voley Femenino - Radio Infinita Goya\",\"isPartOf\":{\"@id\":\"https:\/\/radioinfinitagoya.com.ar\/v1\/#website\"},\"primaryImageOfPage\":{\"@id\":\"https:\/\/radioinfinitagoya.com.ar\/v1\/2025\/09\/10\/amistoso-interprovincial-voley-femenino\/#primaryimage\"},\"image\":{\"@id\":\"https:\/\/radioinfinitagoya.com.ar\/v1\/2025\/09\/10\/amistoso-interprovincial-voley-femenino\/#primaryimage\"},\"thumbnailUrl\":\"https:\/\/radioinfinitagoya.com.ar\/v1\/wp-content\/uploads\/2025\/09\/voley_amistoso_conferencia_de_prens.jpg\",\"datePublished\":\"2025-09-10T19:37:38+00:00\",\"description\":\"Selecci\u00f3n de la Liga Goyana y el equipo de Liga Nacional Villa Dora de Santa Fe En la tarde del martes, en la secretar\u00eda del Club Uni\u00f3n se hizo la\",\"breadcrumb\":{\"@id\":\"https:\/\/radioinfinitagoya.com.ar\/v1\/2025\/09\/10\/amistoso-interprovincial-voley-femenino\/#breadcrumb\"},\"inLanguage\":\"es-AR\",\"potentialAction\":[{\"@type\":\"ReadAction\",\"target\":[\"https:\/\/radioinfinitagoya.com.ar\/v1\/2025\/09\/10\/amistoso-interprovincial-voley-femenino\/\"]}]},{\"@type\":\"ImageObject\",\"inLanguage\":\"es-AR\",\"@id\":\"https:\/\/radioinfinitagoya.com.ar\/v1\/2025\/09\/10\/amistoso-interprovincial-voley-femenino\/#primaryimage\",\"url\":\"https:\/\/radioinfinitagoya.com.ar\/v1\/wp-content\/uploads\/2025\/09\/voley_amistoso_conferencia_de_prens.jpg\",\"contentUrl\":\"https:\/\/radioinfinitagoya.com.ar\/v1\/wp-content\/uploads\/2025\/09\/voley_amistoso_conferencia_de_prens.jpg\",\"width\":848,\"height\":477},{\"@type\":\"BreadcrumbList\",\"@id\":\"https:\/\/radioinfinitagoya.com.ar\/v1\/2025\/09\/10\/amistoso-interprovincial-voley-femenino\/#breadcrumb\",\"itemListElement\":[{\"@type\":\"ListItem\",\"position\":1,\"name\":\"Inicio\",\"item\":\"https:\/\/radioinfinitagoya.com.ar\/v1\/\"},{\"@type\":\"ListItem\",\"position\":2,\"name\":\"Amistoso Interprovincial Voley Femenino\"}]},{\"@type\":\"WebSite\",\"@id\":\"https:\/\/radioinfinitagoya.com.ar\/v1\/#website\",\"url\":\"https:\/\/radioinfinitagoya.com.ar\/v1\/\",\"name\":\"radioinfinitagoya.com.ar\",\"description\":\"Radio de noticias\",\"publisher\":{\"@id\":\"https:\/\/radioinfinitagoya.com.ar\/v1\/#organization\"},\"potentialAction\":[{\"@type\":\"SearchAction\",\"target\":{\"@type\":\"EntryPoint\",\"urlTemplate\":\"https:\/\/radioinfinitagoya.com.ar\/v1\/?s={search_term_string}\"},\"query-input\":{\"@type\":\"PropertyValueSpecification\",\"valueRequired\":true,\"valueName\":\"search_term_string\"}}],\"inLanguage\":\"es-AR\"},{\"@type\":\"Organization\",\"@id\":\"https:\/\/radioinfinitagoya.com.ar\/v1\/#organization\",\"name\":\"Radio Infinita Goya\",\"url\":\"https:\/\/radioinfinitagoya.com.ar\/v1\/\",\"logo\":{\"@type\":\"ImageObject\",\"inLanguage\":\"es-AR\",\"@id\":\"https:\/\/radioinfinitagoya.com.ar\/v1\/#\/schema\/logo\/image\/\",\"url\":\"https:\/\/radioinfinitagoya.com.ar\/v1\/wp-content\/uploads\/2019\/11\/logo-pie-web.png\",\"contentUrl\":\"https:\/\/radioinfinitagoya.com.ar\/v1\/wp-content\/uploads\/2019\/11\/logo-pie-web.png\",\"width\":635,\"height\":326,\"caption\":\"Radio Infinita Goya\"},\"image\":{\"@id\":\"https:\/\/radioinfinitagoya.com.ar\/v1\/#\/schema\/logo\/image\/\"},\"sameAs\":[\"https:\/\/www.facebook.com\/p\/Infinita-Goya-100063870918311\/\"]},{\"@type\":\"Person\",\"@id\":\"https:\/\/radioinfinitagoya.com.ar\/v1\/#\/schema\/person\/d4cf9c413d4f6edb24aabdccab49ca4a\",\"name\":\"Jorge Mi\u00f1o\",\"image\":{\"@type\":\"ImageObject\",\"inLanguage\":\"es-AR\",\"@id\":\"https:\/\/secure.gravatar.com\/avatar\/910fcf6728fe95320e07a6643c1581fec1c7fc4bf8ae12e3d8f0d0373dc844be?s=96&d=mm&r=g\",\"url\":\"https:\/\/secure.gravatar.com\/avatar\/910fcf6728fe95320e07a6643c1581fec1c7fc4bf8ae12e3d8f0d0373dc844be?s=96&d=mm&r=g\",\"contentUrl\":\"https:\/\/secure.gravatar.com\/avatar\/910fcf6728fe95320e07a6643c1581fec1c7fc4bf8ae12e3d8f0d0373dc844be?s=96&d=mm&r=g\",\"caption\":\"Jorge Mi\u00f1o\"},\"sameAs\":[\"http:\/\/radioinfinitagoya.com.ar\"]}]}<\/script>\n<!-- \/ Yoast SEO plugin. -->","yoast_head_json":{"title":"Amistoso Interprovincial Voley Femenino - Radio Infinita Goya","description":"Selecci\u00f3n de la Liga Goyana y el equipo de Liga Nacional Villa Dora de Santa Fe En la tarde del martes, en la secretar\u00eda del Club Uni\u00f3n se hizo la","robots":{"index":"index","follow":"follow","max-snippet":"max-snippet:-1","max-image-preview":"max-image-preview:large","max-video-preview":"max-video-preview:-1"},"canonical":"https:\/\/radioinfinitagoya.com.ar\/v1\/2025\/09\/10\/amistoso-interprovincial-voley-femenino\/","og_locale":"es_ES","og_type":"article","og_title":"Amistoso Interprovincial Voley Femenino - Radio Infinita Goya","og_description":"Selecci\u00f3n de la Liga Goyana y el equipo de Liga Nacional Villa Dora de Santa Fe En la tarde del martes, en la secretar\u00eda del Club Uni\u00f3n se hizo la","og_url":"https:\/\/radioinfinitagoya.com.ar\/v1\/2025\/09\/10\/amistoso-interprovincial-voley-femenino\/","og_site_name":"Radio Infinita Goya","article_publisher":"https:\/\/www.facebook.com\/p\/Infinita-Goya-100063870918311\/","article_published_time":"2025-09-10T19:37:38+00:00","og_image":[{"width":848,"height":477,"url":"https:\/\/radioinfinitagoya.com.ar\/v1\/wp-content\/uploads\/2025\/09\/voley_amistoso_conferencia_de_prens.jpg","type":"image\/jpeg"}],"author":"Jorge Mi\u00f1o","twitter_card":"summary_large_image","twitter_misc":{"Escrito por":"Jorge Mi\u00f1o","Tiempo de lectura":"4 minutos"},"schema":{"@context":"https:\/\/schema.org","@graph":[{"@type":"Article","@id":"https:\/\/radioinfinitagoya.com.ar\/v1\/2025\/09\/10\/amistoso-interprovincial-voley-femenino\/#article","isPartOf":{"@id":"https:\/\/radioinfinitagoya.com.ar\/v1\/2025\/09\/10\/amistoso-interprovincial-voley-femenino\/"},"author":{"name":"Jorge Mi\u00f1o","@id":"https:\/\/radioinfinitagoya.com.ar\/v1\/#\/schema\/person\/d4cf9c413d4f6edb24aabdccab49ca4a"},"headline":"Amistoso Interprovincial Voley Femenino","datePublished":"2025-09-10T19:37:38+00:00","mainEntityOfPage":{"@id":"https:\/\/radioinfinitagoya.com.ar\/v1\/2025\/09\/10\/amistoso-interprovincial-voley-femenino\/"},"wordCount":811,"publisher":{"@id":"https:\/\/radioinfinitagoya.com.ar\/v1\/#organization"},"image":{"@id":"https:\/\/radioinfinitagoya.com.ar\/v1\/2025\/09\/10\/amistoso-interprovincial-voley-femenino\/#primaryimage"},"thumbnailUrl":"https:\/\/radioinfinitagoya.com.ar\/v1\/wp-content\/uploads\/2025\/09\/voley_amistoso_conferencia_de_prens.jpg","articleSection":["LOCALES"],"inLanguage":"es-AR"},{"@type":"WebPage","@id":"https:\/\/radioinfinitagoya.com.ar\/v1\/2025\/09\/10\/amistoso-interprovincial-voley-femenino\/","url":"https:\/\/radioinfinitagoya.com.ar\/v1\/2025\/09\/10\/amistoso-interprovincial-voley-femenino\/","name":"Amistoso Interprovincial Voley Femenino - Radio Infinita Goya","isPartOf":{"@id":"https:\/\/radioinfinitagoya.com.ar\/v1\/#website"},"primaryImageOfPage":{"@id":"https:\/\/radioinfinitagoya.com.ar\/v1\/2025\/09\/10\/amistoso-interprovincial-voley-femenino\/#primaryimage"},"image":{"@id":"https:\/\/radioinfinitagoya.com.ar\/v1\/2025\/09\/10\/amistoso-interprovincial-voley-femenino\/#primaryimage"},"thumbnailUrl":"https:\/\/radioinfinitagoya.com.ar\/v1\/wp-content\/uploads\/2025\/09\/voley_amistoso_conferencia_de_prens.jpg","datePublished":"2025-09-10T19:37:38+00:00","description":"Selecci\u00f3n de la Liga Goyana y el equipo de Liga Nacional Villa Dora de Santa Fe En la tarde del martes, en la secretar\u00eda del Club Uni\u00f3n se hizo la","breadcrumb":{"@id":"https:\/\/radioinfinitagoya.com.ar\/v1\/2025\/09\/10\/amistoso-interprovincial-voley-femenino\/#breadcrumb"},"inLanguage":"es-AR","potentialAction":[{"@type":"ReadAction","target":["https:\/\/radioinfinitagoya.com.ar\/v1\/2025\/09\/10\/amistoso-interprovincial-voley-femenino\/"]}]},{"@type":"ImageObject","inLanguage":"es-AR","@id":"https:\/\/radioinfinitagoya.com.ar\/v1\/2025\/09\/10\/amistoso-interprovincial-voley-femenino\/#primaryimage","url":"https:\/\/radioinfinitagoya.com.ar\/v1\/wp-content\/uploads\/2025\/09\/voley_amistoso_conferencia_de_prens.jpg","contentUrl":"https:\/\/radioinfinitagoya.com.ar\/v1\/wp-content\/uploads\/2025\/09\/voley_amistoso_conferencia_de_prens.jpg","width":848,"height":477},{"@type":"BreadcrumbList","@id":"https:\/\/radioinfinitagoya.com.ar\/v1\/2025\/09\/10\/amistoso-interprovincial-voley-femenino\/#breadcrumb","itemListElement":[{"@type":"ListItem","position":1,"name":"Inicio","item":"https:\/\/radioinfinitagoya.com.ar\/v1\/"},{"@type":"ListItem","position":2,"name":"Amistoso Interprovincial Voley Femenino"}]},{"@type":"WebSite","@id":"https:\/\/radioinfinitagoya.com.ar\/v1\/#website","url":"https:\/\/radioinfinitagoya.com.ar\/v1\/","name":"radioinfinitagoya.com.ar","description":"Radio de noticias","publisher":{"@id":"https:\/\/radioinfinitagoya.com.ar\/v1\/#organization"},"potentialAction":[{"@type":"SearchAction","target":{"@type":"EntryPoint","urlTemplate":"https:\/\/radioinfinitagoya.com.ar\/v1\/?s={search_term_string}"},"query-input":{"@type":"PropertyValueSpecification","valueRequired":true,"valueName":"search_term_string"}}],"inLanguage":"es-AR"},{"@type":"Organization","@id":"https:\/\/radioinfinitagoya.com.ar\/v1\/#organization","name":"Radio Infinita Goya","url":"https:\/\/radioinfinitagoya.com.ar\/v1\/","logo":{"@type":"ImageObject","inLanguage":"es-AR","@id":"https:\/\/radioinfinitagoya.com.ar\/v1\/#\/schema\/logo\/image\/","url":"https:\/\/radioinfinitagoya.com.ar\/v1\/wp-content\/uploads\/2019\/11\/logo-pie-web.png","contentUrl":"https:\/\/radioinfinitagoya.com.ar\/v1\/wp-content\/uploads\/2019\/11\/logo-pie-web.png","width":635,"height":326,"caption":"Radio Infinita Goya"},"image":{"@id":"https:\/\/radioinfinitagoya.com.ar\/v1\/#\/schema\/logo\/image\/"},"sameAs":["https:\/\/www.facebook.com\/p\/Infinita-Goya-100063870918311\/"]},{"@type":"Person","@id":"https:\/\/radioinfinitagoya.com.ar\/v1\/#\/schema\/person\/d4cf9c413d4f6edb24aabdccab49ca4a","name":"Jorge Mi\u00f1o","image":{"@type":"ImageObject","inLanguage":"es-AR","@id":"https:\/\/secure.gravatar.com\/avatar\/910fcf6728fe95320e07a6643c1581fec1c7fc4bf8ae12e3d8f0d0373dc844be?s=96&d=mm&r=g","url":"https:\/\/secure.gravatar.com\/avatar\/910fcf6728fe95320e07a6643c1581fec1c7fc4bf8ae12e3d8f0d0373dc844be?s=96&d=mm&r=g","contentUrl":"https:\/\/secure.gravatar.com\/avatar\/910fcf6728fe95320e07a6643c1581fec1c7fc4bf8ae12e3d8f0d0373dc844be?s=96&d=mm&r=g","caption":"Jorge Mi\u00f1o"},"sameAs":["http:\/\/radioinfinitagoya.com.ar"]}]}},"_links":{"self":[{"href":"https:\/\/radioinfinitagoya.com.ar\/v1\/wp-json\/wp\/v2\/posts\/195694","targetHints":{"allow":["GET"]}}],"collection":[{"href":"https:\/\/radioinfinitagoya.com.ar\/v1\/wp-json\/wp\/v2\/posts"}],"about":[{"href":"https:\/\/radioinfinitagoya.com.ar\/v1\/wp-json\/wp\/v2\/types\/post"}],"author":[{"embeddable":true,"href":"https:\/\/radioinfinitagoya.com.ar\/v1\/wp-json\/wp\/v2\/users\/4"}],"replies":[{"embeddable":true,"href":"https:\/\/radioinfinitagoya.com.ar\/v1\/wp-json\/wp\/v2\/comments?post=195694"}],"version-history":[{"count":0,"href":"https:\/\/radioinfinitagoya.com.ar\/v1\/wp-json\/wp\/v2\/posts\/195694\/revisions"}],"wp:featuredmedia":[{"embeddable":true,"href":"https:\/\/radioinfinitagoya.com.ar\/v1\/wp-json\/wp\/v2\/media\/195695"}],"wp:attachment":[{"href":"https:\/\/radioinfinitagoya.com.ar\/v1\/wp-json\/wp\/v2\/media?parent=195694"}],"wp:term":[{"taxonomy":"category","embeddable":true,"href":"https:\/\/radioinfinitagoya.com.ar\/v1\/wp-json\/wp\/v2\/categories?post=195694"},{"taxonomy":"post_tag","embeddable":true,"href":"https:\/\/radioinfinitagoya.com.ar\/v1\/wp-json\/wp\/v2\/tags?post=195694"}],"curies":[{"name":"wp","href":"https:\/\/api.w.org\/{rel}","templated":true}]}}