{"id":195697,"date":"2025-09-10T16:43:28","date_gmt":"2025-09-10T19:43:28","guid":{"rendered":"https:\/\/radioinfinitagoya.com.ar\/v1\/?p=195697"},"modified":"2025-09-10T16:43:28","modified_gmt":"2025-09-10T19:43:28","slug":"lanzamiento-de-la-34-edicion-de-la-estudiantina-en-plaza-mitre","status":"publish","type":"post","link":"https:\/\/radioinfinitagoya.com.ar\/v1\/2025\/09\/10\/lanzamiento-de-la-34-edicion-de-la-estudiantina-en-plaza-mitre\/","title":{"rendered":"Lanzamiento de la 34\u00b0 edici\u00f3n de la estudiantina en Plaza Mitre"},"content":{"rendered":"<p>La ciudad de Goya se prepara para vivir una nueva edici\u00f3n de una de sus celebraciones m\u00e1s esperadas: la Estudiantina 2025, que este a\u00f1o llega a su 34\u00b0 edici\u00f3n y tendr\u00e1 lugar del jueves 18 al s\u00e1bado 20 de septiembre en el \u201cCampo Amigo\u201d (ex predio Massalin Particulares).<\/p>\n<p><img loading=\"lazy\" decoding=\"async\" class=\"alignnone size-full wp-image-195698\" src=\"https:\/\/radioinfinitagoya.com.ar\/v1\/wp-content\/uploads\/2025\/09\/WhatsApp-Image-2025-09-10-at-11.41.45.jpeg\" alt=\"\" width=\"1574\" height=\"900\" srcset=\"https:\/\/radioinfinitagoya.com.ar\/v1\/wp-content\/uploads\/2025\/09\/WhatsApp-Image-2025-09-10-at-11.41.45.jpeg 1574w, https:\/\/radioinfinitagoya.com.ar\/v1\/wp-content\/uploads\/2025\/09\/WhatsApp-Image-2025-09-10-at-11.41.45-696x398.jpeg 696w, https:\/\/radioinfinitagoya.com.ar\/v1\/wp-content\/uploads\/2025\/09\/WhatsApp-Image-2025-09-10-at-11.41.45-1068x611.jpeg 1068w, https:\/\/radioinfinitagoya.com.ar\/v1\/wp-content\/uploads\/2025\/09\/WhatsApp-Image-2025-09-10-at-11.41.45-735x420.jpeg 735w\" sizes=\"auto, (max-width: 1574px) 100vw, 1574px\" \/><\/p>\n<p>El lanzamiento oficial se realiz\u00f3 en la ma\u00f1ana del mi\u00e9rcoles 10 de septiembre en la Plaza Mitre, en el marco de una conferencia de prensa que cont\u00f3 con la presencia de autoridades municipales, educativas y estudiantiles. Antes de iniciar, se llev\u00f3 a cabo un minuto de silencio en conmemoraci\u00f3n del D\u00eda Mundial de la Prevenci\u00f3n del Suicidio.<\/p>\n<p>Estuvieron presentes el intendente doctor Mariano Hormaechea; la secretar\u00eda de Educaci\u00f3n, Sonia Espina; el secretario de Desarrollo Humano y Promoci\u00f3n Social, Julio Canteros; los directores de Deportes, Alejandro Lago; Juventud, Gast\u00f3n Espinosa; Prevenci\u00f3n de Adicciones, Vanesa Morales; Cultura, Manuel Zampar; Fortalecimiento Familiar, Sylvina Ram\u00edrez; Prensa, Alejandro Medina; el subsecretario de APS, doctor Emilio Mart\u00ednez; el coordinador Digital 4.0, Juan Pablo Mart\u00ednez; adem\u00e1s de rectores, profesores, alumnos y representantes de la UCESG.<\/p>\n<p>Tambi\u00e9n participaron la actual reina, Brisa Mart\u00ednez, junto a sus princesas Julieta Sulligoy y Nahiara Aceval, adem\u00e1s de los candidatos a reina y rey de los distintos colegios de la ciudad.<\/p>\n<p>INTENDENTE MARIANO HORMAECHEA<\/p>\n<p>El intendente de Goya, doctor Mariano Hormaechea, inici\u00f3 su intervenci\u00f3n destacando el marco del lanzamiento: \u201cSin duda que nosotros como Estado municipal nos adherimos a este d\u00eda tan importante, este D\u00eda Internacional de la Prevenci\u00f3n del Suicidio. Sabemos de esta problem\u00e1tica, nos preocupa; es un problema transversal a toda la ciudadan\u00eda, a toda la provincia, a todo el pa\u00eds, y es un d\u00eda importante para poner esto sobre la mesa, seguir hablando, seguir informando y seguir ocup\u00e1ndonos de esta problem\u00e1tica tan grave\u201d.<\/p>\n<p>Luego, hizo referencia al compromiso asumido desde el inicio de su gesti\u00f3n para acompa\u00f1ar la Estudiantina: \u201cNos hemos reunido con el Consejo de Rectores y les planteamos la decisi\u00f3n de acompa\u00f1ar este evento tan importante de nuestros estudiantes, que es la querida Estudiantina. Todos pasamos por ah\u00ed, tambi\u00e9n me ha tocado, y la verdad que cuando llegaba esta fecha nos pon\u00edamos muy ansiosos de poder participar, estar, compartir en ese encuentro que se realiza en el campo deportivo que tenemos en la ciudad\u201d.<\/p>\n<p>Hormaechea subray\u00f3 el trabajo conjunto y la responsabilidad de las instituciones: \u201cDesde el primer momento reivindicamos este acompa\u00f1amiento de la Municipalidad de Goya, apoyando el trabajo responsable, solidario y comprometido de cada una de las autoridades, rectores y profesores de las distintas escuelas, que junto a nuestros estudiantes hacen posible que todo salga de la mejor manera\u201d.<\/p>\n<p>Tambi\u00e9n felicit\u00f3 especialmente a los estudiantes organizados en la UCESG: \u201cQuiero felicitar a cada uno de ustedes, los estudiantes que conforman la UCESG, y reivindicar tambi\u00e9n su participaci\u00f3n, comprometerse, poner su tiempo, trabajar para realizar esta Estudiantina. En estos tiempos donde muchas veces la participaci\u00f3n p\u00fablica y la de los centros de estudiantes tienen mala prensa, reivindicar la participaci\u00f3n por el trabajo y por el bien com\u00fan, en este caso, la organizaci\u00f3n de un evento tan importante que tiene que seguir creciendo en nuestra ciudad\u201d.<\/p>\n<p>El intendente cerr\u00f3 con un mensaje de respaldo pol\u00edtico e institucional hacia la juventud: \u201cAgradecerles a todos ustedes, a los estudiantes, y decirles que en este tiempo que sigue hacia adelante, donde el vecino de la ciudad ha acompa\u00f1ado la continuidad de este proyecto pol\u00edtico, nosotros reivindicamos el trabajo conjunto. Cuenten con nosotros para acompa\u00f1arlos, para apoyarlos y para que esto pueda seguir creciendo. Much\u00edsimas gracias a todos y sigamos trabajando juntos\u201d.<\/p>\n<p><img loading=\"lazy\" decoding=\"async\" class=\"alignnone size-full wp-image-195699\" src=\"https:\/\/radioinfinitagoya.com.ar\/v1\/wp-content\/uploads\/2025\/09\/WhatsApp-Image-2025-09-10-at-11.41.42.jpeg\" alt=\"\" width=\"1600\" height=\"900\" srcset=\"https:\/\/radioinfinitagoya.com.ar\/v1\/wp-content\/uploads\/2025\/09\/WhatsApp-Image-2025-09-10-at-11.41.42.jpeg 1600w, https:\/\/radioinfinitagoya.com.ar\/v1\/wp-content\/uploads\/2025\/09\/WhatsApp-Image-2025-09-10-at-11.41.42-696x392.jpeg 696w, https:\/\/radioinfinitagoya.com.ar\/v1\/wp-content\/uploads\/2025\/09\/WhatsApp-Image-2025-09-10-at-11.41.42-1068x601.jpeg 1068w, https:\/\/radioinfinitagoya.com.ar\/v1\/wp-content\/uploads\/2025\/09\/WhatsApp-Image-2025-09-10-at-11.41.42-747x420.jpeg 747w\" sizes=\"auto, (max-width: 1600px) 100vw, 1600px\" \/><\/p>\n<p>PROFESORA GRACIELA B\u00c1EZ<\/p>\n<p>Posteriormente, en representaci\u00f3n del Consejo de Rectores, tom\u00f3 la palabra la profesora Graciela B\u00e1ez, directora de la Escuela Normal \u201cMariano I. Loza\u201d, quien expres\u00f3 con emoci\u00f3n la importancia de este acontecimiento en la vida estudiantil y cultural de Goya.<\/p>\n<p>\u201cHoy nos volvemos a encontrar para dar el lanzamiento oficial a nuestra tan esperada Estudiantina, que este a\u00f1o celebra su 34\u00b0 edici\u00f3n. Para algunos puede ser una edici\u00f3n m\u00e1s, pero para quienes vivimos y sentimos la Estudiantina como parte fundamental de nuestra identidad, es una experiencia \u00fanica que solo puede expresarse al ver a nuestros j\u00f3venes disfrutarla y hacerla suya\u201d.<\/p>\n<p>La docente resalt\u00f3 el lugar privilegiado de la Estudiantina dentro del calendario local: \u201cSin duda podemos decir que Goya tiene dos fechas muy importantes en su calendario: la Fiesta Nacional del Surub\u00ed y la Estudiantina, un evento donde los verdaderos protagonistas son los estudiantes, una fiesta hecha por y para ellos, acompa\u00f1ada siempre por las comunidades educativas a las que pertenecen y, por supuesto, por el municipio\u201d.<\/p>\n<p>Adem\u00e1s, subray\u00f3 el valor del trabajo en conjunto: \u201cPorque detr\u00e1s de toda propuesta educativa deben estar presentes, sin excepci\u00f3n, las escuelas, las familias y el Estado\u201d.<\/p>\n<p>La profesora B\u00e1ez agradeci\u00f3 el esfuerzo de todos los actores que hacen posible la Estudiantina: \u201cCorresponde agradecer profundamente el apoyo constante de los rectores, de los profesores asesores, de la Municipalidad de Goya y, por supuesto, no podemos dejar de mencionar la estructura s\u00f3lida que sostiene esta celebraci\u00f3n: la UCESG. Sin la organizaci\u00f3n y el compromiso que ellos ponen, la edici\u00f3n N\u00b0 34 no ser\u00eda posible\u201d.<\/p>\n<p>Finalmente, reflexion\u00f3 sobre el trabajo colectivo de los j\u00f3venes y dej\u00f3 un mensaje inspirador: \u201cEn este trabajo, los centros de estudiantes nos ense\u00f1an lo que Henry Ford expres\u00f3 con tanta claridad: reunirse es un comienzo, permanecer juntos un progreso y trabajar juntos es el \u00e9xito. Con aciertos y desaciertos, lo logran en equipo. Para concluir, quiero compartir unas palabras del Papa Francisco dirigidas a los j\u00f3venes: hagan l\u00edo, porque cuando sentimos que ustedes est\u00e1n vivos, a los adultos solo nos queda acompa\u00f1ar\u201d.<\/p>\n<p>Actividades de la Estudiantina 2025<\/p>\n<p>Tras las palabras, se dio a conocer el cronograma oficial. La tradicional partida de la antorcha se realizar\u00e1 el jueves 17 de septiembre desde el Colegio Francisco Pinaroli. El recorrido comprender\u00e1 la calle Jos\u00e9 G\u00f3mez, continuar\u00e1 por avenida Madariaga y Leandro N. Alem, hasta llegar al Campo Amigo, donde se concentrar\u00e1n las actividades.<\/p>\n<p>El evento se extender\u00e1 durante tres d\u00edas, con competencias deportivas, actividades culturales y la esperada elecci\u00f3n de reina, rey, princesas y pr\u00edncipes de la edici\u00f3n 2025. Las jornadas tendr\u00e1n su cierre el s\u00e1bado 19 de septiembre, coronando un fin de semana de celebraci\u00f3n, identidad y protagonismo juvenil.<\/p>\n<p>Direcci\u00f3n de Prensa \u2013 Municipalidad de Goya.<\/p>\n<p>&nbsp;<\/p>\n","protected":false},"excerpt":{"rendered":"<p>La ciudad de Goya se prepara para vivir una nueva edici\u00f3n de una de sus celebraciones m\u00e1s esperadas: la Estudiantina 2025, que este a\u00f1o llega a su 34\u00b0 edici\u00f3n y tendr\u00e1 lugar del jueves 18 al s\u00e1bado 20 de septiembre en el \u201cCampo Amigo\u201d (ex predio Massalin Particulares). El lanzamiento oficial se realiz\u00f3 en la [&hellip;]<\/p>\n","protected":false},"author":4,"featured_media":195700,"comment_status":"closed","ping_status":"closed","sticky":false,"template":"","format":"standard","meta":{"_joinchat":[],"footnotes":""},"categories":[27],"tags":[],"class_list":{"0":"post-195697","1":"post","2":"type-post","3":"status-publish","4":"format-standard","5":"has-post-thumbnail","7":"category-locales"},"yoast_head":"<!-- This site is optimized with the Yoast SEO plugin v27.2 - https:\/\/yoast.com\/product\/yoast-seo-wordpress\/ -->\n<title>Lanzamiento de la 34\u00b0 edici\u00f3n de la estudiantina en Plaza Mitre - Radio Infinita Goya<\/title>\n<meta name=\"description\" content=\"La ciudad de Goya se prepara para vivir una nueva edici\u00f3n de una de sus celebraciones m\u00e1s esperadas: la Estudiantina 2025, que este a\u00f1o llega a su 34\u00b0\" \/>\n<meta name=\"robots\" content=\"index, follow, max-snippet:-1, max-image-preview:large, max-video-preview:-1\" \/>\n<link rel=\"canonical\" href=\"https:\/\/radioinfinitagoya.com.ar\/v1\/2025\/09\/10\/lanzamiento-de-la-34-edicion-de-la-estudiantina-en-plaza-mitre\/\" \/>\n<meta property=\"og:locale\" content=\"es_ES\" \/>\n<meta property=\"og:type\" content=\"article\" \/>\n<meta property=\"og:title\" content=\"Lanzamiento de la 34\u00b0 edici\u00f3n de la estudiantina en Plaza Mitre - Radio Infinita Goya\" \/>\n<meta property=\"og:description\" content=\"La ciudad de Goya se prepara para vivir una nueva edici\u00f3n de una de sus celebraciones m\u00e1s esperadas: la Estudiantina 2025, que este a\u00f1o llega a su 34\u00b0\" \/>\n<meta property=\"og:url\" content=\"https:\/\/radioinfinitagoya.com.ar\/v1\/2025\/09\/10\/lanzamiento-de-la-34-edicion-de-la-estudiantina-en-plaza-mitre\/\" \/>\n<meta property=\"og:site_name\" content=\"Radio Infinita Goya\" \/>\n<meta property=\"article:publisher\" content=\"https:\/\/www.facebook.com\/p\/Infinita-Goya-100063870918311\/\" \/>\n<meta property=\"article:published_time\" content=\"2025-09-10T19:43:28+00:00\" \/>\n<meta property=\"og:image\" content=\"https:\/\/radioinfinitagoya.com.ar\/v1\/wp-content\/uploads\/2025\/09\/WhatsApp-Image-2025-09-10-at-11.41.55.jpeg\" \/>\n\t<meta property=\"og:image:width\" content=\"1600\" \/>\n\t<meta property=\"og:image:height\" content=\"900\" \/>\n\t<meta property=\"og:image:type\" content=\"image\/jpeg\" \/>\n<meta name=\"author\" content=\"Jorge Mi\u00f1o\" \/>\n<meta name=\"twitter:card\" content=\"summary_large_image\" \/>\n<meta name=\"twitter:label1\" content=\"Escrito por\" \/>\n\t<meta name=\"twitter:data1\" content=\"Jorge Mi\u00f1o\" \/>\n\t<meta name=\"twitter:label2\" content=\"Tiempo de lectura\" \/>\n\t<meta name=\"twitter:data2\" content=\"6 minutos\" \/>\n<script type=\"application\/ld+json\" class=\"yoast-schema-graph\">{\"@context\":\"https:\/\/schema.org\",\"@graph\":[{\"@type\":\"Article\",\"@id\":\"https:\/\/radioinfinitagoya.com.ar\/v1\/2025\/09\/10\/lanzamiento-de-la-34-edicion-de-la-estudiantina-en-plaza-mitre\/#article\",\"isPartOf\":{\"@id\":\"https:\/\/radioinfinitagoya.com.ar\/v1\/2025\/09\/10\/lanzamiento-de-la-34-edicion-de-la-estudiantina-en-plaza-mitre\/\"},\"author\":{\"name\":\"Jorge Mi\u00f1o\",\"@id\":\"https:\/\/radioinfinitagoya.com.ar\/v1\/#\/schema\/person\/d4cf9c413d4f6edb24aabdccab49ca4a\"},\"headline\":\"Lanzamiento de la 34\u00b0 edici\u00f3n de la estudiantina en Plaza Mitre\",\"datePublished\":\"2025-09-10T19:43:28+00:00\",\"mainEntityOfPage\":{\"@id\":\"https:\/\/radioinfinitagoya.com.ar\/v1\/2025\/09\/10\/lanzamiento-de-la-34-edicion-de-la-estudiantina-en-plaza-mitre\/\"},\"wordCount\":1130,\"publisher\":{\"@id\":\"https:\/\/radioinfinitagoya.com.ar\/v1\/#organization\"},\"image\":{\"@id\":\"https:\/\/radioinfinitagoya.com.ar\/v1\/2025\/09\/10\/lanzamiento-de-la-34-edicion-de-la-estudiantina-en-plaza-mitre\/#primaryimage\"},\"thumbnailUrl\":\"https:\/\/radioinfinitagoya.com.ar\/v1\/wp-content\/uploads\/2025\/09\/WhatsApp-Image-2025-09-10-at-11.41.55.jpeg\",\"articleSection\":[\"LOCALES\"],\"inLanguage\":\"es-AR\"},{\"@type\":\"WebPage\",\"@id\":\"https:\/\/radioinfinitagoya.com.ar\/v1\/2025\/09\/10\/lanzamiento-de-la-34-edicion-de-la-estudiantina-en-plaza-mitre\/\",\"url\":\"https:\/\/radioinfinitagoya.com.ar\/v1\/2025\/09\/10\/lanzamiento-de-la-34-edicion-de-la-estudiantina-en-plaza-mitre\/\",\"name\":\"Lanzamiento de la 34\u00b0 edici\u00f3n de la estudiantina en Plaza Mitre - Radio Infinita Goya\",\"isPartOf\":{\"@id\":\"https:\/\/radioinfinitagoya.com.ar\/v1\/#website\"},\"primaryImageOfPage\":{\"@id\":\"https:\/\/radioinfinitagoya.com.ar\/v1\/2025\/09\/10\/lanzamiento-de-la-34-edicion-de-la-estudiantina-en-plaza-mitre\/#primaryimage\"},\"image\":{\"@id\":\"https:\/\/radioinfinitagoya.com.ar\/v1\/2025\/09\/10\/lanzamiento-de-la-34-edicion-de-la-estudiantina-en-plaza-mitre\/#primaryimage\"},\"thumbnailUrl\":\"https:\/\/radioinfinitagoya.com.ar\/v1\/wp-content\/uploads\/2025\/09\/WhatsApp-Image-2025-09-10-at-11.41.55.jpeg\",\"datePublished\":\"2025-09-10T19:43:28+00:00\",\"description\":\"La ciudad de Goya se prepara para vivir una nueva edici\u00f3n de una de sus celebraciones m\u00e1s esperadas: la Estudiantina 2025, que este a\u00f1o llega a su 34\u00b0\",\"breadcrumb\":{\"@id\":\"https:\/\/radioinfinitagoya.com.ar\/v1\/2025\/09\/10\/lanzamiento-de-la-34-edicion-de-la-estudiantina-en-plaza-mitre\/#breadcrumb\"},\"inLanguage\":\"es-AR\",\"potentialAction\":[{\"@type\":\"ReadAction\",\"target\":[\"https:\/\/radioinfinitagoya.com.ar\/v1\/2025\/09\/10\/lanzamiento-de-la-34-edicion-de-la-estudiantina-en-plaza-mitre\/\"]}]},{\"@type\":\"ImageObject\",\"inLanguage\":\"es-AR\",\"@id\":\"https:\/\/radioinfinitagoya.com.ar\/v1\/2025\/09\/10\/lanzamiento-de-la-34-edicion-de-la-estudiantina-en-plaza-mitre\/#primaryimage\",\"url\":\"https:\/\/radioinfinitagoya.com.ar\/v1\/wp-content\/uploads\/2025\/09\/WhatsApp-Image-2025-09-10-at-11.41.55.jpeg\",\"contentUrl\":\"https:\/\/radioinfinitagoya.com.ar\/v1\/wp-content\/uploads\/2025\/09\/WhatsApp-Image-2025-09-10-at-11.41.55.jpeg\",\"width\":1600,\"height\":900},{\"@type\":\"BreadcrumbList\",\"@id\":\"https:\/\/radioinfinitagoya.com.ar\/v1\/2025\/09\/10\/lanzamiento-de-la-34-edicion-de-la-estudiantina-en-plaza-mitre\/#breadcrumb\",\"itemListElement\":[{\"@type\":\"ListItem\",\"position\":1,\"name\":\"Inicio\",\"item\":\"https:\/\/radioinfinitagoya.com.ar\/v1\/\"},{\"@type\":\"ListItem\",\"position\":2,\"name\":\"Lanzamiento de la 34\u00b0 edici\u00f3n de la estudiantina en Plaza Mitre\"}]},{\"@type\":\"WebSite\",\"@id\":\"https:\/\/radioinfinitagoya.com.ar\/v1\/#website\",\"url\":\"https:\/\/radioinfinitagoya.com.ar\/v1\/\",\"name\":\"radioinfinitagoya.com.ar\",\"description\":\"Radio de noticias\",\"publisher\":{\"@id\":\"https:\/\/radioinfinitagoya.com.ar\/v1\/#organization\"},\"potentialAction\":[{\"@type\":\"SearchAction\",\"target\":{\"@type\":\"EntryPoint\",\"urlTemplate\":\"https:\/\/radioinfinitagoya.com.ar\/v1\/?s={search_term_string}\"},\"query-input\":{\"@type\":\"PropertyValueSpecification\",\"valueRequired\":true,\"valueName\":\"search_term_string\"}}],\"inLanguage\":\"es-AR\"},{\"@type\":\"Organization\",\"@id\":\"https:\/\/radioinfinitagoya.com.ar\/v1\/#organization\",\"name\":\"Radio Infinita Goya\",\"url\":\"https:\/\/radioinfinitagoya.com.ar\/v1\/\",\"logo\":{\"@type\":\"ImageObject\",\"inLanguage\":\"es-AR\",\"@id\":\"https:\/\/radioinfinitagoya.com.ar\/v1\/#\/schema\/logo\/image\/\",\"url\":\"https:\/\/radioinfinitagoya.com.ar\/v1\/wp-content\/uploads\/2019\/11\/logo-pie-web.png\",\"contentUrl\":\"https:\/\/radioinfinitagoya.com.ar\/v1\/wp-content\/uploads\/2019\/11\/logo-pie-web.png\",\"width\":635,\"height\":326,\"caption\":\"Radio Infinita Goya\"},\"image\":{\"@id\":\"https:\/\/radioinfinitagoya.com.ar\/v1\/#\/schema\/logo\/image\/\"},\"sameAs\":[\"https:\/\/www.facebook.com\/p\/Infinita-Goya-100063870918311\/\"]},{\"@type\":\"Person\",\"@id\":\"https:\/\/radioinfinitagoya.com.ar\/v1\/#\/schema\/person\/d4cf9c413d4f6edb24aabdccab49ca4a\",\"name\":\"Jorge Mi\u00f1o\",\"image\":{\"@type\":\"ImageObject\",\"inLanguage\":\"es-AR\",\"@id\":\"https:\/\/secure.gravatar.com\/avatar\/910fcf6728fe95320e07a6643c1581fec1c7fc4bf8ae12e3d8f0d0373dc844be?s=96&d=mm&r=g\",\"url\":\"https:\/\/secure.gravatar.com\/avatar\/910fcf6728fe95320e07a6643c1581fec1c7fc4bf8ae12e3d8f0d0373dc844be?s=96&d=mm&r=g\",\"contentUrl\":\"https:\/\/secure.gravatar.com\/avatar\/910fcf6728fe95320e07a6643c1581fec1c7fc4bf8ae12e3d8f0d0373dc844be?s=96&d=mm&r=g\",\"caption\":\"Jorge Mi\u00f1o\"},\"sameAs\":[\"http:\/\/radioinfinitagoya.com.ar\"]}]}<\/script>\n<!-- \/ Yoast SEO plugin. -->","yoast_head_json":{"title":"Lanzamiento de la 34\u00b0 edici\u00f3n de la estudiantina en Plaza Mitre - Radio Infinita Goya","description":"La ciudad de Goya se prepara para vivir una nueva edici\u00f3n de una de sus celebraciones m\u00e1s esperadas: la Estudiantina 2025, que este a\u00f1o llega a su 34\u00b0","robots":{"index":"index","follow":"follow","max-snippet":"max-snippet:-1","max-image-preview":"max-image-preview:large","max-video-preview":"max-video-preview:-1"},"canonical":"https:\/\/radioinfinitagoya.com.ar\/v1\/2025\/09\/10\/lanzamiento-de-la-34-edicion-de-la-estudiantina-en-plaza-mitre\/","og_locale":"es_ES","og_type":"article","og_title":"Lanzamiento de la 34\u00b0 edici\u00f3n de la estudiantina en Plaza Mitre - Radio Infinita Goya","og_description":"La ciudad de Goya se prepara para vivir una nueva edici\u00f3n de una de sus celebraciones m\u00e1s esperadas: la Estudiantina 2025, que este a\u00f1o llega a su 34\u00b0","og_url":"https:\/\/radioinfinitagoya.com.ar\/v1\/2025\/09\/10\/lanzamiento-de-la-34-edicion-de-la-estudiantina-en-plaza-mitre\/","og_site_name":"Radio Infinita Goya","article_publisher":"https:\/\/www.facebook.com\/p\/Infinita-Goya-100063870918311\/","article_published_time":"2025-09-10T19:43:28+00:00","og_image":[{"width":1600,"height":900,"url":"https:\/\/radioinfinitagoya.com.ar\/v1\/wp-content\/uploads\/2025\/09\/WhatsApp-Image-2025-09-10-at-11.41.55.jpeg","type":"image\/jpeg"}],"author":"Jorge Mi\u00f1o","twitter_card":"summary_large_image","twitter_misc":{"Escrito por":"Jorge Mi\u00f1o","Tiempo de lectura":"6 minutos"},"schema":{"@context":"https:\/\/schema.org","@graph":[{"@type":"Article","@id":"https:\/\/radioinfinitagoya.com.ar\/v1\/2025\/09\/10\/lanzamiento-de-la-34-edicion-de-la-estudiantina-en-plaza-mitre\/#article","isPartOf":{"@id":"https:\/\/radioinfinitagoya.com.ar\/v1\/2025\/09\/10\/lanzamiento-de-la-34-edicion-de-la-estudiantina-en-plaza-mitre\/"},"author":{"name":"Jorge Mi\u00f1o","@id":"https:\/\/radioinfinitagoya.com.ar\/v1\/#\/schema\/person\/d4cf9c413d4f6edb24aabdccab49ca4a"},"headline":"Lanzamiento de la 34\u00b0 edici\u00f3n de la estudiantina en Plaza Mitre","datePublished":"2025-09-10T19:43:28+00:00","mainEntityOfPage":{"@id":"https:\/\/radioinfinitagoya.com.ar\/v1\/2025\/09\/10\/lanzamiento-de-la-34-edicion-de-la-estudiantina-en-plaza-mitre\/"},"wordCount":1130,"publisher":{"@id":"https:\/\/radioinfinitagoya.com.ar\/v1\/#organization"},"image":{"@id":"https:\/\/radioinfinitagoya.com.ar\/v1\/2025\/09\/10\/lanzamiento-de-la-34-edicion-de-la-estudiantina-en-plaza-mitre\/#primaryimage"},"thumbnailUrl":"https:\/\/radioinfinitagoya.com.ar\/v1\/wp-content\/uploads\/2025\/09\/WhatsApp-Image-2025-09-10-at-11.41.55.jpeg","articleSection":["LOCALES"],"inLanguage":"es-AR"},{"@type":"WebPage","@id":"https:\/\/radioinfinitagoya.com.ar\/v1\/2025\/09\/10\/lanzamiento-de-la-34-edicion-de-la-estudiantina-en-plaza-mitre\/","url":"https:\/\/radioinfinitagoya.com.ar\/v1\/2025\/09\/10\/lanzamiento-de-la-34-edicion-de-la-estudiantina-en-plaza-mitre\/","name":"Lanzamiento de la 34\u00b0 edici\u00f3n de la estudiantina en Plaza Mitre - Radio Infinita Goya","isPartOf":{"@id":"https:\/\/radioinfinitagoya.com.ar\/v1\/#website"},"primaryImageOfPage":{"@id":"https:\/\/radioinfinitagoya.com.ar\/v1\/2025\/09\/10\/lanzamiento-de-la-34-edicion-de-la-estudiantina-en-plaza-mitre\/#primaryimage"},"image":{"@id":"https:\/\/radioinfinitagoya.com.ar\/v1\/2025\/09\/10\/lanzamiento-de-la-34-edicion-de-la-estudiantina-en-plaza-mitre\/#primaryimage"},"thumbnailUrl":"https:\/\/radioinfinitagoya.com.ar\/v1\/wp-content\/uploads\/2025\/09\/WhatsApp-Image-2025-09-10-at-11.41.55.jpeg","datePublished":"2025-09-10T19:43:28+00:00","description":"La ciudad de Goya se prepara para vivir una nueva edici\u00f3n de una de sus celebraciones m\u00e1s esperadas: la Estudiantina 2025, que este a\u00f1o llega a su 34\u00b0","breadcrumb":{"@id":"https:\/\/radioinfinitagoya.com.ar\/v1\/2025\/09\/10\/lanzamiento-de-la-34-edicion-de-la-estudiantina-en-plaza-mitre\/#breadcrumb"},"inLanguage":"es-AR","potentialAction":[{"@type":"ReadAction","target":["https:\/\/radioinfinitagoya.com.ar\/v1\/2025\/09\/10\/lanzamiento-de-la-34-edicion-de-la-estudiantina-en-plaza-mitre\/"]}]},{"@type":"ImageObject","inLanguage":"es-AR","@id":"https:\/\/radioinfinitagoya.com.ar\/v1\/2025\/09\/10\/lanzamiento-de-la-34-edicion-de-la-estudiantina-en-plaza-mitre\/#primaryimage","url":"https:\/\/radioinfinitagoya.com.ar\/v1\/wp-content\/uploads\/2025\/09\/WhatsApp-Image-2025-09-10-at-11.41.55.jpeg","contentUrl":"https:\/\/radioinfinitagoya.com.ar\/v1\/wp-content\/uploads\/2025\/09\/WhatsApp-Image-2025-09-10-at-11.41.55.jpeg","width":1600,"height":900},{"@type":"BreadcrumbList","@id":"https:\/\/radioinfinitagoya.com.ar\/v1\/2025\/09\/10\/lanzamiento-de-la-34-edicion-de-la-estudiantina-en-plaza-mitre\/#breadcrumb","itemListElement":[{"@type":"ListItem","position":1,"name":"Inicio","item":"https:\/\/radioinfinitagoya.com.ar\/v1\/"},{"@type":"ListItem","position":2,"name":"Lanzamiento de la 34\u00b0 edici\u00f3n de la estudiantina en Plaza Mitre"}]},{"@type":"WebSite","@id":"https:\/\/radioinfinitagoya.com.ar\/v1\/#website","url":"https:\/\/radioinfinitagoya.com.ar\/v1\/","name":"radioinfinitagoya.com.ar","description":"Radio de noticias","publisher":{"@id":"https:\/\/radioinfinitagoya.com.ar\/v1\/#organization"},"potentialAction":[{"@type":"SearchAction","target":{"@type":"EntryPoint","urlTemplate":"https:\/\/radioinfinitagoya.com.ar\/v1\/?s={search_term_string}"},"query-input":{"@type":"PropertyValueSpecification","valueRequired":true,"valueName":"search_term_string"}}],"inLanguage":"es-AR"},{"@type":"Organization","@id":"https:\/\/radioinfinitagoya.com.ar\/v1\/#organization","name":"Radio Infinita Goya","url":"https:\/\/radioinfinitagoya.com.ar\/v1\/","logo":{"@type":"ImageObject","inLanguage":"es-AR","@id":"https:\/\/radioinfinitagoya.com.ar\/v1\/#\/schema\/logo\/image\/","url":"https:\/\/radioinfinitagoya.com.ar\/v1\/wp-content\/uploads\/2019\/11\/logo-pie-web.png","contentUrl":"https:\/\/radioinfinitagoya.com.ar\/v1\/wp-content\/uploads\/2019\/11\/logo-pie-web.png","width":635,"height":326,"caption":"Radio Infinita Goya"},"image":{"@id":"https:\/\/radioinfinitagoya.com.ar\/v1\/#\/schema\/logo\/image\/"},"sameAs":["https:\/\/www.facebook.com\/p\/Infinita-Goya-100063870918311\/"]},{"@type":"Person","@id":"https:\/\/radioinfinitagoya.com.ar\/v1\/#\/schema\/person\/d4cf9c413d4f6edb24aabdccab49ca4a","name":"Jorge Mi\u00f1o","image":{"@type":"ImageObject","inLanguage":"es-AR","@id":"https:\/\/secure.gravatar.com\/avatar\/910fcf6728fe95320e07a6643c1581fec1c7fc4bf8ae12e3d8f0d0373dc844be?s=96&d=mm&r=g","url":"https:\/\/secure.gravatar.com\/avatar\/910fcf6728fe95320e07a6643c1581fec1c7fc4bf8ae12e3d8f0d0373dc844be?s=96&d=mm&r=g","contentUrl":"https:\/\/secure.gravatar.com\/avatar\/910fcf6728fe95320e07a6643c1581fec1c7fc4bf8ae12e3d8f0d0373dc844be?s=96&d=mm&r=g","caption":"Jorge Mi\u00f1o"},"sameAs":["http:\/\/radioinfinitagoya.com.ar"]}]}},"_links":{"self":[{"href":"https:\/\/radioinfinitagoya.com.ar\/v1\/wp-json\/wp\/v2\/posts\/195697","targetHints":{"allow":["GET"]}}],"collection":[{"href":"https:\/\/radioinfinitagoya.com.ar\/v1\/wp-json\/wp\/v2\/posts"}],"about":[{"href":"https:\/\/radioinfinitagoya.com.ar\/v1\/wp-json\/wp\/v2\/types\/post"}],"author":[{"embeddable":true,"href":"https:\/\/radioinfinitagoya.com.ar\/v1\/wp-json\/wp\/v2\/users\/4"}],"replies":[{"embeddable":true,"href":"https:\/\/radioinfinitagoya.com.ar\/v1\/wp-json\/wp\/v2\/comments?post=195697"}],"version-history":[{"count":0,"href":"https:\/\/radioinfinitagoya.com.ar\/v1\/wp-json\/wp\/v2\/posts\/195697\/revisions"}],"wp:featuredmedia":[{"embeddable":true,"href":"https:\/\/radioinfinitagoya.com.ar\/v1\/wp-json\/wp\/v2\/media\/195700"}],"wp:attachment":[{"href":"https:\/\/radioinfinitagoya.com.ar\/v1\/wp-json\/wp\/v2\/media?parent=195697"}],"wp:term":[{"taxonomy":"category","embeddable":true,"href":"https:\/\/radioinfinitagoya.com.ar\/v1\/wp-json\/wp\/v2\/categories?post=195697"},{"taxonomy":"post_tag","embeddable":true,"href":"https:\/\/radioinfinitagoya.com.ar\/v1\/wp-json\/wp\/v2\/tags?post=195697"}],"curies":[{"name":"wp","href":"https:\/\/api.w.org\/{rel}","templated":true}]}}