{"id":195702,"date":"2025-09-10T16:49:29","date_gmt":"2025-09-10T19:49:29","guid":{"rendered":"https:\/\/radioinfinitagoya.com.ar\/v1\/?p=195702"},"modified":"2025-09-10T17:05:47","modified_gmt":"2025-09-10T20:05:47","slug":"la-inflacion-de-agosto-fue-del-19-y-acumula-un-33-interanual","status":"publish","type":"post","link":"https:\/\/radioinfinitagoya.com.ar\/v1\/2025\/09\/10\/la-inflacion-de-agosto-fue-del-19-y-acumula-un-33-interanual\/","title":{"rendered":"La inflaci\u00f3n de Agosto fue del 1,9% y acumula un 33% interanual"},"content":{"rendered":"<p>El Instituto Nacional de Estad\u00edstica y Censos (INDEC) inform\u00f3 que el \u00cdndice de Precios al Consumidor (IPC) no registr\u00f3 diferencias respecto del dato de julio.<\/p>\n<p>De acuerdo a lo informado por el Instituto Nacional de Estad\u00edstica y Censos (INDEC), la inflaci\u00f3n de agosto se ubic\u00f3 en un 1,9%, al igual que el mes de julio, registrando as\u00ed un acumulado interanual de 33,6%. En tanto, el \u00cdndice de Precios al Consumidor (IPC) acumula un 19,5% en lo que va de este 2025.<\/p>\n<p><img loading=\"lazy\" decoding=\"async\" class=\"alignnone size-full wp-image-195703\" src=\"https:\/\/radioinfinitagoya.com.ar\/v1\/wp-content\/uploads\/2025\/09\/image.webp\" alt=\"\" width=\"610\" height=\"569\" srcset=\"https:\/\/radioinfinitagoya.com.ar\/v1\/wp-content\/uploads\/2025\/09\/image.webp 610w, https:\/\/radioinfinitagoya.com.ar\/v1\/wp-content\/uploads\/2025\/09\/image-450x420.webp 450w\" sizes=\"auto, (max-width: 610px) 100vw, 610px\" \/><\/p>\n<p>Uno por uno, los rubros que m\u00e1s aumentaron en agosto<br \/>\nDentro de las \u00e1reas de la econom\u00eda que m\u00e1s se vieron afectadas por los incrementos se encuentra en primer lugar Transporte, con una suba de 3,6%. Seguidamente, se ubica el rubro de Bebidas alcoh\u00f3licas y tabaco, con un 3,5%, mientras que Restaurantes y hoteles registraron un incremento de 3,4%.<\/p>\n<p>En tanto, Vivienda, agua, electricidad, gas y otros combustibles -que es el rubro que m\u00e1s incide en el bolsillo de los argentinos- tuvo una elevaci\u00f3n de costos de 2,7%. Por su parte, la Educaci\u00f3n registr\u00f3 un ascenso de 2,5%, mientras que Bienes y servicios varios se ubic\u00f3 en 2,2%.<\/p>\n<p>Seguidamente, se aloj\u00f3 Comunicaci\u00f3n con una suba de 1,9%, al igual que el dato general de inflaci\u00f3n, a la vez que Salud qued\u00f3 en un 1,7%. En cuanto a Alimentos y bebidas no alcoh\u00f3licas -otro rubro de importancia para los ciudadanos- hubo una suba de 1,4%.<\/p>\n<p>Los restantes rubros:<br \/>\nEquipamiento y mantenimiento del hogar (0,9%)<br \/>\nRecreaci\u00f3n y cultura (0,5%)<br \/>\nHay que se\u00f1alar que Prendas de vestir y calzado registr\u00f3 una deflaci\u00f3n de 0,3%.<\/p>\n<p><img loading=\"lazy\" decoding=\"async\" class=\"alignnone size-full wp-image-195704\" src=\"https:\/\/radioinfinitagoya.com.ar\/v1\/wp-content\/uploads\/2025\/09\/rubros.webp\" alt=\"\" width=\"610\" height=\"380\" \/><\/p>\n<p>Inflaci\u00f3n en la Ciudad<br \/>\nEn tanto la inflaci\u00f3n en la Ciudad de Buenos Aires se desaceler\u00f3 a 1,6% en agosto tras el 1,9% que se hab\u00eda producido en julio, seg\u00fan inform\u00f3 el lunes la Direcci\u00f3n de Estad\u00edstica porte\u00f1a. De esta forma, en un a\u00f1o los precios subieron 37,4%, mientras que en el acumulado desde enero la suba es del 20% y la variaci\u00f3n de los precios en la Ciudad de Buenos Aires muestra un traslado parcial de la suba del d\u00f3lar.<\/p>\n<p>La suba estuvo impulsada por Servicios financieros (5,7%), Transporte (3%), Salud (2,1%) y Gastos en viviendas. Los alimentos subieron un 1% por debajo del promedio y al interior de la muestra las principales subas se dieron en pan y cereales (2,2%) y Frutas (5,5%). En sentido contrario, se destac\u00f3 Verduras, tub\u00e9rculos y legumbres (-1,2%).<\/p>\n<p><img loading=\"lazy\" decoding=\"async\" class=\"alignnone size-full wp-image-195705\" src=\"https:\/\/radioinfinitagoya.com.ar\/v1\/wp-content\/uploads\/2025\/09\/chango-supermercado.webp\" alt=\"\" width=\"610\" height=\"406\" \/><\/p>\n<p>Transporte tuvo un alza del 3,0% debido a las subas en los precios de los combustibles y lubricantes para veh\u00edculos de uso del hogar y de los autom\u00f3viles, seg\u00fan el informe oficial.<\/p>\n<p>La suba en la salud estuvo impactada por aumentos en medicamentos y subas en prepagas, mientras que el gasto para mantener una vivienda se increment\u00f3 1,9% por las subas en las tarifas de los servicios p\u00fablicos.<\/p>\n<p>Por su parte, educaci\u00f3n mostr\u00f3 un avance del 1%, recreaci\u00f3n y cultura del 1,2% y el mismo porcentaje se increment\u00f3 en restaurants y hoteles. Adem\u00e1s, el ingreso de importados hizo que la indumentaria tuviera una baja de 0,4%.<\/p>\n<p>&nbsp;<\/p>\n<p>&nbsp;<\/p>\n","protected":false},"excerpt":{"rendered":"<p>El Instituto Nacional de Estad\u00edstica y Censos (INDEC) inform\u00f3 que el \u00cdndice de Precios al Consumidor (IPC) no registr\u00f3 diferencias respecto del dato de julio. De acuerdo a lo informado por el Instituto Nacional de Estad\u00edstica y Censos (INDEC), la inflaci\u00f3n de agosto se ubic\u00f3 en un 1,9%, al igual que el mes de julio, [&hellip;]<\/p>\n","protected":false},"author":4,"featured_media":195718,"comment_status":"closed","ping_status":"closed","sticky":false,"template":"","format":"standard","meta":{"_joinchat":[],"footnotes":""},"categories":[31],"tags":[],"class_list":{"0":"post-195702","1":"post","2":"type-post","3":"status-publish","4":"format-standard","5":"has-post-thumbnail","7":"category-informacion-general"},"yoast_head":"<!-- This site is optimized with the Yoast SEO plugin v27.2 - https:\/\/yoast.com\/product\/yoast-seo-wordpress\/ -->\n<title>La inflaci\u00f3n de Agosto fue del 1,9% y acumula un 33% interanual - Radio Infinita Goya<\/title>\n<meta name=\"description\" content=\"El Instituto Nacional de Estad\u00edstica y Censos (INDEC) inform\u00f3 que el \u00cdndice de Precios al Consumidor (IPC) no registr\u00f3 diferencias respecto del dato de\" \/>\n<meta name=\"robots\" content=\"index, follow, max-snippet:-1, max-image-preview:large, max-video-preview:-1\" \/>\n<link rel=\"canonical\" href=\"https:\/\/radioinfinitagoya.com.ar\/v1\/2025\/09\/10\/la-inflacion-de-agosto-fue-del-19-y-acumula-un-33-interanual\/\" \/>\n<meta property=\"og:locale\" content=\"es_ES\" \/>\n<meta property=\"og:type\" content=\"article\" \/>\n<meta property=\"og:title\" content=\"La inflaci\u00f3n de Agosto fue del 1,9% y acumula un 33% interanual - Radio Infinita Goya\" \/>\n<meta property=\"og:description\" content=\"El Instituto Nacional de Estad\u00edstica y Censos (INDEC) inform\u00f3 que el \u00cdndice de Precios al Consumidor (IPC) no registr\u00f3 diferencias respecto del dato de\" \/>\n<meta property=\"og:url\" content=\"https:\/\/radioinfinitagoya.com.ar\/v1\/2025\/09\/10\/la-inflacion-de-agosto-fue-del-19-y-acumula-un-33-interanual\/\" \/>\n<meta property=\"og:site_name\" content=\"Radio Infinita Goya\" \/>\n<meta property=\"article:publisher\" content=\"https:\/\/www.facebook.com\/p\/Infinita-Goya-100063870918311\/\" \/>\n<meta property=\"article:published_time\" content=\"2025-09-10T19:49:29+00:00\" \/>\n<meta property=\"article:modified_time\" content=\"2025-09-10T20:05:47+00:00\" \/>\n<meta property=\"og:image\" content=\"https:\/\/radioinfinitagoya.com.ar\/v1\/wp-content\/uploads\/2025\/09\/dAyTelOv.jpg\" \/>\n\t<meta property=\"og:image:width\" content=\"680\" \/>\n\t<meta property=\"og:image:height\" content=\"383\" \/>\n\t<meta property=\"og:image:type\" content=\"image\/jpeg\" \/>\n<meta name=\"author\" content=\"Jorge Mi\u00f1o\" \/>\n<meta name=\"twitter:card\" content=\"summary_large_image\" \/>\n<meta name=\"twitter:label1\" content=\"Escrito por\" \/>\n\t<meta name=\"twitter:data1\" content=\"Jorge Mi\u00f1o\" \/>\n\t<meta name=\"twitter:label2\" content=\"Tiempo de lectura\" \/>\n\t<meta name=\"twitter:data2\" content=\"4 minutos\" \/>\n<script type=\"application\/ld+json\" class=\"yoast-schema-graph\">{\"@context\":\"https:\/\/schema.org\",\"@graph\":[{\"@type\":\"Article\",\"@id\":\"https:\/\/radioinfinitagoya.com.ar\/v1\/2025\/09\/10\/la-inflacion-de-agosto-fue-del-19-y-acumula-un-33-interanual\/#article\",\"isPartOf\":{\"@id\":\"https:\/\/radioinfinitagoya.com.ar\/v1\/2025\/09\/10\/la-inflacion-de-agosto-fue-del-19-y-acumula-un-33-interanual\/\"},\"author\":{\"name\":\"Jorge Mi\u00f1o\",\"@id\":\"https:\/\/radioinfinitagoya.com.ar\/v1\/#\/schema\/person\/d4cf9c413d4f6edb24aabdccab49ca4a\"},\"headline\":\"La inflaci\u00f3n de Agosto fue del 1,9% y acumula un 33% interanual\",\"datePublished\":\"2025-09-10T19:49:29+00:00\",\"dateModified\":\"2025-09-10T20:05:47+00:00\",\"mainEntityOfPage\":{\"@id\":\"https:\/\/radioinfinitagoya.com.ar\/v1\/2025\/09\/10\/la-inflacion-de-agosto-fue-del-19-y-acumula-un-33-interanual\/\"},\"wordCount\":519,\"publisher\":{\"@id\":\"https:\/\/radioinfinitagoya.com.ar\/v1\/#organization\"},\"image\":{\"@id\":\"https:\/\/radioinfinitagoya.com.ar\/v1\/2025\/09\/10\/la-inflacion-de-agosto-fue-del-19-y-acumula-un-33-interanual\/#primaryimage\"},\"thumbnailUrl\":\"https:\/\/radioinfinitagoya.com.ar\/v1\/wp-content\/uploads\/2025\/09\/dAyTelOv.jpg\",\"articleSection\":[\"INFORMACI\u00d3N GENERAL\"],\"inLanguage\":\"es-AR\"},{\"@type\":\"WebPage\",\"@id\":\"https:\/\/radioinfinitagoya.com.ar\/v1\/2025\/09\/10\/la-inflacion-de-agosto-fue-del-19-y-acumula-un-33-interanual\/\",\"url\":\"https:\/\/radioinfinitagoya.com.ar\/v1\/2025\/09\/10\/la-inflacion-de-agosto-fue-del-19-y-acumula-un-33-interanual\/\",\"name\":\"La inflaci\u00f3n de Agosto fue del 1,9% y acumula un 33% interanual - Radio Infinita Goya\",\"isPartOf\":{\"@id\":\"https:\/\/radioinfinitagoya.com.ar\/v1\/#website\"},\"primaryImageOfPage\":{\"@id\":\"https:\/\/radioinfinitagoya.com.ar\/v1\/2025\/09\/10\/la-inflacion-de-agosto-fue-del-19-y-acumula-un-33-interanual\/#primaryimage\"},\"image\":{\"@id\":\"https:\/\/radioinfinitagoya.com.ar\/v1\/2025\/09\/10\/la-inflacion-de-agosto-fue-del-19-y-acumula-un-33-interanual\/#primaryimage\"},\"thumbnailUrl\":\"https:\/\/radioinfinitagoya.com.ar\/v1\/wp-content\/uploads\/2025\/09\/dAyTelOv.jpg\",\"datePublished\":\"2025-09-10T19:49:29+00:00\",\"dateModified\":\"2025-09-10T20:05:47+00:00\",\"description\":\"El Instituto Nacional de Estad\u00edstica y Censos (INDEC) inform\u00f3 que el \u00cdndice de Precios al Consumidor (IPC) no registr\u00f3 diferencias respecto del dato de\",\"breadcrumb\":{\"@id\":\"https:\/\/radioinfinitagoya.com.ar\/v1\/2025\/09\/10\/la-inflacion-de-agosto-fue-del-19-y-acumula-un-33-interanual\/#breadcrumb\"},\"inLanguage\":\"es-AR\",\"potentialAction\":[{\"@type\":\"ReadAction\",\"target\":[\"https:\/\/radioinfinitagoya.com.ar\/v1\/2025\/09\/10\/la-inflacion-de-agosto-fue-del-19-y-acumula-un-33-interanual\/\"]}]},{\"@type\":\"ImageObject\",\"inLanguage\":\"es-AR\",\"@id\":\"https:\/\/radioinfinitagoya.com.ar\/v1\/2025\/09\/10\/la-inflacion-de-agosto-fue-del-19-y-acumula-un-33-interanual\/#primaryimage\",\"url\":\"https:\/\/radioinfinitagoya.com.ar\/v1\/wp-content\/uploads\/2025\/09\/dAyTelOv.jpg\",\"contentUrl\":\"https:\/\/radioinfinitagoya.com.ar\/v1\/wp-content\/uploads\/2025\/09\/dAyTelOv.jpg\",\"width\":680,\"height\":383},{\"@type\":\"BreadcrumbList\",\"@id\":\"https:\/\/radioinfinitagoya.com.ar\/v1\/2025\/09\/10\/la-inflacion-de-agosto-fue-del-19-y-acumula-un-33-interanual\/#breadcrumb\",\"itemListElement\":[{\"@type\":\"ListItem\",\"position\":1,\"name\":\"Inicio\",\"item\":\"https:\/\/radioinfinitagoya.com.ar\/v1\/\"},{\"@type\":\"ListItem\",\"position\":2,\"name\":\"La inflaci\u00f3n de Agosto fue del 1,9% y acumula un 33% interanual\"}]},{\"@type\":\"WebSite\",\"@id\":\"https:\/\/radioinfinitagoya.com.ar\/v1\/#website\",\"url\":\"https:\/\/radioinfinitagoya.com.ar\/v1\/\",\"name\":\"radioinfinitagoya.com.ar\",\"description\":\"Radio de noticias\",\"publisher\":{\"@id\":\"https:\/\/radioinfinitagoya.com.ar\/v1\/#organization\"},\"potentialAction\":[{\"@type\":\"SearchAction\",\"target\":{\"@type\":\"EntryPoint\",\"urlTemplate\":\"https:\/\/radioinfinitagoya.com.ar\/v1\/?s={search_term_string}\"},\"query-input\":{\"@type\":\"PropertyValueSpecification\",\"valueRequired\":true,\"valueName\":\"search_term_string\"}}],\"inLanguage\":\"es-AR\"},{\"@type\":\"Organization\",\"@id\":\"https:\/\/radioinfinitagoya.com.ar\/v1\/#organization\",\"name\":\"Radio Infinita Goya\",\"url\":\"https:\/\/radioinfinitagoya.com.ar\/v1\/\",\"logo\":{\"@type\":\"ImageObject\",\"inLanguage\":\"es-AR\",\"@id\":\"https:\/\/radioinfinitagoya.com.ar\/v1\/#\/schema\/logo\/image\/\",\"url\":\"https:\/\/radioinfinitagoya.com.ar\/v1\/wp-content\/uploads\/2019\/11\/logo-pie-web.png\",\"contentUrl\":\"https:\/\/radioinfinitagoya.com.ar\/v1\/wp-content\/uploads\/2019\/11\/logo-pie-web.png\",\"width\":635,\"height\":326,\"caption\":\"Radio Infinita Goya\"},\"image\":{\"@id\":\"https:\/\/radioinfinitagoya.com.ar\/v1\/#\/schema\/logo\/image\/\"},\"sameAs\":[\"https:\/\/www.facebook.com\/p\/Infinita-Goya-100063870918311\/\"]},{\"@type\":\"Person\",\"@id\":\"https:\/\/radioinfinitagoya.com.ar\/v1\/#\/schema\/person\/d4cf9c413d4f6edb24aabdccab49ca4a\",\"name\":\"Jorge Mi\u00f1o\",\"image\":{\"@type\":\"ImageObject\",\"inLanguage\":\"es-AR\",\"@id\":\"https:\/\/secure.gravatar.com\/avatar\/910fcf6728fe95320e07a6643c1581fec1c7fc4bf8ae12e3d8f0d0373dc844be?s=96&d=mm&r=g\",\"url\":\"https:\/\/secure.gravatar.com\/avatar\/910fcf6728fe95320e07a6643c1581fec1c7fc4bf8ae12e3d8f0d0373dc844be?s=96&d=mm&r=g\",\"contentUrl\":\"https:\/\/secure.gravatar.com\/avatar\/910fcf6728fe95320e07a6643c1581fec1c7fc4bf8ae12e3d8f0d0373dc844be?s=96&d=mm&r=g\",\"caption\":\"Jorge Mi\u00f1o\"},\"sameAs\":[\"http:\/\/radioinfinitagoya.com.ar\"]}]}<\/script>\n<!-- \/ Yoast SEO plugin. -->","yoast_head_json":{"title":"La inflaci\u00f3n de Agosto fue del 1,9% y acumula un 33% interanual - Radio Infinita Goya","description":"El Instituto Nacional de Estad\u00edstica y Censos (INDEC) inform\u00f3 que el \u00cdndice de Precios al Consumidor (IPC) no registr\u00f3 diferencias respecto del dato de","robots":{"index":"index","follow":"follow","max-snippet":"max-snippet:-1","max-image-preview":"max-image-preview:large","max-video-preview":"max-video-preview:-1"},"canonical":"https:\/\/radioinfinitagoya.com.ar\/v1\/2025\/09\/10\/la-inflacion-de-agosto-fue-del-19-y-acumula-un-33-interanual\/","og_locale":"es_ES","og_type":"article","og_title":"La inflaci\u00f3n de Agosto fue del 1,9% y acumula un 33% interanual - Radio Infinita Goya","og_description":"El Instituto Nacional de Estad\u00edstica y Censos (INDEC) inform\u00f3 que el \u00cdndice de Precios al Consumidor (IPC) no registr\u00f3 diferencias respecto del dato de","og_url":"https:\/\/radioinfinitagoya.com.ar\/v1\/2025\/09\/10\/la-inflacion-de-agosto-fue-del-19-y-acumula-un-33-interanual\/","og_site_name":"Radio Infinita Goya","article_publisher":"https:\/\/www.facebook.com\/p\/Infinita-Goya-100063870918311\/","article_published_time":"2025-09-10T19:49:29+00:00","article_modified_time":"2025-09-10T20:05:47+00:00","og_image":[{"width":680,"height":383,"url":"https:\/\/radioinfinitagoya.com.ar\/v1\/wp-content\/uploads\/2025\/09\/dAyTelOv.jpg","type":"image\/jpeg"}],"author":"Jorge Mi\u00f1o","twitter_card":"summary_large_image","twitter_misc":{"Escrito por":"Jorge Mi\u00f1o","Tiempo de lectura":"4 minutos"},"schema":{"@context":"https:\/\/schema.org","@graph":[{"@type":"Article","@id":"https:\/\/radioinfinitagoya.com.ar\/v1\/2025\/09\/10\/la-inflacion-de-agosto-fue-del-19-y-acumula-un-33-interanual\/#article","isPartOf":{"@id":"https:\/\/radioinfinitagoya.com.ar\/v1\/2025\/09\/10\/la-inflacion-de-agosto-fue-del-19-y-acumula-un-33-interanual\/"},"author":{"name":"Jorge Mi\u00f1o","@id":"https:\/\/radioinfinitagoya.com.ar\/v1\/#\/schema\/person\/d4cf9c413d4f6edb24aabdccab49ca4a"},"headline":"La inflaci\u00f3n de Agosto fue del 1,9% y acumula un 33% interanual","datePublished":"2025-09-10T19:49:29+00:00","dateModified":"2025-09-10T20:05:47+00:00","mainEntityOfPage":{"@id":"https:\/\/radioinfinitagoya.com.ar\/v1\/2025\/09\/10\/la-inflacion-de-agosto-fue-del-19-y-acumula-un-33-interanual\/"},"wordCount":519,"publisher":{"@id":"https:\/\/radioinfinitagoya.com.ar\/v1\/#organization"},"image":{"@id":"https:\/\/radioinfinitagoya.com.ar\/v1\/2025\/09\/10\/la-inflacion-de-agosto-fue-del-19-y-acumula-un-33-interanual\/#primaryimage"},"thumbnailUrl":"https:\/\/radioinfinitagoya.com.ar\/v1\/wp-content\/uploads\/2025\/09\/dAyTelOv.jpg","articleSection":["INFORMACI\u00d3N GENERAL"],"inLanguage":"es-AR"},{"@type":"WebPage","@id":"https:\/\/radioinfinitagoya.com.ar\/v1\/2025\/09\/10\/la-inflacion-de-agosto-fue-del-19-y-acumula-un-33-interanual\/","url":"https:\/\/radioinfinitagoya.com.ar\/v1\/2025\/09\/10\/la-inflacion-de-agosto-fue-del-19-y-acumula-un-33-interanual\/","name":"La inflaci\u00f3n de Agosto fue del 1,9% y acumula un 33% interanual - Radio Infinita Goya","isPartOf":{"@id":"https:\/\/radioinfinitagoya.com.ar\/v1\/#website"},"primaryImageOfPage":{"@id":"https:\/\/radioinfinitagoya.com.ar\/v1\/2025\/09\/10\/la-inflacion-de-agosto-fue-del-19-y-acumula-un-33-interanual\/#primaryimage"},"image":{"@id":"https:\/\/radioinfinitagoya.com.ar\/v1\/2025\/09\/10\/la-inflacion-de-agosto-fue-del-19-y-acumula-un-33-interanual\/#primaryimage"},"thumbnailUrl":"https:\/\/radioinfinitagoya.com.ar\/v1\/wp-content\/uploads\/2025\/09\/dAyTelOv.jpg","datePublished":"2025-09-10T19:49:29+00:00","dateModified":"2025-09-10T20:05:47+00:00","description":"El Instituto Nacional de Estad\u00edstica y Censos (INDEC) inform\u00f3 que el \u00cdndice de Precios al Consumidor (IPC) no registr\u00f3 diferencias respecto del dato de","breadcrumb":{"@id":"https:\/\/radioinfinitagoya.com.ar\/v1\/2025\/09\/10\/la-inflacion-de-agosto-fue-del-19-y-acumula-un-33-interanual\/#breadcrumb"},"inLanguage":"es-AR","potentialAction":[{"@type":"ReadAction","target":["https:\/\/radioinfinitagoya.com.ar\/v1\/2025\/09\/10\/la-inflacion-de-agosto-fue-del-19-y-acumula-un-33-interanual\/"]}]},{"@type":"ImageObject","inLanguage":"es-AR","@id":"https:\/\/radioinfinitagoya.com.ar\/v1\/2025\/09\/10\/la-inflacion-de-agosto-fue-del-19-y-acumula-un-33-interanual\/#primaryimage","url":"https:\/\/radioinfinitagoya.com.ar\/v1\/wp-content\/uploads\/2025\/09\/dAyTelOv.jpg","contentUrl":"https:\/\/radioinfinitagoya.com.ar\/v1\/wp-content\/uploads\/2025\/09\/dAyTelOv.jpg","width":680,"height":383},{"@type":"BreadcrumbList","@id":"https:\/\/radioinfinitagoya.com.ar\/v1\/2025\/09\/10\/la-inflacion-de-agosto-fue-del-19-y-acumula-un-33-interanual\/#breadcrumb","itemListElement":[{"@type":"ListItem","position":1,"name":"Inicio","item":"https:\/\/radioinfinitagoya.com.ar\/v1\/"},{"@type":"ListItem","position":2,"name":"La inflaci\u00f3n de Agosto fue del 1,9% y acumula un 33% interanual"}]},{"@type":"WebSite","@id":"https:\/\/radioinfinitagoya.com.ar\/v1\/#website","url":"https:\/\/radioinfinitagoya.com.ar\/v1\/","name":"radioinfinitagoya.com.ar","description":"Radio de noticias","publisher":{"@id":"https:\/\/radioinfinitagoya.com.ar\/v1\/#organization"},"potentialAction":[{"@type":"SearchAction","target":{"@type":"EntryPoint","urlTemplate":"https:\/\/radioinfinitagoya.com.ar\/v1\/?s={search_term_string}"},"query-input":{"@type":"PropertyValueSpecification","valueRequired":true,"valueName":"search_term_string"}}],"inLanguage":"es-AR"},{"@type":"Organization","@id":"https:\/\/radioinfinitagoya.com.ar\/v1\/#organization","name":"Radio Infinita Goya","url":"https:\/\/radioinfinitagoya.com.ar\/v1\/","logo":{"@type":"ImageObject","inLanguage":"es-AR","@id":"https:\/\/radioinfinitagoya.com.ar\/v1\/#\/schema\/logo\/image\/","url":"https:\/\/radioinfinitagoya.com.ar\/v1\/wp-content\/uploads\/2019\/11\/logo-pie-web.png","contentUrl":"https:\/\/radioinfinitagoya.com.ar\/v1\/wp-content\/uploads\/2019\/11\/logo-pie-web.png","width":635,"height":326,"caption":"Radio Infinita Goya"},"image":{"@id":"https:\/\/radioinfinitagoya.com.ar\/v1\/#\/schema\/logo\/image\/"},"sameAs":["https:\/\/www.facebook.com\/p\/Infinita-Goya-100063870918311\/"]},{"@type":"Person","@id":"https:\/\/radioinfinitagoya.com.ar\/v1\/#\/schema\/person\/d4cf9c413d4f6edb24aabdccab49ca4a","name":"Jorge Mi\u00f1o","image":{"@type":"ImageObject","inLanguage":"es-AR","@id":"https:\/\/secure.gravatar.com\/avatar\/910fcf6728fe95320e07a6643c1581fec1c7fc4bf8ae12e3d8f0d0373dc844be?s=96&d=mm&r=g","url":"https:\/\/secure.gravatar.com\/avatar\/910fcf6728fe95320e07a6643c1581fec1c7fc4bf8ae12e3d8f0d0373dc844be?s=96&d=mm&r=g","contentUrl":"https:\/\/secure.gravatar.com\/avatar\/910fcf6728fe95320e07a6643c1581fec1c7fc4bf8ae12e3d8f0d0373dc844be?s=96&d=mm&r=g","caption":"Jorge Mi\u00f1o"},"sameAs":["http:\/\/radioinfinitagoya.com.ar"]}]}},"_links":{"self":[{"href":"https:\/\/radioinfinitagoya.com.ar\/v1\/wp-json\/wp\/v2\/posts\/195702","targetHints":{"allow":["GET"]}}],"collection":[{"href":"https:\/\/radioinfinitagoya.com.ar\/v1\/wp-json\/wp\/v2\/posts"}],"about":[{"href":"https:\/\/radioinfinitagoya.com.ar\/v1\/wp-json\/wp\/v2\/types\/post"}],"author":[{"embeddable":true,"href":"https:\/\/radioinfinitagoya.com.ar\/v1\/wp-json\/wp\/v2\/users\/4"}],"replies":[{"embeddable":true,"href":"https:\/\/radioinfinitagoya.com.ar\/v1\/wp-json\/wp\/v2\/comments?post=195702"}],"version-history":[{"count":0,"href":"https:\/\/radioinfinitagoya.com.ar\/v1\/wp-json\/wp\/v2\/posts\/195702\/revisions"}],"wp:featuredmedia":[{"embeddable":true,"href":"https:\/\/radioinfinitagoya.com.ar\/v1\/wp-json\/wp\/v2\/media\/195718"}],"wp:attachment":[{"href":"https:\/\/radioinfinitagoya.com.ar\/v1\/wp-json\/wp\/v2\/media?parent=195702"}],"wp:term":[{"taxonomy":"category","embeddable":true,"href":"https:\/\/radioinfinitagoya.com.ar\/v1\/wp-json\/wp\/v2\/categories?post=195702"},{"taxonomy":"post_tag","embeddable":true,"href":"https:\/\/radioinfinitagoya.com.ar\/v1\/wp-json\/wp\/v2\/tags?post=195702"}],"curies":[{"name":"wp","href":"https:\/\/api.w.org\/{rel}","templated":true}]}}