{"id":195719,"date":"2025-09-10T17:18:05","date_gmt":"2025-09-10T20:18:05","guid":{"rendered":"https:\/\/radioinfinitagoya.com.ar\/v1\/?p=195719"},"modified":"2025-09-10T17:18:05","modified_gmt":"2025-09-10T20:18:05","slug":"donald-trump-se-pronuncia-ante-el-ataque-de-los-drones-rusos-a-polonia","status":"publish","type":"post","link":"https:\/\/radioinfinitagoya.com.ar\/v1\/2025\/09\/10\/donald-trump-se-pronuncia-ante-el-ataque-de-los-drones-rusos-a-polonia\/","title":{"rendered":"Donald Trump se pronuncia ante el ataque de los drones rusos a Polonia"},"content":{"rendered":"<p>&#8220;\u00a1All\u00e1 vamos!&#8221;<\/p>\n<p>El presidente estadounidense se pronunci\u00f3 tras la violaci\u00f3n del espacio a\u00e9reo polaco y reafirm\u00f3 el apoyo de EEUU a su aliado de la OTAN.<\/p>\n<p>El presidente de Estados Unidos, Donald Trump, se pronunci\u00f3 por primera vez este mi\u00e9rcoles sobre la incursi\u00f3n de drones rusos en Polonia, con un mensaje breve pero contundente que gener\u00f3 inquietud y expectativas. \u201c\u00bfQu\u00e9 pasa con Rusia, violando su espacio a\u00e9reo? \u00a1All\u00e1 vamos!\u201d, escribi\u00f3 en su cuenta de Truth Social, sin dar detalles sobre posibles acciones inmediatas.<\/p>\n<p>Trump cuestion\u00f3 la violaci\u00f3n rusa al espacio a\u00e9reo de un pa\u00eds miembro de la OTAN y lanz\u00f3 un mensaje de advertencia a Mosc\u00fa, horas antes de la prevista reuni\u00f3n con el presidente polaco, Karol Nawrocki. La acci\u00f3n rusa incluy\u00f3 cerca de 19 incursiones entre la noche del martes y la ma\u00f1ana del mi\u00e9rcoles, seg\u00fan confirm\u00f3 el primer ministro polaco, Donald Tusk, y provoc\u00f3 que se activaran los sistemas de defensa, derribando al menos tres drones<\/p>\n<p>Varsovia invoc\u00f3 el art\u00edculo 4 del Tratado del Atl\u00e1ntico Norte para solicitar consultas formales con los dem\u00e1s pa\u00edses miembros de la OTAN, incluyendo a Estados Unidos, ante lo que calific\u00f3 de una \u201cagresi\u00f3n sin precedentes\u201d. Trump emple\u00f3 la expresi\u00f3n en ingl\u00e9s \u201cHere we go\u201d, cuya traducci\u00f3n puede variar, pero que en ning\u00fan caso especifica las medidas que EEUU podr\u00eda tomar en respuesta a esta violaci\u00f3n del espacio a\u00e9reo polaco.<\/p>\n<p>El mandatario ten\u00eda previsto dialogar con Nawrocki, seg\u00fan una fuente de la Casa Blanca, aunque hasta el momento no se confirm\u00f3 oficialmente si la conversaci\u00f3n ya se realiz\u00f3 ni se difundi\u00f3 un resumen habitual de la llamada.<\/p>\n<p><img loading=\"lazy\" decoding=\"async\" class=\"alignnone size-full wp-image-195720\" src=\"https:\/\/radioinfinitagoya.com.ar\/v1\/wp-content\/uploads\/2025\/09\/president_donald_trump_meets_with_and_poses_for_a_photo_with_polish_presidential_candidate_karol_nawrocki_in_the_oval_office_54491923778.webp\" alt=\"\" width=\"730\" height=\"487\" srcset=\"https:\/\/radioinfinitagoya.com.ar\/v1\/wp-content\/uploads\/2025\/09\/president_donald_trump_meets_with_and_poses_for_a_photo_with_polish_presidential_candidate_karol_nawrocki_in_the_oval_office_54491923778.webp 730w, https:\/\/radioinfinitagoya.com.ar\/v1\/wp-content\/uploads\/2025\/09\/president_donald_trump_meets_with_and_poses_for_a_photo_with_polish_presidential_candidate_karol_nawrocki_in_the_oval_office_54491923778-696x464.webp 696w, https:\/\/radioinfinitagoya.com.ar\/v1\/wp-content\/uploads\/2025\/09\/president_donald_trump_meets_with_and_poses_for_a_photo_with_polish_presidential_candidate_karol_nawrocki_in_the_oval_office_54491923778-630x420.webp 630w\" sizes=\"auto, (max-width: 730px) 100vw, 730px\" \/><\/p>\n<p>La relaci\u00f3n de Donald Trump con Polonia<\/p>\n<p>Hace apenas una semana, Trump recibi\u00f3 en el Despacho Oval a Karol Nawrocki. Ante la pregunta de un periodista polaco sobre un posible despliegue de m\u00e1s tropas estadounidenses en Polonia, Trump respondi\u00f3: \u201cPondremos m\u00e1s si las quieren. Nunca nos hemos ni planteado sacar soldados de all\u00ed. Lo hemos pensado respecto a otros pa\u00edses, pero con Polonia estamos hasta el final y ayudaremos a Polonia a protegerse&#8221;.<\/p>\n","protected":false},"excerpt":{"rendered":"<p>&#8220;\u00a1All\u00e1 vamos!&#8221; El presidente estadounidense se pronunci\u00f3 tras la violaci\u00f3n del espacio a\u00e9reo polaco y reafirm\u00f3 el apoyo de EEUU a su aliado de la OTAN. El presidente de Estados Unidos, Donald Trump, se pronunci\u00f3 por primera vez este mi\u00e9rcoles sobre la incursi\u00f3n de drones rusos en Polonia, con un mensaje breve pero contundente que [&hellip;]<\/p>\n","protected":false},"author":4,"featured_media":195721,"comment_status":"closed","ping_status":"closed","sticky":false,"template":"","format":"standard","meta":{"_joinchat":[],"footnotes":""},"categories":[25],"tags":[],"class_list":{"0":"post-195719","1":"post","2":"type-post","3":"status-publish","4":"format-standard","5":"has-post-thumbnail","7":"category-destacados"},"yoast_head":"<!-- This site is optimized with the Yoast SEO plugin v27.2 - https:\/\/yoast.com\/product\/yoast-seo-wordpress\/ -->\n<title>Donald Trump se pronuncia ante el ataque de los drones rusos a Polonia - Radio Infinita Goya<\/title>\n<meta name=\"description\" content=\"&quot;\u00a1All\u00e1 vamos!&quot; El presidente estadounidense se pronunci\u00f3 tras la violaci\u00f3n del espacio a\u00e9reo polaco y reafirm\u00f3 el apoyo de EEUU a su aliado de la OTAN. El\" \/>\n<meta name=\"robots\" content=\"index, follow, max-snippet:-1, max-image-preview:large, max-video-preview:-1\" \/>\n<link rel=\"canonical\" href=\"https:\/\/radioinfinitagoya.com.ar\/v1\/2025\/09\/10\/donald-trump-se-pronuncia-ante-el-ataque-de-los-drones-rusos-a-polonia\/\" \/>\n<meta property=\"og:locale\" content=\"es_ES\" \/>\n<meta property=\"og:type\" content=\"article\" \/>\n<meta property=\"og:title\" content=\"Donald Trump se pronuncia ante el ataque de los drones rusos a Polonia - Radio Infinita Goya\" \/>\n<meta property=\"og:description\" content=\"&quot;\u00a1All\u00e1 vamos!&quot; El presidente estadounidense se pronunci\u00f3 tras la violaci\u00f3n del espacio a\u00e9reo polaco y reafirm\u00f3 el apoyo de EEUU a su aliado de la OTAN. El\" \/>\n<meta property=\"og:url\" content=\"https:\/\/radioinfinitagoya.com.ar\/v1\/2025\/09\/10\/donald-trump-se-pronuncia-ante-el-ataque-de-los-drones-rusos-a-polonia\/\" \/>\n<meta property=\"og:site_name\" content=\"Radio Infinita Goya\" \/>\n<meta property=\"article:publisher\" content=\"https:\/\/www.facebook.com\/p\/Infinita-Goya-100063870918311\/\" \/>\n<meta property=\"article:published_time\" content=\"2025-09-10T20:18:05+00:00\" \/>\n<meta property=\"og:image\" content=\"https:\/\/radioinfinitagoya.com.ar\/v1\/wp-content\/uploads\/2025\/09\/donald-trumpjpg.webp\" \/>\n\t<meta property=\"og:image:width\" content=\"655\" \/>\n\t<meta property=\"og:image:height\" content=\"368\" \/>\n\t<meta property=\"og:image:type\" content=\"image\/webp\" \/>\n<meta name=\"author\" content=\"Jorge Mi\u00f1o\" \/>\n<meta name=\"twitter:card\" content=\"summary_large_image\" \/>\n<meta name=\"twitter:label1\" content=\"Escrito por\" \/>\n\t<meta name=\"twitter:data1\" content=\"Jorge Mi\u00f1o\" \/>\n\t<meta name=\"twitter:label2\" content=\"Tiempo de lectura\" \/>\n\t<meta name=\"twitter:data2\" content=\"2 minutos\" \/>\n<script type=\"application\/ld+json\" class=\"yoast-schema-graph\">{\"@context\":\"https:\/\/schema.org\",\"@graph\":[{\"@type\":\"Article\",\"@id\":\"https:\/\/radioinfinitagoya.com.ar\/v1\/2025\/09\/10\/donald-trump-se-pronuncia-ante-el-ataque-de-los-drones-rusos-a-polonia\/#article\",\"isPartOf\":{\"@id\":\"https:\/\/radioinfinitagoya.com.ar\/v1\/2025\/09\/10\/donald-trump-se-pronuncia-ante-el-ataque-de-los-drones-rusos-a-polonia\/\"},\"author\":{\"name\":\"Jorge Mi\u00f1o\",\"@id\":\"https:\/\/radioinfinitagoya.com.ar\/v1\/#\/schema\/person\/d4cf9c413d4f6edb24aabdccab49ca4a\"},\"headline\":\"Donald Trump se pronuncia ante el ataque de los drones rusos a Polonia\",\"datePublished\":\"2025-09-10T20:18:05+00:00\",\"mainEntityOfPage\":{\"@id\":\"https:\/\/radioinfinitagoya.com.ar\/v1\/2025\/09\/10\/donald-trump-se-pronuncia-ante-el-ataque-de-los-drones-rusos-a-polonia\/\"},\"wordCount\":380,\"publisher\":{\"@id\":\"https:\/\/radioinfinitagoya.com.ar\/v1\/#organization\"},\"image\":{\"@id\":\"https:\/\/radioinfinitagoya.com.ar\/v1\/2025\/09\/10\/donald-trump-se-pronuncia-ante-el-ataque-de-los-drones-rusos-a-polonia\/#primaryimage\"},\"thumbnailUrl\":\"https:\/\/radioinfinitagoya.com.ar\/v1\/wp-content\/uploads\/2025\/09\/donald-trumpjpg.webp\",\"articleSection\":[\"DESTACADOS\"],\"inLanguage\":\"es-AR\"},{\"@type\":\"WebPage\",\"@id\":\"https:\/\/radioinfinitagoya.com.ar\/v1\/2025\/09\/10\/donald-trump-se-pronuncia-ante-el-ataque-de-los-drones-rusos-a-polonia\/\",\"url\":\"https:\/\/radioinfinitagoya.com.ar\/v1\/2025\/09\/10\/donald-trump-se-pronuncia-ante-el-ataque-de-los-drones-rusos-a-polonia\/\",\"name\":\"Donald Trump se pronuncia ante el ataque de los drones rusos a Polonia - Radio Infinita Goya\",\"isPartOf\":{\"@id\":\"https:\/\/radioinfinitagoya.com.ar\/v1\/#website\"},\"primaryImageOfPage\":{\"@id\":\"https:\/\/radioinfinitagoya.com.ar\/v1\/2025\/09\/10\/donald-trump-se-pronuncia-ante-el-ataque-de-los-drones-rusos-a-polonia\/#primaryimage\"},\"image\":{\"@id\":\"https:\/\/radioinfinitagoya.com.ar\/v1\/2025\/09\/10\/donald-trump-se-pronuncia-ante-el-ataque-de-los-drones-rusos-a-polonia\/#primaryimage\"},\"thumbnailUrl\":\"https:\/\/radioinfinitagoya.com.ar\/v1\/wp-content\/uploads\/2025\/09\/donald-trumpjpg.webp\",\"datePublished\":\"2025-09-10T20:18:05+00:00\",\"description\":\"\\\"\u00a1All\u00e1 vamos!\\\" El presidente estadounidense se pronunci\u00f3 tras la violaci\u00f3n del espacio a\u00e9reo polaco y reafirm\u00f3 el apoyo de EEUU a su aliado de la OTAN. El\",\"breadcrumb\":{\"@id\":\"https:\/\/radioinfinitagoya.com.ar\/v1\/2025\/09\/10\/donald-trump-se-pronuncia-ante-el-ataque-de-los-drones-rusos-a-polonia\/#breadcrumb\"},\"inLanguage\":\"es-AR\",\"potentialAction\":[{\"@type\":\"ReadAction\",\"target\":[\"https:\/\/radioinfinitagoya.com.ar\/v1\/2025\/09\/10\/donald-trump-se-pronuncia-ante-el-ataque-de-los-drones-rusos-a-polonia\/\"]}]},{\"@type\":\"ImageObject\",\"inLanguage\":\"es-AR\",\"@id\":\"https:\/\/radioinfinitagoya.com.ar\/v1\/2025\/09\/10\/donald-trump-se-pronuncia-ante-el-ataque-de-los-drones-rusos-a-polonia\/#primaryimage\",\"url\":\"https:\/\/radioinfinitagoya.com.ar\/v1\/wp-content\/uploads\/2025\/09\/donald-trumpjpg.webp\",\"contentUrl\":\"https:\/\/radioinfinitagoya.com.ar\/v1\/wp-content\/uploads\/2025\/09\/donald-trumpjpg.webp\",\"width\":655,\"height\":368},{\"@type\":\"BreadcrumbList\",\"@id\":\"https:\/\/radioinfinitagoya.com.ar\/v1\/2025\/09\/10\/donald-trump-se-pronuncia-ante-el-ataque-de-los-drones-rusos-a-polonia\/#breadcrumb\",\"itemListElement\":[{\"@type\":\"ListItem\",\"position\":1,\"name\":\"Inicio\",\"item\":\"https:\/\/radioinfinitagoya.com.ar\/v1\/\"},{\"@type\":\"ListItem\",\"position\":2,\"name\":\"Donald Trump se pronuncia ante el ataque de los drones rusos a Polonia\"}]},{\"@type\":\"WebSite\",\"@id\":\"https:\/\/radioinfinitagoya.com.ar\/v1\/#website\",\"url\":\"https:\/\/radioinfinitagoya.com.ar\/v1\/\",\"name\":\"radioinfinitagoya.com.ar\",\"description\":\"Radio de noticias\",\"publisher\":{\"@id\":\"https:\/\/radioinfinitagoya.com.ar\/v1\/#organization\"},\"potentialAction\":[{\"@type\":\"SearchAction\",\"target\":{\"@type\":\"EntryPoint\",\"urlTemplate\":\"https:\/\/radioinfinitagoya.com.ar\/v1\/?s={search_term_string}\"},\"query-input\":{\"@type\":\"PropertyValueSpecification\",\"valueRequired\":true,\"valueName\":\"search_term_string\"}}],\"inLanguage\":\"es-AR\"},{\"@type\":\"Organization\",\"@id\":\"https:\/\/radioinfinitagoya.com.ar\/v1\/#organization\",\"name\":\"Radio Infinita Goya\",\"url\":\"https:\/\/radioinfinitagoya.com.ar\/v1\/\",\"logo\":{\"@type\":\"ImageObject\",\"inLanguage\":\"es-AR\",\"@id\":\"https:\/\/radioinfinitagoya.com.ar\/v1\/#\/schema\/logo\/image\/\",\"url\":\"https:\/\/radioinfinitagoya.com.ar\/v1\/wp-content\/uploads\/2019\/11\/logo-pie-web.png\",\"contentUrl\":\"https:\/\/radioinfinitagoya.com.ar\/v1\/wp-content\/uploads\/2019\/11\/logo-pie-web.png\",\"width\":635,\"height\":326,\"caption\":\"Radio Infinita Goya\"},\"image\":{\"@id\":\"https:\/\/radioinfinitagoya.com.ar\/v1\/#\/schema\/logo\/image\/\"},\"sameAs\":[\"https:\/\/www.facebook.com\/p\/Infinita-Goya-100063870918311\/\"]},{\"@type\":\"Person\",\"@id\":\"https:\/\/radioinfinitagoya.com.ar\/v1\/#\/schema\/person\/d4cf9c413d4f6edb24aabdccab49ca4a\",\"name\":\"Jorge Mi\u00f1o\",\"image\":{\"@type\":\"ImageObject\",\"inLanguage\":\"es-AR\",\"@id\":\"https:\/\/secure.gravatar.com\/avatar\/910fcf6728fe95320e07a6643c1581fec1c7fc4bf8ae12e3d8f0d0373dc844be?s=96&d=mm&r=g\",\"url\":\"https:\/\/secure.gravatar.com\/avatar\/910fcf6728fe95320e07a6643c1581fec1c7fc4bf8ae12e3d8f0d0373dc844be?s=96&d=mm&r=g\",\"contentUrl\":\"https:\/\/secure.gravatar.com\/avatar\/910fcf6728fe95320e07a6643c1581fec1c7fc4bf8ae12e3d8f0d0373dc844be?s=96&d=mm&r=g\",\"caption\":\"Jorge Mi\u00f1o\"},\"sameAs\":[\"http:\/\/radioinfinitagoya.com.ar\"]}]}<\/script>\n<!-- \/ Yoast SEO plugin. -->","yoast_head_json":{"title":"Donald Trump se pronuncia ante el ataque de los drones rusos a Polonia - Radio Infinita Goya","description":"\"\u00a1All\u00e1 vamos!\" El presidente estadounidense se pronunci\u00f3 tras la violaci\u00f3n del espacio a\u00e9reo polaco y reafirm\u00f3 el apoyo de EEUU a su aliado de la OTAN. El","robots":{"index":"index","follow":"follow","max-snippet":"max-snippet:-1","max-image-preview":"max-image-preview:large","max-video-preview":"max-video-preview:-1"},"canonical":"https:\/\/radioinfinitagoya.com.ar\/v1\/2025\/09\/10\/donald-trump-se-pronuncia-ante-el-ataque-de-los-drones-rusos-a-polonia\/","og_locale":"es_ES","og_type":"article","og_title":"Donald Trump se pronuncia ante el ataque de los drones rusos a Polonia - Radio Infinita Goya","og_description":"\"\u00a1All\u00e1 vamos!\" El presidente estadounidense se pronunci\u00f3 tras la violaci\u00f3n del espacio a\u00e9reo polaco y reafirm\u00f3 el apoyo de EEUU a su aliado de la OTAN. El","og_url":"https:\/\/radioinfinitagoya.com.ar\/v1\/2025\/09\/10\/donald-trump-se-pronuncia-ante-el-ataque-de-los-drones-rusos-a-polonia\/","og_site_name":"Radio Infinita Goya","article_publisher":"https:\/\/www.facebook.com\/p\/Infinita-Goya-100063870918311\/","article_published_time":"2025-09-10T20:18:05+00:00","og_image":[{"width":655,"height":368,"url":"https:\/\/radioinfinitagoya.com.ar\/v1\/wp-content\/uploads\/2025\/09\/donald-trumpjpg.webp","type":"image\/webp"}],"author":"Jorge Mi\u00f1o","twitter_card":"summary_large_image","twitter_misc":{"Escrito por":"Jorge Mi\u00f1o","Tiempo de lectura":"2 minutos"},"schema":{"@context":"https:\/\/schema.org","@graph":[{"@type":"Article","@id":"https:\/\/radioinfinitagoya.com.ar\/v1\/2025\/09\/10\/donald-trump-se-pronuncia-ante-el-ataque-de-los-drones-rusos-a-polonia\/#article","isPartOf":{"@id":"https:\/\/radioinfinitagoya.com.ar\/v1\/2025\/09\/10\/donald-trump-se-pronuncia-ante-el-ataque-de-los-drones-rusos-a-polonia\/"},"author":{"name":"Jorge Mi\u00f1o","@id":"https:\/\/radioinfinitagoya.com.ar\/v1\/#\/schema\/person\/d4cf9c413d4f6edb24aabdccab49ca4a"},"headline":"Donald Trump se pronuncia ante el ataque de los drones rusos a Polonia","datePublished":"2025-09-10T20:18:05+00:00","mainEntityOfPage":{"@id":"https:\/\/radioinfinitagoya.com.ar\/v1\/2025\/09\/10\/donald-trump-se-pronuncia-ante-el-ataque-de-los-drones-rusos-a-polonia\/"},"wordCount":380,"publisher":{"@id":"https:\/\/radioinfinitagoya.com.ar\/v1\/#organization"},"image":{"@id":"https:\/\/radioinfinitagoya.com.ar\/v1\/2025\/09\/10\/donald-trump-se-pronuncia-ante-el-ataque-de-los-drones-rusos-a-polonia\/#primaryimage"},"thumbnailUrl":"https:\/\/radioinfinitagoya.com.ar\/v1\/wp-content\/uploads\/2025\/09\/donald-trumpjpg.webp","articleSection":["DESTACADOS"],"inLanguage":"es-AR"},{"@type":"WebPage","@id":"https:\/\/radioinfinitagoya.com.ar\/v1\/2025\/09\/10\/donald-trump-se-pronuncia-ante-el-ataque-de-los-drones-rusos-a-polonia\/","url":"https:\/\/radioinfinitagoya.com.ar\/v1\/2025\/09\/10\/donald-trump-se-pronuncia-ante-el-ataque-de-los-drones-rusos-a-polonia\/","name":"Donald Trump se pronuncia ante el ataque de los drones rusos a Polonia - Radio Infinita Goya","isPartOf":{"@id":"https:\/\/radioinfinitagoya.com.ar\/v1\/#website"},"primaryImageOfPage":{"@id":"https:\/\/radioinfinitagoya.com.ar\/v1\/2025\/09\/10\/donald-trump-se-pronuncia-ante-el-ataque-de-los-drones-rusos-a-polonia\/#primaryimage"},"image":{"@id":"https:\/\/radioinfinitagoya.com.ar\/v1\/2025\/09\/10\/donald-trump-se-pronuncia-ante-el-ataque-de-los-drones-rusos-a-polonia\/#primaryimage"},"thumbnailUrl":"https:\/\/radioinfinitagoya.com.ar\/v1\/wp-content\/uploads\/2025\/09\/donald-trumpjpg.webp","datePublished":"2025-09-10T20:18:05+00:00","description":"\"\u00a1All\u00e1 vamos!\" El presidente estadounidense se pronunci\u00f3 tras la violaci\u00f3n del espacio a\u00e9reo polaco y reafirm\u00f3 el apoyo de EEUU a su aliado de la OTAN. El","breadcrumb":{"@id":"https:\/\/radioinfinitagoya.com.ar\/v1\/2025\/09\/10\/donald-trump-se-pronuncia-ante-el-ataque-de-los-drones-rusos-a-polonia\/#breadcrumb"},"inLanguage":"es-AR","potentialAction":[{"@type":"ReadAction","target":["https:\/\/radioinfinitagoya.com.ar\/v1\/2025\/09\/10\/donald-trump-se-pronuncia-ante-el-ataque-de-los-drones-rusos-a-polonia\/"]}]},{"@type":"ImageObject","inLanguage":"es-AR","@id":"https:\/\/radioinfinitagoya.com.ar\/v1\/2025\/09\/10\/donald-trump-se-pronuncia-ante-el-ataque-de-los-drones-rusos-a-polonia\/#primaryimage","url":"https:\/\/radioinfinitagoya.com.ar\/v1\/wp-content\/uploads\/2025\/09\/donald-trumpjpg.webp","contentUrl":"https:\/\/radioinfinitagoya.com.ar\/v1\/wp-content\/uploads\/2025\/09\/donald-trumpjpg.webp","width":655,"height":368},{"@type":"BreadcrumbList","@id":"https:\/\/radioinfinitagoya.com.ar\/v1\/2025\/09\/10\/donald-trump-se-pronuncia-ante-el-ataque-de-los-drones-rusos-a-polonia\/#breadcrumb","itemListElement":[{"@type":"ListItem","position":1,"name":"Inicio","item":"https:\/\/radioinfinitagoya.com.ar\/v1\/"},{"@type":"ListItem","position":2,"name":"Donald Trump se pronuncia ante el ataque de los drones rusos a Polonia"}]},{"@type":"WebSite","@id":"https:\/\/radioinfinitagoya.com.ar\/v1\/#website","url":"https:\/\/radioinfinitagoya.com.ar\/v1\/","name":"radioinfinitagoya.com.ar","description":"Radio de noticias","publisher":{"@id":"https:\/\/radioinfinitagoya.com.ar\/v1\/#organization"},"potentialAction":[{"@type":"SearchAction","target":{"@type":"EntryPoint","urlTemplate":"https:\/\/radioinfinitagoya.com.ar\/v1\/?s={search_term_string}"},"query-input":{"@type":"PropertyValueSpecification","valueRequired":true,"valueName":"search_term_string"}}],"inLanguage":"es-AR"},{"@type":"Organization","@id":"https:\/\/radioinfinitagoya.com.ar\/v1\/#organization","name":"Radio Infinita Goya","url":"https:\/\/radioinfinitagoya.com.ar\/v1\/","logo":{"@type":"ImageObject","inLanguage":"es-AR","@id":"https:\/\/radioinfinitagoya.com.ar\/v1\/#\/schema\/logo\/image\/","url":"https:\/\/radioinfinitagoya.com.ar\/v1\/wp-content\/uploads\/2019\/11\/logo-pie-web.png","contentUrl":"https:\/\/radioinfinitagoya.com.ar\/v1\/wp-content\/uploads\/2019\/11\/logo-pie-web.png","width":635,"height":326,"caption":"Radio Infinita Goya"},"image":{"@id":"https:\/\/radioinfinitagoya.com.ar\/v1\/#\/schema\/logo\/image\/"},"sameAs":["https:\/\/www.facebook.com\/p\/Infinita-Goya-100063870918311\/"]},{"@type":"Person","@id":"https:\/\/radioinfinitagoya.com.ar\/v1\/#\/schema\/person\/d4cf9c413d4f6edb24aabdccab49ca4a","name":"Jorge Mi\u00f1o","image":{"@type":"ImageObject","inLanguage":"es-AR","@id":"https:\/\/secure.gravatar.com\/avatar\/910fcf6728fe95320e07a6643c1581fec1c7fc4bf8ae12e3d8f0d0373dc844be?s=96&d=mm&r=g","url":"https:\/\/secure.gravatar.com\/avatar\/910fcf6728fe95320e07a6643c1581fec1c7fc4bf8ae12e3d8f0d0373dc844be?s=96&d=mm&r=g","contentUrl":"https:\/\/secure.gravatar.com\/avatar\/910fcf6728fe95320e07a6643c1581fec1c7fc4bf8ae12e3d8f0d0373dc844be?s=96&d=mm&r=g","caption":"Jorge Mi\u00f1o"},"sameAs":["http:\/\/radioinfinitagoya.com.ar"]}]}},"_links":{"self":[{"href":"https:\/\/radioinfinitagoya.com.ar\/v1\/wp-json\/wp\/v2\/posts\/195719","targetHints":{"allow":["GET"]}}],"collection":[{"href":"https:\/\/radioinfinitagoya.com.ar\/v1\/wp-json\/wp\/v2\/posts"}],"about":[{"href":"https:\/\/radioinfinitagoya.com.ar\/v1\/wp-json\/wp\/v2\/types\/post"}],"author":[{"embeddable":true,"href":"https:\/\/radioinfinitagoya.com.ar\/v1\/wp-json\/wp\/v2\/users\/4"}],"replies":[{"embeddable":true,"href":"https:\/\/radioinfinitagoya.com.ar\/v1\/wp-json\/wp\/v2\/comments?post=195719"}],"version-history":[{"count":0,"href":"https:\/\/radioinfinitagoya.com.ar\/v1\/wp-json\/wp\/v2\/posts\/195719\/revisions"}],"wp:featuredmedia":[{"embeddable":true,"href":"https:\/\/radioinfinitagoya.com.ar\/v1\/wp-json\/wp\/v2\/media\/195721"}],"wp:attachment":[{"href":"https:\/\/radioinfinitagoya.com.ar\/v1\/wp-json\/wp\/v2\/media?parent=195719"}],"wp:term":[{"taxonomy":"category","embeddable":true,"href":"https:\/\/radioinfinitagoya.com.ar\/v1\/wp-json\/wp\/v2\/categories?post=195719"},{"taxonomy":"post_tag","embeddable":true,"href":"https:\/\/radioinfinitagoya.com.ar\/v1\/wp-json\/wp\/v2\/tags?post=195719"}],"curies":[{"name":"wp","href":"https:\/\/api.w.org\/{rel}","templated":true}]}}