{"id":195726,"date":"2025-09-11T16:05:42","date_gmt":"2025-09-11T19:05:42","guid":{"rendered":"https:\/\/radioinfinitagoya.com.ar\/v1\/?p=195726"},"modified":"2025-09-11T16:06:03","modified_gmt":"2025-09-11T19:06:03","slug":"estacionamiento-medido-en-corriente","status":"publish","type":"post","link":"https:\/\/radioinfinitagoya.com.ar\/v1\/2025\/09\/11\/estacionamiento-medido-en-corriente\/","title":{"rendered":"Estacionamiento medido en Corrientes"},"content":{"rendered":"<p>Tarjeteros exigen aumento del 100% en sus ingresos<\/p>\n<p>Los trabajadores presentar\u00e1n una nota al municipio para exigir un aumento. Adem\u00e1s, reclaman que existe una recaudaci\u00f3n desigual.<\/p>\n<p>Los trabajadores del estacionamiento medido en Corrientes atraviesan una fuerte crisis por la baja recaudaci\u00f3n y anunciaron que presentar\u00e1n en los pr\u00f3ximos d\u00edas una nota a la Municipalidad solicitando un incremento del 100% en sus ingresos. Algunos tarjeteros recaudan solo $3.000 pesos al d\u00eda.<\/p>\n<p>El referente del sector, Claudio Romero, explic\u00f3 a El Litoral que la situaci\u00f3n con el municipio est\u00e1 paralizada: \u201cTodav\u00eda la nota no se le entreg\u00f3 porque estamos esperando la contestaci\u00f3n del lado de la Municipalidad cuando nos pueden recibir con la nota. Fuimos, pero no tuvimos ninguna respuesta\u201d.<\/p>\n<p>El referente remarc\u00f3 que, si no reciben respuesta, los trabajadores podr\u00edan evaluar medidas de fuerza, aunque insisti\u00f3 en mantener el di\u00e1logo: \u201cNosotros siempre tuvimos un buen di\u00e1logo con la gente del municipio y esperemos seguir manteni\u00e9ndolo con esta gesti\u00f3n que se va y con la que viene, pero vamos a tener que tomar medidas en caso de que no nos atiendan\u201d.<\/p>\n<p>Ganancias desiguales seg\u00fan la ubicaci\u00f3n<br \/>\nUno de los puntos m\u00e1s cr\u00edticos se\u00f1alados por los tarjeteros es la gran desigualdad en la recaudaci\u00f3n seg\u00fan las cuadras asignadas. El trabajador ejemplific\u00f3 con el caso de la Plaza La Cruz, considerada la zona \u201cm\u00e1s fuerte\u201d del sistema.<\/p>\n<p>\u201cUn tarjetero maneja dos cuadras, ese tarjetero estar\u00e1 sacando entre $40.000, $45.000, $50.000 de ganancia, pero tiene dos cuadras y mucho movimiento. Esa es la mejor cuadra de estacionamiento medido en temporada alta en Corrientes. Pero en enero y febrero son las cuadras m\u00e1s p\u00e9simas de todas\u201d, explic\u00f3.<\/p>\n<p>En contraste, otros compa\u00f1eros que trabajan en zonas alejadas del microcentro obtienen ingresos mucho menores. El tarjetero que est\u00e1 un poco m\u00e1s alejado estar\u00eda sacando $12.000 y $15.000 por d\u00eda.<\/p>\n<p>Sin embargo, El Litoral dialog\u00f3 con otro trabajador en otro sector del microcentro y se\u00f1al\u00f3: \u201cLa ganancia es desigual, yo a veces saco 3.000 pesos y estoy 10 horas trabajando ac\u00e1, pero como no tengo otro trabajo me quedo\u201d.<\/p>\n<p><img loading=\"lazy\" decoding=\"async\" class=\"alignnone size-full wp-image-195727\" src=\"https:\/\/radioinfinitagoya.com.ar\/v1\/wp-content\/uploads\/2025\/09\/1757542193462.jpg\" alt=\"\" width=\"807\" height=\"547\" srcset=\"https:\/\/radioinfinitagoya.com.ar\/v1\/wp-content\/uploads\/2025\/09\/1757542193462.jpg 807w, https:\/\/radioinfinitagoya.com.ar\/v1\/wp-content\/uploads\/2025\/09\/1757542193462-696x472.jpg 696w, https:\/\/radioinfinitagoya.com.ar\/v1\/wp-content\/uploads\/2025\/09\/1757542193462-620x420.jpg 620w\" sizes=\"auto, (max-width: 807px) 100vw, 807px\" \/><\/p>\n<p>Otro de los casos, cont\u00f3 como es la distribuci\u00f3n de las ganancias. \u201cEl total de comisi\u00f3n que hice es este (imagen) primero est\u00e1 lo que me corresponde a m\u00ed, segundo lo que le corresponde al municipio y tercero es el monto total de lo que recaude en todo el d\u00eda. Todas las cuadras var\u00edan el monto de ganancias, no todos los compa\u00f1eros ganan igual\u201d, se\u00f1al\u00f3.<\/p>\n<p>Expectativa por una respuesta<\/p>\n<p>Mientras esperan la convocatoria de la Municipalidad, los tarjeteros mantienen su reclamo y advierten que la situaci\u00f3n es insostenible sin un aumento. Por ahora, conf\u00edan en que se pueda abrir una mesa de di\u00e1logo para encontrar una soluci\u00f3n.<\/p>\n<p>&nbsp;<\/p>\n","protected":false},"excerpt":{"rendered":"<p>Tarjeteros exigen aumento del 100% en sus ingresos Los trabajadores presentar\u00e1n una nota al municipio para exigir un aumento. Adem\u00e1s, reclaman que existe una recaudaci\u00f3n desigual. Los trabajadores del estacionamiento medido en Corrientes atraviesan una fuerte crisis por la baja recaudaci\u00f3n y anunciaron que presentar\u00e1n en los pr\u00f3ximos d\u00edas una nota a la Municipalidad solicitando [&hellip;]<\/p>\n","protected":false},"author":4,"featured_media":195728,"comment_status":"closed","ping_status":"closed","sticky":false,"template":"","format":"standard","meta":{"_joinchat":[],"footnotes":""},"categories":[26],"tags":[],"class_list":{"0":"post-195726","1":"post","2":"type-post","3":"status-publish","4":"format-standard","5":"has-post-thumbnail","7":"category-provinciales"},"yoast_head":"<!-- This site is optimized with the Yoast SEO plugin v27.2 - https:\/\/yoast.com\/product\/yoast-seo-wordpress\/ -->\n<title>Estacionamiento medido en Corrientes - Radio Infinita Goya<\/title>\n<meta name=\"description\" content=\"Tarjeteros exigen aumento del 100% en sus ingresos Los trabajadores presentar\u00e1n una nota al municipio para exigir un aumento. Adem\u00e1s, reclaman que existe\" \/>\n<meta name=\"robots\" content=\"index, follow, max-snippet:-1, max-image-preview:large, max-video-preview:-1\" \/>\n<link rel=\"canonical\" href=\"https:\/\/radioinfinitagoya.com.ar\/v1\/2025\/09\/11\/estacionamiento-medido-en-corriente\/\" \/>\n<meta property=\"og:locale\" content=\"es_ES\" \/>\n<meta property=\"og:type\" content=\"article\" \/>\n<meta property=\"og:title\" content=\"Estacionamiento medido en Corrientes - Radio Infinita Goya\" \/>\n<meta property=\"og:description\" content=\"Tarjeteros exigen aumento del 100% en sus ingresos Los trabajadores presentar\u00e1n una nota al municipio para exigir un aumento. Adem\u00e1s, reclaman que existe\" \/>\n<meta property=\"og:url\" content=\"https:\/\/radioinfinitagoya.com.ar\/v1\/2025\/09\/11\/estacionamiento-medido-en-corriente\/\" \/>\n<meta property=\"og:site_name\" content=\"Radio Infinita Goya\" \/>\n<meta property=\"article:publisher\" content=\"https:\/\/www.facebook.com\/p\/Infinita-Goya-100063870918311\/\" \/>\n<meta property=\"article:published_time\" content=\"2025-09-11T19:05:42+00:00\" \/>\n<meta property=\"article:modified_time\" content=\"2025-09-11T19:06:03+00:00\" \/>\n<meta property=\"og:image\" content=\"https:\/\/radioinfinitagoya.com.ar\/v1\/wp-content\/uploads\/2025\/09\/1757541909248.webp\" \/>\n\t<meta property=\"og:image:width\" content=\"1200\" \/>\n\t<meta property=\"og:image:height\" content=\"675\" \/>\n\t<meta property=\"og:image:type\" content=\"image\/webp\" \/>\n<meta name=\"author\" content=\"Jorge Mi\u00f1o\" \/>\n<meta name=\"twitter:card\" content=\"summary_large_image\" \/>\n<meta name=\"twitter:label1\" content=\"Escrito por\" \/>\n\t<meta name=\"twitter:data1\" content=\"Jorge Mi\u00f1o\" \/>\n\t<meta name=\"twitter:label2\" content=\"Tiempo de lectura\" \/>\n\t<meta name=\"twitter:data2\" content=\"3 minutos\" \/>\n<script type=\"application\/ld+json\" class=\"yoast-schema-graph\">{\"@context\":\"https:\/\/schema.org\",\"@graph\":[{\"@type\":\"Article\",\"@id\":\"https:\/\/radioinfinitagoya.com.ar\/v1\/2025\/09\/11\/estacionamiento-medido-en-corriente\/#article\",\"isPartOf\":{\"@id\":\"https:\/\/radioinfinitagoya.com.ar\/v1\/2025\/09\/11\/estacionamiento-medido-en-corriente\/\"},\"author\":{\"name\":\"Jorge Mi\u00f1o\",\"@id\":\"https:\/\/radioinfinitagoya.com.ar\/v1\/#\/schema\/person\/d4cf9c413d4f6edb24aabdccab49ca4a\"},\"headline\":\"Estacionamiento medido en Corrientes\",\"datePublished\":\"2025-09-11T19:05:42+00:00\",\"dateModified\":\"2025-09-11T19:06:03+00:00\",\"mainEntityOfPage\":{\"@id\":\"https:\/\/radioinfinitagoya.com.ar\/v1\/2025\/09\/11\/estacionamiento-medido-en-corriente\/\"},\"wordCount\":483,\"publisher\":{\"@id\":\"https:\/\/radioinfinitagoya.com.ar\/v1\/#organization\"},\"image\":{\"@id\":\"https:\/\/radioinfinitagoya.com.ar\/v1\/2025\/09\/11\/estacionamiento-medido-en-corriente\/#primaryimage\"},\"thumbnailUrl\":\"https:\/\/radioinfinitagoya.com.ar\/v1\/wp-content\/uploads\/2025\/09\/1757541909248.webp\",\"articleSection\":[\"PROVINCIALES\"],\"inLanguage\":\"es-AR\"},{\"@type\":\"WebPage\",\"@id\":\"https:\/\/radioinfinitagoya.com.ar\/v1\/2025\/09\/11\/estacionamiento-medido-en-corriente\/\",\"url\":\"https:\/\/radioinfinitagoya.com.ar\/v1\/2025\/09\/11\/estacionamiento-medido-en-corriente\/\",\"name\":\"Estacionamiento medido en Corrientes - Radio Infinita Goya\",\"isPartOf\":{\"@id\":\"https:\/\/radioinfinitagoya.com.ar\/v1\/#website\"},\"primaryImageOfPage\":{\"@id\":\"https:\/\/radioinfinitagoya.com.ar\/v1\/2025\/09\/11\/estacionamiento-medido-en-corriente\/#primaryimage\"},\"image\":{\"@id\":\"https:\/\/radioinfinitagoya.com.ar\/v1\/2025\/09\/11\/estacionamiento-medido-en-corriente\/#primaryimage\"},\"thumbnailUrl\":\"https:\/\/radioinfinitagoya.com.ar\/v1\/wp-content\/uploads\/2025\/09\/1757541909248.webp\",\"datePublished\":\"2025-09-11T19:05:42+00:00\",\"dateModified\":\"2025-09-11T19:06:03+00:00\",\"description\":\"Tarjeteros exigen aumento del 100% en sus ingresos Los trabajadores presentar\u00e1n una nota al municipio para exigir un aumento. Adem\u00e1s, reclaman que existe\",\"breadcrumb\":{\"@id\":\"https:\/\/radioinfinitagoya.com.ar\/v1\/2025\/09\/11\/estacionamiento-medido-en-corriente\/#breadcrumb\"},\"inLanguage\":\"es-AR\",\"potentialAction\":[{\"@type\":\"ReadAction\",\"target\":[\"https:\/\/radioinfinitagoya.com.ar\/v1\/2025\/09\/11\/estacionamiento-medido-en-corriente\/\"]}]},{\"@type\":\"ImageObject\",\"inLanguage\":\"es-AR\",\"@id\":\"https:\/\/radioinfinitagoya.com.ar\/v1\/2025\/09\/11\/estacionamiento-medido-en-corriente\/#primaryimage\",\"url\":\"https:\/\/radioinfinitagoya.com.ar\/v1\/wp-content\/uploads\/2025\/09\/1757541909248.webp\",\"contentUrl\":\"https:\/\/radioinfinitagoya.com.ar\/v1\/wp-content\/uploads\/2025\/09\/1757541909248.webp\",\"width\":1200,\"height\":675},{\"@type\":\"BreadcrumbList\",\"@id\":\"https:\/\/radioinfinitagoya.com.ar\/v1\/2025\/09\/11\/estacionamiento-medido-en-corriente\/#breadcrumb\",\"itemListElement\":[{\"@type\":\"ListItem\",\"position\":1,\"name\":\"Inicio\",\"item\":\"https:\/\/radioinfinitagoya.com.ar\/v1\/\"},{\"@type\":\"ListItem\",\"position\":2,\"name\":\"Estacionamiento medido en Corrientes\"}]},{\"@type\":\"WebSite\",\"@id\":\"https:\/\/radioinfinitagoya.com.ar\/v1\/#website\",\"url\":\"https:\/\/radioinfinitagoya.com.ar\/v1\/\",\"name\":\"radioinfinitagoya.com.ar\",\"description\":\"Radio de noticias\",\"publisher\":{\"@id\":\"https:\/\/radioinfinitagoya.com.ar\/v1\/#organization\"},\"potentialAction\":[{\"@type\":\"SearchAction\",\"target\":{\"@type\":\"EntryPoint\",\"urlTemplate\":\"https:\/\/radioinfinitagoya.com.ar\/v1\/?s={search_term_string}\"},\"query-input\":{\"@type\":\"PropertyValueSpecification\",\"valueRequired\":true,\"valueName\":\"search_term_string\"}}],\"inLanguage\":\"es-AR\"},{\"@type\":\"Organization\",\"@id\":\"https:\/\/radioinfinitagoya.com.ar\/v1\/#organization\",\"name\":\"Radio Infinita Goya\",\"url\":\"https:\/\/radioinfinitagoya.com.ar\/v1\/\",\"logo\":{\"@type\":\"ImageObject\",\"inLanguage\":\"es-AR\",\"@id\":\"https:\/\/radioinfinitagoya.com.ar\/v1\/#\/schema\/logo\/image\/\",\"url\":\"https:\/\/radioinfinitagoya.com.ar\/v1\/wp-content\/uploads\/2019\/11\/logo-pie-web.png\",\"contentUrl\":\"https:\/\/radioinfinitagoya.com.ar\/v1\/wp-content\/uploads\/2019\/11\/logo-pie-web.png\",\"width\":635,\"height\":326,\"caption\":\"Radio Infinita Goya\"},\"image\":{\"@id\":\"https:\/\/radioinfinitagoya.com.ar\/v1\/#\/schema\/logo\/image\/\"},\"sameAs\":[\"https:\/\/www.facebook.com\/p\/Infinita-Goya-100063870918311\/\"]},{\"@type\":\"Person\",\"@id\":\"https:\/\/radioinfinitagoya.com.ar\/v1\/#\/schema\/person\/d4cf9c413d4f6edb24aabdccab49ca4a\",\"name\":\"Jorge Mi\u00f1o\",\"image\":{\"@type\":\"ImageObject\",\"inLanguage\":\"es-AR\",\"@id\":\"https:\/\/secure.gravatar.com\/avatar\/910fcf6728fe95320e07a6643c1581fec1c7fc4bf8ae12e3d8f0d0373dc844be?s=96&d=mm&r=g\",\"url\":\"https:\/\/secure.gravatar.com\/avatar\/910fcf6728fe95320e07a6643c1581fec1c7fc4bf8ae12e3d8f0d0373dc844be?s=96&d=mm&r=g\",\"contentUrl\":\"https:\/\/secure.gravatar.com\/avatar\/910fcf6728fe95320e07a6643c1581fec1c7fc4bf8ae12e3d8f0d0373dc844be?s=96&d=mm&r=g\",\"caption\":\"Jorge Mi\u00f1o\"},\"sameAs\":[\"http:\/\/radioinfinitagoya.com.ar\"]}]}<\/script>\n<!-- \/ Yoast SEO plugin. -->","yoast_head_json":{"title":"Estacionamiento medido en Corrientes - Radio Infinita Goya","description":"Tarjeteros exigen aumento del 100% en sus ingresos Los trabajadores presentar\u00e1n una nota al municipio para exigir un aumento. Adem\u00e1s, reclaman que existe","robots":{"index":"index","follow":"follow","max-snippet":"max-snippet:-1","max-image-preview":"max-image-preview:large","max-video-preview":"max-video-preview:-1"},"canonical":"https:\/\/radioinfinitagoya.com.ar\/v1\/2025\/09\/11\/estacionamiento-medido-en-corriente\/","og_locale":"es_ES","og_type":"article","og_title":"Estacionamiento medido en Corrientes - Radio Infinita Goya","og_description":"Tarjeteros exigen aumento del 100% en sus ingresos Los trabajadores presentar\u00e1n una nota al municipio para exigir un aumento. Adem\u00e1s, reclaman que existe","og_url":"https:\/\/radioinfinitagoya.com.ar\/v1\/2025\/09\/11\/estacionamiento-medido-en-corriente\/","og_site_name":"Radio Infinita Goya","article_publisher":"https:\/\/www.facebook.com\/p\/Infinita-Goya-100063870918311\/","article_published_time":"2025-09-11T19:05:42+00:00","article_modified_time":"2025-09-11T19:06:03+00:00","og_image":[{"width":1200,"height":675,"url":"https:\/\/radioinfinitagoya.com.ar\/v1\/wp-content\/uploads\/2025\/09\/1757541909248.webp","type":"image\/webp"}],"author":"Jorge Mi\u00f1o","twitter_card":"summary_large_image","twitter_misc":{"Escrito por":"Jorge Mi\u00f1o","Tiempo de lectura":"3 minutos"},"schema":{"@context":"https:\/\/schema.org","@graph":[{"@type":"Article","@id":"https:\/\/radioinfinitagoya.com.ar\/v1\/2025\/09\/11\/estacionamiento-medido-en-corriente\/#article","isPartOf":{"@id":"https:\/\/radioinfinitagoya.com.ar\/v1\/2025\/09\/11\/estacionamiento-medido-en-corriente\/"},"author":{"name":"Jorge Mi\u00f1o","@id":"https:\/\/radioinfinitagoya.com.ar\/v1\/#\/schema\/person\/d4cf9c413d4f6edb24aabdccab49ca4a"},"headline":"Estacionamiento medido en Corrientes","datePublished":"2025-09-11T19:05:42+00:00","dateModified":"2025-09-11T19:06:03+00:00","mainEntityOfPage":{"@id":"https:\/\/radioinfinitagoya.com.ar\/v1\/2025\/09\/11\/estacionamiento-medido-en-corriente\/"},"wordCount":483,"publisher":{"@id":"https:\/\/radioinfinitagoya.com.ar\/v1\/#organization"},"image":{"@id":"https:\/\/radioinfinitagoya.com.ar\/v1\/2025\/09\/11\/estacionamiento-medido-en-corriente\/#primaryimage"},"thumbnailUrl":"https:\/\/radioinfinitagoya.com.ar\/v1\/wp-content\/uploads\/2025\/09\/1757541909248.webp","articleSection":["PROVINCIALES"],"inLanguage":"es-AR"},{"@type":"WebPage","@id":"https:\/\/radioinfinitagoya.com.ar\/v1\/2025\/09\/11\/estacionamiento-medido-en-corriente\/","url":"https:\/\/radioinfinitagoya.com.ar\/v1\/2025\/09\/11\/estacionamiento-medido-en-corriente\/","name":"Estacionamiento medido en Corrientes - Radio Infinita Goya","isPartOf":{"@id":"https:\/\/radioinfinitagoya.com.ar\/v1\/#website"},"primaryImageOfPage":{"@id":"https:\/\/radioinfinitagoya.com.ar\/v1\/2025\/09\/11\/estacionamiento-medido-en-corriente\/#primaryimage"},"image":{"@id":"https:\/\/radioinfinitagoya.com.ar\/v1\/2025\/09\/11\/estacionamiento-medido-en-corriente\/#primaryimage"},"thumbnailUrl":"https:\/\/radioinfinitagoya.com.ar\/v1\/wp-content\/uploads\/2025\/09\/1757541909248.webp","datePublished":"2025-09-11T19:05:42+00:00","dateModified":"2025-09-11T19:06:03+00:00","description":"Tarjeteros exigen aumento del 100% en sus ingresos Los trabajadores presentar\u00e1n una nota al municipio para exigir un aumento. Adem\u00e1s, reclaman que existe","breadcrumb":{"@id":"https:\/\/radioinfinitagoya.com.ar\/v1\/2025\/09\/11\/estacionamiento-medido-en-corriente\/#breadcrumb"},"inLanguage":"es-AR","potentialAction":[{"@type":"ReadAction","target":["https:\/\/radioinfinitagoya.com.ar\/v1\/2025\/09\/11\/estacionamiento-medido-en-corriente\/"]}]},{"@type":"ImageObject","inLanguage":"es-AR","@id":"https:\/\/radioinfinitagoya.com.ar\/v1\/2025\/09\/11\/estacionamiento-medido-en-corriente\/#primaryimage","url":"https:\/\/radioinfinitagoya.com.ar\/v1\/wp-content\/uploads\/2025\/09\/1757541909248.webp","contentUrl":"https:\/\/radioinfinitagoya.com.ar\/v1\/wp-content\/uploads\/2025\/09\/1757541909248.webp","width":1200,"height":675},{"@type":"BreadcrumbList","@id":"https:\/\/radioinfinitagoya.com.ar\/v1\/2025\/09\/11\/estacionamiento-medido-en-corriente\/#breadcrumb","itemListElement":[{"@type":"ListItem","position":1,"name":"Inicio","item":"https:\/\/radioinfinitagoya.com.ar\/v1\/"},{"@type":"ListItem","position":2,"name":"Estacionamiento medido en Corrientes"}]},{"@type":"WebSite","@id":"https:\/\/radioinfinitagoya.com.ar\/v1\/#website","url":"https:\/\/radioinfinitagoya.com.ar\/v1\/","name":"radioinfinitagoya.com.ar","description":"Radio de noticias","publisher":{"@id":"https:\/\/radioinfinitagoya.com.ar\/v1\/#organization"},"potentialAction":[{"@type":"SearchAction","target":{"@type":"EntryPoint","urlTemplate":"https:\/\/radioinfinitagoya.com.ar\/v1\/?s={search_term_string}"},"query-input":{"@type":"PropertyValueSpecification","valueRequired":true,"valueName":"search_term_string"}}],"inLanguage":"es-AR"},{"@type":"Organization","@id":"https:\/\/radioinfinitagoya.com.ar\/v1\/#organization","name":"Radio Infinita Goya","url":"https:\/\/radioinfinitagoya.com.ar\/v1\/","logo":{"@type":"ImageObject","inLanguage":"es-AR","@id":"https:\/\/radioinfinitagoya.com.ar\/v1\/#\/schema\/logo\/image\/","url":"https:\/\/radioinfinitagoya.com.ar\/v1\/wp-content\/uploads\/2019\/11\/logo-pie-web.png","contentUrl":"https:\/\/radioinfinitagoya.com.ar\/v1\/wp-content\/uploads\/2019\/11\/logo-pie-web.png","width":635,"height":326,"caption":"Radio Infinita Goya"},"image":{"@id":"https:\/\/radioinfinitagoya.com.ar\/v1\/#\/schema\/logo\/image\/"},"sameAs":["https:\/\/www.facebook.com\/p\/Infinita-Goya-100063870918311\/"]},{"@type":"Person","@id":"https:\/\/radioinfinitagoya.com.ar\/v1\/#\/schema\/person\/d4cf9c413d4f6edb24aabdccab49ca4a","name":"Jorge Mi\u00f1o","image":{"@type":"ImageObject","inLanguage":"es-AR","@id":"https:\/\/secure.gravatar.com\/avatar\/910fcf6728fe95320e07a6643c1581fec1c7fc4bf8ae12e3d8f0d0373dc844be?s=96&d=mm&r=g","url":"https:\/\/secure.gravatar.com\/avatar\/910fcf6728fe95320e07a6643c1581fec1c7fc4bf8ae12e3d8f0d0373dc844be?s=96&d=mm&r=g","contentUrl":"https:\/\/secure.gravatar.com\/avatar\/910fcf6728fe95320e07a6643c1581fec1c7fc4bf8ae12e3d8f0d0373dc844be?s=96&d=mm&r=g","caption":"Jorge Mi\u00f1o"},"sameAs":["http:\/\/radioinfinitagoya.com.ar"]}]}},"_links":{"self":[{"href":"https:\/\/radioinfinitagoya.com.ar\/v1\/wp-json\/wp\/v2\/posts\/195726","targetHints":{"allow":["GET"]}}],"collection":[{"href":"https:\/\/radioinfinitagoya.com.ar\/v1\/wp-json\/wp\/v2\/posts"}],"about":[{"href":"https:\/\/radioinfinitagoya.com.ar\/v1\/wp-json\/wp\/v2\/types\/post"}],"author":[{"embeddable":true,"href":"https:\/\/radioinfinitagoya.com.ar\/v1\/wp-json\/wp\/v2\/users\/4"}],"replies":[{"embeddable":true,"href":"https:\/\/radioinfinitagoya.com.ar\/v1\/wp-json\/wp\/v2\/comments?post=195726"}],"version-history":[{"count":0,"href":"https:\/\/radioinfinitagoya.com.ar\/v1\/wp-json\/wp\/v2\/posts\/195726\/revisions"}],"wp:featuredmedia":[{"embeddable":true,"href":"https:\/\/radioinfinitagoya.com.ar\/v1\/wp-json\/wp\/v2\/media\/195728"}],"wp:attachment":[{"href":"https:\/\/radioinfinitagoya.com.ar\/v1\/wp-json\/wp\/v2\/media?parent=195726"}],"wp:term":[{"taxonomy":"category","embeddable":true,"href":"https:\/\/radioinfinitagoya.com.ar\/v1\/wp-json\/wp\/v2\/categories?post=195726"},{"taxonomy":"post_tag","embeddable":true,"href":"https:\/\/radioinfinitagoya.com.ar\/v1\/wp-json\/wp\/v2\/tags?post=195726"}],"curies":[{"name":"wp","href":"https:\/\/api.w.org\/{rel}","templated":true}]}}