{"id":195736,"date":"2025-09-11T17:25:03","date_gmt":"2025-09-11T20:25:03","guid":{"rendered":"https:\/\/radioinfinitagoya.com.ar\/v1\/?p=195736"},"modified":"2025-09-11T17:25:03","modified_gmt":"2025-09-11T20:25:03","slug":"el-gobierno-evita-las-reuniones-masivas","status":"publish","type":"post","link":"https:\/\/radioinfinitagoya.com.ar\/v1\/2025\/09\/11\/el-gobierno-evita-las-reuniones-masivas\/","title":{"rendered":"El Gobierno evita las reuniones masivas"},"content":{"rendered":"<p>Y discute mano a mano con los gobernadores aliados<\/p>\n<p>El oficialismo est\u00e1 dispuesto a negociar la entrega de fondos a las provincias pero insiste en vetar la ley que coparticipa los Aportes del Tesoro Nacional (ATN), impulsada por los gobernadores.<\/p>\n<p>El Gobierno activ\u00f3 negociaciones mano a mano con gobernadores aliados y descart\u00f3 la opci\u00f3n de un gran convocatoria. El Ejecutivo recibe hoy a los mandatarios provinciales Leandro Zdero (Chaco), Alfredo Cornejo (Mendoza) y Rogelio Frigerio (Entre R\u00edos) y tiene previsto convocar en los pr\u00f3ximos d\u00edas a Claudio Poggi (San Luis) y Marcelo Orrego (San Juan).<\/p>\n<p>El encargado de llevar el di\u00e1logo por Naci\u00f3n es el nuevo ministro de Interior, Lisandro Catal\u00e1n, que seguir\u00e1 teniendo las mismas herramientas -como habilitar el env\u00edo de Aportes del Tesoro Nacional (ATN)- que cuando era vicejefe de gabinete de Interior dentro de la cartera de Guillermo Francos. El cambio m\u00e1s directo es que el funcionario comenzar\u00e1 a estar presente en las reuniones y en el chat del gabinete.<\/p>\n<p>Otro de los interlocutores de la mesa pol\u00edtica de Balcarce 50 que mantiene contacto con gobernadores es el subsecretario de Gesti\u00f3n Institucional, Eduardo \u201cLule\u201d Menem. El armador nacional del oficialismo recibi\u00f3 hoy tambi\u00e9n a Zdero en su despacho y habl\u00f3 en los \u00faltimos d\u00edas con autoridades provinciales, como Gustavo Vald\u00e9s (Corrientes).<\/p>\n<p>En la Casa Rosada descartan por el momento acercamientos con los mandatarios dialoguistas que competir\u00e1n contra La Libertad Avanza en sus distritos en las elecciones nacionales del 26 de octubre. Se trata de Maximiliano Pullaro (Santa Fe), Mart\u00edn Llaryora (C\u00f3rdoba), Ignacio Torres (Chubut), Ra\u00fal Jalil (Catamarca) y Gustavo S\u00e1enz (Salta), entre otros. \u201cNo tenemos nada que hablar con los que vamos a disputar el voto\u201d, agregan.<\/p>\n<p>El Gobierno sostiene que est\u00e1 dispuesto a negociar concesiones en la entrega de fondos a las provincias para acercar posiciones con los mandatarios dialoguistas, pero insiste en que vetar\u00e1 la ley que coparticipa los Aportes del Tesoro Nacional (ATN), que fue impulsada por los jefes provinciales.<\/p>\n<p>Es por eso que el Ejeucutivo sum\u00f3 a la mesa de negociaci\u00f3n al ministro de Econom\u00eda, Luis Caputo, y apunta a tratar tambi\u00e9n los detalles del Presupuesto 2026, que enviar\u00e1n al Congreso el pr\u00f3ximo lunes al Congreso. Milei hablar\u00e1 en cadena nacional para profundizar sobre los detalles de las asignaciones del nuevo borrador.<\/p>\n<p>En la Casa Rosada califican de \u201curgente\u201d la aprobaci\u00f3n de la nueva partida por un conflicto de \u201cadministraci\u00f3n financiera\u201d. Ponen la mira sobre la pr\u00f3rroga del presupuesto de 2023 y aseguran que se agotar\u00e1 en pocos meses debido a la inflaci\u00f3n acumulada en caso de ejecutarse. \u201cEsta vez necesitamos que se apruebe s\u00ed o s\u00ed. No hay mucho margen\u201d, agregan.<\/p>\n<p>Seg\u00fan pudo saber TN, los equipos t\u00e9cnicos del Miniterio de Econom\u00eda proyectan una ca\u00edda de la recaudaci\u00f3n en un -1,7% para el segundo semestre de 2025. En Balcarce 50 se lo adjudican a la baja de impuestos, como las retenciones. La composici\u00f3n del presupuesto actual abarca una distribuci\u00f3n de fondos para subsidios a la energ\u00eda en un 4,6%, los fondos de las universidades en un 3,8% y los subsidios al transporte en un 1,8%.<\/p>\n<p>&nbsp;<\/p>\n<p>&nbsp;<\/p>\n<p>&nbsp;<\/p>\n<p>&nbsp;<\/p>\n","protected":false},"excerpt":{"rendered":"<p>Y discute mano a mano con los gobernadores aliados El oficialismo est\u00e1 dispuesto a negociar la entrega de fondos a las provincias pero insiste en vetar la ley que coparticipa los Aportes del Tesoro Nacional (ATN), impulsada por los gobernadores. El Gobierno activ\u00f3 negociaciones mano a mano con gobernadores aliados y descart\u00f3 la opci\u00f3n de [&hellip;]<\/p>\n","protected":false},"author":4,"featured_media":195737,"comment_status":"closed","ping_status":"closed","sticky":false,"template":"","format":"standard","meta":{"_joinchat":[],"footnotes":""},"categories":[29],"tags":[],"class_list":{"0":"post-195736","1":"post","2":"type-post","3":"status-publish","4":"format-standard","5":"has-post-thumbnail","7":"category-nacionales"},"yoast_head":"<!-- This site is optimized with the Yoast SEO plugin v27.2 - https:\/\/yoast.com\/product\/yoast-seo-wordpress\/ -->\n<title>El Gobierno evita las reuniones masivas - Radio Infinita Goya<\/title>\n<meta name=\"description\" content=\"Y discute mano a mano con los gobernadores aliados El oficialismo est\u00e1 dispuesto a negociar la entrega de fondos a las provincias pero insiste en vetar la\" \/>\n<meta name=\"robots\" content=\"index, follow, max-snippet:-1, max-image-preview:large, max-video-preview:-1\" \/>\n<link rel=\"canonical\" href=\"https:\/\/radioinfinitagoya.com.ar\/v1\/2025\/09\/11\/el-gobierno-evita-las-reuniones-masivas\/\" \/>\n<meta property=\"og:locale\" content=\"es_ES\" \/>\n<meta property=\"og:type\" content=\"article\" \/>\n<meta property=\"og:title\" content=\"El Gobierno evita las reuniones masivas - Radio Infinita Goya\" \/>\n<meta property=\"og:description\" content=\"Y discute mano a mano con los gobernadores aliados El oficialismo est\u00e1 dispuesto a negociar la entrega de fondos a las provincias pero insiste en vetar la\" \/>\n<meta property=\"og:url\" content=\"https:\/\/radioinfinitagoya.com.ar\/v1\/2025\/09\/11\/el-gobierno-evita-las-reuniones-masivas\/\" \/>\n<meta property=\"og:site_name\" content=\"Radio Infinita Goya\" \/>\n<meta property=\"article:publisher\" content=\"https:\/\/www.facebook.com\/p\/Infinita-Goya-100063870918311\/\" \/>\n<meta property=\"article:published_time\" content=\"2025-09-11T20:25:03+00:00\" \/>\n<meta property=\"og:image\" content=\"https:\/\/radioinfinitagoya.com.ar\/v1\/wp-content\/uploads\/2025\/09\/1757605515777.webp\" \/>\n\t<meta property=\"og:image:width\" content=\"1200\" \/>\n\t<meta property=\"og:image:height\" content=\"675\" \/>\n\t<meta property=\"og:image:type\" content=\"image\/webp\" \/>\n<meta name=\"author\" content=\"Jorge Mi\u00f1o\" \/>\n<meta name=\"twitter:card\" content=\"summary_large_image\" \/>\n<meta name=\"twitter:label1\" content=\"Escrito por\" \/>\n\t<meta name=\"twitter:data1\" content=\"Jorge Mi\u00f1o\" \/>\n\t<meta name=\"twitter:label2\" content=\"Tiempo de lectura\" \/>\n\t<meta name=\"twitter:data2\" content=\"3 minutos\" \/>\n<script type=\"application\/ld+json\" class=\"yoast-schema-graph\">{\"@context\":\"https:\/\/schema.org\",\"@graph\":[{\"@type\":\"Article\",\"@id\":\"https:\/\/radioinfinitagoya.com.ar\/v1\/2025\/09\/11\/el-gobierno-evita-las-reuniones-masivas\/#article\",\"isPartOf\":{\"@id\":\"https:\/\/radioinfinitagoya.com.ar\/v1\/2025\/09\/11\/el-gobierno-evita-las-reuniones-masivas\/\"},\"author\":{\"name\":\"Jorge Mi\u00f1o\",\"@id\":\"https:\/\/radioinfinitagoya.com.ar\/v1\/#\/schema\/person\/d4cf9c413d4f6edb24aabdccab49ca4a\"},\"headline\":\"El Gobierno evita las reuniones masivas\",\"datePublished\":\"2025-09-11T20:25:03+00:00\",\"mainEntityOfPage\":{\"@id\":\"https:\/\/radioinfinitagoya.com.ar\/v1\/2025\/09\/11\/el-gobierno-evita-las-reuniones-masivas\/\"},\"wordCount\":551,\"publisher\":{\"@id\":\"https:\/\/radioinfinitagoya.com.ar\/v1\/#organization\"},\"image\":{\"@id\":\"https:\/\/radioinfinitagoya.com.ar\/v1\/2025\/09\/11\/el-gobierno-evita-las-reuniones-masivas\/#primaryimage\"},\"thumbnailUrl\":\"https:\/\/radioinfinitagoya.com.ar\/v1\/wp-content\/uploads\/2025\/09\/1757605515777.webp\",\"articleSection\":[\"NACIONALES\"],\"inLanguage\":\"es-AR\"},{\"@type\":\"WebPage\",\"@id\":\"https:\/\/radioinfinitagoya.com.ar\/v1\/2025\/09\/11\/el-gobierno-evita-las-reuniones-masivas\/\",\"url\":\"https:\/\/radioinfinitagoya.com.ar\/v1\/2025\/09\/11\/el-gobierno-evita-las-reuniones-masivas\/\",\"name\":\"El Gobierno evita las reuniones masivas - Radio Infinita Goya\",\"isPartOf\":{\"@id\":\"https:\/\/radioinfinitagoya.com.ar\/v1\/#website\"},\"primaryImageOfPage\":{\"@id\":\"https:\/\/radioinfinitagoya.com.ar\/v1\/2025\/09\/11\/el-gobierno-evita-las-reuniones-masivas\/#primaryimage\"},\"image\":{\"@id\":\"https:\/\/radioinfinitagoya.com.ar\/v1\/2025\/09\/11\/el-gobierno-evita-las-reuniones-masivas\/#primaryimage\"},\"thumbnailUrl\":\"https:\/\/radioinfinitagoya.com.ar\/v1\/wp-content\/uploads\/2025\/09\/1757605515777.webp\",\"datePublished\":\"2025-09-11T20:25:03+00:00\",\"description\":\"Y discute mano a mano con los gobernadores aliados El oficialismo est\u00e1 dispuesto a negociar la entrega de fondos a las provincias pero insiste en vetar la\",\"breadcrumb\":{\"@id\":\"https:\/\/radioinfinitagoya.com.ar\/v1\/2025\/09\/11\/el-gobierno-evita-las-reuniones-masivas\/#breadcrumb\"},\"inLanguage\":\"es-AR\",\"potentialAction\":[{\"@type\":\"ReadAction\",\"target\":[\"https:\/\/radioinfinitagoya.com.ar\/v1\/2025\/09\/11\/el-gobierno-evita-las-reuniones-masivas\/\"]}]},{\"@type\":\"ImageObject\",\"inLanguage\":\"es-AR\",\"@id\":\"https:\/\/radioinfinitagoya.com.ar\/v1\/2025\/09\/11\/el-gobierno-evita-las-reuniones-masivas\/#primaryimage\",\"url\":\"https:\/\/radioinfinitagoya.com.ar\/v1\/wp-content\/uploads\/2025\/09\/1757605515777.webp\",\"contentUrl\":\"https:\/\/radioinfinitagoya.com.ar\/v1\/wp-content\/uploads\/2025\/09\/1757605515777.webp\",\"width\":1200,\"height\":675},{\"@type\":\"BreadcrumbList\",\"@id\":\"https:\/\/radioinfinitagoya.com.ar\/v1\/2025\/09\/11\/el-gobierno-evita-las-reuniones-masivas\/#breadcrumb\",\"itemListElement\":[{\"@type\":\"ListItem\",\"position\":1,\"name\":\"Inicio\",\"item\":\"https:\/\/radioinfinitagoya.com.ar\/v1\/\"},{\"@type\":\"ListItem\",\"position\":2,\"name\":\"El Gobierno evita las reuniones masivas\"}]},{\"@type\":\"WebSite\",\"@id\":\"https:\/\/radioinfinitagoya.com.ar\/v1\/#website\",\"url\":\"https:\/\/radioinfinitagoya.com.ar\/v1\/\",\"name\":\"radioinfinitagoya.com.ar\",\"description\":\"Radio de noticias\",\"publisher\":{\"@id\":\"https:\/\/radioinfinitagoya.com.ar\/v1\/#organization\"},\"potentialAction\":[{\"@type\":\"SearchAction\",\"target\":{\"@type\":\"EntryPoint\",\"urlTemplate\":\"https:\/\/radioinfinitagoya.com.ar\/v1\/?s={search_term_string}\"},\"query-input\":{\"@type\":\"PropertyValueSpecification\",\"valueRequired\":true,\"valueName\":\"search_term_string\"}}],\"inLanguage\":\"es-AR\"},{\"@type\":\"Organization\",\"@id\":\"https:\/\/radioinfinitagoya.com.ar\/v1\/#organization\",\"name\":\"Radio Infinita Goya\",\"url\":\"https:\/\/radioinfinitagoya.com.ar\/v1\/\",\"logo\":{\"@type\":\"ImageObject\",\"inLanguage\":\"es-AR\",\"@id\":\"https:\/\/radioinfinitagoya.com.ar\/v1\/#\/schema\/logo\/image\/\",\"url\":\"https:\/\/radioinfinitagoya.com.ar\/v1\/wp-content\/uploads\/2019\/11\/logo-pie-web.png\",\"contentUrl\":\"https:\/\/radioinfinitagoya.com.ar\/v1\/wp-content\/uploads\/2019\/11\/logo-pie-web.png\",\"width\":635,\"height\":326,\"caption\":\"Radio Infinita Goya\"},\"image\":{\"@id\":\"https:\/\/radioinfinitagoya.com.ar\/v1\/#\/schema\/logo\/image\/\"},\"sameAs\":[\"https:\/\/www.facebook.com\/p\/Infinita-Goya-100063870918311\/\"]},{\"@type\":\"Person\",\"@id\":\"https:\/\/radioinfinitagoya.com.ar\/v1\/#\/schema\/person\/d4cf9c413d4f6edb24aabdccab49ca4a\",\"name\":\"Jorge Mi\u00f1o\",\"image\":{\"@type\":\"ImageObject\",\"inLanguage\":\"es-AR\",\"@id\":\"https:\/\/secure.gravatar.com\/avatar\/910fcf6728fe95320e07a6643c1581fec1c7fc4bf8ae12e3d8f0d0373dc844be?s=96&d=mm&r=g\",\"url\":\"https:\/\/secure.gravatar.com\/avatar\/910fcf6728fe95320e07a6643c1581fec1c7fc4bf8ae12e3d8f0d0373dc844be?s=96&d=mm&r=g\",\"contentUrl\":\"https:\/\/secure.gravatar.com\/avatar\/910fcf6728fe95320e07a6643c1581fec1c7fc4bf8ae12e3d8f0d0373dc844be?s=96&d=mm&r=g\",\"caption\":\"Jorge Mi\u00f1o\"},\"sameAs\":[\"http:\/\/radioinfinitagoya.com.ar\"]}]}<\/script>\n<!-- \/ Yoast SEO plugin. -->","yoast_head_json":{"title":"El Gobierno evita las reuniones masivas - Radio Infinita Goya","description":"Y discute mano a mano con los gobernadores aliados El oficialismo est\u00e1 dispuesto a negociar la entrega de fondos a las provincias pero insiste en vetar la","robots":{"index":"index","follow":"follow","max-snippet":"max-snippet:-1","max-image-preview":"max-image-preview:large","max-video-preview":"max-video-preview:-1"},"canonical":"https:\/\/radioinfinitagoya.com.ar\/v1\/2025\/09\/11\/el-gobierno-evita-las-reuniones-masivas\/","og_locale":"es_ES","og_type":"article","og_title":"El Gobierno evita las reuniones masivas - Radio Infinita Goya","og_description":"Y discute mano a mano con los gobernadores aliados El oficialismo est\u00e1 dispuesto a negociar la entrega de fondos a las provincias pero insiste en vetar la","og_url":"https:\/\/radioinfinitagoya.com.ar\/v1\/2025\/09\/11\/el-gobierno-evita-las-reuniones-masivas\/","og_site_name":"Radio Infinita Goya","article_publisher":"https:\/\/www.facebook.com\/p\/Infinita-Goya-100063870918311\/","article_published_time":"2025-09-11T20:25:03+00:00","og_image":[{"width":1200,"height":675,"url":"https:\/\/radioinfinitagoya.com.ar\/v1\/wp-content\/uploads\/2025\/09\/1757605515777.webp","type":"image\/webp"}],"author":"Jorge Mi\u00f1o","twitter_card":"summary_large_image","twitter_misc":{"Escrito por":"Jorge Mi\u00f1o","Tiempo de lectura":"3 minutos"},"schema":{"@context":"https:\/\/schema.org","@graph":[{"@type":"Article","@id":"https:\/\/radioinfinitagoya.com.ar\/v1\/2025\/09\/11\/el-gobierno-evita-las-reuniones-masivas\/#article","isPartOf":{"@id":"https:\/\/radioinfinitagoya.com.ar\/v1\/2025\/09\/11\/el-gobierno-evita-las-reuniones-masivas\/"},"author":{"name":"Jorge Mi\u00f1o","@id":"https:\/\/radioinfinitagoya.com.ar\/v1\/#\/schema\/person\/d4cf9c413d4f6edb24aabdccab49ca4a"},"headline":"El Gobierno evita las reuniones masivas","datePublished":"2025-09-11T20:25:03+00:00","mainEntityOfPage":{"@id":"https:\/\/radioinfinitagoya.com.ar\/v1\/2025\/09\/11\/el-gobierno-evita-las-reuniones-masivas\/"},"wordCount":551,"publisher":{"@id":"https:\/\/radioinfinitagoya.com.ar\/v1\/#organization"},"image":{"@id":"https:\/\/radioinfinitagoya.com.ar\/v1\/2025\/09\/11\/el-gobierno-evita-las-reuniones-masivas\/#primaryimage"},"thumbnailUrl":"https:\/\/radioinfinitagoya.com.ar\/v1\/wp-content\/uploads\/2025\/09\/1757605515777.webp","articleSection":["NACIONALES"],"inLanguage":"es-AR"},{"@type":"WebPage","@id":"https:\/\/radioinfinitagoya.com.ar\/v1\/2025\/09\/11\/el-gobierno-evita-las-reuniones-masivas\/","url":"https:\/\/radioinfinitagoya.com.ar\/v1\/2025\/09\/11\/el-gobierno-evita-las-reuniones-masivas\/","name":"El Gobierno evita las reuniones masivas - Radio Infinita Goya","isPartOf":{"@id":"https:\/\/radioinfinitagoya.com.ar\/v1\/#website"},"primaryImageOfPage":{"@id":"https:\/\/radioinfinitagoya.com.ar\/v1\/2025\/09\/11\/el-gobierno-evita-las-reuniones-masivas\/#primaryimage"},"image":{"@id":"https:\/\/radioinfinitagoya.com.ar\/v1\/2025\/09\/11\/el-gobierno-evita-las-reuniones-masivas\/#primaryimage"},"thumbnailUrl":"https:\/\/radioinfinitagoya.com.ar\/v1\/wp-content\/uploads\/2025\/09\/1757605515777.webp","datePublished":"2025-09-11T20:25:03+00:00","description":"Y discute mano a mano con los gobernadores aliados El oficialismo est\u00e1 dispuesto a negociar la entrega de fondos a las provincias pero insiste en vetar la","breadcrumb":{"@id":"https:\/\/radioinfinitagoya.com.ar\/v1\/2025\/09\/11\/el-gobierno-evita-las-reuniones-masivas\/#breadcrumb"},"inLanguage":"es-AR","potentialAction":[{"@type":"ReadAction","target":["https:\/\/radioinfinitagoya.com.ar\/v1\/2025\/09\/11\/el-gobierno-evita-las-reuniones-masivas\/"]}]},{"@type":"ImageObject","inLanguage":"es-AR","@id":"https:\/\/radioinfinitagoya.com.ar\/v1\/2025\/09\/11\/el-gobierno-evita-las-reuniones-masivas\/#primaryimage","url":"https:\/\/radioinfinitagoya.com.ar\/v1\/wp-content\/uploads\/2025\/09\/1757605515777.webp","contentUrl":"https:\/\/radioinfinitagoya.com.ar\/v1\/wp-content\/uploads\/2025\/09\/1757605515777.webp","width":1200,"height":675},{"@type":"BreadcrumbList","@id":"https:\/\/radioinfinitagoya.com.ar\/v1\/2025\/09\/11\/el-gobierno-evita-las-reuniones-masivas\/#breadcrumb","itemListElement":[{"@type":"ListItem","position":1,"name":"Inicio","item":"https:\/\/radioinfinitagoya.com.ar\/v1\/"},{"@type":"ListItem","position":2,"name":"El Gobierno evita las reuniones masivas"}]},{"@type":"WebSite","@id":"https:\/\/radioinfinitagoya.com.ar\/v1\/#website","url":"https:\/\/radioinfinitagoya.com.ar\/v1\/","name":"radioinfinitagoya.com.ar","description":"Radio de noticias","publisher":{"@id":"https:\/\/radioinfinitagoya.com.ar\/v1\/#organization"},"potentialAction":[{"@type":"SearchAction","target":{"@type":"EntryPoint","urlTemplate":"https:\/\/radioinfinitagoya.com.ar\/v1\/?s={search_term_string}"},"query-input":{"@type":"PropertyValueSpecification","valueRequired":true,"valueName":"search_term_string"}}],"inLanguage":"es-AR"},{"@type":"Organization","@id":"https:\/\/radioinfinitagoya.com.ar\/v1\/#organization","name":"Radio Infinita Goya","url":"https:\/\/radioinfinitagoya.com.ar\/v1\/","logo":{"@type":"ImageObject","inLanguage":"es-AR","@id":"https:\/\/radioinfinitagoya.com.ar\/v1\/#\/schema\/logo\/image\/","url":"https:\/\/radioinfinitagoya.com.ar\/v1\/wp-content\/uploads\/2019\/11\/logo-pie-web.png","contentUrl":"https:\/\/radioinfinitagoya.com.ar\/v1\/wp-content\/uploads\/2019\/11\/logo-pie-web.png","width":635,"height":326,"caption":"Radio Infinita Goya"},"image":{"@id":"https:\/\/radioinfinitagoya.com.ar\/v1\/#\/schema\/logo\/image\/"},"sameAs":["https:\/\/www.facebook.com\/p\/Infinita-Goya-100063870918311\/"]},{"@type":"Person","@id":"https:\/\/radioinfinitagoya.com.ar\/v1\/#\/schema\/person\/d4cf9c413d4f6edb24aabdccab49ca4a","name":"Jorge Mi\u00f1o","image":{"@type":"ImageObject","inLanguage":"es-AR","@id":"https:\/\/secure.gravatar.com\/avatar\/910fcf6728fe95320e07a6643c1581fec1c7fc4bf8ae12e3d8f0d0373dc844be?s=96&d=mm&r=g","url":"https:\/\/secure.gravatar.com\/avatar\/910fcf6728fe95320e07a6643c1581fec1c7fc4bf8ae12e3d8f0d0373dc844be?s=96&d=mm&r=g","contentUrl":"https:\/\/secure.gravatar.com\/avatar\/910fcf6728fe95320e07a6643c1581fec1c7fc4bf8ae12e3d8f0d0373dc844be?s=96&d=mm&r=g","caption":"Jorge Mi\u00f1o"},"sameAs":["http:\/\/radioinfinitagoya.com.ar"]}]}},"_links":{"self":[{"href":"https:\/\/radioinfinitagoya.com.ar\/v1\/wp-json\/wp\/v2\/posts\/195736","targetHints":{"allow":["GET"]}}],"collection":[{"href":"https:\/\/radioinfinitagoya.com.ar\/v1\/wp-json\/wp\/v2\/posts"}],"about":[{"href":"https:\/\/radioinfinitagoya.com.ar\/v1\/wp-json\/wp\/v2\/types\/post"}],"author":[{"embeddable":true,"href":"https:\/\/radioinfinitagoya.com.ar\/v1\/wp-json\/wp\/v2\/users\/4"}],"replies":[{"embeddable":true,"href":"https:\/\/radioinfinitagoya.com.ar\/v1\/wp-json\/wp\/v2\/comments?post=195736"}],"version-history":[{"count":0,"href":"https:\/\/radioinfinitagoya.com.ar\/v1\/wp-json\/wp\/v2\/posts\/195736\/revisions"}],"wp:featuredmedia":[{"embeddable":true,"href":"https:\/\/radioinfinitagoya.com.ar\/v1\/wp-json\/wp\/v2\/media\/195737"}],"wp:attachment":[{"href":"https:\/\/radioinfinitagoya.com.ar\/v1\/wp-json\/wp\/v2\/media?parent=195736"}],"wp:term":[{"taxonomy":"category","embeddable":true,"href":"https:\/\/radioinfinitagoya.com.ar\/v1\/wp-json\/wp\/v2\/categories?post=195736"},{"taxonomy":"post_tag","embeddable":true,"href":"https:\/\/radioinfinitagoya.com.ar\/v1\/wp-json\/wp\/v2\/tags?post=195736"}],"curies":[{"name":"wp","href":"https:\/\/api.w.org\/{rel}","templated":true}]}}