{"id":195739,"date":"2025-09-11T17:31:28","date_gmt":"2025-09-11T20:31:28","guid":{"rendered":"https:\/\/radioinfinitagoya.com.ar\/v1\/?p=195739"},"modified":"2025-09-11T17:31:28","modified_gmt":"2025-09-11T20:31:28","slug":"el-oficialismo-apuesta-a-continuar-su-plan-economico-con-el-presupuesto-2026","status":"publish","type":"post","link":"https:\/\/radioinfinitagoya.com.ar\/v1\/2025\/09\/11\/el-oficialismo-apuesta-a-continuar-su-plan-economico-con-el-presupuesto-2026\/","title":{"rendered":"El oficialismo apuesta a continuar su plan econ\u00f3mico con el Presupuesto 2026"},"content":{"rendered":"<p>El Gobierno nacional busca consolidar la estabilidad macroecon\u00f3mica y avanzar con el ajuste fiscal, mientras que la oposici\u00f3n prepara maniobras para forzar el debate antes de las elecciones de octubre<\/p>\n<p>El Presupuesto 2026 ingresar\u00e1 formalmente al Congreso el lunes, acompa\u00f1ado de un mensaje por cadena nacional del presidente Javier Milei, que explicar\u00e1 los ejes centrales del proyecto. A diferencia del a\u00f1o pasado, no habr\u00e1 un discurso del presidente en el recinto: la puesta en escena ser\u00e1 desde Casa Rosada.<\/p>\n<p>La iniciativa, impulsada por el Gobierno nacional, busca consolidar la estabilidad macroecon\u00f3mica y avanzar con el ajuste fiscal, mientras que la oposici\u00f3n ya prepara maniobras para forzar el debate antes de las elecciones de octubre.<\/p>\n<p>La normativa establece que el Poder Ejecutivo debe presentar cada a\u00f1o el Proyecto de Ley de Gastos y C\u00e1lculo de Recursos. En junio, el Ministerio de Econom\u00eda envi\u00f3 al Congreso un adelanto con los lineamientos principales: consolidar la estabilidad macroecon\u00f3mica, reducir trabas burocr\u00e1ticas y avanzar con el ajuste fiscal. Sin embargo, el documento no incluy\u00f3 estimaciones sobre inflaci\u00f3n ni sobre el d\u00f3lar oficial.<\/p>\n<p>El debate se desarrollar\u00e1 en la comisi\u00f3n presidida por el libertario Jos\u00e9 Luis Espert, que buscar\u00e1 respaldo de bloques aliados como el PRO, la UCR y representantes de los gobernadores de San Juan, Salta y Misiones. El oficialismo necesitar\u00e1 25 firmas para sostener un dictamen de mayor\u00eda.<\/p>\n<p>En la oposici\u00f3n, en cambio, anticipan que podr\u00edan forzar una sesi\u00f3n especial para emplazar a la comisi\u00f3n y garantizar una fecha de discusi\u00f3n.<\/p>\n<p>\u201cEl proyecto tendr\u00e1 un programa de Gobierno para el a\u00f1o 2026, respetado las premisas b\u00e1sicas que es mantener el equilibrio fiscal y la modalidad de elaboraci\u00f3n que ya se expusieron cuando se present\u00f3 el presupuesto 2025. Estar\u00e1 en la oposici\u00f3n participar de la discusi\u00f3n, de un debate responsable, dejando de lado aquella ambici\u00f3n de dinamitar la pol\u00edtica del Gobierno buscando destruir el equilibrio fiscal\u201d, se\u00f1al\u00f3 a TN el libertario por Salta Carlos Zapata.<\/p>\n<p>La oposici\u00f3n endurece su postura<\/p>\n<p>Por un lado, est\u00e1n los sectores de la oposici\u00f3n aliados al oficialismo como el PRO, o algunos integrantes de la UCR que encabeza Rodrigo de Loredo. La diputada Nancy Ballejos del PRO afirm\u00f3: \u201cEn primer lugar, espero que haya presupuesto este a\u00f1o, y por sobre todo que sean consideradas las partidas que les corresponden a las provincias y a la obra p\u00fablica nacional dentro de las jurisdicciones. Sobre el debate, seguro ser\u00e1 agitado, hay algunos temas, como por ejemplo universidades, en la que hemos insistido reiteradas veces al gobierno nacional que sean incorporadas con las actualizaciones correspondientes\u201d.<\/p>\n<p>En el amplio abanico que integran UxP, Encuentro Federal, Democracia para Siempre, la Coalici\u00f3n C\u00edvica y el Frente de Izquierda, nadie est\u00e1 dispuesto a reeditar lo sucedido con el debate del Presupuesto 2025. Aquel proceso, conducido por el diputado Jos\u00e9 Luis Espert, nunca logr\u00f3 concretar la invitaci\u00f3n al ministro de Econom\u00eda, Luis \u201cToto\u201d Caputo. Finalmente, a fines de noviembre, el legislador bonaerense dio por cerrada la discusi\u00f3n con un mensaje en el Sal\u00f3n de los Pasos Perdidos, al sostener que no se hab\u00eda alcanzado \u201cun punto de acuerdo que garantice el d\u00e9ficit cero en el Presupuesto 2025\u201d, seg\u00fan expres\u00f3.<\/p>\n<p>Desde diferentes bancadas opositoras ya diagraman, tras el ingreso del proyecto de Presupuesto 2026, citar a una sesi\u00f3n especial, emplazar a la comisi\u00f3n de Jos\u00e9 Luis Espert, es decir, fijarle fecha de discusi\u00f3n, y adem\u00e1s ponerle fecha a la firma de los dict\u00e1menes de la iniciativa.<\/p>\n<p>Mientras en el oficialismo especulan con abrir la comisi\u00f3n y que el transcurso del debate se prolongue m\u00e1s all\u00e1 del 26 de octubre, fecha de las elecciones nacionales, y los dict\u00e1menes firmarlos tras la renovaci\u00f3n parlamentaria, despu\u00e9s del 10 de diciembre, en un nuevo per\u00edodo extraordinario del Congreso.<\/p>\n<p>En ambos casos ser\u00e1n indispensables los di\u00e1logos con los gobernadores provinciales con peso pol\u00edtico propio en el Congreso nacional, tanto en Diputados como en el Senado. Los gobernadores le hicieron saber al Congreso y a la Casa Rosada de la necesidad de tener sancionada la Ley de Leyes.<\/p>\n<p>Pablo Juliano, jefe de la bancada Democracia para Siempre, adelant\u00f3 a TN: \u201cEsperamos que m\u00e1s all\u00e1 de la presentaci\u00f3n, la cadena nacional y todo el circo que siempre hacen entiendan que el pa\u00eds no tiene destino sin presupuesto. Que no es una mera formalidad, que si (Javier) Milei no puede sancionar un presupuesto es porque no quiere y se ha vuelto fan\u00e1tico de convivir al margen de la ley. Nosotros no vamos a ser c\u00f3mplices de seguir sin presupuesto: este a\u00f1o tiene que salir un presupuesto a como d\u00e9 lugar\u201d.<\/p>\n","protected":false},"excerpt":{"rendered":"<p>El Gobierno nacional busca consolidar la estabilidad macroecon\u00f3mica y avanzar con el ajuste fiscal, mientras que la oposici\u00f3n prepara maniobras para forzar el debate antes de las elecciones de octubre El Presupuesto 2026 ingresar\u00e1 formalmente al Congreso el lunes, acompa\u00f1ado de un mensaje por cadena nacional del presidente Javier Milei, que explicar\u00e1 los ejes centrales [&hellip;]<\/p>\n","protected":false},"author":4,"featured_media":195740,"comment_status":"closed","ping_status":"closed","sticky":false,"template":"","format":"standard","meta":{"_joinchat":[],"footnotes":""},"categories":[29],"tags":[],"class_list":{"0":"post-195739","1":"post","2":"type-post","3":"status-publish","4":"format-standard","5":"has-post-thumbnail","7":"category-nacionales"},"yoast_head":"<!-- This site is optimized with the Yoast SEO plugin v27.2 - https:\/\/yoast.com\/product\/yoast-seo-wordpress\/ -->\n<title>El oficialismo apuesta a continuar su plan econ\u00f3mico con el Presupuesto 2026 - Radio Infinita Goya<\/title>\n<meta name=\"description\" content=\"El Gobierno nacional busca consolidar la estabilidad macroecon\u00f3mica y avanzar con el ajuste fiscal, mientras que la oposici\u00f3n prepara maniobras para\" \/>\n<meta name=\"robots\" content=\"index, follow, max-snippet:-1, max-image-preview:large, max-video-preview:-1\" \/>\n<link rel=\"canonical\" href=\"https:\/\/radioinfinitagoya.com.ar\/v1\/2025\/09\/11\/el-oficialismo-apuesta-a-continuar-su-plan-economico-con-el-presupuesto-2026\/\" \/>\n<meta property=\"og:locale\" content=\"es_ES\" \/>\n<meta property=\"og:type\" content=\"article\" \/>\n<meta property=\"og:title\" content=\"El oficialismo apuesta a continuar su plan econ\u00f3mico con el Presupuesto 2026 - Radio Infinita Goya\" \/>\n<meta property=\"og:description\" content=\"El Gobierno nacional busca consolidar la estabilidad macroecon\u00f3mica y avanzar con el ajuste fiscal, mientras que la oposici\u00f3n prepara maniobras para\" \/>\n<meta property=\"og:url\" content=\"https:\/\/radioinfinitagoya.com.ar\/v1\/2025\/09\/11\/el-oficialismo-apuesta-a-continuar-su-plan-economico-con-el-presupuesto-2026\/\" \/>\n<meta property=\"og:site_name\" content=\"Radio Infinita Goya\" \/>\n<meta property=\"article:publisher\" content=\"https:\/\/www.facebook.com\/p\/Infinita-Goya-100063870918311\/\" \/>\n<meta property=\"article:published_time\" content=\"2025-09-11T20:31:28+00:00\" \/>\n<meta property=\"og:image\" content=\"https:\/\/radioinfinitagoya.com.ar\/v1\/wp-content\/uploads\/2025\/09\/GXjwDzSWgAAekws.jpg\" \/>\n\t<meta property=\"og:image:width\" content=\"680\" \/>\n\t<meta property=\"og:image:height\" content=\"453\" \/>\n\t<meta property=\"og:image:type\" content=\"image\/jpeg\" \/>\n<meta name=\"author\" content=\"Jorge Mi\u00f1o\" \/>\n<meta name=\"twitter:card\" content=\"summary_large_image\" \/>\n<meta name=\"twitter:label1\" content=\"Escrito por\" \/>\n\t<meta name=\"twitter:data1\" content=\"Jorge Mi\u00f1o\" \/>\n\t<meta name=\"twitter:label2\" content=\"Tiempo de lectura\" \/>\n\t<meta name=\"twitter:data2\" content=\"4 minutos\" \/>\n<script type=\"application\/ld+json\" class=\"yoast-schema-graph\">{\"@context\":\"https:\/\/schema.org\",\"@graph\":[{\"@type\":\"Article\",\"@id\":\"https:\/\/radioinfinitagoya.com.ar\/v1\/2025\/09\/11\/el-oficialismo-apuesta-a-continuar-su-plan-economico-con-el-presupuesto-2026\/#article\",\"isPartOf\":{\"@id\":\"https:\/\/radioinfinitagoya.com.ar\/v1\/2025\/09\/11\/el-oficialismo-apuesta-a-continuar-su-plan-economico-con-el-presupuesto-2026\/\"},\"author\":{\"name\":\"Jorge Mi\u00f1o\",\"@id\":\"https:\/\/radioinfinitagoya.com.ar\/v1\/#\/schema\/person\/d4cf9c413d4f6edb24aabdccab49ca4a\"},\"headline\":\"El oficialismo apuesta a continuar su plan econ\u00f3mico con el Presupuesto 2026\",\"datePublished\":\"2025-09-11T20:31:28+00:00\",\"mainEntityOfPage\":{\"@id\":\"https:\/\/radioinfinitagoya.com.ar\/v1\/2025\/09\/11\/el-oficialismo-apuesta-a-continuar-su-plan-economico-con-el-presupuesto-2026\/\"},\"wordCount\":818,\"publisher\":{\"@id\":\"https:\/\/radioinfinitagoya.com.ar\/v1\/#organization\"},\"image\":{\"@id\":\"https:\/\/radioinfinitagoya.com.ar\/v1\/2025\/09\/11\/el-oficialismo-apuesta-a-continuar-su-plan-economico-con-el-presupuesto-2026\/#primaryimage\"},\"thumbnailUrl\":\"https:\/\/radioinfinitagoya.com.ar\/v1\/wp-content\/uploads\/2025\/09\/GXjwDzSWgAAekws.jpg\",\"articleSection\":[\"NACIONALES\"],\"inLanguage\":\"es-AR\"},{\"@type\":\"WebPage\",\"@id\":\"https:\/\/radioinfinitagoya.com.ar\/v1\/2025\/09\/11\/el-oficialismo-apuesta-a-continuar-su-plan-economico-con-el-presupuesto-2026\/\",\"url\":\"https:\/\/radioinfinitagoya.com.ar\/v1\/2025\/09\/11\/el-oficialismo-apuesta-a-continuar-su-plan-economico-con-el-presupuesto-2026\/\",\"name\":\"El oficialismo apuesta a continuar su plan econ\u00f3mico con el Presupuesto 2026 - Radio Infinita Goya\",\"isPartOf\":{\"@id\":\"https:\/\/radioinfinitagoya.com.ar\/v1\/#website\"},\"primaryImageOfPage\":{\"@id\":\"https:\/\/radioinfinitagoya.com.ar\/v1\/2025\/09\/11\/el-oficialismo-apuesta-a-continuar-su-plan-economico-con-el-presupuesto-2026\/#primaryimage\"},\"image\":{\"@id\":\"https:\/\/radioinfinitagoya.com.ar\/v1\/2025\/09\/11\/el-oficialismo-apuesta-a-continuar-su-plan-economico-con-el-presupuesto-2026\/#primaryimage\"},\"thumbnailUrl\":\"https:\/\/radioinfinitagoya.com.ar\/v1\/wp-content\/uploads\/2025\/09\/GXjwDzSWgAAekws.jpg\",\"datePublished\":\"2025-09-11T20:31:28+00:00\",\"description\":\"El Gobierno nacional busca consolidar la estabilidad macroecon\u00f3mica y avanzar con el ajuste fiscal, mientras que la oposici\u00f3n prepara maniobras para\",\"breadcrumb\":{\"@id\":\"https:\/\/radioinfinitagoya.com.ar\/v1\/2025\/09\/11\/el-oficialismo-apuesta-a-continuar-su-plan-economico-con-el-presupuesto-2026\/#breadcrumb\"},\"inLanguage\":\"es-AR\",\"potentialAction\":[{\"@type\":\"ReadAction\",\"target\":[\"https:\/\/radioinfinitagoya.com.ar\/v1\/2025\/09\/11\/el-oficialismo-apuesta-a-continuar-su-plan-economico-con-el-presupuesto-2026\/\"]}]},{\"@type\":\"ImageObject\",\"inLanguage\":\"es-AR\",\"@id\":\"https:\/\/radioinfinitagoya.com.ar\/v1\/2025\/09\/11\/el-oficialismo-apuesta-a-continuar-su-plan-economico-con-el-presupuesto-2026\/#primaryimage\",\"url\":\"https:\/\/radioinfinitagoya.com.ar\/v1\/wp-content\/uploads\/2025\/09\/GXjwDzSWgAAekws.jpg\",\"contentUrl\":\"https:\/\/radioinfinitagoya.com.ar\/v1\/wp-content\/uploads\/2025\/09\/GXjwDzSWgAAekws.jpg\",\"width\":680,\"height\":453},{\"@type\":\"BreadcrumbList\",\"@id\":\"https:\/\/radioinfinitagoya.com.ar\/v1\/2025\/09\/11\/el-oficialismo-apuesta-a-continuar-su-plan-economico-con-el-presupuesto-2026\/#breadcrumb\",\"itemListElement\":[{\"@type\":\"ListItem\",\"position\":1,\"name\":\"Inicio\",\"item\":\"https:\/\/radioinfinitagoya.com.ar\/v1\/\"},{\"@type\":\"ListItem\",\"position\":2,\"name\":\"El oficialismo apuesta a continuar su plan econ\u00f3mico con el Presupuesto 2026\"}]},{\"@type\":\"WebSite\",\"@id\":\"https:\/\/radioinfinitagoya.com.ar\/v1\/#website\",\"url\":\"https:\/\/radioinfinitagoya.com.ar\/v1\/\",\"name\":\"radioinfinitagoya.com.ar\",\"description\":\"Radio de noticias\",\"publisher\":{\"@id\":\"https:\/\/radioinfinitagoya.com.ar\/v1\/#organization\"},\"potentialAction\":[{\"@type\":\"SearchAction\",\"target\":{\"@type\":\"EntryPoint\",\"urlTemplate\":\"https:\/\/radioinfinitagoya.com.ar\/v1\/?s={search_term_string}\"},\"query-input\":{\"@type\":\"PropertyValueSpecification\",\"valueRequired\":true,\"valueName\":\"search_term_string\"}}],\"inLanguage\":\"es-AR\"},{\"@type\":\"Organization\",\"@id\":\"https:\/\/radioinfinitagoya.com.ar\/v1\/#organization\",\"name\":\"Radio Infinita Goya\",\"url\":\"https:\/\/radioinfinitagoya.com.ar\/v1\/\",\"logo\":{\"@type\":\"ImageObject\",\"inLanguage\":\"es-AR\",\"@id\":\"https:\/\/radioinfinitagoya.com.ar\/v1\/#\/schema\/logo\/image\/\",\"url\":\"https:\/\/radioinfinitagoya.com.ar\/v1\/wp-content\/uploads\/2019\/11\/logo-pie-web.png\",\"contentUrl\":\"https:\/\/radioinfinitagoya.com.ar\/v1\/wp-content\/uploads\/2019\/11\/logo-pie-web.png\",\"width\":635,\"height\":326,\"caption\":\"Radio Infinita Goya\"},\"image\":{\"@id\":\"https:\/\/radioinfinitagoya.com.ar\/v1\/#\/schema\/logo\/image\/\"},\"sameAs\":[\"https:\/\/www.facebook.com\/p\/Infinita-Goya-100063870918311\/\"]},{\"@type\":\"Person\",\"@id\":\"https:\/\/radioinfinitagoya.com.ar\/v1\/#\/schema\/person\/d4cf9c413d4f6edb24aabdccab49ca4a\",\"name\":\"Jorge Mi\u00f1o\",\"image\":{\"@type\":\"ImageObject\",\"inLanguage\":\"es-AR\",\"@id\":\"https:\/\/secure.gravatar.com\/avatar\/910fcf6728fe95320e07a6643c1581fec1c7fc4bf8ae12e3d8f0d0373dc844be?s=96&d=mm&r=g\",\"url\":\"https:\/\/secure.gravatar.com\/avatar\/910fcf6728fe95320e07a6643c1581fec1c7fc4bf8ae12e3d8f0d0373dc844be?s=96&d=mm&r=g\",\"contentUrl\":\"https:\/\/secure.gravatar.com\/avatar\/910fcf6728fe95320e07a6643c1581fec1c7fc4bf8ae12e3d8f0d0373dc844be?s=96&d=mm&r=g\",\"caption\":\"Jorge Mi\u00f1o\"},\"sameAs\":[\"http:\/\/radioinfinitagoya.com.ar\"]}]}<\/script>\n<!-- \/ Yoast SEO plugin. -->","yoast_head_json":{"title":"El oficialismo apuesta a continuar su plan econ\u00f3mico con el Presupuesto 2026 - Radio Infinita Goya","description":"El Gobierno nacional busca consolidar la estabilidad macroecon\u00f3mica y avanzar con el ajuste fiscal, mientras que la oposici\u00f3n prepara maniobras para","robots":{"index":"index","follow":"follow","max-snippet":"max-snippet:-1","max-image-preview":"max-image-preview:large","max-video-preview":"max-video-preview:-1"},"canonical":"https:\/\/radioinfinitagoya.com.ar\/v1\/2025\/09\/11\/el-oficialismo-apuesta-a-continuar-su-plan-economico-con-el-presupuesto-2026\/","og_locale":"es_ES","og_type":"article","og_title":"El oficialismo apuesta a continuar su plan econ\u00f3mico con el Presupuesto 2026 - Radio Infinita Goya","og_description":"El Gobierno nacional busca consolidar la estabilidad macroecon\u00f3mica y avanzar con el ajuste fiscal, mientras que la oposici\u00f3n prepara maniobras para","og_url":"https:\/\/radioinfinitagoya.com.ar\/v1\/2025\/09\/11\/el-oficialismo-apuesta-a-continuar-su-plan-economico-con-el-presupuesto-2026\/","og_site_name":"Radio Infinita Goya","article_publisher":"https:\/\/www.facebook.com\/p\/Infinita-Goya-100063870918311\/","article_published_time":"2025-09-11T20:31:28+00:00","og_image":[{"width":680,"height":453,"url":"https:\/\/radioinfinitagoya.com.ar\/v1\/wp-content\/uploads\/2025\/09\/GXjwDzSWgAAekws.jpg","type":"image\/jpeg"}],"author":"Jorge Mi\u00f1o","twitter_card":"summary_large_image","twitter_misc":{"Escrito por":"Jorge Mi\u00f1o","Tiempo de lectura":"4 minutos"},"schema":{"@context":"https:\/\/schema.org","@graph":[{"@type":"Article","@id":"https:\/\/radioinfinitagoya.com.ar\/v1\/2025\/09\/11\/el-oficialismo-apuesta-a-continuar-su-plan-economico-con-el-presupuesto-2026\/#article","isPartOf":{"@id":"https:\/\/radioinfinitagoya.com.ar\/v1\/2025\/09\/11\/el-oficialismo-apuesta-a-continuar-su-plan-economico-con-el-presupuesto-2026\/"},"author":{"name":"Jorge Mi\u00f1o","@id":"https:\/\/radioinfinitagoya.com.ar\/v1\/#\/schema\/person\/d4cf9c413d4f6edb24aabdccab49ca4a"},"headline":"El oficialismo apuesta a continuar su plan econ\u00f3mico con el Presupuesto 2026","datePublished":"2025-09-11T20:31:28+00:00","mainEntityOfPage":{"@id":"https:\/\/radioinfinitagoya.com.ar\/v1\/2025\/09\/11\/el-oficialismo-apuesta-a-continuar-su-plan-economico-con-el-presupuesto-2026\/"},"wordCount":818,"publisher":{"@id":"https:\/\/radioinfinitagoya.com.ar\/v1\/#organization"},"image":{"@id":"https:\/\/radioinfinitagoya.com.ar\/v1\/2025\/09\/11\/el-oficialismo-apuesta-a-continuar-su-plan-economico-con-el-presupuesto-2026\/#primaryimage"},"thumbnailUrl":"https:\/\/radioinfinitagoya.com.ar\/v1\/wp-content\/uploads\/2025\/09\/GXjwDzSWgAAekws.jpg","articleSection":["NACIONALES"],"inLanguage":"es-AR"},{"@type":"WebPage","@id":"https:\/\/radioinfinitagoya.com.ar\/v1\/2025\/09\/11\/el-oficialismo-apuesta-a-continuar-su-plan-economico-con-el-presupuesto-2026\/","url":"https:\/\/radioinfinitagoya.com.ar\/v1\/2025\/09\/11\/el-oficialismo-apuesta-a-continuar-su-plan-economico-con-el-presupuesto-2026\/","name":"El oficialismo apuesta a continuar su plan econ\u00f3mico con el Presupuesto 2026 - Radio Infinita Goya","isPartOf":{"@id":"https:\/\/radioinfinitagoya.com.ar\/v1\/#website"},"primaryImageOfPage":{"@id":"https:\/\/radioinfinitagoya.com.ar\/v1\/2025\/09\/11\/el-oficialismo-apuesta-a-continuar-su-plan-economico-con-el-presupuesto-2026\/#primaryimage"},"image":{"@id":"https:\/\/radioinfinitagoya.com.ar\/v1\/2025\/09\/11\/el-oficialismo-apuesta-a-continuar-su-plan-economico-con-el-presupuesto-2026\/#primaryimage"},"thumbnailUrl":"https:\/\/radioinfinitagoya.com.ar\/v1\/wp-content\/uploads\/2025\/09\/GXjwDzSWgAAekws.jpg","datePublished":"2025-09-11T20:31:28+00:00","description":"El Gobierno nacional busca consolidar la estabilidad macroecon\u00f3mica y avanzar con el ajuste fiscal, mientras que la oposici\u00f3n prepara maniobras para","breadcrumb":{"@id":"https:\/\/radioinfinitagoya.com.ar\/v1\/2025\/09\/11\/el-oficialismo-apuesta-a-continuar-su-plan-economico-con-el-presupuesto-2026\/#breadcrumb"},"inLanguage":"es-AR","potentialAction":[{"@type":"ReadAction","target":["https:\/\/radioinfinitagoya.com.ar\/v1\/2025\/09\/11\/el-oficialismo-apuesta-a-continuar-su-plan-economico-con-el-presupuesto-2026\/"]}]},{"@type":"ImageObject","inLanguage":"es-AR","@id":"https:\/\/radioinfinitagoya.com.ar\/v1\/2025\/09\/11\/el-oficialismo-apuesta-a-continuar-su-plan-economico-con-el-presupuesto-2026\/#primaryimage","url":"https:\/\/radioinfinitagoya.com.ar\/v1\/wp-content\/uploads\/2025\/09\/GXjwDzSWgAAekws.jpg","contentUrl":"https:\/\/radioinfinitagoya.com.ar\/v1\/wp-content\/uploads\/2025\/09\/GXjwDzSWgAAekws.jpg","width":680,"height":453},{"@type":"BreadcrumbList","@id":"https:\/\/radioinfinitagoya.com.ar\/v1\/2025\/09\/11\/el-oficialismo-apuesta-a-continuar-su-plan-economico-con-el-presupuesto-2026\/#breadcrumb","itemListElement":[{"@type":"ListItem","position":1,"name":"Inicio","item":"https:\/\/radioinfinitagoya.com.ar\/v1\/"},{"@type":"ListItem","position":2,"name":"El oficialismo apuesta a continuar su plan econ\u00f3mico con el Presupuesto 2026"}]},{"@type":"WebSite","@id":"https:\/\/radioinfinitagoya.com.ar\/v1\/#website","url":"https:\/\/radioinfinitagoya.com.ar\/v1\/","name":"radioinfinitagoya.com.ar","description":"Radio de noticias","publisher":{"@id":"https:\/\/radioinfinitagoya.com.ar\/v1\/#organization"},"potentialAction":[{"@type":"SearchAction","target":{"@type":"EntryPoint","urlTemplate":"https:\/\/radioinfinitagoya.com.ar\/v1\/?s={search_term_string}"},"query-input":{"@type":"PropertyValueSpecification","valueRequired":true,"valueName":"search_term_string"}}],"inLanguage":"es-AR"},{"@type":"Organization","@id":"https:\/\/radioinfinitagoya.com.ar\/v1\/#organization","name":"Radio Infinita Goya","url":"https:\/\/radioinfinitagoya.com.ar\/v1\/","logo":{"@type":"ImageObject","inLanguage":"es-AR","@id":"https:\/\/radioinfinitagoya.com.ar\/v1\/#\/schema\/logo\/image\/","url":"https:\/\/radioinfinitagoya.com.ar\/v1\/wp-content\/uploads\/2019\/11\/logo-pie-web.png","contentUrl":"https:\/\/radioinfinitagoya.com.ar\/v1\/wp-content\/uploads\/2019\/11\/logo-pie-web.png","width":635,"height":326,"caption":"Radio Infinita Goya"},"image":{"@id":"https:\/\/radioinfinitagoya.com.ar\/v1\/#\/schema\/logo\/image\/"},"sameAs":["https:\/\/www.facebook.com\/p\/Infinita-Goya-100063870918311\/"]},{"@type":"Person","@id":"https:\/\/radioinfinitagoya.com.ar\/v1\/#\/schema\/person\/d4cf9c413d4f6edb24aabdccab49ca4a","name":"Jorge Mi\u00f1o","image":{"@type":"ImageObject","inLanguage":"es-AR","@id":"https:\/\/secure.gravatar.com\/avatar\/910fcf6728fe95320e07a6643c1581fec1c7fc4bf8ae12e3d8f0d0373dc844be?s=96&d=mm&r=g","url":"https:\/\/secure.gravatar.com\/avatar\/910fcf6728fe95320e07a6643c1581fec1c7fc4bf8ae12e3d8f0d0373dc844be?s=96&d=mm&r=g","contentUrl":"https:\/\/secure.gravatar.com\/avatar\/910fcf6728fe95320e07a6643c1581fec1c7fc4bf8ae12e3d8f0d0373dc844be?s=96&d=mm&r=g","caption":"Jorge Mi\u00f1o"},"sameAs":["http:\/\/radioinfinitagoya.com.ar"]}]}},"_links":{"self":[{"href":"https:\/\/radioinfinitagoya.com.ar\/v1\/wp-json\/wp\/v2\/posts\/195739","targetHints":{"allow":["GET"]}}],"collection":[{"href":"https:\/\/radioinfinitagoya.com.ar\/v1\/wp-json\/wp\/v2\/posts"}],"about":[{"href":"https:\/\/radioinfinitagoya.com.ar\/v1\/wp-json\/wp\/v2\/types\/post"}],"author":[{"embeddable":true,"href":"https:\/\/radioinfinitagoya.com.ar\/v1\/wp-json\/wp\/v2\/users\/4"}],"replies":[{"embeddable":true,"href":"https:\/\/radioinfinitagoya.com.ar\/v1\/wp-json\/wp\/v2\/comments?post=195739"}],"version-history":[{"count":0,"href":"https:\/\/radioinfinitagoya.com.ar\/v1\/wp-json\/wp\/v2\/posts\/195739\/revisions"}],"wp:featuredmedia":[{"embeddable":true,"href":"https:\/\/radioinfinitagoya.com.ar\/v1\/wp-json\/wp\/v2\/media\/195740"}],"wp:attachment":[{"href":"https:\/\/radioinfinitagoya.com.ar\/v1\/wp-json\/wp\/v2\/media?parent=195739"}],"wp:term":[{"taxonomy":"category","embeddable":true,"href":"https:\/\/radioinfinitagoya.com.ar\/v1\/wp-json\/wp\/v2\/categories?post=195739"},{"taxonomy":"post_tag","embeddable":true,"href":"https:\/\/radioinfinitagoya.com.ar\/v1\/wp-json\/wp\/v2\/tags?post=195739"}],"curies":[{"name":"wp","href":"https:\/\/api.w.org\/{rel}","templated":true}]}}