{"id":195745,"date":"2025-09-11T17:37:32","date_gmt":"2025-09-11T20:37:32","guid":{"rendered":"https:\/\/radioinfinitagoya.com.ar\/v1\/?p=195745"},"modified":"2025-09-11T17:37:32","modified_gmt":"2025-09-11T20:37:32","slug":"adrian-cesario-representara-a-goya-en-el-sudamericano-de-fisicoculturismo","status":"publish","type":"post","link":"https:\/\/radioinfinitagoya.com.ar\/v1\/2025\/09\/11\/adrian-cesario-representara-a-goya-en-el-sudamericano-de-fisicoculturismo\/","title":{"rendered":"Adri\u00e1n Cesario representar\u00e1 a Goya en el Sudamericano de Fisicoculturismo"},"content":{"rendered":"<p>El fisicoculturista goyano Adri\u00e1n Cesario se prepara para uno de los desaf\u00edos m\u00e1s importantes de su carrera: competir en el Sudamericano de Fisicoculturismo, que se desarrollar\u00e1 del 18 al 20 de septiembre en Quito, Ecuador. En di\u00e1logo con Radio Ciudad 88.3, el atleta comparti\u00f3 sus sensaciones y resalt\u00f3 la importancia de este deporte como un estilo de vida.<\/p>\n<p>\u201cEstoy muy orgulloso de poder competir y participar en este evento que es sudamericano de fisiculturismo\u201d, afirm\u00f3 Cesario.<\/p>\n<p>Recordando sus inicios, el fisicoculturista relat\u00f3: \u201cEsta disciplina surge y recordando mis comienzos, el tema de la revista me hizo volver a mi infancia cuando era chico y le\u00eda la revista \u201cMuscle Mag\u201d, que era tan deseada para los que nos gustaban los fierros (pesas). Con \u201cCatunga\u201d Alex fue con quien me inici\u00e9 en lo que ser\u00eda mi amor por los fierros\u201d.<\/p>\n<p>Al referirse a la esencia del culturismo, Cesario subray\u00f3: \u201cEl culturismo, m\u00e1s que un deporte, es un estilo de vida. No es solamente ir al gimnasio y ah\u00ed termina. Desde que te levantas, ten\u00e9s una dieta, una preparaci\u00f3n, ten\u00e9s que preparar al cuerpo para ese cambio, porque en donde el culturismo se compite los jueces buscan una figura ideal\u201d.<\/p>\n<p>Asimismo, explic\u00f3: \u201cHay diferentes tipos de categor\u00edas, ahora hay mucho fisicoculturismo femenino y en cada categor\u00eda se busca un f\u00edsico ideal\u201d.<\/p>\n<p>El atleta insisti\u00f3 en que se trata de una pr\u00e1ctica abierta a todos: \u201cEl culturismo lo puede practicar cualquiera, no tiene edad. Y es lo que queremos promover para que se conozca: es un estilo de vida muy lindo. Una vez que entras ah\u00ed, es muy lindo\u201d.<\/p>\n<p>LA FUERZA DEL CULTURISMO CORRENTINO<\/p>\n<p>En cuanto a la organizaci\u00f3n, Cesario puntualiz\u00f3: \u201cEn Corrientes tenemos una Asociaci\u00f3n de Fisicoculturismo Correntino, cuyo presidente es Germ\u00e1n Guirotane, quien se est\u00e1 moviendo mucho por el culturismo. Avanz\u00f3 much\u00edsimo lo que es el culturismo a nivel provincial\u201d.<\/p>\n<p>En lo personal, dijo: \u201cCada uno va al gimnasio; yo en particular estoy en \u201cLive Gym\u201d, tengo personalizado, es un gimnasio muy lindo. Ac\u00e1 en Goya hay muchos gimnasios y eso implica que hay gente, hay chicos que van y practican, y eso es lo que buscamos: que se animen a conocer este mundo del fisiculturismo. Realmente somos muchos los que practicamos y hay chicos que tienen muy buen nivel\u201d.<\/p>\n<p>El fisicoculturista expres\u00f3 sobre los logros de atletas argentinos: \u201cTenemos un campe\u00f3n argentino de physique, classic physique, que son categor\u00edas. Ahora tenemos a la campeona nacional, \u201cMili\u201d Insaurralde. Hay mucho potencial que tenemos que ir descubriendo, y que se animen a participar. La Asociaci\u00f3n Correntina nos apoya con todo el tema de los viajes, nos ayuda con las inscripciones, porque es todo amateur y lleva muchos a\u00f1os entrar a nivel profesional\u201d.<\/p>\n<p>CAMINO A QUITO<\/p>\n<p>Consultado sobre el certamen internacional, Cesario precis\u00f3: \u201cEl Sudamericano dar\u00e1 inicio el 18, 19 y 20 de septiembre en Quito, Ecuador. Este a\u00f1o se hace en Quito, el a\u00f1o que viene en Chile, y son eventos de lo m\u00e1ximo a participar\u201d.<\/p>\n<p>En este sentido, confirm\u00f3 su integraci\u00f3n al equipo nacional: \u201cYo me voy a trav\u00e9s de la Federaci\u00f3n Nacional, con la Selecci\u00f3n Argentina. Llegamos por una cuesti\u00f3n de que siempre estuve abocado y fui constante en la competencia. Todo el mundo puede competir y participar, hay que animarse nada m\u00e1s\u201d.<\/p>\n<p>AGRADECIMIENTO Y COMPROMISO CON GOYA<\/p>\n<p>Antes de partir, Cesario no quiso dejar de reconocer el respaldo recibido: \u201cQuer\u00eda agradecer a la Direcci\u00f3n de Deportes de la Municipalidad de Goya y a todos los comerciantes por el apoyo y la colaboraci\u00f3n brindada. La verdad que se portaron muy bien. La gente de Goya es muy caritativa, colabora con este tipo de eventos y m\u00e1s que nada cuando hay un entusiasmo de un deportista. A m\u00ed me consta porque me ayud\u00f3 mucha gente, y hay que ser agradecido\u201d.<\/p>\n<p>Finalmente, adelant\u00f3 sus planes para el regreso: \u201cCuando volvamos vamos a hacer una entrevista con los chicos que est\u00e1n en competencia y vamos a anunciar una nueva fecha en Goya. Vamos a coordinar con el presidente de la Asociaci\u00f3n de Corrientes y con el municipio para hacer algo en conjunto, para que Goya conozca lo que es este deporte\u201d.<\/p>\n<p>&nbsp;<\/p>\n<p>&nbsp;<\/p>\n","protected":false},"excerpt":{"rendered":"<p>El fisicoculturista goyano Adri\u00e1n Cesario se prepara para uno de los desaf\u00edos m\u00e1s importantes de su carrera: competir en el Sudamericano de Fisicoculturismo, que se desarrollar\u00e1 del 18 al 20 de septiembre en Quito, Ecuador. En di\u00e1logo con Radio Ciudad 88.3, el atleta comparti\u00f3 sus sensaciones y resalt\u00f3 la importancia de este deporte como un [&hellip;]<\/p>\n","protected":false},"author":4,"featured_media":195746,"comment_status":"closed","ping_status":"closed","sticky":false,"template":"","format":"standard","meta":{"_joinchat":[],"footnotes":""},"categories":[27],"tags":[],"class_list":{"0":"post-195745","1":"post","2":"type-post","3":"status-publish","4":"format-standard","5":"has-post-thumbnail","7":"category-locales"},"yoast_head":"<!-- This site is optimized with the Yoast SEO plugin v27.2 - https:\/\/yoast.com\/product\/yoast-seo-wordpress\/ -->\n<title>Adri\u00e1n Cesario representar\u00e1 a Goya en el Sudamericano de Fisicoculturismo - Radio Infinita Goya<\/title>\n<meta name=\"description\" content=\"El fisicoculturista goyano Adri\u00e1n Cesario se prepara para uno de los desaf\u00edos m\u00e1s importantes de su carrera: competir en el Sudamericano de\" \/>\n<meta name=\"robots\" content=\"index, follow, max-snippet:-1, max-image-preview:large, max-video-preview:-1\" \/>\n<link rel=\"canonical\" href=\"https:\/\/radioinfinitagoya.com.ar\/v1\/2025\/09\/11\/adrian-cesario-representara-a-goya-en-el-sudamericano-de-fisicoculturismo\/\" \/>\n<meta property=\"og:locale\" content=\"es_ES\" \/>\n<meta property=\"og:type\" content=\"article\" \/>\n<meta property=\"og:title\" content=\"Adri\u00e1n Cesario representar\u00e1 a Goya en el Sudamericano de Fisicoculturismo - Radio Infinita Goya\" \/>\n<meta property=\"og:description\" content=\"El fisicoculturista goyano Adri\u00e1n Cesario se prepara para uno de los desaf\u00edos m\u00e1s importantes de su carrera: competir en el Sudamericano de\" \/>\n<meta property=\"og:url\" content=\"https:\/\/radioinfinitagoya.com.ar\/v1\/2025\/09\/11\/adrian-cesario-representara-a-goya-en-el-sudamericano-de-fisicoculturismo\/\" \/>\n<meta property=\"og:site_name\" content=\"Radio Infinita Goya\" \/>\n<meta property=\"article:publisher\" content=\"https:\/\/www.facebook.com\/p\/Infinita-Goya-100063870918311\/\" \/>\n<meta property=\"article:published_time\" content=\"2025-09-11T20:37:32+00:00\" \/>\n<meta property=\"og:image\" content=\"https:\/\/radioinfinitagoya.com.ar\/v1\/wp-content\/uploads\/2025\/09\/cesario.jpg\" \/>\n\t<meta property=\"og:image:width\" content=\"848\" \/>\n\t<meta property=\"og:image:height\" content=\"477\" \/>\n\t<meta property=\"og:image:type\" content=\"image\/jpeg\" \/>\n<meta name=\"author\" content=\"Jorge Mi\u00f1o\" \/>\n<meta name=\"twitter:card\" content=\"summary_large_image\" \/>\n<meta name=\"twitter:label1\" content=\"Escrito por\" \/>\n\t<meta name=\"twitter:data1\" content=\"Jorge Mi\u00f1o\" \/>\n\t<meta name=\"twitter:label2\" content=\"Tiempo de lectura\" \/>\n\t<meta name=\"twitter:data2\" content=\"4 minutos\" \/>\n<script type=\"application\/ld+json\" class=\"yoast-schema-graph\">{\"@context\":\"https:\/\/schema.org\",\"@graph\":[{\"@type\":\"Article\",\"@id\":\"https:\/\/radioinfinitagoya.com.ar\/v1\/2025\/09\/11\/adrian-cesario-representara-a-goya-en-el-sudamericano-de-fisicoculturismo\/#article\",\"isPartOf\":{\"@id\":\"https:\/\/radioinfinitagoya.com.ar\/v1\/2025\/09\/11\/adrian-cesario-representara-a-goya-en-el-sudamericano-de-fisicoculturismo\/\"},\"author\":{\"name\":\"Jorge Mi\u00f1o\",\"@id\":\"https:\/\/radioinfinitagoya.com.ar\/v1\/#\/schema\/person\/d4cf9c413d4f6edb24aabdccab49ca4a\"},\"headline\":\"Adri\u00e1n Cesario representar\u00e1 a Goya en el Sudamericano de Fisicoculturismo\",\"datePublished\":\"2025-09-11T20:37:32+00:00\",\"mainEntityOfPage\":{\"@id\":\"https:\/\/radioinfinitagoya.com.ar\/v1\/2025\/09\/11\/adrian-cesario-representara-a-goya-en-el-sudamericano-de-fisicoculturismo\/\"},\"wordCount\":731,\"publisher\":{\"@id\":\"https:\/\/radioinfinitagoya.com.ar\/v1\/#organization\"},\"image\":{\"@id\":\"https:\/\/radioinfinitagoya.com.ar\/v1\/2025\/09\/11\/adrian-cesario-representara-a-goya-en-el-sudamericano-de-fisicoculturismo\/#primaryimage\"},\"thumbnailUrl\":\"https:\/\/radioinfinitagoya.com.ar\/v1\/wp-content\/uploads\/2025\/09\/cesario.jpg\",\"articleSection\":[\"LOCALES\"],\"inLanguage\":\"es-AR\"},{\"@type\":\"WebPage\",\"@id\":\"https:\/\/radioinfinitagoya.com.ar\/v1\/2025\/09\/11\/adrian-cesario-representara-a-goya-en-el-sudamericano-de-fisicoculturismo\/\",\"url\":\"https:\/\/radioinfinitagoya.com.ar\/v1\/2025\/09\/11\/adrian-cesario-representara-a-goya-en-el-sudamericano-de-fisicoculturismo\/\",\"name\":\"Adri\u00e1n Cesario representar\u00e1 a Goya en el Sudamericano de Fisicoculturismo - Radio Infinita Goya\",\"isPartOf\":{\"@id\":\"https:\/\/radioinfinitagoya.com.ar\/v1\/#website\"},\"primaryImageOfPage\":{\"@id\":\"https:\/\/radioinfinitagoya.com.ar\/v1\/2025\/09\/11\/adrian-cesario-representara-a-goya-en-el-sudamericano-de-fisicoculturismo\/#primaryimage\"},\"image\":{\"@id\":\"https:\/\/radioinfinitagoya.com.ar\/v1\/2025\/09\/11\/adrian-cesario-representara-a-goya-en-el-sudamericano-de-fisicoculturismo\/#primaryimage\"},\"thumbnailUrl\":\"https:\/\/radioinfinitagoya.com.ar\/v1\/wp-content\/uploads\/2025\/09\/cesario.jpg\",\"datePublished\":\"2025-09-11T20:37:32+00:00\",\"description\":\"El fisicoculturista goyano Adri\u00e1n Cesario se prepara para uno de los desaf\u00edos m\u00e1s importantes de su carrera: competir en el Sudamericano de\",\"breadcrumb\":{\"@id\":\"https:\/\/radioinfinitagoya.com.ar\/v1\/2025\/09\/11\/adrian-cesario-representara-a-goya-en-el-sudamericano-de-fisicoculturismo\/#breadcrumb\"},\"inLanguage\":\"es-AR\",\"potentialAction\":[{\"@type\":\"ReadAction\",\"target\":[\"https:\/\/radioinfinitagoya.com.ar\/v1\/2025\/09\/11\/adrian-cesario-representara-a-goya-en-el-sudamericano-de-fisicoculturismo\/\"]}]},{\"@type\":\"ImageObject\",\"inLanguage\":\"es-AR\",\"@id\":\"https:\/\/radioinfinitagoya.com.ar\/v1\/2025\/09\/11\/adrian-cesario-representara-a-goya-en-el-sudamericano-de-fisicoculturismo\/#primaryimage\",\"url\":\"https:\/\/radioinfinitagoya.com.ar\/v1\/wp-content\/uploads\/2025\/09\/cesario.jpg\",\"contentUrl\":\"https:\/\/radioinfinitagoya.com.ar\/v1\/wp-content\/uploads\/2025\/09\/cesario.jpg\",\"width\":848,\"height\":477},{\"@type\":\"BreadcrumbList\",\"@id\":\"https:\/\/radioinfinitagoya.com.ar\/v1\/2025\/09\/11\/adrian-cesario-representara-a-goya-en-el-sudamericano-de-fisicoculturismo\/#breadcrumb\",\"itemListElement\":[{\"@type\":\"ListItem\",\"position\":1,\"name\":\"Inicio\",\"item\":\"https:\/\/radioinfinitagoya.com.ar\/v1\/\"},{\"@type\":\"ListItem\",\"position\":2,\"name\":\"Adri\u00e1n Cesario representar\u00e1 a Goya en el Sudamericano de Fisicoculturismo\"}]},{\"@type\":\"WebSite\",\"@id\":\"https:\/\/radioinfinitagoya.com.ar\/v1\/#website\",\"url\":\"https:\/\/radioinfinitagoya.com.ar\/v1\/\",\"name\":\"radioinfinitagoya.com.ar\",\"description\":\"Radio de noticias\",\"publisher\":{\"@id\":\"https:\/\/radioinfinitagoya.com.ar\/v1\/#organization\"},\"potentialAction\":[{\"@type\":\"SearchAction\",\"target\":{\"@type\":\"EntryPoint\",\"urlTemplate\":\"https:\/\/radioinfinitagoya.com.ar\/v1\/?s={search_term_string}\"},\"query-input\":{\"@type\":\"PropertyValueSpecification\",\"valueRequired\":true,\"valueName\":\"search_term_string\"}}],\"inLanguage\":\"es-AR\"},{\"@type\":\"Organization\",\"@id\":\"https:\/\/radioinfinitagoya.com.ar\/v1\/#organization\",\"name\":\"Radio Infinita Goya\",\"url\":\"https:\/\/radioinfinitagoya.com.ar\/v1\/\",\"logo\":{\"@type\":\"ImageObject\",\"inLanguage\":\"es-AR\",\"@id\":\"https:\/\/radioinfinitagoya.com.ar\/v1\/#\/schema\/logo\/image\/\",\"url\":\"https:\/\/radioinfinitagoya.com.ar\/v1\/wp-content\/uploads\/2019\/11\/logo-pie-web.png\",\"contentUrl\":\"https:\/\/radioinfinitagoya.com.ar\/v1\/wp-content\/uploads\/2019\/11\/logo-pie-web.png\",\"width\":635,\"height\":326,\"caption\":\"Radio Infinita Goya\"},\"image\":{\"@id\":\"https:\/\/radioinfinitagoya.com.ar\/v1\/#\/schema\/logo\/image\/\"},\"sameAs\":[\"https:\/\/www.facebook.com\/p\/Infinita-Goya-100063870918311\/\"]},{\"@type\":\"Person\",\"@id\":\"https:\/\/radioinfinitagoya.com.ar\/v1\/#\/schema\/person\/d4cf9c413d4f6edb24aabdccab49ca4a\",\"name\":\"Jorge Mi\u00f1o\",\"image\":{\"@type\":\"ImageObject\",\"inLanguage\":\"es-AR\",\"@id\":\"https:\/\/secure.gravatar.com\/avatar\/910fcf6728fe95320e07a6643c1581fec1c7fc4bf8ae12e3d8f0d0373dc844be?s=96&d=mm&r=g\",\"url\":\"https:\/\/secure.gravatar.com\/avatar\/910fcf6728fe95320e07a6643c1581fec1c7fc4bf8ae12e3d8f0d0373dc844be?s=96&d=mm&r=g\",\"contentUrl\":\"https:\/\/secure.gravatar.com\/avatar\/910fcf6728fe95320e07a6643c1581fec1c7fc4bf8ae12e3d8f0d0373dc844be?s=96&d=mm&r=g\",\"caption\":\"Jorge Mi\u00f1o\"},\"sameAs\":[\"http:\/\/radioinfinitagoya.com.ar\"]}]}<\/script>\n<!-- \/ Yoast SEO plugin. -->","yoast_head_json":{"title":"Adri\u00e1n Cesario representar\u00e1 a Goya en el Sudamericano de Fisicoculturismo - Radio Infinita Goya","description":"El fisicoculturista goyano Adri\u00e1n Cesario se prepara para uno de los desaf\u00edos m\u00e1s importantes de su carrera: competir en el Sudamericano de","robots":{"index":"index","follow":"follow","max-snippet":"max-snippet:-1","max-image-preview":"max-image-preview:large","max-video-preview":"max-video-preview:-1"},"canonical":"https:\/\/radioinfinitagoya.com.ar\/v1\/2025\/09\/11\/adrian-cesario-representara-a-goya-en-el-sudamericano-de-fisicoculturismo\/","og_locale":"es_ES","og_type":"article","og_title":"Adri\u00e1n Cesario representar\u00e1 a Goya en el Sudamericano de Fisicoculturismo - Radio Infinita Goya","og_description":"El fisicoculturista goyano Adri\u00e1n Cesario se prepara para uno de los desaf\u00edos m\u00e1s importantes de su carrera: competir en el Sudamericano de","og_url":"https:\/\/radioinfinitagoya.com.ar\/v1\/2025\/09\/11\/adrian-cesario-representara-a-goya-en-el-sudamericano-de-fisicoculturismo\/","og_site_name":"Radio Infinita Goya","article_publisher":"https:\/\/www.facebook.com\/p\/Infinita-Goya-100063870918311\/","article_published_time":"2025-09-11T20:37:32+00:00","og_image":[{"width":848,"height":477,"url":"https:\/\/radioinfinitagoya.com.ar\/v1\/wp-content\/uploads\/2025\/09\/cesario.jpg","type":"image\/jpeg"}],"author":"Jorge Mi\u00f1o","twitter_card":"summary_large_image","twitter_misc":{"Escrito por":"Jorge Mi\u00f1o","Tiempo de lectura":"4 minutos"},"schema":{"@context":"https:\/\/schema.org","@graph":[{"@type":"Article","@id":"https:\/\/radioinfinitagoya.com.ar\/v1\/2025\/09\/11\/adrian-cesario-representara-a-goya-en-el-sudamericano-de-fisicoculturismo\/#article","isPartOf":{"@id":"https:\/\/radioinfinitagoya.com.ar\/v1\/2025\/09\/11\/adrian-cesario-representara-a-goya-en-el-sudamericano-de-fisicoculturismo\/"},"author":{"name":"Jorge Mi\u00f1o","@id":"https:\/\/radioinfinitagoya.com.ar\/v1\/#\/schema\/person\/d4cf9c413d4f6edb24aabdccab49ca4a"},"headline":"Adri\u00e1n Cesario representar\u00e1 a Goya en el Sudamericano de Fisicoculturismo","datePublished":"2025-09-11T20:37:32+00:00","mainEntityOfPage":{"@id":"https:\/\/radioinfinitagoya.com.ar\/v1\/2025\/09\/11\/adrian-cesario-representara-a-goya-en-el-sudamericano-de-fisicoculturismo\/"},"wordCount":731,"publisher":{"@id":"https:\/\/radioinfinitagoya.com.ar\/v1\/#organization"},"image":{"@id":"https:\/\/radioinfinitagoya.com.ar\/v1\/2025\/09\/11\/adrian-cesario-representara-a-goya-en-el-sudamericano-de-fisicoculturismo\/#primaryimage"},"thumbnailUrl":"https:\/\/radioinfinitagoya.com.ar\/v1\/wp-content\/uploads\/2025\/09\/cesario.jpg","articleSection":["LOCALES"],"inLanguage":"es-AR"},{"@type":"WebPage","@id":"https:\/\/radioinfinitagoya.com.ar\/v1\/2025\/09\/11\/adrian-cesario-representara-a-goya-en-el-sudamericano-de-fisicoculturismo\/","url":"https:\/\/radioinfinitagoya.com.ar\/v1\/2025\/09\/11\/adrian-cesario-representara-a-goya-en-el-sudamericano-de-fisicoculturismo\/","name":"Adri\u00e1n Cesario representar\u00e1 a Goya en el Sudamericano de Fisicoculturismo - Radio Infinita Goya","isPartOf":{"@id":"https:\/\/radioinfinitagoya.com.ar\/v1\/#website"},"primaryImageOfPage":{"@id":"https:\/\/radioinfinitagoya.com.ar\/v1\/2025\/09\/11\/adrian-cesario-representara-a-goya-en-el-sudamericano-de-fisicoculturismo\/#primaryimage"},"image":{"@id":"https:\/\/radioinfinitagoya.com.ar\/v1\/2025\/09\/11\/adrian-cesario-representara-a-goya-en-el-sudamericano-de-fisicoculturismo\/#primaryimage"},"thumbnailUrl":"https:\/\/radioinfinitagoya.com.ar\/v1\/wp-content\/uploads\/2025\/09\/cesario.jpg","datePublished":"2025-09-11T20:37:32+00:00","description":"El fisicoculturista goyano Adri\u00e1n Cesario se prepara para uno de los desaf\u00edos m\u00e1s importantes de su carrera: competir en el Sudamericano de","breadcrumb":{"@id":"https:\/\/radioinfinitagoya.com.ar\/v1\/2025\/09\/11\/adrian-cesario-representara-a-goya-en-el-sudamericano-de-fisicoculturismo\/#breadcrumb"},"inLanguage":"es-AR","potentialAction":[{"@type":"ReadAction","target":["https:\/\/radioinfinitagoya.com.ar\/v1\/2025\/09\/11\/adrian-cesario-representara-a-goya-en-el-sudamericano-de-fisicoculturismo\/"]}]},{"@type":"ImageObject","inLanguage":"es-AR","@id":"https:\/\/radioinfinitagoya.com.ar\/v1\/2025\/09\/11\/adrian-cesario-representara-a-goya-en-el-sudamericano-de-fisicoculturismo\/#primaryimage","url":"https:\/\/radioinfinitagoya.com.ar\/v1\/wp-content\/uploads\/2025\/09\/cesario.jpg","contentUrl":"https:\/\/radioinfinitagoya.com.ar\/v1\/wp-content\/uploads\/2025\/09\/cesario.jpg","width":848,"height":477},{"@type":"BreadcrumbList","@id":"https:\/\/radioinfinitagoya.com.ar\/v1\/2025\/09\/11\/adrian-cesario-representara-a-goya-en-el-sudamericano-de-fisicoculturismo\/#breadcrumb","itemListElement":[{"@type":"ListItem","position":1,"name":"Inicio","item":"https:\/\/radioinfinitagoya.com.ar\/v1\/"},{"@type":"ListItem","position":2,"name":"Adri\u00e1n Cesario representar\u00e1 a Goya en el Sudamericano de Fisicoculturismo"}]},{"@type":"WebSite","@id":"https:\/\/radioinfinitagoya.com.ar\/v1\/#website","url":"https:\/\/radioinfinitagoya.com.ar\/v1\/","name":"radioinfinitagoya.com.ar","description":"Radio de noticias","publisher":{"@id":"https:\/\/radioinfinitagoya.com.ar\/v1\/#organization"},"potentialAction":[{"@type":"SearchAction","target":{"@type":"EntryPoint","urlTemplate":"https:\/\/radioinfinitagoya.com.ar\/v1\/?s={search_term_string}"},"query-input":{"@type":"PropertyValueSpecification","valueRequired":true,"valueName":"search_term_string"}}],"inLanguage":"es-AR"},{"@type":"Organization","@id":"https:\/\/radioinfinitagoya.com.ar\/v1\/#organization","name":"Radio Infinita Goya","url":"https:\/\/radioinfinitagoya.com.ar\/v1\/","logo":{"@type":"ImageObject","inLanguage":"es-AR","@id":"https:\/\/radioinfinitagoya.com.ar\/v1\/#\/schema\/logo\/image\/","url":"https:\/\/radioinfinitagoya.com.ar\/v1\/wp-content\/uploads\/2019\/11\/logo-pie-web.png","contentUrl":"https:\/\/radioinfinitagoya.com.ar\/v1\/wp-content\/uploads\/2019\/11\/logo-pie-web.png","width":635,"height":326,"caption":"Radio Infinita Goya"},"image":{"@id":"https:\/\/radioinfinitagoya.com.ar\/v1\/#\/schema\/logo\/image\/"},"sameAs":["https:\/\/www.facebook.com\/p\/Infinita-Goya-100063870918311\/"]},{"@type":"Person","@id":"https:\/\/radioinfinitagoya.com.ar\/v1\/#\/schema\/person\/d4cf9c413d4f6edb24aabdccab49ca4a","name":"Jorge Mi\u00f1o","image":{"@type":"ImageObject","inLanguage":"es-AR","@id":"https:\/\/secure.gravatar.com\/avatar\/910fcf6728fe95320e07a6643c1581fec1c7fc4bf8ae12e3d8f0d0373dc844be?s=96&d=mm&r=g","url":"https:\/\/secure.gravatar.com\/avatar\/910fcf6728fe95320e07a6643c1581fec1c7fc4bf8ae12e3d8f0d0373dc844be?s=96&d=mm&r=g","contentUrl":"https:\/\/secure.gravatar.com\/avatar\/910fcf6728fe95320e07a6643c1581fec1c7fc4bf8ae12e3d8f0d0373dc844be?s=96&d=mm&r=g","caption":"Jorge Mi\u00f1o"},"sameAs":["http:\/\/radioinfinitagoya.com.ar"]}]}},"_links":{"self":[{"href":"https:\/\/radioinfinitagoya.com.ar\/v1\/wp-json\/wp\/v2\/posts\/195745","targetHints":{"allow":["GET"]}}],"collection":[{"href":"https:\/\/radioinfinitagoya.com.ar\/v1\/wp-json\/wp\/v2\/posts"}],"about":[{"href":"https:\/\/radioinfinitagoya.com.ar\/v1\/wp-json\/wp\/v2\/types\/post"}],"author":[{"embeddable":true,"href":"https:\/\/radioinfinitagoya.com.ar\/v1\/wp-json\/wp\/v2\/users\/4"}],"replies":[{"embeddable":true,"href":"https:\/\/radioinfinitagoya.com.ar\/v1\/wp-json\/wp\/v2\/comments?post=195745"}],"version-history":[{"count":0,"href":"https:\/\/radioinfinitagoya.com.ar\/v1\/wp-json\/wp\/v2\/posts\/195745\/revisions"}],"wp:featuredmedia":[{"embeddable":true,"href":"https:\/\/radioinfinitagoya.com.ar\/v1\/wp-json\/wp\/v2\/media\/195746"}],"wp:attachment":[{"href":"https:\/\/radioinfinitagoya.com.ar\/v1\/wp-json\/wp\/v2\/media?parent=195745"}],"wp:term":[{"taxonomy":"category","embeddable":true,"href":"https:\/\/radioinfinitagoya.com.ar\/v1\/wp-json\/wp\/v2\/categories?post=195745"},{"taxonomy":"post_tag","embeddable":true,"href":"https:\/\/radioinfinitagoya.com.ar\/v1\/wp-json\/wp\/v2\/tags?post=195745"}],"curies":[{"name":"wp","href":"https:\/\/api.w.org\/{rel}","templated":true}]}}