{"id":195748,"date":"2025-09-11T17:40:44","date_gmt":"2025-09-11T20:40:44","guid":{"rendered":"https:\/\/radioinfinitagoya.com.ar\/v1\/?p=195748"},"modified":"2025-09-11T17:40:44","modified_gmt":"2025-09-11T20:40:44","slug":"goya-todo-el-ano","status":"publish","type":"post","link":"https:\/\/radioinfinitagoya.com.ar\/v1\/2025\/09\/11\/goya-todo-el-ano\/","title":{"rendered":"\u201cGoya todo el a\u00f1o\u201d"},"content":{"rendered":"<p>Expectativa entre la comunidad educativa de Goya por nuestra itinerante: El turismo de Goya va a la Escuela<\/p>\n<p>En el marco del programa Itinerante \u201cEl turismo de Goya va a la escuela\u201d, el secretario de esta repartici\u00f3n, Sebasti\u00e1n Candia, analiz\u00f3 los alcances de esta iniciativa municipal para alentar la industria sin chimenea.<\/p>\n<p>El programa es una propuesta innovadora que propone incentivar la circulaci\u00f3n de datos tur\u00edsticos y culturales integrando tecnolog\u00edas a trav\u00e9s de trabajos audiovisuales que permite sumergirse en distintos escenarios con el fin de generar nuevas miradas y revalorizaciones del patrimonio tur\u00edstico regional.<\/p>\n<p>Desde el mes de agosto que los establecimientos escolares primarios y secundarios reciben la visita de los operadores de la secretar\u00eda de Turismo. All\u00ed el alumnado recibe charlas y talleres informativos acerca de las bondades y alternativas que posee el turismo regional.<\/p>\n<p>Respecto a la innovadora propuesta, Candia se\u00f1al\u00f3: \u201cIniciamos una campa\u00f1a visitando las escuelas a trav\u00e9s de un proyecto que presentamos el a\u00f1o pasado en donde recibimos fondos nacionales para modernizar la comunicaci\u00f3n tur\u00edstica. Presentamos un proyecto y salimos beneficiados entre 300 municipios. Recibimos un fondo espec\u00edfico para la incorporaci\u00f3n de tecnolog\u00eda y nosotros pudimos comprar unas pantallas que se est\u00e1n moviendo por todas las escuelas. Con esta herramienta nos acercamos a los alumnos y tuvimos una aceptaci\u00f3n inmediata de todos los directivos, as\u00ed que vaya un agradecimiento para todos ellos\u201d reconoci\u00f3 Candia.<\/p>\n<p>La grilla de visitas incluye la organizaci\u00f3n de charlas en m\u00e1s de 30 instituciones de la ciudad y el campo \u201ctuvimos un alcance de 2.500 alumnos contando las bondades que posee nuestra zona a nivel hist\u00f3rico cultural, natural, cantidad y calidad de eventos, servicios tur\u00edsticos y mitolog\u00eda de la regi\u00f3n\u201d enumer\u00f3.<\/p>\n<p>\u201cB\u00e1sicamente buscamos afianzar nuestra identidad e ir forjando peque\u00f1os comunicadores y operadores tur\u00edsticos, as\u00ed que fue una experiencia muy linda\u201d.<\/p>\n<p>Invit\u00f3 a los alumnos que ya tuvieron la charla y que se quedaron con ganas de fijar conceptos o profundizar en la materia a asistir a los city tour organizados por la secretar\u00eda de Turismo, acompa\u00f1ados por los gu\u00edas urbanos con que cuenta la ciudad.<\/p>\n<p>\u00bfC\u00d3MO SOLICITAR LA VISITA DEL PROGRAMA ITINERANTE?<\/p>\n<p>\u201cTenemos que potenciar la calidad de la grilla de espect\u00e1culos que tiene Goya. Tenemos que mejorar la comunicaci\u00f3n para potenciar la convocatoria de cada uno de estos eventos\u201d cerr\u00f3.<\/p>\n<p>Los pedidos para que sean visitadas las instituciones educativas pueden realizarse a trav\u00e9s de:<\/p>\n<p>CONTACTO<\/p>\n<p>3777-627416 Oficina de informes tur\u00edsticos<\/p>\n<p>oficinaturismogoya@gmail.com<\/p>\n","protected":false},"excerpt":{"rendered":"<p>Expectativa entre la comunidad educativa de Goya por nuestra itinerante: El turismo de Goya va a la Escuela En el marco del programa Itinerante \u201cEl turismo de Goya va a la escuela\u201d, el secretario de esta repartici\u00f3n, Sebasti\u00e1n Candia, analiz\u00f3 los alcances de esta iniciativa municipal para alentar la industria sin chimenea. El programa es [&hellip;]<\/p>\n","protected":false},"author":4,"featured_media":195749,"comment_status":"closed","ping_status":"closed","sticky":false,"template":"","format":"standard","meta":{"_joinchat":[],"footnotes":""},"categories":[27],"tags":[],"class_list":{"0":"post-195748","1":"post","2":"type-post","3":"status-publish","4":"format-standard","5":"has-post-thumbnail","7":"category-locales"},"yoast_head":"<!-- This site is optimized with the Yoast SEO plugin v27.2 - https:\/\/yoast.com\/product\/yoast-seo-wordpress\/ -->\n<title>\u201cGoya todo el a\u00f1o\u201d - Radio Infinita Goya<\/title>\n<meta name=\"description\" content=\"Expectativa entre la comunidad educativa de Goya por nuestra itinerante: El turismo de Goya va a la Escuela En el marco del programa Itinerante \u201cEl\" \/>\n<meta name=\"robots\" content=\"index, follow, max-snippet:-1, max-image-preview:large, max-video-preview:-1\" \/>\n<link rel=\"canonical\" href=\"https:\/\/radioinfinitagoya.com.ar\/v1\/2025\/09\/11\/goya-todo-el-ano\/\" \/>\n<meta property=\"og:locale\" content=\"es_ES\" \/>\n<meta property=\"og:type\" content=\"article\" \/>\n<meta property=\"og:title\" content=\"\u201cGoya todo el a\u00f1o\u201d - Radio Infinita Goya\" \/>\n<meta property=\"og:description\" content=\"Expectativa entre la comunidad educativa de Goya por nuestra itinerante: El turismo de Goya va a la Escuela En el marco del programa Itinerante \u201cEl\" \/>\n<meta property=\"og:url\" content=\"https:\/\/radioinfinitagoya.com.ar\/v1\/2025\/09\/11\/goya-todo-el-ano\/\" \/>\n<meta property=\"og:site_name\" content=\"Radio Infinita Goya\" \/>\n<meta property=\"article:publisher\" content=\"https:\/\/www.facebook.com\/p\/Infinita-Goya-100063870918311\/\" \/>\n<meta property=\"article:published_time\" content=\"2025-09-11T20:40:44+00:00\" \/>\n<meta property=\"og:image\" content=\"https:\/\/radioinfinitagoya.com.ar\/v1\/wp-content\/uploads\/2025\/09\/TURISMO_VA_A_LA_ESCUELA.jpg\" \/>\n\t<meta property=\"og:image:width\" content=\"768\" \/>\n\t<meta property=\"og:image:height\" content=\"960\" \/>\n\t<meta property=\"og:image:type\" content=\"image\/jpeg\" \/>\n<meta name=\"author\" content=\"Jorge Mi\u00f1o\" \/>\n<meta name=\"twitter:card\" content=\"summary_large_image\" \/>\n<meta name=\"twitter:label1\" content=\"Escrito por\" \/>\n\t<meta name=\"twitter:data1\" content=\"Jorge Mi\u00f1o\" \/>\n\t<meta name=\"twitter:label2\" content=\"Tiempo de lectura\" \/>\n\t<meta name=\"twitter:data2\" content=\"3 minutos\" \/>\n<script type=\"application\/ld+json\" class=\"yoast-schema-graph\">{\"@context\":\"https:\/\/schema.org\",\"@graph\":[{\"@type\":\"Article\",\"@id\":\"https:\/\/radioinfinitagoya.com.ar\/v1\/2025\/09\/11\/goya-todo-el-ano\/#article\",\"isPartOf\":{\"@id\":\"https:\/\/radioinfinitagoya.com.ar\/v1\/2025\/09\/11\/goya-todo-el-ano\/\"},\"author\":{\"name\":\"Jorge Mi\u00f1o\",\"@id\":\"https:\/\/radioinfinitagoya.com.ar\/v1\/#\/schema\/person\/d4cf9c413d4f6edb24aabdccab49ca4a\"},\"headline\":\"\u201cGoya todo el a\u00f1o\u201d\",\"datePublished\":\"2025-09-11T20:40:44+00:00\",\"mainEntityOfPage\":{\"@id\":\"https:\/\/radioinfinitagoya.com.ar\/v1\/2025\/09\/11\/goya-todo-el-ano\/\"},\"wordCount\":441,\"publisher\":{\"@id\":\"https:\/\/radioinfinitagoya.com.ar\/v1\/#organization\"},\"image\":{\"@id\":\"https:\/\/radioinfinitagoya.com.ar\/v1\/2025\/09\/11\/goya-todo-el-ano\/#primaryimage\"},\"thumbnailUrl\":\"https:\/\/radioinfinitagoya.com.ar\/v1\/wp-content\/uploads\/2025\/09\/TURISMO_VA_A_LA_ESCUELA.jpg\",\"articleSection\":[\"LOCALES\"],\"inLanguage\":\"es-AR\"},{\"@type\":\"WebPage\",\"@id\":\"https:\/\/radioinfinitagoya.com.ar\/v1\/2025\/09\/11\/goya-todo-el-ano\/\",\"url\":\"https:\/\/radioinfinitagoya.com.ar\/v1\/2025\/09\/11\/goya-todo-el-ano\/\",\"name\":\"\u201cGoya todo el a\u00f1o\u201d - Radio Infinita Goya\",\"isPartOf\":{\"@id\":\"https:\/\/radioinfinitagoya.com.ar\/v1\/#website\"},\"primaryImageOfPage\":{\"@id\":\"https:\/\/radioinfinitagoya.com.ar\/v1\/2025\/09\/11\/goya-todo-el-ano\/#primaryimage\"},\"image\":{\"@id\":\"https:\/\/radioinfinitagoya.com.ar\/v1\/2025\/09\/11\/goya-todo-el-ano\/#primaryimage\"},\"thumbnailUrl\":\"https:\/\/radioinfinitagoya.com.ar\/v1\/wp-content\/uploads\/2025\/09\/TURISMO_VA_A_LA_ESCUELA.jpg\",\"datePublished\":\"2025-09-11T20:40:44+00:00\",\"description\":\"Expectativa entre la comunidad educativa de Goya por nuestra itinerante: El turismo de Goya va a la Escuela En el marco del programa Itinerante \u201cEl\",\"breadcrumb\":{\"@id\":\"https:\/\/radioinfinitagoya.com.ar\/v1\/2025\/09\/11\/goya-todo-el-ano\/#breadcrumb\"},\"inLanguage\":\"es-AR\",\"potentialAction\":[{\"@type\":\"ReadAction\",\"target\":[\"https:\/\/radioinfinitagoya.com.ar\/v1\/2025\/09\/11\/goya-todo-el-ano\/\"]}]},{\"@type\":\"ImageObject\",\"inLanguage\":\"es-AR\",\"@id\":\"https:\/\/radioinfinitagoya.com.ar\/v1\/2025\/09\/11\/goya-todo-el-ano\/#primaryimage\",\"url\":\"https:\/\/radioinfinitagoya.com.ar\/v1\/wp-content\/uploads\/2025\/09\/TURISMO_VA_A_LA_ESCUELA.jpg\",\"contentUrl\":\"https:\/\/radioinfinitagoya.com.ar\/v1\/wp-content\/uploads\/2025\/09\/TURISMO_VA_A_LA_ESCUELA.jpg\",\"width\":768,\"height\":960},{\"@type\":\"BreadcrumbList\",\"@id\":\"https:\/\/radioinfinitagoya.com.ar\/v1\/2025\/09\/11\/goya-todo-el-ano\/#breadcrumb\",\"itemListElement\":[{\"@type\":\"ListItem\",\"position\":1,\"name\":\"Inicio\",\"item\":\"https:\/\/radioinfinitagoya.com.ar\/v1\/\"},{\"@type\":\"ListItem\",\"position\":2,\"name\":\"\u201cGoya todo el a\u00f1o\u201d\"}]},{\"@type\":\"WebSite\",\"@id\":\"https:\/\/radioinfinitagoya.com.ar\/v1\/#website\",\"url\":\"https:\/\/radioinfinitagoya.com.ar\/v1\/\",\"name\":\"radioinfinitagoya.com.ar\",\"description\":\"Radio de noticias\",\"publisher\":{\"@id\":\"https:\/\/radioinfinitagoya.com.ar\/v1\/#organization\"},\"potentialAction\":[{\"@type\":\"SearchAction\",\"target\":{\"@type\":\"EntryPoint\",\"urlTemplate\":\"https:\/\/radioinfinitagoya.com.ar\/v1\/?s={search_term_string}\"},\"query-input\":{\"@type\":\"PropertyValueSpecification\",\"valueRequired\":true,\"valueName\":\"search_term_string\"}}],\"inLanguage\":\"es-AR\"},{\"@type\":\"Organization\",\"@id\":\"https:\/\/radioinfinitagoya.com.ar\/v1\/#organization\",\"name\":\"Radio Infinita Goya\",\"url\":\"https:\/\/radioinfinitagoya.com.ar\/v1\/\",\"logo\":{\"@type\":\"ImageObject\",\"inLanguage\":\"es-AR\",\"@id\":\"https:\/\/radioinfinitagoya.com.ar\/v1\/#\/schema\/logo\/image\/\",\"url\":\"https:\/\/radioinfinitagoya.com.ar\/v1\/wp-content\/uploads\/2019\/11\/logo-pie-web.png\",\"contentUrl\":\"https:\/\/radioinfinitagoya.com.ar\/v1\/wp-content\/uploads\/2019\/11\/logo-pie-web.png\",\"width\":635,\"height\":326,\"caption\":\"Radio Infinita Goya\"},\"image\":{\"@id\":\"https:\/\/radioinfinitagoya.com.ar\/v1\/#\/schema\/logo\/image\/\"},\"sameAs\":[\"https:\/\/www.facebook.com\/p\/Infinita-Goya-100063870918311\/\"]},{\"@type\":\"Person\",\"@id\":\"https:\/\/radioinfinitagoya.com.ar\/v1\/#\/schema\/person\/d4cf9c413d4f6edb24aabdccab49ca4a\",\"name\":\"Jorge Mi\u00f1o\",\"image\":{\"@type\":\"ImageObject\",\"inLanguage\":\"es-AR\",\"@id\":\"https:\/\/secure.gravatar.com\/avatar\/910fcf6728fe95320e07a6643c1581fec1c7fc4bf8ae12e3d8f0d0373dc844be?s=96&d=mm&r=g\",\"url\":\"https:\/\/secure.gravatar.com\/avatar\/910fcf6728fe95320e07a6643c1581fec1c7fc4bf8ae12e3d8f0d0373dc844be?s=96&d=mm&r=g\",\"contentUrl\":\"https:\/\/secure.gravatar.com\/avatar\/910fcf6728fe95320e07a6643c1581fec1c7fc4bf8ae12e3d8f0d0373dc844be?s=96&d=mm&r=g\",\"caption\":\"Jorge Mi\u00f1o\"},\"sameAs\":[\"http:\/\/radioinfinitagoya.com.ar\"]}]}<\/script>\n<!-- \/ Yoast SEO plugin. -->","yoast_head_json":{"title":"\u201cGoya todo el a\u00f1o\u201d - Radio Infinita Goya","description":"Expectativa entre la comunidad educativa de Goya por nuestra itinerante: El turismo de Goya va a la Escuela En el marco del programa Itinerante \u201cEl","robots":{"index":"index","follow":"follow","max-snippet":"max-snippet:-1","max-image-preview":"max-image-preview:large","max-video-preview":"max-video-preview:-1"},"canonical":"https:\/\/radioinfinitagoya.com.ar\/v1\/2025\/09\/11\/goya-todo-el-ano\/","og_locale":"es_ES","og_type":"article","og_title":"\u201cGoya todo el a\u00f1o\u201d - Radio Infinita Goya","og_description":"Expectativa entre la comunidad educativa de Goya por nuestra itinerante: El turismo de Goya va a la Escuela En el marco del programa Itinerante \u201cEl","og_url":"https:\/\/radioinfinitagoya.com.ar\/v1\/2025\/09\/11\/goya-todo-el-ano\/","og_site_name":"Radio Infinita Goya","article_publisher":"https:\/\/www.facebook.com\/p\/Infinita-Goya-100063870918311\/","article_published_time":"2025-09-11T20:40:44+00:00","og_image":[{"width":768,"height":960,"url":"https:\/\/radioinfinitagoya.com.ar\/v1\/wp-content\/uploads\/2025\/09\/TURISMO_VA_A_LA_ESCUELA.jpg","type":"image\/jpeg"}],"author":"Jorge Mi\u00f1o","twitter_card":"summary_large_image","twitter_misc":{"Escrito por":"Jorge Mi\u00f1o","Tiempo de lectura":"3 minutos"},"schema":{"@context":"https:\/\/schema.org","@graph":[{"@type":"Article","@id":"https:\/\/radioinfinitagoya.com.ar\/v1\/2025\/09\/11\/goya-todo-el-ano\/#article","isPartOf":{"@id":"https:\/\/radioinfinitagoya.com.ar\/v1\/2025\/09\/11\/goya-todo-el-ano\/"},"author":{"name":"Jorge Mi\u00f1o","@id":"https:\/\/radioinfinitagoya.com.ar\/v1\/#\/schema\/person\/d4cf9c413d4f6edb24aabdccab49ca4a"},"headline":"\u201cGoya todo el a\u00f1o\u201d","datePublished":"2025-09-11T20:40:44+00:00","mainEntityOfPage":{"@id":"https:\/\/radioinfinitagoya.com.ar\/v1\/2025\/09\/11\/goya-todo-el-ano\/"},"wordCount":441,"publisher":{"@id":"https:\/\/radioinfinitagoya.com.ar\/v1\/#organization"},"image":{"@id":"https:\/\/radioinfinitagoya.com.ar\/v1\/2025\/09\/11\/goya-todo-el-ano\/#primaryimage"},"thumbnailUrl":"https:\/\/radioinfinitagoya.com.ar\/v1\/wp-content\/uploads\/2025\/09\/TURISMO_VA_A_LA_ESCUELA.jpg","articleSection":["LOCALES"],"inLanguage":"es-AR"},{"@type":"WebPage","@id":"https:\/\/radioinfinitagoya.com.ar\/v1\/2025\/09\/11\/goya-todo-el-ano\/","url":"https:\/\/radioinfinitagoya.com.ar\/v1\/2025\/09\/11\/goya-todo-el-ano\/","name":"\u201cGoya todo el a\u00f1o\u201d - Radio Infinita Goya","isPartOf":{"@id":"https:\/\/radioinfinitagoya.com.ar\/v1\/#website"},"primaryImageOfPage":{"@id":"https:\/\/radioinfinitagoya.com.ar\/v1\/2025\/09\/11\/goya-todo-el-ano\/#primaryimage"},"image":{"@id":"https:\/\/radioinfinitagoya.com.ar\/v1\/2025\/09\/11\/goya-todo-el-ano\/#primaryimage"},"thumbnailUrl":"https:\/\/radioinfinitagoya.com.ar\/v1\/wp-content\/uploads\/2025\/09\/TURISMO_VA_A_LA_ESCUELA.jpg","datePublished":"2025-09-11T20:40:44+00:00","description":"Expectativa entre la comunidad educativa de Goya por nuestra itinerante: El turismo de Goya va a la Escuela En el marco del programa Itinerante \u201cEl","breadcrumb":{"@id":"https:\/\/radioinfinitagoya.com.ar\/v1\/2025\/09\/11\/goya-todo-el-ano\/#breadcrumb"},"inLanguage":"es-AR","potentialAction":[{"@type":"ReadAction","target":["https:\/\/radioinfinitagoya.com.ar\/v1\/2025\/09\/11\/goya-todo-el-ano\/"]}]},{"@type":"ImageObject","inLanguage":"es-AR","@id":"https:\/\/radioinfinitagoya.com.ar\/v1\/2025\/09\/11\/goya-todo-el-ano\/#primaryimage","url":"https:\/\/radioinfinitagoya.com.ar\/v1\/wp-content\/uploads\/2025\/09\/TURISMO_VA_A_LA_ESCUELA.jpg","contentUrl":"https:\/\/radioinfinitagoya.com.ar\/v1\/wp-content\/uploads\/2025\/09\/TURISMO_VA_A_LA_ESCUELA.jpg","width":768,"height":960},{"@type":"BreadcrumbList","@id":"https:\/\/radioinfinitagoya.com.ar\/v1\/2025\/09\/11\/goya-todo-el-ano\/#breadcrumb","itemListElement":[{"@type":"ListItem","position":1,"name":"Inicio","item":"https:\/\/radioinfinitagoya.com.ar\/v1\/"},{"@type":"ListItem","position":2,"name":"\u201cGoya todo el a\u00f1o\u201d"}]},{"@type":"WebSite","@id":"https:\/\/radioinfinitagoya.com.ar\/v1\/#website","url":"https:\/\/radioinfinitagoya.com.ar\/v1\/","name":"radioinfinitagoya.com.ar","description":"Radio de noticias","publisher":{"@id":"https:\/\/radioinfinitagoya.com.ar\/v1\/#organization"},"potentialAction":[{"@type":"SearchAction","target":{"@type":"EntryPoint","urlTemplate":"https:\/\/radioinfinitagoya.com.ar\/v1\/?s={search_term_string}"},"query-input":{"@type":"PropertyValueSpecification","valueRequired":true,"valueName":"search_term_string"}}],"inLanguage":"es-AR"},{"@type":"Organization","@id":"https:\/\/radioinfinitagoya.com.ar\/v1\/#organization","name":"Radio Infinita Goya","url":"https:\/\/radioinfinitagoya.com.ar\/v1\/","logo":{"@type":"ImageObject","inLanguage":"es-AR","@id":"https:\/\/radioinfinitagoya.com.ar\/v1\/#\/schema\/logo\/image\/","url":"https:\/\/radioinfinitagoya.com.ar\/v1\/wp-content\/uploads\/2019\/11\/logo-pie-web.png","contentUrl":"https:\/\/radioinfinitagoya.com.ar\/v1\/wp-content\/uploads\/2019\/11\/logo-pie-web.png","width":635,"height":326,"caption":"Radio Infinita Goya"},"image":{"@id":"https:\/\/radioinfinitagoya.com.ar\/v1\/#\/schema\/logo\/image\/"},"sameAs":["https:\/\/www.facebook.com\/p\/Infinita-Goya-100063870918311\/"]},{"@type":"Person","@id":"https:\/\/radioinfinitagoya.com.ar\/v1\/#\/schema\/person\/d4cf9c413d4f6edb24aabdccab49ca4a","name":"Jorge Mi\u00f1o","image":{"@type":"ImageObject","inLanguage":"es-AR","@id":"https:\/\/secure.gravatar.com\/avatar\/910fcf6728fe95320e07a6643c1581fec1c7fc4bf8ae12e3d8f0d0373dc844be?s=96&d=mm&r=g","url":"https:\/\/secure.gravatar.com\/avatar\/910fcf6728fe95320e07a6643c1581fec1c7fc4bf8ae12e3d8f0d0373dc844be?s=96&d=mm&r=g","contentUrl":"https:\/\/secure.gravatar.com\/avatar\/910fcf6728fe95320e07a6643c1581fec1c7fc4bf8ae12e3d8f0d0373dc844be?s=96&d=mm&r=g","caption":"Jorge Mi\u00f1o"},"sameAs":["http:\/\/radioinfinitagoya.com.ar"]}]}},"_links":{"self":[{"href":"https:\/\/radioinfinitagoya.com.ar\/v1\/wp-json\/wp\/v2\/posts\/195748","targetHints":{"allow":["GET"]}}],"collection":[{"href":"https:\/\/radioinfinitagoya.com.ar\/v1\/wp-json\/wp\/v2\/posts"}],"about":[{"href":"https:\/\/radioinfinitagoya.com.ar\/v1\/wp-json\/wp\/v2\/types\/post"}],"author":[{"embeddable":true,"href":"https:\/\/radioinfinitagoya.com.ar\/v1\/wp-json\/wp\/v2\/users\/4"}],"replies":[{"embeddable":true,"href":"https:\/\/radioinfinitagoya.com.ar\/v1\/wp-json\/wp\/v2\/comments?post=195748"}],"version-history":[{"count":0,"href":"https:\/\/radioinfinitagoya.com.ar\/v1\/wp-json\/wp\/v2\/posts\/195748\/revisions"}],"wp:featuredmedia":[{"embeddable":true,"href":"https:\/\/radioinfinitagoya.com.ar\/v1\/wp-json\/wp\/v2\/media\/195749"}],"wp:attachment":[{"href":"https:\/\/radioinfinitagoya.com.ar\/v1\/wp-json\/wp\/v2\/media?parent=195748"}],"wp:term":[{"taxonomy":"category","embeddable":true,"href":"https:\/\/radioinfinitagoya.com.ar\/v1\/wp-json\/wp\/v2\/categories?post=195748"},{"taxonomy":"post_tag","embeddable":true,"href":"https:\/\/radioinfinitagoya.com.ar\/v1\/wp-json\/wp\/v2\/tags?post=195748"}],"curies":[{"name":"wp","href":"https:\/\/api.w.org\/{rel}","templated":true}]}}