{"id":195751,"date":"2025-09-11T17:44:10","date_gmt":"2025-09-11T20:44:10","guid":{"rendered":"https:\/\/radioinfinitagoya.com.ar\/v1\/?p=195751"},"modified":"2025-09-11T17:44:10","modified_gmt":"2025-09-11T20:44:10","slug":"intendente-hormaechea-presidio-el-acto-central-por-el-dia-del-maestro","status":"publish","type":"post","link":"https:\/\/radioinfinitagoya.com.ar\/v1\/2025\/09\/11\/intendente-hormaechea-presidio-el-acto-central-por-el-dia-del-maestro\/","title":{"rendered":"Intendente Hormaechea presidi\u00f3 el Acto Central por el D\u00eda del Maestro"},"content":{"rendered":"<p>137 A\u00f1os del fallecimiento de Sarmiento<\/p>\n<p><img loading=\"lazy\" decoding=\"async\" class=\"alignnone size-full wp-image-195752\" src=\"https:\/\/radioinfinitagoya.com.ar\/v1\/wp-content\/uploads\/2025\/09\/sarmiento_5.jpeg\" alt=\"\" width=\"1600\" height=\"900\" srcset=\"https:\/\/radioinfinitagoya.com.ar\/v1\/wp-content\/uploads\/2025\/09\/sarmiento_5.jpeg 1600w, https:\/\/radioinfinitagoya.com.ar\/v1\/wp-content\/uploads\/2025\/09\/sarmiento_5-696x392.jpeg 696w, https:\/\/radioinfinitagoya.com.ar\/v1\/wp-content\/uploads\/2025\/09\/sarmiento_5-1068x601.jpeg 1068w, https:\/\/radioinfinitagoya.com.ar\/v1\/wp-content\/uploads\/2025\/09\/sarmiento_5-747x420.jpeg 747w\" sizes=\"auto, (max-width: 1600px) 100vw, 1600px\" \/><\/p>\n<p>En un emotivo acto central celebrado en la ma\u00f1ana de este jueves 11 de septiembre en conmemoraci\u00f3n del D\u00eda del Maestro y el 137\u00b0 Aniversario del Fallecimiento de Domingo Faustino Sarmiento \u201cEl Padre del Aula\u201d, autoridades de nuestra ciudad de Goya y representantes de diversas instituciones rindieron homenaje al gran educador argentino.<\/p>\n<p>En esta fecha se cumplen 137 a\u00f1os de la muerte de Domingo Faustino Sarmiento \u201cEl Padre del Aula\u201d, quien fuera el referente educativo de una \u00e9poca y Presidente Argentino entre 1868 y 1874. El 11 de septiembre se celebra el D\u00eda del Maestro, rindiendo homenaje a un hombre que se caracteriz\u00f3 por la acci\u00f3n de su pensamiento puesto al servicio de la educaci\u00f3n del pueblo.<\/p>\n<p>Presidi\u00f3 el acto el Intendente Municipal de Goya doctor Mariano Hormaechea acompa\u00f1ado por la Presidente de la Asociaci\u00f3n de Mutual de Maestros y Biblioteca Popular Domingo Faustino Sarmiento, profesora Marisa B\u00e1ez; Vicepresidente 2\u00b0 HCD Vivian Merlo; Secretaria de Educaci\u00f3n Sonia Espina; Jefe del Ej\u00e9rcito Argentino del Batall\u00f3n de Ingeniero de Montes 12 con asiento en nuestra ciudad, Teniente Coronel Sergio Ortiz; Jefe de la Prefectura Goya, Prefecto Waldir Reynaldo Nacke; en representaci\u00f3n de la URII Comisario Eduardo G\u00f3mez, en representaci\u00f3n del Servicio Penitenciario Unida Penal N\u00b08 los adjutores Federico Sc\u00f3fano y Omar Aquino; Directivos de Establecimientos Educativos, Docentes, Alumnos, concejales y funcionarios municipales.<\/p>\n<p>El 11 de septiembre es el d\u00eda de la desaparici\u00f3n f\u00edsica de Sarmiento, celebramos el d\u00eda del maestro, rindiendo homenaje a un hombre que se caracteriz\u00f3 por la acci\u00f3n de su pensamiento puesto al servicio de la educaci\u00f3n del pueblo, en todo estaba su esp\u00edritu de maestro que pensaba en los ni\u00f1os como la fuerza indiscutible de la Patria misma.<\/p>\n<p>Celebramos la capacidad de los docentes para construir un v\u00ednculo pedag\u00f3gico basado en el afecto, el respeto y la confianza. Un buen maestro no solo transmite conocimientos; de una huella, inspira, abre puertas y, a veces, cambia vidas.<\/p>\n<p>En esta fecha donde tambi\u00e9n se cumple 114 a\u00f1os de la Asociaci\u00f3n de Maestros y Biblioteca Popular Sarmiento. La centenaria biblioteca fue concebida y concretada por un grupo de docentes visionarios en 1908 quienes constituyeron la Asociaci\u00f3n de Maestros de Goya presida por Osiris Lorenzo Gonz\u00e1lez. El 11 de septiembre de 1911 esta Asociaci\u00f3n crea la Biblioteca Popular con el objetivo contar material de estudio y formaci\u00f3n acad\u00e9mica precisamente en esta fecha que se conmemora el D\u00eda del Maestro.<\/p>\n<p>Dicha conmemoraci\u00f3n cont\u00f3 tambi\u00e9n con lengua de se\u00f1as a cargo de la profesora Paola Altamirano.<\/p>\n<p>Sus estrofas nos hablan del pueblo argentino, un pueblo que seg\u00fan las palabras de Domingo Faustino Sarmiento debe ser educado, porque de eso depende que las personas seamos libres, acompa\u00f1ados con los sones de la banda Puerto Argentino del Batall\u00f3n de Ingenieros de Montes 12 a cargo de su maestro de banda Teniente Esteban Alberto C\u00f3rdoba se entonaron la canci\u00f3n patria recordando que un pueblo es libre cuando defiende la educaci\u00f3n.<\/p>\n<p>VER\u00d3NICA BASSI<\/p>\n<p>En un mundo un poco triste necesitado de bondad, un rayo de luz subsiste mientras no depongamos la esperanza debemos mejorar los destinos de la humanidad, la profesora Mar\u00eda Ver\u00f3nica Bassi socia de la Biblioteca Popular \u201cDomingo F. Sarmiento\u201d pronunci\u00f3 su mensaje alusivo a esta fecha.<\/p>\n<p>\u201cHoy nos reunimos en una fecha de profundo significado, el 11 de septiembre celebramos en Argentina el D\u00eda del Maestro, evocando la figura de Domingo Faustino Sarmiento. Aquel maestro de Am\u00e9rica, que desbordante de contradicciones so\u00f1\u00f3 con una grandeza a partir de la educaci\u00f3n\u201d.<\/p>\n<p>\u201cSarmiento entendi\u00f3 que la escuela no era solamente un lugar donde se transmiten conocimientos, sino el espacio en el que se forjan ciudadanos libres, cr\u00edticos y comprometidos con el bien com\u00fan. La vida de Sarmiento nos dej\u00f3 un legado indiscutible, la convicci\u00f3n de que un pa\u00eds sin educaci\u00f3n es un pa\u00eds sin futuro\u201d.<\/p>\n<p>\u201cRepensando hoy su testimonio, merece un reconocimiento destacado, los docentes de este tiempo tan complejo. Ellos son quienes alientan y conducen la curiosidad y el deseo de millones de ni\u00f1os y j\u00f3venes, aquellos que ofrecen tiempo de contacto, de roce personal para buscar, pensar y dialogar con otros sobre el mundo\u201d.<\/p>\n<p>\u201cHoy tambi\u00e9n celebramos con orgullo el aniversario N\u00b0 114 de nuestra Biblioteca Popular Domingo Faustino Sarmiento, un faro cultural que desde hace m\u00e1s de 100 a\u00f1os acompa\u00f1a la vida de Goya\u201d.<\/p>\n<p>\u201cEsta casa de libros y saberes no es solo un edificio, es un coraz\u00f3n que late en el centro de nuestra comunidad, que nos recuerda cada d\u00eda que el conocimiento se comparte, se multiplica y se transmite de generaci\u00f3n en generaci\u00f3n. Muchas familias, como la m\u00eda, fomenta el disfrute de la lectura gracias al esfuerzo constante y silencioso de su valiosa comisi\u00f3n directiva\u201d.<\/p>\n<p>\u201cQuienes con compromiso y amor sostienen el espacio. Muchos j\u00f3venes goyanos encuentran en la lectura una compa\u00f1\u00eda, otros un refugio y todos una puerta abierta al mundo. Cada libro prestado, cada taller organizado. Cada actividad cultural impulsada desde nuestra biblioteca es una semilla en quienes se animan a leer y a so\u00f1ar\u201d.<\/p>\n<p>\u201cEn tiempos donde las pantallas parecen dominar nuestra atenci\u00f3n, la biblioteca popular nos demuestra que la lectura sigue siendo un acto revolucionario, que nos invita a detenernos, a pensar, a imaginar y a dialogar con otros. Por eso, este aniversario no es solamente una celebraci\u00f3n de la visi\u00f3n innovadora de quienes la fundaron, es tambi\u00e9n un compromiso hacia el futuro\u201d.<\/p>\n<p>\u201cNos recuerda que la tarea de educar, de transmitir valores y de abrir puertas a trav\u00e9s del conocimiento es responsabilidad de todos. Dice el poeta Leandro Gabilondo: \u201cLo que me conmueve me conduce\u201d. Ojal\u00e1 los educados jugadores, sigamos encontrando constantemente caminos que conmuevan a todos nuestros j\u00f3venes, porque eso los conducir\u00e1 a ser constructores de un mundo que tenga mucho m\u00e1s de belleza. Muchas gracias\u201d.<\/p>\n<p>All\u00ed donde alborea un delantal blanco, donde habla un libro, donde crece el \u00e1rbol bienhechor, donde el progreso confina la barbarie, est\u00e1 la presencia del profeta de la Pampa. All\u00ed, desde esa simb\u00f3lica morada de la c\u00faspide donde reina la voluntad creadora, hallamos su esp\u00edritu velando por la grandeza de la patria que forjara.<\/p>\n<p>Seguidamente, se procedi\u00f3 a depositar las ofrendas florales al pie del busto de Domingo Faustino Sarmiento por parte del municipio lo hicieron el intendente municipal Mariano Hormaechea junto a la Secretar\u00eda de Educaci\u00f3n Sonia Espina, mientras que en representaci\u00f3n de la Asociaci\u00f3n de Maestros Goya y Biblioteca Popular Domingo F. Sarmiento la vocal titular Gladis N\u00fa\u00f1ez y la secretaria Ana Salinas.<\/p>\n<p>Puede considerarse al padre del aula como un hombre que luch\u00f3 con la espada, con la pluma y la palabra por sus ideas.<\/p>\n<p>Hoy, al recordarlo, imitemos su amor por los libros, sus ansias de aprender y ense\u00f1ar y la firme convicci\u00f3n de sus ideas. Seguidamente, entonaci\u00f3n del himno a Sarmiento.<\/p>\n<p>Antes de la finalizaci\u00f3n del acto, la banda Puerto Argentino del Batall\u00f3n de Ingenieros de Montes 12 a cargo de su maestro de banda Teniente Esteban Alberto C\u00f3rdoba enton\u00f3 el himno a Sarmiento.<\/p>\n<p>Cabe recordar que a las 8 horas se realiz\u00f3 el izamiento de la Bandera Nacional en la Plazoleta Perro Ferr\u00e9, acto que cont\u00f3 con la participaci\u00f3n del intendente Mariano Hormaechea presidente Biblioteca Sarmiento, Marisa B\u00e1ez; Jefe del Batall\u00f3n Ingenieros Monte 12, Teniente Coronel Sergio Ortiz.<\/p>\n<p>Asimismo, a las 9.45 en el Pante\u00f3n de la Asociaci\u00f3n Mutual de Maestros en Cementerio \u201cLa Soledad\u201d se realiz\u00f3 el descubrimiento de placa In Memoriam de docentes fallecidos a cargo del Centro de Docentes Jubilados y Pensionados Nacionales de Goya.<\/p>\n<p>Adem\u00e1s, a las 20 horas se realizar\u00e1 la misa Acci\u00f3n de Gracias en la casa de Mar\u00ed \u201cPich\u00f3n\u201d de Speroni situada en calle Juan E. Mart\u00ednez N\u00b0 442.<\/p>\n<p>Finalmente, el acto culmin\u00f3 con la despedida de las banderas de ceremonia de los distintos establecimientos educativos que presidieron la Escuela Especial Jhon F. Kennedy; Esc. N\u00b0 65 Jos\u00e9 Eusebio G\u00f3mez; Esc. N\u00b0 66 Jos\u00e9 de San Martin; Esc. N\u00b0 440 Compa\u00f1\u00eda de Ing. 7; Esc. N\u00b0463 Provincia La Pampa; Esc. N\u00b0 254 Dr. Pedro D\u00edaz Colodrero; Esc. N\u00b0 207 Enrique Carles Vila; Hispanoamericano, Esc. Normal (primario y secundario); Colegio Torrent; Esc. G\u00fcemes de Tejada; Instituto Santa Teresa de Jes\u00fas (primario y secundario); Colegio Sagrado Coraz\u00f3n de Jes\u00fas; Esc. T\u00e9cnica Valent\u00edn Virasoro; Col. Sec. Dr. Roberto I. L\u00f3pez; Col. Sec. Gregoria Morales; Col. Sec. Brigadier Zini; Esc. Tec. Francisco Pinarolli; Inst. Priv. Presb\u00edtero Manuel Alberti; Imtemi; Esc. Parroquial La Rotonda (primario y secundario) y el Instituto Gral. Jos\u00e9 de San Mart\u00edn (primario y secundario).<\/p>\n","protected":false},"excerpt":{"rendered":"<p>137 A\u00f1os del fallecimiento de Sarmiento En un emotivo acto central celebrado en la ma\u00f1ana de este jueves 11 de septiembre en conmemoraci\u00f3n del D\u00eda del Maestro y el 137\u00b0 Aniversario del Fallecimiento de Domingo Faustino Sarmiento \u201cEl Padre del Aula\u201d, autoridades de nuestra ciudad de Goya y representantes de diversas instituciones rindieron homenaje al [&hellip;]<\/p>\n","protected":false},"author":4,"featured_media":195753,"comment_status":"closed","ping_status":"closed","sticky":false,"template":"","format":"standard","meta":{"_joinchat":[],"footnotes":""},"categories":[27],"tags":[],"class_list":{"0":"post-195751","1":"post","2":"type-post","3":"status-publish","4":"format-standard","5":"has-post-thumbnail","7":"category-locales"},"yoast_head":"<!-- This site is optimized with the Yoast SEO plugin v27.2 - https:\/\/yoast.com\/product\/yoast-seo-wordpress\/ -->\n<title>Intendente Hormaechea presidi\u00f3 el Acto Central por el D\u00eda del Maestro - Radio Infinita Goya<\/title>\n<meta name=\"description\" content=\"137 A\u00f1os del fallecimiento de Sarmiento En un emotivo acto central celebrado en la ma\u00f1ana de este jueves 11 de septiembre en conmemoraci\u00f3n del D\u00eda del\" \/>\n<meta name=\"robots\" content=\"index, follow, max-snippet:-1, max-image-preview:large, max-video-preview:-1\" \/>\n<link rel=\"canonical\" href=\"https:\/\/radioinfinitagoya.com.ar\/v1\/2025\/09\/11\/intendente-hormaechea-presidio-el-acto-central-por-el-dia-del-maestro\/\" \/>\n<meta property=\"og:locale\" content=\"es_ES\" \/>\n<meta property=\"og:type\" content=\"article\" \/>\n<meta property=\"og:title\" content=\"Intendente Hormaechea presidi\u00f3 el Acto Central por el D\u00eda del Maestro - Radio Infinita Goya\" \/>\n<meta property=\"og:description\" content=\"137 A\u00f1os del fallecimiento de Sarmiento En un emotivo acto central celebrado en la ma\u00f1ana de este jueves 11 de septiembre en conmemoraci\u00f3n del D\u00eda del\" \/>\n<meta property=\"og:url\" content=\"https:\/\/radioinfinitagoya.com.ar\/v1\/2025\/09\/11\/intendente-hormaechea-presidio-el-acto-central-por-el-dia-del-maestro\/\" \/>\n<meta property=\"og:site_name\" content=\"Radio Infinita Goya\" \/>\n<meta property=\"article:publisher\" content=\"https:\/\/www.facebook.com\/p\/Infinita-Goya-100063870918311\/\" \/>\n<meta property=\"article:published_time\" content=\"2025-09-11T20:44:10+00:00\" \/>\n<meta property=\"og:image\" content=\"https:\/\/radioinfinitagoya.com.ar\/v1\/wp-content\/uploads\/2025\/09\/sarmiento.jpg\" \/>\n\t<meta property=\"og:image:width\" content=\"848\" \/>\n\t<meta property=\"og:image:height\" content=\"477\" \/>\n\t<meta property=\"og:image:type\" content=\"image\/jpeg\" \/>\n<meta name=\"author\" content=\"Jorge Mi\u00f1o\" \/>\n<meta name=\"twitter:card\" content=\"summary_large_image\" \/>\n<meta name=\"twitter:label1\" content=\"Escrito por\" \/>\n\t<meta name=\"twitter:data1\" content=\"Jorge Mi\u00f1o\" \/>\n\t<meta name=\"twitter:label2\" content=\"Tiempo de lectura\" \/>\n\t<meta name=\"twitter:data2\" content=\"7 minutos\" \/>\n<script type=\"application\/ld+json\" class=\"yoast-schema-graph\">{\"@context\":\"https:\/\/schema.org\",\"@graph\":[{\"@type\":\"Article\",\"@id\":\"https:\/\/radioinfinitagoya.com.ar\/v1\/2025\/09\/11\/intendente-hormaechea-presidio-el-acto-central-por-el-dia-del-maestro\/#article\",\"isPartOf\":{\"@id\":\"https:\/\/radioinfinitagoya.com.ar\/v1\/2025\/09\/11\/intendente-hormaechea-presidio-el-acto-central-por-el-dia-del-maestro\/\"},\"author\":{\"name\":\"Jorge Mi\u00f1o\",\"@id\":\"https:\/\/radioinfinitagoya.com.ar\/v1\/#\/schema\/person\/d4cf9c413d4f6edb24aabdccab49ca4a\"},\"headline\":\"Intendente Hormaechea presidi\u00f3 el Acto Central por el D\u00eda del Maestro\",\"datePublished\":\"2025-09-11T20:44:10+00:00\",\"mainEntityOfPage\":{\"@id\":\"https:\/\/radioinfinitagoya.com.ar\/v1\/2025\/09\/11\/intendente-hormaechea-presidio-el-acto-central-por-el-dia-del-maestro\/\"},\"wordCount\":1499,\"publisher\":{\"@id\":\"https:\/\/radioinfinitagoya.com.ar\/v1\/#organization\"},\"image\":{\"@id\":\"https:\/\/radioinfinitagoya.com.ar\/v1\/2025\/09\/11\/intendente-hormaechea-presidio-el-acto-central-por-el-dia-del-maestro\/#primaryimage\"},\"thumbnailUrl\":\"https:\/\/radioinfinitagoya.com.ar\/v1\/wp-content\/uploads\/2025\/09\/sarmiento.jpg\",\"articleSection\":[\"LOCALES\"],\"inLanguage\":\"es-AR\"},{\"@type\":\"WebPage\",\"@id\":\"https:\/\/radioinfinitagoya.com.ar\/v1\/2025\/09\/11\/intendente-hormaechea-presidio-el-acto-central-por-el-dia-del-maestro\/\",\"url\":\"https:\/\/radioinfinitagoya.com.ar\/v1\/2025\/09\/11\/intendente-hormaechea-presidio-el-acto-central-por-el-dia-del-maestro\/\",\"name\":\"Intendente Hormaechea presidi\u00f3 el Acto Central por el D\u00eda del Maestro - Radio Infinita Goya\",\"isPartOf\":{\"@id\":\"https:\/\/radioinfinitagoya.com.ar\/v1\/#website\"},\"primaryImageOfPage\":{\"@id\":\"https:\/\/radioinfinitagoya.com.ar\/v1\/2025\/09\/11\/intendente-hormaechea-presidio-el-acto-central-por-el-dia-del-maestro\/#primaryimage\"},\"image\":{\"@id\":\"https:\/\/radioinfinitagoya.com.ar\/v1\/2025\/09\/11\/intendente-hormaechea-presidio-el-acto-central-por-el-dia-del-maestro\/#primaryimage\"},\"thumbnailUrl\":\"https:\/\/radioinfinitagoya.com.ar\/v1\/wp-content\/uploads\/2025\/09\/sarmiento.jpg\",\"datePublished\":\"2025-09-11T20:44:10+00:00\",\"description\":\"137 A\u00f1os del fallecimiento de Sarmiento En un emotivo acto central celebrado en la ma\u00f1ana de este jueves 11 de septiembre en conmemoraci\u00f3n del D\u00eda del\",\"breadcrumb\":{\"@id\":\"https:\/\/radioinfinitagoya.com.ar\/v1\/2025\/09\/11\/intendente-hormaechea-presidio-el-acto-central-por-el-dia-del-maestro\/#breadcrumb\"},\"inLanguage\":\"es-AR\",\"potentialAction\":[{\"@type\":\"ReadAction\",\"target\":[\"https:\/\/radioinfinitagoya.com.ar\/v1\/2025\/09\/11\/intendente-hormaechea-presidio-el-acto-central-por-el-dia-del-maestro\/\"]}]},{\"@type\":\"ImageObject\",\"inLanguage\":\"es-AR\",\"@id\":\"https:\/\/radioinfinitagoya.com.ar\/v1\/2025\/09\/11\/intendente-hormaechea-presidio-el-acto-central-por-el-dia-del-maestro\/#primaryimage\",\"url\":\"https:\/\/radioinfinitagoya.com.ar\/v1\/wp-content\/uploads\/2025\/09\/sarmiento.jpg\",\"contentUrl\":\"https:\/\/radioinfinitagoya.com.ar\/v1\/wp-content\/uploads\/2025\/09\/sarmiento.jpg\",\"width\":848,\"height\":477},{\"@type\":\"BreadcrumbList\",\"@id\":\"https:\/\/radioinfinitagoya.com.ar\/v1\/2025\/09\/11\/intendente-hormaechea-presidio-el-acto-central-por-el-dia-del-maestro\/#breadcrumb\",\"itemListElement\":[{\"@type\":\"ListItem\",\"position\":1,\"name\":\"Inicio\",\"item\":\"https:\/\/radioinfinitagoya.com.ar\/v1\/\"},{\"@type\":\"ListItem\",\"position\":2,\"name\":\"Intendente Hormaechea presidi\u00f3 el Acto Central por el D\u00eda del Maestro\"}]},{\"@type\":\"WebSite\",\"@id\":\"https:\/\/radioinfinitagoya.com.ar\/v1\/#website\",\"url\":\"https:\/\/radioinfinitagoya.com.ar\/v1\/\",\"name\":\"radioinfinitagoya.com.ar\",\"description\":\"Radio de noticias\",\"publisher\":{\"@id\":\"https:\/\/radioinfinitagoya.com.ar\/v1\/#organization\"},\"potentialAction\":[{\"@type\":\"SearchAction\",\"target\":{\"@type\":\"EntryPoint\",\"urlTemplate\":\"https:\/\/radioinfinitagoya.com.ar\/v1\/?s={search_term_string}\"},\"query-input\":{\"@type\":\"PropertyValueSpecification\",\"valueRequired\":true,\"valueName\":\"search_term_string\"}}],\"inLanguage\":\"es-AR\"},{\"@type\":\"Organization\",\"@id\":\"https:\/\/radioinfinitagoya.com.ar\/v1\/#organization\",\"name\":\"Radio Infinita Goya\",\"url\":\"https:\/\/radioinfinitagoya.com.ar\/v1\/\",\"logo\":{\"@type\":\"ImageObject\",\"inLanguage\":\"es-AR\",\"@id\":\"https:\/\/radioinfinitagoya.com.ar\/v1\/#\/schema\/logo\/image\/\",\"url\":\"https:\/\/radioinfinitagoya.com.ar\/v1\/wp-content\/uploads\/2019\/11\/logo-pie-web.png\",\"contentUrl\":\"https:\/\/radioinfinitagoya.com.ar\/v1\/wp-content\/uploads\/2019\/11\/logo-pie-web.png\",\"width\":635,\"height\":326,\"caption\":\"Radio Infinita Goya\"},\"image\":{\"@id\":\"https:\/\/radioinfinitagoya.com.ar\/v1\/#\/schema\/logo\/image\/\"},\"sameAs\":[\"https:\/\/www.facebook.com\/p\/Infinita-Goya-100063870918311\/\"]},{\"@type\":\"Person\",\"@id\":\"https:\/\/radioinfinitagoya.com.ar\/v1\/#\/schema\/person\/d4cf9c413d4f6edb24aabdccab49ca4a\",\"name\":\"Jorge Mi\u00f1o\",\"image\":{\"@type\":\"ImageObject\",\"inLanguage\":\"es-AR\",\"@id\":\"https:\/\/secure.gravatar.com\/avatar\/910fcf6728fe95320e07a6643c1581fec1c7fc4bf8ae12e3d8f0d0373dc844be?s=96&d=mm&r=g\",\"url\":\"https:\/\/secure.gravatar.com\/avatar\/910fcf6728fe95320e07a6643c1581fec1c7fc4bf8ae12e3d8f0d0373dc844be?s=96&d=mm&r=g\",\"contentUrl\":\"https:\/\/secure.gravatar.com\/avatar\/910fcf6728fe95320e07a6643c1581fec1c7fc4bf8ae12e3d8f0d0373dc844be?s=96&d=mm&r=g\",\"caption\":\"Jorge Mi\u00f1o\"},\"sameAs\":[\"http:\/\/radioinfinitagoya.com.ar\"]}]}<\/script>\n<!-- \/ Yoast SEO plugin. -->","yoast_head_json":{"title":"Intendente Hormaechea presidi\u00f3 el Acto Central por el D\u00eda del Maestro - Radio Infinita Goya","description":"137 A\u00f1os del fallecimiento de Sarmiento En un emotivo acto central celebrado en la ma\u00f1ana de este jueves 11 de septiembre en conmemoraci\u00f3n del D\u00eda del","robots":{"index":"index","follow":"follow","max-snippet":"max-snippet:-1","max-image-preview":"max-image-preview:large","max-video-preview":"max-video-preview:-1"},"canonical":"https:\/\/radioinfinitagoya.com.ar\/v1\/2025\/09\/11\/intendente-hormaechea-presidio-el-acto-central-por-el-dia-del-maestro\/","og_locale":"es_ES","og_type":"article","og_title":"Intendente Hormaechea presidi\u00f3 el Acto Central por el D\u00eda del Maestro - Radio Infinita Goya","og_description":"137 A\u00f1os del fallecimiento de Sarmiento En un emotivo acto central celebrado en la ma\u00f1ana de este jueves 11 de septiembre en conmemoraci\u00f3n del D\u00eda del","og_url":"https:\/\/radioinfinitagoya.com.ar\/v1\/2025\/09\/11\/intendente-hormaechea-presidio-el-acto-central-por-el-dia-del-maestro\/","og_site_name":"Radio Infinita Goya","article_publisher":"https:\/\/www.facebook.com\/p\/Infinita-Goya-100063870918311\/","article_published_time":"2025-09-11T20:44:10+00:00","og_image":[{"width":848,"height":477,"url":"https:\/\/radioinfinitagoya.com.ar\/v1\/wp-content\/uploads\/2025\/09\/sarmiento.jpg","type":"image\/jpeg"}],"author":"Jorge Mi\u00f1o","twitter_card":"summary_large_image","twitter_misc":{"Escrito por":"Jorge Mi\u00f1o","Tiempo de lectura":"7 minutos"},"schema":{"@context":"https:\/\/schema.org","@graph":[{"@type":"Article","@id":"https:\/\/radioinfinitagoya.com.ar\/v1\/2025\/09\/11\/intendente-hormaechea-presidio-el-acto-central-por-el-dia-del-maestro\/#article","isPartOf":{"@id":"https:\/\/radioinfinitagoya.com.ar\/v1\/2025\/09\/11\/intendente-hormaechea-presidio-el-acto-central-por-el-dia-del-maestro\/"},"author":{"name":"Jorge Mi\u00f1o","@id":"https:\/\/radioinfinitagoya.com.ar\/v1\/#\/schema\/person\/d4cf9c413d4f6edb24aabdccab49ca4a"},"headline":"Intendente Hormaechea presidi\u00f3 el Acto Central por el D\u00eda del Maestro","datePublished":"2025-09-11T20:44:10+00:00","mainEntityOfPage":{"@id":"https:\/\/radioinfinitagoya.com.ar\/v1\/2025\/09\/11\/intendente-hormaechea-presidio-el-acto-central-por-el-dia-del-maestro\/"},"wordCount":1499,"publisher":{"@id":"https:\/\/radioinfinitagoya.com.ar\/v1\/#organization"},"image":{"@id":"https:\/\/radioinfinitagoya.com.ar\/v1\/2025\/09\/11\/intendente-hormaechea-presidio-el-acto-central-por-el-dia-del-maestro\/#primaryimage"},"thumbnailUrl":"https:\/\/radioinfinitagoya.com.ar\/v1\/wp-content\/uploads\/2025\/09\/sarmiento.jpg","articleSection":["LOCALES"],"inLanguage":"es-AR"},{"@type":"WebPage","@id":"https:\/\/radioinfinitagoya.com.ar\/v1\/2025\/09\/11\/intendente-hormaechea-presidio-el-acto-central-por-el-dia-del-maestro\/","url":"https:\/\/radioinfinitagoya.com.ar\/v1\/2025\/09\/11\/intendente-hormaechea-presidio-el-acto-central-por-el-dia-del-maestro\/","name":"Intendente Hormaechea presidi\u00f3 el Acto Central por el D\u00eda del Maestro - Radio Infinita Goya","isPartOf":{"@id":"https:\/\/radioinfinitagoya.com.ar\/v1\/#website"},"primaryImageOfPage":{"@id":"https:\/\/radioinfinitagoya.com.ar\/v1\/2025\/09\/11\/intendente-hormaechea-presidio-el-acto-central-por-el-dia-del-maestro\/#primaryimage"},"image":{"@id":"https:\/\/radioinfinitagoya.com.ar\/v1\/2025\/09\/11\/intendente-hormaechea-presidio-el-acto-central-por-el-dia-del-maestro\/#primaryimage"},"thumbnailUrl":"https:\/\/radioinfinitagoya.com.ar\/v1\/wp-content\/uploads\/2025\/09\/sarmiento.jpg","datePublished":"2025-09-11T20:44:10+00:00","description":"137 A\u00f1os del fallecimiento de Sarmiento En un emotivo acto central celebrado en la ma\u00f1ana de este jueves 11 de septiembre en conmemoraci\u00f3n del D\u00eda del","breadcrumb":{"@id":"https:\/\/radioinfinitagoya.com.ar\/v1\/2025\/09\/11\/intendente-hormaechea-presidio-el-acto-central-por-el-dia-del-maestro\/#breadcrumb"},"inLanguage":"es-AR","potentialAction":[{"@type":"ReadAction","target":["https:\/\/radioinfinitagoya.com.ar\/v1\/2025\/09\/11\/intendente-hormaechea-presidio-el-acto-central-por-el-dia-del-maestro\/"]}]},{"@type":"ImageObject","inLanguage":"es-AR","@id":"https:\/\/radioinfinitagoya.com.ar\/v1\/2025\/09\/11\/intendente-hormaechea-presidio-el-acto-central-por-el-dia-del-maestro\/#primaryimage","url":"https:\/\/radioinfinitagoya.com.ar\/v1\/wp-content\/uploads\/2025\/09\/sarmiento.jpg","contentUrl":"https:\/\/radioinfinitagoya.com.ar\/v1\/wp-content\/uploads\/2025\/09\/sarmiento.jpg","width":848,"height":477},{"@type":"BreadcrumbList","@id":"https:\/\/radioinfinitagoya.com.ar\/v1\/2025\/09\/11\/intendente-hormaechea-presidio-el-acto-central-por-el-dia-del-maestro\/#breadcrumb","itemListElement":[{"@type":"ListItem","position":1,"name":"Inicio","item":"https:\/\/radioinfinitagoya.com.ar\/v1\/"},{"@type":"ListItem","position":2,"name":"Intendente Hormaechea presidi\u00f3 el Acto Central por el D\u00eda del Maestro"}]},{"@type":"WebSite","@id":"https:\/\/radioinfinitagoya.com.ar\/v1\/#website","url":"https:\/\/radioinfinitagoya.com.ar\/v1\/","name":"radioinfinitagoya.com.ar","description":"Radio de noticias","publisher":{"@id":"https:\/\/radioinfinitagoya.com.ar\/v1\/#organization"},"potentialAction":[{"@type":"SearchAction","target":{"@type":"EntryPoint","urlTemplate":"https:\/\/radioinfinitagoya.com.ar\/v1\/?s={search_term_string}"},"query-input":{"@type":"PropertyValueSpecification","valueRequired":true,"valueName":"search_term_string"}}],"inLanguage":"es-AR"},{"@type":"Organization","@id":"https:\/\/radioinfinitagoya.com.ar\/v1\/#organization","name":"Radio Infinita Goya","url":"https:\/\/radioinfinitagoya.com.ar\/v1\/","logo":{"@type":"ImageObject","inLanguage":"es-AR","@id":"https:\/\/radioinfinitagoya.com.ar\/v1\/#\/schema\/logo\/image\/","url":"https:\/\/radioinfinitagoya.com.ar\/v1\/wp-content\/uploads\/2019\/11\/logo-pie-web.png","contentUrl":"https:\/\/radioinfinitagoya.com.ar\/v1\/wp-content\/uploads\/2019\/11\/logo-pie-web.png","width":635,"height":326,"caption":"Radio Infinita Goya"},"image":{"@id":"https:\/\/radioinfinitagoya.com.ar\/v1\/#\/schema\/logo\/image\/"},"sameAs":["https:\/\/www.facebook.com\/p\/Infinita-Goya-100063870918311\/"]},{"@type":"Person","@id":"https:\/\/radioinfinitagoya.com.ar\/v1\/#\/schema\/person\/d4cf9c413d4f6edb24aabdccab49ca4a","name":"Jorge Mi\u00f1o","image":{"@type":"ImageObject","inLanguage":"es-AR","@id":"https:\/\/secure.gravatar.com\/avatar\/910fcf6728fe95320e07a6643c1581fec1c7fc4bf8ae12e3d8f0d0373dc844be?s=96&d=mm&r=g","url":"https:\/\/secure.gravatar.com\/avatar\/910fcf6728fe95320e07a6643c1581fec1c7fc4bf8ae12e3d8f0d0373dc844be?s=96&d=mm&r=g","contentUrl":"https:\/\/secure.gravatar.com\/avatar\/910fcf6728fe95320e07a6643c1581fec1c7fc4bf8ae12e3d8f0d0373dc844be?s=96&d=mm&r=g","caption":"Jorge Mi\u00f1o"},"sameAs":["http:\/\/radioinfinitagoya.com.ar"]}]}},"_links":{"self":[{"href":"https:\/\/radioinfinitagoya.com.ar\/v1\/wp-json\/wp\/v2\/posts\/195751","targetHints":{"allow":["GET"]}}],"collection":[{"href":"https:\/\/radioinfinitagoya.com.ar\/v1\/wp-json\/wp\/v2\/posts"}],"about":[{"href":"https:\/\/radioinfinitagoya.com.ar\/v1\/wp-json\/wp\/v2\/types\/post"}],"author":[{"embeddable":true,"href":"https:\/\/radioinfinitagoya.com.ar\/v1\/wp-json\/wp\/v2\/users\/4"}],"replies":[{"embeddable":true,"href":"https:\/\/radioinfinitagoya.com.ar\/v1\/wp-json\/wp\/v2\/comments?post=195751"}],"version-history":[{"count":0,"href":"https:\/\/radioinfinitagoya.com.ar\/v1\/wp-json\/wp\/v2\/posts\/195751\/revisions"}],"wp:featuredmedia":[{"embeddable":true,"href":"https:\/\/radioinfinitagoya.com.ar\/v1\/wp-json\/wp\/v2\/media\/195753"}],"wp:attachment":[{"href":"https:\/\/radioinfinitagoya.com.ar\/v1\/wp-json\/wp\/v2\/media?parent=195751"}],"wp:term":[{"taxonomy":"category","embeddable":true,"href":"https:\/\/radioinfinitagoya.com.ar\/v1\/wp-json\/wp\/v2\/categories?post=195751"},{"taxonomy":"post_tag","embeddable":true,"href":"https:\/\/radioinfinitagoya.com.ar\/v1\/wp-json\/wp\/v2\/tags?post=195751"}],"curies":[{"name":"wp","href":"https:\/\/api.w.org\/{rel}","templated":true}]}}