{"id":195755,"date":"2025-09-11T17:47:18","date_gmt":"2025-09-11T20:47:18","guid":{"rendered":"https:\/\/radioinfinitagoya.com.ar\/v1\/?p=195755"},"modified":"2025-09-11T17:47:18","modified_gmt":"2025-09-11T20:47:18","slug":"la-uba-aseguro-que-debera-recortar-los-gastos-y-que-funcionara-en-estado-critico","status":"publish","type":"post","link":"https:\/\/radioinfinitagoya.com.ar\/v1\/2025\/09\/11\/la-uba-aseguro-que-debera-recortar-los-gastos-y-que-funcionara-en-estado-critico\/","title":{"rendered":"La UBA asegur\u00f3 que deber\u00e1 recortar los gastos y que funcionar\u00e1 &#8220;en estado cr\u00edtico&#8221;"},"content":{"rendered":"<p>El rector de la casa de altos estudios, Ricardo Gelpi, les pidi\u00f3 a los legisladores que &#8220;rechacen el veto presidencial&#8221;.<\/p>\n<p>Luego del veto de Javier Milei a la ley de financiamiento universitario, las autoridades de la Universidad de Buenos Aires (UBA) se pronunciaron contra el rechazo presidencial. &#8220;Estamos entrando en una situaci\u00f3n cr\u00edtica si no se aprueba esta ley&#8221;, afirmaron.<\/p>\n<p>El rector de la UBA, Ricardo Gelpi, advirti\u00f3 durante una conferencia de prensa en el Consejo Superior del Rectorado de la universidad que el establecimiento educativo funcionar\u00e1 &#8220;en estado cr\u00edtico&#8221; para poder terminar el a\u00f1o.<\/p>\n<p>&#8220;Vamos a empezar con un plan de restricci\u00f3n de gastos operativos. La UBA va a funcionar en un estado cr\u00edtico para poder terminar el a\u00f1o&#8221;, afirm\u00f3 Gelpi.<\/p>\n<p>El rector de la Universidad de Buenos Aires le dedic\u00f3 un mensaje al Congreso y a la sociedad argentina. &#8220;Apelaremos a la sensibilidad de nuestro pueblo para que contin\u00fae acompa\u00f1ando este reclamo y a las y los legisladores para que mediante su voto rechacen el veto presidencial y sostengan la Ley de Financiamiento Universitario&#8221;.<\/p>\n<p>Gelpi subray\u00f3 en varias oportunidades que las universidades nacionales atraviesan una &#8220;situaci\u00f3n cr\u00edtica e incierta&#8221; desde la pr\u00f3rroga del Presupuesto 2023.<\/p>\n<p>Y sum\u00f3: &#8220;La falta de una ley genera un vac\u00edo normativo por el cual las universidades nacionales desconocen su presupuesto anual y se torna imposible el planeamiento correcto y eficiente de sus m\u00faltiples actividades acad\u00e9micas, de investigaci\u00f3n, de salud y de extensi\u00f3n&#8221;.<\/p>\n<p>En esa l\u00ednea, el vicerrector, Emiliano Yacobitti, advirti\u00f3: &#8220;Est\u00e1 en riesgo el funcionamiento del sistema universitario p\u00fablico nacional, si no tenemos ley de financiamiento y si no tenemos Presupuesto 2026&#8221;.<\/p>\n<p>Yacobitti coment\u00f3 que trabajar\u00e1n en conjunto con los legisladores y los gobernadores para sostener la ley de Financiamiento Universitario y que no prospere el veto.<\/p>\n<p>Otra de las autoridades de la UBA reiter\u00f3 la necesidad de que se establezca un nuevo presupuesto para el pr\u00f3ximo a\u00f1o: &#8220;Necesitamos que establezca par\u00e1metros de previsibilidad que evite la discrecionalidad para el 2026&#8221;.<\/p>\n<p>Cu\u00e1l es el costo fiscal de la ley de financiamiento universitario que vet\u00f3 Javier Milei<\/p>\n<p>Durante el discurso de las autoridades de la Universidad de Buenos Aires, el vicerrector del Consejo Interuniversitario Nacional (CIN), Franco Bartolacci, detall\u00f3 cu\u00e1l es el costo fiscal de la ley de financiamiento que vet\u00f3 Javier Milei.<\/p>\n<p>&#8220;El Presidente de la Naci\u00f3n ten\u00eda a su firma la posibilidad de promulgar una ley que para su aplicaci\u00f3n requer\u00eda de una inversi\u00f3n del 0,14% del PBI, absolutamente marginal y que sin comprometer fiscalmente a nuestro Estado, que garantizaba las condiciones m\u00ednimas e indispensables para poder llegar a fin de a\u00f1o funcionando con normalidad&#8221;, relat\u00f3 Bartolacci.<\/p>\n<p>Mientras, que horas atr\u00e1s, el vicerrector de la UBA, Emiliano Yacobitti, plante\u00f3: &#8220;El costo que le asigna el Gobierno a la implementaci\u00f3n de la medida es de 0,1% del PBI. Solo lo que le cost\u00f3 al Gobierno la rebaja en Bienes Personales es el 0,41% del PBI&#8221;.<\/p>\n<p>Para Yacobitti, con este veto &#8220;el Gobierno consolida la idea de que el sistema de universidades p\u00fablicas no tiene lugar en la Argentina&#8221;.<\/p>\n<p>La situaci\u00f3n presupuestaria de la UBA<\/p>\n<p>El secretario de Hacienda de la UBA, Mat\u00edas Ru\u00edz, coment\u00f3 que la situaci\u00f3n econ\u00f3mica de la universidad &#8220;es grave&#8221;.<\/p>\n<p>&#8220;La situaci\u00f3n presupuestaria es grave y pone en riesgo el normal funcionamiento de la universidad&#8221;, sostuvo Ru\u00edz en di\u00e1logo con TN.<\/p>\n<p>Y agreg\u00f3: &#8220;Esta problem\u00e1tica ven\u00eda a ser resuelta por la ley de Financiamiento Universitario que vet\u00f3 el Presidente. No se trata de una discusi\u00f3n de fondos, sino prioridades&#8221;.<\/p>\n","protected":false},"excerpt":{"rendered":"<p>El rector de la casa de altos estudios, Ricardo Gelpi, les pidi\u00f3 a los legisladores que &#8220;rechacen el veto presidencial&#8221;. Luego del veto de Javier Milei a la ley de financiamiento universitario, las autoridades de la Universidad de Buenos Aires (UBA) se pronunciaron contra el rechazo presidencial. &#8220;Estamos entrando en una situaci\u00f3n cr\u00edtica si no [&hellip;]<\/p>\n","protected":false},"author":4,"featured_media":195756,"comment_status":"closed","ping_status":"closed","sticky":false,"template":"","format":"standard","meta":{"_joinchat":[],"footnotes":""},"categories":[29],"tags":[],"class_list":{"0":"post-195755","1":"post","2":"type-post","3":"status-publish","4":"format-standard","5":"has-post-thumbnail","7":"category-nacionales"},"yoast_head":"<!-- This site is optimized with the Yoast SEO plugin v27.2 - https:\/\/yoast.com\/product\/yoast-seo-wordpress\/ -->\n<title>La UBA asegur\u00f3 que deber\u00e1 recortar los gastos y que funcionar\u00e1 &quot;en estado cr\u00edtico&quot; - Radio Infinita Goya<\/title>\n<meta name=\"description\" content=\"El rector de la casa de altos estudios, Ricardo Gelpi, les pidi\u00f3 a los legisladores que &quot;rechacen el veto presidencial&quot;. Luego del veto de Javier Milei a\" \/>\n<meta name=\"robots\" content=\"index, follow, max-snippet:-1, max-image-preview:large, max-video-preview:-1\" \/>\n<link rel=\"canonical\" href=\"https:\/\/radioinfinitagoya.com.ar\/v1\/2025\/09\/11\/la-uba-aseguro-que-debera-recortar-los-gastos-y-que-funcionara-en-estado-critico\/\" \/>\n<meta property=\"og:locale\" content=\"es_ES\" \/>\n<meta property=\"og:type\" content=\"article\" \/>\n<meta property=\"og:title\" content=\"La UBA asegur\u00f3 que deber\u00e1 recortar los gastos y que funcionar\u00e1 &quot;en estado cr\u00edtico&quot; - Radio Infinita Goya\" \/>\n<meta property=\"og:description\" content=\"El rector de la casa de altos estudios, Ricardo Gelpi, les pidi\u00f3 a los legisladores que &quot;rechacen el veto presidencial&quot;. Luego del veto de Javier Milei a\" \/>\n<meta property=\"og:url\" content=\"https:\/\/radioinfinitagoya.com.ar\/v1\/2025\/09\/11\/la-uba-aseguro-que-debera-recortar-los-gastos-y-que-funcionara-en-estado-critico\/\" \/>\n<meta property=\"og:site_name\" content=\"Radio Infinita Goya\" \/>\n<meta property=\"article:publisher\" content=\"https:\/\/www.facebook.com\/p\/Infinita-Goya-100063870918311\/\" \/>\n<meta property=\"article:published_time\" content=\"2025-09-11T20:47:18+00:00\" \/>\n<meta property=\"og:image\" content=\"https:\/\/radioinfinitagoya.com.ar\/v1\/wp-content\/uploads\/2025\/09\/QCjk6NSl.jpg\" \/>\n\t<meta property=\"og:image:width\" content=\"602\" \/>\n\t<meta property=\"og:image:height\" content=\"450\" \/>\n\t<meta property=\"og:image:type\" content=\"image\/jpeg\" \/>\n<meta name=\"author\" content=\"Jorge Mi\u00f1o\" \/>\n<meta name=\"twitter:card\" content=\"summary_large_image\" \/>\n<meta name=\"twitter:label1\" content=\"Escrito por\" \/>\n\t<meta name=\"twitter:data1\" content=\"Jorge Mi\u00f1o\" \/>\n\t<meta name=\"twitter:label2\" content=\"Tiempo de lectura\" \/>\n\t<meta name=\"twitter:data2\" content=\"3 minutos\" \/>\n<script type=\"application\/ld+json\" class=\"yoast-schema-graph\">{\"@context\":\"https:\/\/schema.org\",\"@graph\":[{\"@type\":\"Article\",\"@id\":\"https:\/\/radioinfinitagoya.com.ar\/v1\/2025\/09\/11\/la-uba-aseguro-que-debera-recortar-los-gastos-y-que-funcionara-en-estado-critico\/#article\",\"isPartOf\":{\"@id\":\"https:\/\/radioinfinitagoya.com.ar\/v1\/2025\/09\/11\/la-uba-aseguro-que-debera-recortar-los-gastos-y-que-funcionara-en-estado-critico\/\"},\"author\":{\"name\":\"Jorge Mi\u00f1o\",\"@id\":\"https:\/\/radioinfinitagoya.com.ar\/v1\/#\/schema\/person\/d4cf9c413d4f6edb24aabdccab49ca4a\"},\"headline\":\"La UBA asegur\u00f3 que deber\u00e1 recortar los gastos y que funcionar\u00e1 &#8220;en estado cr\u00edtico&#8221;\",\"datePublished\":\"2025-09-11T20:47:18+00:00\",\"mainEntityOfPage\":{\"@id\":\"https:\/\/radioinfinitagoya.com.ar\/v1\/2025\/09\/11\/la-uba-aseguro-que-debera-recortar-los-gastos-y-que-funcionara-en-estado-critico\/\"},\"wordCount\":634,\"publisher\":{\"@id\":\"https:\/\/radioinfinitagoya.com.ar\/v1\/#organization\"},\"image\":{\"@id\":\"https:\/\/radioinfinitagoya.com.ar\/v1\/2025\/09\/11\/la-uba-aseguro-que-debera-recortar-los-gastos-y-que-funcionara-en-estado-critico\/#primaryimage\"},\"thumbnailUrl\":\"https:\/\/radioinfinitagoya.com.ar\/v1\/wp-content\/uploads\/2025\/09\/QCjk6NSl.jpg\",\"articleSection\":[\"NACIONALES\"],\"inLanguage\":\"es-AR\"},{\"@type\":\"WebPage\",\"@id\":\"https:\/\/radioinfinitagoya.com.ar\/v1\/2025\/09\/11\/la-uba-aseguro-que-debera-recortar-los-gastos-y-que-funcionara-en-estado-critico\/\",\"url\":\"https:\/\/radioinfinitagoya.com.ar\/v1\/2025\/09\/11\/la-uba-aseguro-que-debera-recortar-los-gastos-y-que-funcionara-en-estado-critico\/\",\"name\":\"La UBA asegur\u00f3 que deber\u00e1 recortar los gastos y que funcionar\u00e1 \\\"en estado cr\u00edtico\\\" - Radio Infinita Goya\",\"isPartOf\":{\"@id\":\"https:\/\/radioinfinitagoya.com.ar\/v1\/#website\"},\"primaryImageOfPage\":{\"@id\":\"https:\/\/radioinfinitagoya.com.ar\/v1\/2025\/09\/11\/la-uba-aseguro-que-debera-recortar-los-gastos-y-que-funcionara-en-estado-critico\/#primaryimage\"},\"image\":{\"@id\":\"https:\/\/radioinfinitagoya.com.ar\/v1\/2025\/09\/11\/la-uba-aseguro-que-debera-recortar-los-gastos-y-que-funcionara-en-estado-critico\/#primaryimage\"},\"thumbnailUrl\":\"https:\/\/radioinfinitagoya.com.ar\/v1\/wp-content\/uploads\/2025\/09\/QCjk6NSl.jpg\",\"datePublished\":\"2025-09-11T20:47:18+00:00\",\"description\":\"El rector de la casa de altos estudios, Ricardo Gelpi, les pidi\u00f3 a los legisladores que \\\"rechacen el veto presidencial\\\". Luego del veto de Javier Milei a\",\"breadcrumb\":{\"@id\":\"https:\/\/radioinfinitagoya.com.ar\/v1\/2025\/09\/11\/la-uba-aseguro-que-debera-recortar-los-gastos-y-que-funcionara-en-estado-critico\/#breadcrumb\"},\"inLanguage\":\"es-AR\",\"potentialAction\":[{\"@type\":\"ReadAction\",\"target\":[\"https:\/\/radioinfinitagoya.com.ar\/v1\/2025\/09\/11\/la-uba-aseguro-que-debera-recortar-los-gastos-y-que-funcionara-en-estado-critico\/\"]}]},{\"@type\":\"ImageObject\",\"inLanguage\":\"es-AR\",\"@id\":\"https:\/\/radioinfinitagoya.com.ar\/v1\/2025\/09\/11\/la-uba-aseguro-que-debera-recortar-los-gastos-y-que-funcionara-en-estado-critico\/#primaryimage\",\"url\":\"https:\/\/radioinfinitagoya.com.ar\/v1\/wp-content\/uploads\/2025\/09\/QCjk6NSl.jpg\",\"contentUrl\":\"https:\/\/radioinfinitagoya.com.ar\/v1\/wp-content\/uploads\/2025\/09\/QCjk6NSl.jpg\",\"width\":602,\"height\":450},{\"@type\":\"BreadcrumbList\",\"@id\":\"https:\/\/radioinfinitagoya.com.ar\/v1\/2025\/09\/11\/la-uba-aseguro-que-debera-recortar-los-gastos-y-que-funcionara-en-estado-critico\/#breadcrumb\",\"itemListElement\":[{\"@type\":\"ListItem\",\"position\":1,\"name\":\"Inicio\",\"item\":\"https:\/\/radioinfinitagoya.com.ar\/v1\/\"},{\"@type\":\"ListItem\",\"position\":2,\"name\":\"La UBA asegur\u00f3 que deber\u00e1 recortar los gastos y que funcionar\u00e1 &#8220;en estado cr\u00edtico&#8221;\"}]},{\"@type\":\"WebSite\",\"@id\":\"https:\/\/radioinfinitagoya.com.ar\/v1\/#website\",\"url\":\"https:\/\/radioinfinitagoya.com.ar\/v1\/\",\"name\":\"radioinfinitagoya.com.ar\",\"description\":\"Radio de noticias\",\"publisher\":{\"@id\":\"https:\/\/radioinfinitagoya.com.ar\/v1\/#organization\"},\"potentialAction\":[{\"@type\":\"SearchAction\",\"target\":{\"@type\":\"EntryPoint\",\"urlTemplate\":\"https:\/\/radioinfinitagoya.com.ar\/v1\/?s={search_term_string}\"},\"query-input\":{\"@type\":\"PropertyValueSpecification\",\"valueRequired\":true,\"valueName\":\"search_term_string\"}}],\"inLanguage\":\"es-AR\"},{\"@type\":\"Organization\",\"@id\":\"https:\/\/radioinfinitagoya.com.ar\/v1\/#organization\",\"name\":\"Radio Infinita Goya\",\"url\":\"https:\/\/radioinfinitagoya.com.ar\/v1\/\",\"logo\":{\"@type\":\"ImageObject\",\"inLanguage\":\"es-AR\",\"@id\":\"https:\/\/radioinfinitagoya.com.ar\/v1\/#\/schema\/logo\/image\/\",\"url\":\"https:\/\/radioinfinitagoya.com.ar\/v1\/wp-content\/uploads\/2019\/11\/logo-pie-web.png\",\"contentUrl\":\"https:\/\/radioinfinitagoya.com.ar\/v1\/wp-content\/uploads\/2019\/11\/logo-pie-web.png\",\"width\":635,\"height\":326,\"caption\":\"Radio Infinita Goya\"},\"image\":{\"@id\":\"https:\/\/radioinfinitagoya.com.ar\/v1\/#\/schema\/logo\/image\/\"},\"sameAs\":[\"https:\/\/www.facebook.com\/p\/Infinita-Goya-100063870918311\/\"]},{\"@type\":\"Person\",\"@id\":\"https:\/\/radioinfinitagoya.com.ar\/v1\/#\/schema\/person\/d4cf9c413d4f6edb24aabdccab49ca4a\",\"name\":\"Jorge Mi\u00f1o\",\"image\":{\"@type\":\"ImageObject\",\"inLanguage\":\"es-AR\",\"@id\":\"https:\/\/secure.gravatar.com\/avatar\/910fcf6728fe95320e07a6643c1581fec1c7fc4bf8ae12e3d8f0d0373dc844be?s=96&d=mm&r=g\",\"url\":\"https:\/\/secure.gravatar.com\/avatar\/910fcf6728fe95320e07a6643c1581fec1c7fc4bf8ae12e3d8f0d0373dc844be?s=96&d=mm&r=g\",\"contentUrl\":\"https:\/\/secure.gravatar.com\/avatar\/910fcf6728fe95320e07a6643c1581fec1c7fc4bf8ae12e3d8f0d0373dc844be?s=96&d=mm&r=g\",\"caption\":\"Jorge Mi\u00f1o\"},\"sameAs\":[\"http:\/\/radioinfinitagoya.com.ar\"]}]}<\/script>\n<!-- \/ Yoast SEO plugin. -->","yoast_head_json":{"title":"La UBA asegur\u00f3 que deber\u00e1 recortar los gastos y que funcionar\u00e1 \"en estado cr\u00edtico\" - Radio Infinita Goya","description":"El rector de la casa de altos estudios, Ricardo Gelpi, les pidi\u00f3 a los legisladores que \"rechacen el veto presidencial\". Luego del veto de Javier Milei a","robots":{"index":"index","follow":"follow","max-snippet":"max-snippet:-1","max-image-preview":"max-image-preview:large","max-video-preview":"max-video-preview:-1"},"canonical":"https:\/\/radioinfinitagoya.com.ar\/v1\/2025\/09\/11\/la-uba-aseguro-que-debera-recortar-los-gastos-y-que-funcionara-en-estado-critico\/","og_locale":"es_ES","og_type":"article","og_title":"La UBA asegur\u00f3 que deber\u00e1 recortar los gastos y que funcionar\u00e1 \"en estado cr\u00edtico\" - Radio Infinita Goya","og_description":"El rector de la casa de altos estudios, Ricardo Gelpi, les pidi\u00f3 a los legisladores que \"rechacen el veto presidencial\". Luego del veto de Javier Milei a","og_url":"https:\/\/radioinfinitagoya.com.ar\/v1\/2025\/09\/11\/la-uba-aseguro-que-debera-recortar-los-gastos-y-que-funcionara-en-estado-critico\/","og_site_name":"Radio Infinita Goya","article_publisher":"https:\/\/www.facebook.com\/p\/Infinita-Goya-100063870918311\/","article_published_time":"2025-09-11T20:47:18+00:00","og_image":[{"width":602,"height":450,"url":"https:\/\/radioinfinitagoya.com.ar\/v1\/wp-content\/uploads\/2025\/09\/QCjk6NSl.jpg","type":"image\/jpeg"}],"author":"Jorge Mi\u00f1o","twitter_card":"summary_large_image","twitter_misc":{"Escrito por":"Jorge Mi\u00f1o","Tiempo de lectura":"3 minutos"},"schema":{"@context":"https:\/\/schema.org","@graph":[{"@type":"Article","@id":"https:\/\/radioinfinitagoya.com.ar\/v1\/2025\/09\/11\/la-uba-aseguro-que-debera-recortar-los-gastos-y-que-funcionara-en-estado-critico\/#article","isPartOf":{"@id":"https:\/\/radioinfinitagoya.com.ar\/v1\/2025\/09\/11\/la-uba-aseguro-que-debera-recortar-los-gastos-y-que-funcionara-en-estado-critico\/"},"author":{"name":"Jorge Mi\u00f1o","@id":"https:\/\/radioinfinitagoya.com.ar\/v1\/#\/schema\/person\/d4cf9c413d4f6edb24aabdccab49ca4a"},"headline":"La UBA asegur\u00f3 que deber\u00e1 recortar los gastos y que funcionar\u00e1 &#8220;en estado cr\u00edtico&#8221;","datePublished":"2025-09-11T20:47:18+00:00","mainEntityOfPage":{"@id":"https:\/\/radioinfinitagoya.com.ar\/v1\/2025\/09\/11\/la-uba-aseguro-que-debera-recortar-los-gastos-y-que-funcionara-en-estado-critico\/"},"wordCount":634,"publisher":{"@id":"https:\/\/radioinfinitagoya.com.ar\/v1\/#organization"},"image":{"@id":"https:\/\/radioinfinitagoya.com.ar\/v1\/2025\/09\/11\/la-uba-aseguro-que-debera-recortar-los-gastos-y-que-funcionara-en-estado-critico\/#primaryimage"},"thumbnailUrl":"https:\/\/radioinfinitagoya.com.ar\/v1\/wp-content\/uploads\/2025\/09\/QCjk6NSl.jpg","articleSection":["NACIONALES"],"inLanguage":"es-AR"},{"@type":"WebPage","@id":"https:\/\/radioinfinitagoya.com.ar\/v1\/2025\/09\/11\/la-uba-aseguro-que-debera-recortar-los-gastos-y-que-funcionara-en-estado-critico\/","url":"https:\/\/radioinfinitagoya.com.ar\/v1\/2025\/09\/11\/la-uba-aseguro-que-debera-recortar-los-gastos-y-que-funcionara-en-estado-critico\/","name":"La UBA asegur\u00f3 que deber\u00e1 recortar los gastos y que funcionar\u00e1 \"en estado cr\u00edtico\" - Radio Infinita Goya","isPartOf":{"@id":"https:\/\/radioinfinitagoya.com.ar\/v1\/#website"},"primaryImageOfPage":{"@id":"https:\/\/radioinfinitagoya.com.ar\/v1\/2025\/09\/11\/la-uba-aseguro-que-debera-recortar-los-gastos-y-que-funcionara-en-estado-critico\/#primaryimage"},"image":{"@id":"https:\/\/radioinfinitagoya.com.ar\/v1\/2025\/09\/11\/la-uba-aseguro-que-debera-recortar-los-gastos-y-que-funcionara-en-estado-critico\/#primaryimage"},"thumbnailUrl":"https:\/\/radioinfinitagoya.com.ar\/v1\/wp-content\/uploads\/2025\/09\/QCjk6NSl.jpg","datePublished":"2025-09-11T20:47:18+00:00","description":"El rector de la casa de altos estudios, Ricardo Gelpi, les pidi\u00f3 a los legisladores que \"rechacen el veto presidencial\". Luego del veto de Javier Milei a","breadcrumb":{"@id":"https:\/\/radioinfinitagoya.com.ar\/v1\/2025\/09\/11\/la-uba-aseguro-que-debera-recortar-los-gastos-y-que-funcionara-en-estado-critico\/#breadcrumb"},"inLanguage":"es-AR","potentialAction":[{"@type":"ReadAction","target":["https:\/\/radioinfinitagoya.com.ar\/v1\/2025\/09\/11\/la-uba-aseguro-que-debera-recortar-los-gastos-y-que-funcionara-en-estado-critico\/"]}]},{"@type":"ImageObject","inLanguage":"es-AR","@id":"https:\/\/radioinfinitagoya.com.ar\/v1\/2025\/09\/11\/la-uba-aseguro-que-debera-recortar-los-gastos-y-que-funcionara-en-estado-critico\/#primaryimage","url":"https:\/\/radioinfinitagoya.com.ar\/v1\/wp-content\/uploads\/2025\/09\/QCjk6NSl.jpg","contentUrl":"https:\/\/radioinfinitagoya.com.ar\/v1\/wp-content\/uploads\/2025\/09\/QCjk6NSl.jpg","width":602,"height":450},{"@type":"BreadcrumbList","@id":"https:\/\/radioinfinitagoya.com.ar\/v1\/2025\/09\/11\/la-uba-aseguro-que-debera-recortar-los-gastos-y-que-funcionara-en-estado-critico\/#breadcrumb","itemListElement":[{"@type":"ListItem","position":1,"name":"Inicio","item":"https:\/\/radioinfinitagoya.com.ar\/v1\/"},{"@type":"ListItem","position":2,"name":"La UBA asegur\u00f3 que deber\u00e1 recortar los gastos y que funcionar\u00e1 &#8220;en estado cr\u00edtico&#8221;"}]},{"@type":"WebSite","@id":"https:\/\/radioinfinitagoya.com.ar\/v1\/#website","url":"https:\/\/radioinfinitagoya.com.ar\/v1\/","name":"radioinfinitagoya.com.ar","description":"Radio de noticias","publisher":{"@id":"https:\/\/radioinfinitagoya.com.ar\/v1\/#organization"},"potentialAction":[{"@type":"SearchAction","target":{"@type":"EntryPoint","urlTemplate":"https:\/\/radioinfinitagoya.com.ar\/v1\/?s={search_term_string}"},"query-input":{"@type":"PropertyValueSpecification","valueRequired":true,"valueName":"search_term_string"}}],"inLanguage":"es-AR"},{"@type":"Organization","@id":"https:\/\/radioinfinitagoya.com.ar\/v1\/#organization","name":"Radio Infinita Goya","url":"https:\/\/radioinfinitagoya.com.ar\/v1\/","logo":{"@type":"ImageObject","inLanguage":"es-AR","@id":"https:\/\/radioinfinitagoya.com.ar\/v1\/#\/schema\/logo\/image\/","url":"https:\/\/radioinfinitagoya.com.ar\/v1\/wp-content\/uploads\/2019\/11\/logo-pie-web.png","contentUrl":"https:\/\/radioinfinitagoya.com.ar\/v1\/wp-content\/uploads\/2019\/11\/logo-pie-web.png","width":635,"height":326,"caption":"Radio Infinita Goya"},"image":{"@id":"https:\/\/radioinfinitagoya.com.ar\/v1\/#\/schema\/logo\/image\/"},"sameAs":["https:\/\/www.facebook.com\/p\/Infinita-Goya-100063870918311\/"]},{"@type":"Person","@id":"https:\/\/radioinfinitagoya.com.ar\/v1\/#\/schema\/person\/d4cf9c413d4f6edb24aabdccab49ca4a","name":"Jorge Mi\u00f1o","image":{"@type":"ImageObject","inLanguage":"es-AR","@id":"https:\/\/secure.gravatar.com\/avatar\/910fcf6728fe95320e07a6643c1581fec1c7fc4bf8ae12e3d8f0d0373dc844be?s=96&d=mm&r=g","url":"https:\/\/secure.gravatar.com\/avatar\/910fcf6728fe95320e07a6643c1581fec1c7fc4bf8ae12e3d8f0d0373dc844be?s=96&d=mm&r=g","contentUrl":"https:\/\/secure.gravatar.com\/avatar\/910fcf6728fe95320e07a6643c1581fec1c7fc4bf8ae12e3d8f0d0373dc844be?s=96&d=mm&r=g","caption":"Jorge Mi\u00f1o"},"sameAs":["http:\/\/radioinfinitagoya.com.ar"]}]}},"_links":{"self":[{"href":"https:\/\/radioinfinitagoya.com.ar\/v1\/wp-json\/wp\/v2\/posts\/195755","targetHints":{"allow":["GET"]}}],"collection":[{"href":"https:\/\/radioinfinitagoya.com.ar\/v1\/wp-json\/wp\/v2\/posts"}],"about":[{"href":"https:\/\/radioinfinitagoya.com.ar\/v1\/wp-json\/wp\/v2\/types\/post"}],"author":[{"embeddable":true,"href":"https:\/\/radioinfinitagoya.com.ar\/v1\/wp-json\/wp\/v2\/users\/4"}],"replies":[{"embeddable":true,"href":"https:\/\/radioinfinitagoya.com.ar\/v1\/wp-json\/wp\/v2\/comments?post=195755"}],"version-history":[{"count":0,"href":"https:\/\/radioinfinitagoya.com.ar\/v1\/wp-json\/wp\/v2\/posts\/195755\/revisions"}],"wp:featuredmedia":[{"embeddable":true,"href":"https:\/\/radioinfinitagoya.com.ar\/v1\/wp-json\/wp\/v2\/media\/195756"}],"wp:attachment":[{"href":"https:\/\/radioinfinitagoya.com.ar\/v1\/wp-json\/wp\/v2\/media?parent=195755"}],"wp:term":[{"taxonomy":"category","embeddable":true,"href":"https:\/\/radioinfinitagoya.com.ar\/v1\/wp-json\/wp\/v2\/categories?post=195755"},{"taxonomy":"post_tag","embeddable":true,"href":"https:\/\/radioinfinitagoya.com.ar\/v1\/wp-json\/wp\/v2\/tags?post=195755"}],"curies":[{"name":"wp","href":"https:\/\/api.w.org\/{rel}","templated":true}]}}