{"id":195762,"date":"2025-09-11T17:54:07","date_gmt":"2025-09-11T20:54:07","guid":{"rendered":"https:\/\/radioinfinitagoya.com.ar\/v1\/?p=195762"},"modified":"2025-09-11T17:54:07","modified_gmt":"2025-09-11T20:54:07","slug":"running-en-corrientes-el-rural-trail-se-prepara-para-su-sexta-fecha","status":"publish","type":"post","link":"https:\/\/radioinfinitagoya.com.ar\/v1\/2025\/09\/11\/running-en-corrientes-el-rural-trail-se-prepara-para-su-sexta-fecha\/","title":{"rendered":"Running en Corrientes: el Rural Trail se prepara para su sexta fecha"},"content":{"rendered":"<p>M\u00e1s de 200 atletas participar\u00e1n este domingo 14 de septiembre en el evento de running que forma parte del Circuito Correntino. La prueba, que ofrece distintas distancias, busca promover el deporte en el interior de la provincia.<\/p>\n<p>Se celebrar\u00e1 este domingo el Rural Trail \u201cUniendo Pueblos\u201d, una competencia de running que conectar\u00e1 las localidades correntinas de Gobernador Mart\u00ednez y Yatay T\u00ed Calle.<\/p>\n<p>El evento, que forma parte de la sexta fecha del Circuito Correntino de Running, contar\u00e1 con la participaci\u00f3n de m\u00e1s de 200 competidores en las distancias de 30, 21, 14 y 7 kil\u00f3metros.<\/p>\n<p>La organizadora, Patricia Flores, inform\u00f3 que la prueba dar\u00e1 inicio a las 7:30 en la estancia \u201cLa Correntina\u201d. Esta edici\u00f3n ser\u00e1 especial, ya que contar\u00e1 con la presencia de un atleta ciego y de \u201cEl Gaucho\u201d, un corredor de Buenos Aires conocido por competir en alpargatas y boina.<\/p>\n<p>Carrera infantil inclusiva y apoyo provincial<\/p>\n<p>Adem\u00e1s de la competencia principal, el s\u00e1bado 13 se llevar\u00e1 a cabo una carrera infantil inclusiva en la plaza central de Gobernador Mart\u00ednez. El evento, que se coordina con la Fundaci\u00f3n Peque\u00f1os Pasos de Santa Luc\u00eda, espera la participaci\u00f3n de 130 ni\u00f1os de distintas edades.<\/p>\n<p>Flores destac\u00f3 el apoyo de la Secretar\u00eda de Deportes del Gobierno de la Provincia y subray\u00f3 que el objetivo principal del evento es \u201cllevar el deporte a los pueblos del interior para promover el bienestar y la salud\u201d.<\/p>\n<p>&nbsp;<\/p>\n","protected":false},"excerpt":{"rendered":"<p>M\u00e1s de 200 atletas participar\u00e1n este domingo 14 de septiembre en el evento de running que forma parte del Circuito Correntino. La prueba, que ofrece distintas distancias, busca promover el deporte en el interior de la provincia. Se celebrar\u00e1 este domingo el Rural Trail \u201cUniendo Pueblos\u201d, una competencia de running que conectar\u00e1 las localidades correntinas [&hellip;]<\/p>\n","protected":false},"author":4,"featured_media":195763,"comment_status":"closed","ping_status":"closed","sticky":false,"template":"","format":"standard","meta":{"_joinchat":[],"footnotes":""},"categories":[28],"tags":[],"class_list":{"0":"post-195762","1":"post","2":"type-post","3":"status-publish","4":"format-standard","5":"has-post-thumbnail","7":"category-deportes"},"yoast_head":"<!-- This site is optimized with the Yoast SEO plugin v27.2 - https:\/\/yoast.com\/product\/yoast-seo-wordpress\/ -->\n<title>Running en Corrientes: el Rural Trail se prepara para su sexta fecha - Radio Infinita Goya<\/title>\n<meta name=\"description\" content=\"M\u00e1s de 200 atletas participar\u00e1n este domingo 14 de septiembre en el evento de running que forma parte del Circuito Correntino. La prueba, que ofrece\" \/>\n<meta name=\"robots\" content=\"index, follow, max-snippet:-1, max-image-preview:large, max-video-preview:-1\" \/>\n<link rel=\"canonical\" href=\"https:\/\/radioinfinitagoya.com.ar\/v1\/2025\/09\/11\/running-en-corrientes-el-rural-trail-se-prepara-para-su-sexta-fecha\/\" \/>\n<meta property=\"og:locale\" content=\"es_ES\" \/>\n<meta property=\"og:type\" content=\"article\" \/>\n<meta property=\"og:title\" content=\"Running en Corrientes: el Rural Trail se prepara para su sexta fecha - Radio Infinita Goya\" \/>\n<meta property=\"og:description\" content=\"M\u00e1s de 200 atletas participar\u00e1n este domingo 14 de septiembre en el evento de running que forma parte del Circuito Correntino. La prueba, que ofrece\" \/>\n<meta property=\"og:url\" content=\"https:\/\/radioinfinitagoya.com.ar\/v1\/2025\/09\/11\/running-en-corrientes-el-rural-trail-se-prepara-para-su-sexta-fecha\/\" \/>\n<meta property=\"og:site_name\" content=\"Radio Infinita Goya\" \/>\n<meta property=\"article:publisher\" content=\"https:\/\/www.facebook.com\/p\/Infinita-Goya-100063870918311\/\" \/>\n<meta property=\"article:published_time\" content=\"2025-09-11T20:54:07+00:00\" \/>\n<meta property=\"og:image\" content=\"https:\/\/radioinfinitagoya.com.ar\/v1\/wp-content\/uploads\/2025\/09\/1757623050565.webp\" \/>\n\t<meta property=\"og:image:width\" content=\"1200\" \/>\n\t<meta property=\"og:image:height\" content=\"675\" \/>\n\t<meta property=\"og:image:type\" content=\"image\/webp\" \/>\n<meta name=\"author\" content=\"Jorge Mi\u00f1o\" \/>\n<meta name=\"twitter:card\" content=\"summary_large_image\" \/>\n<meta name=\"twitter:label1\" content=\"Escrito por\" \/>\n\t<meta name=\"twitter:data1\" content=\"Jorge Mi\u00f1o\" \/>\n\t<meta name=\"twitter:label2\" content=\"Tiempo de lectura\" \/>\n\t<meta name=\"twitter:data2\" content=\"2 minutos\" \/>\n<script type=\"application\/ld+json\" class=\"yoast-schema-graph\">{\"@context\":\"https:\/\/schema.org\",\"@graph\":[{\"@type\":\"Article\",\"@id\":\"https:\/\/radioinfinitagoya.com.ar\/v1\/2025\/09\/11\/running-en-corrientes-el-rural-trail-se-prepara-para-su-sexta-fecha\/#article\",\"isPartOf\":{\"@id\":\"https:\/\/radioinfinitagoya.com.ar\/v1\/2025\/09\/11\/running-en-corrientes-el-rural-trail-se-prepara-para-su-sexta-fecha\/\"},\"author\":{\"name\":\"Jorge Mi\u00f1o\",\"@id\":\"https:\/\/radioinfinitagoya.com.ar\/v1\/#\/schema\/person\/d4cf9c413d4f6edb24aabdccab49ca4a\"},\"headline\":\"Running en Corrientes: el Rural Trail se prepara para su sexta fecha\",\"datePublished\":\"2025-09-11T20:54:07+00:00\",\"mainEntityOfPage\":{\"@id\":\"https:\/\/radioinfinitagoya.com.ar\/v1\/2025\/09\/11\/running-en-corrientes-el-rural-trail-se-prepara-para-su-sexta-fecha\/\"},\"wordCount\":251,\"publisher\":{\"@id\":\"https:\/\/radioinfinitagoya.com.ar\/v1\/#organization\"},\"image\":{\"@id\":\"https:\/\/radioinfinitagoya.com.ar\/v1\/2025\/09\/11\/running-en-corrientes-el-rural-trail-se-prepara-para-su-sexta-fecha\/#primaryimage\"},\"thumbnailUrl\":\"https:\/\/radioinfinitagoya.com.ar\/v1\/wp-content\/uploads\/2025\/09\/1757623050565.webp\",\"articleSection\":[\"DEPORTES\"],\"inLanguage\":\"es-AR\"},{\"@type\":\"WebPage\",\"@id\":\"https:\/\/radioinfinitagoya.com.ar\/v1\/2025\/09\/11\/running-en-corrientes-el-rural-trail-se-prepara-para-su-sexta-fecha\/\",\"url\":\"https:\/\/radioinfinitagoya.com.ar\/v1\/2025\/09\/11\/running-en-corrientes-el-rural-trail-se-prepara-para-su-sexta-fecha\/\",\"name\":\"Running en Corrientes: el Rural Trail se prepara para su sexta fecha - Radio Infinita Goya\",\"isPartOf\":{\"@id\":\"https:\/\/radioinfinitagoya.com.ar\/v1\/#website\"},\"primaryImageOfPage\":{\"@id\":\"https:\/\/radioinfinitagoya.com.ar\/v1\/2025\/09\/11\/running-en-corrientes-el-rural-trail-se-prepara-para-su-sexta-fecha\/#primaryimage\"},\"image\":{\"@id\":\"https:\/\/radioinfinitagoya.com.ar\/v1\/2025\/09\/11\/running-en-corrientes-el-rural-trail-se-prepara-para-su-sexta-fecha\/#primaryimage\"},\"thumbnailUrl\":\"https:\/\/radioinfinitagoya.com.ar\/v1\/wp-content\/uploads\/2025\/09\/1757623050565.webp\",\"datePublished\":\"2025-09-11T20:54:07+00:00\",\"description\":\"M\u00e1s de 200 atletas participar\u00e1n este domingo 14 de septiembre en el evento de running que forma parte del Circuito Correntino. La prueba, que ofrece\",\"breadcrumb\":{\"@id\":\"https:\/\/radioinfinitagoya.com.ar\/v1\/2025\/09\/11\/running-en-corrientes-el-rural-trail-se-prepara-para-su-sexta-fecha\/#breadcrumb\"},\"inLanguage\":\"es-AR\",\"potentialAction\":[{\"@type\":\"ReadAction\",\"target\":[\"https:\/\/radioinfinitagoya.com.ar\/v1\/2025\/09\/11\/running-en-corrientes-el-rural-trail-se-prepara-para-su-sexta-fecha\/\"]}]},{\"@type\":\"ImageObject\",\"inLanguage\":\"es-AR\",\"@id\":\"https:\/\/radioinfinitagoya.com.ar\/v1\/2025\/09\/11\/running-en-corrientes-el-rural-trail-se-prepara-para-su-sexta-fecha\/#primaryimage\",\"url\":\"https:\/\/radioinfinitagoya.com.ar\/v1\/wp-content\/uploads\/2025\/09\/1757623050565.webp\",\"contentUrl\":\"https:\/\/radioinfinitagoya.com.ar\/v1\/wp-content\/uploads\/2025\/09\/1757623050565.webp\",\"width\":1200,\"height\":675},{\"@type\":\"BreadcrumbList\",\"@id\":\"https:\/\/radioinfinitagoya.com.ar\/v1\/2025\/09\/11\/running-en-corrientes-el-rural-trail-se-prepara-para-su-sexta-fecha\/#breadcrumb\",\"itemListElement\":[{\"@type\":\"ListItem\",\"position\":1,\"name\":\"Inicio\",\"item\":\"https:\/\/radioinfinitagoya.com.ar\/v1\/\"},{\"@type\":\"ListItem\",\"position\":2,\"name\":\"Running en Corrientes: el Rural Trail se prepara para su sexta fecha\"}]},{\"@type\":\"WebSite\",\"@id\":\"https:\/\/radioinfinitagoya.com.ar\/v1\/#website\",\"url\":\"https:\/\/radioinfinitagoya.com.ar\/v1\/\",\"name\":\"radioinfinitagoya.com.ar\",\"description\":\"Radio de noticias\",\"publisher\":{\"@id\":\"https:\/\/radioinfinitagoya.com.ar\/v1\/#organization\"},\"potentialAction\":[{\"@type\":\"SearchAction\",\"target\":{\"@type\":\"EntryPoint\",\"urlTemplate\":\"https:\/\/radioinfinitagoya.com.ar\/v1\/?s={search_term_string}\"},\"query-input\":{\"@type\":\"PropertyValueSpecification\",\"valueRequired\":true,\"valueName\":\"search_term_string\"}}],\"inLanguage\":\"es-AR\"},{\"@type\":\"Organization\",\"@id\":\"https:\/\/radioinfinitagoya.com.ar\/v1\/#organization\",\"name\":\"Radio Infinita Goya\",\"url\":\"https:\/\/radioinfinitagoya.com.ar\/v1\/\",\"logo\":{\"@type\":\"ImageObject\",\"inLanguage\":\"es-AR\",\"@id\":\"https:\/\/radioinfinitagoya.com.ar\/v1\/#\/schema\/logo\/image\/\",\"url\":\"https:\/\/radioinfinitagoya.com.ar\/v1\/wp-content\/uploads\/2019\/11\/logo-pie-web.png\",\"contentUrl\":\"https:\/\/radioinfinitagoya.com.ar\/v1\/wp-content\/uploads\/2019\/11\/logo-pie-web.png\",\"width\":635,\"height\":326,\"caption\":\"Radio Infinita Goya\"},\"image\":{\"@id\":\"https:\/\/radioinfinitagoya.com.ar\/v1\/#\/schema\/logo\/image\/\"},\"sameAs\":[\"https:\/\/www.facebook.com\/p\/Infinita-Goya-100063870918311\/\"]},{\"@type\":\"Person\",\"@id\":\"https:\/\/radioinfinitagoya.com.ar\/v1\/#\/schema\/person\/d4cf9c413d4f6edb24aabdccab49ca4a\",\"name\":\"Jorge Mi\u00f1o\",\"image\":{\"@type\":\"ImageObject\",\"inLanguage\":\"es-AR\",\"@id\":\"https:\/\/secure.gravatar.com\/avatar\/910fcf6728fe95320e07a6643c1581fec1c7fc4bf8ae12e3d8f0d0373dc844be?s=96&d=mm&r=g\",\"url\":\"https:\/\/secure.gravatar.com\/avatar\/910fcf6728fe95320e07a6643c1581fec1c7fc4bf8ae12e3d8f0d0373dc844be?s=96&d=mm&r=g\",\"contentUrl\":\"https:\/\/secure.gravatar.com\/avatar\/910fcf6728fe95320e07a6643c1581fec1c7fc4bf8ae12e3d8f0d0373dc844be?s=96&d=mm&r=g\",\"caption\":\"Jorge Mi\u00f1o\"},\"sameAs\":[\"http:\/\/radioinfinitagoya.com.ar\"]}]}<\/script>\n<!-- \/ Yoast SEO plugin. -->","yoast_head_json":{"title":"Running en Corrientes: el Rural Trail se prepara para su sexta fecha - Radio Infinita Goya","description":"M\u00e1s de 200 atletas participar\u00e1n este domingo 14 de septiembre en el evento de running que forma parte del Circuito Correntino. La prueba, que ofrece","robots":{"index":"index","follow":"follow","max-snippet":"max-snippet:-1","max-image-preview":"max-image-preview:large","max-video-preview":"max-video-preview:-1"},"canonical":"https:\/\/radioinfinitagoya.com.ar\/v1\/2025\/09\/11\/running-en-corrientes-el-rural-trail-se-prepara-para-su-sexta-fecha\/","og_locale":"es_ES","og_type":"article","og_title":"Running en Corrientes: el Rural Trail se prepara para su sexta fecha - Radio Infinita Goya","og_description":"M\u00e1s de 200 atletas participar\u00e1n este domingo 14 de septiembre en el evento de running que forma parte del Circuito Correntino. La prueba, que ofrece","og_url":"https:\/\/radioinfinitagoya.com.ar\/v1\/2025\/09\/11\/running-en-corrientes-el-rural-trail-se-prepara-para-su-sexta-fecha\/","og_site_name":"Radio Infinita Goya","article_publisher":"https:\/\/www.facebook.com\/p\/Infinita-Goya-100063870918311\/","article_published_time":"2025-09-11T20:54:07+00:00","og_image":[{"width":1200,"height":675,"url":"https:\/\/radioinfinitagoya.com.ar\/v1\/wp-content\/uploads\/2025\/09\/1757623050565.webp","type":"image\/webp"}],"author":"Jorge Mi\u00f1o","twitter_card":"summary_large_image","twitter_misc":{"Escrito por":"Jorge Mi\u00f1o","Tiempo de lectura":"2 minutos"},"schema":{"@context":"https:\/\/schema.org","@graph":[{"@type":"Article","@id":"https:\/\/radioinfinitagoya.com.ar\/v1\/2025\/09\/11\/running-en-corrientes-el-rural-trail-se-prepara-para-su-sexta-fecha\/#article","isPartOf":{"@id":"https:\/\/radioinfinitagoya.com.ar\/v1\/2025\/09\/11\/running-en-corrientes-el-rural-trail-se-prepara-para-su-sexta-fecha\/"},"author":{"name":"Jorge Mi\u00f1o","@id":"https:\/\/radioinfinitagoya.com.ar\/v1\/#\/schema\/person\/d4cf9c413d4f6edb24aabdccab49ca4a"},"headline":"Running en Corrientes: el Rural Trail se prepara para su sexta fecha","datePublished":"2025-09-11T20:54:07+00:00","mainEntityOfPage":{"@id":"https:\/\/radioinfinitagoya.com.ar\/v1\/2025\/09\/11\/running-en-corrientes-el-rural-trail-se-prepara-para-su-sexta-fecha\/"},"wordCount":251,"publisher":{"@id":"https:\/\/radioinfinitagoya.com.ar\/v1\/#organization"},"image":{"@id":"https:\/\/radioinfinitagoya.com.ar\/v1\/2025\/09\/11\/running-en-corrientes-el-rural-trail-se-prepara-para-su-sexta-fecha\/#primaryimage"},"thumbnailUrl":"https:\/\/radioinfinitagoya.com.ar\/v1\/wp-content\/uploads\/2025\/09\/1757623050565.webp","articleSection":["DEPORTES"],"inLanguage":"es-AR"},{"@type":"WebPage","@id":"https:\/\/radioinfinitagoya.com.ar\/v1\/2025\/09\/11\/running-en-corrientes-el-rural-trail-se-prepara-para-su-sexta-fecha\/","url":"https:\/\/radioinfinitagoya.com.ar\/v1\/2025\/09\/11\/running-en-corrientes-el-rural-trail-se-prepara-para-su-sexta-fecha\/","name":"Running en Corrientes: el Rural Trail se prepara para su sexta fecha - Radio Infinita Goya","isPartOf":{"@id":"https:\/\/radioinfinitagoya.com.ar\/v1\/#website"},"primaryImageOfPage":{"@id":"https:\/\/radioinfinitagoya.com.ar\/v1\/2025\/09\/11\/running-en-corrientes-el-rural-trail-se-prepara-para-su-sexta-fecha\/#primaryimage"},"image":{"@id":"https:\/\/radioinfinitagoya.com.ar\/v1\/2025\/09\/11\/running-en-corrientes-el-rural-trail-se-prepara-para-su-sexta-fecha\/#primaryimage"},"thumbnailUrl":"https:\/\/radioinfinitagoya.com.ar\/v1\/wp-content\/uploads\/2025\/09\/1757623050565.webp","datePublished":"2025-09-11T20:54:07+00:00","description":"M\u00e1s de 200 atletas participar\u00e1n este domingo 14 de septiembre en el evento de running que forma parte del Circuito Correntino. La prueba, que ofrece","breadcrumb":{"@id":"https:\/\/radioinfinitagoya.com.ar\/v1\/2025\/09\/11\/running-en-corrientes-el-rural-trail-se-prepara-para-su-sexta-fecha\/#breadcrumb"},"inLanguage":"es-AR","potentialAction":[{"@type":"ReadAction","target":["https:\/\/radioinfinitagoya.com.ar\/v1\/2025\/09\/11\/running-en-corrientes-el-rural-trail-se-prepara-para-su-sexta-fecha\/"]}]},{"@type":"ImageObject","inLanguage":"es-AR","@id":"https:\/\/radioinfinitagoya.com.ar\/v1\/2025\/09\/11\/running-en-corrientes-el-rural-trail-se-prepara-para-su-sexta-fecha\/#primaryimage","url":"https:\/\/radioinfinitagoya.com.ar\/v1\/wp-content\/uploads\/2025\/09\/1757623050565.webp","contentUrl":"https:\/\/radioinfinitagoya.com.ar\/v1\/wp-content\/uploads\/2025\/09\/1757623050565.webp","width":1200,"height":675},{"@type":"BreadcrumbList","@id":"https:\/\/radioinfinitagoya.com.ar\/v1\/2025\/09\/11\/running-en-corrientes-el-rural-trail-se-prepara-para-su-sexta-fecha\/#breadcrumb","itemListElement":[{"@type":"ListItem","position":1,"name":"Inicio","item":"https:\/\/radioinfinitagoya.com.ar\/v1\/"},{"@type":"ListItem","position":2,"name":"Running en Corrientes: el Rural Trail se prepara para su sexta fecha"}]},{"@type":"WebSite","@id":"https:\/\/radioinfinitagoya.com.ar\/v1\/#website","url":"https:\/\/radioinfinitagoya.com.ar\/v1\/","name":"radioinfinitagoya.com.ar","description":"Radio de noticias","publisher":{"@id":"https:\/\/radioinfinitagoya.com.ar\/v1\/#organization"},"potentialAction":[{"@type":"SearchAction","target":{"@type":"EntryPoint","urlTemplate":"https:\/\/radioinfinitagoya.com.ar\/v1\/?s={search_term_string}"},"query-input":{"@type":"PropertyValueSpecification","valueRequired":true,"valueName":"search_term_string"}}],"inLanguage":"es-AR"},{"@type":"Organization","@id":"https:\/\/radioinfinitagoya.com.ar\/v1\/#organization","name":"Radio Infinita Goya","url":"https:\/\/radioinfinitagoya.com.ar\/v1\/","logo":{"@type":"ImageObject","inLanguage":"es-AR","@id":"https:\/\/radioinfinitagoya.com.ar\/v1\/#\/schema\/logo\/image\/","url":"https:\/\/radioinfinitagoya.com.ar\/v1\/wp-content\/uploads\/2019\/11\/logo-pie-web.png","contentUrl":"https:\/\/radioinfinitagoya.com.ar\/v1\/wp-content\/uploads\/2019\/11\/logo-pie-web.png","width":635,"height":326,"caption":"Radio Infinita Goya"},"image":{"@id":"https:\/\/radioinfinitagoya.com.ar\/v1\/#\/schema\/logo\/image\/"},"sameAs":["https:\/\/www.facebook.com\/p\/Infinita-Goya-100063870918311\/"]},{"@type":"Person","@id":"https:\/\/radioinfinitagoya.com.ar\/v1\/#\/schema\/person\/d4cf9c413d4f6edb24aabdccab49ca4a","name":"Jorge Mi\u00f1o","image":{"@type":"ImageObject","inLanguage":"es-AR","@id":"https:\/\/secure.gravatar.com\/avatar\/910fcf6728fe95320e07a6643c1581fec1c7fc4bf8ae12e3d8f0d0373dc844be?s=96&d=mm&r=g","url":"https:\/\/secure.gravatar.com\/avatar\/910fcf6728fe95320e07a6643c1581fec1c7fc4bf8ae12e3d8f0d0373dc844be?s=96&d=mm&r=g","contentUrl":"https:\/\/secure.gravatar.com\/avatar\/910fcf6728fe95320e07a6643c1581fec1c7fc4bf8ae12e3d8f0d0373dc844be?s=96&d=mm&r=g","caption":"Jorge Mi\u00f1o"},"sameAs":["http:\/\/radioinfinitagoya.com.ar"]}]}},"_links":{"self":[{"href":"https:\/\/radioinfinitagoya.com.ar\/v1\/wp-json\/wp\/v2\/posts\/195762","targetHints":{"allow":["GET"]}}],"collection":[{"href":"https:\/\/radioinfinitagoya.com.ar\/v1\/wp-json\/wp\/v2\/posts"}],"about":[{"href":"https:\/\/radioinfinitagoya.com.ar\/v1\/wp-json\/wp\/v2\/types\/post"}],"author":[{"embeddable":true,"href":"https:\/\/radioinfinitagoya.com.ar\/v1\/wp-json\/wp\/v2\/users\/4"}],"replies":[{"embeddable":true,"href":"https:\/\/radioinfinitagoya.com.ar\/v1\/wp-json\/wp\/v2\/comments?post=195762"}],"version-history":[{"count":0,"href":"https:\/\/radioinfinitagoya.com.ar\/v1\/wp-json\/wp\/v2\/posts\/195762\/revisions"}],"wp:featuredmedia":[{"embeddable":true,"href":"https:\/\/radioinfinitagoya.com.ar\/v1\/wp-json\/wp\/v2\/media\/195763"}],"wp:attachment":[{"href":"https:\/\/radioinfinitagoya.com.ar\/v1\/wp-json\/wp\/v2\/media?parent=195762"}],"wp:term":[{"taxonomy":"category","embeddable":true,"href":"https:\/\/radioinfinitagoya.com.ar\/v1\/wp-json\/wp\/v2\/categories?post=195762"},{"taxonomy":"post_tag","embeddable":true,"href":"https:\/\/radioinfinitagoya.com.ar\/v1\/wp-json\/wp\/v2\/tags?post=195762"}],"curies":[{"name":"wp","href":"https:\/\/api.w.org\/{rel}","templated":true}]}}